{"id":108610,"date":"2023-07-31T10:13:04","date_gmt":"2023-07-31T07:13:04","guid":{"rendered":"https:\/\/urbeamea.ro\/albaiulia\/?p=108610"},"modified":"2023-07-31T10:13:06","modified_gmt":"2023-07-31T07:13:06","slug":"anunt-privind-inscrierea-persoanelor-fizice-din-municipiul-sebes-in-programul-rabla-local","status":"publish","type":"post","link":"https:\/\/urbeamea.ro\/albaiulia\/anunt-privind-inscrierea-persoanelor-fizice-din-municipiul-sebes-in-programul-rabla-local\/","title":{"rendered":"Anun\u021b privind \u00eenscrierea persoanelor fizice din municipiul Sebe\u0219 \u00een Programul Rabla local"},"content":{"rendered":"\n<p>\u00cencep\u00e2nd de luni, <strong>31 iulie 2023, de la ora 10:00<\/strong>, persoanele fizice interesate din municipiul Sebe\u0219 se pot \u00eenscrie \u00een Programul Rabla local privind casarea autovehiculelor uzate, conform anun\u021bului dat de Administra\u021bia Fondului pentru Mediu (AFM), acces\u00e2nd link-ul <a href=\"https:\/\/afm.ro\/casare%20auto%20uzate.php%20\" target=\"_blank\" rel=\"noreferrer noopener\">https:\/\/afm.ro\/casare auto uzate.php<\/a>.<\/p>\n\n\n\n<p>\u00censcrierea \u00een cadrul programului se realizeaz\u0103 prin intermediul aplica\u021biei informatice puse la dispozi\u021bie de c\u0103tre AFM, p\u00e2n\u0103 pe 31 august 2023, ora 16:30 sau p\u00e2n\u0103 la epuizarea bugetului alocat fiec\u0103rei localit\u0103\u021bi validate \u00een program.<\/p>\n\n\n\n<p>Conturile de utilizator ale persoanelor fizice trebuie create anterior \u00eenscrierii \u00een aplica\u021bia AFM. Dac\u0103 exist\u0103 un cont deja creat, acesta este valabil doar dac\u0103 a fost utilizat \u00een cadrul unui program destinat persoanelor fizice (de ex. Programul \u201eCasa Verde Fotovoltaice 2023\u201d). Dac\u0103 adresa de e-mail utilizat\u0103 pentru crearea contului a fost folosit\u0103 pentru depunerea unui dosar \u00een calitate de persoan\u0103 juridic\u0103, aceasta nu poate fi folosit\u0103. \u00cen cadrul unui cont pot fi f\u0103cute \u00eenscrieri pentru un singur CNP, iar o persoan\u0103 fizic\u0103 se poate \u00eenscrie o singur\u0103 dat\u0103 \u00een aplica\u021bie.<\/p>\n\n\n\n<p>Stimulentul acordat pentru casarea \u0219i radierea unui autovehicul uzat este de 3000 de lei, din care 600 de lei sunt din fonduri proprii ale Prim\u0103riei \u0219i 2400 de lei din finan\u021barea alocat\u0103 din Fondul pentru mediu.<\/p>\n\n\n\n<p>Mai multe informa\u021bii reg\u0103si\u021bi pe site-ul Prim\u0103riei Municipiului Sebe\u0219 <a href=\"https:\/\/www.primariasebes.ro\/fara-categorie\/rabla-2023\/\" target=\"_blank\" rel=\"noreferrer noopener\">https:\/\/www.primariasebes.ro\/fara-categorie\/rabla-2023\/<\/a><\/p>\n","protected":false},"excerpt":{"rendered":"<p>\u00cencep\u00e2nd de luni, 31 iulie 2023, de la ora 10:00, persoanele fizice interesate din municipiul Sebe\u0219 se pot \u00eenscrie \u00een Programul Rabla local privind casarea autovehiculelor uzate, conform anun\u021bului dat de Administra\u021bia Fondului pentru Mediu (AFM), acces\u00e2nd link-ul https:\/\/afm.ro\/casare auto uzate.php. \u00censcrierea \u00een cadrul programului se realizeaz\u0103 prin intermediul aplica\u021biei informatice puse la dispozi\u021bie de &hellip;<\/p>\n","protected":false},"author":16,"featured_media":108611,"comment_status":"open","ping_status":"open","sticky":false,"template":"","format":"standard","meta":{"inline_featured_image":false,"footnotes":""},"categories":[2035],"tags":[],"class_list":["post-108610","post","type-post","status-publish","format-standard","has-post-thumbnail","hentry","category-administratie"],"yoast_head":"<!-- This site is optimized with the Yoast SEO plugin v27.4 - https:\/\/yoast.com\/product\/yoast-seo-wordpress\/ -->\n<title>Anun\u021b privind \u00eenscrierea persoanelor fizice din municipiul Sebe\u0219 \u00een Programul Rabla local - Revista Urbea Mea - Revista de Alba<\/title>\n<meta name=\"description\" content=\"\u00cencep\u00e2nd de luni, 31 iulie 2023, de la ora 10:00, persoanele fizice interesate din municipiul Sebe\u0219 se pot \u00eenscrie \u00een Programul Rabla local privind\" \/>\n<meta name=\"robots\" content=\"index, follow, max-snippet:-1, max-image-preview:large, max-video-preview:-1\" \/>\n<link rel=\"canonical\" href=\"https:\/\/urbeamea.ro\/albaiulia\/anunt-privind-inscrierea-persoanelor-fizice-din-municipiul-sebes-in-programul-rabla-local\/\" \/>\n<meta name=\"twitter:card\" content=\"summary_large_image\" \/>\n<meta name=\"twitter:title\" content=\"Anun\u021b privind \u00eenscrierea persoanelor fizice din municipiul Sebe\u0219 \u00een Programul Rabla local - Revista Urbea Mea - Revista de Alba\" \/>\n<meta name=\"twitter:description\" content=\"\u00cencep\u00e2nd de luni, 31 iulie 2023, de la ora 10:00, persoanele fizice interesate din municipiul Sebe\u0219 se pot \u00eenscrie \u00een Programul Rabla local privind\" \/>\n<meta name=\"twitter:image\" content=\"https:\/\/urbeamea.ro\/albaiulia\/wp-content\/uploads\/2023\/07\/programul-Rabla-2023.jpg\" \/>\n<meta name=\"twitter:creator\" content=\"@urbeameaweb\" \/>\n<meta name=\"twitter:site\" content=\"@urbeameaweb\" \/>\n<script type=\"application\/ld+json\" class=\"yoast-schema-graph\">{\"@context\":\"https:\\\/\\\/schema.org\",\"@graph\":[{\"@type\":\"Article\",\"@id\":\"https:\\\/\\\/urbeamea.ro\\\/albaiulia\\\/anunt-privind-inscrierea-persoanelor-fizice-din-municipiul-sebes-in-programul-rabla-local\\\/#article\",\"isPartOf\":{\"@id\":\"https:\\\/\\\/urbeamea.ro\\\/albaiulia\\\/anunt-privind-inscrierea-persoanelor-fizice-din-municipiul-sebes-in-programul-rabla-local\\\/\"},\"author\":{\"name\":\"Redac\u021bia UrbeaMea\",\"@id\":\"https:\\\/\\\/urbeamea.ro\\\/albaiulia\\\/#\\\/schema\\\/person\\\/272ae98052f8ee8980f59848df070247\"},\"headline\":\"Anun\u021b privind \u00eenscrierea persoanelor fizice din municipiul Sebe\u0219 \u00een Programul Rabla local\",\"datePublished\":\"2023-07-31T07:13:04+00:00\",\"dateModified\":\"2023-07-31T07:13:06+00:00\",\"mainEntityOfPage\":{\"@id\":\"https:\\\/\\\/urbeamea.ro\\\/albaiulia\\\/anunt-privind-inscrierea-persoanelor-fizice-din-municipiul-sebes-in-programul-rabla-local\\\/\"},\"wordCount\":242,\"commentCount\":0,\"image\":{\"@id\":\"https:\\\/\\\/urbeamea.ro\\\/albaiulia\\\/anunt-privind-inscrierea-persoanelor-fizice-din-municipiul-sebes-in-programul-rabla-local\\\/#primaryimage\"},\"thumbnailUrl\":\"https:\\\/\\\/urbeamea.ro\\\/albaiulia\\\/wp-content\\\/uploads\\\/2023\\\/07\\\/programul-Rabla-2023.jpg\",\"articleSection\":[\"Administra\u021bie\"],\"inLanguage\":\"ro-RO\",\"potentialAction\":[{\"@type\":\"CommentAction\",\"name\":\"Comment\",\"target\":[\"https:\\\/\\\/urbeamea.ro\\\/albaiulia\\\/anunt-privind-inscrierea-persoanelor-fizice-din-municipiul-sebes-in-programul-rabla-local\\\/#respond\"]}]},{\"@type\":\"WebPage\",\"@id\":\"https:\\\/\\\/urbeamea.ro\\\/albaiulia\\\/anunt-privind-inscrierea-persoanelor-fizice-din-municipiul-sebes-in-programul-rabla-local\\\/\",\"url\":\"https:\\\/\\\/urbeamea.ro\\\/albaiulia\\\/anunt-privind-inscrierea-persoanelor-fizice-din-municipiul-sebes-in-programul-rabla-local\\\/\",\"name\":\"Anun\u021b privind \u00eenscrierea persoanelor fizice din municipiul Sebe\u0219 \u00een Programul Rabla local - Revista Urbea Mea - Revista de Alba\",\"isPartOf\":{\"@id\":\"https:\\\/\\\/urbeamea.ro\\\/albaiulia\\\/#website\"},\"primaryImageOfPage\":{\"@id\":\"https:\\\/\\\/urbeamea.ro\\\/albaiulia\\\/anunt-privind-inscrierea-persoanelor-fizice-din-municipiul-sebes-in-programul-rabla-local\\\/#primaryimage\"},\"image\":{\"@id\":\"https:\\\/\\\/urbeamea.ro\\\/albaiulia\\\/anunt-privind-inscrierea-persoanelor-fizice-din-municipiul-sebes-in-programul-rabla-local\\\/#primaryimage\"},\"thumbnailUrl\":\"https:\\\/\\\/urbeamea.ro\\\/albaiulia\\\/wp-content\\\/uploads\\\/2023\\\/07\\\/programul-Rabla-2023.jpg\",\"datePublished\":\"2023-07-31T07:13:04+00:00\",\"dateModified\":\"2023-07-31T07:13:06+00:00\",\"author\":{\"@id\":\"https:\\\/\\\/urbeamea.ro\\\/albaiulia\\\/#\\\/schema\\\/person\\\/272ae98052f8ee8980f59848df070247\"},\"description\":\"\u00cencep\u00e2nd de luni, 31 iulie 2023, de la ora 10:00, persoanele fizice interesate din municipiul Sebe\u0219 se pot \u00eenscrie \u00een Programul Rabla local privind\",\"breadcrumb\":{\"@id\":\"https:\\\/\\\/urbeamea.ro\\\/albaiulia\\\/anunt-privind-inscrierea-persoanelor-fizice-din-municipiul-sebes-in-programul-rabla-local\\\/#breadcrumb\"},\"inLanguage\":\"ro-RO\",\"potentialAction\":[{\"@type\":\"ReadAction\",\"target\":[\"https:\\\/\\\/urbeamea.ro\\\/albaiulia\\\/anunt-privind-inscrierea-persoanelor-fizice-din-municipiul-sebes-in-programul-rabla-local\\\/\"]}]},{\"@type\":\"ImageObject\",\"inLanguage\":\"ro-RO\",\"@id\":\"https:\\\/\\\/urbeamea.ro\\\/albaiulia\\\/anunt-privind-inscrierea-persoanelor-fizice-din-municipiul-sebes-in-programul-rabla-local\\\/#primaryimage\",\"url\":\"https:\\\/\\\/urbeamea.ro\\\/albaiulia\\\/wp-content\\\/uploads\\\/2023\\\/07\\\/programul-Rabla-2023.jpg\",\"contentUrl\":\"https:\\\/\\\/urbeamea.ro\\\/albaiulia\\\/wp-content\\\/uploads\\\/2023\\\/07\\\/programul-Rabla-2023.jpg\",\"width\":1280,\"height\":720},{\"@type\":\"BreadcrumbList\",\"@id\":\"https:\\\/\\\/urbeamea.ro\\\/albaiulia\\\/anunt-privind-inscrierea-persoanelor-fizice-din-municipiul-sebes-in-programul-rabla-local\\\/#breadcrumb\",\"itemListElement\":[{\"@type\":\"ListItem\",\"position\":1,\"name\":\"Prima pagin\u0103\",\"item\":\"https:\\\/\\\/urbeamea.ro\\\/albaiulia\\\/\"},{\"@type\":\"ListItem\",\"position\":2,\"name\":\"Anun\u021b privind \u00eenscrierea persoanelor fizice din municipiul Sebe\u0219 \u00een Programul Rabla local\"}]},{\"@type\":\"WebSite\",\"@id\":\"https:\\\/\\\/urbeamea.ro\\\/albaiulia\\\/#website\",\"url\":\"https:\\\/\\\/urbeamea.ro\\\/albaiulia\\\/\",\"name\":\"Revista Urbea Mea, Stiri urbane\",\"description\":\"Evenimente \u0219i \u0219tiri din Alba Iulia, Sebe\u0219, Aiud, Blaj\",\"potentialAction\":[{\"@type\":\"SearchAction\",\"target\":{\"@type\":\"EntryPoint\",\"urlTemplate\":\"https:\\\/\\\/urbeamea.ro\\\/albaiulia\\\/?s={search_term_string}\"},\"query-input\":{\"@type\":\"PropertyValueSpecification\",\"valueRequired\":true,\"valueName\":\"search_term_string\"}}],\"inLanguage\":\"ro-RO\"},{\"@type\":\"Person\",\"@id\":\"https:\\\/\\\/urbeamea.ro\\\/albaiulia\\\/#\\\/schema\\\/person\\\/272ae98052f8ee8980f59848df070247\",\"name\":\"Redac\u021bia UrbeaMea\",\"image\":{\"@type\":\"ImageObject\",\"inLanguage\":\"ro-RO\",\"@id\":\"https:\\\/\\\/secure.gravatar.com\\\/avatar\\\/9ce5a9435071fa1037e8468053ead8e513dbbff59009d3069aadb85506d85a27?s=96&d=mm&r=g\",\"url\":\"https:\\\/\\\/secure.gravatar.com\\\/avatar\\\/9ce5a9435071fa1037e8468053ead8e513dbbff59009d3069aadb85506d85a27?s=96&d=mm&r=g\",\"contentUrl\":\"https:\\\/\\\/secure.gravatar.com\\\/avatar\\\/9ce5a9435071fa1037e8468053ead8e513dbbff59009d3069aadb85506d85a27?s=96&d=mm&r=g\",\"caption\":\"Redac\u021bia UrbeaMea\"},\"description\":\"contact@urbeamea.ro\",\"sameAs\":[\"https:\\\/\\\/www.urbeamea.ro\"],\"url\":\"https:\\\/\\\/urbeamea.ro\\\/albaiulia\\\/author\\\/redactia-urbeamea\\\/\"}]}<\/script>\n<!-- \/ Yoast SEO plugin. -->","yoast_head_json":{"title":"Anun\u021b privind \u00eenscrierea persoanelor fizice din municipiul Sebe\u0219 \u00een Programul Rabla local - Revista Urbea Mea - Revista de Alba","description":"\u00cencep\u00e2nd de luni, 31 iulie 2023, de la ora 10:00, persoanele fizice interesate din municipiul Sebe\u0219 se pot \u00eenscrie \u00een Programul Rabla local privind","robots":{"index":"index","follow":"follow","max-snippet":"max-snippet:-1","max-image-preview":"max-image-preview:large","max-video-preview":"max-video-preview:-1"},"canonical":"https:\/\/urbeamea.ro\/albaiulia\/anunt-privind-inscrierea-persoanelor-fizice-din-municipiul-sebes-in-programul-rabla-local\/","twitter_card":"summary_large_image","twitter_title":"Anun\u021b privind \u00eenscrierea persoanelor fizice din municipiul Sebe\u0219 \u00een Programul Rabla local - Revista Urbea Mea - Revista de Alba","twitter_description":"\u00cencep\u00e2nd de luni, 31 iulie 2023, de la ora 10:00, persoanele fizice interesate din municipiul Sebe\u0219 se pot \u00eenscrie \u00een Programul Rabla local privind","twitter_image":"https:\/\/urbeamea.ro\/albaiulia\/wp-content\/uploads\/2023\/07\/programul-Rabla-2023.jpg","twitter_creator":"@urbeameaweb","twitter_site":"@urbeameaweb","schema":{"@context":"https:\/\/schema.org","@graph":[{"@type":"Article","@id":"https:\/\/urbeamea.ro\/albaiulia\/anunt-privind-inscrierea-persoanelor-fizice-din-municipiul-sebes-in-programul-rabla-local\/#article","isPartOf":{"@id":"https:\/\/urbeamea.ro\/albaiulia\/anunt-privind-inscrierea-persoanelor-fizice-din-municipiul-sebes-in-programul-rabla-local\/"},"author":{"name":"Redac\u021bia UrbeaMea","@id":"https:\/\/urbeamea.ro\/albaiulia\/#\/schema\/person\/272ae98052f8ee8980f59848df070247"},"headline":"Anun\u021b privind \u00eenscrierea persoanelor fizice din municipiul Sebe\u0219 \u00een Programul Rabla local","datePublished":"2023-07-31T07:13:04+00:00","dateModified":"2023-07-31T07:13:06+00:00","mainEntityOfPage":{"@id":"https:\/\/urbeamea.ro\/albaiulia\/anunt-privind-inscrierea-persoanelor-fizice-din-municipiul-sebes-in-programul-rabla-local\/"},"wordCount":242,"commentCount":0,"image":{"@id":"https:\/\/urbeamea.ro\/albaiulia\/anunt-privind-inscrierea-persoanelor-fizice-din-municipiul-sebes-in-programul-rabla-local\/#primaryimage"},"thumbnailUrl":"https:\/\/urbeamea.ro\/albaiulia\/wp-content\/uploads\/2023\/07\/programul-Rabla-2023.jpg","articleSection":["Administra\u021bie"],"inLanguage":"ro-RO","potentialAction":[{"@type":"CommentAction","name":"Comment","target":["https:\/\/urbeamea.ro\/albaiulia\/anunt-privind-inscrierea-persoanelor-fizice-din-municipiul-sebes-in-programul-rabla-local\/#respond"]}]},{"@type":"WebPage","@id":"https:\/\/urbeamea.ro\/albaiulia\/anunt-privind-inscrierea-persoanelor-fizice-din-municipiul-sebes-in-programul-rabla-local\/","url":"https:\/\/urbeamea.ro\/albaiulia\/anunt-privind-inscrierea-persoanelor-fizice-din-municipiul-sebes-in-programul-rabla-local\/","name":"Anun\u021b privind \u00eenscrierea persoanelor fizice din municipiul Sebe\u0219 \u00een Programul Rabla local - Revista Urbea Mea - Revista de Alba","isPartOf":{"@id":"https:\/\/urbeamea.ro\/albaiulia\/#website"},"primaryImageOfPage":{"@id":"https:\/\/urbeamea.ro\/albaiulia\/anunt-privind-inscrierea-persoanelor-fizice-din-municipiul-sebes-in-programul-rabla-local\/#primaryimage"},"image":{"@id":"https:\/\/urbeamea.ro\/albaiulia\/anunt-privind-inscrierea-persoanelor-fizice-din-municipiul-sebes-in-programul-rabla-local\/#primaryimage"},"thumbnailUrl":"https:\/\/urbeamea.ro\/albaiulia\/wp-content\/uploads\/2023\/07\/programul-Rabla-2023.jpg","datePublished":"2023-07-31T07:13:04+00:00","dateModified":"2023-07-31T07:13:06+00:00","author":{"@id":"https:\/\/urbeamea.ro\/albaiulia\/#\/schema\/person\/272ae98052f8ee8980f59848df070247"},"description":"\u00cencep\u00e2nd de luni, 31 iulie 2023, de la ora 10:00, persoanele fizice interesate din municipiul Sebe\u0219 se pot \u00eenscrie \u00een Programul Rabla local privind","breadcrumb":{"@id":"https:\/\/urbeamea.ro\/albaiulia\/anunt-privind-inscrierea-persoanelor-fizice-din-municipiul-sebes-in-programul-rabla-local\/#breadcrumb"},"inLanguage":"ro-RO","potentialAction":[{"@type":"ReadAction","target":["https:\/\/urbeamea.ro\/albaiulia\/anunt-privind-inscrierea-persoanelor-fizice-din-municipiul-sebes-in-programul-rabla-local\/"]}]},{"@type":"ImageObject","inLanguage":"ro-RO","@id":"https:\/\/urbeamea.ro\/albaiulia\/anunt-privind-inscrierea-persoanelor-fizice-din-municipiul-sebes-in-programul-rabla-local\/#primaryimage","url":"https:\/\/urbeamea.ro\/albaiulia\/wp-content\/uploads\/2023\/07\/programul-Rabla-2023.jpg","contentUrl":"https:\/\/urbeamea.ro\/albaiulia\/wp-content\/uploads\/2023\/07\/programul-Rabla-2023.jpg","width":1280,"height":720},{"@type":"BreadcrumbList","@id":"https:\/\/urbeamea.ro\/albaiulia\/anunt-privind-inscrierea-persoanelor-fizice-din-municipiul-sebes-in-programul-rabla-local\/#breadcrumb","itemListElement":[{"@type":"ListItem","position":1,"name":"Prima pagin\u0103","item":"https:\/\/urbeamea.ro\/albaiulia\/"},{"@type":"ListItem","position":2,"name":"Anun\u021b privind \u00eenscrierea persoanelor fizice din municipiul Sebe\u0219 \u00een Programul Rabla local"}]},{"@type":"WebSite","@id":"https:\/\/urbeamea.ro\/albaiulia\/#website","url":"https:\/\/urbeamea.ro\/albaiulia\/","name":"Revista Urbea Mea, Stiri urbane","description":"Evenimente \u0219i \u0219tiri din Alba Iulia, Sebe\u0219, Aiud, Blaj","potentialAction":[{"@type":"SearchAction","target":{"@type":"EntryPoint","urlTemplate":"https:\/\/urbeamea.ro\/albaiulia\/?s={search_term_string}"},"query-input":{"@type":"PropertyValueSpecification","valueRequired":true,"valueName":"search_term_string"}}],"inLanguage":"ro-RO"},{"@type":"Person","@id":"https:\/\/urbeamea.ro\/albaiulia\/#\/schema\/person\/272ae98052f8ee8980f59848df070247","name":"Redac\u021bia UrbeaMea","image":{"@type":"ImageObject","inLanguage":"ro-RO","@id":"https:\/\/secure.gravatar.com\/avatar\/9ce5a9435071fa1037e8468053ead8e513dbbff59009d3069aadb85506d85a27?s=96&d=mm&r=g","url":"https:\/\/secure.gravatar.com\/avatar\/9ce5a9435071fa1037e8468053ead8e513dbbff59009d3069aadb85506d85a27?s=96&d=mm&r=g","contentUrl":"https:\/\/secure.gravatar.com\/avatar\/9ce5a9435071fa1037e8468053ead8e513dbbff59009d3069aadb85506d85a27?s=96&d=mm&r=g","caption":"Redac\u021bia UrbeaMea"},"description":"contact@urbeamea.ro","sameAs":["https:\/\/www.urbeamea.ro"],"url":"https:\/\/urbeamea.ro\/albaiulia\/author\/redactia-urbeamea\/"}]}},"_links":{"self":[{"href":"https:\/\/urbeamea.ro\/albaiulia\/wp-json\/wp\/v2\/posts\/108610","targetHints":{"allow":["GET"]}}],"collection":[{"href":"https:\/\/urbeamea.ro\/albaiulia\/wp-json\/wp\/v2\/posts"}],"about":[{"href":"https:\/\/urbeamea.ro\/albaiulia\/wp-json\/wp\/v2\/types\/post"}],"author":[{"embeddable":true,"href":"https:\/\/urbeamea.ro\/albaiulia\/wp-json\/wp\/v2\/users\/16"}],"replies":[{"embeddable":true,"href":"https:\/\/urbeamea.ro\/albaiulia\/wp-json\/wp\/v2\/comments?post=108610"}],"version-history":[{"count":1,"href":"https:\/\/urbeamea.ro\/albaiulia\/wp-json\/wp\/v2\/posts\/108610\/revisions"}],"predecessor-version":[{"id":108612,"href":"https:\/\/urbeamea.ro\/albaiulia\/wp-json\/wp\/v2\/posts\/108610\/revisions\/108612"}],"wp:featuredmedia":[{"embeddable":true,"href":"https:\/\/urbeamea.ro\/albaiulia\/wp-json\/wp\/v2\/media\/108611"}],"wp:attachment":[{"href":"https:\/\/urbeamea.ro\/albaiulia\/wp-json\/wp\/v2\/media?parent=108610"}],"wp:term":[{"taxonomy":"category","embeddable":true,"href":"https:\/\/urbeamea.ro\/albaiulia\/wp-json\/wp\/v2\/categories?post=108610"},{"taxonomy":"post_tag","embeddable":true,"href":"https:\/\/urbeamea.ro\/albaiulia\/wp-json\/wp\/v2\/tags?post=108610"}],"curies":[{"name":"wp","href":"https:\/\/api.w.org\/{rel}","templated":true}]}}