{"id":108613,"date":"2023-07-31T10:16:47","date_gmt":"2023-07-31T07:16:47","guid":{"rendered":"https:\/\/urbeamea.ro\/albaiulia\/?p=108613"},"modified":"2023-07-31T10:16:51","modified_gmt":"2023-07-31T07:16:51","slug":"sculpturile-unire-doina-lie-1968-si-esenta-luptatorului-aurel-sarbu-1995-au-fost-restaurate-in-cadrul-workshop-ului-desfasurat-la-muzeul-din-sebes","status":"publish","type":"post","link":"https:\/\/urbeamea.ro\/albaiulia\/sculpturile-unire-doina-lie-1968-si-esenta-luptatorului-aurel-sarbu-1995-au-fost-restaurate-in-cadrul-workshop-ului-desfasurat-la-muzeul-din-sebes\/","title":{"rendered":"Sculpturile \u201eUnire\u201d (Doina Lie, 1968) \u0219i \u201eEsen\u021ba Lupt\u0103torului\u201d (Aurel S\u00e2rbu, 1995) au fost restaurate \u00een cadrul workshop-ului desf\u0103\u0219urat la muzeul din Sebe\u0219"},"content":{"rendered":"\n<p>Cea de-a treia edi\u021bie a workshop-ului \u201eRestaurarea \u0219i conservarea bunurilor culturale confec\u021bionate din piatr\u0103\u201d, eveniment desf\u0103\u0219urat la Muzeul Municipal \u201eIoan Raica\u201d Sebe\u0219, \u00een perioada 13-21 iulie 2023, are un bilan\u021b impresionant, av\u00e2nd \u00een vedere c\u0103 dou\u0103 din cele mai importante monumente de for public din Sebe\u0219 au fost restaurate \u0219i \u00ee\u0219i vor putea reg\u0103si locul binemeritat \u00een peisajul urbanistic al Sebe\u0219ului: sculpturile realizate de arti\u0219ti plastici sebe\u0219eni Doina Lie &#8211; \u201eUnire\u201d, dat\u00e2nd din 1968, \u0219i Aurel S\u00e2rbu &#8211; \u201eEsen\u021ba lupt\u0103torului\u201d, finalizat\u0103 \u00een anul 1995.<\/p>\n\n\n\n<p>La finalul workshop-ului \u201eRestaurarea \u0219i conservarea bunurilor culturale confec\u021bionate din piatr\u0103\u201d, vineri, 21 iulie 2023, a avut loc vernisajul expozi\u021biei temporare \u00een care au fost prezentate publicului artefactele restaurate \u00een cursul celor \u0219apte zile de activit\u0103\u021bi practice.<\/p>\n\n\n\n<figure class=\"wp-block-image size-full\"><img loading=\"lazy\" decoding=\"async\" width=\"860\" height=\"645\" src=\"https:\/\/urbeamea.ro\/albaiulia\/wp-content\/uploads\/2023\/07\/WhatsApp-Image-2023-07-20-at-10.29.15.jpg\" alt=\"\" class=\"wp-image-108614\" srcset=\"https:\/\/urbeamea.ro\/albaiulia\/wp-content\/uploads\/2023\/07\/WhatsApp-Image-2023-07-20-at-10.29.15.jpg 860w, https:\/\/urbeamea.ro\/albaiulia\/wp-content\/uploads\/2023\/07\/WhatsApp-Image-2023-07-20-at-10.29.15-640x480.jpg 640w, https:\/\/urbeamea.ro\/albaiulia\/wp-content\/uploads\/2023\/07\/WhatsApp-Image-2023-07-20-at-10.29.15-150x113.jpg 150w, https:\/\/urbeamea.ro\/albaiulia\/wp-content\/uploads\/2023\/07\/WhatsApp-Image-2023-07-20-at-10.29.15-768x576.jpg 768w\" sizes=\"auto, (max-width: 860px) 100vw, 860px\" \/><\/figure>\n\n\n\n<p>Pe l\u00e2ng\u0103 cele dou\u0103 lucr\u0103ri men\u021bionate, au fost restaurate \u0219i conservate patru piese dat\u00e2nd din epoca roman\u0103 (dou\u0103 r\u00e2\u0219ni\u021be, un fragment dintr-o friz\u0103 \u0219i un altar votiv), \u0219ase din Evul Mediu \u0219i perioada premodern\u0103 (elemente de ancadrament \u0219i o stem\u0103) \u0219i trei din epoca modern\u0103 (capiteluri de coloane, bol\u021bar de arc).<\/p>\n\n\n\n<p>Toate monumentele au fost tratate \u00eempotriva agen\u021bilor de degradare biologici \u0219i, ulterior, cur\u0103\u021bate. Unele dintre ele au aut nevoie \u0219i de re\u00eentregiri, de complet\u0103ri a p\u0103r\u021bilor lips\u0103, de consolid\u0103ri, precum \u0219i de integrarea cromatic\u0103 a materialelor ad\u0103ugate.&nbsp; Aceste interven\u021bii au fost benefice pentru monumentele asupra c\u0103rora s-a intervenit, duc\u00e2nd la stoparea degrad\u0103rilor \u0219i &nbsp;la schimbarea aspectului acestora, ajung\u00e2nd mult mai apropiat de cel ini\u021bial.<\/p>\n\n\n\n<p>Ne dorim s\u0103-i amintim pe to\u021bi cei implica\u021bi, participan\u021bi, coordonatori \u0219i organizatori, \u0219i s\u0103 le mul\u021bumim \u0219i pe aceast\u0103 cale pentru entuziasmul \u0219i profesionalismul de care au dat dovad\u0103, \u00een cadrul activit\u0103\u021bilor pe care le-au desf\u0103\u0219urat, \u0219i s\u0103-i \u00eendemn\u0103m s\u0103 cultive frumoasele leg\u0103turi de prietenie care s-au \u00eenfiripat acum \u0219i, mai mult, s\u0103 revin\u0103 \u0219i la urm\u0103toarele edi\u021bii pe care dorim s\u0103 le organiz\u0103m.<\/p>\n\n\n\n<p>Au participat, \u00een calitate de voluntari: Maria Minerva Jurca, Alexandra-Paula Sicoe, Daniel I. Iancu, Violeta Iancu, Andrei Suciu, Ecaterina Salcu, Paul Daniel Modi, Ovidiu-Dorin Grozav, Claudia Siceanu, Cristian-Tiberiu Suciu, Ioachim Radu Totoianu, Andrei Paul Popa, Alexandru Chiril\u0103, Mihai Cr\u0103ciun, Marian T\u0103tar, Oana B\u0103b\u0103l\u0103u, Dragomir Dr\u0103gan, Timotei Hetea, Valentin Georgeoi, Anita Pascar \u0219i Bogdan Ardelean, coordona\u021bi de Sidonia Petronela Olea, expert restaurare bunuri culturale mobile, Muzeul Na\u021bional al Unirii Alba Iulia, doctorand\u0103 la Universitatea \u201e1 Decembrie 1918\u201d din Alba Iulia, lect. univ. dr. C\u0103lin Anghel, Universitatea \u201e1 Decembrie 1918\u201d din Alba Iulia \u0219i Muzeul Municipal \u201eIoan Raica\u201d Sebe\u0219 \u0219i dr. Radu Totoianu, Muzeul Municipal \u201eIoan Raica\u201d Sebe\u0219.<\/p>\n\n\n\n<p>Organizatorii workshop-ului au fost: Centrul Cultural \u201eLucian Blaga\u201d Sebe\u0219 \u0219i Muzeul Municipal \u201eIoan Raica\u201d Sebe\u0219.<\/p>\n\n\n\n<p>Parteneri: Muzeul Na\u021bional al Unirii Alba Iulia \u0219i Universitatea \u201e1 Decembrie 1918\u201d din Alba Iulia.<\/p>\n","protected":false},"excerpt":{"rendered":"<p>Cea de-a treia edi\u021bie a workshop-ului \u201eRestaurarea \u0219i conservarea bunurilor culturale confec\u021bionate din piatr\u0103\u201d, eveniment desf\u0103\u0219urat la Muzeul Municipal \u201eIoan Raica\u201d Sebe\u0219, \u00een perioada 13-21 iulie 2023, are un bilan\u021b impresionant, av\u00e2nd \u00een vedere c\u0103 dou\u0103 din cele mai importante monumente de for public din Sebe\u0219 au fost restaurate \u0219i \u00ee\u0219i vor putea reg\u0103si locul &hellip;<\/p>\n","protected":false},"author":16,"featured_media":108615,"comment_status":"open","ping_status":"open","sticky":false,"template":"","format":"standard","meta":{"inline_featured_image":false,"footnotes":""},"categories":[1],"tags":[],"class_list":["post-108613","post","type-post","status-publish","format-standard","has-post-thumbnail","hentry","category-stiri-urbane"],"yoast_head":"<!-- This site is optimized with the Yoast SEO plugin v27.4 - https:\/\/yoast.com\/product\/yoast-seo-wordpress\/ -->\n<title>Sculpturile \u201eUnire\u201d (Doina Lie, 1968) \u0219i \u201eEsen\u021ba Lupt\u0103torului\u201d (Aurel S\u00e2rbu, 1995) au fost restaurate \u00een cadrul workshop-ului desf\u0103\u0219urat la muzeul din Sebe\u0219 - Revista Urbea Mea - Revista de Alba<\/title>\n<meta name=\"description\" content=\"Cea de-a treia edi\u021bie a workshop-ului \u201eRestaurarea \u0219i conservarea bunurilor culturale confec\u021bionate din piatr\u0103\u201d, eveniment desf\u0103\u0219urat la Muzeul Municipal\" \/>\n<meta name=\"robots\" content=\"index, follow, max-snippet:-1, max-image-preview:large, max-video-preview:-1\" \/>\n<link rel=\"canonical\" href=\"https:\/\/urbeamea.ro\/albaiulia\/sculpturile-unire-doina-lie-1968-si-esenta-luptatorului-aurel-sarbu-1995-au-fost-restaurate-in-cadrul-workshop-ului-desfasurat-la-muzeul-din-sebes\/\" \/>\n<meta name=\"twitter:card\" content=\"summary_large_image\" \/>\n<meta name=\"twitter:title\" content=\"Sculpturile \u201eUnire\u201d (Doina Lie, 1968) \u0219i \u201eEsen\u021ba Lupt\u0103torului\u201d (Aurel S\u00e2rbu, 1995) au fost restaurate \u00een cadrul workshop-ului desf\u0103\u0219urat la muzeul din Sebe\u0219 - Revista Urbea Mea - Revista de Alba\" \/>\n<meta name=\"twitter:description\" content=\"Cea de-a treia edi\u021bie a workshop-ului \u201eRestaurarea \u0219i conservarea bunurilor culturale confec\u021bionate din piatr\u0103\u201d, eveniment desf\u0103\u0219urat la Muzeul Municipal\" \/>\n<meta name=\"twitter:image\" content=\"https:\/\/urbeamea.ro\/albaiulia\/wp-content\/uploads\/2023\/07\/DSC01605.jpg\" \/>\n<meta name=\"twitter:creator\" content=\"@urbeameaweb\" \/>\n<meta name=\"twitter:site\" content=\"@urbeameaweb\" \/>\n<script type=\"application\/ld+json\" class=\"yoast-schema-graph\">{\"@context\":\"https:\\\/\\\/schema.org\",\"@graph\":[{\"@type\":\"Article\",\"@id\":\"https:\\\/\\\/urbeamea.ro\\\/albaiulia\\\/sculpturile-unire-doina-lie-1968-si-esenta-luptatorului-aurel-sarbu-1995-au-fost-restaurate-in-cadrul-workshop-ului-desfasurat-la-muzeul-din-sebes\\\/#article\",\"isPartOf\":{\"@id\":\"https:\\\/\\\/urbeamea.ro\\\/albaiulia\\\/sculpturile-unire-doina-lie-1968-si-esenta-luptatorului-aurel-sarbu-1995-au-fost-restaurate-in-cadrul-workshop-ului-desfasurat-la-muzeul-din-sebes\\\/\"},\"author\":{\"name\":\"Redac\u021bia UrbeaMea\",\"@id\":\"https:\\\/\\\/urbeamea.ro\\\/albaiulia\\\/#\\\/schema\\\/person\\\/272ae98052f8ee8980f59848df070247\"},\"headline\":\"Sculpturile \u201eUnire\u201d (Doina Lie, 1968) \u0219i \u201eEsen\u021ba Lupt\u0103torului\u201d (Aurel S\u00e2rbu, 1995) au fost restaurate \u00een cadrul workshop-ului desf\u0103\u0219urat la muzeul din Sebe\u0219\",\"datePublished\":\"2023-07-31T07:16:47+00:00\",\"dateModified\":\"2023-07-31T07:16:51+00:00\",\"mainEntityOfPage\":{\"@id\":\"https:\\\/\\\/urbeamea.ro\\\/albaiulia\\\/sculpturile-unire-doina-lie-1968-si-esenta-luptatorului-aurel-sarbu-1995-au-fost-restaurate-in-cadrul-workshop-ului-desfasurat-la-muzeul-din-sebes\\\/\"},\"wordCount\":510,\"commentCount\":0,\"image\":{\"@id\":\"https:\\\/\\\/urbeamea.ro\\\/albaiulia\\\/sculpturile-unire-doina-lie-1968-si-esenta-luptatorului-aurel-sarbu-1995-au-fost-restaurate-in-cadrul-workshop-ului-desfasurat-la-muzeul-din-sebes\\\/#primaryimage\"},\"thumbnailUrl\":\"https:\\\/\\\/urbeamea.ro\\\/albaiulia\\\/wp-content\\\/uploads\\\/2023\\\/07\\\/DSC01605.jpg\",\"articleSection\":[\"\u015etiri Urbane\"],\"inLanguage\":\"ro-RO\",\"potentialAction\":[{\"@type\":\"CommentAction\",\"name\":\"Comment\",\"target\":[\"https:\\\/\\\/urbeamea.ro\\\/albaiulia\\\/sculpturile-unire-doina-lie-1968-si-esenta-luptatorului-aurel-sarbu-1995-au-fost-restaurate-in-cadrul-workshop-ului-desfasurat-la-muzeul-din-sebes\\\/#respond\"]}]},{\"@type\":\"WebPage\",\"@id\":\"https:\\\/\\\/urbeamea.ro\\\/albaiulia\\\/sculpturile-unire-doina-lie-1968-si-esenta-luptatorului-aurel-sarbu-1995-au-fost-restaurate-in-cadrul-workshop-ului-desfasurat-la-muzeul-din-sebes\\\/\",\"url\":\"https:\\\/\\\/urbeamea.ro\\\/albaiulia\\\/sculpturile-unire-doina-lie-1968-si-esenta-luptatorului-aurel-sarbu-1995-au-fost-restaurate-in-cadrul-workshop-ului-desfasurat-la-muzeul-din-sebes\\\/\",\"name\":\"Sculpturile \u201eUnire\u201d (Doina Lie, 1968) \u0219i \u201eEsen\u021ba Lupt\u0103torului\u201d (Aurel S\u00e2rbu, 1995) au fost restaurate \u00een cadrul workshop-ului desf\u0103\u0219urat la muzeul din Sebe\u0219 - Revista Urbea Mea - Revista de Alba\",\"isPartOf\":{\"@id\":\"https:\\\/\\\/urbeamea.ro\\\/albaiulia\\\/#website\"},\"primaryImageOfPage\":{\"@id\":\"https:\\\/\\\/urbeamea.ro\\\/albaiulia\\\/sculpturile-unire-doina-lie-1968-si-esenta-luptatorului-aurel-sarbu-1995-au-fost-restaurate-in-cadrul-workshop-ului-desfasurat-la-muzeul-din-sebes\\\/#primaryimage\"},\"image\":{\"@id\":\"https:\\\/\\\/urbeamea.ro\\\/albaiulia\\\/sculpturile-unire-doina-lie-1968-si-esenta-luptatorului-aurel-sarbu-1995-au-fost-restaurate-in-cadrul-workshop-ului-desfasurat-la-muzeul-din-sebes\\\/#primaryimage\"},\"thumbnailUrl\":\"https:\\\/\\\/urbeamea.ro\\\/albaiulia\\\/wp-content\\\/uploads\\\/2023\\\/07\\\/DSC01605.jpg\",\"datePublished\":\"2023-07-31T07:16:47+00:00\",\"dateModified\":\"2023-07-31T07:16:51+00:00\",\"author\":{\"@id\":\"https:\\\/\\\/urbeamea.ro\\\/albaiulia\\\/#\\\/schema\\\/person\\\/272ae98052f8ee8980f59848df070247\"},\"description\":\"Cea de-a treia edi\u021bie a workshop-ului \u201eRestaurarea \u0219i conservarea bunurilor culturale confec\u021bionate din piatr\u0103\u201d, eveniment desf\u0103\u0219urat la Muzeul Municipal\",\"breadcrumb\":{\"@id\":\"https:\\\/\\\/urbeamea.ro\\\/albaiulia\\\/sculpturile-unire-doina-lie-1968-si-esenta-luptatorului-aurel-sarbu-1995-au-fost-restaurate-in-cadrul-workshop-ului-desfasurat-la-muzeul-din-sebes\\\/#breadcrumb\"},\"inLanguage\":\"ro-RO\",\"potentialAction\":[{\"@type\":\"ReadAction\",\"target\":[\"https:\\\/\\\/urbeamea.ro\\\/albaiulia\\\/sculpturile-unire-doina-lie-1968-si-esenta-luptatorului-aurel-sarbu-1995-au-fost-restaurate-in-cadrul-workshop-ului-desfasurat-la-muzeul-din-sebes\\\/\"]}]},{\"@type\":\"ImageObject\",\"inLanguage\":\"ro-RO\",\"@id\":\"https:\\\/\\\/urbeamea.ro\\\/albaiulia\\\/sculpturile-unire-doina-lie-1968-si-esenta-luptatorului-aurel-sarbu-1995-au-fost-restaurate-in-cadrul-workshop-ului-desfasurat-la-muzeul-din-sebes\\\/#primaryimage\",\"url\":\"https:\\\/\\\/urbeamea.ro\\\/albaiulia\\\/wp-content\\\/uploads\\\/2023\\\/07\\\/DSC01605.jpg\",\"contentUrl\":\"https:\\\/\\\/urbeamea.ro\\\/albaiulia\\\/wp-content\\\/uploads\\\/2023\\\/07\\\/DSC01605.jpg\",\"width\":1600,\"height\":900},{\"@type\":\"BreadcrumbList\",\"@id\":\"https:\\\/\\\/urbeamea.ro\\\/albaiulia\\\/sculpturile-unire-doina-lie-1968-si-esenta-luptatorului-aurel-sarbu-1995-au-fost-restaurate-in-cadrul-workshop-ului-desfasurat-la-muzeul-din-sebes\\\/#breadcrumb\",\"itemListElement\":[{\"@type\":\"ListItem\",\"position\":1,\"name\":\"Prima pagin\u0103\",\"item\":\"https:\\\/\\\/urbeamea.ro\\\/albaiulia\\\/\"},{\"@type\":\"ListItem\",\"position\":2,\"name\":\"Sculpturile \u201eUnire\u201d (Doina Lie, 1968) \u0219i \u201eEsen\u021ba Lupt\u0103torului\u201d (Aurel S\u00e2rbu, 1995) au fost restaurate \u00een cadrul workshop-ului desf\u0103\u0219urat la muzeul din Sebe\u0219\"}]},{\"@type\":\"WebSite\",\"@id\":\"https:\\\/\\\/urbeamea.ro\\\/albaiulia\\\/#website\",\"url\":\"https:\\\/\\\/urbeamea.ro\\\/albaiulia\\\/\",\"name\":\"Revista Urbea Mea, Stiri urbane\",\"description\":\"Evenimente \u0219i \u0219tiri din Alba Iulia, Sebe\u0219, Aiud, Blaj\",\"potentialAction\":[{\"@type\":\"SearchAction\",\"target\":{\"@type\":\"EntryPoint\",\"urlTemplate\":\"https:\\\/\\\/urbeamea.ro\\\/albaiulia\\\/?s={search_term_string}\"},\"query-input\":{\"@type\":\"PropertyValueSpecification\",\"valueRequired\":true,\"valueName\":\"search_term_string\"}}],\"inLanguage\":\"ro-RO\"},{\"@type\":\"Person\",\"@id\":\"https:\\\/\\\/urbeamea.ro\\\/albaiulia\\\/#\\\/schema\\\/person\\\/272ae98052f8ee8980f59848df070247\",\"name\":\"Redac\u021bia UrbeaMea\",\"image\":{\"@type\":\"ImageObject\",\"inLanguage\":\"ro-RO\",\"@id\":\"https:\\\/\\\/secure.gravatar.com\\\/avatar\\\/9ce5a9435071fa1037e8468053ead8e513dbbff59009d3069aadb85506d85a27?s=96&d=mm&r=g\",\"url\":\"https:\\\/\\\/secure.gravatar.com\\\/avatar\\\/9ce5a9435071fa1037e8468053ead8e513dbbff59009d3069aadb85506d85a27?s=96&d=mm&r=g\",\"contentUrl\":\"https:\\\/\\\/secure.gravatar.com\\\/avatar\\\/9ce5a9435071fa1037e8468053ead8e513dbbff59009d3069aadb85506d85a27?s=96&d=mm&r=g\",\"caption\":\"Redac\u021bia UrbeaMea\"},\"description\":\"contact@urbeamea.ro\",\"sameAs\":[\"https:\\\/\\\/www.urbeamea.ro\"],\"url\":\"https:\\\/\\\/urbeamea.ro\\\/albaiulia\\\/author\\\/redactia-urbeamea\\\/\"}]}<\/script>\n<!-- \/ Yoast SEO plugin. -->","yoast_head_json":{"title":"Sculpturile \u201eUnire\u201d (Doina Lie, 1968) \u0219i \u201eEsen\u021ba Lupt\u0103torului\u201d (Aurel S\u00e2rbu, 1995) au fost restaurate \u00een cadrul workshop-ului desf\u0103\u0219urat la muzeul din Sebe\u0219 - Revista Urbea Mea - Revista de Alba","description":"Cea de-a treia edi\u021bie a workshop-ului \u201eRestaurarea \u0219i conservarea bunurilor culturale confec\u021bionate din piatr\u0103\u201d, eveniment desf\u0103\u0219urat la Muzeul Municipal","robots":{"index":"index","follow":"follow","max-snippet":"max-snippet:-1","max-image-preview":"max-image-preview:large","max-video-preview":"max-video-preview:-1"},"canonical":"https:\/\/urbeamea.ro\/albaiulia\/sculpturile-unire-doina-lie-1968-si-esenta-luptatorului-aurel-sarbu-1995-au-fost-restaurate-in-cadrul-workshop-ului-desfasurat-la-muzeul-din-sebes\/","twitter_card":"summary_large_image","twitter_title":"Sculpturile \u201eUnire\u201d (Doina Lie, 1968) \u0219i \u201eEsen\u021ba Lupt\u0103torului\u201d (Aurel S\u00e2rbu, 1995) au fost restaurate \u00een cadrul workshop-ului desf\u0103\u0219urat la muzeul din Sebe\u0219 - Revista Urbea Mea - Revista de Alba","twitter_description":"Cea de-a treia edi\u021bie a workshop-ului \u201eRestaurarea \u0219i conservarea bunurilor culturale confec\u021bionate din piatr\u0103\u201d, eveniment desf\u0103\u0219urat la Muzeul Municipal","twitter_image":"https:\/\/urbeamea.ro\/albaiulia\/wp-content\/uploads\/2023\/07\/DSC01605.jpg","twitter_creator":"@urbeameaweb","twitter_site":"@urbeameaweb","schema":{"@context":"https:\/\/schema.org","@graph":[{"@type":"Article","@id":"https:\/\/urbeamea.ro\/albaiulia\/sculpturile-unire-doina-lie-1968-si-esenta-luptatorului-aurel-sarbu-1995-au-fost-restaurate-in-cadrul-workshop-ului-desfasurat-la-muzeul-din-sebes\/#article","isPartOf":{"@id":"https:\/\/urbeamea.ro\/albaiulia\/sculpturile-unire-doina-lie-1968-si-esenta-luptatorului-aurel-sarbu-1995-au-fost-restaurate-in-cadrul-workshop-ului-desfasurat-la-muzeul-din-sebes\/"},"author":{"name":"Redac\u021bia UrbeaMea","@id":"https:\/\/urbeamea.ro\/albaiulia\/#\/schema\/person\/272ae98052f8ee8980f59848df070247"},"headline":"Sculpturile \u201eUnire\u201d (Doina Lie, 1968) \u0219i \u201eEsen\u021ba Lupt\u0103torului\u201d (Aurel S\u00e2rbu, 1995) au fost restaurate \u00een cadrul workshop-ului desf\u0103\u0219urat la muzeul din Sebe\u0219","datePublished":"2023-07-31T07:16:47+00:00","dateModified":"2023-07-31T07:16:51+00:00","mainEntityOfPage":{"@id":"https:\/\/urbeamea.ro\/albaiulia\/sculpturile-unire-doina-lie-1968-si-esenta-luptatorului-aurel-sarbu-1995-au-fost-restaurate-in-cadrul-workshop-ului-desfasurat-la-muzeul-din-sebes\/"},"wordCount":510,"commentCount":0,"image":{"@id":"https:\/\/urbeamea.ro\/albaiulia\/sculpturile-unire-doina-lie-1968-si-esenta-luptatorului-aurel-sarbu-1995-au-fost-restaurate-in-cadrul-workshop-ului-desfasurat-la-muzeul-din-sebes\/#primaryimage"},"thumbnailUrl":"https:\/\/urbeamea.ro\/albaiulia\/wp-content\/uploads\/2023\/07\/DSC01605.jpg","articleSection":["\u015etiri Urbane"],"inLanguage":"ro-RO","potentialAction":[{"@type":"CommentAction","name":"Comment","target":["https:\/\/urbeamea.ro\/albaiulia\/sculpturile-unire-doina-lie-1968-si-esenta-luptatorului-aurel-sarbu-1995-au-fost-restaurate-in-cadrul-workshop-ului-desfasurat-la-muzeul-din-sebes\/#respond"]}]},{"@type":"WebPage","@id":"https:\/\/urbeamea.ro\/albaiulia\/sculpturile-unire-doina-lie-1968-si-esenta-luptatorului-aurel-sarbu-1995-au-fost-restaurate-in-cadrul-workshop-ului-desfasurat-la-muzeul-din-sebes\/","url":"https:\/\/urbeamea.ro\/albaiulia\/sculpturile-unire-doina-lie-1968-si-esenta-luptatorului-aurel-sarbu-1995-au-fost-restaurate-in-cadrul-workshop-ului-desfasurat-la-muzeul-din-sebes\/","name":"Sculpturile \u201eUnire\u201d (Doina Lie, 1968) \u0219i \u201eEsen\u021ba Lupt\u0103torului\u201d (Aurel S\u00e2rbu, 1995) au fost restaurate \u00een cadrul workshop-ului desf\u0103\u0219urat la muzeul din Sebe\u0219 - Revista Urbea Mea - Revista de Alba","isPartOf":{"@id":"https:\/\/urbeamea.ro\/albaiulia\/#website"},"primaryImageOfPage":{"@id":"https:\/\/urbeamea.ro\/albaiulia\/sculpturile-unire-doina-lie-1968-si-esenta-luptatorului-aurel-sarbu-1995-au-fost-restaurate-in-cadrul-workshop-ului-desfasurat-la-muzeul-din-sebes\/#primaryimage"},"image":{"@id":"https:\/\/urbeamea.ro\/albaiulia\/sculpturile-unire-doina-lie-1968-si-esenta-luptatorului-aurel-sarbu-1995-au-fost-restaurate-in-cadrul-workshop-ului-desfasurat-la-muzeul-din-sebes\/#primaryimage"},"thumbnailUrl":"https:\/\/urbeamea.ro\/albaiulia\/wp-content\/uploads\/2023\/07\/DSC01605.jpg","datePublished":"2023-07-31T07:16:47+00:00","dateModified":"2023-07-31T07:16:51+00:00","author":{"@id":"https:\/\/urbeamea.ro\/albaiulia\/#\/schema\/person\/272ae98052f8ee8980f59848df070247"},"description":"Cea de-a treia edi\u021bie a workshop-ului \u201eRestaurarea \u0219i conservarea bunurilor culturale confec\u021bionate din piatr\u0103\u201d, eveniment desf\u0103\u0219urat la Muzeul Municipal","breadcrumb":{"@id":"https:\/\/urbeamea.ro\/albaiulia\/sculpturile-unire-doina-lie-1968-si-esenta-luptatorului-aurel-sarbu-1995-au-fost-restaurate-in-cadrul-workshop-ului-desfasurat-la-muzeul-din-sebes\/#breadcrumb"},"inLanguage":"ro-RO","potentialAction":[{"@type":"ReadAction","target":["https:\/\/urbeamea.ro\/albaiulia\/sculpturile-unire-doina-lie-1968-si-esenta-luptatorului-aurel-sarbu-1995-au-fost-restaurate-in-cadrul-workshop-ului-desfasurat-la-muzeul-din-sebes\/"]}]},{"@type":"ImageObject","inLanguage":"ro-RO","@id":"https:\/\/urbeamea.ro\/albaiulia\/sculpturile-unire-doina-lie-1968-si-esenta-luptatorului-aurel-sarbu-1995-au-fost-restaurate-in-cadrul-workshop-ului-desfasurat-la-muzeul-din-sebes\/#primaryimage","url":"https:\/\/urbeamea.ro\/albaiulia\/wp-content\/uploads\/2023\/07\/DSC01605.jpg","contentUrl":"https:\/\/urbeamea.ro\/albaiulia\/wp-content\/uploads\/2023\/07\/DSC01605.jpg","width":1600,"height":900},{"@type":"BreadcrumbList","@id":"https:\/\/urbeamea.ro\/albaiulia\/sculpturile-unire-doina-lie-1968-si-esenta-luptatorului-aurel-sarbu-1995-au-fost-restaurate-in-cadrul-workshop-ului-desfasurat-la-muzeul-din-sebes\/#breadcrumb","itemListElement":[{"@type":"ListItem","position":1,"name":"Prima pagin\u0103","item":"https:\/\/urbeamea.ro\/albaiulia\/"},{"@type":"ListItem","position":2,"name":"Sculpturile \u201eUnire\u201d (Doina Lie, 1968) \u0219i \u201eEsen\u021ba Lupt\u0103torului\u201d (Aurel S\u00e2rbu, 1995) au fost restaurate \u00een cadrul workshop-ului desf\u0103\u0219urat la muzeul din Sebe\u0219"}]},{"@type":"WebSite","@id":"https:\/\/urbeamea.ro\/albaiulia\/#website","url":"https:\/\/urbeamea.ro\/albaiulia\/","name":"Revista Urbea Mea, Stiri urbane","description":"Evenimente \u0219i \u0219tiri din Alba Iulia, Sebe\u0219, Aiud, Blaj","potentialAction":[{"@type":"SearchAction","target":{"@type":"EntryPoint","urlTemplate":"https:\/\/urbeamea.ro\/albaiulia\/?s={search_term_string}"},"query-input":{"@type":"PropertyValueSpecification","valueRequired":true,"valueName":"search_term_string"}}],"inLanguage":"ro-RO"},{"@type":"Person","@id":"https:\/\/urbeamea.ro\/albaiulia\/#\/schema\/person\/272ae98052f8ee8980f59848df070247","name":"Redac\u021bia UrbeaMea","image":{"@type":"ImageObject","inLanguage":"ro-RO","@id":"https:\/\/secure.gravatar.com\/avatar\/9ce5a9435071fa1037e8468053ead8e513dbbff59009d3069aadb85506d85a27?s=96&d=mm&r=g","url":"https:\/\/secure.gravatar.com\/avatar\/9ce5a9435071fa1037e8468053ead8e513dbbff59009d3069aadb85506d85a27?s=96&d=mm&r=g","contentUrl":"https:\/\/secure.gravatar.com\/avatar\/9ce5a9435071fa1037e8468053ead8e513dbbff59009d3069aadb85506d85a27?s=96&d=mm&r=g","caption":"Redac\u021bia UrbeaMea"},"description":"contact@urbeamea.ro","sameAs":["https:\/\/www.urbeamea.ro"],"url":"https:\/\/urbeamea.ro\/albaiulia\/author\/redactia-urbeamea\/"}]}},"_links":{"self":[{"href":"https:\/\/urbeamea.ro\/albaiulia\/wp-json\/wp\/v2\/posts\/108613","targetHints":{"allow":["GET"]}}],"collection":[{"href":"https:\/\/urbeamea.ro\/albaiulia\/wp-json\/wp\/v2\/posts"}],"about":[{"href":"https:\/\/urbeamea.ro\/albaiulia\/wp-json\/wp\/v2\/types\/post"}],"author":[{"embeddable":true,"href":"https:\/\/urbeamea.ro\/albaiulia\/wp-json\/wp\/v2\/users\/16"}],"replies":[{"embeddable":true,"href":"https:\/\/urbeamea.ro\/albaiulia\/wp-json\/wp\/v2\/comments?post=108613"}],"version-history":[{"count":1,"href":"https:\/\/urbeamea.ro\/albaiulia\/wp-json\/wp\/v2\/posts\/108613\/revisions"}],"predecessor-version":[{"id":108616,"href":"https:\/\/urbeamea.ro\/albaiulia\/wp-json\/wp\/v2\/posts\/108613\/revisions\/108616"}],"wp:featuredmedia":[{"embeddable":true,"href":"https:\/\/urbeamea.ro\/albaiulia\/wp-json\/wp\/v2\/media\/108615"}],"wp:attachment":[{"href":"https:\/\/urbeamea.ro\/albaiulia\/wp-json\/wp\/v2\/media?parent=108613"}],"wp:term":[{"taxonomy":"category","embeddable":true,"href":"https:\/\/urbeamea.ro\/albaiulia\/wp-json\/wp\/v2\/categories?post=108613"},{"taxonomy":"post_tag","embeddable":true,"href":"https:\/\/urbeamea.ro\/albaiulia\/wp-json\/wp\/v2\/tags?post=108613"}],"curies":[{"name":"wp","href":"https:\/\/api.w.org\/{rel}","templated":true}]}}