{"id":108620,"date":"2023-07-31T10:29:42","date_gmt":"2023-07-31T07:29:42","guid":{"rendered":"https:\/\/urbeamea.ro\/albaiulia\/?p=108620"},"modified":"2023-07-31T10:29:44","modified_gmt":"2023-07-31T07:29:44","slug":"marti-1-august-se-deschide-salonul-de-arta-crestina-la-muzeul-museikon-din-alba-iulia","status":"publish","type":"post","link":"https:\/\/urbeamea.ro\/albaiulia\/marti-1-august-se-deschide-salonul-de-arta-crestina-la-muzeul-museikon-din-alba-iulia\/","title":{"rendered":"Mar\u021bi, 1 august se deschide Salonul de Art\u0103 Cre\u0219tin\u0103 la Muzeul Museikon din Alba Iulia."},"content":{"rendered":"\n<p>Pe \u00eentreaga durat\u0103 a lunii august 2023 Muzeul Icoanei Museikon din Alba Iulia este, \u00een galeria dedicat\u0103 expozi\u021biilor temporare, gazda Salonului de Art\u0103 Cre\u0219tin\u0103, o manifestare artistic\u0103 ce a c\u0103p\u0103tat amploare \u00een ultimii doi ani prin sporirea num\u0103rului de invita\u021bi \u0219i prin itinerarea \u00een mai multe ora\u0219e ale \u021b\u0103rii a acestei expozi\u021bii de art\u0103 sacr\u0103 \u0219i religioas\u0103 contemporan\u0103.<\/p>\n\n\n\n<p>Salonul de Art\u0103 Cre\u0219tin\u0103 a fost deschis \u00een \u00een 2022 \u0219i 2023 la Arad \u0219i R\u00e2mnicu V\u00e2lcea, urm\u00e2nd ca, dup\u0103 prezentarea sa la Muzeul Museikon din Alba Iulia, s\u0103 fie \u00een continuare deschis \u0219i \u00een alte centre culturale.<\/p>\n\n\n\n<p>Salonul de Art\u0103 Cre\u0219tin\u0103 este organizat de Asocia\u021bia \u201eBasm\u201d \u00een parteneriat, de aceast\u0103 dat\u0103, cu Muzeul Na\u021bional al Unirii, Universitatea \u201e1 Decembrie 1918\u201d, Facultatea de Teologie Ortodox\u0103 din Alba Iulia \u0219i Uniunea Arti\u0219tilor Plastici din Rom\u00e2nia.<\/p>\n\n\n\n<p>Curatorul Salonului este pictorul C\u0103t\u0103lin B\u0103lu\u021b, conf. univ. dr. la sec\u021bia de Art\u0103 Sacr\u0103 a Facult\u0103\u021bii de Teologie Ortodox\u0103 din Alba Iulia.<\/p>\n\n\n\n<p>Expozi\u021bia deschis\u0103 \u00eencep\u00e2nd cu data de 1 august 2023 la Muzeul Museikon reune\u0219te crea\u021biile a 27 de iconari \u0219i pictori biserice\u0219ti, arti\u0219ti apar\u021bin\u00eend unor genera\u021bii diferite, de la cei consacra\u021bi, afla\u021bi la apogeul activit\u0103\u021bii lor creatoare \u0219i p\u00e2n\u0103 la tineri absolven\u021bi, masteranzi ori studen\u021bi ai facult\u0103\u021bilor de profil din \u021bar\u0103. De asemenea, arti\u0219tii expozan\u021bi vin din diferite centre culturale ale Rom\u00e2niei: Bucure\u0219ti, Arad, Cluj, Alba Iulia, R\u00e2mnicu V\u00e2lcea.<\/p>\n\n\n\n<p>G\u00e2ndit ca un proiect artistic menit s\u0103-i aduc\u0103 laolalt\u0103 pe iconarii \u0219i pictorii biserice\u0219ti contemporani din \u00eentreaga \u021bar\u0103, dar \u0219i s\u0103 conving\u0103 publicul de importan\u021ba \u0219i actualitatea artei sacre, precum \u0219i a artei laice cu tematic\u0103 religioas\u0103, Salonul de Art\u0103 Cre\u0219tin\u0103 se deschide, \u00een acela\u0219i timp, c\u0103tre tinerii arti\u0219ti sau c\u0103tre cei ce urmeaz\u0103 studii de profil, \u00een scopul cre\u0103rii unor necesare pun\u021bi de comunicare \u00eentre genera\u021bii \u0219i \u00eentre confra\u021bi, \u00een cadrul breslei. &nbsp;&nbsp;&nbsp;&nbsp;&nbsp;<\/p>\n\n\n\n<p>Prin invita\u021bia de a expune \u00eempreun\u0103, adresat\u0103 colegilor s\u0103i iconari \u0219i pictori biserice\u0219ti \u2013 cei mai mul\u021bi dintre ei arti\u0219ti consacra\u021bi, cu o bogat\u0103 activitate \u2013C\u0103t\u0103lin B\u0103lu\u021b, curatorul Salonului, \u0219i-a propus s\u0103 contureze o imagine cuprinz\u0103toare asupra artei sacre ortodoxe contemporane din Rom\u00e2nia dar, \u0219i s\u0103 aduc\u0103 \u00een con\u0219tiin\u021ba publicului actualitatea imaginii sacre, rolul ei teologic, artistic \u0219i formator.<\/p>\n\n\n\n<p>Lucr\u0103rile prezentate \u00een Cadrul Salonului de Art\u0103 Cre\u0219tin\u0103 sunt realizate toate tehnicile tradi\u021bionale \u0219i contemporane: icoan\u0103 pe lemn, icoan\u0103 pe sticl\u0103, fresc\u0103, mozaic, imagine sacr\u0103 ob\u021binut\u0103 cu ajutorul tehnicilor grafice mixte, al desenului sau al gravurii.<\/p>\n\n\n\n<p>Invitat \u00een deschiderea expozi\u021biei este Pr. Prof. Mihai Himcinschi, Decanul Facult\u0103\u021bii de Teologie Ortodox\u0103 din cadrul Universit\u0103\u021bii \u201e1 Decembrie 1918\u201d din Alba Iulia.<\/p>\n\n\n\n<p>Salonul de Art\u0103 Cre\u0219tin\u0103 se va deschide <strong>mar\u021bi<\/strong>, <strong>1 august 2023<\/strong>, <strong>ora 16<\/strong>, la Muzeul Museikon din Alba Iulia.<\/p>\n\n\n\n<figure class=\"wp-block-image size-large\"><img loading=\"lazy\" decoding=\"async\" width=\"904\" height=\"1280\" src=\"https:\/\/urbeamea.ro\/albaiulia\/wp-content\/uploads\/2023\/07\/IMG-20230725-WA0001-904x1280.jpg\" alt=\"\" class=\"wp-image-108621\" srcset=\"https:\/\/urbeamea.ro\/albaiulia\/wp-content\/uploads\/2023\/07\/IMG-20230725-WA0001-904x1280.jpg 904w, https:\/\/urbeamea.ro\/albaiulia\/wp-content\/uploads\/2023\/07\/IMG-20230725-WA0001-452x640.jpg 452w, https:\/\/urbeamea.ro\/albaiulia\/wp-content\/uploads\/2023\/07\/IMG-20230725-WA0001-106x150.jpg 106w, https:\/\/urbeamea.ro\/albaiulia\/wp-content\/uploads\/2023\/07\/IMG-20230725-WA0001-768x1087.jpg 768w, https:\/\/urbeamea.ro\/albaiulia\/wp-content\/uploads\/2023\/07\/IMG-20230725-WA0001-1085x1536.jpg 1085w, https:\/\/urbeamea.ro\/albaiulia\/wp-content\/uploads\/2023\/07\/IMG-20230725-WA0001.jpg 1130w\" sizes=\"auto, (max-width: 904px) 100vw, 904px\" \/><\/figure>\n","protected":false},"excerpt":{"rendered":"<p>Pe \u00eentreaga durat\u0103 a lunii august 2023 Muzeul Icoanei Museikon din Alba Iulia este, \u00een galeria dedicat\u0103 expozi\u021biilor temporare, gazda Salonului de Art\u0103 Cre\u0219tin\u0103, o manifestare artistic\u0103 ce a c\u0103p\u0103tat amploare \u00een ultimii doi ani prin sporirea num\u0103rului de invita\u021bi \u0219i prin itinerarea \u00een mai multe ora\u0219e ale \u021b\u0103rii a acestei expozi\u021bii de art\u0103 sacr\u0103 &hellip;<\/p>\n","protected":false},"author":5,"featured_media":108621,"comment_status":"open","ping_status":"open","sticky":false,"template":"","format":"standard","meta":{"inline_featured_image":false,"footnotes":""},"categories":[4],"tags":[24852],"class_list":["post-108620","post","type-post","status-publish","format-standard","has-post-thumbnail","hentry","category-eveniment","tag-salon-de-arta-crestina-alba-iulia"],"yoast_head":"<!-- This site is optimized with the Yoast SEO plugin v27.4 - https:\/\/yoast.com\/product\/yoast-seo-wordpress\/ -->\n<title>Mar\u021bi, 1 august se deschide Salonul de Art\u0103 Cre\u0219tin\u0103 la Muzeul Museikon din Alba Iulia. - Revista Urbea Mea - Revista de Alba<\/title>\n<meta name=\"description\" content=\"Pe \u00eentreaga durat\u0103 a lunii august 2023 Muzeul Icoanei Museikon din Alba Iulia este, \u00een galeria dedicat\u0103 expozi\u021biilor temporare, gazda Salonului de Art\u0103\" \/>\n<meta name=\"robots\" content=\"index, follow, max-snippet:-1, max-image-preview:large, max-video-preview:-1\" \/>\n<link rel=\"canonical\" href=\"https:\/\/urbeamea.ro\/albaiulia\/marti-1-august-se-deschide-salonul-de-arta-crestina-la-muzeul-museikon-din-alba-iulia\/\" \/>\n<meta name=\"twitter:card\" content=\"summary_large_image\" \/>\n<meta name=\"twitter:title\" content=\"Mar\u021bi, 1 august se deschide Salonul de Art\u0103 Cre\u0219tin\u0103 la Muzeul Museikon din Alba Iulia. - Revista Urbea Mea - Revista de Alba\" \/>\n<meta name=\"twitter:description\" content=\"Pe \u00eentreaga durat\u0103 a lunii august 2023 Muzeul Icoanei Museikon din Alba Iulia este, \u00een galeria dedicat\u0103 expozi\u021biilor temporare, gazda Salonului de Art\u0103\" \/>\n<meta name=\"twitter:image\" content=\"https:\/\/urbeamea.ro\/albaiulia\/wp-content\/uploads\/2023\/07\/IMG-20230725-WA0001.jpg\" \/>\n<meta name=\"twitter:creator\" content=\"@urbeameaweb\" \/>\n<meta name=\"twitter:site\" content=\"@urbeameaweb\" \/>\n<script type=\"application\/ld+json\" class=\"yoast-schema-graph\">{\"@context\":\"https:\\\/\\\/schema.org\",\"@graph\":[{\"@type\":\"Article\",\"@id\":\"https:\\\/\\\/urbeamea.ro\\\/albaiulia\\\/marti-1-august-se-deschide-salonul-de-arta-crestina-la-muzeul-museikon-din-alba-iulia\\\/#article\",\"isPartOf\":{\"@id\":\"https:\\\/\\\/urbeamea.ro\\\/albaiulia\\\/marti-1-august-se-deschide-salonul-de-arta-crestina-la-muzeul-museikon-din-alba-iulia\\\/\"},\"author\":{\"name\":\"Bogdan P\u0103unescu\",\"@id\":\"https:\\\/\\\/urbeamea.ro\\\/albaiulia\\\/#\\\/schema\\\/person\\\/a115373ce8153754c6b084232d985956\"},\"headline\":\"Mar\u021bi, 1 august se deschide Salonul de Art\u0103 Cre\u0219tin\u0103 la Muzeul Museikon din Alba Iulia.\",\"datePublished\":\"2023-07-31T07:29:42+00:00\",\"dateModified\":\"2023-07-31T07:29:44+00:00\",\"mainEntityOfPage\":{\"@id\":\"https:\\\/\\\/urbeamea.ro\\\/albaiulia\\\/marti-1-august-se-deschide-salonul-de-arta-crestina-la-muzeul-museikon-din-alba-iulia\\\/\"},\"wordCount\":518,\"commentCount\":0,\"image\":{\"@id\":\"https:\\\/\\\/urbeamea.ro\\\/albaiulia\\\/marti-1-august-se-deschide-salonul-de-arta-crestina-la-muzeul-museikon-din-alba-iulia\\\/#primaryimage\"},\"thumbnailUrl\":\"https:\\\/\\\/urbeamea.ro\\\/albaiulia\\\/wp-content\\\/uploads\\\/2023\\\/07\\\/IMG-20230725-WA0001.jpg\",\"keywords\":[\"Salon de Arta Crestina Alba Iulia\"],\"articleSection\":[\"Evenimente\"],\"inLanguage\":\"ro-RO\",\"potentialAction\":[{\"@type\":\"CommentAction\",\"name\":\"Comment\",\"target\":[\"https:\\\/\\\/urbeamea.ro\\\/albaiulia\\\/marti-1-august-se-deschide-salonul-de-arta-crestina-la-muzeul-museikon-din-alba-iulia\\\/#respond\"]}]},{\"@type\":\"WebPage\",\"@id\":\"https:\\\/\\\/urbeamea.ro\\\/albaiulia\\\/marti-1-august-se-deschide-salonul-de-arta-crestina-la-muzeul-museikon-din-alba-iulia\\\/\",\"url\":\"https:\\\/\\\/urbeamea.ro\\\/albaiulia\\\/marti-1-august-se-deschide-salonul-de-arta-crestina-la-muzeul-museikon-din-alba-iulia\\\/\",\"name\":\"Mar\u021bi, 1 august se deschide Salonul de Art\u0103 Cre\u0219tin\u0103 la Muzeul Museikon din Alba Iulia. - Revista Urbea Mea - Revista de Alba\",\"isPartOf\":{\"@id\":\"https:\\\/\\\/urbeamea.ro\\\/albaiulia\\\/#website\"},\"primaryImageOfPage\":{\"@id\":\"https:\\\/\\\/urbeamea.ro\\\/albaiulia\\\/marti-1-august-se-deschide-salonul-de-arta-crestina-la-muzeul-museikon-din-alba-iulia\\\/#primaryimage\"},\"image\":{\"@id\":\"https:\\\/\\\/urbeamea.ro\\\/albaiulia\\\/marti-1-august-se-deschide-salonul-de-arta-crestina-la-muzeul-museikon-din-alba-iulia\\\/#primaryimage\"},\"thumbnailUrl\":\"https:\\\/\\\/urbeamea.ro\\\/albaiulia\\\/wp-content\\\/uploads\\\/2023\\\/07\\\/IMG-20230725-WA0001.jpg\",\"datePublished\":\"2023-07-31T07:29:42+00:00\",\"dateModified\":\"2023-07-31T07:29:44+00:00\",\"author\":{\"@id\":\"https:\\\/\\\/urbeamea.ro\\\/albaiulia\\\/#\\\/schema\\\/person\\\/a115373ce8153754c6b084232d985956\"},\"description\":\"Pe \u00eentreaga durat\u0103 a lunii august 2023 Muzeul Icoanei Museikon din Alba Iulia este, \u00een galeria dedicat\u0103 expozi\u021biilor temporare, gazda Salonului de Art\u0103\",\"breadcrumb\":{\"@id\":\"https:\\\/\\\/urbeamea.ro\\\/albaiulia\\\/marti-1-august-se-deschide-salonul-de-arta-crestina-la-muzeul-museikon-din-alba-iulia\\\/#breadcrumb\"},\"inLanguage\":\"ro-RO\",\"potentialAction\":[{\"@type\":\"ReadAction\",\"target\":[\"https:\\\/\\\/urbeamea.ro\\\/albaiulia\\\/marti-1-august-se-deschide-salonul-de-arta-crestina-la-muzeul-museikon-din-alba-iulia\\\/\"]}]},{\"@type\":\"ImageObject\",\"inLanguage\":\"ro-RO\",\"@id\":\"https:\\\/\\\/urbeamea.ro\\\/albaiulia\\\/marti-1-august-se-deschide-salonul-de-arta-crestina-la-muzeul-museikon-din-alba-iulia\\\/#primaryimage\",\"url\":\"https:\\\/\\\/urbeamea.ro\\\/albaiulia\\\/wp-content\\\/uploads\\\/2023\\\/07\\\/IMG-20230725-WA0001.jpg\",\"contentUrl\":\"https:\\\/\\\/urbeamea.ro\\\/albaiulia\\\/wp-content\\\/uploads\\\/2023\\\/07\\\/IMG-20230725-WA0001.jpg\",\"width\":1130,\"height\":1600},{\"@type\":\"BreadcrumbList\",\"@id\":\"https:\\\/\\\/urbeamea.ro\\\/albaiulia\\\/marti-1-august-se-deschide-salonul-de-arta-crestina-la-muzeul-museikon-din-alba-iulia\\\/#breadcrumb\",\"itemListElement\":[{\"@type\":\"ListItem\",\"position\":1,\"name\":\"Prima pagin\u0103\",\"item\":\"https:\\\/\\\/urbeamea.ro\\\/albaiulia\\\/\"},{\"@type\":\"ListItem\",\"position\":2,\"name\":\"Mar\u021bi, 1 august se deschide Salonul de Art\u0103 Cre\u0219tin\u0103 la Muzeul Museikon din Alba Iulia.\"}]},{\"@type\":\"WebSite\",\"@id\":\"https:\\\/\\\/urbeamea.ro\\\/albaiulia\\\/#website\",\"url\":\"https:\\\/\\\/urbeamea.ro\\\/albaiulia\\\/\",\"name\":\"Revista Urbea Mea, Stiri urbane\",\"description\":\"Evenimente \u0219i \u0219tiri din Alba Iulia, Sebe\u0219, Aiud, Blaj\",\"potentialAction\":[{\"@type\":\"SearchAction\",\"target\":{\"@type\":\"EntryPoint\",\"urlTemplate\":\"https:\\\/\\\/urbeamea.ro\\\/albaiulia\\\/?s={search_term_string}\"},\"query-input\":{\"@type\":\"PropertyValueSpecification\",\"valueRequired\":true,\"valueName\":\"search_term_string\"}}],\"inLanguage\":\"ro-RO\"},{\"@type\":\"Person\",\"@id\":\"https:\\\/\\\/urbeamea.ro\\\/albaiulia\\\/#\\\/schema\\\/person\\\/a115373ce8153754c6b084232d985956\",\"name\":\"Bogdan P\u0103unescu\",\"image\":{\"@type\":\"ImageObject\",\"inLanguage\":\"ro-RO\",\"@id\":\"https:\\\/\\\/secure.gravatar.com\\\/avatar\\\/f72aa881b5a32ea110a53aabc2049429e3ff68fcb09d283722d01fbf330e9dd9?s=96&d=mm&r=g\",\"url\":\"https:\\\/\\\/secure.gravatar.com\\\/avatar\\\/f72aa881b5a32ea110a53aabc2049429e3ff68fcb09d283722d01fbf330e9dd9?s=96&d=mm&r=g\",\"contentUrl\":\"https:\\\/\\\/secure.gravatar.com\\\/avatar\\\/f72aa881b5a32ea110a53aabc2049429e3ff68fcb09d283722d01fbf330e9dd9?s=96&d=mm&r=g\",\"caption\":\"Bogdan P\u0103unescu\"},\"description\":\"\u00cemi place tot ceea ce este legat de web \u015fi ajut la dezvoltarea \u015fi \u00eembun\u0103t\u0103\u0163irea lui prin tot ceea ce fac.\",\"sameAs\":[\"https:\\\/\\\/www.artonmedia.ro\",\"https:\\\/\\\/www.facebook.com\\\/bogdanvpaunescu\"],\"url\":\"https:\\\/\\\/urbeamea.ro\\\/albaiulia\\\/author\\\/bogdan-paunescu\\\/\"}]}<\/script>\n<!-- \/ Yoast SEO plugin. -->","yoast_head_json":{"title":"Mar\u021bi, 1 august se deschide Salonul de Art\u0103 Cre\u0219tin\u0103 la Muzeul Museikon din Alba Iulia. - Revista Urbea Mea - Revista de Alba","description":"Pe \u00eentreaga durat\u0103 a lunii august 2023 Muzeul Icoanei Museikon din Alba Iulia este, \u00een galeria dedicat\u0103 expozi\u021biilor temporare, gazda Salonului de Art\u0103","robots":{"index":"index","follow":"follow","max-snippet":"max-snippet:-1","max-image-preview":"max-image-preview:large","max-video-preview":"max-video-preview:-1"},"canonical":"https:\/\/urbeamea.ro\/albaiulia\/marti-1-august-se-deschide-salonul-de-arta-crestina-la-muzeul-museikon-din-alba-iulia\/","twitter_card":"summary_large_image","twitter_title":"Mar\u021bi, 1 august se deschide Salonul de Art\u0103 Cre\u0219tin\u0103 la Muzeul Museikon din Alba Iulia. - Revista Urbea Mea - Revista de Alba","twitter_description":"Pe \u00eentreaga durat\u0103 a lunii august 2023 Muzeul Icoanei Museikon din Alba Iulia este, \u00een galeria dedicat\u0103 expozi\u021biilor temporare, gazda Salonului de Art\u0103","twitter_image":"https:\/\/urbeamea.ro\/albaiulia\/wp-content\/uploads\/2023\/07\/IMG-20230725-WA0001.jpg","twitter_creator":"@urbeameaweb","twitter_site":"@urbeameaweb","schema":{"@context":"https:\/\/schema.org","@graph":[{"@type":"Article","@id":"https:\/\/urbeamea.ro\/albaiulia\/marti-1-august-se-deschide-salonul-de-arta-crestina-la-muzeul-museikon-din-alba-iulia\/#article","isPartOf":{"@id":"https:\/\/urbeamea.ro\/albaiulia\/marti-1-august-se-deschide-salonul-de-arta-crestina-la-muzeul-museikon-din-alba-iulia\/"},"author":{"name":"Bogdan P\u0103unescu","@id":"https:\/\/urbeamea.ro\/albaiulia\/#\/schema\/person\/a115373ce8153754c6b084232d985956"},"headline":"Mar\u021bi, 1 august se deschide Salonul de Art\u0103 Cre\u0219tin\u0103 la Muzeul Museikon din Alba Iulia.","datePublished":"2023-07-31T07:29:42+00:00","dateModified":"2023-07-31T07:29:44+00:00","mainEntityOfPage":{"@id":"https:\/\/urbeamea.ro\/albaiulia\/marti-1-august-se-deschide-salonul-de-arta-crestina-la-muzeul-museikon-din-alba-iulia\/"},"wordCount":518,"commentCount":0,"image":{"@id":"https:\/\/urbeamea.ro\/albaiulia\/marti-1-august-se-deschide-salonul-de-arta-crestina-la-muzeul-museikon-din-alba-iulia\/#primaryimage"},"thumbnailUrl":"https:\/\/urbeamea.ro\/albaiulia\/wp-content\/uploads\/2023\/07\/IMG-20230725-WA0001.jpg","keywords":["Salon de Arta Crestina Alba Iulia"],"articleSection":["Evenimente"],"inLanguage":"ro-RO","potentialAction":[{"@type":"CommentAction","name":"Comment","target":["https:\/\/urbeamea.ro\/albaiulia\/marti-1-august-se-deschide-salonul-de-arta-crestina-la-muzeul-museikon-din-alba-iulia\/#respond"]}]},{"@type":"WebPage","@id":"https:\/\/urbeamea.ro\/albaiulia\/marti-1-august-se-deschide-salonul-de-arta-crestina-la-muzeul-museikon-din-alba-iulia\/","url":"https:\/\/urbeamea.ro\/albaiulia\/marti-1-august-se-deschide-salonul-de-arta-crestina-la-muzeul-museikon-din-alba-iulia\/","name":"Mar\u021bi, 1 august se deschide Salonul de Art\u0103 Cre\u0219tin\u0103 la Muzeul Museikon din Alba Iulia. - Revista Urbea Mea - Revista de Alba","isPartOf":{"@id":"https:\/\/urbeamea.ro\/albaiulia\/#website"},"primaryImageOfPage":{"@id":"https:\/\/urbeamea.ro\/albaiulia\/marti-1-august-se-deschide-salonul-de-arta-crestina-la-muzeul-museikon-din-alba-iulia\/#primaryimage"},"image":{"@id":"https:\/\/urbeamea.ro\/albaiulia\/marti-1-august-se-deschide-salonul-de-arta-crestina-la-muzeul-museikon-din-alba-iulia\/#primaryimage"},"thumbnailUrl":"https:\/\/urbeamea.ro\/albaiulia\/wp-content\/uploads\/2023\/07\/IMG-20230725-WA0001.jpg","datePublished":"2023-07-31T07:29:42+00:00","dateModified":"2023-07-31T07:29:44+00:00","author":{"@id":"https:\/\/urbeamea.ro\/albaiulia\/#\/schema\/person\/a115373ce8153754c6b084232d985956"},"description":"Pe \u00eentreaga durat\u0103 a lunii august 2023 Muzeul Icoanei Museikon din Alba Iulia este, \u00een galeria dedicat\u0103 expozi\u021biilor temporare, gazda Salonului de Art\u0103","breadcrumb":{"@id":"https:\/\/urbeamea.ro\/albaiulia\/marti-1-august-se-deschide-salonul-de-arta-crestina-la-muzeul-museikon-din-alba-iulia\/#breadcrumb"},"inLanguage":"ro-RO","potentialAction":[{"@type":"ReadAction","target":["https:\/\/urbeamea.ro\/albaiulia\/marti-1-august-se-deschide-salonul-de-arta-crestina-la-muzeul-museikon-din-alba-iulia\/"]}]},{"@type":"ImageObject","inLanguage":"ro-RO","@id":"https:\/\/urbeamea.ro\/albaiulia\/marti-1-august-se-deschide-salonul-de-arta-crestina-la-muzeul-museikon-din-alba-iulia\/#primaryimage","url":"https:\/\/urbeamea.ro\/albaiulia\/wp-content\/uploads\/2023\/07\/IMG-20230725-WA0001.jpg","contentUrl":"https:\/\/urbeamea.ro\/albaiulia\/wp-content\/uploads\/2023\/07\/IMG-20230725-WA0001.jpg","width":1130,"height":1600},{"@type":"BreadcrumbList","@id":"https:\/\/urbeamea.ro\/albaiulia\/marti-1-august-se-deschide-salonul-de-arta-crestina-la-muzeul-museikon-din-alba-iulia\/#breadcrumb","itemListElement":[{"@type":"ListItem","position":1,"name":"Prima pagin\u0103","item":"https:\/\/urbeamea.ro\/albaiulia\/"},{"@type":"ListItem","position":2,"name":"Mar\u021bi, 1 august se deschide Salonul de Art\u0103 Cre\u0219tin\u0103 la Muzeul Museikon din Alba Iulia."}]},{"@type":"WebSite","@id":"https:\/\/urbeamea.ro\/albaiulia\/#website","url":"https:\/\/urbeamea.ro\/albaiulia\/","name":"Revista Urbea Mea, Stiri urbane","description":"Evenimente \u0219i \u0219tiri din Alba Iulia, Sebe\u0219, Aiud, Blaj","potentialAction":[{"@type":"SearchAction","target":{"@type":"EntryPoint","urlTemplate":"https:\/\/urbeamea.ro\/albaiulia\/?s={search_term_string}"},"query-input":{"@type":"PropertyValueSpecification","valueRequired":true,"valueName":"search_term_string"}}],"inLanguage":"ro-RO"},{"@type":"Person","@id":"https:\/\/urbeamea.ro\/albaiulia\/#\/schema\/person\/a115373ce8153754c6b084232d985956","name":"Bogdan P\u0103unescu","image":{"@type":"ImageObject","inLanguage":"ro-RO","@id":"https:\/\/secure.gravatar.com\/avatar\/f72aa881b5a32ea110a53aabc2049429e3ff68fcb09d283722d01fbf330e9dd9?s=96&d=mm&r=g","url":"https:\/\/secure.gravatar.com\/avatar\/f72aa881b5a32ea110a53aabc2049429e3ff68fcb09d283722d01fbf330e9dd9?s=96&d=mm&r=g","contentUrl":"https:\/\/secure.gravatar.com\/avatar\/f72aa881b5a32ea110a53aabc2049429e3ff68fcb09d283722d01fbf330e9dd9?s=96&d=mm&r=g","caption":"Bogdan P\u0103unescu"},"description":"\u00cemi place tot ceea ce este legat de web \u015fi ajut la dezvoltarea \u015fi \u00eembun\u0103t\u0103\u0163irea lui prin tot ceea ce fac.","sameAs":["https:\/\/www.artonmedia.ro","https:\/\/www.facebook.com\/bogdanvpaunescu"],"url":"https:\/\/urbeamea.ro\/albaiulia\/author\/bogdan-paunescu\/"}]}},"_links":{"self":[{"href":"https:\/\/urbeamea.ro\/albaiulia\/wp-json\/wp\/v2\/posts\/108620","targetHints":{"allow":["GET"]}}],"collection":[{"href":"https:\/\/urbeamea.ro\/albaiulia\/wp-json\/wp\/v2\/posts"}],"about":[{"href":"https:\/\/urbeamea.ro\/albaiulia\/wp-json\/wp\/v2\/types\/post"}],"author":[{"embeddable":true,"href":"https:\/\/urbeamea.ro\/albaiulia\/wp-json\/wp\/v2\/users\/5"}],"replies":[{"embeddable":true,"href":"https:\/\/urbeamea.ro\/albaiulia\/wp-json\/wp\/v2\/comments?post=108620"}],"version-history":[{"count":1,"href":"https:\/\/urbeamea.ro\/albaiulia\/wp-json\/wp\/v2\/posts\/108620\/revisions"}],"predecessor-version":[{"id":108622,"href":"https:\/\/urbeamea.ro\/albaiulia\/wp-json\/wp\/v2\/posts\/108620\/revisions\/108622"}],"wp:featuredmedia":[{"embeddable":true,"href":"https:\/\/urbeamea.ro\/albaiulia\/wp-json\/wp\/v2\/media\/108621"}],"wp:attachment":[{"href":"https:\/\/urbeamea.ro\/albaiulia\/wp-json\/wp\/v2\/media?parent=108620"}],"wp:term":[{"taxonomy":"category","embeddable":true,"href":"https:\/\/urbeamea.ro\/albaiulia\/wp-json\/wp\/v2\/categories?post=108620"},{"taxonomy":"post_tag","embeddable":true,"href":"https:\/\/urbeamea.ro\/albaiulia\/wp-json\/wp\/v2\/tags?post=108620"}],"curies":[{"name":"wp","href":"https:\/\/api.w.org\/{rel}","templated":true}]}}