{"id":108624,"date":"2023-08-03T10:43:15","date_gmt":"2023-08-03T07:43:15","guid":{"rendered":"https:\/\/urbeamea.ro\/albaiulia\/?p=108624"},"modified":"2023-08-03T10:45:11","modified_gmt":"2023-08-03T07:45:11","slug":"program-complet-festivalul-roman-apulum-batalia-pentru-dacia-11-14-august","status":"publish","type":"post","link":"https:\/\/urbeamea.ro\/albaiulia\/program-complet-festivalul-roman-apulum-batalia-pentru-dacia-11-14-august\/","title":{"rendered":"Program complet Festivalul Roman Apulum &#8211; B\u0103t\u0103lia pentru Dacia, 11 &#8211; 14 august"},"content":{"rendered":"\n<h3 class=\"wp-block-heading\">Festivalul Roman Apulum revine anul acesta cu o nou\u0103 edi\u021bie, intitulat\u0103 sugestiv: B\u0103t\u0103lia pentru Dacia.<\/h3>\n\n\n\n<p>PROGRAM<\/p>\n\n\n\n<p><strong>Vineri, 11 august<\/strong><br>16.30 \u2013 Conferin\u021ba \u0219tiin\u021bific\u0103:<br>\u201dEX EQVITE\u201d la Apulum, ultima cas\u0103 a unui cavaler dardan. O poveste arheologic\u0103 spus\u0103 de Anca Timofan &amp; echipa de cercetare (Anca Mati\u0219, Andrei Buta, Iulian Florea, \u0218tefan Borza).<br>Muzeul Principia<\/p>\n\n\n\n<p><strong>S\u00e2mb\u0103t\u0103, 12 august<\/strong><br>11.00 Ceremonia oficial\u0103 de deschidere a festivalului<br>Esplanada Catedralei Romano-Catolice<\/p>\n\n\n\n<p>11.20 Parada r\u0103zboinicilor romani \u0219i daci<br>Esplanada Catedralei Romano-Catolice \u0219i Strada Mihai Viteazul<\/p>\n\n\n\n<p>11.30 \u2013 20.00 Tab\u0103ra antic\u0103 &#8211; ateliere militare \u0219i me\u0219te\u0219ug\u0103re\u0219ti (Gastronomie antic\u0103, Prelucrare os, Prelucrare lemn, Ol\u0103rit, Monet\u0103rie, Signacula, Jocuri romane, Mozaic, Machete, Scriptoria, Inscrip\u021bii \u00een piatr\u0103, Fier\u0103rie, Metaloplastie, Antrenamente solda\u021bi, Antrenamente gladiatori; Tir cu arcul)<br>Platou strada Militari \u2013 tab\u0103ra roman\u0103<br>Curtea Palatului copiilor \u2013 tab\u0103ra dacilor \u0219i alia\u021bilor lor<br>12.00 Tur ghidat al principalelor obiective romane ale castrului Apulum<br>Pornire de la Muzeul Principia<br>18.45 Prezent\u0103ri \u0219i demonstra\u021bii militare ale trupelor participante<br>Esplanada Catedralei Romano-Catolice<\/p>\n\n\n\n<p>19.30 Dansuri antice \u2013 Venattrix \u0219i Nimfele Daciei \u0219i Lupte de gladiatori \u2013 Ludus Ursus Nigrus \u0219i Ludus Apulensis<br>Esplanada Catedralei Romano-Catolice<\/p>\n\n\n\n<p>21. 30 &#8211; Parada cu tor\u021be<br>Strada Mihai Viteazul<\/p>\n\n\n\n<p><br><strong>Duminic\u0103, 13 august<\/strong><br>10.30 \u2013 17.00 Tab\u0103ra antic\u0103 &#8211; ateliere militare \u0219i me\u0219te\u0219ug\u0103re\u0219ti (Gastronomie antic\u0103, Prelucrare os, Prelucrare lemn, Ol\u0103rit, Monet\u0103rie, Signacula, Jocuri romane, Mozaic, Machete, Scriptoria, Inscrip\u021bii \u00een piatr\u0103, Fier\u0103rie, Metaloplastie, Antrenamente solda\u021bi, Antrenamente gladiatori; Tir cu arcul)<br>Platou strada Militari \u2013 tab\u0103ra roman\u0103<br>Curtea Palatului copiilor \u2013 tab\u0103ra dacilor \u0219i alia\u021bilor lor<\/p>\n\n\n\n<p>11.00 Tur ghidat al principalelor obiective romane ale castrului Apulum<br>Pornire de la Muzeul Principia<br>12.00 Competi\u021bie sportiv\u0103\/pentatlon antic<br>Esplanada Catedralei Romano-Catolice<\/p>\n\n\n\n<p>18.15 Dansuri antice \u2013 Venattrix \u0219i Nimfele Daciei<br>Esplanada Catedralei Romano-Catolice<\/p>\n\n\n\n<p>19.00 T\u00e2rg de sclavi<br>Esplanada Catedralei Romano-Catolice<\/p>\n\n\n\n<p>19.30 Demonstra\u021bii comune de tehnic\u0103 militar\u0103 ale trupelor participante: Legiunile romane \u0219i R\u0103zboinicii barbari<br>Esplanada Catedralei Romano-Catolice<\/p>\n\n\n\n<p>20.00 B\u0103t\u0103lia pentru Dacia. Pove\u0219tile Columnei<br>Esplanada Catedralei Romano-Catolice<\/p>\n\n\n\n<p>20.45 Cucerirea Sarmizegetusei. Spectacol cu foc<br>Esplanada Catedralei Romano-Catolice<\/p>\n\n\n\n<p><strong>Luni, 14 august<\/strong><br>10.30 &#8211; 17.00 Tab\u0103ra antic\u0103 &#8211; ateliere militare \u0219i me\u0219te\u0219ug\u0103re\u0219ti (Gastronomie antic\u0103, Prelucrare os, Prelucrare lemn, Ol\u0103rit, Monet\u0103rie, Signacula, Jocuri romane, Mozaic, Machete, Scriptoria, Inscrip\u021bii \u00een piatr\u0103, Fier\u0103rie, Metaloplastie, Antrenamente solda\u021bi, Antrenamente gladiatori; Tir cu arcul)<\/p>\n\n\n\n<p>Platou strada Militari &#8211; tab\u0103ra roman\u0103<br>Curtea Palatului Copiilor &#8211; tab\u0103ra dacilor \u0219i alia\u021bilor lor<\/p>\n\n\n\n<p>11.00 Tur ghidat al principalelor obiective romane ale castrului Apulum<br>Pornire de la Muzeul Principia<\/p>\n\n\n\n<p>17.45 Dansuri antice \u2013 Venattrix \u0219i Nimfele Daciei<br>Esplanada Catedralei Romano-Catolice<\/p>\n\n\n\n<p>18.00 Demonstra\u021bii comune de tehnic\u0103 militar\u0103 ale<br>trupelor participante: Legiunile romane \u0219i R\u0103zboinicii barbari<br>Esplanada Catedralei Romano-Catolice<\/p>\n\n\n\n<p>18.30 B\u0103t\u0103lia pentru Dacia \/ Sinuciderea lui Decebal<br>Esplanada Catedralei Romano-Catolice<\/p>\n\n\n\n<p><strong>Mar\u021bi, 15 august<\/strong><br>12.00 Parada trupelor. Ceremonialul de \u00eenchidere a festivalului<br>Esplanada Catedralei Romano-Catolice \u0219i Strada Mihai Viteazul<\/p>\n","protected":false},"excerpt":{"rendered":"<p>Festivalul Roman Apulum revine anul acesta cu o nou\u0103 edi\u021bie, intitulat\u0103 sugestiv: B\u0103t\u0103lia pentru Dacia. PROGRAM Vineri, 11 august16.30 \u2013 Conferin\u021ba \u0219tiin\u021bific\u0103:\u201dEX EQVITE\u201d la Apulum, ultima cas\u0103 a unui cavaler dardan. O poveste arheologic\u0103 spus\u0103 de Anca Timofan &amp; echipa de cercetare (Anca Mati\u0219, Andrei Buta, Iulian Florea, \u0218tefan Borza).Muzeul Principia S\u00e2mb\u0103t\u0103, 12 august11.00 Ceremonia &hellip;<\/p>\n","protected":false},"author":16,"featured_media":108625,"comment_status":"open","ping_status":"open","sticky":false,"template":"","format":"standard","meta":{"inline_featured_image":false,"footnotes":""},"categories":[4],"tags":[1845,24853],"class_list":["post-108624","post","type-post","status-publish","format-standard","has-post-thumbnail","hentry","category-eveniment","tag-festivalul-roman-apulum","tag-festivalul-roman-apulum-batalia-pentru-dacia"],"yoast_head":"<!-- This site is optimized with the Yoast SEO plugin v27.4 - https:\/\/yoast.com\/product\/yoast-seo-wordpress\/ -->\n<title>Program complet Festivalul Roman Apulum - B\u0103t\u0103lia pentru Dacia, 11 - 14 august - Revista Urbea Mea - Revista de Alba<\/title>\n<meta name=\"description\" content=\"Festivalul Roman Apulum revine anul acesta cu o nou\u0103 edi\u021bie, intitulat\u0103 sugestiv: B\u0103t\u0103lia pentru Dacia. PROGRAM Vineri, 11 august16.30 \u2013 Conferin\u021ba\" \/>\n<meta name=\"robots\" content=\"index, follow, max-snippet:-1, max-image-preview:large, max-video-preview:-1\" \/>\n<link rel=\"canonical\" href=\"https:\/\/urbeamea.ro\/albaiulia\/program-complet-festivalul-roman-apulum-batalia-pentru-dacia-11-14-august\/\" \/>\n<meta name=\"twitter:card\" content=\"summary_large_image\" \/>\n<meta name=\"twitter:title\" content=\"Program complet Festivalul Roman Apulum - B\u0103t\u0103lia pentru Dacia, 11 - 14 august - Revista Urbea Mea - Revista de Alba\" \/>\n<meta name=\"twitter:description\" content=\"Festivalul Roman Apulum revine anul acesta cu o nou\u0103 edi\u021bie, intitulat\u0103 sugestiv: B\u0103t\u0103lia pentru Dacia. PROGRAM Vineri, 11 august16.30 \u2013 Conferin\u021ba\" \/>\n<meta name=\"twitter:image\" content=\"https:\/\/urbeamea.ro\/albaiulia\/wp-content\/uploads\/2023\/08\/roman_2023.jpg\" \/>\n<meta name=\"twitter:creator\" content=\"@urbeameaweb\" \/>\n<meta name=\"twitter:site\" content=\"@urbeameaweb\" \/>\n<script type=\"application\/ld+json\" class=\"yoast-schema-graph\">{\"@context\":\"https:\\\/\\\/schema.org\",\"@graph\":[{\"@type\":\"Article\",\"@id\":\"https:\\\/\\\/urbeamea.ro\\\/albaiulia\\\/program-complet-festivalul-roman-apulum-batalia-pentru-dacia-11-14-august\\\/#article\",\"isPartOf\":{\"@id\":\"https:\\\/\\\/urbeamea.ro\\\/albaiulia\\\/program-complet-festivalul-roman-apulum-batalia-pentru-dacia-11-14-august\\\/\"},\"author\":{\"name\":\"Redac\u021bia UrbeaMea\",\"@id\":\"https:\\\/\\\/urbeamea.ro\\\/albaiulia\\\/#\\\/schema\\\/person\\\/272ae98052f8ee8980f59848df070247\"},\"headline\":\"Program complet Festivalul Roman Apulum &#8211; B\u0103t\u0103lia pentru Dacia, 11 &#8211; 14 august\",\"datePublished\":\"2023-08-03T07:43:15+00:00\",\"dateModified\":\"2023-08-03T07:45:11+00:00\",\"mainEntityOfPage\":{\"@id\":\"https:\\\/\\\/urbeamea.ro\\\/albaiulia\\\/program-complet-festivalul-roman-apulum-batalia-pentru-dacia-11-14-august\\\/\"},\"wordCount\":457,\"commentCount\":0,\"image\":{\"@id\":\"https:\\\/\\\/urbeamea.ro\\\/albaiulia\\\/program-complet-festivalul-roman-apulum-batalia-pentru-dacia-11-14-august\\\/#primaryimage\"},\"thumbnailUrl\":\"https:\\\/\\\/urbeamea.ro\\\/albaiulia\\\/wp-content\\\/uploads\\\/2023\\\/08\\\/roman_2023.jpg\",\"keywords\":[\"Festivalul Roman Apulum\",\"Festivalul Roman Apulum - B\u0103t\u0103lia pentru Dacia\"],\"articleSection\":[\"Evenimente\"],\"inLanguage\":\"ro-RO\",\"potentialAction\":[{\"@type\":\"CommentAction\",\"name\":\"Comment\",\"target\":[\"https:\\\/\\\/urbeamea.ro\\\/albaiulia\\\/program-complet-festivalul-roman-apulum-batalia-pentru-dacia-11-14-august\\\/#respond\"]}]},{\"@type\":\"WebPage\",\"@id\":\"https:\\\/\\\/urbeamea.ro\\\/albaiulia\\\/program-complet-festivalul-roman-apulum-batalia-pentru-dacia-11-14-august\\\/\",\"url\":\"https:\\\/\\\/urbeamea.ro\\\/albaiulia\\\/program-complet-festivalul-roman-apulum-batalia-pentru-dacia-11-14-august\\\/\",\"name\":\"Program complet Festivalul Roman Apulum - B\u0103t\u0103lia pentru Dacia, 11 - 14 august - Revista Urbea Mea - Revista de Alba\",\"isPartOf\":{\"@id\":\"https:\\\/\\\/urbeamea.ro\\\/albaiulia\\\/#website\"},\"primaryImageOfPage\":{\"@id\":\"https:\\\/\\\/urbeamea.ro\\\/albaiulia\\\/program-complet-festivalul-roman-apulum-batalia-pentru-dacia-11-14-august\\\/#primaryimage\"},\"image\":{\"@id\":\"https:\\\/\\\/urbeamea.ro\\\/albaiulia\\\/program-complet-festivalul-roman-apulum-batalia-pentru-dacia-11-14-august\\\/#primaryimage\"},\"thumbnailUrl\":\"https:\\\/\\\/urbeamea.ro\\\/albaiulia\\\/wp-content\\\/uploads\\\/2023\\\/08\\\/roman_2023.jpg\",\"datePublished\":\"2023-08-03T07:43:15+00:00\",\"dateModified\":\"2023-08-03T07:45:11+00:00\",\"author\":{\"@id\":\"https:\\\/\\\/urbeamea.ro\\\/albaiulia\\\/#\\\/schema\\\/person\\\/272ae98052f8ee8980f59848df070247\"},\"description\":\"Festivalul Roman Apulum revine anul acesta cu o nou\u0103 edi\u021bie, intitulat\u0103 sugestiv: B\u0103t\u0103lia pentru Dacia. PROGRAM Vineri, 11 august16.30 \u2013 Conferin\u021ba\",\"breadcrumb\":{\"@id\":\"https:\\\/\\\/urbeamea.ro\\\/albaiulia\\\/program-complet-festivalul-roman-apulum-batalia-pentru-dacia-11-14-august\\\/#breadcrumb\"},\"inLanguage\":\"ro-RO\",\"potentialAction\":[{\"@type\":\"ReadAction\",\"target\":[\"https:\\\/\\\/urbeamea.ro\\\/albaiulia\\\/program-complet-festivalul-roman-apulum-batalia-pentru-dacia-11-14-august\\\/\"]}]},{\"@type\":\"ImageObject\",\"inLanguage\":\"ro-RO\",\"@id\":\"https:\\\/\\\/urbeamea.ro\\\/albaiulia\\\/program-complet-festivalul-roman-apulum-batalia-pentru-dacia-11-14-august\\\/#primaryimage\",\"url\":\"https:\\\/\\\/urbeamea.ro\\\/albaiulia\\\/wp-content\\\/uploads\\\/2023\\\/08\\\/roman_2023.jpg\",\"contentUrl\":\"https:\\\/\\\/urbeamea.ro\\\/albaiulia\\\/wp-content\\\/uploads\\\/2023\\\/08\\\/roman_2023.jpg\",\"width\":1600,\"height\":841},{\"@type\":\"BreadcrumbList\",\"@id\":\"https:\\\/\\\/urbeamea.ro\\\/albaiulia\\\/program-complet-festivalul-roman-apulum-batalia-pentru-dacia-11-14-august\\\/#breadcrumb\",\"itemListElement\":[{\"@type\":\"ListItem\",\"position\":1,\"name\":\"Prima pagin\u0103\",\"item\":\"https:\\\/\\\/urbeamea.ro\\\/albaiulia\\\/\"},{\"@type\":\"ListItem\",\"position\":2,\"name\":\"Program complet Festivalul Roman Apulum &#8211; B\u0103t\u0103lia pentru Dacia, 11 &#8211; 14 august\"}]},{\"@type\":\"WebSite\",\"@id\":\"https:\\\/\\\/urbeamea.ro\\\/albaiulia\\\/#website\",\"url\":\"https:\\\/\\\/urbeamea.ro\\\/albaiulia\\\/\",\"name\":\"Revista Urbea Mea, Stiri urbane\",\"description\":\"Evenimente \u0219i \u0219tiri din Alba Iulia, Sebe\u0219, Aiud, Blaj\",\"potentialAction\":[{\"@type\":\"SearchAction\",\"target\":{\"@type\":\"EntryPoint\",\"urlTemplate\":\"https:\\\/\\\/urbeamea.ro\\\/albaiulia\\\/?s={search_term_string}\"},\"query-input\":{\"@type\":\"PropertyValueSpecification\",\"valueRequired\":true,\"valueName\":\"search_term_string\"}}],\"inLanguage\":\"ro-RO\"},{\"@type\":\"Person\",\"@id\":\"https:\\\/\\\/urbeamea.ro\\\/albaiulia\\\/#\\\/schema\\\/person\\\/272ae98052f8ee8980f59848df070247\",\"name\":\"Redac\u021bia UrbeaMea\",\"image\":{\"@type\":\"ImageObject\",\"inLanguage\":\"ro-RO\",\"@id\":\"https:\\\/\\\/secure.gravatar.com\\\/avatar\\\/9ce5a9435071fa1037e8468053ead8e513dbbff59009d3069aadb85506d85a27?s=96&d=mm&r=g\",\"url\":\"https:\\\/\\\/secure.gravatar.com\\\/avatar\\\/9ce5a9435071fa1037e8468053ead8e513dbbff59009d3069aadb85506d85a27?s=96&d=mm&r=g\",\"contentUrl\":\"https:\\\/\\\/secure.gravatar.com\\\/avatar\\\/9ce5a9435071fa1037e8468053ead8e513dbbff59009d3069aadb85506d85a27?s=96&d=mm&r=g\",\"caption\":\"Redac\u021bia UrbeaMea\"},\"description\":\"contact@urbeamea.ro\",\"sameAs\":[\"https:\\\/\\\/www.urbeamea.ro\"],\"url\":\"https:\\\/\\\/urbeamea.ro\\\/albaiulia\\\/author\\\/redactia-urbeamea\\\/\"}]}<\/script>\n<!-- \/ Yoast SEO plugin. -->","yoast_head_json":{"title":"Program complet Festivalul Roman Apulum - B\u0103t\u0103lia pentru Dacia, 11 - 14 august - Revista Urbea Mea - Revista de Alba","description":"Festivalul Roman Apulum revine anul acesta cu o nou\u0103 edi\u021bie, intitulat\u0103 sugestiv: B\u0103t\u0103lia pentru Dacia. PROGRAM Vineri, 11 august16.30 \u2013 Conferin\u021ba","robots":{"index":"index","follow":"follow","max-snippet":"max-snippet:-1","max-image-preview":"max-image-preview:large","max-video-preview":"max-video-preview:-1"},"canonical":"https:\/\/urbeamea.ro\/albaiulia\/program-complet-festivalul-roman-apulum-batalia-pentru-dacia-11-14-august\/","twitter_card":"summary_large_image","twitter_title":"Program complet Festivalul Roman Apulum - B\u0103t\u0103lia pentru Dacia, 11 - 14 august - Revista Urbea Mea - Revista de Alba","twitter_description":"Festivalul Roman Apulum revine anul acesta cu o nou\u0103 edi\u021bie, intitulat\u0103 sugestiv: B\u0103t\u0103lia pentru Dacia. PROGRAM Vineri, 11 august16.30 \u2013 Conferin\u021ba","twitter_image":"https:\/\/urbeamea.ro\/albaiulia\/wp-content\/uploads\/2023\/08\/roman_2023.jpg","twitter_creator":"@urbeameaweb","twitter_site":"@urbeameaweb","schema":{"@context":"https:\/\/schema.org","@graph":[{"@type":"Article","@id":"https:\/\/urbeamea.ro\/albaiulia\/program-complet-festivalul-roman-apulum-batalia-pentru-dacia-11-14-august\/#article","isPartOf":{"@id":"https:\/\/urbeamea.ro\/albaiulia\/program-complet-festivalul-roman-apulum-batalia-pentru-dacia-11-14-august\/"},"author":{"name":"Redac\u021bia UrbeaMea","@id":"https:\/\/urbeamea.ro\/albaiulia\/#\/schema\/person\/272ae98052f8ee8980f59848df070247"},"headline":"Program complet Festivalul Roman Apulum &#8211; B\u0103t\u0103lia pentru Dacia, 11 &#8211; 14 august","datePublished":"2023-08-03T07:43:15+00:00","dateModified":"2023-08-03T07:45:11+00:00","mainEntityOfPage":{"@id":"https:\/\/urbeamea.ro\/albaiulia\/program-complet-festivalul-roman-apulum-batalia-pentru-dacia-11-14-august\/"},"wordCount":457,"commentCount":0,"image":{"@id":"https:\/\/urbeamea.ro\/albaiulia\/program-complet-festivalul-roman-apulum-batalia-pentru-dacia-11-14-august\/#primaryimage"},"thumbnailUrl":"https:\/\/urbeamea.ro\/albaiulia\/wp-content\/uploads\/2023\/08\/roman_2023.jpg","keywords":["Festivalul Roman Apulum","Festivalul Roman Apulum - B\u0103t\u0103lia pentru Dacia"],"articleSection":["Evenimente"],"inLanguage":"ro-RO","potentialAction":[{"@type":"CommentAction","name":"Comment","target":["https:\/\/urbeamea.ro\/albaiulia\/program-complet-festivalul-roman-apulum-batalia-pentru-dacia-11-14-august\/#respond"]}]},{"@type":"WebPage","@id":"https:\/\/urbeamea.ro\/albaiulia\/program-complet-festivalul-roman-apulum-batalia-pentru-dacia-11-14-august\/","url":"https:\/\/urbeamea.ro\/albaiulia\/program-complet-festivalul-roman-apulum-batalia-pentru-dacia-11-14-august\/","name":"Program complet Festivalul Roman Apulum - B\u0103t\u0103lia pentru Dacia, 11 - 14 august - Revista Urbea Mea - Revista de Alba","isPartOf":{"@id":"https:\/\/urbeamea.ro\/albaiulia\/#website"},"primaryImageOfPage":{"@id":"https:\/\/urbeamea.ro\/albaiulia\/program-complet-festivalul-roman-apulum-batalia-pentru-dacia-11-14-august\/#primaryimage"},"image":{"@id":"https:\/\/urbeamea.ro\/albaiulia\/program-complet-festivalul-roman-apulum-batalia-pentru-dacia-11-14-august\/#primaryimage"},"thumbnailUrl":"https:\/\/urbeamea.ro\/albaiulia\/wp-content\/uploads\/2023\/08\/roman_2023.jpg","datePublished":"2023-08-03T07:43:15+00:00","dateModified":"2023-08-03T07:45:11+00:00","author":{"@id":"https:\/\/urbeamea.ro\/albaiulia\/#\/schema\/person\/272ae98052f8ee8980f59848df070247"},"description":"Festivalul Roman Apulum revine anul acesta cu o nou\u0103 edi\u021bie, intitulat\u0103 sugestiv: B\u0103t\u0103lia pentru Dacia. PROGRAM Vineri, 11 august16.30 \u2013 Conferin\u021ba","breadcrumb":{"@id":"https:\/\/urbeamea.ro\/albaiulia\/program-complet-festivalul-roman-apulum-batalia-pentru-dacia-11-14-august\/#breadcrumb"},"inLanguage":"ro-RO","potentialAction":[{"@type":"ReadAction","target":["https:\/\/urbeamea.ro\/albaiulia\/program-complet-festivalul-roman-apulum-batalia-pentru-dacia-11-14-august\/"]}]},{"@type":"ImageObject","inLanguage":"ro-RO","@id":"https:\/\/urbeamea.ro\/albaiulia\/program-complet-festivalul-roman-apulum-batalia-pentru-dacia-11-14-august\/#primaryimage","url":"https:\/\/urbeamea.ro\/albaiulia\/wp-content\/uploads\/2023\/08\/roman_2023.jpg","contentUrl":"https:\/\/urbeamea.ro\/albaiulia\/wp-content\/uploads\/2023\/08\/roman_2023.jpg","width":1600,"height":841},{"@type":"BreadcrumbList","@id":"https:\/\/urbeamea.ro\/albaiulia\/program-complet-festivalul-roman-apulum-batalia-pentru-dacia-11-14-august\/#breadcrumb","itemListElement":[{"@type":"ListItem","position":1,"name":"Prima pagin\u0103","item":"https:\/\/urbeamea.ro\/albaiulia\/"},{"@type":"ListItem","position":2,"name":"Program complet Festivalul Roman Apulum &#8211; B\u0103t\u0103lia pentru Dacia, 11 &#8211; 14 august"}]},{"@type":"WebSite","@id":"https:\/\/urbeamea.ro\/albaiulia\/#website","url":"https:\/\/urbeamea.ro\/albaiulia\/","name":"Revista Urbea Mea, Stiri urbane","description":"Evenimente \u0219i \u0219tiri din Alba Iulia, Sebe\u0219, Aiud, Blaj","potentialAction":[{"@type":"SearchAction","target":{"@type":"EntryPoint","urlTemplate":"https:\/\/urbeamea.ro\/albaiulia\/?s={search_term_string}"},"query-input":{"@type":"PropertyValueSpecification","valueRequired":true,"valueName":"search_term_string"}}],"inLanguage":"ro-RO"},{"@type":"Person","@id":"https:\/\/urbeamea.ro\/albaiulia\/#\/schema\/person\/272ae98052f8ee8980f59848df070247","name":"Redac\u021bia UrbeaMea","image":{"@type":"ImageObject","inLanguage":"ro-RO","@id":"https:\/\/secure.gravatar.com\/avatar\/9ce5a9435071fa1037e8468053ead8e513dbbff59009d3069aadb85506d85a27?s=96&d=mm&r=g","url":"https:\/\/secure.gravatar.com\/avatar\/9ce5a9435071fa1037e8468053ead8e513dbbff59009d3069aadb85506d85a27?s=96&d=mm&r=g","contentUrl":"https:\/\/secure.gravatar.com\/avatar\/9ce5a9435071fa1037e8468053ead8e513dbbff59009d3069aadb85506d85a27?s=96&d=mm&r=g","caption":"Redac\u021bia UrbeaMea"},"description":"contact@urbeamea.ro","sameAs":["https:\/\/www.urbeamea.ro"],"url":"https:\/\/urbeamea.ro\/albaiulia\/author\/redactia-urbeamea\/"}]}},"_links":{"self":[{"href":"https:\/\/urbeamea.ro\/albaiulia\/wp-json\/wp\/v2\/posts\/108624","targetHints":{"allow":["GET"]}}],"collection":[{"href":"https:\/\/urbeamea.ro\/albaiulia\/wp-json\/wp\/v2\/posts"}],"about":[{"href":"https:\/\/urbeamea.ro\/albaiulia\/wp-json\/wp\/v2\/types\/post"}],"author":[{"embeddable":true,"href":"https:\/\/urbeamea.ro\/albaiulia\/wp-json\/wp\/v2\/users\/16"}],"replies":[{"embeddable":true,"href":"https:\/\/urbeamea.ro\/albaiulia\/wp-json\/wp\/v2\/comments?post=108624"}],"version-history":[{"count":2,"href":"https:\/\/urbeamea.ro\/albaiulia\/wp-json\/wp\/v2\/posts\/108624\/revisions"}],"predecessor-version":[{"id":108628,"href":"https:\/\/urbeamea.ro\/albaiulia\/wp-json\/wp\/v2\/posts\/108624\/revisions\/108628"}],"wp:featuredmedia":[{"embeddable":true,"href":"https:\/\/urbeamea.ro\/albaiulia\/wp-json\/wp\/v2\/media\/108625"}],"wp:attachment":[{"href":"https:\/\/urbeamea.ro\/albaiulia\/wp-json\/wp\/v2\/media?parent=108624"}],"wp:term":[{"taxonomy":"category","embeddable":true,"href":"https:\/\/urbeamea.ro\/albaiulia\/wp-json\/wp\/v2\/categories?post=108624"},{"taxonomy":"post_tag","embeddable":true,"href":"https:\/\/urbeamea.ro\/albaiulia\/wp-json\/wp\/v2\/tags?post=108624"}],"curies":[{"name":"wp","href":"https:\/\/api.w.org\/{rel}","templated":true}]}}