{"id":108899,"date":"2023-09-03T12:37:59","date_gmt":"2023-09-03T09:37:59","guid":{"rendered":"https:\/\/urbeamea.ro\/albaiulia\/?p=108899"},"modified":"2023-09-03T12:38:03","modified_gmt":"2023-09-03T09:38:03","slug":"laureatii-galei-tanarului-actor-hop-2023","status":"publish","type":"post","link":"https:\/\/urbeamea.ro\/albaiulia\/laureatii-galei-tanarului-actor-hop-2023\/","title":{"rendered":"Laurea\u0163ii Galei T\u00e2n\u0103rului Actor HOP 2023"},"content":{"rendered":"\n<h3 class=\"wp-block-heading\">Edi\u0163ia a 26-a a Galei T\u00e2n\u0103rului Actor HOP, program de tradi\u021bie al UNITER s-a \u00eencheiat \u00een seara zilei de 2 septembrie, la Casa de Cultur\u0103 a Studen\u021bilor din Alba Iulia.<\/h3>\n\n\n\n<p class=\"wp-block-paragraph\">Direc\u021bia artistic\u0103 a programului fost asigurat\u0103 de regizorii <strong>Alexandru Dabija<\/strong> \u0219i <strong>Leta Popescu<\/strong> care au ales ca tem\u0103 <strong><em>PREZEN\u021aA ACTORULUI, <\/em><\/strong><strong>urm\u0103rind rela\u021bia dintre actor \u0219i mijloacele tehnice \u0219i c\u0103ut\u00e2nd echilibrul dintre specificul teatrului \u0219i tehnologie.<\/strong><strong><\/strong><\/p>\n\n\n\n<p class=\"wp-block-paragraph\"><strong>Juriul de preselec\u021bie <\/strong><strong>\u2013 cel care a decis cine sunt cei care merg \u00een etapa final\u0103 \u2013 a fost format din:<\/strong><strong> George Albert Costea <\/strong><strong>(actor),<\/strong><strong> Alexandru Dabija <\/strong><strong>(regizor),<\/strong><strong> Catinca Dr\u0103g\u0103nescu <\/strong><strong>(regizoare) \u0219i<\/strong><strong> Leta Popescu<\/strong><strong> (regizoare). <\/strong><strong><\/strong><\/p>\n\n\n\n<p class=\"wp-block-paragraph\">Cei <strong>25 de actori<\/strong> selecta\u021bi pentru competi\u021bia de la Alba Iulia (13 arti\u015fti la sec\u0163iunea Individual \u015fi 5 grupuri) au participat la ateliere de crea\u021bie \u0219i masterclass sus\u021binute de arti\u0219tii <strong>Alexandru Dabija, Leta Popescu, Drago\u0219 Buhagiar <\/strong>\u0219i <strong>Andrei Cozlac<\/strong>. \u00cent\u00e2lnirile au avut loc \u00eenaintea concursului, \u00een perioada <strong>26-29 august, <\/strong>la Teatrul de P\u0103pu\u0219i \u201ePrichindel\u201d Alba Iulia \u0219i la Casa de Cultur\u0103 a Studen\u021bilor din Alba Iulia.<\/p>\n\n\n\n<p class=\"wp-block-paragraph\"><strong>Juriul final al concursului <\/strong><strong>\u2013 cel care a analizat<\/strong><strong> <\/strong>presta\u021biile concuren\u021bilor \u0219i a decis c\u00e2\u0219tig\u0103torii premiilor Galei HOP, edi\u021bia 26 \u2013 a fost format din: <strong>Anca Hanu <\/strong><strong>(actri\u021b\u0103),<\/strong><strong> Marcel Iure\u0219 <\/strong><strong>(actor), <\/strong><strong>Anna-Maria Popa <\/strong><strong>(actri\u021b\u0103, manager),<\/strong><strong> Bobi Pricop <\/strong><strong>(regizor) \u0219i<\/strong><strong> C\u0103t\u0103lin \u0218tef\u0103nescu <\/strong><strong>(dramaturg, regizor, realizator TV).<\/strong><strong> <\/strong><strong><\/strong><\/p>\n\n\n\n<p class=\"wp-block-paragraph\">Concursul a fost transmis zilnic online \u00een direct pe site-ul <a href=\"https:\/\/galahop.uniter.ro\/\">https:\/\/galahop.uniter.ro\/<\/a><em> <\/em><em>\u0219i <\/em>contul de Facebook al Galei HOP (<a href=\"https:\/\/www.facebook.com\/GalaHopGalaTanaruluiActor\">https:\/\/www.facebook.com\/GalaHopGalaTanaruluiActor<\/a>).<\/p>\n\n\n\n<p class=\"wp-block-paragraph\">Prezentatorii Galei HOP 2023 au fost actri\u021ba <strong>Ioana Bog\u0103\u021ban<\/strong>, managerul Teatrului de P\u0103pu\u0219i \u201ePrichindel\u201d din Alba Iulia \u0219i actorul <strong>Alexandru Voicu<\/strong>.<\/p>\n\n\n\n<p class=\"wp-block-paragraph\">Felicit\u0103ri concuren\u021bilor HOP 2023! Andrei Marius Barbu, Ama Beschieru, Paul Bondane, Cristina Casian, George Coco\u0219, Alexandru Condurat, Andrei Cristea, Eduard Crucianu, Radu F\u0103rcane, Francesca F\u00fcl\u00f6p, Maria Grosu, Robert Ioan, Oana Jipa, Tudor Manea, Andrei M\u0103rgineanu, R\u0103zvan M\u00eendru\u021b\u0103, Ingrid Neac\u0219u, R\u0103zvan Omot\u0103, Sa\u0219a P\u00e2nzaru, Andrei Ple\u0219a, Sara Pongrac, Gabriela Porumbacu, Denissa Rogoz, Alexandru Romescu, Denisa Vraja.<\/p>\n\n\n\n<p class=\"wp-block-paragraph\">Dorim s\u0103 mul\u021bumim tuturor celor care ne-au fost al\u0103turi \u00een organizarea Galei T\u00e2n\u0103rului Actor HOP 2023! Echipe artistice \u0219i tehnice. Tineri arti\u0219ti. Parteneri. Tuturor \u0219i fiec\u0103ruia \u00een parte. Pentru determinare, dedica\u021bie, generozitate, r\u0103bdare, profesionalism, \u0219i bucuria de a lucra \u00eempreun\u0103.<\/p>\n\n\n\n<p class=\"wp-block-paragraph\"><strong>PREMIILE GALEI T\u00c2N\u0102RULUI ACTOR HOP 2023<\/strong><\/p>\n\n\n\n<p class=\"wp-block-paragraph\"><strong>Premiul \u201e\u015eTEFAN IORDACHE\u201d \u2013 Marele Premiu al Galei T\u00e2n\u0103rului Actor HOP<\/strong><\/p>\n\n\n\n<p class=\"wp-block-paragraph\">a fost acordat actorilor <strong>AMA BESCHIERU<\/strong> \u0219i <strong>ROBERT IOAN<\/strong> pentru momentul \u201eANGAJA\u021aI-M\u0102!\u201d, crea\u021bie colectiv\u0103 cu inser\u021bii din \u201ePesc\u0103ru\u0219ul\u201d de A.P. Cehov.<\/p>\n\n\n\n<p class=\"wp-block-paragraph\">Premiul a fost anun\u021bat de scenograful Drago\u0219 Buhagiar, pre\u0219edinte UNITER.<\/p>\n\n\n\n<p class=\"wp-block-paragraph\"><strong>Premiul pentru cea mai bun\u0103 actri\u0163\u0103<\/strong><\/p>\n\n\n\n<p class=\"wp-block-paragraph\">a fost acordat actri\u0163ei <strong>SA\u0218A P\u00c2NZARU<\/strong>.<\/p>\n\n\n\n<p class=\"wp-block-paragraph\">Premiul a fost anun\u021bat de Dan Mihai Popescu, administrator public al jude\u021bului Alba, co-produc\u0103tor al evenimentului.<\/p>\n\n\n\n<p class=\"wp-block-paragraph\"><strong>Premiul pentru cel mai bun actor<\/strong><\/p>\n\n\n\n<p class=\"wp-block-paragraph\">a fost acordat actorului <strong>R\u0102ZVAN OMOT\u0102<\/strong>.<strong><\/strong><\/p>\n\n\n\n<p class=\"wp-block-paragraph\"><strong>Premiul \u201eCORNEL TODEA\u201d \u2013 Premiul pentru cea mai bun\u0103 trup\u0103 de actori<\/strong><\/p>\n\n\n\n<p class=\"wp-block-paragraph\">a fost acordat actorilor <strong>ANDREI MARIUS BARBU<\/strong> \u0219i <strong>FRANCESCA F\u00dcL\u00d6P<\/strong> pentru&nbsp; momentul <strong>\u201eTIC TAC TOK\u201d<\/strong>, crea\u021bie colectiv\u0103.<\/p>\n\n\n\n<p class=\"wp-block-paragraph\"><em>Premiul este sus\u0163inut de familia Todea, \u00eencep\u00e2nd cu edi\u0163ia a 16-a.<\/em><\/p>\n\n\n\n<p class=\"wp-block-paragraph\">Premiul a fost anun\u021bat de Eunicia Trif, secretar general adjunct al Institutului Cultural Rom\u00e2n.<\/p>\n\n\n\n<p class=\"wp-block-paragraph\"><strong>Premiul \u201eSIC\u0102 ALEXANDRESCU\u201d\u2013 Premiul special al juriului<\/strong><\/p>\n\n\n\n<p class=\"wp-block-paragraph\">a fost acordat actri\u021bei <strong>OANA JIPA <\/strong>pentru \u201eM\u0103garul \u0219i cat\u00e2rul\u201d de Esop (proba impus\u0103).<\/p>\n\n\n\n<p class=\"wp-block-paragraph\"><strong>PREMIII G\u0102ZDUITE<\/strong><\/p>\n\n\n\n<p class=\"wp-block-paragraph\"><strong>Premiul pentru prestan\u0163\u0103, rostire scenic\u0103 \u015fi expresie corporal\u0103<\/strong><\/p>\n\n\n\n<p class=\"wp-block-paragraph\">instituit de actri\u021ba Dorina Laz\u0103r, care l-a delegat pe regizorul Bobi Pricop s\u0103 decid\u0103 acest premiu a fost acordat actri\u021bei <strong>GABRIELA PORUMBACU<\/strong> pentru \u201eACTOR SPECTATOR\u201d, text propriu cu inser\u021bie dup\u0103 \u201eNunt\u0103 \u00eens\u00e2ngerat\u0103\u201d de Federico Garc\u00eda Lorca.<\/p>\n\n\n\n<p class=\"wp-block-paragraph\"><strong>Premiul \u201e1\/10 pentru FILM la TIFF\u201d&nbsp;<\/strong><\/p>\n\n\n\n<p class=\"wp-block-paragraph\">a fost acordat actorului <strong>RADU F\u0102RCANE<\/strong>.<\/p>\n\n\n\n<p class=\"wp-block-paragraph\">Premiul a fost anun\u021bat de Oana Bucur, director de casting.<\/p>\n\n\n\n<p class=\"wp-block-paragraph\"><strong>PREMIILE PUBLICULUI <\/strong>(decise \u00een urma votului pe site-ul <a href=\"http:\/\/www.galahop.uniter.ro\">www.galahop.uniter.ro<\/a>)<strong><\/strong><\/p>\n\n\n\n<p class=\"wp-block-paragraph\">Cea mai bun\u0103 actri\u0163\u0103:<strong> GABRIELA PORUMBACU <\/strong>\u2013 915 voturi<\/p>\n\n\n\n<p class=\"wp-block-paragraph\">Cel mai bun actor: <strong>ALEXANDRU ROMESCU<\/strong> \u2013 603 voturi<\/p>\n\n\n\n<p class=\"wp-block-paragraph\">Cea mai bun\u0103 trup\u0103 de actori:<strong> EDUARD CRUCIANU, RADU F\u0102RCANE, TUDOR MANEA, ANDREI M\u0102RGINEANU, ANDREI PLE\u0218A, SARA PONGRAC<\/strong> \u0219i<strong> DENISA VRAJA <\/strong>pentru momentul<strong> \u201eUNTITLED<\/strong>\u201d, crea\u021bie colectiv\u0103\u2013 959 voturi<\/p>\n\n\n\n<p class=\"wp-block-paragraph\"><strong>GALERIA FOTO \/ VIDEO GALA HOP 2023 <a rel=\"noreferrer noopener\" href=\"https:\/\/galahop.uniter.ro\/foto-video-2023\/\" target=\"_blank\">https:\/\/galahop.uniter.ro\/foto-video-2023\/<\/a><\/strong>credit foto: ANDREI G\u00ceNDAC \u2013 zile de concurscredit foto: FLAVIU DU\u0218A \u2013 zile de atelier\u00a0<\/p>\n\n\n\n<figure class=\"wp-block-gallery has-nested-images columns-default is-cropped wp-block-gallery-1 is-layout-flex wp-block-gallery-is-layout-flex\">\n<figure class=\"wp-block-image size-large\"><a href=\"https:\/\/urbeamea.ro\/albaiulia\/wp-content\/uploads\/2023\/09\/Razvan-Omota.-Gala-HOP-2023.-foto-Andrei-Gindac.jpg\"><img loading=\"lazy\" decoding=\"async\" width=\"1280\" height=\"853\" data-id=\"108907\" src=\"https:\/\/urbeamea.ro\/albaiulia\/wp-content\/uploads\/2023\/09\/Razvan-Omota.-Gala-HOP-2023.-foto-Andrei-Gindac.jpg\" alt=\"\" class=\"wp-image-108907\" srcset=\"https:\/\/urbeamea.ro\/albaiulia\/wp-content\/uploads\/2023\/09\/Razvan-Omota.-Gala-HOP-2023.-foto-Andrei-Gindac.jpg 1280w, https:\/\/urbeamea.ro\/albaiulia\/wp-content\/uploads\/2023\/09\/Razvan-Omota.-Gala-HOP-2023.-foto-Andrei-Gindac-640x427.jpg 640w, https:\/\/urbeamea.ro\/albaiulia\/wp-content\/uploads\/2023\/09\/Razvan-Omota.-Gala-HOP-2023.-foto-Andrei-Gindac-150x100.jpg 150w, https:\/\/urbeamea.ro\/albaiulia\/wp-content\/uploads\/2023\/09\/Razvan-Omota.-Gala-HOP-2023.-foto-Andrei-Gindac-768x512.jpg 768w\" sizes=\"auto, (max-width: 1280px) 100vw, 1280px\" \/><\/a><\/figure>\n\n\n\n<figure class=\"wp-block-image size-large\"><a href=\"https:\/\/urbeamea.ro\/albaiulia\/wp-content\/uploads\/2023\/09\/Sasa-Panzaru.-Gala-HOP-2023.-foto-Andrei-Gindac.jpg\"><img loading=\"lazy\" decoding=\"async\" width=\"1280\" height=\"853\" data-id=\"108906\" src=\"https:\/\/urbeamea.ro\/albaiulia\/wp-content\/uploads\/2023\/09\/Sasa-Panzaru.-Gala-HOP-2023.-foto-Andrei-Gindac.jpg\" alt=\"\" class=\"wp-image-108906\" srcset=\"https:\/\/urbeamea.ro\/albaiulia\/wp-content\/uploads\/2023\/09\/Sasa-Panzaru.-Gala-HOP-2023.-foto-Andrei-Gindac.jpg 1280w, https:\/\/urbeamea.ro\/albaiulia\/wp-content\/uploads\/2023\/09\/Sasa-Panzaru.-Gala-HOP-2023.-foto-Andrei-Gindac-640x427.jpg 640w, https:\/\/urbeamea.ro\/albaiulia\/wp-content\/uploads\/2023\/09\/Sasa-Panzaru.-Gala-HOP-2023.-foto-Andrei-Gindac-150x100.jpg 150w, https:\/\/urbeamea.ro\/albaiulia\/wp-content\/uploads\/2023\/09\/Sasa-Panzaru.-Gala-HOP-2023.-foto-Andrei-Gindac-768x512.jpg 768w\" sizes=\"auto, (max-width: 1280px) 100vw, 1280px\" \/><\/a><\/figure>\n\n\n\n<figure class=\"wp-block-image size-large\"><a href=\"https:\/\/urbeamea.ro\/albaiulia\/wp-content\/uploads\/2023\/09\/Ama-Beschieru-si-Robert-Ioan.-Angajati-ma.-Gala-HOP-2023.-foto-Andrei-Gi.jpg\"><img loading=\"lazy\" decoding=\"async\" width=\"1280\" height=\"853\" data-id=\"108904\" src=\"https:\/\/urbeamea.ro\/albaiulia\/wp-content\/uploads\/2023\/09\/Ama-Beschieru-si-Robert-Ioan.-Angajati-ma.-Gala-HOP-2023.-foto-Andrei-Gi.jpg\" alt=\"\" class=\"wp-image-108904\" srcset=\"https:\/\/urbeamea.ro\/albaiulia\/wp-content\/uploads\/2023\/09\/Ama-Beschieru-si-Robert-Ioan.-Angajati-ma.-Gala-HOP-2023.-foto-Andrei-Gi.jpg 1280w, https:\/\/urbeamea.ro\/albaiulia\/wp-content\/uploads\/2023\/09\/Ama-Beschieru-si-Robert-Ioan.-Angajati-ma.-Gala-HOP-2023.-foto-Andrei-Gi-640x427.jpg 640w, https:\/\/urbeamea.ro\/albaiulia\/wp-content\/uploads\/2023\/09\/Ama-Beschieru-si-Robert-Ioan.-Angajati-ma.-Gala-HOP-2023.-foto-Andrei-Gi-150x100.jpg 150w, https:\/\/urbeamea.ro\/albaiulia\/wp-content\/uploads\/2023\/09\/Ama-Beschieru-si-Robert-Ioan.-Angajati-ma.-Gala-HOP-2023.-foto-Andrei-Gi-768x512.jpg 768w\" sizes=\"auto, (max-width: 1280px) 100vw, 1280px\" \/><\/a><\/figure>\n\n\n\n<figure class=\"wp-block-image size-large\"><a href=\"https:\/\/urbeamea.ro\/albaiulia\/wp-content\/uploads\/2023\/09\/Andrei-Marius-Barbu-si-Francesca-Fulop.-TIC-TAC-TOK.-Gala-HOP-2023.foto-.jpg\"><img loading=\"lazy\" decoding=\"async\" width=\"1280\" height=\"853\" data-id=\"108903\" src=\"https:\/\/urbeamea.ro\/albaiulia\/wp-content\/uploads\/2023\/09\/Andrei-Marius-Barbu-si-Francesca-Fulop.-TIC-TAC-TOK.-Gala-HOP-2023.foto-.jpg\" alt=\"\" class=\"wp-image-108903\" srcset=\"https:\/\/urbeamea.ro\/albaiulia\/wp-content\/uploads\/2023\/09\/Andrei-Marius-Barbu-si-Francesca-Fulop.-TIC-TAC-TOK.-Gala-HOP-2023.foto-.jpg 1280w, https:\/\/urbeamea.ro\/albaiulia\/wp-content\/uploads\/2023\/09\/Andrei-Marius-Barbu-si-Francesca-Fulop.-TIC-TAC-TOK.-Gala-HOP-2023.foto--640x427.jpg 640w, https:\/\/urbeamea.ro\/albaiulia\/wp-content\/uploads\/2023\/09\/Andrei-Marius-Barbu-si-Francesca-Fulop.-TIC-TAC-TOK.-Gala-HOP-2023.foto--150x100.jpg 150w, https:\/\/urbeamea.ro\/albaiulia\/wp-content\/uploads\/2023\/09\/Andrei-Marius-Barbu-si-Francesca-Fulop.-TIC-TAC-TOK.-Gala-HOP-2023.foto--768x512.jpg 768w\" sizes=\"auto, (max-width: 1280px) 100vw, 1280px\" \/><\/a><\/figure>\n\n\n\n<figure class=\"wp-block-image size-large\"><a href=\"https:\/\/urbeamea.ro\/albaiulia\/wp-content\/uploads\/2023\/09\/Gabriela-Porumbacu.-Gala-HOP-2023.-foto-Andrei-Gindac.jpg\"><img loading=\"lazy\" decoding=\"async\" width=\"1280\" height=\"853\" data-id=\"108902\" src=\"https:\/\/urbeamea.ro\/albaiulia\/wp-content\/uploads\/2023\/09\/Gabriela-Porumbacu.-Gala-HOP-2023.-foto-Andrei-Gindac.jpg\" alt=\"\" class=\"wp-image-108902\" srcset=\"https:\/\/urbeamea.ro\/albaiulia\/wp-content\/uploads\/2023\/09\/Gabriela-Porumbacu.-Gala-HOP-2023.-foto-Andrei-Gindac.jpg 1280w, https:\/\/urbeamea.ro\/albaiulia\/wp-content\/uploads\/2023\/09\/Gabriela-Porumbacu.-Gala-HOP-2023.-foto-Andrei-Gindac-640x427.jpg 640w, https:\/\/urbeamea.ro\/albaiulia\/wp-content\/uploads\/2023\/09\/Gabriela-Porumbacu.-Gala-HOP-2023.-foto-Andrei-Gindac-150x100.jpg 150w, https:\/\/urbeamea.ro\/albaiulia\/wp-content\/uploads\/2023\/09\/Gabriela-Porumbacu.-Gala-HOP-2023.-foto-Andrei-Gindac-768x512.jpg 768w\" sizes=\"auto, (max-width: 1280px) 100vw, 1280px\" \/><\/a><\/figure>\n\n\n\n<figure class=\"wp-block-image size-large\"><a href=\"https:\/\/urbeamea.ro\/albaiulia\/wp-content\/uploads\/2023\/09\/Oana-Jipa.-Gala-HOP-2023.-foto-Andrei-Gindac.jpg\"><img loading=\"lazy\" decoding=\"async\" width=\"1280\" height=\"853\" data-id=\"108901\" src=\"https:\/\/urbeamea.ro\/albaiulia\/wp-content\/uploads\/2023\/09\/Oana-Jipa.-Gala-HOP-2023.-foto-Andrei-Gindac.jpg\" alt=\"\" class=\"wp-image-108901\" srcset=\"https:\/\/urbeamea.ro\/albaiulia\/wp-content\/uploads\/2023\/09\/Oana-Jipa.-Gala-HOP-2023.-foto-Andrei-Gindac.jpg 1280w, https:\/\/urbeamea.ro\/albaiulia\/wp-content\/uploads\/2023\/09\/Oana-Jipa.-Gala-HOP-2023.-foto-Andrei-Gindac-640x427.jpg 640w, https:\/\/urbeamea.ro\/albaiulia\/wp-content\/uploads\/2023\/09\/Oana-Jipa.-Gala-HOP-2023.-foto-Andrei-Gindac-150x100.jpg 150w, https:\/\/urbeamea.ro\/albaiulia\/wp-content\/uploads\/2023\/09\/Oana-Jipa.-Gala-HOP-2023.-foto-Andrei-Gindac-768x512.jpg 768w\" sizes=\"auto, (max-width: 1280px) 100vw, 1280px\" \/><\/a><\/figure>\n\n\n\n<figure class=\"wp-block-image size-large\"><a href=\"https:\/\/urbeamea.ro\/albaiulia\/wp-content\/uploads\/2023\/09\/Radu-Farcane.-Gala-HOP-2023.-foto-Andrei-Gindac.jpg\"><img loading=\"lazy\" decoding=\"async\" width=\"1280\" height=\"853\" data-id=\"108900\" src=\"https:\/\/urbeamea.ro\/albaiulia\/wp-content\/uploads\/2023\/09\/Radu-Farcane.-Gala-HOP-2023.-foto-Andrei-Gindac.jpg\" alt=\"\" class=\"wp-image-108900\" srcset=\"https:\/\/urbeamea.ro\/albaiulia\/wp-content\/uploads\/2023\/09\/Radu-Farcane.-Gala-HOP-2023.-foto-Andrei-Gindac.jpg 1280w, https:\/\/urbeamea.ro\/albaiulia\/wp-content\/uploads\/2023\/09\/Radu-Farcane.-Gala-HOP-2023.-foto-Andrei-Gindac-640x427.jpg 640w, https:\/\/urbeamea.ro\/albaiulia\/wp-content\/uploads\/2023\/09\/Radu-Farcane.-Gala-HOP-2023.-foto-Andrei-Gindac-150x100.jpg 150w, https:\/\/urbeamea.ro\/albaiulia\/wp-content\/uploads\/2023\/09\/Radu-Farcane.-Gala-HOP-2023.-foto-Andrei-Gindac-768x512.jpg 768w\" sizes=\"auto, (max-width: 1280px) 100vw, 1280px\" \/><\/a><\/figure>\n<\/figure>\n\n\n\n<p class=\"wp-block-paragraph\"><strong>*<\/strong><\/p>\n\n\n\n<p class=\"wp-block-paragraph\"><strong>PARTENERII GALEI T\u00c2N\u0102RULUI ACTOR HOP 2023<\/strong><\/p>\n\n\n\n<p class=\"wp-block-paragraph\"><strong>Produc\u0103tori:<\/strong><\/p>\n\n\n\n<p class=\"wp-block-paragraph\">Asocia\u021bia UNITER \u2013 Uniunea Teatral\u0103 din Rom\u00e2nia<\/p>\n\n\n\n<p class=\"wp-block-paragraph\">Consiliul Jude\u021bean Alba<\/p>\n\n\n\n<p class=\"wp-block-paragraph\">Teatrul de P\u0103pu\u0219i \u201ePrichindel\u201d Alba Iulia<\/p>\n\n\n\n<p class=\"wp-block-paragraph\"><strong>Proiect cultural finan\u021bat de: <\/strong>Ministerul Culturii<\/p>\n\n\n\n<p class=\"wp-block-paragraph\"><strong>Co-produc\u0103tor: <\/strong>Societatea Rom\u00e2n\u0103 de Televiziune<\/p>\n\n\n\n<p class=\"wp-block-paragraph\"><strong>Partener media tradi\u021bional:&nbsp; <\/strong>Societatea Rom\u00e2n\u0103 de Radiodifuziune<\/p>\n\n\n\n<p class=\"wp-block-paragraph\"><strong>Co-finan\u021bator:<\/strong><\/p>\n\n\n\n<p class=\"wp-block-paragraph\">Prim\u0103ria Sector 5 Bucure\u015fti prin Centrul Cultural \u0219i de Tineret \u201e\u0218tefan Iordache\u201d<\/p>\n\n\n\n<p class=\"wp-block-paragraph\"><strong>Parteneri:<\/strong><\/p>\n\n\n\n<p class=\"wp-block-paragraph\">Prim\u0103ria Municipiului Alba Iulia<\/p>\n\n\n\n<p class=\"wp-block-paragraph\">Casa de Cultur\u0103 a Studen\u021bilor Alba Iulia<\/p>\n\n\n\n<p class=\"wp-block-paragraph\">Institutul Cultural Rom\u00e2n<\/p>\n\n\n\n<p class=\"wp-block-paragraph\">TIFF \u2013 Festivalul Interna\u021bional de Film Transilvania<\/p>\n\n\n\n<p class=\"wp-block-paragraph\">ITI \u2013 Institutul Interna\u021bional de Teatru, Sec\u0163ia Rom\u00e2n\u0103<\/p>\n\n\n\n<p class=\"wp-block-paragraph\"><strong>Partener media principal: <\/strong>Radio Guerrilla<\/p>\n\n\n\n<p class=\"wp-block-paragraph\"><strong>Partener cultural: <\/strong>Radio RFI Rom\u00e2nia<\/p>\n\n\n\n<p class=\"wp-block-paragraph\"><strong>Parteneri media:<\/strong><\/p>\n\n\n\n<p class=\"wp-block-paragraph\">Ziarul Metropolis<\/p>\n\n\n\n<p class=\"wp-block-paragraph\">www.happ.ro\u00a0<\/p>\n\n\n\n<p class=\"wp-block-paragraph\">LiterNet<\/p>\n\n\n\n<p class=\"wp-block-paragraph\">Revista Teatrul azi<\/p>\n\n\n\n<p class=\"wp-block-paragraph\">Daily Magazine<\/p>\n\n\n\n<p class=\"wp-block-paragraph\">Zile \u0219i Nop\u021bi<\/p>\n\n\n\n<p class=\"wp-block-paragraph\">urban.ro<\/p>\n\n\n\n<p class=\"wp-block-paragraph\">Revista Urbea Mea<\/p>\n\n\n\n<p class=\"wp-block-paragraph\"><strong>Partener tehnologic: <\/strong>Madd Electronics Group<\/p>\n\n\n\n<p class=\"wp-block-paragraph\"><strong>Eveniment transmis LIVE de: <\/strong>RoEvents<\/p>\n\n\n\n<p class=\"wp-block-paragraph\"><strong>Partener de monitorizare: <\/strong>mediaTrust<\/p>\n\n\n\n<p class=\"wp-block-paragraph\"><strong>Sponsor:<\/strong> Aqua Carpatica<\/p>\n","protected":false},"excerpt":{"rendered":"<p>Edi\u0163ia a 26-a a Galei T\u00e2n\u0103rului Actor HOP, program de tradi\u021bie al UNITER s-a \u00eencheiat \u00een seara zilei de 2 septembrie, la Casa de Cultur\u0103 a Studen\u021bilor din Alba Iulia. Direc\u021bia artistic\u0103 a programului fost asigurat\u0103 de regizorii Alexandru Dabija \u0219i Leta Popescu care au ales ca tem\u0103 PREZEN\u021aA ACTORULUI, urm\u0103rind rela\u021bia dintre actor \u0219i &hellip;<\/p>\n","protected":false},"author":16,"featured_media":108905,"comment_status":"open","ping_status":"open","sticky":false,"template":"","format":"standard","meta":{"inline_featured_image":false,"footnotes":""},"categories":[1],"tags":[],"class_list":["post-108899","post","type-post","status-publish","format-standard","has-post-thumbnail","hentry","category-stiri-urbane"],"yoast_head":"<!-- This site is optimized with the Yoast SEO plugin v28.3 - https:\/\/yoast.com\/product\/yoast-seo-wordpress\/ -->\n<title>Laurea\u0163ii Galei T\u00e2n\u0103rului Actor HOP 2023 - Revista Urbea Mea - Revista de Alba<\/title>\n<meta name=\"description\" content=\"Edi\u0163ia a 26-a a Galei T\u00e2n\u0103rului Actor HOP, program de tradi\u021bie al UNITER s-a \u00eencheiat \u00een seara zilei de 2 septembrie, la Casa de Cultur\u0103 a Studen\u021bilor din\" \/>\n<meta name=\"robots\" content=\"index, follow, max-snippet:-1, max-image-preview:large, max-video-preview:-1\" \/>\n<link rel=\"canonical\" href=\"https:\/\/urbeamea.ro\/albaiulia\/laureatii-galei-tanarului-actor-hop-2023\/\" \/>\n<meta name=\"twitter:card\" content=\"summary_large_image\" \/>\n<meta name=\"twitter:title\" content=\"Laurea\u0163ii Galei T\u00e2n\u0103rului Actor HOP 2023 - Revista Urbea Mea - Revista de Alba\" \/>\n<meta name=\"twitter:description\" content=\"Edi\u0163ia a 26-a a Galei T\u00e2n\u0103rului Actor HOP, program de tradi\u021bie al UNITER s-a \u00eencheiat \u00een seara zilei de 2 septembrie, la Casa de Cultur\u0103 a Studen\u021bilor din\" \/>\n<meta name=\"twitter:image\" content=\"https:\/\/urbeamea.ro\/albaiulia\/wp-content\/uploads\/2023\/09\/ACTORII-GALEI-HOP-2023.-credit-foto-Andrei-Gindac.jpg\" \/>\n<meta name=\"twitter:creator\" content=\"@urbeameaweb\" \/>\n<meta name=\"twitter:site\" content=\"@urbeameaweb\" \/>\n<script type=\"application\/ld+json\" class=\"yoast-schema-graph\">{\"@context\":\"https:\\\/\\\/schema.org\",\"@graph\":[{\"@type\":\"Article\",\"@id\":\"https:\\\/\\\/urbeamea.ro\\\/albaiulia\\\/laureatii-galei-tanarului-actor-hop-2023\\\/#article\",\"isPartOf\":{\"@id\":\"https:\\\/\\\/urbeamea.ro\\\/albaiulia\\\/laureatii-galei-tanarului-actor-hop-2023\\\/\"},\"author\":{\"name\":\"Redac\u021bia UrbeaMea\",\"@id\":\"https:\\\/\\\/urbeamea.ro\\\/albaiulia\\\/#\\\/schema\\\/person\\\/272ae98052f8ee8980f59848df070247\"},\"headline\":\"Laurea\u0163ii Galei T\u00e2n\u0103rului Actor HOP 2023\",\"datePublished\":\"2023-09-03T09:37:59+00:00\",\"dateModified\":\"2023-09-03T09:38:03+00:00\",\"mainEntityOfPage\":{\"@id\":\"https:\\\/\\\/urbeamea.ro\\\/albaiulia\\\/laureatii-galei-tanarului-actor-hop-2023\\\/\"},\"wordCount\":910,\"commentCount\":0,\"image\":{\"@id\":\"https:\\\/\\\/urbeamea.ro\\\/albaiulia\\\/laureatii-galei-tanarului-actor-hop-2023\\\/#primaryimage\"},\"thumbnailUrl\":\"https:\\\/\\\/urbeamea.ro\\\/albaiulia\\\/wp-content\\\/uploads\\\/2023\\\/09\\\/ACTORII-GALEI-HOP-2023.-credit-foto-Andrei-Gindac.jpg\",\"articleSection\":[\"\u015etiri Urbane\"],\"inLanguage\":\"ro-RO\",\"potentialAction\":[{\"@type\":\"CommentAction\",\"name\":\"Comment\",\"target\":[\"https:\\\/\\\/urbeamea.ro\\\/albaiulia\\\/laureatii-galei-tanarului-actor-hop-2023\\\/#respond\"]}]},{\"@type\":\"WebPage\",\"@id\":\"https:\\\/\\\/urbeamea.ro\\\/albaiulia\\\/laureatii-galei-tanarului-actor-hop-2023\\\/\",\"url\":\"https:\\\/\\\/urbeamea.ro\\\/albaiulia\\\/laureatii-galei-tanarului-actor-hop-2023\\\/\",\"name\":\"Laurea\u0163ii Galei T\u00e2n\u0103rului Actor HOP 2023 - Revista Urbea Mea - Revista de Alba\",\"isPartOf\":{\"@id\":\"https:\\\/\\\/urbeamea.ro\\\/albaiulia\\\/#website\"},\"primaryImageOfPage\":{\"@id\":\"https:\\\/\\\/urbeamea.ro\\\/albaiulia\\\/laureatii-galei-tanarului-actor-hop-2023\\\/#primaryimage\"},\"image\":{\"@id\":\"https:\\\/\\\/urbeamea.ro\\\/albaiulia\\\/laureatii-galei-tanarului-actor-hop-2023\\\/#primaryimage\"},\"thumbnailUrl\":\"https:\\\/\\\/urbeamea.ro\\\/albaiulia\\\/wp-content\\\/uploads\\\/2023\\\/09\\\/ACTORII-GALEI-HOP-2023.-credit-foto-Andrei-Gindac.jpg\",\"datePublished\":\"2023-09-03T09:37:59+00:00\",\"dateModified\":\"2023-09-03T09:38:03+00:00\",\"author\":{\"@id\":\"https:\\\/\\\/urbeamea.ro\\\/albaiulia\\\/#\\\/schema\\\/person\\\/272ae98052f8ee8980f59848df070247\"},\"description\":\"Edi\u0163ia a 26-a a Galei T\u00e2n\u0103rului Actor HOP, program de tradi\u021bie al UNITER s-a \u00eencheiat \u00een seara zilei de 2 septembrie, la Casa de Cultur\u0103 a Studen\u021bilor din\",\"breadcrumb\":{\"@id\":\"https:\\\/\\\/urbeamea.ro\\\/albaiulia\\\/laureatii-galei-tanarului-actor-hop-2023\\\/#breadcrumb\"},\"inLanguage\":\"ro-RO\",\"potentialAction\":[{\"@type\":\"ReadAction\",\"target\":[\"https:\\\/\\\/urbeamea.ro\\\/albaiulia\\\/laureatii-galei-tanarului-actor-hop-2023\\\/\"]}]},{\"@type\":\"ImageObject\",\"inLanguage\":\"ro-RO\",\"@id\":\"https:\\\/\\\/urbeamea.ro\\\/albaiulia\\\/laureatii-galei-tanarului-actor-hop-2023\\\/#primaryimage\",\"url\":\"https:\\\/\\\/urbeamea.ro\\\/albaiulia\\\/wp-content\\\/uploads\\\/2023\\\/09\\\/ACTORII-GALEI-HOP-2023.-credit-foto-Andrei-Gindac.jpg\",\"contentUrl\":\"https:\\\/\\\/urbeamea.ro\\\/albaiulia\\\/wp-content\\\/uploads\\\/2023\\\/09\\\/ACTORII-GALEI-HOP-2023.-credit-foto-Andrei-Gindac.jpg\",\"width\":1280,\"height\":853},{\"@type\":\"BreadcrumbList\",\"@id\":\"https:\\\/\\\/urbeamea.ro\\\/albaiulia\\\/laureatii-galei-tanarului-actor-hop-2023\\\/#breadcrumb\",\"itemListElement\":[{\"@type\":\"ListItem\",\"position\":1,\"name\":\"Prima pagin\u0103\",\"item\":\"https:\\\/\\\/urbeamea.ro\\\/albaiulia\\\/\"},{\"@type\":\"ListItem\",\"position\":2,\"name\":\"Laurea\u0163ii Galei T\u00e2n\u0103rului Actor HOP 2023\"}]},{\"@type\":\"WebSite\",\"@id\":\"https:\\\/\\\/urbeamea.ro\\\/albaiulia\\\/#website\",\"url\":\"https:\\\/\\\/urbeamea.ro\\\/albaiulia\\\/\",\"name\":\"Revista Urbea Mea, Stiri urbane\",\"description\":\"Evenimente \u0219i \u0219tiri din Alba Iulia, Sebe\u0219, Aiud, Blaj\",\"potentialAction\":[{\"@type\":\"SearchAction\",\"target\":{\"@type\":\"EntryPoint\",\"urlTemplate\":\"https:\\\/\\\/urbeamea.ro\\\/albaiulia\\\/?s={search_term_string}\"},\"query-input\":{\"@type\":\"PropertyValueSpecification\",\"valueRequired\":true,\"valueName\":\"search_term_string\"}}],\"inLanguage\":\"ro-RO\"},{\"@type\":\"Person\",\"@id\":\"https:\\\/\\\/urbeamea.ro\\\/albaiulia\\\/#\\\/schema\\\/person\\\/272ae98052f8ee8980f59848df070247\",\"name\":\"Redac\u021bia UrbeaMea\",\"image\":{\"@type\":\"ImageObject\",\"inLanguage\":\"ro-RO\",\"@id\":\"https:\\\/\\\/secure.gravatar.com\\\/avatar\\\/9ce5a9435071fa1037e8468053ead8e513dbbff59009d3069aadb85506d85a27?s=96&d=mm&r=g\",\"url\":\"https:\\\/\\\/secure.gravatar.com\\\/avatar\\\/9ce5a9435071fa1037e8468053ead8e513dbbff59009d3069aadb85506d85a27?s=96&d=mm&r=g\",\"contentUrl\":\"https:\\\/\\\/secure.gravatar.com\\\/avatar\\\/9ce5a9435071fa1037e8468053ead8e513dbbff59009d3069aadb85506d85a27?s=96&d=mm&r=g\",\"caption\":\"Redac\u021bia UrbeaMea\"},\"description\":\"contact@urbeamea.ro\",\"sameAs\":[\"https:\\\/\\\/www.urbeamea.ro\"],\"url\":\"https:\\\/\\\/urbeamea.ro\\\/albaiulia\\\/author\\\/redactia-urbeamea\\\/\"}]}<\/script>\n<!-- \/ Yoast SEO plugin. -->","yoast_head_json":{"title":"Laurea\u0163ii Galei T\u00e2n\u0103rului Actor HOP 2023 - Revista Urbea Mea - Revista de Alba","description":"Edi\u0163ia a 26-a a Galei T\u00e2n\u0103rului Actor HOP, program de tradi\u021bie al UNITER s-a \u00eencheiat \u00een seara zilei de 2 septembrie, la Casa de Cultur\u0103 a Studen\u021bilor din","robots":{"index":"index","follow":"follow","max-snippet":"max-snippet:-1","max-image-preview":"max-image-preview:large","max-video-preview":"max-video-preview:-1"},"canonical":"https:\/\/urbeamea.ro\/albaiulia\/laureatii-galei-tanarului-actor-hop-2023\/","twitter_card":"summary_large_image","twitter_title":"Laurea\u0163ii Galei T\u00e2n\u0103rului Actor HOP 2023 - Revista Urbea Mea - Revista de Alba","twitter_description":"Edi\u0163ia a 26-a a Galei T\u00e2n\u0103rului Actor HOP, program de tradi\u021bie al UNITER s-a \u00eencheiat \u00een seara zilei de 2 septembrie, la Casa de Cultur\u0103 a Studen\u021bilor din","twitter_image":"https:\/\/urbeamea.ro\/albaiulia\/wp-content\/uploads\/2023\/09\/ACTORII-GALEI-HOP-2023.-credit-foto-Andrei-Gindac.jpg","twitter_creator":"@urbeameaweb","twitter_site":"@urbeameaweb","schema":{"@context":"https:\/\/schema.org","@graph":[{"@type":"Article","@id":"https:\/\/urbeamea.ro\/albaiulia\/laureatii-galei-tanarului-actor-hop-2023\/#article","isPartOf":{"@id":"https:\/\/urbeamea.ro\/albaiulia\/laureatii-galei-tanarului-actor-hop-2023\/"},"author":{"name":"Redac\u021bia UrbeaMea","@id":"https:\/\/urbeamea.ro\/albaiulia\/#\/schema\/person\/272ae98052f8ee8980f59848df070247"},"headline":"Laurea\u0163ii Galei T\u00e2n\u0103rului Actor HOP 2023","datePublished":"2023-09-03T09:37:59+00:00","dateModified":"2023-09-03T09:38:03+00:00","mainEntityOfPage":{"@id":"https:\/\/urbeamea.ro\/albaiulia\/laureatii-galei-tanarului-actor-hop-2023\/"},"wordCount":910,"commentCount":0,"image":{"@id":"https:\/\/urbeamea.ro\/albaiulia\/laureatii-galei-tanarului-actor-hop-2023\/#primaryimage"},"thumbnailUrl":"https:\/\/urbeamea.ro\/albaiulia\/wp-content\/uploads\/2023\/09\/ACTORII-GALEI-HOP-2023.-credit-foto-Andrei-Gindac.jpg","articleSection":["\u015etiri Urbane"],"inLanguage":"ro-RO","potentialAction":[{"@type":"CommentAction","name":"Comment","target":["https:\/\/urbeamea.ro\/albaiulia\/laureatii-galei-tanarului-actor-hop-2023\/#respond"]}]},{"@type":"WebPage","@id":"https:\/\/urbeamea.ro\/albaiulia\/laureatii-galei-tanarului-actor-hop-2023\/","url":"https:\/\/urbeamea.ro\/albaiulia\/laureatii-galei-tanarului-actor-hop-2023\/","name":"Laurea\u0163ii Galei T\u00e2n\u0103rului Actor HOP 2023 - Revista Urbea Mea - Revista de Alba","isPartOf":{"@id":"https:\/\/urbeamea.ro\/albaiulia\/#website"},"primaryImageOfPage":{"@id":"https:\/\/urbeamea.ro\/albaiulia\/laureatii-galei-tanarului-actor-hop-2023\/#primaryimage"},"image":{"@id":"https:\/\/urbeamea.ro\/albaiulia\/laureatii-galei-tanarului-actor-hop-2023\/#primaryimage"},"thumbnailUrl":"https:\/\/urbeamea.ro\/albaiulia\/wp-content\/uploads\/2023\/09\/ACTORII-GALEI-HOP-2023.-credit-foto-Andrei-Gindac.jpg","datePublished":"2023-09-03T09:37:59+00:00","dateModified":"2023-09-03T09:38:03+00:00","author":{"@id":"https:\/\/urbeamea.ro\/albaiulia\/#\/schema\/person\/272ae98052f8ee8980f59848df070247"},"description":"Edi\u0163ia a 26-a a Galei T\u00e2n\u0103rului Actor HOP, program de tradi\u021bie al UNITER s-a \u00eencheiat \u00een seara zilei de 2 septembrie, la Casa de Cultur\u0103 a Studen\u021bilor din","breadcrumb":{"@id":"https:\/\/urbeamea.ro\/albaiulia\/laureatii-galei-tanarului-actor-hop-2023\/#breadcrumb"},"inLanguage":"ro-RO","potentialAction":[{"@type":"ReadAction","target":["https:\/\/urbeamea.ro\/albaiulia\/laureatii-galei-tanarului-actor-hop-2023\/"]}]},{"@type":"ImageObject","inLanguage":"ro-RO","@id":"https:\/\/urbeamea.ro\/albaiulia\/laureatii-galei-tanarului-actor-hop-2023\/#primaryimage","url":"https:\/\/urbeamea.ro\/albaiulia\/wp-content\/uploads\/2023\/09\/ACTORII-GALEI-HOP-2023.-credit-foto-Andrei-Gindac.jpg","contentUrl":"https:\/\/urbeamea.ro\/albaiulia\/wp-content\/uploads\/2023\/09\/ACTORII-GALEI-HOP-2023.-credit-foto-Andrei-Gindac.jpg","width":1280,"height":853},{"@type":"BreadcrumbList","@id":"https:\/\/urbeamea.ro\/albaiulia\/laureatii-galei-tanarului-actor-hop-2023\/#breadcrumb","itemListElement":[{"@type":"ListItem","position":1,"name":"Prima pagin\u0103","item":"https:\/\/urbeamea.ro\/albaiulia\/"},{"@type":"ListItem","position":2,"name":"Laurea\u0163ii Galei T\u00e2n\u0103rului Actor HOP 2023"}]},{"@type":"WebSite","@id":"https:\/\/urbeamea.ro\/albaiulia\/#website","url":"https:\/\/urbeamea.ro\/albaiulia\/","name":"Revista Urbea Mea, Stiri urbane","description":"Evenimente \u0219i \u0219tiri din Alba Iulia, Sebe\u0219, Aiud, Blaj","potentialAction":[{"@type":"SearchAction","target":{"@type":"EntryPoint","urlTemplate":"https:\/\/urbeamea.ro\/albaiulia\/?s={search_term_string}"},"query-input":{"@type":"PropertyValueSpecification","valueRequired":true,"valueName":"search_term_string"}}],"inLanguage":"ro-RO"},{"@type":"Person","@id":"https:\/\/urbeamea.ro\/albaiulia\/#\/schema\/person\/272ae98052f8ee8980f59848df070247","name":"Redac\u021bia UrbeaMea","image":{"@type":"ImageObject","inLanguage":"ro-RO","@id":"https:\/\/secure.gravatar.com\/avatar\/9ce5a9435071fa1037e8468053ead8e513dbbff59009d3069aadb85506d85a27?s=96&d=mm&r=g","url":"https:\/\/secure.gravatar.com\/avatar\/9ce5a9435071fa1037e8468053ead8e513dbbff59009d3069aadb85506d85a27?s=96&d=mm&r=g","contentUrl":"https:\/\/secure.gravatar.com\/avatar\/9ce5a9435071fa1037e8468053ead8e513dbbff59009d3069aadb85506d85a27?s=96&d=mm&r=g","caption":"Redac\u021bia UrbeaMea"},"description":"contact@urbeamea.ro","sameAs":["https:\/\/www.urbeamea.ro"],"url":"https:\/\/urbeamea.ro\/albaiulia\/author\/redactia-urbeamea\/"}]}},"_links":{"self":[{"href":"https:\/\/urbeamea.ro\/albaiulia\/wp-json\/wp\/v2\/posts\/108899","targetHints":{"allow":["GET"]}}],"collection":[{"href":"https:\/\/urbeamea.ro\/albaiulia\/wp-json\/wp\/v2\/posts"}],"about":[{"href":"https:\/\/urbeamea.ro\/albaiulia\/wp-json\/wp\/v2\/types\/post"}],"author":[{"embeddable":true,"href":"https:\/\/urbeamea.ro\/albaiulia\/wp-json\/wp\/v2\/users\/16"}],"replies":[{"embeddable":true,"href":"https:\/\/urbeamea.ro\/albaiulia\/wp-json\/wp\/v2\/comments?post=108899"}],"version-history":[{"count":1,"href":"https:\/\/urbeamea.ro\/albaiulia\/wp-json\/wp\/v2\/posts\/108899\/revisions"}],"predecessor-version":[{"id":108908,"href":"https:\/\/urbeamea.ro\/albaiulia\/wp-json\/wp\/v2\/posts\/108899\/revisions\/108908"}],"wp:featuredmedia":[{"embeddable":true,"href":"https:\/\/urbeamea.ro\/albaiulia\/wp-json\/wp\/v2\/media\/108905"}],"wp:attachment":[{"href":"https:\/\/urbeamea.ro\/albaiulia\/wp-json\/wp\/v2\/media?parent=108899"}],"wp:term":[{"taxonomy":"category","embeddable":true,"href":"https:\/\/urbeamea.ro\/albaiulia\/wp-json\/wp\/v2\/categories?post=108899"},{"taxonomy":"post_tag","embeddable":true,"href":"https:\/\/urbeamea.ro\/albaiulia\/wp-json\/wp\/v2\/tags?post=108899"}],"curies":[{"name":"wp","href":"https:\/\/api.w.org\/{rel}","templated":true}]}}