{"id":109054,"date":"2023-09-14T11:42:06","date_gmt":"2023-09-14T08:42:06","guid":{"rendered":"https:\/\/urbeamea.ro\/albaiulia\/?p=109054"},"modified":"2023-09-14T11:42:08","modified_gmt":"2023-09-14T08:42:08","slug":"ioan-alexandru-omagiat-de-consiliul-judetean-alba-si-biblioteca-judeteana-lucian-blaga-alba","status":"publish","type":"post","link":"https:\/\/urbeamea.ro\/albaiulia\/ioan-alexandru-omagiat-de-consiliul-judetean-alba-si-biblioteca-judeteana-lucian-blaga-alba\/","title":{"rendered":"Ioan Alexandru, omagiat de Consiliul Jude\u021bean Alba \u0219i Biblioteca Jude\u021bean\u0103 \u201eLucian Blaga\u201d Alba"},"content":{"rendered":"\n<p>S\u00e2mb\u0103t\u0103, 16 septembrie 2023, la 23 de ani de la moartea poetului Ioan Alexandru, Consiliul Jude\u021bean Alba, \u00eempreun\u0103 cu Biblioteca Jude\u021bean\u0103 \u201eLucian Blaga\u201d Alba \u00ee\u0219i propun s\u0103-l readuc\u0103 \u00een aten\u021bia public\u0103 \u0219i s\u0103-l omagieze, printr-o serie de manifest\u0103ri.<\/p>\n\n\n\n<p>V\u0103 invit\u0103m a\u0219adar al\u0103turi de noi, pe Aleea Scriitorilor din Alba Iulia, la ora 12.00, pentru a participa la momentul depunerii de flori, la bustul scriitorului, iar pe parcursul zilei, pe pagina de Facebook a Bibliotecii Jude\u021bene \u201eLucian Blaga\u201d Alba, ve\u021bi putea g\u0103si informa\u021bii interesante despre autorul comemorat.<\/p>\n\n\n\n<p>Ioan Alexandru (n. 25 decembrie 1941, Topa Mic\u0103, jude\u021bul Cluj \u2013 d. 16 septembrie 2000, Bonn, Germania) a fost poet, publicist, eseist \u0219i om politic rom\u00e2n.<\/p>\n\n\n\n<p>\u00cen 1964 a debutat \u00een volum iar mai apoi a avut numeroase apari\u021bii editoriale, culmin\u00e2nd cu serie de imne dedicate diferitelor regiuni istorice ale \u021b\u0103rii. Acestea \u00eel vor impune&nbsp; definitiv printre poe\u021bii de frunte ai genera\u021biei sale. \u00cen 1965 este distins cu Premiul Uniunii Scriitorilor, iar \u00een 1981 cu Premiul Asocia\u021biei Scriitorilor din Bucure\u0219ti.<\/p>\n\n\n\n<p>\u00cen anul 2014, \u00een cadrul Congresului Spiritualit\u0103\u021bii Rom\u00e2ne\u0219ti, la Alba Iulia, pe Aleea Scriitorilor, a avut loc dezvelirea bustului poetului Ioan Alexandru, realizat de artistul plastic Romi Adam.<\/p>\n\n\n\n<p>Dintre c\u0103r\u021bile semnate de marele poet, le amintim aici pe urm\u0103toarele: \u201eCum s\u0103 v\u0103 spun\u201d, \u201eVia\u021ba, deocamdat\u0103\u201d, \u201eInfernul discutabil\u201d, \u201eV\u0103mile pustiei\u201d, \u201eVina\u201d, \u201ePoeme\u201d, \u201eImnele bucuriei\u201d, \u201eImnele Transilvaniei\u201d, \u201eImnele Moldovei\u201d, \u201eImnele \u021a\u0103rii Rom\u00e2ne\u0219ti\u201d, \u201eImnele iubirii\u201d, \u201eImnele Putnei\u201d, \u201eImnele Maramure\u0219ului \u201d, \u201eBat clopotele \u00een Ardeal\u201d, \u201eC\u0103derea zidurilor Ierihonului sau Adev\u0103rul despre Revolu\u021bie\u201d, \u201eAmintirea poetului\u201d, \u201eLumin\u0103 lin\u0103: Imne\u201d \u0219i \u201eIubirea de Patrie\u201d.<\/p>\n\n\n\n<p>La ceas comemorativ, v\u0103 invit\u0103m s\u0103 trece\u021bi pragul Bibliotecii Jude\u021bene \u201eLucian Blaga\u201d Alba, unde v\u0103 punem la dispozi\u021bie colec\u021bia operei sale!<\/p>\n","protected":false},"excerpt":{"rendered":"<p>S\u00e2mb\u0103t\u0103, 16 septembrie 2023, la 23 de ani de la moartea poetului Ioan Alexandru, Consiliul Jude\u021bean Alba, \u00eempreun\u0103 cu Biblioteca Jude\u021bean\u0103 \u201eLucian Blaga\u201d Alba \u00ee\u0219i propun s\u0103-l readuc\u0103 \u00een aten\u021bia public\u0103 \u0219i s\u0103-l omagieze, printr-o serie de manifest\u0103ri. V\u0103 invit\u0103m a\u0219adar al\u0103turi de noi, pe Aleea Scriitorilor din Alba Iulia, la ora 12.00, pentru a &hellip;<\/p>\n","protected":false},"author":16,"featured_media":109055,"comment_status":"open","ping_status":"open","sticky":false,"template":"","format":"standard","meta":{"inline_featured_image":false,"footnotes":""},"categories":[4],"tags":[2113],"class_list":["post-109054","post","type-post","status-publish","format-standard","has-post-thumbnail","hentry","category-eveniment","tag-biblioteca-judeteana-lucian-blaga-alba"],"yoast_head":"<!-- This site is optimized with the Yoast SEO plugin v27.4 - https:\/\/yoast.com\/product\/yoast-seo-wordpress\/ -->\n<title>Ioan Alexandru, omagiat de Consiliul Jude\u021bean Alba \u0219i Biblioteca Jude\u021bean\u0103 \u201eLucian Blaga\u201d Alba - Revista Urbea Mea - Revista de Alba<\/title>\n<meta name=\"description\" content=\"S\u00e2mb\u0103t\u0103, 16 septembrie 2023, la 23 de ani de la moartea poetului Ioan Alexandru, Consiliul Jude\u021bean Alba, \u00eempreun\u0103 cu Biblioteca Jude\u021bean\u0103 \u201eLucian Blaga\u201d\" \/>\n<meta name=\"robots\" content=\"index, follow, max-snippet:-1, max-image-preview:large, max-video-preview:-1\" \/>\n<link rel=\"canonical\" href=\"https:\/\/urbeamea.ro\/albaiulia\/ioan-alexandru-omagiat-de-consiliul-judetean-alba-si-biblioteca-judeteana-lucian-blaga-alba\/\" \/>\n<meta name=\"twitter:card\" content=\"summary_large_image\" \/>\n<meta name=\"twitter:title\" content=\"Ioan Alexandru, omagiat de Consiliul Jude\u021bean Alba \u0219i Biblioteca Jude\u021bean\u0103 \u201eLucian Blaga\u201d Alba - Revista Urbea Mea - Revista de Alba\" \/>\n<meta name=\"twitter:description\" content=\"S\u00e2mb\u0103t\u0103, 16 septembrie 2023, la 23 de ani de la moartea poetului Ioan Alexandru, Consiliul Jude\u021bean Alba, \u00eempreun\u0103 cu Biblioteca Jude\u021bean\u0103 \u201eLucian Blaga\u201d\" \/>\n<meta name=\"twitter:image\" content=\"https:\/\/urbeamea.ro\/albaiulia\/wp-content\/uploads\/2023\/09\/4.4-Monumentele-literaturii-romane-Ion-Alexandru-2023.jpg\" \/>\n<meta name=\"twitter:creator\" content=\"@urbeameaweb\" \/>\n<meta name=\"twitter:site\" content=\"@urbeameaweb\" \/>\n<script type=\"application\/ld+json\" class=\"yoast-schema-graph\">{\"@context\":\"https:\\\/\\\/schema.org\",\"@graph\":[{\"@type\":\"Article\",\"@id\":\"https:\\\/\\\/urbeamea.ro\\\/albaiulia\\\/ioan-alexandru-omagiat-de-consiliul-judetean-alba-si-biblioteca-judeteana-lucian-blaga-alba\\\/#article\",\"isPartOf\":{\"@id\":\"https:\\\/\\\/urbeamea.ro\\\/albaiulia\\\/ioan-alexandru-omagiat-de-consiliul-judetean-alba-si-biblioteca-judeteana-lucian-blaga-alba\\\/\"},\"author\":{\"name\":\"Redac\u021bia UrbeaMea\",\"@id\":\"https:\\\/\\\/urbeamea.ro\\\/albaiulia\\\/#\\\/schema\\\/person\\\/272ae98052f8ee8980f59848df070247\"},\"headline\":\"Ioan Alexandru, omagiat de Consiliul Jude\u021bean Alba \u0219i Biblioteca Jude\u021bean\u0103 \u201eLucian Blaga\u201d Alba\",\"datePublished\":\"2023-09-14T08:42:06+00:00\",\"dateModified\":\"2023-09-14T08:42:08+00:00\",\"mainEntityOfPage\":{\"@id\":\"https:\\\/\\\/urbeamea.ro\\\/albaiulia\\\/ioan-alexandru-omagiat-de-consiliul-judetean-alba-si-biblioteca-judeteana-lucian-blaga-alba\\\/\"},\"wordCount\":318,\"commentCount\":0,\"image\":{\"@id\":\"https:\\\/\\\/urbeamea.ro\\\/albaiulia\\\/ioan-alexandru-omagiat-de-consiliul-judetean-alba-si-biblioteca-judeteana-lucian-blaga-alba\\\/#primaryimage\"},\"thumbnailUrl\":\"https:\\\/\\\/urbeamea.ro\\\/albaiulia\\\/wp-content\\\/uploads\\\/2023\\\/09\\\/4.4-Monumentele-literaturii-romane-Ion-Alexandru-2023.jpg\",\"keywords\":[\"Biblioteca Jude\u0163ean\u0103 \u201cLucian Blaga\u201d Alba\"],\"articleSection\":[\"Evenimente\"],\"inLanguage\":\"ro-RO\",\"potentialAction\":[{\"@type\":\"CommentAction\",\"name\":\"Comment\",\"target\":[\"https:\\\/\\\/urbeamea.ro\\\/albaiulia\\\/ioan-alexandru-omagiat-de-consiliul-judetean-alba-si-biblioteca-judeteana-lucian-blaga-alba\\\/#respond\"]}]},{\"@type\":\"WebPage\",\"@id\":\"https:\\\/\\\/urbeamea.ro\\\/albaiulia\\\/ioan-alexandru-omagiat-de-consiliul-judetean-alba-si-biblioteca-judeteana-lucian-blaga-alba\\\/\",\"url\":\"https:\\\/\\\/urbeamea.ro\\\/albaiulia\\\/ioan-alexandru-omagiat-de-consiliul-judetean-alba-si-biblioteca-judeteana-lucian-blaga-alba\\\/\",\"name\":\"Ioan Alexandru, omagiat de Consiliul Jude\u021bean Alba \u0219i Biblioteca Jude\u021bean\u0103 \u201eLucian Blaga\u201d Alba - Revista Urbea Mea - Revista de Alba\",\"isPartOf\":{\"@id\":\"https:\\\/\\\/urbeamea.ro\\\/albaiulia\\\/#website\"},\"primaryImageOfPage\":{\"@id\":\"https:\\\/\\\/urbeamea.ro\\\/albaiulia\\\/ioan-alexandru-omagiat-de-consiliul-judetean-alba-si-biblioteca-judeteana-lucian-blaga-alba\\\/#primaryimage\"},\"image\":{\"@id\":\"https:\\\/\\\/urbeamea.ro\\\/albaiulia\\\/ioan-alexandru-omagiat-de-consiliul-judetean-alba-si-biblioteca-judeteana-lucian-blaga-alba\\\/#primaryimage\"},\"thumbnailUrl\":\"https:\\\/\\\/urbeamea.ro\\\/albaiulia\\\/wp-content\\\/uploads\\\/2023\\\/09\\\/4.4-Monumentele-literaturii-romane-Ion-Alexandru-2023.jpg\",\"datePublished\":\"2023-09-14T08:42:06+00:00\",\"dateModified\":\"2023-09-14T08:42:08+00:00\",\"author\":{\"@id\":\"https:\\\/\\\/urbeamea.ro\\\/albaiulia\\\/#\\\/schema\\\/person\\\/272ae98052f8ee8980f59848df070247\"},\"description\":\"S\u00e2mb\u0103t\u0103, 16 septembrie 2023, la 23 de ani de la moartea poetului Ioan Alexandru, Consiliul Jude\u021bean Alba, \u00eempreun\u0103 cu Biblioteca Jude\u021bean\u0103 \u201eLucian Blaga\u201d\",\"breadcrumb\":{\"@id\":\"https:\\\/\\\/urbeamea.ro\\\/albaiulia\\\/ioan-alexandru-omagiat-de-consiliul-judetean-alba-si-biblioteca-judeteana-lucian-blaga-alba\\\/#breadcrumb\"},\"inLanguage\":\"ro-RO\",\"potentialAction\":[{\"@type\":\"ReadAction\",\"target\":[\"https:\\\/\\\/urbeamea.ro\\\/albaiulia\\\/ioan-alexandru-omagiat-de-consiliul-judetean-alba-si-biblioteca-judeteana-lucian-blaga-alba\\\/\"]}]},{\"@type\":\"ImageObject\",\"inLanguage\":\"ro-RO\",\"@id\":\"https:\\\/\\\/urbeamea.ro\\\/albaiulia\\\/ioan-alexandru-omagiat-de-consiliul-judetean-alba-si-biblioteca-judeteana-lucian-blaga-alba\\\/#primaryimage\",\"url\":\"https:\\\/\\\/urbeamea.ro\\\/albaiulia\\\/wp-content\\\/uploads\\\/2023\\\/09\\\/4.4-Monumentele-literaturii-romane-Ion-Alexandru-2023.jpg\",\"contentUrl\":\"https:\\\/\\\/urbeamea.ro\\\/albaiulia\\\/wp-content\\\/uploads\\\/2023\\\/09\\\/4.4-Monumentele-literaturii-romane-Ion-Alexandru-2023.jpg\",\"width\":1600,\"height\":1131},{\"@type\":\"BreadcrumbList\",\"@id\":\"https:\\\/\\\/urbeamea.ro\\\/albaiulia\\\/ioan-alexandru-omagiat-de-consiliul-judetean-alba-si-biblioteca-judeteana-lucian-blaga-alba\\\/#breadcrumb\",\"itemListElement\":[{\"@type\":\"ListItem\",\"position\":1,\"name\":\"Prima pagin\u0103\",\"item\":\"https:\\\/\\\/urbeamea.ro\\\/albaiulia\\\/\"},{\"@type\":\"ListItem\",\"position\":2,\"name\":\"Ioan Alexandru, omagiat de Consiliul Jude\u021bean Alba \u0219i Biblioteca Jude\u021bean\u0103 \u201eLucian Blaga\u201d Alba\"}]},{\"@type\":\"WebSite\",\"@id\":\"https:\\\/\\\/urbeamea.ro\\\/albaiulia\\\/#website\",\"url\":\"https:\\\/\\\/urbeamea.ro\\\/albaiulia\\\/\",\"name\":\"Revista Urbea Mea, Stiri urbane\",\"description\":\"Evenimente \u0219i \u0219tiri din Alba Iulia, Sebe\u0219, Aiud, Blaj\",\"potentialAction\":[{\"@type\":\"SearchAction\",\"target\":{\"@type\":\"EntryPoint\",\"urlTemplate\":\"https:\\\/\\\/urbeamea.ro\\\/albaiulia\\\/?s={search_term_string}\"},\"query-input\":{\"@type\":\"PropertyValueSpecification\",\"valueRequired\":true,\"valueName\":\"search_term_string\"}}],\"inLanguage\":\"ro-RO\"},{\"@type\":\"Person\",\"@id\":\"https:\\\/\\\/urbeamea.ro\\\/albaiulia\\\/#\\\/schema\\\/person\\\/272ae98052f8ee8980f59848df070247\",\"name\":\"Redac\u021bia UrbeaMea\",\"image\":{\"@type\":\"ImageObject\",\"inLanguage\":\"ro-RO\",\"@id\":\"https:\\\/\\\/secure.gravatar.com\\\/avatar\\\/9ce5a9435071fa1037e8468053ead8e513dbbff59009d3069aadb85506d85a27?s=96&d=mm&r=g\",\"url\":\"https:\\\/\\\/secure.gravatar.com\\\/avatar\\\/9ce5a9435071fa1037e8468053ead8e513dbbff59009d3069aadb85506d85a27?s=96&d=mm&r=g\",\"contentUrl\":\"https:\\\/\\\/secure.gravatar.com\\\/avatar\\\/9ce5a9435071fa1037e8468053ead8e513dbbff59009d3069aadb85506d85a27?s=96&d=mm&r=g\",\"caption\":\"Redac\u021bia UrbeaMea\"},\"description\":\"contact@urbeamea.ro\",\"sameAs\":[\"https:\\\/\\\/www.urbeamea.ro\"],\"url\":\"https:\\\/\\\/urbeamea.ro\\\/albaiulia\\\/author\\\/redactia-urbeamea\\\/\"}]}<\/script>\n<!-- \/ Yoast SEO plugin. -->","yoast_head_json":{"title":"Ioan Alexandru, omagiat de Consiliul Jude\u021bean Alba \u0219i Biblioteca Jude\u021bean\u0103 \u201eLucian Blaga\u201d Alba - Revista Urbea Mea - Revista de Alba","description":"S\u00e2mb\u0103t\u0103, 16 septembrie 2023, la 23 de ani de la moartea poetului Ioan Alexandru, Consiliul Jude\u021bean Alba, \u00eempreun\u0103 cu Biblioteca Jude\u021bean\u0103 \u201eLucian Blaga\u201d","robots":{"index":"index","follow":"follow","max-snippet":"max-snippet:-1","max-image-preview":"max-image-preview:large","max-video-preview":"max-video-preview:-1"},"canonical":"https:\/\/urbeamea.ro\/albaiulia\/ioan-alexandru-omagiat-de-consiliul-judetean-alba-si-biblioteca-judeteana-lucian-blaga-alba\/","twitter_card":"summary_large_image","twitter_title":"Ioan Alexandru, omagiat de Consiliul Jude\u021bean Alba \u0219i Biblioteca Jude\u021bean\u0103 \u201eLucian Blaga\u201d Alba - Revista Urbea Mea - Revista de Alba","twitter_description":"S\u00e2mb\u0103t\u0103, 16 septembrie 2023, la 23 de ani de la moartea poetului Ioan Alexandru, Consiliul Jude\u021bean Alba, \u00eempreun\u0103 cu Biblioteca Jude\u021bean\u0103 \u201eLucian Blaga\u201d","twitter_image":"https:\/\/urbeamea.ro\/albaiulia\/wp-content\/uploads\/2023\/09\/4.4-Monumentele-literaturii-romane-Ion-Alexandru-2023.jpg","twitter_creator":"@urbeameaweb","twitter_site":"@urbeameaweb","schema":{"@context":"https:\/\/schema.org","@graph":[{"@type":"Article","@id":"https:\/\/urbeamea.ro\/albaiulia\/ioan-alexandru-omagiat-de-consiliul-judetean-alba-si-biblioteca-judeteana-lucian-blaga-alba\/#article","isPartOf":{"@id":"https:\/\/urbeamea.ro\/albaiulia\/ioan-alexandru-omagiat-de-consiliul-judetean-alba-si-biblioteca-judeteana-lucian-blaga-alba\/"},"author":{"name":"Redac\u021bia UrbeaMea","@id":"https:\/\/urbeamea.ro\/albaiulia\/#\/schema\/person\/272ae98052f8ee8980f59848df070247"},"headline":"Ioan Alexandru, omagiat de Consiliul Jude\u021bean Alba \u0219i Biblioteca Jude\u021bean\u0103 \u201eLucian Blaga\u201d Alba","datePublished":"2023-09-14T08:42:06+00:00","dateModified":"2023-09-14T08:42:08+00:00","mainEntityOfPage":{"@id":"https:\/\/urbeamea.ro\/albaiulia\/ioan-alexandru-omagiat-de-consiliul-judetean-alba-si-biblioteca-judeteana-lucian-blaga-alba\/"},"wordCount":318,"commentCount":0,"image":{"@id":"https:\/\/urbeamea.ro\/albaiulia\/ioan-alexandru-omagiat-de-consiliul-judetean-alba-si-biblioteca-judeteana-lucian-blaga-alba\/#primaryimage"},"thumbnailUrl":"https:\/\/urbeamea.ro\/albaiulia\/wp-content\/uploads\/2023\/09\/4.4-Monumentele-literaturii-romane-Ion-Alexandru-2023.jpg","keywords":["Biblioteca Jude\u0163ean\u0103 \u201cLucian Blaga\u201d Alba"],"articleSection":["Evenimente"],"inLanguage":"ro-RO","potentialAction":[{"@type":"CommentAction","name":"Comment","target":["https:\/\/urbeamea.ro\/albaiulia\/ioan-alexandru-omagiat-de-consiliul-judetean-alba-si-biblioteca-judeteana-lucian-blaga-alba\/#respond"]}]},{"@type":"WebPage","@id":"https:\/\/urbeamea.ro\/albaiulia\/ioan-alexandru-omagiat-de-consiliul-judetean-alba-si-biblioteca-judeteana-lucian-blaga-alba\/","url":"https:\/\/urbeamea.ro\/albaiulia\/ioan-alexandru-omagiat-de-consiliul-judetean-alba-si-biblioteca-judeteana-lucian-blaga-alba\/","name":"Ioan Alexandru, omagiat de Consiliul Jude\u021bean Alba \u0219i Biblioteca Jude\u021bean\u0103 \u201eLucian Blaga\u201d Alba - Revista Urbea Mea - Revista de Alba","isPartOf":{"@id":"https:\/\/urbeamea.ro\/albaiulia\/#website"},"primaryImageOfPage":{"@id":"https:\/\/urbeamea.ro\/albaiulia\/ioan-alexandru-omagiat-de-consiliul-judetean-alba-si-biblioteca-judeteana-lucian-blaga-alba\/#primaryimage"},"image":{"@id":"https:\/\/urbeamea.ro\/albaiulia\/ioan-alexandru-omagiat-de-consiliul-judetean-alba-si-biblioteca-judeteana-lucian-blaga-alba\/#primaryimage"},"thumbnailUrl":"https:\/\/urbeamea.ro\/albaiulia\/wp-content\/uploads\/2023\/09\/4.4-Monumentele-literaturii-romane-Ion-Alexandru-2023.jpg","datePublished":"2023-09-14T08:42:06+00:00","dateModified":"2023-09-14T08:42:08+00:00","author":{"@id":"https:\/\/urbeamea.ro\/albaiulia\/#\/schema\/person\/272ae98052f8ee8980f59848df070247"},"description":"S\u00e2mb\u0103t\u0103, 16 septembrie 2023, la 23 de ani de la moartea poetului Ioan Alexandru, Consiliul Jude\u021bean Alba, \u00eempreun\u0103 cu Biblioteca Jude\u021bean\u0103 \u201eLucian Blaga\u201d","breadcrumb":{"@id":"https:\/\/urbeamea.ro\/albaiulia\/ioan-alexandru-omagiat-de-consiliul-judetean-alba-si-biblioteca-judeteana-lucian-blaga-alba\/#breadcrumb"},"inLanguage":"ro-RO","potentialAction":[{"@type":"ReadAction","target":["https:\/\/urbeamea.ro\/albaiulia\/ioan-alexandru-omagiat-de-consiliul-judetean-alba-si-biblioteca-judeteana-lucian-blaga-alba\/"]}]},{"@type":"ImageObject","inLanguage":"ro-RO","@id":"https:\/\/urbeamea.ro\/albaiulia\/ioan-alexandru-omagiat-de-consiliul-judetean-alba-si-biblioteca-judeteana-lucian-blaga-alba\/#primaryimage","url":"https:\/\/urbeamea.ro\/albaiulia\/wp-content\/uploads\/2023\/09\/4.4-Monumentele-literaturii-romane-Ion-Alexandru-2023.jpg","contentUrl":"https:\/\/urbeamea.ro\/albaiulia\/wp-content\/uploads\/2023\/09\/4.4-Monumentele-literaturii-romane-Ion-Alexandru-2023.jpg","width":1600,"height":1131},{"@type":"BreadcrumbList","@id":"https:\/\/urbeamea.ro\/albaiulia\/ioan-alexandru-omagiat-de-consiliul-judetean-alba-si-biblioteca-judeteana-lucian-blaga-alba\/#breadcrumb","itemListElement":[{"@type":"ListItem","position":1,"name":"Prima pagin\u0103","item":"https:\/\/urbeamea.ro\/albaiulia\/"},{"@type":"ListItem","position":2,"name":"Ioan Alexandru, omagiat de Consiliul Jude\u021bean Alba \u0219i Biblioteca Jude\u021bean\u0103 \u201eLucian Blaga\u201d Alba"}]},{"@type":"WebSite","@id":"https:\/\/urbeamea.ro\/albaiulia\/#website","url":"https:\/\/urbeamea.ro\/albaiulia\/","name":"Revista Urbea Mea, Stiri urbane","description":"Evenimente \u0219i \u0219tiri din Alba Iulia, Sebe\u0219, Aiud, Blaj","potentialAction":[{"@type":"SearchAction","target":{"@type":"EntryPoint","urlTemplate":"https:\/\/urbeamea.ro\/albaiulia\/?s={search_term_string}"},"query-input":{"@type":"PropertyValueSpecification","valueRequired":true,"valueName":"search_term_string"}}],"inLanguage":"ro-RO"},{"@type":"Person","@id":"https:\/\/urbeamea.ro\/albaiulia\/#\/schema\/person\/272ae98052f8ee8980f59848df070247","name":"Redac\u021bia UrbeaMea","image":{"@type":"ImageObject","inLanguage":"ro-RO","@id":"https:\/\/secure.gravatar.com\/avatar\/9ce5a9435071fa1037e8468053ead8e513dbbff59009d3069aadb85506d85a27?s=96&d=mm&r=g","url":"https:\/\/secure.gravatar.com\/avatar\/9ce5a9435071fa1037e8468053ead8e513dbbff59009d3069aadb85506d85a27?s=96&d=mm&r=g","contentUrl":"https:\/\/secure.gravatar.com\/avatar\/9ce5a9435071fa1037e8468053ead8e513dbbff59009d3069aadb85506d85a27?s=96&d=mm&r=g","caption":"Redac\u021bia UrbeaMea"},"description":"contact@urbeamea.ro","sameAs":["https:\/\/www.urbeamea.ro"],"url":"https:\/\/urbeamea.ro\/albaiulia\/author\/redactia-urbeamea\/"}]}},"_links":{"self":[{"href":"https:\/\/urbeamea.ro\/albaiulia\/wp-json\/wp\/v2\/posts\/109054","targetHints":{"allow":["GET"]}}],"collection":[{"href":"https:\/\/urbeamea.ro\/albaiulia\/wp-json\/wp\/v2\/posts"}],"about":[{"href":"https:\/\/urbeamea.ro\/albaiulia\/wp-json\/wp\/v2\/types\/post"}],"author":[{"embeddable":true,"href":"https:\/\/urbeamea.ro\/albaiulia\/wp-json\/wp\/v2\/users\/16"}],"replies":[{"embeddable":true,"href":"https:\/\/urbeamea.ro\/albaiulia\/wp-json\/wp\/v2\/comments?post=109054"}],"version-history":[{"count":1,"href":"https:\/\/urbeamea.ro\/albaiulia\/wp-json\/wp\/v2\/posts\/109054\/revisions"}],"predecessor-version":[{"id":109056,"href":"https:\/\/urbeamea.ro\/albaiulia\/wp-json\/wp\/v2\/posts\/109054\/revisions\/109056"}],"wp:featuredmedia":[{"embeddable":true,"href":"https:\/\/urbeamea.ro\/albaiulia\/wp-json\/wp\/v2\/media\/109055"}],"wp:attachment":[{"href":"https:\/\/urbeamea.ro\/albaiulia\/wp-json\/wp\/v2\/media?parent=109054"}],"wp:term":[{"taxonomy":"category","embeddable":true,"href":"https:\/\/urbeamea.ro\/albaiulia\/wp-json\/wp\/v2\/categories?post=109054"},{"taxonomy":"post_tag","embeddable":true,"href":"https:\/\/urbeamea.ro\/albaiulia\/wp-json\/wp\/v2\/tags?post=109054"}],"curies":[{"name":"wp","href":"https:\/\/api.w.org\/{rel}","templated":true}]}}