{"id":109071,"date":"2023-09-16T16:44:33","date_gmt":"2023-09-16T13:44:33","guid":{"rendered":"https:\/\/urbeamea.ro\/albaiulia\/?p=109071"},"modified":"2023-09-16T16:44:35","modified_gmt":"2023-09-16T13:44:35","slug":"peste-25-000-de-pacienti-s-au-prezentat-in-unitatea-de-primiri-urgente-a-spitalului-din-alba-iulia-in-primele-6-luni-ale-anului","status":"publish","type":"post","link":"https:\/\/urbeamea.ro\/albaiulia\/peste-25-000-de-pacienti-s-au-prezentat-in-unitatea-de-primiri-urgente-a-spitalului-din-alba-iulia-in-primele-6-luni-ale-anului\/","title":{"rendered":"Peste 25.000 de pacien\u021bi s-au prezentat \u00een Unitatea de Primiri Urgen\u021be a Spitalului din Alba Iulia \u00een primele 6 luni ale anului"},"content":{"rendered":"\n<p>Supraaglomerarea Unit\u0103\u021bii de Primiri Urgen\u021b\u0103 (UPU) a Spitalului Jude\u021bean de Urgen\u021b\u0103 Alba Iulia reprezint\u0103 o provocare major\u0103. \u00cen primele 6 luni ale anului 2023, num\u0103rul pacien\u021bilor care s-au prezentat la UPU a fost de 25.401, ceea ce \u00eenseamn\u0103 o medie de circa 140 de pacien\u021bi pe zi. Aceast\u0103 situa\u021bie pune presiune pe personalul medical care, \u00een prezent, este insuficient.<\/p>\n\n\n\n<p>&nbsp;Din totalul pacien\u021bilor care au ajuns la UPU Alba Iulia \u00een aceast\u0103 perioad\u0103, 12.732 au fost b\u0103rba\u021bi \u0219i 12.669 femei. Grupele de v\u00e2rst\u0103 au fost reprezentate astfel: 102 pacien\u021bi cu v\u00e2rsta \u00eentre 0 \u0219i 30 de zile, 468 de pacien\u021bi cu v\u00e2rsta \u00eentre 1 lun\u0103 \u0219i 1 an, 4.692 de pacien\u021bi cu v\u00e2rsta \u00eentre 1 \u0219i 16 ani, 3.327 de pacien\u021bi cu v\u00e2rsta \u00eentre 17 \u0219i 30 de ani, 6.163 de pacien\u021bi cu v\u00e2rsta \u00eentre 31 \u0219i 50 de ani, 4.541 de pacien\u021bi cu v\u00e2rsta \u00eentre 51 \u0219i 65 de ani \u0219i 6.108 pacien\u021bi cu v\u00e2rsta peste 65 de ani. Majoritatea pacien\u021bilor au ajuns la UPU Alba Iulia cu mijloace proprii, respectiv 17.697, \u00eens\u0103 un num\u0103r semnificativ a fost adus de c\u0103tre serviciile de ambulan\u021b\u0103 &#8211; 5.826, \u0219i de c\u0103tre SMURD &#8211; 1.071 pacien\u021bi. Din totalul celor care au trecut pragul UPU, 5.426 au necesitat internare \u00een spital.<\/p>\n\n\n\n<p>De men\u021bionat c\u0103 num\u0103rul pacien\u021bilor care s-au prezentat \u00een UPU a fost mare \u00een fiecare an. Spre exemplu, \u00een 2022 s-au prezentat peste 48.500 de pacien\u021bi. \u00cen anii de pandemie, num\u0103rul de pacien\u021bi a fost mai redus \u00eentruc\u00e2t persoane care nu aveau nevoie de \u00eengrijiri medicale de urgen\u021b\u0103 renun\u021baser\u0103 la serviciile medicale din UPU. Astfel, \u00een 2020 \u0219i 2021 media anual\u0103 a fost de peste 30.000 de pacien\u021bi. \u00cen anul 2019 la UPU Alba Iulia s-au prezentat 54.000 de pacien\u021bi.<\/p>\n\n\n\n<p>Pacien\u021bii care se prezint\u0103 la UPU sunt clasifica\u021bi pe coduri de diagnostic. Codul ro\u0219u presupune preluarea imediat\u0103 a pacientului deoarece via\u021ba lui este \u00een pericol. Am\u00e2narea prelu\u0103rii \u0219i acord\u0103rii tratamentului specific duce cel mai adesea la pierderea de vie\u021bi omene\u0219ti. Codul galben reprezint\u0103 o urgen\u021b\u0103 critic\u0103, dar nu imediat\u0103. De aceea, preluarea \u0219i tratarea pacien\u021bilor se poate face dup\u0103 un interval de timp. Codurile verzi, albastre \u0219i albe accept\u0103 o am\u00e2nare, de mai multe ore, a prelu\u0103rii pacientului, r\u0103stimp \u00een care acesta este supravegheat \u0219i reevaluat (chiar \u0219i doar din priviri) de c\u0103tre cadrele medicale de la triaj. Din cauza personalului redus, precum \u0219i a prezent\u0103rii mai multor pacien\u021bi \u00een UPU pentru afec\u021biuni care nu reprezint\u0103 o urgen\u021b\u0103 medical\u0103 (iar aici ne referim la pacien\u021bi care \u00een mod constant \u0219i con\u0219tient ocolesc medicii de familie \u0219i ambulatoriul de specialitate), intervalul de timp pentru preluarea \u0219i tratarea cazurilor se poate m\u0103ri semnificativ, afect\u00e2nd cu prec\u0103dere pacien\u021bii care reprezint\u0103 reale urgen\u021be.<\/p>\n\n\n\n<p>&nbsp;\u00cen privin\u021ba personalului medical, \u00een primul semestru din an, UPU Alba Iulia a fost deservit\u0103 de c\u0103tre 12 medici de medicin\u0103 de urgen\u021b\u0103, 6 medici pediatri \u0219i 1 medic stomatolog. \u00cen medie, au lucrat doi medici pe tur\u0103. Pentru a putea func\u021biona \u00een condi\u021bii optime, este necesar\u0103 prezen\u021ba a cel pu\u021bin 4 medici pe tur\u0103. Pentru a remedia aceast\u0103 situa\u021bie, conducerea SJU \u0219i UPU Alba Iulia au scos, \u00een mod constant, \u00een vederea ocup\u0103rii, posturi de medic specialist \u00een specialitatea medicin\u0103 de urgen\u021b\u0103 la concurs (sau de reziden\u021bi \u00een aceast\u0103 specialitate), iar \u00een aceast\u0103 perioad\u0103, \u00een care posturile sunt blocate, a transmis memorandumuri pentru deblocarea lor. (La nivelul SJU Alba Iulia a fost solicitat\u0103 deblocarea a 100 de posturi dintre care 10 posturi doar pentru Unitatea de Primiri Urgen\u021be).<\/p>\n\n\n\n<p>&nbsp;De asemenea, tot \u00een aceast\u0103 perioad\u0103, activitatea UPU se confrunt\u0103 cu anumite dificult\u0103\u021bi, deoarece spa\u021biile de lucru au fost reduse pentru a permite desf\u0103\u0219urarea \u00een bune condi\u021bii a lucr\u0103rilor de extindere \u0219i modernizare a unit\u0103\u021bii. Cl\u0103direa existent\u0103 urmeaz\u0103 s\u0103 fie conectat\u0103 cu un nou corp de cl\u0103dire, care se afl\u0103 \u00een proces de construc\u021bie. Investi\u021bia \u00een extinderea \u0219i modernizarea UPU este un proiect pe fonduri europene, cofinan\u021bat de Consiliul Jude\u021bean Alba \u00een subordinea c\u0103ruia se afl\u0103 spitalul, av\u00e2nd o valoare total\u0103 de peste 2 milioane de euro. Aceast\u0103 ini\u021biativ\u0103 are ca scop \u00eembun\u0103t\u0103\u021birea capacit\u0103\u021bii de primire \u0219i tratament a pacien\u021bilor, precum \u0219i cre\u0219terea eficien\u021bei serviciilor medicale oferite. \u00cen timpul lucr\u0103rilor de extindere, a fost necesar\u0103 o restr\u00e2ngere a ariilor de lucru \u0219i, implicit, a num\u0103rului de pacien\u021bi care pot fi primi\u021bi \u00een acestea. Desf\u0103\u0219urarea lucr\u0103rilor poate crea unele dificult\u0103\u021bi \u00een gestionarea fluxului de pacien\u021bi \u00eentr-o unitate care prime\u0219te \u00een mod obi\u0219nuit un volum foarte mare de urgen\u021be medicale. La toate acestea se adaug\u0103 \u0219i numeroasele transferuri de la alte spitale municipale \u0219i or\u0103\u0219ene\u0219ti din jude\u021b.<\/p>\n\n\n\n<p>\u00cen acest context, facem apel la \u00een\u021belegerea pacien\u021bilor \u0219i la necesitatea de a apela la medicii de familie, la centrele de permanen\u021b\u0103, la spitalele or\u0103\u0219ene\u0219ti \u0219i municipale (din raza localit\u0103\u021bilor de domiciliu) pentru rezolvarea problemelor medicale curente, care nu reprezint\u0103 situa\u021bii de urgen\u021b\u0103. Astfel, se poate reduce presiunea asupra UPU Alba Iulia \u0219i se poate asigura o mai bun\u0103 gestionare a pacien\u021bilor care necesit\u0103 cu adev\u0103rat \u00eengrijiri de urgen\u021b\u0103. Dac\u0103 problema dvs. reprezint\u0103 o urgen\u021b\u0103 este necesar s\u0103 apela\u021bi la Unitatea de Primiri Urgen\u021be. \u00cen acela\u0219i timp, este important s\u0103 con\u0219tientiz\u0103m c\u0103 supraaglomerarea UPU Alba Iulia poate duce la \u00eent\u00e2rzieri \u00een acordarea asisten\u021bei medicale pentru persoanele care cu adev\u0103rat au nevoie de acest lucru. Prin colaborarea \u0219i \u00een\u021belegerea noastr\u0103, putem contribui la \u00eembun\u0103t\u0103\u021birea st\u0103rii noastre de s\u0103n\u0103tate \u0219i la asigurarea unei \u00eengrijiri eficiente \u0219i prompte pentru to\u021bi pacien\u021bii.<\/p>\n\n\n\n<p>Suntem \u00een permanen\u021b\u0103 preocupa\u021bi de \u00eembun\u0103t\u0103\u021birea rela\u021biei dintre pacien\u021bi, apar\u021bin\u0103tori \u0219i cadrele medicale, iar \u00een acest sens se desf\u0103\u0219oar\u0103 periodic cursuri de instruire cu personalul medical, pe partea de comunicare \u0219i respectare a tuturor atribu\u021biilor de serviciu, \u00eens\u0103 este necesar\u0103 \u00een\u021belegere \u0219i din partea celor care se prezint\u0103 \u00een UPU.<\/p>\n","protected":false},"excerpt":{"rendered":"<p>Supraaglomerarea Unit\u0103\u021bii de Primiri Urgen\u021b\u0103 (UPU) a Spitalului Jude\u021bean de Urgen\u021b\u0103 Alba Iulia reprezint\u0103 o provocare major\u0103. \u00cen primele 6 luni ale anului 2023, num\u0103rul pacien\u021bilor care s-au prezentat la UPU a fost de 25.401, ceea ce \u00eenseamn\u0103 o medie de circa 140 de pacien\u021bi pe zi. Aceast\u0103 situa\u021bie pune presiune pe personalul medical care, &hellip;<\/p>\n","protected":false},"author":16,"featured_media":82761,"comment_status":"open","ping_status":"open","sticky":false,"template":"","format":"standard","meta":{"inline_featured_image":false,"footnotes":""},"categories":[1],"tags":[6324],"class_list":["post-109071","post","type-post","status-publish","format-standard","has-post-thumbnail","hentry","category-stiri-urbane","tag-spitalul-judetean-de-urgena-alba"],"yoast_head":"<!-- This site is optimized with the Yoast SEO plugin v27.4 - https:\/\/yoast.com\/product\/yoast-seo-wordpress\/ -->\n<title>Peste 25.000 de pacien\u021bi s-au prezentat \u00een Unitatea de Primiri Urgen\u021be a Spitalului din Alba Iulia \u00een primele 6 luni ale anului - Revista Urbea Mea - Revista de Alba<\/title>\n<meta name=\"description\" content=\"Supraaglomerarea Unit\u0103\u021bii de Primiri Urgen\u021b\u0103 (UPU) a Spitalului Jude\u021bean de Urgen\u021b\u0103 Alba Iulia reprezint\u0103 o provocare major\u0103. \u00cen primele 6 luni ale anului\" \/>\n<meta name=\"robots\" content=\"index, follow, max-snippet:-1, max-image-preview:large, max-video-preview:-1\" \/>\n<link rel=\"canonical\" href=\"https:\/\/urbeamea.ro\/albaiulia\/peste-25-000-de-pacienti-s-au-prezentat-in-unitatea-de-primiri-urgente-a-spitalului-din-alba-iulia-in-primele-6-luni-ale-anului\/\" \/>\n<meta name=\"twitter:card\" content=\"summary_large_image\" \/>\n<meta name=\"twitter:title\" content=\"Peste 25.000 de pacien\u021bi s-au prezentat \u00een Unitatea de Primiri Urgen\u021be a Spitalului din Alba Iulia \u00een primele 6 luni ale anului - Revista Urbea Mea - Revista de Alba\" \/>\n<meta name=\"twitter:description\" content=\"Supraaglomerarea Unit\u0103\u021bii de Primiri Urgen\u021b\u0103 (UPU) a Spitalului Jude\u021bean de Urgen\u021b\u0103 Alba Iulia reprezint\u0103 o provocare major\u0103. \u00cen primele 6 luni ale anului\" \/>\n<meta name=\"twitter:image\" content=\"https:\/\/urbeamea.ro\/albaiulia\/wp-content\/uploads\/2019\/09\/Foto-spital-3.jpg\" \/>\n<meta name=\"twitter:creator\" content=\"@urbeameaweb\" \/>\n<meta name=\"twitter:site\" content=\"@urbeameaweb\" \/>\n<script type=\"application\/ld+json\" class=\"yoast-schema-graph\">{\"@context\":\"https:\\\/\\\/schema.org\",\"@graph\":[{\"@type\":\"Article\",\"@id\":\"https:\\\/\\\/urbeamea.ro\\\/albaiulia\\\/peste-25-000-de-pacienti-s-au-prezentat-in-unitatea-de-primiri-urgente-a-spitalului-din-alba-iulia-in-primele-6-luni-ale-anului\\\/#article\",\"isPartOf\":{\"@id\":\"https:\\\/\\\/urbeamea.ro\\\/albaiulia\\\/peste-25-000-de-pacienti-s-au-prezentat-in-unitatea-de-primiri-urgente-a-spitalului-din-alba-iulia-in-primele-6-luni-ale-anului\\\/\"},\"author\":{\"name\":\"Redac\u021bia UrbeaMea\",\"@id\":\"https:\\\/\\\/urbeamea.ro\\\/albaiulia\\\/#\\\/schema\\\/person\\\/272ae98052f8ee8980f59848df070247\"},\"headline\":\"Peste 25.000 de pacien\u021bi s-au prezentat \u00een Unitatea de Primiri Urgen\u021be a Spitalului din Alba Iulia \u00een primele 6 luni ale anului\",\"datePublished\":\"2023-09-16T13:44:33+00:00\",\"dateModified\":\"2023-09-16T13:44:35+00:00\",\"mainEntityOfPage\":{\"@id\":\"https:\\\/\\\/urbeamea.ro\\\/albaiulia\\\/peste-25-000-de-pacienti-s-au-prezentat-in-unitatea-de-primiri-urgente-a-spitalului-din-alba-iulia-in-primele-6-luni-ale-anului\\\/\"},\"wordCount\":1061,\"commentCount\":0,\"image\":{\"@id\":\"https:\\\/\\\/urbeamea.ro\\\/albaiulia\\\/peste-25-000-de-pacienti-s-au-prezentat-in-unitatea-de-primiri-urgente-a-spitalului-din-alba-iulia-in-primele-6-luni-ale-anului\\\/#primaryimage\"},\"thumbnailUrl\":\"https:\\\/\\\/urbeamea.ro\\\/albaiulia\\\/wp-content\\\/uploads\\\/2019\\\/09\\\/Foto-spital-3.jpg\",\"keywords\":[\"spitalul judetean de urgena alba\"],\"articleSection\":[\"\u015etiri Urbane\"],\"inLanguage\":\"ro-RO\",\"potentialAction\":[{\"@type\":\"CommentAction\",\"name\":\"Comment\",\"target\":[\"https:\\\/\\\/urbeamea.ro\\\/albaiulia\\\/peste-25-000-de-pacienti-s-au-prezentat-in-unitatea-de-primiri-urgente-a-spitalului-din-alba-iulia-in-primele-6-luni-ale-anului\\\/#respond\"]}]},{\"@type\":\"WebPage\",\"@id\":\"https:\\\/\\\/urbeamea.ro\\\/albaiulia\\\/peste-25-000-de-pacienti-s-au-prezentat-in-unitatea-de-primiri-urgente-a-spitalului-din-alba-iulia-in-primele-6-luni-ale-anului\\\/\",\"url\":\"https:\\\/\\\/urbeamea.ro\\\/albaiulia\\\/peste-25-000-de-pacienti-s-au-prezentat-in-unitatea-de-primiri-urgente-a-spitalului-din-alba-iulia-in-primele-6-luni-ale-anului\\\/\",\"name\":\"Peste 25.000 de pacien\u021bi s-au prezentat \u00een Unitatea de Primiri Urgen\u021be a Spitalului din Alba Iulia \u00een primele 6 luni ale anului - Revista Urbea Mea - Revista de Alba\",\"isPartOf\":{\"@id\":\"https:\\\/\\\/urbeamea.ro\\\/albaiulia\\\/#website\"},\"primaryImageOfPage\":{\"@id\":\"https:\\\/\\\/urbeamea.ro\\\/albaiulia\\\/peste-25-000-de-pacienti-s-au-prezentat-in-unitatea-de-primiri-urgente-a-spitalului-din-alba-iulia-in-primele-6-luni-ale-anului\\\/#primaryimage\"},\"image\":{\"@id\":\"https:\\\/\\\/urbeamea.ro\\\/albaiulia\\\/peste-25-000-de-pacienti-s-au-prezentat-in-unitatea-de-primiri-urgente-a-spitalului-din-alba-iulia-in-primele-6-luni-ale-anului\\\/#primaryimage\"},\"thumbnailUrl\":\"https:\\\/\\\/urbeamea.ro\\\/albaiulia\\\/wp-content\\\/uploads\\\/2019\\\/09\\\/Foto-spital-3.jpg\",\"datePublished\":\"2023-09-16T13:44:33+00:00\",\"dateModified\":\"2023-09-16T13:44:35+00:00\",\"author\":{\"@id\":\"https:\\\/\\\/urbeamea.ro\\\/albaiulia\\\/#\\\/schema\\\/person\\\/272ae98052f8ee8980f59848df070247\"},\"description\":\"Supraaglomerarea Unit\u0103\u021bii de Primiri Urgen\u021b\u0103 (UPU) a Spitalului Jude\u021bean de Urgen\u021b\u0103 Alba Iulia reprezint\u0103 o provocare major\u0103. \u00cen primele 6 luni ale anului\",\"breadcrumb\":{\"@id\":\"https:\\\/\\\/urbeamea.ro\\\/albaiulia\\\/peste-25-000-de-pacienti-s-au-prezentat-in-unitatea-de-primiri-urgente-a-spitalului-din-alba-iulia-in-primele-6-luni-ale-anului\\\/#breadcrumb\"},\"inLanguage\":\"ro-RO\",\"potentialAction\":[{\"@type\":\"ReadAction\",\"target\":[\"https:\\\/\\\/urbeamea.ro\\\/albaiulia\\\/peste-25-000-de-pacienti-s-au-prezentat-in-unitatea-de-primiri-urgente-a-spitalului-din-alba-iulia-in-primele-6-luni-ale-anului\\\/\"]}]},{\"@type\":\"ImageObject\",\"inLanguage\":\"ro-RO\",\"@id\":\"https:\\\/\\\/urbeamea.ro\\\/albaiulia\\\/peste-25-000-de-pacienti-s-au-prezentat-in-unitatea-de-primiri-urgente-a-spitalului-din-alba-iulia-in-primele-6-luni-ale-anului\\\/#primaryimage\",\"url\":\"https:\\\/\\\/urbeamea.ro\\\/albaiulia\\\/wp-content\\\/uploads\\\/2019\\\/09\\\/Foto-spital-3.jpg\",\"contentUrl\":\"https:\\\/\\\/urbeamea.ro\\\/albaiulia\\\/wp-content\\\/uploads\\\/2019\\\/09\\\/Foto-spital-3.jpg\",\"width\":1600,\"height\":1200},{\"@type\":\"BreadcrumbList\",\"@id\":\"https:\\\/\\\/urbeamea.ro\\\/albaiulia\\\/peste-25-000-de-pacienti-s-au-prezentat-in-unitatea-de-primiri-urgente-a-spitalului-din-alba-iulia-in-primele-6-luni-ale-anului\\\/#breadcrumb\",\"itemListElement\":[{\"@type\":\"ListItem\",\"position\":1,\"name\":\"Prima pagin\u0103\",\"item\":\"https:\\\/\\\/urbeamea.ro\\\/albaiulia\\\/\"},{\"@type\":\"ListItem\",\"position\":2,\"name\":\"Peste 25.000 de pacien\u021bi s-au prezentat \u00een Unitatea de Primiri Urgen\u021be a Spitalului din Alba Iulia \u00een primele 6 luni ale anului\"}]},{\"@type\":\"WebSite\",\"@id\":\"https:\\\/\\\/urbeamea.ro\\\/albaiulia\\\/#website\",\"url\":\"https:\\\/\\\/urbeamea.ro\\\/albaiulia\\\/\",\"name\":\"Revista Urbea Mea, Stiri urbane\",\"description\":\"Evenimente \u0219i \u0219tiri din Alba Iulia, Sebe\u0219, Aiud, Blaj\",\"potentialAction\":[{\"@type\":\"SearchAction\",\"target\":{\"@type\":\"EntryPoint\",\"urlTemplate\":\"https:\\\/\\\/urbeamea.ro\\\/albaiulia\\\/?s={search_term_string}\"},\"query-input\":{\"@type\":\"PropertyValueSpecification\",\"valueRequired\":true,\"valueName\":\"search_term_string\"}}],\"inLanguage\":\"ro-RO\"},{\"@type\":\"Person\",\"@id\":\"https:\\\/\\\/urbeamea.ro\\\/albaiulia\\\/#\\\/schema\\\/person\\\/272ae98052f8ee8980f59848df070247\",\"name\":\"Redac\u021bia UrbeaMea\",\"image\":{\"@type\":\"ImageObject\",\"inLanguage\":\"ro-RO\",\"@id\":\"https:\\\/\\\/secure.gravatar.com\\\/avatar\\\/9ce5a9435071fa1037e8468053ead8e513dbbff59009d3069aadb85506d85a27?s=96&d=mm&r=g\",\"url\":\"https:\\\/\\\/secure.gravatar.com\\\/avatar\\\/9ce5a9435071fa1037e8468053ead8e513dbbff59009d3069aadb85506d85a27?s=96&d=mm&r=g\",\"contentUrl\":\"https:\\\/\\\/secure.gravatar.com\\\/avatar\\\/9ce5a9435071fa1037e8468053ead8e513dbbff59009d3069aadb85506d85a27?s=96&d=mm&r=g\",\"caption\":\"Redac\u021bia UrbeaMea\"},\"description\":\"contact@urbeamea.ro\",\"sameAs\":[\"https:\\\/\\\/www.urbeamea.ro\"],\"url\":\"https:\\\/\\\/urbeamea.ro\\\/albaiulia\\\/author\\\/redactia-urbeamea\\\/\"}]}<\/script>\n<!-- \/ Yoast SEO plugin. -->","yoast_head_json":{"title":"Peste 25.000 de pacien\u021bi s-au prezentat \u00een Unitatea de Primiri Urgen\u021be a Spitalului din Alba Iulia \u00een primele 6 luni ale anului - Revista Urbea Mea - Revista de Alba","description":"Supraaglomerarea Unit\u0103\u021bii de Primiri Urgen\u021b\u0103 (UPU) a Spitalului Jude\u021bean de Urgen\u021b\u0103 Alba Iulia reprezint\u0103 o provocare major\u0103. \u00cen primele 6 luni ale anului","robots":{"index":"index","follow":"follow","max-snippet":"max-snippet:-1","max-image-preview":"max-image-preview:large","max-video-preview":"max-video-preview:-1"},"canonical":"https:\/\/urbeamea.ro\/albaiulia\/peste-25-000-de-pacienti-s-au-prezentat-in-unitatea-de-primiri-urgente-a-spitalului-din-alba-iulia-in-primele-6-luni-ale-anului\/","twitter_card":"summary_large_image","twitter_title":"Peste 25.000 de pacien\u021bi s-au prezentat \u00een Unitatea de Primiri Urgen\u021be a Spitalului din Alba Iulia \u00een primele 6 luni ale anului - Revista Urbea Mea - Revista de Alba","twitter_description":"Supraaglomerarea Unit\u0103\u021bii de Primiri Urgen\u021b\u0103 (UPU) a Spitalului Jude\u021bean de Urgen\u021b\u0103 Alba Iulia reprezint\u0103 o provocare major\u0103. \u00cen primele 6 luni ale anului","twitter_image":"https:\/\/urbeamea.ro\/albaiulia\/wp-content\/uploads\/2019\/09\/Foto-spital-3.jpg","twitter_creator":"@urbeameaweb","twitter_site":"@urbeameaweb","schema":{"@context":"https:\/\/schema.org","@graph":[{"@type":"Article","@id":"https:\/\/urbeamea.ro\/albaiulia\/peste-25-000-de-pacienti-s-au-prezentat-in-unitatea-de-primiri-urgente-a-spitalului-din-alba-iulia-in-primele-6-luni-ale-anului\/#article","isPartOf":{"@id":"https:\/\/urbeamea.ro\/albaiulia\/peste-25-000-de-pacienti-s-au-prezentat-in-unitatea-de-primiri-urgente-a-spitalului-din-alba-iulia-in-primele-6-luni-ale-anului\/"},"author":{"name":"Redac\u021bia UrbeaMea","@id":"https:\/\/urbeamea.ro\/albaiulia\/#\/schema\/person\/272ae98052f8ee8980f59848df070247"},"headline":"Peste 25.000 de pacien\u021bi s-au prezentat \u00een Unitatea de Primiri Urgen\u021be a Spitalului din Alba Iulia \u00een primele 6 luni ale anului","datePublished":"2023-09-16T13:44:33+00:00","dateModified":"2023-09-16T13:44:35+00:00","mainEntityOfPage":{"@id":"https:\/\/urbeamea.ro\/albaiulia\/peste-25-000-de-pacienti-s-au-prezentat-in-unitatea-de-primiri-urgente-a-spitalului-din-alba-iulia-in-primele-6-luni-ale-anului\/"},"wordCount":1061,"commentCount":0,"image":{"@id":"https:\/\/urbeamea.ro\/albaiulia\/peste-25-000-de-pacienti-s-au-prezentat-in-unitatea-de-primiri-urgente-a-spitalului-din-alba-iulia-in-primele-6-luni-ale-anului\/#primaryimage"},"thumbnailUrl":"https:\/\/urbeamea.ro\/albaiulia\/wp-content\/uploads\/2019\/09\/Foto-spital-3.jpg","keywords":["spitalul judetean de urgena alba"],"articleSection":["\u015etiri Urbane"],"inLanguage":"ro-RO","potentialAction":[{"@type":"CommentAction","name":"Comment","target":["https:\/\/urbeamea.ro\/albaiulia\/peste-25-000-de-pacienti-s-au-prezentat-in-unitatea-de-primiri-urgente-a-spitalului-din-alba-iulia-in-primele-6-luni-ale-anului\/#respond"]}]},{"@type":"WebPage","@id":"https:\/\/urbeamea.ro\/albaiulia\/peste-25-000-de-pacienti-s-au-prezentat-in-unitatea-de-primiri-urgente-a-spitalului-din-alba-iulia-in-primele-6-luni-ale-anului\/","url":"https:\/\/urbeamea.ro\/albaiulia\/peste-25-000-de-pacienti-s-au-prezentat-in-unitatea-de-primiri-urgente-a-spitalului-din-alba-iulia-in-primele-6-luni-ale-anului\/","name":"Peste 25.000 de pacien\u021bi s-au prezentat \u00een Unitatea de Primiri Urgen\u021be a Spitalului din Alba Iulia \u00een primele 6 luni ale anului - Revista Urbea Mea - Revista de Alba","isPartOf":{"@id":"https:\/\/urbeamea.ro\/albaiulia\/#website"},"primaryImageOfPage":{"@id":"https:\/\/urbeamea.ro\/albaiulia\/peste-25-000-de-pacienti-s-au-prezentat-in-unitatea-de-primiri-urgente-a-spitalului-din-alba-iulia-in-primele-6-luni-ale-anului\/#primaryimage"},"image":{"@id":"https:\/\/urbeamea.ro\/albaiulia\/peste-25-000-de-pacienti-s-au-prezentat-in-unitatea-de-primiri-urgente-a-spitalului-din-alba-iulia-in-primele-6-luni-ale-anului\/#primaryimage"},"thumbnailUrl":"https:\/\/urbeamea.ro\/albaiulia\/wp-content\/uploads\/2019\/09\/Foto-spital-3.jpg","datePublished":"2023-09-16T13:44:33+00:00","dateModified":"2023-09-16T13:44:35+00:00","author":{"@id":"https:\/\/urbeamea.ro\/albaiulia\/#\/schema\/person\/272ae98052f8ee8980f59848df070247"},"description":"Supraaglomerarea Unit\u0103\u021bii de Primiri Urgen\u021b\u0103 (UPU) a Spitalului Jude\u021bean de Urgen\u021b\u0103 Alba Iulia reprezint\u0103 o provocare major\u0103. \u00cen primele 6 luni ale anului","breadcrumb":{"@id":"https:\/\/urbeamea.ro\/albaiulia\/peste-25-000-de-pacienti-s-au-prezentat-in-unitatea-de-primiri-urgente-a-spitalului-din-alba-iulia-in-primele-6-luni-ale-anului\/#breadcrumb"},"inLanguage":"ro-RO","potentialAction":[{"@type":"ReadAction","target":["https:\/\/urbeamea.ro\/albaiulia\/peste-25-000-de-pacienti-s-au-prezentat-in-unitatea-de-primiri-urgente-a-spitalului-din-alba-iulia-in-primele-6-luni-ale-anului\/"]}]},{"@type":"ImageObject","inLanguage":"ro-RO","@id":"https:\/\/urbeamea.ro\/albaiulia\/peste-25-000-de-pacienti-s-au-prezentat-in-unitatea-de-primiri-urgente-a-spitalului-din-alba-iulia-in-primele-6-luni-ale-anului\/#primaryimage","url":"https:\/\/urbeamea.ro\/albaiulia\/wp-content\/uploads\/2019\/09\/Foto-spital-3.jpg","contentUrl":"https:\/\/urbeamea.ro\/albaiulia\/wp-content\/uploads\/2019\/09\/Foto-spital-3.jpg","width":1600,"height":1200},{"@type":"BreadcrumbList","@id":"https:\/\/urbeamea.ro\/albaiulia\/peste-25-000-de-pacienti-s-au-prezentat-in-unitatea-de-primiri-urgente-a-spitalului-din-alba-iulia-in-primele-6-luni-ale-anului\/#breadcrumb","itemListElement":[{"@type":"ListItem","position":1,"name":"Prima pagin\u0103","item":"https:\/\/urbeamea.ro\/albaiulia\/"},{"@type":"ListItem","position":2,"name":"Peste 25.000 de pacien\u021bi s-au prezentat \u00een Unitatea de Primiri Urgen\u021be a Spitalului din Alba Iulia \u00een primele 6 luni ale anului"}]},{"@type":"WebSite","@id":"https:\/\/urbeamea.ro\/albaiulia\/#website","url":"https:\/\/urbeamea.ro\/albaiulia\/","name":"Revista Urbea Mea, Stiri urbane","description":"Evenimente \u0219i \u0219tiri din Alba Iulia, Sebe\u0219, Aiud, Blaj","potentialAction":[{"@type":"SearchAction","target":{"@type":"EntryPoint","urlTemplate":"https:\/\/urbeamea.ro\/albaiulia\/?s={search_term_string}"},"query-input":{"@type":"PropertyValueSpecification","valueRequired":true,"valueName":"search_term_string"}}],"inLanguage":"ro-RO"},{"@type":"Person","@id":"https:\/\/urbeamea.ro\/albaiulia\/#\/schema\/person\/272ae98052f8ee8980f59848df070247","name":"Redac\u021bia UrbeaMea","image":{"@type":"ImageObject","inLanguage":"ro-RO","@id":"https:\/\/secure.gravatar.com\/avatar\/9ce5a9435071fa1037e8468053ead8e513dbbff59009d3069aadb85506d85a27?s=96&d=mm&r=g","url":"https:\/\/secure.gravatar.com\/avatar\/9ce5a9435071fa1037e8468053ead8e513dbbff59009d3069aadb85506d85a27?s=96&d=mm&r=g","contentUrl":"https:\/\/secure.gravatar.com\/avatar\/9ce5a9435071fa1037e8468053ead8e513dbbff59009d3069aadb85506d85a27?s=96&d=mm&r=g","caption":"Redac\u021bia UrbeaMea"},"description":"contact@urbeamea.ro","sameAs":["https:\/\/www.urbeamea.ro"],"url":"https:\/\/urbeamea.ro\/albaiulia\/author\/redactia-urbeamea\/"}]}},"_links":{"self":[{"href":"https:\/\/urbeamea.ro\/albaiulia\/wp-json\/wp\/v2\/posts\/109071","targetHints":{"allow":["GET"]}}],"collection":[{"href":"https:\/\/urbeamea.ro\/albaiulia\/wp-json\/wp\/v2\/posts"}],"about":[{"href":"https:\/\/urbeamea.ro\/albaiulia\/wp-json\/wp\/v2\/types\/post"}],"author":[{"embeddable":true,"href":"https:\/\/urbeamea.ro\/albaiulia\/wp-json\/wp\/v2\/users\/16"}],"replies":[{"embeddable":true,"href":"https:\/\/urbeamea.ro\/albaiulia\/wp-json\/wp\/v2\/comments?post=109071"}],"version-history":[{"count":1,"href":"https:\/\/urbeamea.ro\/albaiulia\/wp-json\/wp\/v2\/posts\/109071\/revisions"}],"predecessor-version":[{"id":109072,"href":"https:\/\/urbeamea.ro\/albaiulia\/wp-json\/wp\/v2\/posts\/109071\/revisions\/109072"}],"wp:featuredmedia":[{"embeddable":true,"href":"https:\/\/urbeamea.ro\/albaiulia\/wp-json\/wp\/v2\/media\/82761"}],"wp:attachment":[{"href":"https:\/\/urbeamea.ro\/albaiulia\/wp-json\/wp\/v2\/media?parent=109071"}],"wp:term":[{"taxonomy":"category","embeddable":true,"href":"https:\/\/urbeamea.ro\/albaiulia\/wp-json\/wp\/v2\/categories?post=109071"},{"taxonomy":"post_tag","embeddable":true,"href":"https:\/\/urbeamea.ro\/albaiulia\/wp-json\/wp\/v2\/tags?post=109071"}],"curies":[{"name":"wp","href":"https:\/\/api.w.org\/{rel}","templated":true}]}}