{"id":109073,"date":"2023-09-16T16:50:12","date_gmt":"2023-09-16T13:50:12","guid":{"rendered":"https:\/\/urbeamea.ro\/albaiulia\/?p=109073"},"modified":"2023-09-16T16:50:14","modified_gmt":"2023-09-16T13:50:14","slug":"reabilitarea-si-extinderea-sistemelor-de-apa-si-apa-uzata-in-judetul-alba-2014-2020","status":"publish","type":"post","link":"https:\/\/urbeamea.ro\/albaiulia\/reabilitarea-si-extinderea-sistemelor-de-apa-si-apa-uzata-in-judetul-alba-2014-2020\/","title":{"rendered":"\u201dReabilitarea \u0219i extinderea sistemelor de ap\u0103 \u0219i ap\u0103 uzat\u0103 \u00een jude\u021bul Alba, 2014-2020\u201d"},"content":{"rendered":"\n<p>Joi 14.09.2023, a avut loc la sediul SC APA CTTA SA ALBA, sedinta de monitorizare a implementarii Proiectului Major: <strong><em>\u201dReabilitarea \u0219i extinderea sistemelor de ap\u0103 \u0219i ap\u0103 uzat\u0103 \u00een jude\u021bul Alba, 2014-2020<\/em><\/strong>\u201d, la care au participat: directorul Directiei generale POIM-Directia Monitorizare Proiecte din Ministerul Fondurilor Europene <strong>Andrei Chivu<\/strong>, directorul general al Operatorului SC APA CTTA SA ALBA \u00a0<strong>Cornel Stefan Bardan<\/strong>, echipa de Implementare a Proiectului, reprezentantii supervizorului \u0219i reprezentan\u021bii constructorilor implica\u021bi \u00een implementarea proiectului.<\/p>\n\n\n\n<figure class=\"wp-block-image size-full\"><img loading=\"lazy\" decoding=\"async\" width=\"624\" height=\"433\" src=\"https:\/\/urbeamea.ro\/albaiulia\/wp-content\/uploads\/2023\/09\/Fara-titlumm.png\" alt=\"\" class=\"wp-image-109074\" srcset=\"https:\/\/urbeamea.ro\/albaiulia\/wp-content\/uploads\/2023\/09\/Fara-titlumm.png 624w, https:\/\/urbeamea.ro\/albaiulia\/wp-content\/uploads\/2023\/09\/Fara-titlumm-150x104.png 150w\" sizes=\"auto, (max-width: 624px) 100vw, 624px\" \/><\/figure>\n\n\n\n<p>Obiectivul acestei \u00eent\u00e2lniri a fost analizarea parametrilor Proiectului, aceasta reprezent\u00e2nd un pas important \u00een scopul abord\u0103rii proactive a activit\u0103\u021bilor de monitorizare a implement\u0103rii acestuia.<\/p>\n\n\n\n<p>Agenda de discu\u021bii a intalnirii a cuprins aspecte privind stadiul lucrarilor din cadrul contractelor, monitorizarea riscurilor \u00een implementarea Proiectului, indicatorii de realizare, precum \u0219i alte subiecte, toate av\u00e2nd ca scop maximizarea rezultatelor \u00een implementarea proiectului \u0219i optimizarea activit\u0103\u021bii de monitorizare desf\u0103\u0219urat\u0103 de c\u0103tre Autoritatea de Management POIM.<\/p>\n\n\n\n<p>Proiectul Major <strong><em>\u201dReabilitarea \u0219i extinderea sistemelor de ap\u0103 \u0219i ap\u0103 uzat\u0103 \u00een jude\u021bul Alba, 2014-2020<\/em><\/strong>\u201d este in valoare totala de 114.079.588 euro (fara TVA) fiind finantat de catre Uniunea Europeana \u00a0cu 86.737.563 euro (fara TVA), la aceasta suma adaugandu-se 13.265.745 euro de la bugetul statului, 2.040.884 euro de la bugetele locale ca beneficiari finali ai investitiilor, iar Beneficiarul proiectului, SC APA CTTA SA Alba, va contribui cu 12.035.397 euro.\u00a0\u00a0\u00a0\u00a0\u00a0<\/p>\n\n\n\n<p>&nbsp;Proiectul cuprinde 3 contracte de servicii, unul de furnizare vehicule opera\u021bionale, si 9 contracte de lucr\u0103ri, prin care se vor realiza investi\u021bii \u00een infrastructura de ap\u0103 \u0219i ap\u0103 uzat\u0103, dupa cum urmeaza:<\/p>\n\n\n\n<ul class=\"wp-block-list\">\n<li>reabilitarea aductiunilor Galda-Teius-Aiud-Ocna Mures si Galda-Blaj,<\/li>\n\n\n\n<li>extinderea si reabilitarea aductiunilor Cimpeni-Abrud si Cimpeni-Baia de Aries,<\/li>\n\n\n\n<li>extindere \u0219i reabilitare re\u021bele de ap\u0103 \u0219i ap\u0103 uzat\u0103 \u00een aglomerarea Alba Iulia, localitatea P\u00e2cli\u0219a, \u00een aglomerarea Ighiu, localitatea \u021aelna si \u00een aglomer\u0103rile Abrud \u0219i Baia de Arie\u0219, execu\u021bie lucr\u0103ri pt. extinderea sistemelor de ap\u0103 \u00een Arie\u0219eni.<\/li>\n\n\n\n<li>extindere re\u021bele de ap\u0103 \u0219i ap\u0103 uzat\u0103 \u00een aglomerarea Aiud &#8211; Lopadea Nou\u0103<\/li>\n\n\n\n<li>extindere re\u021bele de ap\u0103 uzat\u0103 \u00een aglomerarea Unirea \u2013 R\u0103zboieni si in aglomerarea Blaj \u2013 S\u00e2ncel -extindere\/reabilitare sistem de alimentare cu ap\u0103 \u00een Cistei si\u00a0 Bucerdea Gr\u00e2noasa- Cr\u0103ciunelu de Jos<\/li>\n\n\n\n<li>construire sta\u021bii de epurare ap\u0103 uzat\u0103 in Abrud si Baia de Arie\u0219, reabilitarea sta\u021biilor de tratare ap\u0103 potabil\u0103 Zlatna \u0219i Mihoie\u0219ti (Cimpeni).<\/li>\n<\/ul>\n\n\n\n<p>Prin intermediul acestui proiect vor fi continuate actiunile integrate de dezvoltare a sistemelor de apa si apa uzata in aglomerarile cu o populatie cuprinsa intre 2000-10.000 locuitori. Astfel, in ceea ce priveste\u00a0 alimentarea\u00a0 cu apa\u00a0 vor beneficia peste 100.000 de locuitori din aria de deservire a 4 sisteme zonale de alimentare cu apa: Alba, Zlatna, Apuseni si\u00a0 Arieseni, iar pentru canalizare-epurare circa 23.000 locuitori din 7 aglomerari: Alba Iulia, Ighiu, Aiud-Lopadea Noua, Blaj, Sancel, Abrud, Baia de Aries, Unirea, Razboieni.<\/p>\n\n\n\n<blockquote class=\"wp-block-quote is-layout-flow wp-block-quote-is-layout-flow\">\n<p><em>Accesarea fondurilor europene nerambursabile prin POIM 2014-2020 reprezint\u0103 o oportunitate pentru SC APA CTTA SA ALBA de a asigura servicii de alimentare cu ap\u0103 \u0219i de canalizare la standarde europene, de a cre\u0219te rata de conectare a locuitorilor la serviciile de ap\u0103\/canalizare \u00een aria noastra de operare . Aceste intalniri sunt mai mult decat benefice in vederea finalizarii obiectivelor pe care ni le-am propus atunci cand am semnat contractul de finantare al proiectului prin identificarea reala a problemelor ce pot influenta negativ ducerea la bun sfarsit a lucrarilor<\/em>.<\/p>\n<cite>directorul general Cornel Stefan Bardan<\/cite><\/blockquote>\n","protected":false},"excerpt":{"rendered":"<p>Joi 14.09.2023, a avut loc la sediul SC APA CTTA SA ALBA, sedinta de monitorizare a implementarii Proiectului Major: \u201dReabilitarea \u0219i extinderea sistemelor de ap\u0103 \u0219i ap\u0103 uzat\u0103 \u00een jude\u021bul Alba, 2014-2020\u201d, la care au participat: directorul Directiei generale POIM-Directia Monitorizare Proiecte din Ministerul Fondurilor Europene Andrei Chivu, directorul general al Operatorului SC APA CTTA &hellip;<\/p>\n","protected":false},"author":16,"featured_media":100402,"comment_status":"open","ping_status":"open","sticky":false,"template":"","format":"standard","meta":{"inline_featured_image":false,"footnotes":""},"categories":[1],"tags":[24345],"class_list":["post-109073","post","type-post","status-publish","format-standard","has-post-thumbnail","hentry","category-stiri-urbane","tag-apa-ccta"],"yoast_head":"<!-- This site is optimized with the Yoast SEO plugin v27.4 - https:\/\/yoast.com\/product\/yoast-seo-wordpress\/ -->\n<title>\u201dReabilitarea \u0219i extinderea sistemelor de ap\u0103 \u0219i ap\u0103 uzat\u0103 \u00een jude\u021bul Alba, 2014-2020\u201d - Revista Urbea Mea - Revista de Alba<\/title>\n<meta name=\"description\" content=\"Joi 14.09.2023, a avut loc la sediul SC APA CTTA SA ALBA, sedinta de monitorizare a implementarii Proiectului Major: \u201dReabilitarea \u0219i extinderea\" \/>\n<meta name=\"robots\" content=\"index, follow, max-snippet:-1, max-image-preview:large, max-video-preview:-1\" \/>\n<link rel=\"canonical\" href=\"https:\/\/urbeamea.ro\/albaiulia\/reabilitarea-si-extinderea-sistemelor-de-apa-si-apa-uzata-in-judetul-alba-2014-2020\/\" \/>\n<meta name=\"twitter:card\" content=\"summary_large_image\" \/>\n<meta name=\"twitter:title\" content=\"\u201dReabilitarea \u0219i extinderea sistemelor de ap\u0103 \u0219i ap\u0103 uzat\u0103 \u00een jude\u021bul Alba, 2014-2020\u201d - Revista Urbea Mea - Revista de Alba\" \/>\n<meta name=\"twitter:description\" content=\"Joi 14.09.2023, a avut loc la sediul SC APA CTTA SA ALBA, sedinta de monitorizare a implementarii Proiectului Major: \u201dReabilitarea \u0219i extinderea\" \/>\n<meta name=\"twitter:image\" content=\"https:\/\/urbeamea.ro\/albaiulia\/wp-content\/uploads\/2022\/02\/apa-ctta-alba-iulia-sediu-central-2017.jpg\" \/>\n<meta name=\"twitter:creator\" content=\"@urbeameaweb\" \/>\n<meta name=\"twitter:site\" content=\"@urbeameaweb\" \/>\n<script type=\"application\/ld+json\" class=\"yoast-schema-graph\">{\"@context\":\"https:\\\/\\\/schema.org\",\"@graph\":[{\"@type\":\"Article\",\"@id\":\"https:\\\/\\\/urbeamea.ro\\\/albaiulia\\\/reabilitarea-si-extinderea-sistemelor-de-apa-si-apa-uzata-in-judetul-alba-2014-2020\\\/#article\",\"isPartOf\":{\"@id\":\"https:\\\/\\\/urbeamea.ro\\\/albaiulia\\\/reabilitarea-si-extinderea-sistemelor-de-apa-si-apa-uzata-in-judetul-alba-2014-2020\\\/\"},\"author\":{\"name\":\"Redac\u021bia UrbeaMea\",\"@id\":\"https:\\\/\\\/urbeamea.ro\\\/albaiulia\\\/#\\\/schema\\\/person\\\/272ae98052f8ee8980f59848df070247\"},\"headline\":\"\u201dReabilitarea \u0219i extinderea sistemelor de ap\u0103 \u0219i ap\u0103 uzat\u0103 \u00een jude\u021bul Alba, 2014-2020\u201d\",\"datePublished\":\"2023-09-16T13:50:12+00:00\",\"dateModified\":\"2023-09-16T13:50:14+00:00\",\"mainEntityOfPage\":{\"@id\":\"https:\\\/\\\/urbeamea.ro\\\/albaiulia\\\/reabilitarea-si-extinderea-sistemelor-de-apa-si-apa-uzata-in-judetul-alba-2014-2020\\\/\"},\"wordCount\":572,\"commentCount\":0,\"image\":{\"@id\":\"https:\\\/\\\/urbeamea.ro\\\/albaiulia\\\/reabilitarea-si-extinderea-sistemelor-de-apa-si-apa-uzata-in-judetul-alba-2014-2020\\\/#primaryimage\"},\"thumbnailUrl\":\"https:\\\/\\\/urbeamea.ro\\\/albaiulia\\\/wp-content\\\/uploads\\\/2022\\\/02\\\/apa-ctta-alba-iulia-sediu-central-2017.jpg\",\"keywords\":[\"apa ccta\"],\"articleSection\":[\"\u015etiri Urbane\"],\"inLanguage\":\"ro-RO\",\"potentialAction\":[{\"@type\":\"CommentAction\",\"name\":\"Comment\",\"target\":[\"https:\\\/\\\/urbeamea.ro\\\/albaiulia\\\/reabilitarea-si-extinderea-sistemelor-de-apa-si-apa-uzata-in-judetul-alba-2014-2020\\\/#respond\"]}]},{\"@type\":\"WebPage\",\"@id\":\"https:\\\/\\\/urbeamea.ro\\\/albaiulia\\\/reabilitarea-si-extinderea-sistemelor-de-apa-si-apa-uzata-in-judetul-alba-2014-2020\\\/\",\"url\":\"https:\\\/\\\/urbeamea.ro\\\/albaiulia\\\/reabilitarea-si-extinderea-sistemelor-de-apa-si-apa-uzata-in-judetul-alba-2014-2020\\\/\",\"name\":\"\u201dReabilitarea \u0219i extinderea sistemelor de ap\u0103 \u0219i ap\u0103 uzat\u0103 \u00een jude\u021bul Alba, 2014-2020\u201d - Revista Urbea Mea - Revista de Alba\",\"isPartOf\":{\"@id\":\"https:\\\/\\\/urbeamea.ro\\\/albaiulia\\\/#website\"},\"primaryImageOfPage\":{\"@id\":\"https:\\\/\\\/urbeamea.ro\\\/albaiulia\\\/reabilitarea-si-extinderea-sistemelor-de-apa-si-apa-uzata-in-judetul-alba-2014-2020\\\/#primaryimage\"},\"image\":{\"@id\":\"https:\\\/\\\/urbeamea.ro\\\/albaiulia\\\/reabilitarea-si-extinderea-sistemelor-de-apa-si-apa-uzata-in-judetul-alba-2014-2020\\\/#primaryimage\"},\"thumbnailUrl\":\"https:\\\/\\\/urbeamea.ro\\\/albaiulia\\\/wp-content\\\/uploads\\\/2022\\\/02\\\/apa-ctta-alba-iulia-sediu-central-2017.jpg\",\"datePublished\":\"2023-09-16T13:50:12+00:00\",\"dateModified\":\"2023-09-16T13:50:14+00:00\",\"author\":{\"@id\":\"https:\\\/\\\/urbeamea.ro\\\/albaiulia\\\/#\\\/schema\\\/person\\\/272ae98052f8ee8980f59848df070247\"},\"description\":\"Joi 14.09.2023, a avut loc la sediul SC APA CTTA SA ALBA, sedinta de monitorizare a implementarii Proiectului Major: \u201dReabilitarea \u0219i extinderea\",\"breadcrumb\":{\"@id\":\"https:\\\/\\\/urbeamea.ro\\\/albaiulia\\\/reabilitarea-si-extinderea-sistemelor-de-apa-si-apa-uzata-in-judetul-alba-2014-2020\\\/#breadcrumb\"},\"inLanguage\":\"ro-RO\",\"potentialAction\":[{\"@type\":\"ReadAction\",\"target\":[\"https:\\\/\\\/urbeamea.ro\\\/albaiulia\\\/reabilitarea-si-extinderea-sistemelor-de-apa-si-apa-uzata-in-judetul-alba-2014-2020\\\/\"]}]},{\"@type\":\"ImageObject\",\"inLanguage\":\"ro-RO\",\"@id\":\"https:\\\/\\\/urbeamea.ro\\\/albaiulia\\\/reabilitarea-si-extinderea-sistemelor-de-apa-si-apa-uzata-in-judetul-alba-2014-2020\\\/#primaryimage\",\"url\":\"https:\\\/\\\/urbeamea.ro\\\/albaiulia\\\/wp-content\\\/uploads\\\/2022\\\/02\\\/apa-ctta-alba-iulia-sediu-central-2017.jpg\",\"contentUrl\":\"https:\\\/\\\/urbeamea.ro\\\/albaiulia\\\/wp-content\\\/uploads\\\/2022\\\/02\\\/apa-ctta-alba-iulia-sediu-central-2017.jpg\",\"width\":800,\"height\":600},{\"@type\":\"BreadcrumbList\",\"@id\":\"https:\\\/\\\/urbeamea.ro\\\/albaiulia\\\/reabilitarea-si-extinderea-sistemelor-de-apa-si-apa-uzata-in-judetul-alba-2014-2020\\\/#breadcrumb\",\"itemListElement\":[{\"@type\":\"ListItem\",\"position\":1,\"name\":\"Prima pagin\u0103\",\"item\":\"https:\\\/\\\/urbeamea.ro\\\/albaiulia\\\/\"},{\"@type\":\"ListItem\",\"position\":2,\"name\":\"\u201dReabilitarea \u0219i extinderea sistemelor de ap\u0103 \u0219i ap\u0103 uzat\u0103 \u00een jude\u021bul Alba, 2014-2020\u201d\"}]},{\"@type\":\"WebSite\",\"@id\":\"https:\\\/\\\/urbeamea.ro\\\/albaiulia\\\/#website\",\"url\":\"https:\\\/\\\/urbeamea.ro\\\/albaiulia\\\/\",\"name\":\"Revista Urbea Mea, Stiri urbane\",\"description\":\"Evenimente \u0219i \u0219tiri din Alba Iulia, Sebe\u0219, Aiud, Blaj\",\"potentialAction\":[{\"@type\":\"SearchAction\",\"target\":{\"@type\":\"EntryPoint\",\"urlTemplate\":\"https:\\\/\\\/urbeamea.ro\\\/albaiulia\\\/?s={search_term_string}\"},\"query-input\":{\"@type\":\"PropertyValueSpecification\",\"valueRequired\":true,\"valueName\":\"search_term_string\"}}],\"inLanguage\":\"ro-RO\"},{\"@type\":\"Person\",\"@id\":\"https:\\\/\\\/urbeamea.ro\\\/albaiulia\\\/#\\\/schema\\\/person\\\/272ae98052f8ee8980f59848df070247\",\"name\":\"Redac\u021bia UrbeaMea\",\"image\":{\"@type\":\"ImageObject\",\"inLanguage\":\"ro-RO\",\"@id\":\"https:\\\/\\\/secure.gravatar.com\\\/avatar\\\/9ce5a9435071fa1037e8468053ead8e513dbbff59009d3069aadb85506d85a27?s=96&d=mm&r=g\",\"url\":\"https:\\\/\\\/secure.gravatar.com\\\/avatar\\\/9ce5a9435071fa1037e8468053ead8e513dbbff59009d3069aadb85506d85a27?s=96&d=mm&r=g\",\"contentUrl\":\"https:\\\/\\\/secure.gravatar.com\\\/avatar\\\/9ce5a9435071fa1037e8468053ead8e513dbbff59009d3069aadb85506d85a27?s=96&d=mm&r=g\",\"caption\":\"Redac\u021bia UrbeaMea\"},\"description\":\"contact@urbeamea.ro\",\"sameAs\":[\"https:\\\/\\\/www.urbeamea.ro\"],\"url\":\"https:\\\/\\\/urbeamea.ro\\\/albaiulia\\\/author\\\/redactia-urbeamea\\\/\"}]}<\/script>\n<!-- \/ Yoast SEO plugin. -->","yoast_head_json":{"title":"\u201dReabilitarea \u0219i extinderea sistemelor de ap\u0103 \u0219i ap\u0103 uzat\u0103 \u00een jude\u021bul Alba, 2014-2020\u201d - Revista Urbea Mea - Revista de Alba","description":"Joi 14.09.2023, a avut loc la sediul SC APA CTTA SA ALBA, sedinta de monitorizare a implementarii Proiectului Major: \u201dReabilitarea \u0219i extinderea","robots":{"index":"index","follow":"follow","max-snippet":"max-snippet:-1","max-image-preview":"max-image-preview:large","max-video-preview":"max-video-preview:-1"},"canonical":"https:\/\/urbeamea.ro\/albaiulia\/reabilitarea-si-extinderea-sistemelor-de-apa-si-apa-uzata-in-judetul-alba-2014-2020\/","twitter_card":"summary_large_image","twitter_title":"\u201dReabilitarea \u0219i extinderea sistemelor de ap\u0103 \u0219i ap\u0103 uzat\u0103 \u00een jude\u021bul Alba, 2014-2020\u201d - Revista Urbea Mea - Revista de Alba","twitter_description":"Joi 14.09.2023, a avut loc la sediul SC APA CTTA SA ALBA, sedinta de monitorizare a implementarii Proiectului Major: \u201dReabilitarea \u0219i extinderea","twitter_image":"https:\/\/urbeamea.ro\/albaiulia\/wp-content\/uploads\/2022\/02\/apa-ctta-alba-iulia-sediu-central-2017.jpg","twitter_creator":"@urbeameaweb","twitter_site":"@urbeameaweb","schema":{"@context":"https:\/\/schema.org","@graph":[{"@type":"Article","@id":"https:\/\/urbeamea.ro\/albaiulia\/reabilitarea-si-extinderea-sistemelor-de-apa-si-apa-uzata-in-judetul-alba-2014-2020\/#article","isPartOf":{"@id":"https:\/\/urbeamea.ro\/albaiulia\/reabilitarea-si-extinderea-sistemelor-de-apa-si-apa-uzata-in-judetul-alba-2014-2020\/"},"author":{"name":"Redac\u021bia UrbeaMea","@id":"https:\/\/urbeamea.ro\/albaiulia\/#\/schema\/person\/272ae98052f8ee8980f59848df070247"},"headline":"\u201dReabilitarea \u0219i extinderea sistemelor de ap\u0103 \u0219i ap\u0103 uzat\u0103 \u00een jude\u021bul Alba, 2014-2020\u201d","datePublished":"2023-09-16T13:50:12+00:00","dateModified":"2023-09-16T13:50:14+00:00","mainEntityOfPage":{"@id":"https:\/\/urbeamea.ro\/albaiulia\/reabilitarea-si-extinderea-sistemelor-de-apa-si-apa-uzata-in-judetul-alba-2014-2020\/"},"wordCount":572,"commentCount":0,"image":{"@id":"https:\/\/urbeamea.ro\/albaiulia\/reabilitarea-si-extinderea-sistemelor-de-apa-si-apa-uzata-in-judetul-alba-2014-2020\/#primaryimage"},"thumbnailUrl":"https:\/\/urbeamea.ro\/albaiulia\/wp-content\/uploads\/2022\/02\/apa-ctta-alba-iulia-sediu-central-2017.jpg","keywords":["apa ccta"],"articleSection":["\u015etiri Urbane"],"inLanguage":"ro-RO","potentialAction":[{"@type":"CommentAction","name":"Comment","target":["https:\/\/urbeamea.ro\/albaiulia\/reabilitarea-si-extinderea-sistemelor-de-apa-si-apa-uzata-in-judetul-alba-2014-2020\/#respond"]}]},{"@type":"WebPage","@id":"https:\/\/urbeamea.ro\/albaiulia\/reabilitarea-si-extinderea-sistemelor-de-apa-si-apa-uzata-in-judetul-alba-2014-2020\/","url":"https:\/\/urbeamea.ro\/albaiulia\/reabilitarea-si-extinderea-sistemelor-de-apa-si-apa-uzata-in-judetul-alba-2014-2020\/","name":"\u201dReabilitarea \u0219i extinderea sistemelor de ap\u0103 \u0219i ap\u0103 uzat\u0103 \u00een jude\u021bul Alba, 2014-2020\u201d - Revista Urbea Mea - Revista de Alba","isPartOf":{"@id":"https:\/\/urbeamea.ro\/albaiulia\/#website"},"primaryImageOfPage":{"@id":"https:\/\/urbeamea.ro\/albaiulia\/reabilitarea-si-extinderea-sistemelor-de-apa-si-apa-uzata-in-judetul-alba-2014-2020\/#primaryimage"},"image":{"@id":"https:\/\/urbeamea.ro\/albaiulia\/reabilitarea-si-extinderea-sistemelor-de-apa-si-apa-uzata-in-judetul-alba-2014-2020\/#primaryimage"},"thumbnailUrl":"https:\/\/urbeamea.ro\/albaiulia\/wp-content\/uploads\/2022\/02\/apa-ctta-alba-iulia-sediu-central-2017.jpg","datePublished":"2023-09-16T13:50:12+00:00","dateModified":"2023-09-16T13:50:14+00:00","author":{"@id":"https:\/\/urbeamea.ro\/albaiulia\/#\/schema\/person\/272ae98052f8ee8980f59848df070247"},"description":"Joi 14.09.2023, a avut loc la sediul SC APA CTTA SA ALBA, sedinta de monitorizare a implementarii Proiectului Major: \u201dReabilitarea \u0219i extinderea","breadcrumb":{"@id":"https:\/\/urbeamea.ro\/albaiulia\/reabilitarea-si-extinderea-sistemelor-de-apa-si-apa-uzata-in-judetul-alba-2014-2020\/#breadcrumb"},"inLanguage":"ro-RO","potentialAction":[{"@type":"ReadAction","target":["https:\/\/urbeamea.ro\/albaiulia\/reabilitarea-si-extinderea-sistemelor-de-apa-si-apa-uzata-in-judetul-alba-2014-2020\/"]}]},{"@type":"ImageObject","inLanguage":"ro-RO","@id":"https:\/\/urbeamea.ro\/albaiulia\/reabilitarea-si-extinderea-sistemelor-de-apa-si-apa-uzata-in-judetul-alba-2014-2020\/#primaryimage","url":"https:\/\/urbeamea.ro\/albaiulia\/wp-content\/uploads\/2022\/02\/apa-ctta-alba-iulia-sediu-central-2017.jpg","contentUrl":"https:\/\/urbeamea.ro\/albaiulia\/wp-content\/uploads\/2022\/02\/apa-ctta-alba-iulia-sediu-central-2017.jpg","width":800,"height":600},{"@type":"BreadcrumbList","@id":"https:\/\/urbeamea.ro\/albaiulia\/reabilitarea-si-extinderea-sistemelor-de-apa-si-apa-uzata-in-judetul-alba-2014-2020\/#breadcrumb","itemListElement":[{"@type":"ListItem","position":1,"name":"Prima pagin\u0103","item":"https:\/\/urbeamea.ro\/albaiulia\/"},{"@type":"ListItem","position":2,"name":"\u201dReabilitarea \u0219i extinderea sistemelor de ap\u0103 \u0219i ap\u0103 uzat\u0103 \u00een jude\u021bul Alba, 2014-2020\u201d"}]},{"@type":"WebSite","@id":"https:\/\/urbeamea.ro\/albaiulia\/#website","url":"https:\/\/urbeamea.ro\/albaiulia\/","name":"Revista Urbea Mea, Stiri urbane","description":"Evenimente \u0219i \u0219tiri din Alba Iulia, Sebe\u0219, Aiud, Blaj","potentialAction":[{"@type":"SearchAction","target":{"@type":"EntryPoint","urlTemplate":"https:\/\/urbeamea.ro\/albaiulia\/?s={search_term_string}"},"query-input":{"@type":"PropertyValueSpecification","valueRequired":true,"valueName":"search_term_string"}}],"inLanguage":"ro-RO"},{"@type":"Person","@id":"https:\/\/urbeamea.ro\/albaiulia\/#\/schema\/person\/272ae98052f8ee8980f59848df070247","name":"Redac\u021bia UrbeaMea","image":{"@type":"ImageObject","inLanguage":"ro-RO","@id":"https:\/\/secure.gravatar.com\/avatar\/9ce5a9435071fa1037e8468053ead8e513dbbff59009d3069aadb85506d85a27?s=96&d=mm&r=g","url":"https:\/\/secure.gravatar.com\/avatar\/9ce5a9435071fa1037e8468053ead8e513dbbff59009d3069aadb85506d85a27?s=96&d=mm&r=g","contentUrl":"https:\/\/secure.gravatar.com\/avatar\/9ce5a9435071fa1037e8468053ead8e513dbbff59009d3069aadb85506d85a27?s=96&d=mm&r=g","caption":"Redac\u021bia UrbeaMea"},"description":"contact@urbeamea.ro","sameAs":["https:\/\/www.urbeamea.ro"],"url":"https:\/\/urbeamea.ro\/albaiulia\/author\/redactia-urbeamea\/"}]}},"_links":{"self":[{"href":"https:\/\/urbeamea.ro\/albaiulia\/wp-json\/wp\/v2\/posts\/109073","targetHints":{"allow":["GET"]}}],"collection":[{"href":"https:\/\/urbeamea.ro\/albaiulia\/wp-json\/wp\/v2\/posts"}],"about":[{"href":"https:\/\/urbeamea.ro\/albaiulia\/wp-json\/wp\/v2\/types\/post"}],"author":[{"embeddable":true,"href":"https:\/\/urbeamea.ro\/albaiulia\/wp-json\/wp\/v2\/users\/16"}],"replies":[{"embeddable":true,"href":"https:\/\/urbeamea.ro\/albaiulia\/wp-json\/wp\/v2\/comments?post=109073"}],"version-history":[{"count":1,"href":"https:\/\/urbeamea.ro\/albaiulia\/wp-json\/wp\/v2\/posts\/109073\/revisions"}],"predecessor-version":[{"id":109075,"href":"https:\/\/urbeamea.ro\/albaiulia\/wp-json\/wp\/v2\/posts\/109073\/revisions\/109075"}],"wp:featuredmedia":[{"embeddable":true,"href":"https:\/\/urbeamea.ro\/albaiulia\/wp-json\/wp\/v2\/media\/100402"}],"wp:attachment":[{"href":"https:\/\/urbeamea.ro\/albaiulia\/wp-json\/wp\/v2\/media?parent=109073"}],"wp:term":[{"taxonomy":"category","embeddable":true,"href":"https:\/\/urbeamea.ro\/albaiulia\/wp-json\/wp\/v2\/categories?post=109073"},{"taxonomy":"post_tag","embeddable":true,"href":"https:\/\/urbeamea.ro\/albaiulia\/wp-json\/wp\/v2\/tags?post=109073"}],"curies":[{"name":"wp","href":"https:\/\/api.w.org\/{rel}","templated":true}]}}