{"id":109096,"date":"2023-09-19T10:19:14","date_gmt":"2023-09-19T07:19:14","guid":{"rendered":"https:\/\/urbeamea.ro\/albaiulia\/?p=109096"},"modified":"2023-09-19T10:19:16","modified_gmt":"2023-09-19T07:19:16","slug":"noaptea-cercetatorilor-europeni-2023","status":"publish","type":"post","link":"https:\/\/urbeamea.ro\/albaiulia\/noaptea-cercetatorilor-europeni-2023\/","title":{"rendered":"Noaptea Cercet\u0103torilor Europeni 2023!"},"content":{"rendered":"\n<p>Pe 29 Septembrie 2023, Noaptea Cercet\u0103torilor Europeni, cel mai cunoscut \u0219i longeviv eveniment despre \u0219tiin\u021b\u0103 \u0219i cercetare, \u00ee\u0219i deschide por\u021bile pentru publicul larg, \u00een Bucure\u0219ti \u0219i alte 27 ora\u0219e din Rom\u00e2nia. Cercet\u0103tori renumi\u021bi, la nivel na\u021bional \u0219i interna\u021bional, a\u0219teapt\u0103 cu entuziasm interac\u021biunea direct\u0103 cu pasiona\u021bii de \u0219tiin\u021b\u0103, care vor avea astfel ocazia de a \u00een\u021belege mai bine c\u00e2t de important\u0103 este munca de cercetare \u0219i impactul pe care aceasta \u00eel are asupra vie\u021bii cotidiene.<\/p>\n\n\n\n<p>Evenimentul este o ini\u021biativ\u0103 a Comisiei Europene \u0219i a fost apreciat de public, \u00eenc\u0103 de la prima edi\u021bie \u00een anul 2005, datorit\u0103 caracterului s\u0103u inovativ, prin care \u0219tiin\u021ba a devenit accesibil\u0103 tuturor, vizitatorii lu\u00e2nd parte la activit\u0103\u021bi \u0219tiin\u021bifice ce combin\u0103 educa\u021bia cu divertismentul, organiz\u00e2ndu-se expozi\u021bii, experimente \u00een care publicul este implicat activ, conferin\u021be, prezent\u0103ri, jocuri \u0219i concursuri.<\/p>\n\n\n\n<p>C\u0103l\u0103toria \u00een lumea \u0219tiin\u021bei va fi ghidat\u0103 de c\u0103tre cei mai prieteno\u0219i cercet\u0103tori din \u021bar\u0103, care au preg\u0103tit pentru public experimente inedite, prezent\u0103ri ale celor mai inovative proiecte, demonstra\u021bii uluitoare, workshop-uri interactive \u0219i dezbateri interesante pe teme \u0219tiin\u021bifice. Concursurile \u0219i surprizele vor condimenta atmosfera evenimentelor din Bucure\u0219ti, Alba Iulia, Arad, Bac\u0103u, B\u00e2rlad, Br\u0103ila, Bumbe\u0219ti-Jiu, Buz\u0103u, C\u0103l\u0103ra\u0219i, C\u00e2mpia Turzii, Constan\u021ba, Deva, F\u0103g\u0103ra\u0219, Gala\u021bi, Hunedoara, Media\u0219, Oradea, Petrila, Piatra Neam\u021b, Ploie\u0219ti, Suceava, T\u00e2rgovi\u0219te, T\u00e2rgu Neam\u021b, T\u00e2rgu Jiu, Timi\u0219oara, Titu, Tulcea \u0219i Zal\u0103u. Toate detaliile privind programul \u0219i activit\u0103\u021bile din fiecare ora\u0219 se reg\u0103sesc pe website-ul evenimentului: <a href=\"http:\/\/www.noapteacercetatorilor.eu\">www.noapteacercetatorilor.eu<\/a>. Intrarea este liber\u0103!<\/p>\n\n\n\n<blockquote class=\"wp-block-quote is-layout-flow wp-block-quote-is-layout-flow\">\n<p>Curiozitate, pasiune, creativitate, determinare, perseveren\u021b\u0103 \u0219i lista poate continua&#8230; Acestea sunt doar c\u00e2teva dintre caracteristicile celor care vor s\u0103rb\u0103tori \u00eempreun\u0103 magia \u0219tiin\u021bei pe 29 Septembrie, cercet\u0103tori \u0219i vizitatori deopotriv\u0103. Edi\u021biile de succes din anii trecu\u021bi ne \u00eent\u0103resc tot mai mult convingerea c\u0103 evenimentul faciliteaz\u0103 \u00eentr-un mod aparte expunerea public\u0103 a cercet\u0103torilor \u0219i a rezultatelor muncii lor, f\u0103c\u00e2nd posibil\u0103 interac\u021biunea direct\u0103 \u00eentre mediul de cercetare \u0219i publicul larg. Fie c\u0103 vorbim despre cercet\u0103tori renumi\u021bi, de tineri interesa\u021bi de o carier\u0103 \u00een cercetare sau, pur \u0219i simplu, de oameni curio\u0219i, experien\u021ba particip\u0103rii la Noaptea Cercet\u0103torilor Europeni va fi unic\u0103 pentru fiecare dintre cei care vor trece pragul evenimentului.<\/p>\n<cite>organizatorii evenimentului<\/cite><\/blockquote>\n\n\n\n<p>Noaptea Cercet\u0103torilor Europeni se \u00eenscrie \u00een seria Ac\u021biunilor Marie Sk\u0142odowska-Curie, fiind un eveniment ce atrage anual peste 1.5 milioane vizitatori. Noaptea Cercet\u0103torilor Europeni 2023 se organizeaz\u0103 \u00een 26 \u021b\u0103ri, iar peste 400 ora\u0219e din Europa \u0219i nu numai vor fi gazda evenimentului ce \u00ee\u0219i propune s\u0103 arate publicului ce \u00eenseamn\u0103 s\u0103 fii cercet\u0103tor \u0219i c\u00e2t de interesant\u0103 poate fi munca de cercetare. &nbsp;<\/p>\n","protected":false},"excerpt":{"rendered":"<p>Pe 29 Septembrie 2023, Noaptea Cercet\u0103torilor Europeni, cel mai cunoscut \u0219i longeviv eveniment despre \u0219tiin\u021b\u0103 \u0219i cercetare, \u00ee\u0219i deschide por\u021bile pentru publicul larg, \u00een Bucure\u0219ti \u0219i alte 27 ora\u0219e din Rom\u00e2nia. Cercet\u0103tori renumi\u021bi, la nivel na\u021bional \u0219i interna\u021bional, a\u0219teapt\u0103 cu entuziasm interac\u021biunea direct\u0103 cu pasiona\u021bii de \u0219tiin\u021b\u0103, care vor avea astfel ocazia de a \u00een\u021belege &hellip;<\/p>\n","protected":false},"author":16,"featured_media":109097,"comment_status":"open","ping_status":"open","sticky":false,"template":"","format":"standard","meta":{"inline_featured_image":false,"footnotes":""},"categories":[4],"tags":[7617],"class_list":["post-109096","post","type-post","status-publish","format-standard","has-post-thumbnail","hentry","category-eveniment","tag-noaptea-cercetatorilor-europeni"],"yoast_head":"<!-- This site is optimized with the Yoast SEO plugin v27.4 - https:\/\/yoast.com\/product\/yoast-seo-wordpress\/ -->\n<title>Noaptea Cercet\u0103torilor Europeni 2023! - Revista Urbea Mea - Revista de Alba<\/title>\n<meta name=\"description\" content=\"Pe 29 Septembrie 2023, Noaptea Cercet\u0103torilor Europeni, cel mai cunoscut \u0219i longeviv eveniment despre \u0219tiin\u021b\u0103 \u0219i cercetare, \u00ee\u0219i deschide por\u021bile pentru\" \/>\n<meta name=\"robots\" content=\"index, follow, max-snippet:-1, max-image-preview:large, max-video-preview:-1\" \/>\n<link rel=\"canonical\" href=\"https:\/\/urbeamea.ro\/albaiulia\/noaptea-cercetatorilor-europeni-2023\/\" \/>\n<meta name=\"twitter:card\" content=\"summary_large_image\" \/>\n<meta name=\"twitter:title\" content=\"Noaptea Cercet\u0103torilor Europeni 2023! - Revista Urbea Mea - Revista de Alba\" \/>\n<meta name=\"twitter:description\" content=\"Pe 29 Septembrie 2023, Noaptea Cercet\u0103torilor Europeni, cel mai cunoscut \u0219i longeviv eveniment despre \u0219tiin\u021b\u0103 \u0219i cercetare, \u00ee\u0219i deschide por\u021bile pentru\" \/>\n<meta name=\"twitter:image\" content=\"https:\/\/urbeamea.ro\/albaiulia\/wp-content\/uploads\/2023\/09\/005593eb-d65e-559f-87ce-444f43c11b95.jpg\" \/>\n<meta name=\"twitter:creator\" content=\"@urbeameaweb\" \/>\n<meta name=\"twitter:site\" content=\"@urbeameaweb\" \/>\n<script type=\"application\/ld+json\" class=\"yoast-schema-graph\">{\"@context\":\"https:\\\/\\\/schema.org\",\"@graph\":[{\"@type\":\"Article\",\"@id\":\"https:\\\/\\\/urbeamea.ro\\\/albaiulia\\\/noaptea-cercetatorilor-europeni-2023\\\/#article\",\"isPartOf\":{\"@id\":\"https:\\\/\\\/urbeamea.ro\\\/albaiulia\\\/noaptea-cercetatorilor-europeni-2023\\\/\"},\"author\":{\"name\":\"Redac\u021bia UrbeaMea\",\"@id\":\"https:\\\/\\\/urbeamea.ro\\\/albaiulia\\\/#\\\/schema\\\/person\\\/272ae98052f8ee8980f59848df070247\"},\"headline\":\"Noaptea Cercet\u0103torilor Europeni 2023!\",\"datePublished\":\"2023-09-19T07:19:14+00:00\",\"dateModified\":\"2023-09-19T07:19:16+00:00\",\"mainEntityOfPage\":{\"@id\":\"https:\\\/\\\/urbeamea.ro\\\/albaiulia\\\/noaptea-cercetatorilor-europeni-2023\\\/\"},\"wordCount\":483,\"commentCount\":0,\"image\":{\"@id\":\"https:\\\/\\\/urbeamea.ro\\\/albaiulia\\\/noaptea-cercetatorilor-europeni-2023\\\/#primaryimage\"},\"thumbnailUrl\":\"https:\\\/\\\/urbeamea.ro\\\/albaiulia\\\/wp-content\\\/uploads\\\/2023\\\/09\\\/005593eb-d65e-559f-87ce-444f43c11b95.jpg\",\"keywords\":[\"noaptea cercetatorilor europeni\"],\"articleSection\":[\"Evenimente\"],\"inLanguage\":\"ro-RO\",\"potentialAction\":[{\"@type\":\"CommentAction\",\"name\":\"Comment\",\"target\":[\"https:\\\/\\\/urbeamea.ro\\\/albaiulia\\\/noaptea-cercetatorilor-europeni-2023\\\/#respond\"]}]},{\"@type\":\"WebPage\",\"@id\":\"https:\\\/\\\/urbeamea.ro\\\/albaiulia\\\/noaptea-cercetatorilor-europeni-2023\\\/\",\"url\":\"https:\\\/\\\/urbeamea.ro\\\/albaiulia\\\/noaptea-cercetatorilor-europeni-2023\\\/\",\"name\":\"Noaptea Cercet\u0103torilor Europeni 2023! - Revista Urbea Mea - Revista de Alba\",\"isPartOf\":{\"@id\":\"https:\\\/\\\/urbeamea.ro\\\/albaiulia\\\/#website\"},\"primaryImageOfPage\":{\"@id\":\"https:\\\/\\\/urbeamea.ro\\\/albaiulia\\\/noaptea-cercetatorilor-europeni-2023\\\/#primaryimage\"},\"image\":{\"@id\":\"https:\\\/\\\/urbeamea.ro\\\/albaiulia\\\/noaptea-cercetatorilor-europeni-2023\\\/#primaryimage\"},\"thumbnailUrl\":\"https:\\\/\\\/urbeamea.ro\\\/albaiulia\\\/wp-content\\\/uploads\\\/2023\\\/09\\\/005593eb-d65e-559f-87ce-444f43c11b95.jpg\",\"datePublished\":\"2023-09-19T07:19:14+00:00\",\"dateModified\":\"2023-09-19T07:19:16+00:00\",\"author\":{\"@id\":\"https:\\\/\\\/urbeamea.ro\\\/albaiulia\\\/#\\\/schema\\\/person\\\/272ae98052f8ee8980f59848df070247\"},\"description\":\"Pe 29 Septembrie 2023, Noaptea Cercet\u0103torilor Europeni, cel mai cunoscut \u0219i longeviv eveniment despre \u0219tiin\u021b\u0103 \u0219i cercetare, \u00ee\u0219i deschide por\u021bile pentru\",\"breadcrumb\":{\"@id\":\"https:\\\/\\\/urbeamea.ro\\\/albaiulia\\\/noaptea-cercetatorilor-europeni-2023\\\/#breadcrumb\"},\"inLanguage\":\"ro-RO\",\"potentialAction\":[{\"@type\":\"ReadAction\",\"target\":[\"https:\\\/\\\/urbeamea.ro\\\/albaiulia\\\/noaptea-cercetatorilor-europeni-2023\\\/\"]}]},{\"@type\":\"ImageObject\",\"inLanguage\":\"ro-RO\",\"@id\":\"https:\\\/\\\/urbeamea.ro\\\/albaiulia\\\/noaptea-cercetatorilor-europeni-2023\\\/#primaryimage\",\"url\":\"https:\\\/\\\/urbeamea.ro\\\/albaiulia\\\/wp-content\\\/uploads\\\/2023\\\/09\\\/005593eb-d65e-559f-87ce-444f43c11b95.jpg\",\"contentUrl\":\"https:\\\/\\\/urbeamea.ro\\\/albaiulia\\\/wp-content\\\/uploads\\\/2023\\\/09\\\/005593eb-d65e-559f-87ce-444f43c11b95.jpg\",\"width\":1600,\"height\":882},{\"@type\":\"BreadcrumbList\",\"@id\":\"https:\\\/\\\/urbeamea.ro\\\/albaiulia\\\/noaptea-cercetatorilor-europeni-2023\\\/#breadcrumb\",\"itemListElement\":[{\"@type\":\"ListItem\",\"position\":1,\"name\":\"Prima pagin\u0103\",\"item\":\"https:\\\/\\\/urbeamea.ro\\\/albaiulia\\\/\"},{\"@type\":\"ListItem\",\"position\":2,\"name\":\"Noaptea Cercet\u0103torilor Europeni 2023!\"}]},{\"@type\":\"WebSite\",\"@id\":\"https:\\\/\\\/urbeamea.ro\\\/albaiulia\\\/#website\",\"url\":\"https:\\\/\\\/urbeamea.ro\\\/albaiulia\\\/\",\"name\":\"Revista Urbea Mea, Stiri urbane\",\"description\":\"Evenimente \u0219i \u0219tiri din Alba Iulia, Sebe\u0219, Aiud, Blaj\",\"potentialAction\":[{\"@type\":\"SearchAction\",\"target\":{\"@type\":\"EntryPoint\",\"urlTemplate\":\"https:\\\/\\\/urbeamea.ro\\\/albaiulia\\\/?s={search_term_string}\"},\"query-input\":{\"@type\":\"PropertyValueSpecification\",\"valueRequired\":true,\"valueName\":\"search_term_string\"}}],\"inLanguage\":\"ro-RO\"},{\"@type\":\"Person\",\"@id\":\"https:\\\/\\\/urbeamea.ro\\\/albaiulia\\\/#\\\/schema\\\/person\\\/272ae98052f8ee8980f59848df070247\",\"name\":\"Redac\u021bia UrbeaMea\",\"image\":{\"@type\":\"ImageObject\",\"inLanguage\":\"ro-RO\",\"@id\":\"https:\\\/\\\/secure.gravatar.com\\\/avatar\\\/9ce5a9435071fa1037e8468053ead8e513dbbff59009d3069aadb85506d85a27?s=96&d=mm&r=g\",\"url\":\"https:\\\/\\\/secure.gravatar.com\\\/avatar\\\/9ce5a9435071fa1037e8468053ead8e513dbbff59009d3069aadb85506d85a27?s=96&d=mm&r=g\",\"contentUrl\":\"https:\\\/\\\/secure.gravatar.com\\\/avatar\\\/9ce5a9435071fa1037e8468053ead8e513dbbff59009d3069aadb85506d85a27?s=96&d=mm&r=g\",\"caption\":\"Redac\u021bia UrbeaMea\"},\"description\":\"contact@urbeamea.ro\",\"sameAs\":[\"https:\\\/\\\/www.urbeamea.ro\"],\"url\":\"https:\\\/\\\/urbeamea.ro\\\/albaiulia\\\/author\\\/redactia-urbeamea\\\/\"}]}<\/script>\n<!-- \/ Yoast SEO plugin. -->","yoast_head_json":{"title":"Noaptea Cercet\u0103torilor Europeni 2023! - Revista Urbea Mea - Revista de Alba","description":"Pe 29 Septembrie 2023, Noaptea Cercet\u0103torilor Europeni, cel mai cunoscut \u0219i longeviv eveniment despre \u0219tiin\u021b\u0103 \u0219i cercetare, \u00ee\u0219i deschide por\u021bile pentru","robots":{"index":"index","follow":"follow","max-snippet":"max-snippet:-1","max-image-preview":"max-image-preview:large","max-video-preview":"max-video-preview:-1"},"canonical":"https:\/\/urbeamea.ro\/albaiulia\/noaptea-cercetatorilor-europeni-2023\/","twitter_card":"summary_large_image","twitter_title":"Noaptea Cercet\u0103torilor Europeni 2023! - Revista Urbea Mea - Revista de Alba","twitter_description":"Pe 29 Septembrie 2023, Noaptea Cercet\u0103torilor Europeni, cel mai cunoscut \u0219i longeviv eveniment despre \u0219tiin\u021b\u0103 \u0219i cercetare, \u00ee\u0219i deschide por\u021bile pentru","twitter_image":"https:\/\/urbeamea.ro\/albaiulia\/wp-content\/uploads\/2023\/09\/005593eb-d65e-559f-87ce-444f43c11b95.jpg","twitter_creator":"@urbeameaweb","twitter_site":"@urbeameaweb","schema":{"@context":"https:\/\/schema.org","@graph":[{"@type":"Article","@id":"https:\/\/urbeamea.ro\/albaiulia\/noaptea-cercetatorilor-europeni-2023\/#article","isPartOf":{"@id":"https:\/\/urbeamea.ro\/albaiulia\/noaptea-cercetatorilor-europeni-2023\/"},"author":{"name":"Redac\u021bia UrbeaMea","@id":"https:\/\/urbeamea.ro\/albaiulia\/#\/schema\/person\/272ae98052f8ee8980f59848df070247"},"headline":"Noaptea Cercet\u0103torilor Europeni 2023!","datePublished":"2023-09-19T07:19:14+00:00","dateModified":"2023-09-19T07:19:16+00:00","mainEntityOfPage":{"@id":"https:\/\/urbeamea.ro\/albaiulia\/noaptea-cercetatorilor-europeni-2023\/"},"wordCount":483,"commentCount":0,"image":{"@id":"https:\/\/urbeamea.ro\/albaiulia\/noaptea-cercetatorilor-europeni-2023\/#primaryimage"},"thumbnailUrl":"https:\/\/urbeamea.ro\/albaiulia\/wp-content\/uploads\/2023\/09\/005593eb-d65e-559f-87ce-444f43c11b95.jpg","keywords":["noaptea cercetatorilor europeni"],"articleSection":["Evenimente"],"inLanguage":"ro-RO","potentialAction":[{"@type":"CommentAction","name":"Comment","target":["https:\/\/urbeamea.ro\/albaiulia\/noaptea-cercetatorilor-europeni-2023\/#respond"]}]},{"@type":"WebPage","@id":"https:\/\/urbeamea.ro\/albaiulia\/noaptea-cercetatorilor-europeni-2023\/","url":"https:\/\/urbeamea.ro\/albaiulia\/noaptea-cercetatorilor-europeni-2023\/","name":"Noaptea Cercet\u0103torilor Europeni 2023! - Revista Urbea Mea - Revista de Alba","isPartOf":{"@id":"https:\/\/urbeamea.ro\/albaiulia\/#website"},"primaryImageOfPage":{"@id":"https:\/\/urbeamea.ro\/albaiulia\/noaptea-cercetatorilor-europeni-2023\/#primaryimage"},"image":{"@id":"https:\/\/urbeamea.ro\/albaiulia\/noaptea-cercetatorilor-europeni-2023\/#primaryimage"},"thumbnailUrl":"https:\/\/urbeamea.ro\/albaiulia\/wp-content\/uploads\/2023\/09\/005593eb-d65e-559f-87ce-444f43c11b95.jpg","datePublished":"2023-09-19T07:19:14+00:00","dateModified":"2023-09-19T07:19:16+00:00","author":{"@id":"https:\/\/urbeamea.ro\/albaiulia\/#\/schema\/person\/272ae98052f8ee8980f59848df070247"},"description":"Pe 29 Septembrie 2023, Noaptea Cercet\u0103torilor Europeni, cel mai cunoscut \u0219i longeviv eveniment despre \u0219tiin\u021b\u0103 \u0219i cercetare, \u00ee\u0219i deschide por\u021bile pentru","breadcrumb":{"@id":"https:\/\/urbeamea.ro\/albaiulia\/noaptea-cercetatorilor-europeni-2023\/#breadcrumb"},"inLanguage":"ro-RO","potentialAction":[{"@type":"ReadAction","target":["https:\/\/urbeamea.ro\/albaiulia\/noaptea-cercetatorilor-europeni-2023\/"]}]},{"@type":"ImageObject","inLanguage":"ro-RO","@id":"https:\/\/urbeamea.ro\/albaiulia\/noaptea-cercetatorilor-europeni-2023\/#primaryimage","url":"https:\/\/urbeamea.ro\/albaiulia\/wp-content\/uploads\/2023\/09\/005593eb-d65e-559f-87ce-444f43c11b95.jpg","contentUrl":"https:\/\/urbeamea.ro\/albaiulia\/wp-content\/uploads\/2023\/09\/005593eb-d65e-559f-87ce-444f43c11b95.jpg","width":1600,"height":882},{"@type":"BreadcrumbList","@id":"https:\/\/urbeamea.ro\/albaiulia\/noaptea-cercetatorilor-europeni-2023\/#breadcrumb","itemListElement":[{"@type":"ListItem","position":1,"name":"Prima pagin\u0103","item":"https:\/\/urbeamea.ro\/albaiulia\/"},{"@type":"ListItem","position":2,"name":"Noaptea Cercet\u0103torilor Europeni 2023!"}]},{"@type":"WebSite","@id":"https:\/\/urbeamea.ro\/albaiulia\/#website","url":"https:\/\/urbeamea.ro\/albaiulia\/","name":"Revista Urbea Mea, Stiri urbane","description":"Evenimente \u0219i \u0219tiri din Alba Iulia, Sebe\u0219, Aiud, Blaj","potentialAction":[{"@type":"SearchAction","target":{"@type":"EntryPoint","urlTemplate":"https:\/\/urbeamea.ro\/albaiulia\/?s={search_term_string}"},"query-input":{"@type":"PropertyValueSpecification","valueRequired":true,"valueName":"search_term_string"}}],"inLanguage":"ro-RO"},{"@type":"Person","@id":"https:\/\/urbeamea.ro\/albaiulia\/#\/schema\/person\/272ae98052f8ee8980f59848df070247","name":"Redac\u021bia UrbeaMea","image":{"@type":"ImageObject","inLanguage":"ro-RO","@id":"https:\/\/secure.gravatar.com\/avatar\/9ce5a9435071fa1037e8468053ead8e513dbbff59009d3069aadb85506d85a27?s=96&d=mm&r=g","url":"https:\/\/secure.gravatar.com\/avatar\/9ce5a9435071fa1037e8468053ead8e513dbbff59009d3069aadb85506d85a27?s=96&d=mm&r=g","contentUrl":"https:\/\/secure.gravatar.com\/avatar\/9ce5a9435071fa1037e8468053ead8e513dbbff59009d3069aadb85506d85a27?s=96&d=mm&r=g","caption":"Redac\u021bia UrbeaMea"},"description":"contact@urbeamea.ro","sameAs":["https:\/\/www.urbeamea.ro"],"url":"https:\/\/urbeamea.ro\/albaiulia\/author\/redactia-urbeamea\/"}]}},"_links":{"self":[{"href":"https:\/\/urbeamea.ro\/albaiulia\/wp-json\/wp\/v2\/posts\/109096","targetHints":{"allow":["GET"]}}],"collection":[{"href":"https:\/\/urbeamea.ro\/albaiulia\/wp-json\/wp\/v2\/posts"}],"about":[{"href":"https:\/\/urbeamea.ro\/albaiulia\/wp-json\/wp\/v2\/types\/post"}],"author":[{"embeddable":true,"href":"https:\/\/urbeamea.ro\/albaiulia\/wp-json\/wp\/v2\/users\/16"}],"replies":[{"embeddable":true,"href":"https:\/\/urbeamea.ro\/albaiulia\/wp-json\/wp\/v2\/comments?post=109096"}],"version-history":[{"count":1,"href":"https:\/\/urbeamea.ro\/albaiulia\/wp-json\/wp\/v2\/posts\/109096\/revisions"}],"predecessor-version":[{"id":109098,"href":"https:\/\/urbeamea.ro\/albaiulia\/wp-json\/wp\/v2\/posts\/109096\/revisions\/109098"}],"wp:featuredmedia":[{"embeddable":true,"href":"https:\/\/urbeamea.ro\/albaiulia\/wp-json\/wp\/v2\/media\/109097"}],"wp:attachment":[{"href":"https:\/\/urbeamea.ro\/albaiulia\/wp-json\/wp\/v2\/media?parent=109096"}],"wp:term":[{"taxonomy":"category","embeddable":true,"href":"https:\/\/urbeamea.ro\/albaiulia\/wp-json\/wp\/v2\/categories?post=109096"},{"taxonomy":"post_tag","embeddable":true,"href":"https:\/\/urbeamea.ro\/albaiulia\/wp-json\/wp\/v2\/tags?post=109096"}],"curies":[{"name":"wp","href":"https:\/\/api.w.org\/{rel}","templated":true}]}}