{"id":1091,"date":"2015-01-26T22:14:51","date_gmt":"2015-01-26T20:14:51","guid":{"rendered":"http:\/\/urbeamea.ro\/albaiulia\/?p=1091"},"modified":"2015-01-27T22:47:06","modified_gmt":"2015-01-27T20:47:06","slug":"noaptea-cartilor-deschise-27-ianuarie-humanitas","status":"publish","type":"post","link":"https:\/\/urbeamea.ro\/albaiulia\/noaptea-cartilor-deschise-27-ianuarie-humanitas\/","title":{"rendered":"Noaptea c\u0103r\u0163ilor deschise, 27 IANUARIE, Humanitas"},"content":{"rendered":"<p><a href=\"http:\/\/urbeamea.ro\/albaiulia\/wp-content\/uploads\/2015\/01\/humanitas_27.jpg\"><img loading=\"lazy\" decoding=\"async\" class=\"alignleft size-medium wp-image-1092\" src=\"http:\/\/urbeamea.ro\/albaiulia\/wp-content\/uploads\/2015\/01\/humanitas_27-214x300.jpg\" alt=\"humanitas_27\" width=\"214\" height=\"300\" \/><\/a>V\u0103 invitam la o Noapte a C\u0103r\u0163ilor deschise la libr\u0103ria Humanitas Alba. V\u0103 a\u015ftept\u0103m cu mult drag \u015fi cu reduceri de 20% la orice titlu disponibil \u00een libr\u0103rie, cu exceptia celor aflate deja la promo\u0163ie (Promo\u0163ia 50% reducere la titluri din colec\u0163iile Allfa, Sian. Help \u015fi Galaxia Copiilor ale editurii All) \u015fi cu un co\u015f plin cu c\u0103r\u0163i la pre\u0163 redus.<br \/>\nReducerea de 20% este valabila \u00eentre orele 19:00 si 22:00.<\/p>\n","protected":false},"excerpt":{"rendered":"<p>V\u0103 invitam la o Noapte a C\u0103r\u0163ilor deschise la libr\u0103ria Humanitas Alba. V\u0103 a\u015ftept\u0103m cu mult drag \u015fi cu reduceri de 20% la orice titlu disponibil \u00een libr\u0103rie, cu exceptia celor aflate deja la promo\u0163ie (Promo\u0163ia 50% reducere la titluri din colec\u0163iile Allfa, Sian. Help \u015fi Galaxia Copiilor ale editurii All) \u015fi cu un co\u015f &hellip;<\/p>\n","protected":false},"author":5,"featured_media":1092,"comment_status":"open","ping_status":"open","sticky":false,"template":"","format":"standard","meta":{"inline_featured_image":false,"footnotes":""},"categories":[4],"tags":[109],"class_list":["post-1091","post","type-post","status-publish","format-standard","has-post-thumbnail","hentry","category-eveniment","tag-humanitas"],"yoast_head":"<!-- This site is optimized with the Yoast SEO plugin v28.3 - https:\/\/yoast.com\/product\/yoast-seo-wordpress\/ -->\n<title>Noaptea c\u0103r\u0163ilor deschise, 27 IANUARIE, Humanitas - Revista Urbea Mea - Revista de Alba<\/title>\n<meta name=\"description\" content=\"V\u0103 invitam la o Noapte a C\u0103r\u0163ilor deschise la libr\u0103ria Humanitas Alba. V\u0103 a\u015ftept\u0103m cu mult drag \u015fi cu reduceri de 20% la orice titlu disponibil \u00een\" \/>\n<meta name=\"robots\" content=\"index, follow, max-snippet:-1, max-image-preview:large, max-video-preview:-1\" \/>\n<link rel=\"canonical\" href=\"https:\/\/urbeamea.ro\/albaiulia\/noaptea-cartilor-deschise-27-ianuarie-humanitas\/\" \/>\n<meta name=\"twitter:card\" content=\"summary_large_image\" \/>\n<meta name=\"twitter:title\" content=\"Noaptea c\u0103r\u0163ilor deschise, 27 IANUARIE, Humanitas - Revista Urbea Mea - Revista de Alba\" \/>\n<meta name=\"twitter:description\" content=\"V\u0103 invitam la o Noapte a C\u0103r\u0163ilor deschise la libr\u0103ria Humanitas Alba. V\u0103 a\u015ftept\u0103m cu mult drag \u015fi cu reduceri de 20% la orice titlu disponibil \u00een\" \/>\n<meta name=\"twitter:image\" content=\"https:\/\/urbeamea.ro\/albaiulia\/wp-content\/uploads\/2015\/01\/humanitas_27.jpg\" \/>\n<meta name=\"twitter:creator\" content=\"@urbeameaweb\" \/>\n<meta name=\"twitter:site\" content=\"@urbeameaweb\" \/>\n<script type=\"application\/ld+json\" class=\"yoast-schema-graph\">{\"@context\":\"https:\\\/\\\/schema.org\",\"@graph\":[{\"@type\":\"Article\",\"@id\":\"https:\\\/\\\/urbeamea.ro\\\/albaiulia\\\/noaptea-cartilor-deschise-27-ianuarie-humanitas\\\/#article\",\"isPartOf\":{\"@id\":\"https:\\\/\\\/urbeamea.ro\\\/albaiulia\\\/noaptea-cartilor-deschise-27-ianuarie-humanitas\\\/\"},\"author\":{\"name\":\"Bogdan P\u0103unescu\",\"@id\":\"https:\\\/\\\/urbeamea.ro\\\/albaiulia\\\/#\\\/schema\\\/person\\\/a115373ce8153754c6b084232d985956\"},\"headline\":\"Noaptea c\u0103r\u0163ilor deschise, 27 IANUARIE, Humanitas\",\"datePublished\":\"2015-01-26T20:14:51+00:00\",\"dateModified\":\"2015-01-27T20:47:06+00:00\",\"mainEntityOfPage\":{\"@id\":\"https:\\\/\\\/urbeamea.ro\\\/albaiulia\\\/noaptea-cartilor-deschise-27-ianuarie-humanitas\\\/\"},\"wordCount\":84,\"commentCount\":0,\"image\":{\"@id\":\"https:\\\/\\\/urbeamea.ro\\\/albaiulia\\\/noaptea-cartilor-deschise-27-ianuarie-humanitas\\\/#primaryimage\"},\"thumbnailUrl\":\"https:\\\/\\\/urbeamea.ro\\\/albaiulia\\\/wp-content\\\/uploads\\\/2015\\\/01\\\/humanitas_27.jpg\",\"keywords\":[\"humanitas\"],\"articleSection\":[\"Evenimente\"],\"inLanguage\":\"ro-RO\",\"potentialAction\":[{\"@type\":\"CommentAction\",\"name\":\"Comment\",\"target\":[\"https:\\\/\\\/urbeamea.ro\\\/albaiulia\\\/noaptea-cartilor-deschise-27-ianuarie-humanitas\\\/#respond\"]}]},{\"@type\":\"WebPage\",\"@id\":\"https:\\\/\\\/urbeamea.ro\\\/albaiulia\\\/noaptea-cartilor-deschise-27-ianuarie-humanitas\\\/\",\"url\":\"https:\\\/\\\/urbeamea.ro\\\/albaiulia\\\/noaptea-cartilor-deschise-27-ianuarie-humanitas\\\/\",\"name\":\"Noaptea c\u0103r\u0163ilor deschise, 27 IANUARIE, Humanitas - Revista Urbea Mea - Revista de Alba\",\"isPartOf\":{\"@id\":\"https:\\\/\\\/urbeamea.ro\\\/albaiulia\\\/#website\"},\"primaryImageOfPage\":{\"@id\":\"https:\\\/\\\/urbeamea.ro\\\/albaiulia\\\/noaptea-cartilor-deschise-27-ianuarie-humanitas\\\/#primaryimage\"},\"image\":{\"@id\":\"https:\\\/\\\/urbeamea.ro\\\/albaiulia\\\/noaptea-cartilor-deschise-27-ianuarie-humanitas\\\/#primaryimage\"},\"thumbnailUrl\":\"https:\\\/\\\/urbeamea.ro\\\/albaiulia\\\/wp-content\\\/uploads\\\/2015\\\/01\\\/humanitas_27.jpg\",\"datePublished\":\"2015-01-26T20:14:51+00:00\",\"dateModified\":\"2015-01-27T20:47:06+00:00\",\"author\":{\"@id\":\"https:\\\/\\\/urbeamea.ro\\\/albaiulia\\\/#\\\/schema\\\/person\\\/a115373ce8153754c6b084232d985956\"},\"description\":\"V\u0103 invitam la o Noapte a C\u0103r\u0163ilor deschise la libr\u0103ria Humanitas Alba. V\u0103 a\u015ftept\u0103m cu mult drag \u015fi cu reduceri de 20% la orice titlu disponibil \u00een\",\"breadcrumb\":{\"@id\":\"https:\\\/\\\/urbeamea.ro\\\/albaiulia\\\/noaptea-cartilor-deschise-27-ianuarie-humanitas\\\/#breadcrumb\"},\"inLanguage\":\"ro-RO\",\"potentialAction\":[{\"@type\":\"ReadAction\",\"target\":[\"https:\\\/\\\/urbeamea.ro\\\/albaiulia\\\/noaptea-cartilor-deschise-27-ianuarie-humanitas\\\/\"]}]},{\"@type\":\"ImageObject\",\"inLanguage\":\"ro-RO\",\"@id\":\"https:\\\/\\\/urbeamea.ro\\\/albaiulia\\\/noaptea-cartilor-deschise-27-ianuarie-humanitas\\\/#primaryimage\",\"url\":\"https:\\\/\\\/urbeamea.ro\\\/albaiulia\\\/wp-content\\\/uploads\\\/2015\\\/01\\\/humanitas_27.jpg\",\"contentUrl\":\"https:\\\/\\\/urbeamea.ro\\\/albaiulia\\\/wp-content\\\/uploads\\\/2015\\\/01\\\/humanitas_27.jpg\",\"width\":685,\"height\":960},{\"@type\":\"BreadcrumbList\",\"@id\":\"https:\\\/\\\/urbeamea.ro\\\/albaiulia\\\/noaptea-cartilor-deschise-27-ianuarie-humanitas\\\/#breadcrumb\",\"itemListElement\":[{\"@type\":\"ListItem\",\"position\":1,\"name\":\"Prima pagin\u0103\",\"item\":\"https:\\\/\\\/urbeamea.ro\\\/albaiulia\\\/\"},{\"@type\":\"ListItem\",\"position\":2,\"name\":\"Noaptea c\u0103r\u0163ilor deschise, 27 IANUARIE, Humanitas\"}]},{\"@type\":\"WebSite\",\"@id\":\"https:\\\/\\\/urbeamea.ro\\\/albaiulia\\\/#website\",\"url\":\"https:\\\/\\\/urbeamea.ro\\\/albaiulia\\\/\",\"name\":\"Revista Urbea Mea, Stiri urbane\",\"description\":\"Evenimente \u0219i \u0219tiri din Alba Iulia, Sebe\u0219, Aiud, Blaj\",\"potentialAction\":[{\"@type\":\"SearchAction\",\"target\":{\"@type\":\"EntryPoint\",\"urlTemplate\":\"https:\\\/\\\/urbeamea.ro\\\/albaiulia\\\/?s={search_term_string}\"},\"query-input\":{\"@type\":\"PropertyValueSpecification\",\"valueRequired\":true,\"valueName\":\"search_term_string\"}}],\"inLanguage\":\"ro-RO\"},{\"@type\":\"Person\",\"@id\":\"https:\\\/\\\/urbeamea.ro\\\/albaiulia\\\/#\\\/schema\\\/person\\\/a115373ce8153754c6b084232d985956\",\"name\":\"Bogdan P\u0103unescu\",\"image\":{\"@type\":\"ImageObject\",\"inLanguage\":\"ro-RO\",\"@id\":\"https:\\\/\\\/secure.gravatar.com\\\/avatar\\\/f72aa881b5a32ea110a53aabc2049429e3ff68fcb09d283722d01fbf330e9dd9?s=96&d=mm&r=g\",\"url\":\"https:\\\/\\\/secure.gravatar.com\\\/avatar\\\/f72aa881b5a32ea110a53aabc2049429e3ff68fcb09d283722d01fbf330e9dd9?s=96&d=mm&r=g\",\"contentUrl\":\"https:\\\/\\\/secure.gravatar.com\\\/avatar\\\/f72aa881b5a32ea110a53aabc2049429e3ff68fcb09d283722d01fbf330e9dd9?s=96&d=mm&r=g\",\"caption\":\"Bogdan P\u0103unescu\"},\"description\":\"\u00cemi place tot ceea ce este legat de web \u015fi ajut la dezvoltarea \u015fi \u00eembun\u0103t\u0103\u0163irea lui prin tot ceea ce fac.\",\"sameAs\":[\"https:\\\/\\\/www.artonmedia.ro\",\"https:\\\/\\\/www.facebook.com\\\/bogdanvpaunescu\"],\"url\":\"https:\\\/\\\/urbeamea.ro\\\/albaiulia\\\/author\\\/bogdan-paunescu\\\/\"}]}<\/script>\n<!-- \/ Yoast SEO plugin. -->","yoast_head_json":{"title":"Noaptea c\u0103r\u0163ilor deschise, 27 IANUARIE, Humanitas - Revista Urbea Mea - Revista de Alba","description":"V\u0103 invitam la o Noapte a C\u0103r\u0163ilor deschise la libr\u0103ria Humanitas Alba. V\u0103 a\u015ftept\u0103m cu mult drag \u015fi cu reduceri de 20% la orice titlu disponibil \u00een","robots":{"index":"index","follow":"follow","max-snippet":"max-snippet:-1","max-image-preview":"max-image-preview:large","max-video-preview":"max-video-preview:-1"},"canonical":"https:\/\/urbeamea.ro\/albaiulia\/noaptea-cartilor-deschise-27-ianuarie-humanitas\/","twitter_card":"summary_large_image","twitter_title":"Noaptea c\u0103r\u0163ilor deschise, 27 IANUARIE, Humanitas - Revista Urbea Mea - Revista de Alba","twitter_description":"V\u0103 invitam la o Noapte a C\u0103r\u0163ilor deschise la libr\u0103ria Humanitas Alba. V\u0103 a\u015ftept\u0103m cu mult drag \u015fi cu reduceri de 20% la orice titlu disponibil \u00een","twitter_image":"https:\/\/urbeamea.ro\/albaiulia\/wp-content\/uploads\/2015\/01\/humanitas_27.jpg","twitter_creator":"@urbeameaweb","twitter_site":"@urbeameaweb","schema":{"@context":"https:\/\/schema.org","@graph":[{"@type":"Article","@id":"https:\/\/urbeamea.ro\/albaiulia\/noaptea-cartilor-deschise-27-ianuarie-humanitas\/#article","isPartOf":{"@id":"https:\/\/urbeamea.ro\/albaiulia\/noaptea-cartilor-deschise-27-ianuarie-humanitas\/"},"author":{"name":"Bogdan P\u0103unescu","@id":"https:\/\/urbeamea.ro\/albaiulia\/#\/schema\/person\/a115373ce8153754c6b084232d985956"},"headline":"Noaptea c\u0103r\u0163ilor deschise, 27 IANUARIE, Humanitas","datePublished":"2015-01-26T20:14:51+00:00","dateModified":"2015-01-27T20:47:06+00:00","mainEntityOfPage":{"@id":"https:\/\/urbeamea.ro\/albaiulia\/noaptea-cartilor-deschise-27-ianuarie-humanitas\/"},"wordCount":84,"commentCount":0,"image":{"@id":"https:\/\/urbeamea.ro\/albaiulia\/noaptea-cartilor-deschise-27-ianuarie-humanitas\/#primaryimage"},"thumbnailUrl":"https:\/\/urbeamea.ro\/albaiulia\/wp-content\/uploads\/2015\/01\/humanitas_27.jpg","keywords":["humanitas"],"articleSection":["Evenimente"],"inLanguage":"ro-RO","potentialAction":[{"@type":"CommentAction","name":"Comment","target":["https:\/\/urbeamea.ro\/albaiulia\/noaptea-cartilor-deschise-27-ianuarie-humanitas\/#respond"]}]},{"@type":"WebPage","@id":"https:\/\/urbeamea.ro\/albaiulia\/noaptea-cartilor-deschise-27-ianuarie-humanitas\/","url":"https:\/\/urbeamea.ro\/albaiulia\/noaptea-cartilor-deschise-27-ianuarie-humanitas\/","name":"Noaptea c\u0103r\u0163ilor deschise, 27 IANUARIE, Humanitas - Revista Urbea Mea - Revista de Alba","isPartOf":{"@id":"https:\/\/urbeamea.ro\/albaiulia\/#website"},"primaryImageOfPage":{"@id":"https:\/\/urbeamea.ro\/albaiulia\/noaptea-cartilor-deschise-27-ianuarie-humanitas\/#primaryimage"},"image":{"@id":"https:\/\/urbeamea.ro\/albaiulia\/noaptea-cartilor-deschise-27-ianuarie-humanitas\/#primaryimage"},"thumbnailUrl":"https:\/\/urbeamea.ro\/albaiulia\/wp-content\/uploads\/2015\/01\/humanitas_27.jpg","datePublished":"2015-01-26T20:14:51+00:00","dateModified":"2015-01-27T20:47:06+00:00","author":{"@id":"https:\/\/urbeamea.ro\/albaiulia\/#\/schema\/person\/a115373ce8153754c6b084232d985956"},"description":"V\u0103 invitam la o Noapte a C\u0103r\u0163ilor deschise la libr\u0103ria Humanitas Alba. V\u0103 a\u015ftept\u0103m cu mult drag \u015fi cu reduceri de 20% la orice titlu disponibil \u00een","breadcrumb":{"@id":"https:\/\/urbeamea.ro\/albaiulia\/noaptea-cartilor-deschise-27-ianuarie-humanitas\/#breadcrumb"},"inLanguage":"ro-RO","potentialAction":[{"@type":"ReadAction","target":["https:\/\/urbeamea.ro\/albaiulia\/noaptea-cartilor-deschise-27-ianuarie-humanitas\/"]}]},{"@type":"ImageObject","inLanguage":"ro-RO","@id":"https:\/\/urbeamea.ro\/albaiulia\/noaptea-cartilor-deschise-27-ianuarie-humanitas\/#primaryimage","url":"https:\/\/urbeamea.ro\/albaiulia\/wp-content\/uploads\/2015\/01\/humanitas_27.jpg","contentUrl":"https:\/\/urbeamea.ro\/albaiulia\/wp-content\/uploads\/2015\/01\/humanitas_27.jpg","width":685,"height":960},{"@type":"BreadcrumbList","@id":"https:\/\/urbeamea.ro\/albaiulia\/noaptea-cartilor-deschise-27-ianuarie-humanitas\/#breadcrumb","itemListElement":[{"@type":"ListItem","position":1,"name":"Prima pagin\u0103","item":"https:\/\/urbeamea.ro\/albaiulia\/"},{"@type":"ListItem","position":2,"name":"Noaptea c\u0103r\u0163ilor deschise, 27 IANUARIE, Humanitas"}]},{"@type":"WebSite","@id":"https:\/\/urbeamea.ro\/albaiulia\/#website","url":"https:\/\/urbeamea.ro\/albaiulia\/","name":"Revista Urbea Mea, Stiri urbane","description":"Evenimente \u0219i \u0219tiri din Alba Iulia, Sebe\u0219, Aiud, Blaj","potentialAction":[{"@type":"SearchAction","target":{"@type":"EntryPoint","urlTemplate":"https:\/\/urbeamea.ro\/albaiulia\/?s={search_term_string}"},"query-input":{"@type":"PropertyValueSpecification","valueRequired":true,"valueName":"search_term_string"}}],"inLanguage":"ro-RO"},{"@type":"Person","@id":"https:\/\/urbeamea.ro\/albaiulia\/#\/schema\/person\/a115373ce8153754c6b084232d985956","name":"Bogdan P\u0103unescu","image":{"@type":"ImageObject","inLanguage":"ro-RO","@id":"https:\/\/secure.gravatar.com\/avatar\/f72aa881b5a32ea110a53aabc2049429e3ff68fcb09d283722d01fbf330e9dd9?s=96&d=mm&r=g","url":"https:\/\/secure.gravatar.com\/avatar\/f72aa881b5a32ea110a53aabc2049429e3ff68fcb09d283722d01fbf330e9dd9?s=96&d=mm&r=g","contentUrl":"https:\/\/secure.gravatar.com\/avatar\/f72aa881b5a32ea110a53aabc2049429e3ff68fcb09d283722d01fbf330e9dd9?s=96&d=mm&r=g","caption":"Bogdan P\u0103unescu"},"description":"\u00cemi place tot ceea ce este legat de web \u015fi ajut la dezvoltarea \u015fi \u00eembun\u0103t\u0103\u0163irea lui prin tot ceea ce fac.","sameAs":["https:\/\/www.artonmedia.ro","https:\/\/www.facebook.com\/bogdanvpaunescu"],"url":"https:\/\/urbeamea.ro\/albaiulia\/author\/bogdan-paunescu\/"}]}},"_links":{"self":[{"href":"https:\/\/urbeamea.ro\/albaiulia\/wp-json\/wp\/v2\/posts\/1091","targetHints":{"allow":["GET"]}}],"collection":[{"href":"https:\/\/urbeamea.ro\/albaiulia\/wp-json\/wp\/v2\/posts"}],"about":[{"href":"https:\/\/urbeamea.ro\/albaiulia\/wp-json\/wp\/v2\/types\/post"}],"author":[{"embeddable":true,"href":"https:\/\/urbeamea.ro\/albaiulia\/wp-json\/wp\/v2\/users\/5"}],"replies":[{"embeddable":true,"href":"https:\/\/urbeamea.ro\/albaiulia\/wp-json\/wp\/v2\/comments?post=1091"}],"version-history":[{"count":0,"href":"https:\/\/urbeamea.ro\/albaiulia\/wp-json\/wp\/v2\/posts\/1091\/revisions"}],"wp:featuredmedia":[{"embeddable":true,"href":"https:\/\/urbeamea.ro\/albaiulia\/wp-json\/wp\/v2\/media\/1092"}],"wp:attachment":[{"href":"https:\/\/urbeamea.ro\/albaiulia\/wp-json\/wp\/v2\/media?parent=1091"}],"wp:term":[{"taxonomy":"category","embeddable":true,"href":"https:\/\/urbeamea.ro\/albaiulia\/wp-json\/wp\/v2\/categories?post=1091"},{"taxonomy":"post_tag","embeddable":true,"href":"https:\/\/urbeamea.ro\/albaiulia\/wp-json\/wp\/v2\/tags?post=1091"}],"curies":[{"name":"wp","href":"https:\/\/api.w.org\/{rel}","templated":true}]}}