{"id":109105,"date":"2023-09-19T10:43:27","date_gmt":"2023-09-19T07:43:27","guid":{"rendered":"https:\/\/urbeamea.ro\/albaiulia\/?p=109105"},"modified":"2023-09-19T10:43:29","modified_gmt":"2023-09-19T07:43:29","slug":"george-cosbuc-omagiat-de-consiliul-judetean-alba-si-biblioteca-judeteana-lucian-blaga-alba","status":"publish","type":"post","link":"https:\/\/urbeamea.ro\/albaiulia\/george-cosbuc-omagiat-de-consiliul-judetean-alba-si-biblioteca-judeteana-lucian-blaga-alba\/","title":{"rendered":"George Co\u0219buc, omagiat de Consiliul Jude\u021bean Alba \u0219i Biblioteca Jude\u021bean\u0103 \u201eLucian Blaga\u201d Alba"},"content":{"rendered":"\n<p>Miercuri, 20 septembrie 2023, la 157 de ani de la na\u0219terea poetului George Co\u0219buc, Consiliul Jude\u021bean Alba, \u00eempreun\u0103 cu Biblioteca Jude\u021bean\u0103 \u201eLucian Blaga\u201d Alba \u00ee\u0219i propun s\u0103-l readuc\u0103 \u00een aten\u021bia public\u0103 \u0219i s\u0103-l omagieze, printr-o serie de manifest\u0103ri.<\/p>\n\n\n\n<p>V\u0103 invit\u0103m a\u0219adar al\u0103turi de noi, pe Aleea Scriitorilor din Alba Iulia, la ora 12.00, pentru a participa la momentul depunerii de flori, la bustul scriitorului, iar pe parcursul zilei, pe pagina de Facebook a Bibliotecii Jude\u021bene \u201eLucian Blaga\u201d Alba, ve\u021bi putea g\u0103si informa\u021bii interesante despre autorul aniversat.<\/p>\n\n\n\n<p>George Co\u0219buc (20.09.1866, Hordou, actualmente Co\u0219buc, jud. Bistri\u021ba-N\u0103s\u0103ud \u2013 09.05.1918, Bucure\u0219ti) este unul dintre scriitorii canonici ai literaturii rom\u00e2ne. A fost un&nbsp;<a href=\"https:\/\/ro.wikipedia.org\/wiki\/Poet\">poet<\/a>, critic literar, scriitor, publicist \u0219i&nbsp;<a href=\"https:\/\/ro.wikipedia.org\/wiki\/Traduc%C4%83tor\">traduc\u0103tor<\/a>&nbsp;<a href=\"https:\/\/ro.wikipedia.org\/wiki\/Rom%C3%A2n\">rom\u00e2n<\/a>&nbsp;din&nbsp;<a href=\"https:\/\/ro.wikipedia.org\/wiki\/Transilvania\">Transilvania<\/a>, membru titular al&nbsp;<a href=\"https:\/\/ro.wikipedia.org\/wiki\/Academia_Rom%C3%A2n%C4%83\">Academiei Rom\u00e2ne<\/a>.<\/p>\n\n\n\n<p>Poetul a avut o activitate publicistic\u0103 intens\u0103 (a publicat \u00een \u201eAlbina\u201d, \u201eLiteratur\u0103 \u0219i art\u0103 rom\u00e2n\u0103\u201d, \u201eNoua revist\u0103 rom\u00e2n\u0103\u201d, \u201eFlac\u0103ra\u201d, \u201eRevista noastr\u0103\u201d etc.), iar \u00een 1901 a fost, al\u0103turi de Alexandru Vlahu\u021b\u0103, director la revista \u201eSem\u0103n\u0103torul\u201d, lans\u00e2nd astfel, un nou curent ideologic \u0219i literar numit sem\u0103n\u0103torismul.&nbsp;<\/p>\n\n\n\n<p>Dintre c\u0103r\u021bile semnate de marele scriitor, le amintim aici pe urm\u0103toarele: \u201eBalade \u0219i idile\u201d (1893), \u201eFire de tort\u201d (1896), \u201ePovestea unei coroane de o\u021bel\u201d (1899), \u201eR\u0103zboiul nostru pentru neat\u00e2rnare povestit pe \u00een\u021belesul tuturor\u201d (1899), \u201eZiarul unui pierde var\u0103\u201d (1902), \u201eC\u00e2ntece de vitejie\u201d (1904) etc.<\/p>\n\n\n\n<p>Despre scriitorul George Co\u0219buc, Liviu Rebreanu spunea: \u201eA r\u0103s\u0103rit deodat\u0103, f\u0103r\u0103 s\u0103-l \u0219tie nimeni, f\u0103r\u0103 s\u0103 fac\u0103 ucenicia cafenelelor \u0219i bisericu\u021belor bucure\u0219tene. \u0218i a biruit \u00eempotriva tuturor celor scufunda\u021bi \u00een imita\u021bii \u0219i neputin\u021be. A adus lumin\u0103, s\u0103n\u0103tate, voio\u0219ie. (&#8230;) Co\u0219buc e primul poet pe care \u00eel d\u0103 Ardealul literaturii rom\u00e2ne\u0219ti. Ardelean a r\u0103mas toat\u0103 via\u021ba. (&#8230;) Fiindc\u0103 a fost \u021b\u0103ran, a introdus poezia sufletului \u021b\u0103r\u0103nesc \u00een literatura noastr\u0103. (&#8230;) El a descoperit frumuse\u021bea, fr\u0103gezimea, puterea ve\u0219nic vie a \u021b\u0103ranului. A turnat-o \u00een forme ademenitoare. A \u00eentors privirile spre p\u0103m\u00e2ntul rom\u00e2nesc. \u0218i din p\u0103m\u00e2ntul acesta a r\u0103s\u0103rit un suflet nou&#8230;\u201d. (<em>Lumina<\/em>, an II, nr. 251, 14 mai 1918)<\/p>\n\n\n\n<p>La ceas aniversar, v\u0103 invit\u0103m s\u0103 trece\u021bi pragul Bibliotecii Jude\u021bene \u201eLucian Blaga\u201d Alba, unde v\u0103 punem la dispozi\u021bie colec\u021bia operei sale!<\/p>\n","protected":false},"excerpt":{"rendered":"<p>Miercuri, 20 septembrie 2023, la 157 de ani de la na\u0219terea poetului George Co\u0219buc, Consiliul Jude\u021bean Alba, \u00eempreun\u0103 cu Biblioteca Jude\u021bean\u0103 \u201eLucian Blaga\u201d Alba \u00ee\u0219i propun s\u0103-l readuc\u0103 \u00een aten\u021bia public\u0103 \u0219i s\u0103-l omagieze, printr-o serie de manifest\u0103ri. V\u0103 invit\u0103m a\u0219adar al\u0103turi de noi, pe Aleea Scriitorilor din Alba Iulia, la ora 12.00, pentru a &hellip;<\/p>\n","protected":false},"author":16,"featured_media":109106,"comment_status":"open","ping_status":"open","sticky":false,"template":"","format":"standard","meta":{"inline_featured_image":false,"footnotes":""},"categories":[4],"tags":[21608],"class_list":["post-109105","post","type-post","status-publish","format-standard","has-post-thumbnail","hentry","category-eveniment","tag-george-cosbuc"],"yoast_head":"<!-- This site is optimized with the Yoast SEO plugin v27.4 - https:\/\/yoast.com\/product\/yoast-seo-wordpress\/ -->\n<title>George Co\u0219buc, omagiat de Consiliul Jude\u021bean Alba \u0219i Biblioteca Jude\u021bean\u0103 \u201eLucian Blaga\u201d Alba - Revista Urbea Mea - Revista de Alba<\/title>\n<meta name=\"description\" content=\"Miercuri, 20 septembrie 2023, la 157 de ani de la na\u0219terea poetului George Co\u0219buc, Consiliul Jude\u021bean Alba, \u00eempreun\u0103 cu Biblioteca Jude\u021bean\u0103 \u201eLucian\" \/>\n<meta name=\"robots\" content=\"index, follow, max-snippet:-1, max-image-preview:large, max-video-preview:-1\" \/>\n<link rel=\"canonical\" href=\"https:\/\/urbeamea.ro\/albaiulia\/george-cosbuc-omagiat-de-consiliul-judetean-alba-si-biblioteca-judeteana-lucian-blaga-alba\/\" \/>\n<meta name=\"twitter:card\" content=\"summary_large_image\" \/>\n<meta name=\"twitter:title\" content=\"George Co\u0219buc, omagiat de Consiliul Jude\u021bean Alba \u0219i Biblioteca Jude\u021bean\u0103 \u201eLucian Blaga\u201d Alba - Revista Urbea Mea - Revista de Alba\" \/>\n<meta name=\"twitter:description\" content=\"Miercuri, 20 septembrie 2023, la 157 de ani de la na\u0219terea poetului George Co\u0219buc, Consiliul Jude\u021bean Alba, \u00eempreun\u0103 cu Biblioteca Jude\u021bean\u0103 \u201eLucian\" \/>\n<meta name=\"twitter:image\" content=\"https:\/\/urbeamea.ro\/albaiulia\/wp-content\/uploads\/2023\/09\/4.4-Monumentele-literaturii-romane-George-Cosbuc-2023.jpg\" \/>\n<meta name=\"twitter:creator\" content=\"@urbeameaweb\" \/>\n<meta name=\"twitter:site\" content=\"@urbeameaweb\" \/>\n<script type=\"application\/ld+json\" class=\"yoast-schema-graph\">{\"@context\":\"https:\\\/\\\/schema.org\",\"@graph\":[{\"@type\":\"Article\",\"@id\":\"https:\\\/\\\/urbeamea.ro\\\/albaiulia\\\/george-cosbuc-omagiat-de-consiliul-judetean-alba-si-biblioteca-judeteana-lucian-blaga-alba\\\/#article\",\"isPartOf\":{\"@id\":\"https:\\\/\\\/urbeamea.ro\\\/albaiulia\\\/george-cosbuc-omagiat-de-consiliul-judetean-alba-si-biblioteca-judeteana-lucian-blaga-alba\\\/\"},\"author\":{\"name\":\"Redac\u021bia UrbeaMea\",\"@id\":\"https:\\\/\\\/urbeamea.ro\\\/albaiulia\\\/#\\\/schema\\\/person\\\/272ae98052f8ee8980f59848df070247\"},\"headline\":\"George Co\u0219buc, omagiat de Consiliul Jude\u021bean Alba \u0219i Biblioteca Jude\u021bean\u0103 \u201eLucian Blaga\u201d Alba\",\"datePublished\":\"2023-09-19T07:43:27+00:00\",\"dateModified\":\"2023-09-19T07:43:29+00:00\",\"mainEntityOfPage\":{\"@id\":\"https:\\\/\\\/urbeamea.ro\\\/albaiulia\\\/george-cosbuc-omagiat-de-consiliul-judetean-alba-si-biblioteca-judeteana-lucian-blaga-alba\\\/\"},\"wordCount\":420,\"commentCount\":0,\"image\":{\"@id\":\"https:\\\/\\\/urbeamea.ro\\\/albaiulia\\\/george-cosbuc-omagiat-de-consiliul-judetean-alba-si-biblioteca-judeteana-lucian-blaga-alba\\\/#primaryimage\"},\"thumbnailUrl\":\"https:\\\/\\\/urbeamea.ro\\\/albaiulia\\\/wp-content\\\/uploads\\\/2023\\\/09\\\/4.4-Monumentele-literaturii-romane-George-Cosbuc-2023.jpg\",\"keywords\":[\"george cosbuc\"],\"articleSection\":[\"Evenimente\"],\"inLanguage\":\"ro-RO\",\"potentialAction\":[{\"@type\":\"CommentAction\",\"name\":\"Comment\",\"target\":[\"https:\\\/\\\/urbeamea.ro\\\/albaiulia\\\/george-cosbuc-omagiat-de-consiliul-judetean-alba-si-biblioteca-judeteana-lucian-blaga-alba\\\/#respond\"]}]},{\"@type\":\"WebPage\",\"@id\":\"https:\\\/\\\/urbeamea.ro\\\/albaiulia\\\/george-cosbuc-omagiat-de-consiliul-judetean-alba-si-biblioteca-judeteana-lucian-blaga-alba\\\/\",\"url\":\"https:\\\/\\\/urbeamea.ro\\\/albaiulia\\\/george-cosbuc-omagiat-de-consiliul-judetean-alba-si-biblioteca-judeteana-lucian-blaga-alba\\\/\",\"name\":\"George Co\u0219buc, omagiat de Consiliul Jude\u021bean Alba \u0219i Biblioteca Jude\u021bean\u0103 \u201eLucian Blaga\u201d Alba - Revista Urbea Mea - Revista de Alba\",\"isPartOf\":{\"@id\":\"https:\\\/\\\/urbeamea.ro\\\/albaiulia\\\/#website\"},\"primaryImageOfPage\":{\"@id\":\"https:\\\/\\\/urbeamea.ro\\\/albaiulia\\\/george-cosbuc-omagiat-de-consiliul-judetean-alba-si-biblioteca-judeteana-lucian-blaga-alba\\\/#primaryimage\"},\"image\":{\"@id\":\"https:\\\/\\\/urbeamea.ro\\\/albaiulia\\\/george-cosbuc-omagiat-de-consiliul-judetean-alba-si-biblioteca-judeteana-lucian-blaga-alba\\\/#primaryimage\"},\"thumbnailUrl\":\"https:\\\/\\\/urbeamea.ro\\\/albaiulia\\\/wp-content\\\/uploads\\\/2023\\\/09\\\/4.4-Monumentele-literaturii-romane-George-Cosbuc-2023.jpg\",\"datePublished\":\"2023-09-19T07:43:27+00:00\",\"dateModified\":\"2023-09-19T07:43:29+00:00\",\"author\":{\"@id\":\"https:\\\/\\\/urbeamea.ro\\\/albaiulia\\\/#\\\/schema\\\/person\\\/272ae98052f8ee8980f59848df070247\"},\"description\":\"Miercuri, 20 septembrie 2023, la 157 de ani de la na\u0219terea poetului George Co\u0219buc, Consiliul Jude\u021bean Alba, \u00eempreun\u0103 cu Biblioteca Jude\u021bean\u0103 \u201eLucian\",\"breadcrumb\":{\"@id\":\"https:\\\/\\\/urbeamea.ro\\\/albaiulia\\\/george-cosbuc-omagiat-de-consiliul-judetean-alba-si-biblioteca-judeteana-lucian-blaga-alba\\\/#breadcrumb\"},\"inLanguage\":\"ro-RO\",\"potentialAction\":[{\"@type\":\"ReadAction\",\"target\":[\"https:\\\/\\\/urbeamea.ro\\\/albaiulia\\\/george-cosbuc-omagiat-de-consiliul-judetean-alba-si-biblioteca-judeteana-lucian-blaga-alba\\\/\"]}]},{\"@type\":\"ImageObject\",\"inLanguage\":\"ro-RO\",\"@id\":\"https:\\\/\\\/urbeamea.ro\\\/albaiulia\\\/george-cosbuc-omagiat-de-consiliul-judetean-alba-si-biblioteca-judeteana-lucian-blaga-alba\\\/#primaryimage\",\"url\":\"https:\\\/\\\/urbeamea.ro\\\/albaiulia\\\/wp-content\\\/uploads\\\/2023\\\/09\\\/4.4-Monumentele-literaturii-romane-George-Cosbuc-2023.jpg\",\"contentUrl\":\"https:\\\/\\\/urbeamea.ro\\\/albaiulia\\\/wp-content\\\/uploads\\\/2023\\\/09\\\/4.4-Monumentele-literaturii-romane-George-Cosbuc-2023.jpg\",\"width\":1600,\"height\":1131},{\"@type\":\"BreadcrumbList\",\"@id\":\"https:\\\/\\\/urbeamea.ro\\\/albaiulia\\\/george-cosbuc-omagiat-de-consiliul-judetean-alba-si-biblioteca-judeteana-lucian-blaga-alba\\\/#breadcrumb\",\"itemListElement\":[{\"@type\":\"ListItem\",\"position\":1,\"name\":\"Prima pagin\u0103\",\"item\":\"https:\\\/\\\/urbeamea.ro\\\/albaiulia\\\/\"},{\"@type\":\"ListItem\",\"position\":2,\"name\":\"George Co\u0219buc, omagiat de Consiliul Jude\u021bean Alba \u0219i Biblioteca Jude\u021bean\u0103 \u201eLucian Blaga\u201d Alba\"}]},{\"@type\":\"WebSite\",\"@id\":\"https:\\\/\\\/urbeamea.ro\\\/albaiulia\\\/#website\",\"url\":\"https:\\\/\\\/urbeamea.ro\\\/albaiulia\\\/\",\"name\":\"Revista Urbea Mea, Stiri urbane\",\"description\":\"Evenimente \u0219i \u0219tiri din Alba Iulia, Sebe\u0219, Aiud, Blaj\",\"potentialAction\":[{\"@type\":\"SearchAction\",\"target\":{\"@type\":\"EntryPoint\",\"urlTemplate\":\"https:\\\/\\\/urbeamea.ro\\\/albaiulia\\\/?s={search_term_string}\"},\"query-input\":{\"@type\":\"PropertyValueSpecification\",\"valueRequired\":true,\"valueName\":\"search_term_string\"}}],\"inLanguage\":\"ro-RO\"},{\"@type\":\"Person\",\"@id\":\"https:\\\/\\\/urbeamea.ro\\\/albaiulia\\\/#\\\/schema\\\/person\\\/272ae98052f8ee8980f59848df070247\",\"name\":\"Redac\u021bia UrbeaMea\",\"image\":{\"@type\":\"ImageObject\",\"inLanguage\":\"ro-RO\",\"@id\":\"https:\\\/\\\/secure.gravatar.com\\\/avatar\\\/9ce5a9435071fa1037e8468053ead8e513dbbff59009d3069aadb85506d85a27?s=96&d=mm&r=g\",\"url\":\"https:\\\/\\\/secure.gravatar.com\\\/avatar\\\/9ce5a9435071fa1037e8468053ead8e513dbbff59009d3069aadb85506d85a27?s=96&d=mm&r=g\",\"contentUrl\":\"https:\\\/\\\/secure.gravatar.com\\\/avatar\\\/9ce5a9435071fa1037e8468053ead8e513dbbff59009d3069aadb85506d85a27?s=96&d=mm&r=g\",\"caption\":\"Redac\u021bia UrbeaMea\"},\"description\":\"contact@urbeamea.ro\",\"sameAs\":[\"https:\\\/\\\/www.urbeamea.ro\"],\"url\":\"https:\\\/\\\/urbeamea.ro\\\/albaiulia\\\/author\\\/redactia-urbeamea\\\/\"}]}<\/script>\n<!-- \/ Yoast SEO plugin. -->","yoast_head_json":{"title":"George Co\u0219buc, omagiat de Consiliul Jude\u021bean Alba \u0219i Biblioteca Jude\u021bean\u0103 \u201eLucian Blaga\u201d Alba - Revista Urbea Mea - Revista de Alba","description":"Miercuri, 20 septembrie 2023, la 157 de ani de la na\u0219terea poetului George Co\u0219buc, Consiliul Jude\u021bean Alba, \u00eempreun\u0103 cu Biblioteca Jude\u021bean\u0103 \u201eLucian","robots":{"index":"index","follow":"follow","max-snippet":"max-snippet:-1","max-image-preview":"max-image-preview:large","max-video-preview":"max-video-preview:-1"},"canonical":"https:\/\/urbeamea.ro\/albaiulia\/george-cosbuc-omagiat-de-consiliul-judetean-alba-si-biblioteca-judeteana-lucian-blaga-alba\/","twitter_card":"summary_large_image","twitter_title":"George Co\u0219buc, omagiat de Consiliul Jude\u021bean Alba \u0219i Biblioteca Jude\u021bean\u0103 \u201eLucian Blaga\u201d Alba - Revista Urbea Mea - Revista de Alba","twitter_description":"Miercuri, 20 septembrie 2023, la 157 de ani de la na\u0219terea poetului George Co\u0219buc, Consiliul Jude\u021bean Alba, \u00eempreun\u0103 cu Biblioteca Jude\u021bean\u0103 \u201eLucian","twitter_image":"https:\/\/urbeamea.ro\/albaiulia\/wp-content\/uploads\/2023\/09\/4.4-Monumentele-literaturii-romane-George-Cosbuc-2023.jpg","twitter_creator":"@urbeameaweb","twitter_site":"@urbeameaweb","schema":{"@context":"https:\/\/schema.org","@graph":[{"@type":"Article","@id":"https:\/\/urbeamea.ro\/albaiulia\/george-cosbuc-omagiat-de-consiliul-judetean-alba-si-biblioteca-judeteana-lucian-blaga-alba\/#article","isPartOf":{"@id":"https:\/\/urbeamea.ro\/albaiulia\/george-cosbuc-omagiat-de-consiliul-judetean-alba-si-biblioteca-judeteana-lucian-blaga-alba\/"},"author":{"name":"Redac\u021bia UrbeaMea","@id":"https:\/\/urbeamea.ro\/albaiulia\/#\/schema\/person\/272ae98052f8ee8980f59848df070247"},"headline":"George Co\u0219buc, omagiat de Consiliul Jude\u021bean Alba \u0219i Biblioteca Jude\u021bean\u0103 \u201eLucian Blaga\u201d Alba","datePublished":"2023-09-19T07:43:27+00:00","dateModified":"2023-09-19T07:43:29+00:00","mainEntityOfPage":{"@id":"https:\/\/urbeamea.ro\/albaiulia\/george-cosbuc-omagiat-de-consiliul-judetean-alba-si-biblioteca-judeteana-lucian-blaga-alba\/"},"wordCount":420,"commentCount":0,"image":{"@id":"https:\/\/urbeamea.ro\/albaiulia\/george-cosbuc-omagiat-de-consiliul-judetean-alba-si-biblioteca-judeteana-lucian-blaga-alba\/#primaryimage"},"thumbnailUrl":"https:\/\/urbeamea.ro\/albaiulia\/wp-content\/uploads\/2023\/09\/4.4-Monumentele-literaturii-romane-George-Cosbuc-2023.jpg","keywords":["george cosbuc"],"articleSection":["Evenimente"],"inLanguage":"ro-RO","potentialAction":[{"@type":"CommentAction","name":"Comment","target":["https:\/\/urbeamea.ro\/albaiulia\/george-cosbuc-omagiat-de-consiliul-judetean-alba-si-biblioteca-judeteana-lucian-blaga-alba\/#respond"]}]},{"@type":"WebPage","@id":"https:\/\/urbeamea.ro\/albaiulia\/george-cosbuc-omagiat-de-consiliul-judetean-alba-si-biblioteca-judeteana-lucian-blaga-alba\/","url":"https:\/\/urbeamea.ro\/albaiulia\/george-cosbuc-omagiat-de-consiliul-judetean-alba-si-biblioteca-judeteana-lucian-blaga-alba\/","name":"George Co\u0219buc, omagiat de Consiliul Jude\u021bean Alba \u0219i Biblioteca Jude\u021bean\u0103 \u201eLucian Blaga\u201d Alba - Revista Urbea Mea - Revista de Alba","isPartOf":{"@id":"https:\/\/urbeamea.ro\/albaiulia\/#website"},"primaryImageOfPage":{"@id":"https:\/\/urbeamea.ro\/albaiulia\/george-cosbuc-omagiat-de-consiliul-judetean-alba-si-biblioteca-judeteana-lucian-blaga-alba\/#primaryimage"},"image":{"@id":"https:\/\/urbeamea.ro\/albaiulia\/george-cosbuc-omagiat-de-consiliul-judetean-alba-si-biblioteca-judeteana-lucian-blaga-alba\/#primaryimage"},"thumbnailUrl":"https:\/\/urbeamea.ro\/albaiulia\/wp-content\/uploads\/2023\/09\/4.4-Monumentele-literaturii-romane-George-Cosbuc-2023.jpg","datePublished":"2023-09-19T07:43:27+00:00","dateModified":"2023-09-19T07:43:29+00:00","author":{"@id":"https:\/\/urbeamea.ro\/albaiulia\/#\/schema\/person\/272ae98052f8ee8980f59848df070247"},"description":"Miercuri, 20 septembrie 2023, la 157 de ani de la na\u0219terea poetului George Co\u0219buc, Consiliul Jude\u021bean Alba, \u00eempreun\u0103 cu Biblioteca Jude\u021bean\u0103 \u201eLucian","breadcrumb":{"@id":"https:\/\/urbeamea.ro\/albaiulia\/george-cosbuc-omagiat-de-consiliul-judetean-alba-si-biblioteca-judeteana-lucian-blaga-alba\/#breadcrumb"},"inLanguage":"ro-RO","potentialAction":[{"@type":"ReadAction","target":["https:\/\/urbeamea.ro\/albaiulia\/george-cosbuc-omagiat-de-consiliul-judetean-alba-si-biblioteca-judeteana-lucian-blaga-alba\/"]}]},{"@type":"ImageObject","inLanguage":"ro-RO","@id":"https:\/\/urbeamea.ro\/albaiulia\/george-cosbuc-omagiat-de-consiliul-judetean-alba-si-biblioteca-judeteana-lucian-blaga-alba\/#primaryimage","url":"https:\/\/urbeamea.ro\/albaiulia\/wp-content\/uploads\/2023\/09\/4.4-Monumentele-literaturii-romane-George-Cosbuc-2023.jpg","contentUrl":"https:\/\/urbeamea.ro\/albaiulia\/wp-content\/uploads\/2023\/09\/4.4-Monumentele-literaturii-romane-George-Cosbuc-2023.jpg","width":1600,"height":1131},{"@type":"BreadcrumbList","@id":"https:\/\/urbeamea.ro\/albaiulia\/george-cosbuc-omagiat-de-consiliul-judetean-alba-si-biblioteca-judeteana-lucian-blaga-alba\/#breadcrumb","itemListElement":[{"@type":"ListItem","position":1,"name":"Prima pagin\u0103","item":"https:\/\/urbeamea.ro\/albaiulia\/"},{"@type":"ListItem","position":2,"name":"George Co\u0219buc, omagiat de Consiliul Jude\u021bean Alba \u0219i Biblioteca Jude\u021bean\u0103 \u201eLucian Blaga\u201d Alba"}]},{"@type":"WebSite","@id":"https:\/\/urbeamea.ro\/albaiulia\/#website","url":"https:\/\/urbeamea.ro\/albaiulia\/","name":"Revista Urbea Mea, Stiri urbane","description":"Evenimente \u0219i \u0219tiri din Alba Iulia, Sebe\u0219, Aiud, Blaj","potentialAction":[{"@type":"SearchAction","target":{"@type":"EntryPoint","urlTemplate":"https:\/\/urbeamea.ro\/albaiulia\/?s={search_term_string}"},"query-input":{"@type":"PropertyValueSpecification","valueRequired":true,"valueName":"search_term_string"}}],"inLanguage":"ro-RO"},{"@type":"Person","@id":"https:\/\/urbeamea.ro\/albaiulia\/#\/schema\/person\/272ae98052f8ee8980f59848df070247","name":"Redac\u021bia UrbeaMea","image":{"@type":"ImageObject","inLanguage":"ro-RO","@id":"https:\/\/secure.gravatar.com\/avatar\/9ce5a9435071fa1037e8468053ead8e513dbbff59009d3069aadb85506d85a27?s=96&d=mm&r=g","url":"https:\/\/secure.gravatar.com\/avatar\/9ce5a9435071fa1037e8468053ead8e513dbbff59009d3069aadb85506d85a27?s=96&d=mm&r=g","contentUrl":"https:\/\/secure.gravatar.com\/avatar\/9ce5a9435071fa1037e8468053ead8e513dbbff59009d3069aadb85506d85a27?s=96&d=mm&r=g","caption":"Redac\u021bia UrbeaMea"},"description":"contact@urbeamea.ro","sameAs":["https:\/\/www.urbeamea.ro"],"url":"https:\/\/urbeamea.ro\/albaiulia\/author\/redactia-urbeamea\/"}]}},"_links":{"self":[{"href":"https:\/\/urbeamea.ro\/albaiulia\/wp-json\/wp\/v2\/posts\/109105","targetHints":{"allow":["GET"]}}],"collection":[{"href":"https:\/\/urbeamea.ro\/albaiulia\/wp-json\/wp\/v2\/posts"}],"about":[{"href":"https:\/\/urbeamea.ro\/albaiulia\/wp-json\/wp\/v2\/types\/post"}],"author":[{"embeddable":true,"href":"https:\/\/urbeamea.ro\/albaiulia\/wp-json\/wp\/v2\/users\/16"}],"replies":[{"embeddable":true,"href":"https:\/\/urbeamea.ro\/albaiulia\/wp-json\/wp\/v2\/comments?post=109105"}],"version-history":[{"count":1,"href":"https:\/\/urbeamea.ro\/albaiulia\/wp-json\/wp\/v2\/posts\/109105\/revisions"}],"predecessor-version":[{"id":109107,"href":"https:\/\/urbeamea.ro\/albaiulia\/wp-json\/wp\/v2\/posts\/109105\/revisions\/109107"}],"wp:featuredmedia":[{"embeddable":true,"href":"https:\/\/urbeamea.ro\/albaiulia\/wp-json\/wp\/v2\/media\/109106"}],"wp:attachment":[{"href":"https:\/\/urbeamea.ro\/albaiulia\/wp-json\/wp\/v2\/media?parent=109105"}],"wp:term":[{"taxonomy":"category","embeddable":true,"href":"https:\/\/urbeamea.ro\/albaiulia\/wp-json\/wp\/v2\/categories?post=109105"},{"taxonomy":"post_tag","embeddable":true,"href":"https:\/\/urbeamea.ro\/albaiulia\/wp-json\/wp\/v2\/tags?post=109105"}],"curies":[{"name":"wp","href":"https:\/\/api.w.org\/{rel}","templated":true}]}}