{"id":109108,"date":"2023-09-19T10:45:15","date_gmt":"2023-09-19T07:45:15","guid":{"rendered":"https:\/\/urbeamea.ro\/albaiulia\/?p=109108"},"modified":"2023-09-19T10:45:17","modified_gmt":"2023-09-19T07:45:17","slug":"verificari-ale-dsvsa-alba-la-cresele-gradinitele-si-scolile-care-detin-cantine-sau-blocuri-alimentare","status":"publish","type":"post","link":"https:\/\/urbeamea.ro\/albaiulia\/verificari-ale-dsvsa-alba-la-cresele-gradinitele-si-scolile-care-detin-cantine-sau-blocuri-alimentare\/","title":{"rendered":"Verific\u0103ri ale DSVSA Alba la cre\u0219ele, gr\u0103dini\u021bele \u0219i \u0219colile care de\u021bin cantine sau blocuri alimentare"},"content":{"rendered":"\n<p>Inspectorii Direc\u021biei Sanitare Veterinare \u0219i pentru Siguran\u021ba Alimentelor au \u00eenceput controalele oficiale la cre\u0219ele, gr\u0103dini\u021bele, unit\u0103\u021bile de \u00eenv\u0103\u021b\u0103m\u00e2nt cu program normal sau care func\u021bioneaz\u0103 \u00een regim after school, semi-internat \u0219i\/sau internat. Controalele se realizeaz\u0103, urmare a dispozi\u021biilor Autorit\u0103\u021bii Na\u021bionale Sanitare Veterinare \u0219i pentru Siguran\u021ba Alimentelor, pentru verificarea respect\u0103rii cerin\u021belor de siguran\u021ba alimentelor \u0219i de igien\u0103 a spa\u021biilor, facilit\u0103\u021bilor \u0219i echipamentelor destinate pentru prepararea \u0219i servirea mesei \u00een incinta unit\u0103\u021bilor de educa\u021bie \u0219i \u00eenv\u0103\u021b\u0103m\u00e2nt.<\/p>\n\n\n\n<p>Controalele tematice se desf\u0103\u0219oar\u0103 \u00een perioada 18 septembrie \u2013 20 octombrie. La nivelul DSVSA Alba s-au stabilit echipe mixte de control, formate din medici veterinari \u0219i ingineri, traseele zilnice, procedurile de control, dar \u0219i un program al acestor controale respectiv obiectivele urm\u0103rite.<\/p>\n\n\n\n<p>Vor fi verificate toate aspectele ce \u021bin de siguran\u021ba alimentelor \u00een sistemul de \u00eenv\u0103\u021b\u0103m\u00e2nt pre\u0219colar \u0219i \u0219colar, \u00eentre care existen\u021ba documentelor de \u00eenregistrare sanitar\u0103 \u0219i pentru siguran\u021ba alimentelor a blocurilor alimentare\/cantinelor amenajate \u00een incinta unit\u0103\u021bilor de \u00eenv\u0103\u021b\u0103m\u00e2nt, respectarea cerin\u021belor generale de igien\u0103 alimentar\u0103, verificarea eligibilit\u0103\u021bii materiilor prime, a respect\u0103rii cerin\u021belor privind manipularea, prepararea \u0219i depozitarea, respectarea cerin\u021belor privind servirea alimentelor, a implement\u0103rii procedurilor bazate pe principiile HACCP \u0219i a programelor de autocontrol, a trasabilit\u0103\u021bii privind intr\u0103rile de materii prime destinate prepar\u0103rii de m\u00e2nc\u0103ruri care vor fi servite pre\u0219colarilor sau elevilor.<\/p>\n\n\n\n<p>De asemenea, se va verifica existen\u021ba sursei de ap\u0103 potabil\u0103 care este utilizat\u0103 pentru prepararea alimentelor, a aplic\u0103rii m\u0103surilor de protec\u021bie \u00eempotriva c\u00e2inilor, pisicilor etc. \u0219i \u00eempotriva d\u0103un\u0103torilor (roz\u0103toare, insecte, p\u0103s\u0103ri). Se va verifica eficien\u021ba programelor de deratizare-dezinsec\u021bie-dezinfec\u021bie implementate, dar \u0219i lista furnizorilor de produse alimentare, respectiv cerin\u021bele de tratare termic\u0103 a produselor alimentare. Alimentele trebuie s\u0103 fie ambalate sau \u00eempachetate (respectiv etichetate, \u00een func\u021bie de caz), \u00een situa\u021bia \u00een care acestea nu sunt preparate \u00een incinta unit\u0103\u021bilor de \u00eenv\u0103\u021b\u0103m\u00e2nt.<\/p>\n","protected":false},"excerpt":{"rendered":"<p>Inspectorii Direc\u021biei Sanitare Veterinare \u0219i pentru Siguran\u021ba Alimentelor au \u00eenceput controalele oficiale la cre\u0219ele, gr\u0103dini\u021bele, unit\u0103\u021bile de \u00eenv\u0103\u021b\u0103m\u00e2nt cu program normal sau care func\u021bioneaz\u0103 \u00een regim after school, semi-internat \u0219i\/sau internat. Controalele se realizeaz\u0103, urmare a dispozi\u021biilor Autorit\u0103\u021bii Na\u021bionale Sanitare Veterinare \u0219i pentru Siguran\u021ba Alimentelor, pentru verificarea respect\u0103rii cerin\u021belor de siguran\u021ba alimentelor \u0219i de igien\u0103 &hellip;<\/p>\n","protected":false},"author":16,"featured_media":100587,"comment_status":"open","ping_status":"open","sticky":false,"template":"","format":"standard","meta":{"inline_featured_image":false,"footnotes":""},"categories":[1],"tags":[8120],"class_list":["post-109108","post","type-post","status-publish","format-standard","has-post-thumbnail","hentry","category-stiri-urbane","tag-dsvsa-alba"],"yoast_head":"<!-- This site is optimized with the Yoast SEO plugin v27.4 - https:\/\/yoast.com\/product\/yoast-seo-wordpress\/ -->\n<title>Verific\u0103ri ale DSVSA Alba la cre\u0219ele, gr\u0103dini\u021bele \u0219i \u0219colile care de\u021bin cantine sau blocuri alimentare - Revista Urbea Mea - Revista de Alba<\/title>\n<meta name=\"description\" content=\"Inspectorii Direc\u021biei Sanitare Veterinare \u0219i pentru Siguran\u021ba Alimentelor au \u00eenceput controalele oficiale la cre\u0219ele, gr\u0103dini\u021bele, unit\u0103\u021bile de \u00eenv\u0103\u021b\u0103m\u00e2nt\" \/>\n<meta name=\"robots\" content=\"index, follow, max-snippet:-1, max-image-preview:large, max-video-preview:-1\" \/>\n<link rel=\"canonical\" href=\"https:\/\/urbeamea.ro\/albaiulia\/verificari-ale-dsvsa-alba-la-cresele-gradinitele-si-scolile-care-detin-cantine-sau-blocuri-alimentare\/\" \/>\n<meta name=\"twitter:card\" content=\"summary_large_image\" \/>\n<meta name=\"twitter:title\" content=\"Verific\u0103ri ale DSVSA Alba la cre\u0219ele, gr\u0103dini\u021bele \u0219i \u0219colile care de\u021bin cantine sau blocuri alimentare - Revista Urbea Mea - Revista de Alba\" \/>\n<meta name=\"twitter:description\" content=\"Inspectorii Direc\u021biei Sanitare Veterinare \u0219i pentru Siguran\u021ba Alimentelor au \u00eenceput controalele oficiale la cre\u0219ele, gr\u0103dini\u021bele, unit\u0103\u021bile de \u00eenv\u0103\u021b\u0103m\u00e2nt\" \/>\n<meta name=\"twitter:image\" content=\"https:\/\/urbeamea.ro\/albaiulia\/wp-content\/uploads\/2022\/03\/Sediu-DSVSA-Alba.jpg\" \/>\n<meta name=\"twitter:creator\" content=\"@urbeameaweb\" \/>\n<meta name=\"twitter:site\" content=\"@urbeameaweb\" \/>\n<script type=\"application\/ld+json\" class=\"yoast-schema-graph\">{\"@context\":\"https:\\\/\\\/schema.org\",\"@graph\":[{\"@type\":\"Article\",\"@id\":\"https:\\\/\\\/urbeamea.ro\\\/albaiulia\\\/verificari-ale-dsvsa-alba-la-cresele-gradinitele-si-scolile-care-detin-cantine-sau-blocuri-alimentare\\\/#article\",\"isPartOf\":{\"@id\":\"https:\\\/\\\/urbeamea.ro\\\/albaiulia\\\/verificari-ale-dsvsa-alba-la-cresele-gradinitele-si-scolile-care-detin-cantine-sau-blocuri-alimentare\\\/\"},\"author\":{\"name\":\"Redac\u021bia UrbeaMea\",\"@id\":\"https:\\\/\\\/urbeamea.ro\\\/albaiulia\\\/#\\\/schema\\\/person\\\/272ae98052f8ee8980f59848df070247\"},\"headline\":\"Verific\u0103ri ale DSVSA Alba la cre\u0219ele, gr\u0103dini\u021bele \u0219i \u0219colile care de\u021bin cantine sau blocuri alimentare\",\"datePublished\":\"2023-09-19T07:45:15+00:00\",\"dateModified\":\"2023-09-19T07:45:17+00:00\",\"mainEntityOfPage\":{\"@id\":\"https:\\\/\\\/urbeamea.ro\\\/albaiulia\\\/verificari-ale-dsvsa-alba-la-cresele-gradinitele-si-scolile-care-detin-cantine-sau-blocuri-alimentare\\\/\"},\"wordCount\":368,\"commentCount\":0,\"image\":{\"@id\":\"https:\\\/\\\/urbeamea.ro\\\/albaiulia\\\/verificari-ale-dsvsa-alba-la-cresele-gradinitele-si-scolile-care-detin-cantine-sau-blocuri-alimentare\\\/#primaryimage\"},\"thumbnailUrl\":\"https:\\\/\\\/urbeamea.ro\\\/albaiulia\\\/wp-content\\\/uploads\\\/2022\\\/03\\\/Sediu-DSVSA-Alba.jpg\",\"keywords\":[\"dsvsa alba\"],\"articleSection\":[\"\u015etiri Urbane\"],\"inLanguage\":\"ro-RO\",\"potentialAction\":[{\"@type\":\"CommentAction\",\"name\":\"Comment\",\"target\":[\"https:\\\/\\\/urbeamea.ro\\\/albaiulia\\\/verificari-ale-dsvsa-alba-la-cresele-gradinitele-si-scolile-care-detin-cantine-sau-blocuri-alimentare\\\/#respond\"]}]},{\"@type\":\"WebPage\",\"@id\":\"https:\\\/\\\/urbeamea.ro\\\/albaiulia\\\/verificari-ale-dsvsa-alba-la-cresele-gradinitele-si-scolile-care-detin-cantine-sau-blocuri-alimentare\\\/\",\"url\":\"https:\\\/\\\/urbeamea.ro\\\/albaiulia\\\/verificari-ale-dsvsa-alba-la-cresele-gradinitele-si-scolile-care-detin-cantine-sau-blocuri-alimentare\\\/\",\"name\":\"Verific\u0103ri ale DSVSA Alba la cre\u0219ele, gr\u0103dini\u021bele \u0219i \u0219colile care de\u021bin cantine sau blocuri alimentare - Revista Urbea Mea - Revista de Alba\",\"isPartOf\":{\"@id\":\"https:\\\/\\\/urbeamea.ro\\\/albaiulia\\\/#website\"},\"primaryImageOfPage\":{\"@id\":\"https:\\\/\\\/urbeamea.ro\\\/albaiulia\\\/verificari-ale-dsvsa-alba-la-cresele-gradinitele-si-scolile-care-detin-cantine-sau-blocuri-alimentare\\\/#primaryimage\"},\"image\":{\"@id\":\"https:\\\/\\\/urbeamea.ro\\\/albaiulia\\\/verificari-ale-dsvsa-alba-la-cresele-gradinitele-si-scolile-care-detin-cantine-sau-blocuri-alimentare\\\/#primaryimage\"},\"thumbnailUrl\":\"https:\\\/\\\/urbeamea.ro\\\/albaiulia\\\/wp-content\\\/uploads\\\/2022\\\/03\\\/Sediu-DSVSA-Alba.jpg\",\"datePublished\":\"2023-09-19T07:45:15+00:00\",\"dateModified\":\"2023-09-19T07:45:17+00:00\",\"author\":{\"@id\":\"https:\\\/\\\/urbeamea.ro\\\/albaiulia\\\/#\\\/schema\\\/person\\\/272ae98052f8ee8980f59848df070247\"},\"description\":\"Inspectorii Direc\u021biei Sanitare Veterinare \u0219i pentru Siguran\u021ba Alimentelor au \u00eenceput controalele oficiale la cre\u0219ele, gr\u0103dini\u021bele, unit\u0103\u021bile de \u00eenv\u0103\u021b\u0103m\u00e2nt\",\"breadcrumb\":{\"@id\":\"https:\\\/\\\/urbeamea.ro\\\/albaiulia\\\/verificari-ale-dsvsa-alba-la-cresele-gradinitele-si-scolile-care-detin-cantine-sau-blocuri-alimentare\\\/#breadcrumb\"},\"inLanguage\":\"ro-RO\",\"potentialAction\":[{\"@type\":\"ReadAction\",\"target\":[\"https:\\\/\\\/urbeamea.ro\\\/albaiulia\\\/verificari-ale-dsvsa-alba-la-cresele-gradinitele-si-scolile-care-detin-cantine-sau-blocuri-alimentare\\\/\"]}]},{\"@type\":\"ImageObject\",\"inLanguage\":\"ro-RO\",\"@id\":\"https:\\\/\\\/urbeamea.ro\\\/albaiulia\\\/verificari-ale-dsvsa-alba-la-cresele-gradinitele-si-scolile-care-detin-cantine-sau-blocuri-alimentare\\\/#primaryimage\",\"url\":\"https:\\\/\\\/urbeamea.ro\\\/albaiulia\\\/wp-content\\\/uploads\\\/2022\\\/03\\\/Sediu-DSVSA-Alba.jpg\",\"contentUrl\":\"https:\\\/\\\/urbeamea.ro\\\/albaiulia\\\/wp-content\\\/uploads\\\/2022\\\/03\\\/Sediu-DSVSA-Alba.jpg\",\"width\":1200,\"height\":800},{\"@type\":\"BreadcrumbList\",\"@id\":\"https:\\\/\\\/urbeamea.ro\\\/albaiulia\\\/verificari-ale-dsvsa-alba-la-cresele-gradinitele-si-scolile-care-detin-cantine-sau-blocuri-alimentare\\\/#breadcrumb\",\"itemListElement\":[{\"@type\":\"ListItem\",\"position\":1,\"name\":\"Prima pagin\u0103\",\"item\":\"https:\\\/\\\/urbeamea.ro\\\/albaiulia\\\/\"},{\"@type\":\"ListItem\",\"position\":2,\"name\":\"Verific\u0103ri ale DSVSA Alba la cre\u0219ele, gr\u0103dini\u021bele \u0219i \u0219colile care de\u021bin cantine sau blocuri alimentare\"}]},{\"@type\":\"WebSite\",\"@id\":\"https:\\\/\\\/urbeamea.ro\\\/albaiulia\\\/#website\",\"url\":\"https:\\\/\\\/urbeamea.ro\\\/albaiulia\\\/\",\"name\":\"Revista Urbea Mea, Stiri urbane\",\"description\":\"Evenimente \u0219i \u0219tiri din Alba Iulia, Sebe\u0219, Aiud, Blaj\",\"potentialAction\":[{\"@type\":\"SearchAction\",\"target\":{\"@type\":\"EntryPoint\",\"urlTemplate\":\"https:\\\/\\\/urbeamea.ro\\\/albaiulia\\\/?s={search_term_string}\"},\"query-input\":{\"@type\":\"PropertyValueSpecification\",\"valueRequired\":true,\"valueName\":\"search_term_string\"}}],\"inLanguage\":\"ro-RO\"},{\"@type\":\"Person\",\"@id\":\"https:\\\/\\\/urbeamea.ro\\\/albaiulia\\\/#\\\/schema\\\/person\\\/272ae98052f8ee8980f59848df070247\",\"name\":\"Redac\u021bia UrbeaMea\",\"image\":{\"@type\":\"ImageObject\",\"inLanguage\":\"ro-RO\",\"@id\":\"https:\\\/\\\/secure.gravatar.com\\\/avatar\\\/9ce5a9435071fa1037e8468053ead8e513dbbff59009d3069aadb85506d85a27?s=96&d=mm&r=g\",\"url\":\"https:\\\/\\\/secure.gravatar.com\\\/avatar\\\/9ce5a9435071fa1037e8468053ead8e513dbbff59009d3069aadb85506d85a27?s=96&d=mm&r=g\",\"contentUrl\":\"https:\\\/\\\/secure.gravatar.com\\\/avatar\\\/9ce5a9435071fa1037e8468053ead8e513dbbff59009d3069aadb85506d85a27?s=96&d=mm&r=g\",\"caption\":\"Redac\u021bia UrbeaMea\"},\"description\":\"contact@urbeamea.ro\",\"sameAs\":[\"https:\\\/\\\/www.urbeamea.ro\"],\"url\":\"https:\\\/\\\/urbeamea.ro\\\/albaiulia\\\/author\\\/redactia-urbeamea\\\/\"}]}<\/script>\n<!-- \/ Yoast SEO plugin. -->","yoast_head_json":{"title":"Verific\u0103ri ale DSVSA Alba la cre\u0219ele, gr\u0103dini\u021bele \u0219i \u0219colile care de\u021bin cantine sau blocuri alimentare - Revista Urbea Mea - Revista de Alba","description":"Inspectorii Direc\u021biei Sanitare Veterinare \u0219i pentru Siguran\u021ba Alimentelor au \u00eenceput controalele oficiale la cre\u0219ele, gr\u0103dini\u021bele, unit\u0103\u021bile de \u00eenv\u0103\u021b\u0103m\u00e2nt","robots":{"index":"index","follow":"follow","max-snippet":"max-snippet:-1","max-image-preview":"max-image-preview:large","max-video-preview":"max-video-preview:-1"},"canonical":"https:\/\/urbeamea.ro\/albaiulia\/verificari-ale-dsvsa-alba-la-cresele-gradinitele-si-scolile-care-detin-cantine-sau-blocuri-alimentare\/","twitter_card":"summary_large_image","twitter_title":"Verific\u0103ri ale DSVSA Alba la cre\u0219ele, gr\u0103dini\u021bele \u0219i \u0219colile care de\u021bin cantine sau blocuri alimentare - Revista Urbea Mea - Revista de Alba","twitter_description":"Inspectorii Direc\u021biei Sanitare Veterinare \u0219i pentru Siguran\u021ba Alimentelor au \u00eenceput controalele oficiale la cre\u0219ele, gr\u0103dini\u021bele, unit\u0103\u021bile de \u00eenv\u0103\u021b\u0103m\u00e2nt","twitter_image":"https:\/\/urbeamea.ro\/albaiulia\/wp-content\/uploads\/2022\/03\/Sediu-DSVSA-Alba.jpg","twitter_creator":"@urbeameaweb","twitter_site":"@urbeameaweb","schema":{"@context":"https:\/\/schema.org","@graph":[{"@type":"Article","@id":"https:\/\/urbeamea.ro\/albaiulia\/verificari-ale-dsvsa-alba-la-cresele-gradinitele-si-scolile-care-detin-cantine-sau-blocuri-alimentare\/#article","isPartOf":{"@id":"https:\/\/urbeamea.ro\/albaiulia\/verificari-ale-dsvsa-alba-la-cresele-gradinitele-si-scolile-care-detin-cantine-sau-blocuri-alimentare\/"},"author":{"name":"Redac\u021bia UrbeaMea","@id":"https:\/\/urbeamea.ro\/albaiulia\/#\/schema\/person\/272ae98052f8ee8980f59848df070247"},"headline":"Verific\u0103ri ale DSVSA Alba la cre\u0219ele, gr\u0103dini\u021bele \u0219i \u0219colile care de\u021bin cantine sau blocuri alimentare","datePublished":"2023-09-19T07:45:15+00:00","dateModified":"2023-09-19T07:45:17+00:00","mainEntityOfPage":{"@id":"https:\/\/urbeamea.ro\/albaiulia\/verificari-ale-dsvsa-alba-la-cresele-gradinitele-si-scolile-care-detin-cantine-sau-blocuri-alimentare\/"},"wordCount":368,"commentCount":0,"image":{"@id":"https:\/\/urbeamea.ro\/albaiulia\/verificari-ale-dsvsa-alba-la-cresele-gradinitele-si-scolile-care-detin-cantine-sau-blocuri-alimentare\/#primaryimage"},"thumbnailUrl":"https:\/\/urbeamea.ro\/albaiulia\/wp-content\/uploads\/2022\/03\/Sediu-DSVSA-Alba.jpg","keywords":["dsvsa alba"],"articleSection":["\u015etiri Urbane"],"inLanguage":"ro-RO","potentialAction":[{"@type":"CommentAction","name":"Comment","target":["https:\/\/urbeamea.ro\/albaiulia\/verificari-ale-dsvsa-alba-la-cresele-gradinitele-si-scolile-care-detin-cantine-sau-blocuri-alimentare\/#respond"]}]},{"@type":"WebPage","@id":"https:\/\/urbeamea.ro\/albaiulia\/verificari-ale-dsvsa-alba-la-cresele-gradinitele-si-scolile-care-detin-cantine-sau-blocuri-alimentare\/","url":"https:\/\/urbeamea.ro\/albaiulia\/verificari-ale-dsvsa-alba-la-cresele-gradinitele-si-scolile-care-detin-cantine-sau-blocuri-alimentare\/","name":"Verific\u0103ri ale DSVSA Alba la cre\u0219ele, gr\u0103dini\u021bele \u0219i \u0219colile care de\u021bin cantine sau blocuri alimentare - Revista Urbea Mea - Revista de Alba","isPartOf":{"@id":"https:\/\/urbeamea.ro\/albaiulia\/#website"},"primaryImageOfPage":{"@id":"https:\/\/urbeamea.ro\/albaiulia\/verificari-ale-dsvsa-alba-la-cresele-gradinitele-si-scolile-care-detin-cantine-sau-blocuri-alimentare\/#primaryimage"},"image":{"@id":"https:\/\/urbeamea.ro\/albaiulia\/verificari-ale-dsvsa-alba-la-cresele-gradinitele-si-scolile-care-detin-cantine-sau-blocuri-alimentare\/#primaryimage"},"thumbnailUrl":"https:\/\/urbeamea.ro\/albaiulia\/wp-content\/uploads\/2022\/03\/Sediu-DSVSA-Alba.jpg","datePublished":"2023-09-19T07:45:15+00:00","dateModified":"2023-09-19T07:45:17+00:00","author":{"@id":"https:\/\/urbeamea.ro\/albaiulia\/#\/schema\/person\/272ae98052f8ee8980f59848df070247"},"description":"Inspectorii Direc\u021biei Sanitare Veterinare \u0219i pentru Siguran\u021ba Alimentelor au \u00eenceput controalele oficiale la cre\u0219ele, gr\u0103dini\u021bele, unit\u0103\u021bile de \u00eenv\u0103\u021b\u0103m\u00e2nt","breadcrumb":{"@id":"https:\/\/urbeamea.ro\/albaiulia\/verificari-ale-dsvsa-alba-la-cresele-gradinitele-si-scolile-care-detin-cantine-sau-blocuri-alimentare\/#breadcrumb"},"inLanguage":"ro-RO","potentialAction":[{"@type":"ReadAction","target":["https:\/\/urbeamea.ro\/albaiulia\/verificari-ale-dsvsa-alba-la-cresele-gradinitele-si-scolile-care-detin-cantine-sau-blocuri-alimentare\/"]}]},{"@type":"ImageObject","inLanguage":"ro-RO","@id":"https:\/\/urbeamea.ro\/albaiulia\/verificari-ale-dsvsa-alba-la-cresele-gradinitele-si-scolile-care-detin-cantine-sau-blocuri-alimentare\/#primaryimage","url":"https:\/\/urbeamea.ro\/albaiulia\/wp-content\/uploads\/2022\/03\/Sediu-DSVSA-Alba.jpg","contentUrl":"https:\/\/urbeamea.ro\/albaiulia\/wp-content\/uploads\/2022\/03\/Sediu-DSVSA-Alba.jpg","width":1200,"height":800},{"@type":"BreadcrumbList","@id":"https:\/\/urbeamea.ro\/albaiulia\/verificari-ale-dsvsa-alba-la-cresele-gradinitele-si-scolile-care-detin-cantine-sau-blocuri-alimentare\/#breadcrumb","itemListElement":[{"@type":"ListItem","position":1,"name":"Prima pagin\u0103","item":"https:\/\/urbeamea.ro\/albaiulia\/"},{"@type":"ListItem","position":2,"name":"Verific\u0103ri ale DSVSA Alba la cre\u0219ele, gr\u0103dini\u021bele \u0219i \u0219colile care de\u021bin cantine sau blocuri alimentare"}]},{"@type":"WebSite","@id":"https:\/\/urbeamea.ro\/albaiulia\/#website","url":"https:\/\/urbeamea.ro\/albaiulia\/","name":"Revista Urbea Mea, Stiri urbane","description":"Evenimente \u0219i \u0219tiri din Alba Iulia, Sebe\u0219, Aiud, Blaj","potentialAction":[{"@type":"SearchAction","target":{"@type":"EntryPoint","urlTemplate":"https:\/\/urbeamea.ro\/albaiulia\/?s={search_term_string}"},"query-input":{"@type":"PropertyValueSpecification","valueRequired":true,"valueName":"search_term_string"}}],"inLanguage":"ro-RO"},{"@type":"Person","@id":"https:\/\/urbeamea.ro\/albaiulia\/#\/schema\/person\/272ae98052f8ee8980f59848df070247","name":"Redac\u021bia UrbeaMea","image":{"@type":"ImageObject","inLanguage":"ro-RO","@id":"https:\/\/secure.gravatar.com\/avatar\/9ce5a9435071fa1037e8468053ead8e513dbbff59009d3069aadb85506d85a27?s=96&d=mm&r=g","url":"https:\/\/secure.gravatar.com\/avatar\/9ce5a9435071fa1037e8468053ead8e513dbbff59009d3069aadb85506d85a27?s=96&d=mm&r=g","contentUrl":"https:\/\/secure.gravatar.com\/avatar\/9ce5a9435071fa1037e8468053ead8e513dbbff59009d3069aadb85506d85a27?s=96&d=mm&r=g","caption":"Redac\u021bia UrbeaMea"},"description":"contact@urbeamea.ro","sameAs":["https:\/\/www.urbeamea.ro"],"url":"https:\/\/urbeamea.ro\/albaiulia\/author\/redactia-urbeamea\/"}]}},"_links":{"self":[{"href":"https:\/\/urbeamea.ro\/albaiulia\/wp-json\/wp\/v2\/posts\/109108","targetHints":{"allow":["GET"]}}],"collection":[{"href":"https:\/\/urbeamea.ro\/albaiulia\/wp-json\/wp\/v2\/posts"}],"about":[{"href":"https:\/\/urbeamea.ro\/albaiulia\/wp-json\/wp\/v2\/types\/post"}],"author":[{"embeddable":true,"href":"https:\/\/urbeamea.ro\/albaiulia\/wp-json\/wp\/v2\/users\/16"}],"replies":[{"embeddable":true,"href":"https:\/\/urbeamea.ro\/albaiulia\/wp-json\/wp\/v2\/comments?post=109108"}],"version-history":[{"count":1,"href":"https:\/\/urbeamea.ro\/albaiulia\/wp-json\/wp\/v2\/posts\/109108\/revisions"}],"predecessor-version":[{"id":109109,"href":"https:\/\/urbeamea.ro\/albaiulia\/wp-json\/wp\/v2\/posts\/109108\/revisions\/109109"}],"wp:featuredmedia":[{"embeddable":true,"href":"https:\/\/urbeamea.ro\/albaiulia\/wp-json\/wp\/v2\/media\/100587"}],"wp:attachment":[{"href":"https:\/\/urbeamea.ro\/albaiulia\/wp-json\/wp\/v2\/media?parent=109108"}],"wp:term":[{"taxonomy":"category","embeddable":true,"href":"https:\/\/urbeamea.ro\/albaiulia\/wp-json\/wp\/v2\/categories?post=109108"},{"taxonomy":"post_tag","embeddable":true,"href":"https:\/\/urbeamea.ro\/albaiulia\/wp-json\/wp\/v2\/tags?post=109108"}],"curies":[{"name":"wp","href":"https:\/\/api.w.org\/{rel}","templated":true}]}}