{"id":109119,"date":"2023-09-19T10:53:15","date_gmt":"2023-09-19T07:53:15","guid":{"rendered":"https:\/\/urbeamea.ro\/albaiulia\/?p=109119"},"modified":"2023-09-19T11:02:38","modified_gmt":"2023-09-19T08:02:38","slug":"festivalul-national-de-muzica-folk-ziua-de-maine-folk-ul-romanesc-se-muta-pentru-doua-zile-in-mica-roma-municipiul-blaj","status":"publish","type":"post","link":"https:\/\/urbeamea.ro\/albaiulia\/festivalul-national-de-muzica-folk-ziua-de-maine-folk-ul-romanesc-se-muta-pentru-doua-zile-in-mica-roma-municipiul-blaj\/","title":{"rendered":"Festivalul Na\u021bional de Muzic\u0103 Folk \u201eZiua de M\u00e2ine\u201d \u2013 folk-ul rom\u00e2nesc se mut\u0103 pentru dou\u0103 zile \u00een \u201eMica Rom\u0103\u201d (municipiul Blaj)"},"content":{"rendered":"\n<p>Festivalul Na\u021bional de Muzic\u0103 Folk \u201eZiua de M\u00e2ine\u201d revine, \u00een perioada 23 \u2013 24 septembrie 2023, cu un nou format, unic \u00een cadrul evenimentelor similare din Rom\u00e2nia. &nbsp;Astfel, \u00eencep\u00e2nd din acest an, \u201eZiua de M\u00e2ine\u201d devine un festival itinerant, care are at\u00e2t scopul de a promova muzica folk, c\u00e2t \u0219i de a asigura accesul la cultur\u0103 unui public c\u00e2t mai mare din jude\u021bul Alba, \u00een loca\u021bii deosebite. Pentru edi\u021bia din 2023, organizatorii au ales Palatul Cultural din Blaj, o loca\u021bie premiat\u0103 cu premiul \u201eEuropa Nostra\u201d al Comisiei Europene (cea mai important\u0103 distinc\u021bie acordat\u0103 \u00een domeniul patrimoniului, ob\u021binut\u0103 \u00een urma lucr\u0103rilor de restaurare realizate de Consiliul Jude\u021bean Alba \u0219i Prim\u0103ria Municipiului Blaj).<\/p>\n\n\n\n<blockquote class=\"wp-block-quote is-layout-flow wp-block-quote-is-layout-flow\">\n<p><em>Festivalul Na\u021bional de Muzic\u0103 Folk \u201eZiua de M\u00e2ine\u201d este recunoscut ca unul dintre cele mai importante evenimente folk din Rom\u00e2nia, iar unicitatea sa este dat\u0103 de faptul c\u0103 s-a reinventat mereu \u00een formate c\u00e2t mai atractive pentru public. De aceast\u0103 dat\u0103, ie\u0219im din tiparele festivalurilor obi\u0219nuite \u0219i, \u00eentr-un mod curajos, schimb\u0103m loca\u021bia \u00een \u00eencercarea de a duce muzica folk la c\u00e2t mai mul\u021bi oameni din jude\u021bul Alba, prin asigurarea accesului la cultur\u0103. Promov\u0103m folkul, dar \u0219i locurile minunate pe care le avem \u00een jude\u021b, iar oprirea din acest an este la Palatul Cultural din Blaj, o loca\u021bie premiat\u0103 cu premiul \u201eEuropa Nostra\u201d de c\u0103tre Comisia European\u0103. Timp de dou\u0103 zile, Mica Rom\u0103, municipiul Blaj, va fi capitala muzicii folk prin prezen\u021ba celor mai importante nume ale acestui gen muzical<\/em>.<\/p>\n<cite>Alexandru Pal, managerul Centrului de Cultur\u0103 \u201eAugustin Bena\u201d<\/cite><\/blockquote>\n\n\n\n<p>Programul festivalului va cuprinde, \u00een cele dou\u0103 seri, 23 \u0219i 24 septembrie, recitaluri sus\u021binute de unii dintre cei mai iubi\u021bi arti\u0219ti folk din Rom\u00e2nia, precum Mircea Vintil\u0103, Emeric Imre, Cristian Buic\u0103, Puiu Ivani\u021bchi, Vasile \u0218eicaru, Ducu Bertzi, Dinu Ol\u0103ra\u0219u, Poesis \u0219i Marius Ba\u021bu, Ada Milea \u0219i \u0218tefan Mure, dar \u0219i Vali \u0218erban, ini\u021biatorul Festivalului \u201eZiua de M\u00e2ine\u201d.<\/p>\n\n\n\n<p>\u00cen foaierul Palatului Cultural din Blaj va avea loc show-ul de caricatur\u0103 \u201eR\u00e2sul \u00een grup\u201d \u0219i expozi\u021bia tematic\u0103 de caricatur\u0103 cu titlul \u201eLa folk automat\u201d, semnat\u0103 de renumitul caricaturist Costel P\u0103tr\u0103\u0219can. De asemenea, \u00een cadrul edi\u021biei din acest an a festivalului va avea loc \u0219i lansarea albumului \u201eViu\u201d, realizat cu m\u0103iestrie de cantautorul Dinu Ol\u0103ra\u0219u.<\/p>\n\n\n\n<p><strong>\u00cen fiecare sear\u0103, intrarea la Festivalul Na\u021bional de Muzic\u0103 Folk \u201eZiua de M\u00e2ine\u201d este liber\u0103, \u00een limita locurilor disponibile, pe baza unei rezerv\u0103ri f\u0103cut\u0103 telefonic la 0743\/150 755 sau on-line pe adresa <a href=\"mailto:augustinbena@mail.com\">augustinbena@mail.com<\/a>.<\/strong><\/p>\n\n\n\n<p>Festivalul Na\u021bional de Muzic\u0103 Folk \u201eZiua de M\u00e2ine\u201d este organizat de Consiliul Jude\u021bean Alba prin Centrul de Cultur\u0103 \u201eAugustin Bena\u201d, \u00een parteneriat, anul acesta, cu Prim\u0103ria Municipiului Blaj \u0219i Palatul Cultural Blaj. Festivalul este, la fel ca multe alte evenimente culturale, o marc\u0103 \u00eenregistrat\u0103 a Consiliului Jude\u021bean Alba.<\/p>\n","protected":false},"excerpt":{"rendered":"<p>Festivalul Na\u021bional de Muzic\u0103 Folk \u201eZiua de M\u00e2ine\u201d revine, \u00een perioada 23 \u2013 24 septembrie 2023, cu un nou format, unic \u00een cadrul evenimentelor similare din Rom\u00e2nia. &nbsp;Astfel, \u00eencep\u00e2nd din acest an, \u201eZiua de M\u00e2ine\u201d devine un festival itinerant, care are at\u00e2t scopul de a promova muzica folk, c\u00e2t \u0219i de a asigura accesul la &hellip;<\/p>\n","protected":false},"author":16,"featured_media":109120,"comment_status":"open","ping_status":"open","sticky":false,"template":"","format":"standard","meta":{"inline_featured_image":false,"footnotes":""},"categories":[4],"tags":[12943],"class_list":["post-109119","post","type-post","status-publish","format-standard","has-post-thumbnail","hentry","category-eveniment","tag-festivalul-national-de-muzica-folk-ziua-de-maine"],"yoast_head":"<!-- This site is optimized with the Yoast SEO plugin v27.4 - https:\/\/yoast.com\/product\/yoast-seo-wordpress\/ -->\n<title>Festivalul Na\u021bional de Muzic\u0103 Folk \u201eZiua de M\u00e2ine\u201d \u2013 folk-ul rom\u00e2nesc se mut\u0103 pentru dou\u0103 zile \u00een \u201eMica Rom\u0103\u201d (municipiul Blaj) - Revista Urbea Mea - Revista de Alba<\/title>\n<meta name=\"description\" content=\"Festivalul Na\u021bional de Muzic\u0103 Folk \u201eZiua de M\u00e2ine\u201d revine, \u00een perioada 23 \u2013 24 septembrie 2023, cu un nou format, unic \u00een cadrul evenimentelor similare\" \/>\n<meta name=\"robots\" content=\"index, follow, max-snippet:-1, max-image-preview:large, max-video-preview:-1\" \/>\n<link rel=\"canonical\" href=\"https:\/\/urbeamea.ro\/albaiulia\/festivalul-national-de-muzica-folk-ziua-de-maine-folk-ul-romanesc-se-muta-pentru-doua-zile-in-mica-roma-municipiul-blaj\/\" \/>\n<meta name=\"twitter:card\" content=\"summary_large_image\" \/>\n<meta name=\"twitter:title\" content=\"Festivalul Na\u021bional de Muzic\u0103 Folk \u201eZiua de M\u00e2ine\u201d \u2013 folk-ul rom\u00e2nesc se mut\u0103 pentru dou\u0103 zile \u00een \u201eMica Rom\u0103\u201d (municipiul Blaj) - Revista Urbea Mea - Revista de Alba\" \/>\n<meta name=\"twitter:description\" content=\"Festivalul Na\u021bional de Muzic\u0103 Folk \u201eZiua de M\u00e2ine\u201d revine, \u00een perioada 23 \u2013 24 septembrie 2023, cu un nou format, unic \u00een cadrul evenimentelor similare\" \/>\n<meta name=\"twitter:image\" content=\"https:\/\/urbeamea.ro\/albaiulia\/wp-content\/uploads\/2023\/09\/afis-festival-folk-2023.jpg\" \/>\n<meta name=\"twitter:creator\" content=\"@urbeameaweb\" \/>\n<meta name=\"twitter:site\" content=\"@urbeameaweb\" \/>\n<script type=\"application\/ld+json\" class=\"yoast-schema-graph\">{\"@context\":\"https:\\\/\\\/schema.org\",\"@graph\":[{\"@type\":\"Article\",\"@id\":\"https:\\\/\\\/urbeamea.ro\\\/albaiulia\\\/festivalul-national-de-muzica-folk-ziua-de-maine-folk-ul-romanesc-se-muta-pentru-doua-zile-in-mica-roma-municipiul-blaj\\\/#article\",\"isPartOf\":{\"@id\":\"https:\\\/\\\/urbeamea.ro\\\/albaiulia\\\/festivalul-national-de-muzica-folk-ziua-de-maine-folk-ul-romanesc-se-muta-pentru-doua-zile-in-mica-roma-municipiul-blaj\\\/\"},\"author\":{\"name\":\"Redac\u021bia UrbeaMea\",\"@id\":\"https:\\\/\\\/urbeamea.ro\\\/albaiulia\\\/#\\\/schema\\\/person\\\/272ae98052f8ee8980f59848df070247\"},\"headline\":\"Festivalul Na\u021bional de Muzic\u0103 Folk \u201eZiua de M\u00e2ine\u201d \u2013 folk-ul rom\u00e2nesc se mut\u0103 pentru dou\u0103 zile \u00een \u201eMica Rom\u0103\u201d (municipiul Blaj)\",\"datePublished\":\"2023-09-19T07:53:15+00:00\",\"dateModified\":\"2023-09-19T08:02:38+00:00\",\"mainEntityOfPage\":{\"@id\":\"https:\\\/\\\/urbeamea.ro\\\/albaiulia\\\/festivalul-national-de-muzica-folk-ziua-de-maine-folk-ul-romanesc-se-muta-pentru-doua-zile-in-mica-roma-municipiul-blaj\\\/\"},\"wordCount\":517,\"commentCount\":0,\"image\":{\"@id\":\"https:\\\/\\\/urbeamea.ro\\\/albaiulia\\\/festivalul-national-de-muzica-folk-ziua-de-maine-folk-ul-romanesc-se-muta-pentru-doua-zile-in-mica-roma-municipiul-blaj\\\/#primaryimage\"},\"thumbnailUrl\":\"https:\\\/\\\/urbeamea.ro\\\/albaiulia\\\/wp-content\\\/uploads\\\/2023\\\/09\\\/afis-festival-folk-2023.jpg\",\"keywords\":[\"festivalul national de muzica folk ziua de maine\"],\"articleSection\":[\"Evenimente\"],\"inLanguage\":\"ro-RO\",\"potentialAction\":[{\"@type\":\"CommentAction\",\"name\":\"Comment\",\"target\":[\"https:\\\/\\\/urbeamea.ro\\\/albaiulia\\\/festivalul-national-de-muzica-folk-ziua-de-maine-folk-ul-romanesc-se-muta-pentru-doua-zile-in-mica-roma-municipiul-blaj\\\/#respond\"]}]},{\"@type\":\"WebPage\",\"@id\":\"https:\\\/\\\/urbeamea.ro\\\/albaiulia\\\/festivalul-national-de-muzica-folk-ziua-de-maine-folk-ul-romanesc-se-muta-pentru-doua-zile-in-mica-roma-municipiul-blaj\\\/\",\"url\":\"https:\\\/\\\/urbeamea.ro\\\/albaiulia\\\/festivalul-national-de-muzica-folk-ziua-de-maine-folk-ul-romanesc-se-muta-pentru-doua-zile-in-mica-roma-municipiul-blaj\\\/\",\"name\":\"Festivalul Na\u021bional de Muzic\u0103 Folk \u201eZiua de M\u00e2ine\u201d \u2013 folk-ul rom\u00e2nesc se mut\u0103 pentru dou\u0103 zile \u00een \u201eMica Rom\u0103\u201d (municipiul Blaj) - Revista Urbea Mea - Revista de Alba\",\"isPartOf\":{\"@id\":\"https:\\\/\\\/urbeamea.ro\\\/albaiulia\\\/#website\"},\"primaryImageOfPage\":{\"@id\":\"https:\\\/\\\/urbeamea.ro\\\/albaiulia\\\/festivalul-national-de-muzica-folk-ziua-de-maine-folk-ul-romanesc-se-muta-pentru-doua-zile-in-mica-roma-municipiul-blaj\\\/#primaryimage\"},\"image\":{\"@id\":\"https:\\\/\\\/urbeamea.ro\\\/albaiulia\\\/festivalul-national-de-muzica-folk-ziua-de-maine-folk-ul-romanesc-se-muta-pentru-doua-zile-in-mica-roma-municipiul-blaj\\\/#primaryimage\"},\"thumbnailUrl\":\"https:\\\/\\\/urbeamea.ro\\\/albaiulia\\\/wp-content\\\/uploads\\\/2023\\\/09\\\/afis-festival-folk-2023.jpg\",\"datePublished\":\"2023-09-19T07:53:15+00:00\",\"dateModified\":\"2023-09-19T08:02:38+00:00\",\"author\":{\"@id\":\"https:\\\/\\\/urbeamea.ro\\\/albaiulia\\\/#\\\/schema\\\/person\\\/272ae98052f8ee8980f59848df070247\"},\"description\":\"Festivalul Na\u021bional de Muzic\u0103 Folk \u201eZiua de M\u00e2ine\u201d revine, \u00een perioada 23 \u2013 24 septembrie 2023, cu un nou format, unic \u00een cadrul evenimentelor similare\",\"breadcrumb\":{\"@id\":\"https:\\\/\\\/urbeamea.ro\\\/albaiulia\\\/festivalul-national-de-muzica-folk-ziua-de-maine-folk-ul-romanesc-se-muta-pentru-doua-zile-in-mica-roma-municipiul-blaj\\\/#breadcrumb\"},\"inLanguage\":\"ro-RO\",\"potentialAction\":[{\"@type\":\"ReadAction\",\"target\":[\"https:\\\/\\\/urbeamea.ro\\\/albaiulia\\\/festivalul-national-de-muzica-folk-ziua-de-maine-folk-ul-romanesc-se-muta-pentru-doua-zile-in-mica-roma-municipiul-blaj\\\/\"]}]},{\"@type\":\"ImageObject\",\"inLanguage\":\"ro-RO\",\"@id\":\"https:\\\/\\\/urbeamea.ro\\\/albaiulia\\\/festivalul-national-de-muzica-folk-ziua-de-maine-folk-ul-romanesc-se-muta-pentru-doua-zile-in-mica-roma-municipiul-blaj\\\/#primaryimage\",\"url\":\"https:\\\/\\\/urbeamea.ro\\\/albaiulia\\\/wp-content\\\/uploads\\\/2023\\\/09\\\/afis-festival-folk-2023.jpg\",\"contentUrl\":\"https:\\\/\\\/urbeamea.ro\\\/albaiulia\\\/wp-content\\\/uploads\\\/2023\\\/09\\\/afis-festival-folk-2023.jpg\",\"width\":2000,\"height\":1413},{\"@type\":\"BreadcrumbList\",\"@id\":\"https:\\\/\\\/urbeamea.ro\\\/albaiulia\\\/festivalul-national-de-muzica-folk-ziua-de-maine-folk-ul-romanesc-se-muta-pentru-doua-zile-in-mica-roma-municipiul-blaj\\\/#breadcrumb\",\"itemListElement\":[{\"@type\":\"ListItem\",\"position\":1,\"name\":\"Prima pagin\u0103\",\"item\":\"https:\\\/\\\/urbeamea.ro\\\/albaiulia\\\/\"},{\"@type\":\"ListItem\",\"position\":2,\"name\":\"Festivalul Na\u021bional de Muzic\u0103 Folk \u201eZiua de M\u00e2ine\u201d \u2013 folk-ul rom\u00e2nesc se mut\u0103 pentru dou\u0103 zile \u00een \u201eMica Rom\u0103\u201d (municipiul Blaj)\"}]},{\"@type\":\"WebSite\",\"@id\":\"https:\\\/\\\/urbeamea.ro\\\/albaiulia\\\/#website\",\"url\":\"https:\\\/\\\/urbeamea.ro\\\/albaiulia\\\/\",\"name\":\"Revista Urbea Mea, Stiri urbane\",\"description\":\"Evenimente \u0219i \u0219tiri din Alba Iulia, Sebe\u0219, Aiud, Blaj\",\"potentialAction\":[{\"@type\":\"SearchAction\",\"target\":{\"@type\":\"EntryPoint\",\"urlTemplate\":\"https:\\\/\\\/urbeamea.ro\\\/albaiulia\\\/?s={search_term_string}\"},\"query-input\":{\"@type\":\"PropertyValueSpecification\",\"valueRequired\":true,\"valueName\":\"search_term_string\"}}],\"inLanguage\":\"ro-RO\"},{\"@type\":\"Person\",\"@id\":\"https:\\\/\\\/urbeamea.ro\\\/albaiulia\\\/#\\\/schema\\\/person\\\/272ae98052f8ee8980f59848df070247\",\"name\":\"Redac\u021bia UrbeaMea\",\"image\":{\"@type\":\"ImageObject\",\"inLanguage\":\"ro-RO\",\"@id\":\"https:\\\/\\\/secure.gravatar.com\\\/avatar\\\/9ce5a9435071fa1037e8468053ead8e513dbbff59009d3069aadb85506d85a27?s=96&d=mm&r=g\",\"url\":\"https:\\\/\\\/secure.gravatar.com\\\/avatar\\\/9ce5a9435071fa1037e8468053ead8e513dbbff59009d3069aadb85506d85a27?s=96&d=mm&r=g\",\"contentUrl\":\"https:\\\/\\\/secure.gravatar.com\\\/avatar\\\/9ce5a9435071fa1037e8468053ead8e513dbbff59009d3069aadb85506d85a27?s=96&d=mm&r=g\",\"caption\":\"Redac\u021bia UrbeaMea\"},\"description\":\"contact@urbeamea.ro\",\"sameAs\":[\"https:\\\/\\\/www.urbeamea.ro\"],\"url\":\"https:\\\/\\\/urbeamea.ro\\\/albaiulia\\\/author\\\/redactia-urbeamea\\\/\"}]}<\/script>\n<!-- \/ Yoast SEO plugin. -->","yoast_head_json":{"title":"Festivalul Na\u021bional de Muzic\u0103 Folk \u201eZiua de M\u00e2ine\u201d \u2013 folk-ul rom\u00e2nesc se mut\u0103 pentru dou\u0103 zile \u00een \u201eMica Rom\u0103\u201d (municipiul Blaj) - Revista Urbea Mea - Revista de Alba","description":"Festivalul Na\u021bional de Muzic\u0103 Folk \u201eZiua de M\u00e2ine\u201d revine, \u00een perioada 23 \u2013 24 septembrie 2023, cu un nou format, unic \u00een cadrul evenimentelor similare","robots":{"index":"index","follow":"follow","max-snippet":"max-snippet:-1","max-image-preview":"max-image-preview:large","max-video-preview":"max-video-preview:-1"},"canonical":"https:\/\/urbeamea.ro\/albaiulia\/festivalul-national-de-muzica-folk-ziua-de-maine-folk-ul-romanesc-se-muta-pentru-doua-zile-in-mica-roma-municipiul-blaj\/","twitter_card":"summary_large_image","twitter_title":"Festivalul Na\u021bional de Muzic\u0103 Folk \u201eZiua de M\u00e2ine\u201d \u2013 folk-ul rom\u00e2nesc se mut\u0103 pentru dou\u0103 zile \u00een \u201eMica Rom\u0103\u201d (municipiul Blaj) - Revista Urbea Mea - Revista de Alba","twitter_description":"Festivalul Na\u021bional de Muzic\u0103 Folk \u201eZiua de M\u00e2ine\u201d revine, \u00een perioada 23 \u2013 24 septembrie 2023, cu un nou format, unic \u00een cadrul evenimentelor similare","twitter_image":"https:\/\/urbeamea.ro\/albaiulia\/wp-content\/uploads\/2023\/09\/afis-festival-folk-2023.jpg","twitter_creator":"@urbeameaweb","twitter_site":"@urbeameaweb","schema":{"@context":"https:\/\/schema.org","@graph":[{"@type":"Article","@id":"https:\/\/urbeamea.ro\/albaiulia\/festivalul-national-de-muzica-folk-ziua-de-maine-folk-ul-romanesc-se-muta-pentru-doua-zile-in-mica-roma-municipiul-blaj\/#article","isPartOf":{"@id":"https:\/\/urbeamea.ro\/albaiulia\/festivalul-national-de-muzica-folk-ziua-de-maine-folk-ul-romanesc-se-muta-pentru-doua-zile-in-mica-roma-municipiul-blaj\/"},"author":{"name":"Redac\u021bia UrbeaMea","@id":"https:\/\/urbeamea.ro\/albaiulia\/#\/schema\/person\/272ae98052f8ee8980f59848df070247"},"headline":"Festivalul Na\u021bional de Muzic\u0103 Folk \u201eZiua de M\u00e2ine\u201d \u2013 folk-ul rom\u00e2nesc se mut\u0103 pentru dou\u0103 zile \u00een \u201eMica Rom\u0103\u201d (municipiul Blaj)","datePublished":"2023-09-19T07:53:15+00:00","dateModified":"2023-09-19T08:02:38+00:00","mainEntityOfPage":{"@id":"https:\/\/urbeamea.ro\/albaiulia\/festivalul-national-de-muzica-folk-ziua-de-maine-folk-ul-romanesc-se-muta-pentru-doua-zile-in-mica-roma-municipiul-blaj\/"},"wordCount":517,"commentCount":0,"image":{"@id":"https:\/\/urbeamea.ro\/albaiulia\/festivalul-national-de-muzica-folk-ziua-de-maine-folk-ul-romanesc-se-muta-pentru-doua-zile-in-mica-roma-municipiul-blaj\/#primaryimage"},"thumbnailUrl":"https:\/\/urbeamea.ro\/albaiulia\/wp-content\/uploads\/2023\/09\/afis-festival-folk-2023.jpg","keywords":["festivalul national de muzica folk ziua de maine"],"articleSection":["Evenimente"],"inLanguage":"ro-RO","potentialAction":[{"@type":"CommentAction","name":"Comment","target":["https:\/\/urbeamea.ro\/albaiulia\/festivalul-national-de-muzica-folk-ziua-de-maine-folk-ul-romanesc-se-muta-pentru-doua-zile-in-mica-roma-municipiul-blaj\/#respond"]}]},{"@type":"WebPage","@id":"https:\/\/urbeamea.ro\/albaiulia\/festivalul-national-de-muzica-folk-ziua-de-maine-folk-ul-romanesc-se-muta-pentru-doua-zile-in-mica-roma-municipiul-blaj\/","url":"https:\/\/urbeamea.ro\/albaiulia\/festivalul-national-de-muzica-folk-ziua-de-maine-folk-ul-romanesc-se-muta-pentru-doua-zile-in-mica-roma-municipiul-blaj\/","name":"Festivalul Na\u021bional de Muzic\u0103 Folk \u201eZiua de M\u00e2ine\u201d \u2013 folk-ul rom\u00e2nesc se mut\u0103 pentru dou\u0103 zile \u00een \u201eMica Rom\u0103\u201d (municipiul Blaj) - Revista Urbea Mea - Revista de Alba","isPartOf":{"@id":"https:\/\/urbeamea.ro\/albaiulia\/#website"},"primaryImageOfPage":{"@id":"https:\/\/urbeamea.ro\/albaiulia\/festivalul-national-de-muzica-folk-ziua-de-maine-folk-ul-romanesc-se-muta-pentru-doua-zile-in-mica-roma-municipiul-blaj\/#primaryimage"},"image":{"@id":"https:\/\/urbeamea.ro\/albaiulia\/festivalul-national-de-muzica-folk-ziua-de-maine-folk-ul-romanesc-se-muta-pentru-doua-zile-in-mica-roma-municipiul-blaj\/#primaryimage"},"thumbnailUrl":"https:\/\/urbeamea.ro\/albaiulia\/wp-content\/uploads\/2023\/09\/afis-festival-folk-2023.jpg","datePublished":"2023-09-19T07:53:15+00:00","dateModified":"2023-09-19T08:02:38+00:00","author":{"@id":"https:\/\/urbeamea.ro\/albaiulia\/#\/schema\/person\/272ae98052f8ee8980f59848df070247"},"description":"Festivalul Na\u021bional de Muzic\u0103 Folk \u201eZiua de M\u00e2ine\u201d revine, \u00een perioada 23 \u2013 24 septembrie 2023, cu un nou format, unic \u00een cadrul evenimentelor similare","breadcrumb":{"@id":"https:\/\/urbeamea.ro\/albaiulia\/festivalul-national-de-muzica-folk-ziua-de-maine-folk-ul-romanesc-se-muta-pentru-doua-zile-in-mica-roma-municipiul-blaj\/#breadcrumb"},"inLanguage":"ro-RO","potentialAction":[{"@type":"ReadAction","target":["https:\/\/urbeamea.ro\/albaiulia\/festivalul-national-de-muzica-folk-ziua-de-maine-folk-ul-romanesc-se-muta-pentru-doua-zile-in-mica-roma-municipiul-blaj\/"]}]},{"@type":"ImageObject","inLanguage":"ro-RO","@id":"https:\/\/urbeamea.ro\/albaiulia\/festivalul-national-de-muzica-folk-ziua-de-maine-folk-ul-romanesc-se-muta-pentru-doua-zile-in-mica-roma-municipiul-blaj\/#primaryimage","url":"https:\/\/urbeamea.ro\/albaiulia\/wp-content\/uploads\/2023\/09\/afis-festival-folk-2023.jpg","contentUrl":"https:\/\/urbeamea.ro\/albaiulia\/wp-content\/uploads\/2023\/09\/afis-festival-folk-2023.jpg","width":2000,"height":1413},{"@type":"BreadcrumbList","@id":"https:\/\/urbeamea.ro\/albaiulia\/festivalul-national-de-muzica-folk-ziua-de-maine-folk-ul-romanesc-se-muta-pentru-doua-zile-in-mica-roma-municipiul-blaj\/#breadcrumb","itemListElement":[{"@type":"ListItem","position":1,"name":"Prima pagin\u0103","item":"https:\/\/urbeamea.ro\/albaiulia\/"},{"@type":"ListItem","position":2,"name":"Festivalul Na\u021bional de Muzic\u0103 Folk \u201eZiua de M\u00e2ine\u201d \u2013 folk-ul rom\u00e2nesc se mut\u0103 pentru dou\u0103 zile \u00een \u201eMica Rom\u0103\u201d (municipiul Blaj)"}]},{"@type":"WebSite","@id":"https:\/\/urbeamea.ro\/albaiulia\/#website","url":"https:\/\/urbeamea.ro\/albaiulia\/","name":"Revista Urbea Mea, Stiri urbane","description":"Evenimente \u0219i \u0219tiri din Alba Iulia, Sebe\u0219, Aiud, Blaj","potentialAction":[{"@type":"SearchAction","target":{"@type":"EntryPoint","urlTemplate":"https:\/\/urbeamea.ro\/albaiulia\/?s={search_term_string}"},"query-input":{"@type":"PropertyValueSpecification","valueRequired":true,"valueName":"search_term_string"}}],"inLanguage":"ro-RO"},{"@type":"Person","@id":"https:\/\/urbeamea.ro\/albaiulia\/#\/schema\/person\/272ae98052f8ee8980f59848df070247","name":"Redac\u021bia UrbeaMea","image":{"@type":"ImageObject","inLanguage":"ro-RO","@id":"https:\/\/secure.gravatar.com\/avatar\/9ce5a9435071fa1037e8468053ead8e513dbbff59009d3069aadb85506d85a27?s=96&d=mm&r=g","url":"https:\/\/secure.gravatar.com\/avatar\/9ce5a9435071fa1037e8468053ead8e513dbbff59009d3069aadb85506d85a27?s=96&d=mm&r=g","contentUrl":"https:\/\/secure.gravatar.com\/avatar\/9ce5a9435071fa1037e8468053ead8e513dbbff59009d3069aadb85506d85a27?s=96&d=mm&r=g","caption":"Redac\u021bia UrbeaMea"},"description":"contact@urbeamea.ro","sameAs":["https:\/\/www.urbeamea.ro"],"url":"https:\/\/urbeamea.ro\/albaiulia\/author\/redactia-urbeamea\/"}]}},"_links":{"self":[{"href":"https:\/\/urbeamea.ro\/albaiulia\/wp-json\/wp\/v2\/posts\/109119","targetHints":{"allow":["GET"]}}],"collection":[{"href":"https:\/\/urbeamea.ro\/albaiulia\/wp-json\/wp\/v2\/posts"}],"about":[{"href":"https:\/\/urbeamea.ro\/albaiulia\/wp-json\/wp\/v2\/types\/post"}],"author":[{"embeddable":true,"href":"https:\/\/urbeamea.ro\/albaiulia\/wp-json\/wp\/v2\/users\/16"}],"replies":[{"embeddable":true,"href":"https:\/\/urbeamea.ro\/albaiulia\/wp-json\/wp\/v2\/comments?post=109119"}],"version-history":[{"count":1,"href":"https:\/\/urbeamea.ro\/albaiulia\/wp-json\/wp\/v2\/posts\/109119\/revisions"}],"predecessor-version":[{"id":109121,"href":"https:\/\/urbeamea.ro\/albaiulia\/wp-json\/wp\/v2\/posts\/109119\/revisions\/109121"}],"wp:featuredmedia":[{"embeddable":true,"href":"https:\/\/urbeamea.ro\/albaiulia\/wp-json\/wp\/v2\/media\/109120"}],"wp:attachment":[{"href":"https:\/\/urbeamea.ro\/albaiulia\/wp-json\/wp\/v2\/media?parent=109119"}],"wp:term":[{"taxonomy":"category","embeddable":true,"href":"https:\/\/urbeamea.ro\/albaiulia\/wp-json\/wp\/v2\/categories?post=109119"},{"taxonomy":"post_tag","embeddable":true,"href":"https:\/\/urbeamea.ro\/albaiulia\/wp-json\/wp\/v2\/tags?post=109119"}],"curies":[{"name":"wp","href":"https:\/\/api.w.org\/{rel}","templated":true}]}}