{"id":109146,"date":"2023-09-21T13:41:12","date_gmt":"2023-09-21T10:41:12","guid":{"rendered":"https:\/\/urbeamea.ro\/albaiulia\/?p=109146"},"modified":"2023-09-21T13:41:12","modified_gmt":"2023-09-21T10:41:12","slug":"neversea-2024","status":"publish","type":"post","link":"https:\/\/urbeamea.ro\/albaiulia\/neversea-2024\/","title":{"rendered":"NEVERSEA 2024"},"content":{"rendered":"<p>Por\u021bile festivalului Neversea se redeschid pentru cea de-a \u0219asea edi\u021bie, una plin\u0103 de energie, culoare \u0219i cele mai emo\u021bionante r\u0103s\u0103rituri de pe o plaj\u0103 din Europa. <strong>Edi\u021bia din 2024 va avea loc \u00een perioada 4-7 iulie,<\/strong> pe plaja Neversea, din Constan\u021ba.<\/p>\n<p>Cu dorul de var\u0103 la purt\u0103tor, organizatorii festivalului Neversea sunt deja \u00een preg\u0103tiri. Edi\u021bia 2023 a festivalul Neversea a oferit un mix perfect de genuri muzicale, iar \u00een cele 4 zile de festival, 277.000 de fani s-au bucurat de muzic\u0103, de mare, de r\u0103s\u0103rit \u0219i de experien\u021be memorabile, al\u0103turi de prieteni \u0219i de cei peste 150 de arti\u0219ti din lineup.<\/p>\n<p><iframe loading=\"lazy\" title=\"Ne vedem la Neversea - 4 - 7 Iulie 2024\" width=\"500\" height=\"281\" src=\"https:\/\/www.youtube.com\/embed\/JoEQMmfZL-g?feature=oembed\" frameborder=\"0\" allow=\"accelerometer; autoplay; clipboard-write; encrypted-media; gyroscope; picture-in-picture; web-share\" referrerpolicy=\"strict-origin-when-cross-origin\" allowfullscreen><\/iframe><\/p>\n<p>Edi\u021bia aniversar\u0103 a festivalului Neversea a fost plin\u0103 de culoare, de piese ascultate \u00een premier\u0103, de lacrimi de bucurie, de hohote de r\u00e2s, de dans p\u00e2n\u0103 la r\u0103s\u0103rit. Neversea 2023 a fost locul \u00een care, \u00eempreun\u0103, am construit noi amintiri.<\/p>\n<p>Neversea a fost o experien\u021b\u0103 de neuitat nu doar pentru fanii festivalului, dar \u0219i pentru arti\u0219ti.<\/p>\n<p><strong><em>\u201e<\/em><\/strong><em>Aici m\u0103 simt ca acas\u0103, am sentimentul c\u0103 sunt rom\u00e2n \u0219i a\u0219 putea s\u0103 <\/em><em>locuiesc aici. V\u0103 mul\u021bumesc \u0219i v\u0103 iubesc!\u201d<strong>,<\/strong><\/em> acestea au fost cuvintele adresate fanilor festivalului Neversea de<strong> J Balvin.<\/strong><\/p>\n<p><em>\u201cRom\u00e2nia, e\u0219ti minunat\u0103 \u0219i te iubesc. Vreau s\u0103 le ar\u0103t prietenilor mei danezi ce \u00eenseamn\u0103 acest festival extraordinar. Sunte\u021bi incredibili!\u201d<strong>, <\/strong><\/em>a declarat <strong>MORTEN<em>.<\/em><\/strong><\/p>\n<p><em>\u201cNeversea, e\u0219ti o bucurie de fiecare dat\u0103!\u201d<strong>, <\/strong><\/em>a m\u0103rturisit <strong>Don Diablo.<\/strong><\/p>\n<p>Asta promite \u0219i cea de a \u0219asea edi\u021bie a festivalului, care va avea loc \u00eentre <strong>4 \u0219i 7 iulie 2024<\/strong>, pe Plaja Neversea, din Constan\u021ba. Fanii se pot a\u0219tepta la o nou\u0103 edi\u021bie plin\u0103 de <strong>personaje colorate, de animatori, dansatori, decoruri fantastice<\/strong> \u0219i scenele festivalului care asigur\u0103 <strong>diversitatea muzical\u0103<\/strong>, totul al\u0103turi de adev\u0103ra\u021bii headlineri: <strong>plaja \u0219i marea.<\/strong><\/p>\n<p>Cel mai mare festival organizat pe o plaj\u0103 din Europa \u00ee\u0219i propune s\u0103 aduc\u0103 \u00eempreun\u0103 cea mai tare ga\u0219c\u0103 de prieteni, care va c\u00e2nta \u0219i dansa al\u0103turi de arti\u0219tii lor prefera\u021bi, pentru o var\u0103 plin\u0103 de r\u0103s\u0103rituri de neuitat.<\/p>\n<p>To\u021bi fanii Neversea au posibilitatea de a achizi\u021biona abonamente la un pre\u021b special, \u00eenregistr\u00e2ndu-se pe platform\u0103 \u0219i complet\u00e2nd formularul: <a href=\"http:\/\/neversea.com\/register\">http:\/\/neversea.com\/register<\/a>. To\u021bi cei care se \u00eenregistreaz\u0103 pe platform\u0103 vor beneficia de un voucher de 100 RON pe care \u00eel vor putea folosi la achizi\u021bia abonamentului de festival.<\/p>\n<p>Pre\u021bul unui abonament General Acces, pentru toate cele 4 zile de festival, are pre\u021bul de 99 euro + taxe. Bilete se pot achizi\u021biona acces\u00e2nd: <a href=\"https:\/\/neversea.com\/tickets\">https:\/\/neversea.com\/tickets<\/a>.<\/p>\n","protected":false},"excerpt":{"rendered":"<p>Por\u021bile festivalului Neversea se redeschid pentru cea de-a \u0219asea edi\u021bie, una plin\u0103 de energie, culoare \u0219i cele mai emo\u021bionante r\u0103s\u0103rituri de pe o plaj\u0103 din Europa. Edi\u021bia din 2024 va avea loc \u00een perioada 4-7 iulie, pe plaja Neversea, din Constan\u021ba. Cu dorul de var\u0103 la purt\u0103tor, organizatorii festivalului Neversea sunt deja \u00een preg\u0103tiri. Edi\u021bia &hellip;<\/p>\n","protected":false},"author":16,"featured_media":108390,"comment_status":"open","ping_status":"open","sticky":false,"template":"","format":"standard","meta":{"inline_featured_image":false,"footnotes":""},"categories":[4],"tags":[24884],"class_list":["post-109146","post","type-post","status-publish","format-standard","has-post-thumbnail","hentry","category-eveniment","tag-neversea-2024"],"yoast_head":"<!-- This site is optimized with the Yoast SEO plugin v27.4 - https:\/\/yoast.com\/product\/yoast-seo-wordpress\/ -->\n<title>NEVERSEA 2024 - Revista Urbea Mea - Revista de Alba<\/title>\n<meta name=\"description\" content=\"Por\u021bile festivalului Neversea se redeschid pentru cea de-a \u0219asea edi\u021bie, una plin\u0103 de energie, culoare \u0219i cele mai emo\u021bionante r\u0103s\u0103rituri de pe o plaj\u0103\" \/>\n<meta name=\"robots\" content=\"index, follow, max-snippet:-1, max-image-preview:large, max-video-preview:-1\" \/>\n<link rel=\"canonical\" href=\"https:\/\/urbeamea.ro\/albaiulia\/neversea-2024\/\" \/>\n<meta name=\"twitter:card\" content=\"summary_large_image\" \/>\n<meta name=\"twitter:title\" content=\"NEVERSEA 2024 - Revista Urbea Mea - Revista de Alba\" \/>\n<meta name=\"twitter:description\" content=\"Por\u021bile festivalului Neversea se redeschid pentru cea de-a \u0219asea edi\u021bie, una plin\u0103 de energie, culoare \u0219i cele mai emo\u021bionante r\u0103s\u0103rituri de pe o plaj\u0103\" \/>\n<meta name=\"twitter:image\" content=\"https:\/\/urbeamea.ro\/albaiulia\/wp-content\/uploads\/2023\/07\/NEVERSEA2023_0709_205914-8798_ALIVECOVERAGE-CTL.jpg\" \/>\n<meta name=\"twitter:creator\" content=\"@urbeameaweb\" \/>\n<meta name=\"twitter:site\" content=\"@urbeameaweb\" \/>\n<script type=\"application\/ld+json\" class=\"yoast-schema-graph\">{\"@context\":\"https:\\\/\\\/schema.org\",\"@graph\":[{\"@type\":\"Article\",\"@id\":\"https:\\\/\\\/urbeamea.ro\\\/albaiulia\\\/neversea-2024\\\/#article\",\"isPartOf\":{\"@id\":\"https:\\\/\\\/urbeamea.ro\\\/albaiulia\\\/neversea-2024\\\/\"},\"author\":{\"name\":\"Redac\u021bia UrbeaMea\",\"@id\":\"https:\\\/\\\/urbeamea.ro\\\/albaiulia\\\/#\\\/schema\\\/person\\\/272ae98052f8ee8980f59848df070247\"},\"headline\":\"NEVERSEA 2024\",\"datePublished\":\"2023-09-21T10:41:12+00:00\",\"mainEntityOfPage\":{\"@id\":\"https:\\\/\\\/urbeamea.ro\\\/albaiulia\\\/neversea-2024\\\/\"},\"wordCount\":443,\"commentCount\":0,\"image\":{\"@id\":\"https:\\\/\\\/urbeamea.ro\\\/albaiulia\\\/neversea-2024\\\/#primaryimage\"},\"thumbnailUrl\":\"https:\\\/\\\/urbeamea.ro\\\/albaiulia\\\/wp-content\\\/uploads\\\/2023\\\/07\\\/NEVERSEA2023_0709_205914-8798_ALIVECOVERAGE-CTL.jpg\",\"keywords\":[\"neversea 2024\"],\"articleSection\":[\"Evenimente\"],\"inLanguage\":\"ro-RO\",\"potentialAction\":[{\"@type\":\"CommentAction\",\"name\":\"Comment\",\"target\":[\"https:\\\/\\\/urbeamea.ro\\\/albaiulia\\\/neversea-2024\\\/#respond\"]}]},{\"@type\":\"WebPage\",\"@id\":\"https:\\\/\\\/urbeamea.ro\\\/albaiulia\\\/neversea-2024\\\/\",\"url\":\"https:\\\/\\\/urbeamea.ro\\\/albaiulia\\\/neversea-2024\\\/\",\"name\":\"NEVERSEA 2024 - Revista Urbea Mea - Revista de Alba\",\"isPartOf\":{\"@id\":\"https:\\\/\\\/urbeamea.ro\\\/albaiulia\\\/#website\"},\"primaryImageOfPage\":{\"@id\":\"https:\\\/\\\/urbeamea.ro\\\/albaiulia\\\/neversea-2024\\\/#primaryimage\"},\"image\":{\"@id\":\"https:\\\/\\\/urbeamea.ro\\\/albaiulia\\\/neversea-2024\\\/#primaryimage\"},\"thumbnailUrl\":\"https:\\\/\\\/urbeamea.ro\\\/albaiulia\\\/wp-content\\\/uploads\\\/2023\\\/07\\\/NEVERSEA2023_0709_205914-8798_ALIVECOVERAGE-CTL.jpg\",\"datePublished\":\"2023-09-21T10:41:12+00:00\",\"author\":{\"@id\":\"https:\\\/\\\/urbeamea.ro\\\/albaiulia\\\/#\\\/schema\\\/person\\\/272ae98052f8ee8980f59848df070247\"},\"description\":\"Por\u021bile festivalului Neversea se redeschid pentru cea de-a \u0219asea edi\u021bie, una plin\u0103 de energie, culoare \u0219i cele mai emo\u021bionante r\u0103s\u0103rituri de pe o plaj\u0103\",\"breadcrumb\":{\"@id\":\"https:\\\/\\\/urbeamea.ro\\\/albaiulia\\\/neversea-2024\\\/#breadcrumb\"},\"inLanguage\":\"ro-RO\",\"potentialAction\":[{\"@type\":\"ReadAction\",\"target\":[\"https:\\\/\\\/urbeamea.ro\\\/albaiulia\\\/neversea-2024\\\/\"]}]},{\"@type\":\"ImageObject\",\"inLanguage\":\"ro-RO\",\"@id\":\"https:\\\/\\\/urbeamea.ro\\\/albaiulia\\\/neversea-2024\\\/#primaryimage\",\"url\":\"https:\\\/\\\/urbeamea.ro\\\/albaiulia\\\/wp-content\\\/uploads\\\/2023\\\/07\\\/NEVERSEA2023_0709_205914-8798_ALIVECOVERAGE-CTL.jpg\",\"contentUrl\":\"https:\\\/\\\/urbeamea.ro\\\/albaiulia\\\/wp-content\\\/uploads\\\/2023\\\/07\\\/NEVERSEA2023_0709_205914-8798_ALIVECOVERAGE-CTL.jpg\",\"width\":1600,\"height\":1067},{\"@type\":\"BreadcrumbList\",\"@id\":\"https:\\\/\\\/urbeamea.ro\\\/albaiulia\\\/neversea-2024\\\/#breadcrumb\",\"itemListElement\":[{\"@type\":\"ListItem\",\"position\":1,\"name\":\"Prima pagin\u0103\",\"item\":\"https:\\\/\\\/urbeamea.ro\\\/albaiulia\\\/\"},{\"@type\":\"ListItem\",\"position\":2,\"name\":\"NEVERSEA 2024\"}]},{\"@type\":\"WebSite\",\"@id\":\"https:\\\/\\\/urbeamea.ro\\\/albaiulia\\\/#website\",\"url\":\"https:\\\/\\\/urbeamea.ro\\\/albaiulia\\\/\",\"name\":\"Revista Urbea Mea, Stiri urbane\",\"description\":\"Evenimente \u0219i \u0219tiri din Alba Iulia, Sebe\u0219, Aiud, Blaj\",\"potentialAction\":[{\"@type\":\"SearchAction\",\"target\":{\"@type\":\"EntryPoint\",\"urlTemplate\":\"https:\\\/\\\/urbeamea.ro\\\/albaiulia\\\/?s={search_term_string}\"},\"query-input\":{\"@type\":\"PropertyValueSpecification\",\"valueRequired\":true,\"valueName\":\"search_term_string\"}}],\"inLanguage\":\"ro-RO\"},{\"@type\":\"Person\",\"@id\":\"https:\\\/\\\/urbeamea.ro\\\/albaiulia\\\/#\\\/schema\\\/person\\\/272ae98052f8ee8980f59848df070247\",\"name\":\"Redac\u021bia UrbeaMea\",\"image\":{\"@type\":\"ImageObject\",\"inLanguage\":\"ro-RO\",\"@id\":\"https:\\\/\\\/secure.gravatar.com\\\/avatar\\\/9ce5a9435071fa1037e8468053ead8e513dbbff59009d3069aadb85506d85a27?s=96&d=mm&r=g\",\"url\":\"https:\\\/\\\/secure.gravatar.com\\\/avatar\\\/9ce5a9435071fa1037e8468053ead8e513dbbff59009d3069aadb85506d85a27?s=96&d=mm&r=g\",\"contentUrl\":\"https:\\\/\\\/secure.gravatar.com\\\/avatar\\\/9ce5a9435071fa1037e8468053ead8e513dbbff59009d3069aadb85506d85a27?s=96&d=mm&r=g\",\"caption\":\"Redac\u021bia UrbeaMea\"},\"description\":\"contact@urbeamea.ro\",\"sameAs\":[\"https:\\\/\\\/www.urbeamea.ro\"],\"url\":\"https:\\\/\\\/urbeamea.ro\\\/albaiulia\\\/author\\\/redactia-urbeamea\\\/\"}]}<\/script>\n<!-- \/ Yoast SEO plugin. -->","yoast_head_json":{"title":"NEVERSEA 2024 - Revista Urbea Mea - Revista de Alba","description":"Por\u021bile festivalului Neversea se redeschid pentru cea de-a \u0219asea edi\u021bie, una plin\u0103 de energie, culoare \u0219i cele mai emo\u021bionante r\u0103s\u0103rituri de pe o plaj\u0103","robots":{"index":"index","follow":"follow","max-snippet":"max-snippet:-1","max-image-preview":"max-image-preview:large","max-video-preview":"max-video-preview:-1"},"canonical":"https:\/\/urbeamea.ro\/albaiulia\/neversea-2024\/","twitter_card":"summary_large_image","twitter_title":"NEVERSEA 2024 - Revista Urbea Mea - Revista de Alba","twitter_description":"Por\u021bile festivalului Neversea se redeschid pentru cea de-a \u0219asea edi\u021bie, una plin\u0103 de energie, culoare \u0219i cele mai emo\u021bionante r\u0103s\u0103rituri de pe o plaj\u0103","twitter_image":"https:\/\/urbeamea.ro\/albaiulia\/wp-content\/uploads\/2023\/07\/NEVERSEA2023_0709_205914-8798_ALIVECOVERAGE-CTL.jpg","twitter_creator":"@urbeameaweb","twitter_site":"@urbeameaweb","schema":{"@context":"https:\/\/schema.org","@graph":[{"@type":"Article","@id":"https:\/\/urbeamea.ro\/albaiulia\/neversea-2024\/#article","isPartOf":{"@id":"https:\/\/urbeamea.ro\/albaiulia\/neversea-2024\/"},"author":{"name":"Redac\u021bia UrbeaMea","@id":"https:\/\/urbeamea.ro\/albaiulia\/#\/schema\/person\/272ae98052f8ee8980f59848df070247"},"headline":"NEVERSEA 2024","datePublished":"2023-09-21T10:41:12+00:00","mainEntityOfPage":{"@id":"https:\/\/urbeamea.ro\/albaiulia\/neversea-2024\/"},"wordCount":443,"commentCount":0,"image":{"@id":"https:\/\/urbeamea.ro\/albaiulia\/neversea-2024\/#primaryimage"},"thumbnailUrl":"https:\/\/urbeamea.ro\/albaiulia\/wp-content\/uploads\/2023\/07\/NEVERSEA2023_0709_205914-8798_ALIVECOVERAGE-CTL.jpg","keywords":["neversea 2024"],"articleSection":["Evenimente"],"inLanguage":"ro-RO","potentialAction":[{"@type":"CommentAction","name":"Comment","target":["https:\/\/urbeamea.ro\/albaiulia\/neversea-2024\/#respond"]}]},{"@type":"WebPage","@id":"https:\/\/urbeamea.ro\/albaiulia\/neversea-2024\/","url":"https:\/\/urbeamea.ro\/albaiulia\/neversea-2024\/","name":"NEVERSEA 2024 - Revista Urbea Mea - Revista de Alba","isPartOf":{"@id":"https:\/\/urbeamea.ro\/albaiulia\/#website"},"primaryImageOfPage":{"@id":"https:\/\/urbeamea.ro\/albaiulia\/neversea-2024\/#primaryimage"},"image":{"@id":"https:\/\/urbeamea.ro\/albaiulia\/neversea-2024\/#primaryimage"},"thumbnailUrl":"https:\/\/urbeamea.ro\/albaiulia\/wp-content\/uploads\/2023\/07\/NEVERSEA2023_0709_205914-8798_ALIVECOVERAGE-CTL.jpg","datePublished":"2023-09-21T10:41:12+00:00","author":{"@id":"https:\/\/urbeamea.ro\/albaiulia\/#\/schema\/person\/272ae98052f8ee8980f59848df070247"},"description":"Por\u021bile festivalului Neversea se redeschid pentru cea de-a \u0219asea edi\u021bie, una plin\u0103 de energie, culoare \u0219i cele mai emo\u021bionante r\u0103s\u0103rituri de pe o plaj\u0103","breadcrumb":{"@id":"https:\/\/urbeamea.ro\/albaiulia\/neversea-2024\/#breadcrumb"},"inLanguage":"ro-RO","potentialAction":[{"@type":"ReadAction","target":["https:\/\/urbeamea.ro\/albaiulia\/neversea-2024\/"]}]},{"@type":"ImageObject","inLanguage":"ro-RO","@id":"https:\/\/urbeamea.ro\/albaiulia\/neversea-2024\/#primaryimage","url":"https:\/\/urbeamea.ro\/albaiulia\/wp-content\/uploads\/2023\/07\/NEVERSEA2023_0709_205914-8798_ALIVECOVERAGE-CTL.jpg","contentUrl":"https:\/\/urbeamea.ro\/albaiulia\/wp-content\/uploads\/2023\/07\/NEVERSEA2023_0709_205914-8798_ALIVECOVERAGE-CTL.jpg","width":1600,"height":1067},{"@type":"BreadcrumbList","@id":"https:\/\/urbeamea.ro\/albaiulia\/neversea-2024\/#breadcrumb","itemListElement":[{"@type":"ListItem","position":1,"name":"Prima pagin\u0103","item":"https:\/\/urbeamea.ro\/albaiulia\/"},{"@type":"ListItem","position":2,"name":"NEVERSEA 2024"}]},{"@type":"WebSite","@id":"https:\/\/urbeamea.ro\/albaiulia\/#website","url":"https:\/\/urbeamea.ro\/albaiulia\/","name":"Revista Urbea Mea, Stiri urbane","description":"Evenimente \u0219i \u0219tiri din Alba Iulia, Sebe\u0219, Aiud, Blaj","potentialAction":[{"@type":"SearchAction","target":{"@type":"EntryPoint","urlTemplate":"https:\/\/urbeamea.ro\/albaiulia\/?s={search_term_string}"},"query-input":{"@type":"PropertyValueSpecification","valueRequired":true,"valueName":"search_term_string"}}],"inLanguage":"ro-RO"},{"@type":"Person","@id":"https:\/\/urbeamea.ro\/albaiulia\/#\/schema\/person\/272ae98052f8ee8980f59848df070247","name":"Redac\u021bia UrbeaMea","image":{"@type":"ImageObject","inLanguage":"ro-RO","@id":"https:\/\/secure.gravatar.com\/avatar\/9ce5a9435071fa1037e8468053ead8e513dbbff59009d3069aadb85506d85a27?s=96&d=mm&r=g","url":"https:\/\/secure.gravatar.com\/avatar\/9ce5a9435071fa1037e8468053ead8e513dbbff59009d3069aadb85506d85a27?s=96&d=mm&r=g","contentUrl":"https:\/\/secure.gravatar.com\/avatar\/9ce5a9435071fa1037e8468053ead8e513dbbff59009d3069aadb85506d85a27?s=96&d=mm&r=g","caption":"Redac\u021bia UrbeaMea"},"description":"contact@urbeamea.ro","sameAs":["https:\/\/www.urbeamea.ro"],"url":"https:\/\/urbeamea.ro\/albaiulia\/author\/redactia-urbeamea\/"}]}},"_links":{"self":[{"href":"https:\/\/urbeamea.ro\/albaiulia\/wp-json\/wp\/v2\/posts\/109146","targetHints":{"allow":["GET"]}}],"collection":[{"href":"https:\/\/urbeamea.ro\/albaiulia\/wp-json\/wp\/v2\/posts"}],"about":[{"href":"https:\/\/urbeamea.ro\/albaiulia\/wp-json\/wp\/v2\/types\/post"}],"author":[{"embeddable":true,"href":"https:\/\/urbeamea.ro\/albaiulia\/wp-json\/wp\/v2\/users\/16"}],"replies":[{"embeddable":true,"href":"https:\/\/urbeamea.ro\/albaiulia\/wp-json\/wp\/v2\/comments?post=109146"}],"version-history":[{"count":1,"href":"https:\/\/urbeamea.ro\/albaiulia\/wp-json\/wp\/v2\/posts\/109146\/revisions"}],"predecessor-version":[{"id":109147,"href":"https:\/\/urbeamea.ro\/albaiulia\/wp-json\/wp\/v2\/posts\/109146\/revisions\/109147"}],"wp:featuredmedia":[{"embeddable":true,"href":"https:\/\/urbeamea.ro\/albaiulia\/wp-json\/wp\/v2\/media\/108390"}],"wp:attachment":[{"href":"https:\/\/urbeamea.ro\/albaiulia\/wp-json\/wp\/v2\/media?parent=109146"}],"wp:term":[{"taxonomy":"category","embeddable":true,"href":"https:\/\/urbeamea.ro\/albaiulia\/wp-json\/wp\/v2\/categories?post=109146"},{"taxonomy":"post_tag","embeddable":true,"href":"https:\/\/urbeamea.ro\/albaiulia\/wp-json\/wp\/v2\/tags?post=109146"}],"curies":[{"name":"wp","href":"https:\/\/api.w.org\/{rel}","templated":true}]}}