{"id":109165,"date":"2023-09-23T17:17:22","date_gmt":"2023-09-23T14:17:22","guid":{"rendered":"https:\/\/urbeamea.ro\/albaiulia\/?p=109165"},"modified":"2023-09-23T18:15:44","modified_gmt":"2023-09-23T15:15:44","slug":"cunoscutul-chef-flaviu-tothazan-locul-2-la-inba-categoria-mens-bodybuilding","status":"publish","type":"post","link":"https:\/\/urbeamea.ro\/albaiulia\/cunoscutul-chef-flaviu-tothazan-locul-2-la-inba-categoria-mens-bodybuilding\/","title":{"rendered":"Cunoscutul chef Flaviu Toth\u0103zan, locul 2 la INBA, categoria Men&#8217;s Bodybuilding"},"content":{"rendered":"\n<h2 class=\"wp-block-heading\">Ast\u0103zi, 23 septembrie are loc la Bucure\u0219ti, edi\u021bia 2023 a Federa\u021biei de Fitness \u0219i Bodybuilding Natural, iar Flaviu Toth\u0103zan, un cunoscut chef albaiulian \u0219i fondatorul conceptului Perfect Day, a participat pentru prima dat\u0103 la un concurs de bodybuilding \u0219i a reu\u0219it s\u0103 \u00ee\u0219i declaseze competitorii, cucerind un binemeritat loc II.<\/h2>\n\n\n\n<p>Despre <strong>Flaviu <\/strong>am scris noi <a rel=\"noreferrer noopener\" href=\"https:\/\/urbeamea.ro\/albaiulia\/interviu-flaviu-tothazan-chef-la-pub-13-nu-imi-plac-lucrurile-simple-si-mereu-caut-sa-imi-depasesc-limitele\/\" data-type=\"link\" data-id=\"https:\/\/urbeamea.ro\/albaiulia\/interviu-flaviu-tothazan-chef-la-pub-13-nu-imi-plac-lucrurile-simple-si-mereu-caut-sa-imi-depasesc-limitele\/\" target=\"_blank\">aici<\/a> \u0219i putem spune c\u0103 este foarte ambi\u021bios \u0219i perseverent \u00een tot ce face. <\/p>\n\n\n\n<p>Flaviu are 33 de ani, este din Alba Iulia, iar din copil\u0103rie a fost influen\u021bat de tat\u0103l s\u0103u, buc\u0103tar la r\u00e2ndul lui. Spune c\u0103 pentru el pasiunea pentru domeniul gastronomiei se \u00eembin\u0103 cu cea pentru nutri\u021bie, motiv pentru care Flaviu studiaz\u0103 s\u0103 devin\u0103 \u0219i specialist \u00een nutri\u021bie. Absolvent al Facult\u0103\u021bii de Drept, \u0219i-a descoperit \u00eenclina\u021bia c\u0103tre domeniul culinar \u00een timpul facult\u0103\u021bii, g\u0103tind pentru prietenii s\u0103i, pasiunea transform\u00e2ndu-se \u00een meserie, iar pe finele anului 2022 s-a apucat de bodybuilding la nivel profesionist.<\/p>\n\n\n\n<p><strong>INBA \u2013 INTERNATIONAL NATURAL BODYBUILDING ASSOCIATION<\/strong> <strong>(Federa\u021bie de Fitness \u0219i Bodybuilding Natural)<\/strong> a fost \u00eenfiin\u021bat\u0103 de c\u0103tre Pre\u0219edintele Global Denny Kakos \u00een anul 1988 \u00een America. \u00centre timp, INBA a crescut de la an la an ajung\u00e2nd \u00een momentul de fa\u021b\u0103 s\u0103 fie prezent\u0103 \u00een peste 50 de \u021b\u0103ri din \u00eentreaga lume.<\/p>\n\n\n\n<p>\u00cencepand din luna octombrie 2017, INBA este prezent\u0103 \u0219i \u00een Rom\u00e2nia. Scopul acestei federa\u021bii de culturism natural este de a oferi tuturor atle\u021bilor naturali posibilitatea de a concura de la egal la egal \u0219i de a forma o familie bazat\u0103 pe integritate, excelen\u021b\u0103, dedicare \u0219i spirit.<\/p>\n\n\n\n<figure class=\"wp-block-gallery has-nested-images columns-default is-cropped wp-block-gallery-1 is-layout-flex wp-block-gallery-is-layout-flex\">\n<figure class=\"wp-block-image size-large\"><a href=\"https:\/\/urbeamea.ro\/albaiulia\/wp-content\/uploads\/2023\/09\/flaviu-2.jpg\"><img loading=\"lazy\" decoding=\"async\" width=\"1280\" height=\"850\" data-id=\"109168\" src=\"https:\/\/urbeamea.ro\/albaiulia\/wp-content\/uploads\/2023\/09\/flaviu-2-1280x850.jpg\" alt=\"\" class=\"wp-image-109168\" srcset=\"https:\/\/urbeamea.ro\/albaiulia\/wp-content\/uploads\/2023\/09\/flaviu-2-1280x850.jpg 1280w, https:\/\/urbeamea.ro\/albaiulia\/wp-content\/uploads\/2023\/09\/flaviu-2-640x425.jpg 640w, https:\/\/urbeamea.ro\/albaiulia\/wp-content\/uploads\/2023\/09\/flaviu-2-150x100.jpg 150w, https:\/\/urbeamea.ro\/albaiulia\/wp-content\/uploads\/2023\/09\/flaviu-2-768x510.jpg 768w, https:\/\/urbeamea.ro\/albaiulia\/wp-content\/uploads\/2023\/09\/flaviu-2-1536x1020.jpg 1536w, https:\/\/urbeamea.ro\/albaiulia\/wp-content\/uploads\/2023\/09\/flaviu-2.jpg 1600w\" sizes=\"auto, (max-width: 1280px) 100vw, 1280px\" \/><\/a><\/figure>\n\n\n\n<figure class=\"wp-block-image size-large\"><a href=\"https:\/\/urbeamea.ro\/albaiulia\/wp-content\/uploads\/2023\/09\/flaviu-3.jpg\"><img loading=\"lazy\" decoding=\"async\" width=\"1280\" height=\"882\" data-id=\"109167\" src=\"https:\/\/urbeamea.ro\/albaiulia\/wp-content\/uploads\/2023\/09\/flaviu-3-1280x882.jpg\" alt=\"\" class=\"wp-image-109167\" srcset=\"https:\/\/urbeamea.ro\/albaiulia\/wp-content\/uploads\/2023\/09\/flaviu-3-1280x882.jpg 1280w, https:\/\/urbeamea.ro\/albaiulia\/wp-content\/uploads\/2023\/09\/flaviu-3-640x441.jpg 640w, https:\/\/urbeamea.ro\/albaiulia\/wp-content\/uploads\/2023\/09\/flaviu-3-150x103.jpg 150w, https:\/\/urbeamea.ro\/albaiulia\/wp-content\/uploads\/2023\/09\/flaviu-3-768x529.jpg 768w, https:\/\/urbeamea.ro\/albaiulia\/wp-content\/uploads\/2023\/09\/flaviu-3-1536x1059.jpg 1536w, https:\/\/urbeamea.ro\/albaiulia\/wp-content\/uploads\/2023\/09\/flaviu-3.jpg 1600w\" sizes=\"auto, (max-width: 1280px) 100vw, 1280px\" \/><\/a><\/figure>\n<\/figure>\n","protected":false},"excerpt":{"rendered":"<p>Ast\u0103zi, 23 septembrie are loc la Bucure\u0219ti, edi\u021bia 2023 a Federa\u021biei de Fitness \u0219i Bodybuilding Natural, iar Flaviu Toth\u0103zan, un cunoscut chef albaiulian \u0219i fondatorul conceptului Perfect Day, a participat pentru prima dat\u0103 la un concurs de bodybuilding \u0219i a reu\u0219it s\u0103 \u00ee\u0219i declaseze competitorii, cucerind un binemeritat loc II. Despre Flaviu am scris noi &hellip;<\/p>\n","protected":false},"author":5,"featured_media":109166,"comment_status":"open","ping_status":"open","sticky":false,"template":"","format":"standard","meta":{"inline_featured_image":false,"footnotes":""},"categories":[2037],"tags":[24886,24887],"class_list":["post-109165","post","type-post","status-publish","format-standard","has-post-thumbnail","hentry","category-sport","tag-flaviu-tothazan","tag-inba"],"yoast_head":"<!-- This site is optimized with the Yoast SEO plugin v27.4 - https:\/\/yoast.com\/product\/yoast-seo-wordpress\/ -->\n<title>Cunoscutul chef Flaviu Toth\u0103zan, locul 2 la INBA, categoria Men&#039;s Bodybuilding - Revista Urbea Mea - Revista de Alba<\/title>\n<meta name=\"description\" content=\"Ast\u0103zi, 23 septembrie are loc la Bucure\u0219ti, edi\u021bia 2023 a Federa\u021biei de Fitness \u0219i Bodybuilding Natural, iar Flaviu Toth\u0103zan, un cunoscut chef albaiulian\" \/>\n<meta name=\"robots\" content=\"index, follow, max-snippet:-1, max-image-preview:large, max-video-preview:-1\" \/>\n<link rel=\"canonical\" href=\"https:\/\/urbeamea.ro\/albaiulia\/cunoscutul-chef-flaviu-tothazan-locul-2-la-inba-categoria-mens-bodybuilding\/\" \/>\n<meta name=\"twitter:card\" content=\"summary_large_image\" \/>\n<meta name=\"twitter:title\" content=\"Cunoscutul chef Flaviu Toth\u0103zan, locul 2 la INBA, categoria Men&#039;s Bodybuilding - Revista Urbea Mea - Revista de Alba\" \/>\n<meta name=\"twitter:description\" content=\"Ast\u0103zi, 23 septembrie are loc la Bucure\u0219ti, edi\u021bia 2023 a Federa\u021biei de Fitness \u0219i Bodybuilding Natural, iar Flaviu Toth\u0103zan, un cunoscut chef albaiulian\" \/>\n<meta name=\"twitter:image\" content=\"https:\/\/urbeamea.ro\/albaiulia\/wp-content\/uploads\/2023\/09\/flaviu-1.jpg\" \/>\n<meta name=\"twitter:creator\" content=\"@urbeameaweb\" \/>\n<meta name=\"twitter:site\" content=\"@urbeameaweb\" \/>\n<script type=\"application\/ld+json\" class=\"yoast-schema-graph\">{\"@context\":\"https:\\\/\\\/schema.org\",\"@graph\":[{\"@type\":\"Article\",\"@id\":\"https:\\\/\\\/urbeamea.ro\\\/albaiulia\\\/cunoscutul-chef-flaviu-tothazan-locul-2-la-inba-categoria-mens-bodybuilding\\\/#article\",\"isPartOf\":{\"@id\":\"https:\\\/\\\/urbeamea.ro\\\/albaiulia\\\/cunoscutul-chef-flaviu-tothazan-locul-2-la-inba-categoria-mens-bodybuilding\\\/\"},\"author\":{\"name\":\"Bogdan P\u0103unescu\",\"@id\":\"https:\\\/\\\/urbeamea.ro\\\/albaiulia\\\/#\\\/schema\\\/person\\\/a115373ce8153754c6b084232d985956\"},\"headline\":\"Cunoscutul chef Flaviu Toth\u0103zan, locul 2 la INBA, categoria Men&#8217;s Bodybuilding\",\"datePublished\":\"2023-09-23T14:17:22+00:00\",\"dateModified\":\"2023-09-23T15:15:44+00:00\",\"mainEntityOfPage\":{\"@id\":\"https:\\\/\\\/urbeamea.ro\\\/albaiulia\\\/cunoscutul-chef-flaviu-tothazan-locul-2-la-inba-categoria-mens-bodybuilding\\\/\"},\"wordCount\":282,\"commentCount\":0,\"image\":{\"@id\":\"https:\\\/\\\/urbeamea.ro\\\/albaiulia\\\/cunoscutul-chef-flaviu-tothazan-locul-2-la-inba-categoria-mens-bodybuilding\\\/#primaryimage\"},\"thumbnailUrl\":\"https:\\\/\\\/urbeamea.ro\\\/albaiulia\\\/wp-content\\\/uploads\\\/2023\\\/09\\\/flaviu-1.jpg\",\"keywords\":[\"Flaviu Tothazan\",\"INBA\"],\"articleSection\":[\"Sport\"],\"inLanguage\":\"ro-RO\",\"potentialAction\":[{\"@type\":\"CommentAction\",\"name\":\"Comment\",\"target\":[\"https:\\\/\\\/urbeamea.ro\\\/albaiulia\\\/cunoscutul-chef-flaviu-tothazan-locul-2-la-inba-categoria-mens-bodybuilding\\\/#respond\"]}]},{\"@type\":\"WebPage\",\"@id\":\"https:\\\/\\\/urbeamea.ro\\\/albaiulia\\\/cunoscutul-chef-flaviu-tothazan-locul-2-la-inba-categoria-mens-bodybuilding\\\/\",\"url\":\"https:\\\/\\\/urbeamea.ro\\\/albaiulia\\\/cunoscutul-chef-flaviu-tothazan-locul-2-la-inba-categoria-mens-bodybuilding\\\/\",\"name\":\"Cunoscutul chef Flaviu Toth\u0103zan, locul 2 la INBA, categoria Men's Bodybuilding - Revista Urbea Mea - Revista de Alba\",\"isPartOf\":{\"@id\":\"https:\\\/\\\/urbeamea.ro\\\/albaiulia\\\/#website\"},\"primaryImageOfPage\":{\"@id\":\"https:\\\/\\\/urbeamea.ro\\\/albaiulia\\\/cunoscutul-chef-flaviu-tothazan-locul-2-la-inba-categoria-mens-bodybuilding\\\/#primaryimage\"},\"image\":{\"@id\":\"https:\\\/\\\/urbeamea.ro\\\/albaiulia\\\/cunoscutul-chef-flaviu-tothazan-locul-2-la-inba-categoria-mens-bodybuilding\\\/#primaryimage\"},\"thumbnailUrl\":\"https:\\\/\\\/urbeamea.ro\\\/albaiulia\\\/wp-content\\\/uploads\\\/2023\\\/09\\\/flaviu-1.jpg\",\"datePublished\":\"2023-09-23T14:17:22+00:00\",\"dateModified\":\"2023-09-23T15:15:44+00:00\",\"author\":{\"@id\":\"https:\\\/\\\/urbeamea.ro\\\/albaiulia\\\/#\\\/schema\\\/person\\\/a115373ce8153754c6b084232d985956\"},\"description\":\"Ast\u0103zi, 23 septembrie are loc la Bucure\u0219ti, edi\u021bia 2023 a Federa\u021biei de Fitness \u0219i Bodybuilding Natural, iar Flaviu Toth\u0103zan, un cunoscut chef albaiulian\",\"breadcrumb\":{\"@id\":\"https:\\\/\\\/urbeamea.ro\\\/albaiulia\\\/cunoscutul-chef-flaviu-tothazan-locul-2-la-inba-categoria-mens-bodybuilding\\\/#breadcrumb\"},\"inLanguage\":\"ro-RO\",\"potentialAction\":[{\"@type\":\"ReadAction\",\"target\":[\"https:\\\/\\\/urbeamea.ro\\\/albaiulia\\\/cunoscutul-chef-flaviu-tothazan-locul-2-la-inba-categoria-mens-bodybuilding\\\/\"]}]},{\"@type\":\"ImageObject\",\"inLanguage\":\"ro-RO\",\"@id\":\"https:\\\/\\\/urbeamea.ro\\\/albaiulia\\\/cunoscutul-chef-flaviu-tothazan-locul-2-la-inba-categoria-mens-bodybuilding\\\/#primaryimage\",\"url\":\"https:\\\/\\\/urbeamea.ro\\\/albaiulia\\\/wp-content\\\/uploads\\\/2023\\\/09\\\/flaviu-1.jpg\",\"contentUrl\":\"https:\\\/\\\/urbeamea.ro\\\/albaiulia\\\/wp-content\\\/uploads\\\/2023\\\/09\\\/flaviu-1.jpg\",\"width\":1600,\"height\":1080},{\"@type\":\"BreadcrumbList\",\"@id\":\"https:\\\/\\\/urbeamea.ro\\\/albaiulia\\\/cunoscutul-chef-flaviu-tothazan-locul-2-la-inba-categoria-mens-bodybuilding\\\/#breadcrumb\",\"itemListElement\":[{\"@type\":\"ListItem\",\"position\":1,\"name\":\"Prima pagin\u0103\",\"item\":\"https:\\\/\\\/urbeamea.ro\\\/albaiulia\\\/\"},{\"@type\":\"ListItem\",\"position\":2,\"name\":\"Cunoscutul chef Flaviu Toth\u0103zan, locul 2 la INBA, categoria Men&#8217;s Bodybuilding\"}]},{\"@type\":\"WebSite\",\"@id\":\"https:\\\/\\\/urbeamea.ro\\\/albaiulia\\\/#website\",\"url\":\"https:\\\/\\\/urbeamea.ro\\\/albaiulia\\\/\",\"name\":\"Revista Urbea Mea, Stiri urbane\",\"description\":\"Evenimente \u0219i \u0219tiri din Alba Iulia, Sebe\u0219, Aiud, Blaj\",\"potentialAction\":[{\"@type\":\"SearchAction\",\"target\":{\"@type\":\"EntryPoint\",\"urlTemplate\":\"https:\\\/\\\/urbeamea.ro\\\/albaiulia\\\/?s={search_term_string}\"},\"query-input\":{\"@type\":\"PropertyValueSpecification\",\"valueRequired\":true,\"valueName\":\"search_term_string\"}}],\"inLanguage\":\"ro-RO\"},{\"@type\":\"Person\",\"@id\":\"https:\\\/\\\/urbeamea.ro\\\/albaiulia\\\/#\\\/schema\\\/person\\\/a115373ce8153754c6b084232d985956\",\"name\":\"Bogdan P\u0103unescu\",\"image\":{\"@type\":\"ImageObject\",\"inLanguage\":\"ro-RO\",\"@id\":\"https:\\\/\\\/secure.gravatar.com\\\/avatar\\\/f72aa881b5a32ea110a53aabc2049429e3ff68fcb09d283722d01fbf330e9dd9?s=96&d=mm&r=g\",\"url\":\"https:\\\/\\\/secure.gravatar.com\\\/avatar\\\/f72aa881b5a32ea110a53aabc2049429e3ff68fcb09d283722d01fbf330e9dd9?s=96&d=mm&r=g\",\"contentUrl\":\"https:\\\/\\\/secure.gravatar.com\\\/avatar\\\/f72aa881b5a32ea110a53aabc2049429e3ff68fcb09d283722d01fbf330e9dd9?s=96&d=mm&r=g\",\"caption\":\"Bogdan P\u0103unescu\"},\"description\":\"\u00cemi place tot ceea ce este legat de web \u015fi ajut la dezvoltarea \u015fi \u00eembun\u0103t\u0103\u0163irea lui prin tot ceea ce fac.\",\"sameAs\":[\"https:\\\/\\\/www.artonmedia.ro\",\"https:\\\/\\\/www.facebook.com\\\/bogdanvpaunescu\"],\"url\":\"https:\\\/\\\/urbeamea.ro\\\/albaiulia\\\/author\\\/bogdan-paunescu\\\/\"}]}<\/script>\n<!-- \/ Yoast SEO plugin. -->","yoast_head_json":{"title":"Cunoscutul chef Flaviu Toth\u0103zan, locul 2 la INBA, categoria Men's Bodybuilding - Revista Urbea Mea - Revista de Alba","description":"Ast\u0103zi, 23 septembrie are loc la Bucure\u0219ti, edi\u021bia 2023 a Federa\u021biei de Fitness \u0219i Bodybuilding Natural, iar Flaviu Toth\u0103zan, un cunoscut chef albaiulian","robots":{"index":"index","follow":"follow","max-snippet":"max-snippet:-1","max-image-preview":"max-image-preview:large","max-video-preview":"max-video-preview:-1"},"canonical":"https:\/\/urbeamea.ro\/albaiulia\/cunoscutul-chef-flaviu-tothazan-locul-2-la-inba-categoria-mens-bodybuilding\/","twitter_card":"summary_large_image","twitter_title":"Cunoscutul chef Flaviu Toth\u0103zan, locul 2 la INBA, categoria Men's Bodybuilding - Revista Urbea Mea - Revista de Alba","twitter_description":"Ast\u0103zi, 23 septembrie are loc la Bucure\u0219ti, edi\u021bia 2023 a Federa\u021biei de Fitness \u0219i Bodybuilding Natural, iar Flaviu Toth\u0103zan, un cunoscut chef albaiulian","twitter_image":"https:\/\/urbeamea.ro\/albaiulia\/wp-content\/uploads\/2023\/09\/flaviu-1.jpg","twitter_creator":"@urbeameaweb","twitter_site":"@urbeameaweb","schema":{"@context":"https:\/\/schema.org","@graph":[{"@type":"Article","@id":"https:\/\/urbeamea.ro\/albaiulia\/cunoscutul-chef-flaviu-tothazan-locul-2-la-inba-categoria-mens-bodybuilding\/#article","isPartOf":{"@id":"https:\/\/urbeamea.ro\/albaiulia\/cunoscutul-chef-flaviu-tothazan-locul-2-la-inba-categoria-mens-bodybuilding\/"},"author":{"name":"Bogdan P\u0103unescu","@id":"https:\/\/urbeamea.ro\/albaiulia\/#\/schema\/person\/a115373ce8153754c6b084232d985956"},"headline":"Cunoscutul chef Flaviu Toth\u0103zan, locul 2 la INBA, categoria Men&#8217;s Bodybuilding","datePublished":"2023-09-23T14:17:22+00:00","dateModified":"2023-09-23T15:15:44+00:00","mainEntityOfPage":{"@id":"https:\/\/urbeamea.ro\/albaiulia\/cunoscutul-chef-flaviu-tothazan-locul-2-la-inba-categoria-mens-bodybuilding\/"},"wordCount":282,"commentCount":0,"image":{"@id":"https:\/\/urbeamea.ro\/albaiulia\/cunoscutul-chef-flaviu-tothazan-locul-2-la-inba-categoria-mens-bodybuilding\/#primaryimage"},"thumbnailUrl":"https:\/\/urbeamea.ro\/albaiulia\/wp-content\/uploads\/2023\/09\/flaviu-1.jpg","keywords":["Flaviu Tothazan","INBA"],"articleSection":["Sport"],"inLanguage":"ro-RO","potentialAction":[{"@type":"CommentAction","name":"Comment","target":["https:\/\/urbeamea.ro\/albaiulia\/cunoscutul-chef-flaviu-tothazan-locul-2-la-inba-categoria-mens-bodybuilding\/#respond"]}]},{"@type":"WebPage","@id":"https:\/\/urbeamea.ro\/albaiulia\/cunoscutul-chef-flaviu-tothazan-locul-2-la-inba-categoria-mens-bodybuilding\/","url":"https:\/\/urbeamea.ro\/albaiulia\/cunoscutul-chef-flaviu-tothazan-locul-2-la-inba-categoria-mens-bodybuilding\/","name":"Cunoscutul chef Flaviu Toth\u0103zan, locul 2 la INBA, categoria Men's Bodybuilding - Revista Urbea Mea - Revista de Alba","isPartOf":{"@id":"https:\/\/urbeamea.ro\/albaiulia\/#website"},"primaryImageOfPage":{"@id":"https:\/\/urbeamea.ro\/albaiulia\/cunoscutul-chef-flaviu-tothazan-locul-2-la-inba-categoria-mens-bodybuilding\/#primaryimage"},"image":{"@id":"https:\/\/urbeamea.ro\/albaiulia\/cunoscutul-chef-flaviu-tothazan-locul-2-la-inba-categoria-mens-bodybuilding\/#primaryimage"},"thumbnailUrl":"https:\/\/urbeamea.ro\/albaiulia\/wp-content\/uploads\/2023\/09\/flaviu-1.jpg","datePublished":"2023-09-23T14:17:22+00:00","dateModified":"2023-09-23T15:15:44+00:00","author":{"@id":"https:\/\/urbeamea.ro\/albaiulia\/#\/schema\/person\/a115373ce8153754c6b084232d985956"},"description":"Ast\u0103zi, 23 septembrie are loc la Bucure\u0219ti, edi\u021bia 2023 a Federa\u021biei de Fitness \u0219i Bodybuilding Natural, iar Flaviu Toth\u0103zan, un cunoscut chef albaiulian","breadcrumb":{"@id":"https:\/\/urbeamea.ro\/albaiulia\/cunoscutul-chef-flaviu-tothazan-locul-2-la-inba-categoria-mens-bodybuilding\/#breadcrumb"},"inLanguage":"ro-RO","potentialAction":[{"@type":"ReadAction","target":["https:\/\/urbeamea.ro\/albaiulia\/cunoscutul-chef-flaviu-tothazan-locul-2-la-inba-categoria-mens-bodybuilding\/"]}]},{"@type":"ImageObject","inLanguage":"ro-RO","@id":"https:\/\/urbeamea.ro\/albaiulia\/cunoscutul-chef-flaviu-tothazan-locul-2-la-inba-categoria-mens-bodybuilding\/#primaryimage","url":"https:\/\/urbeamea.ro\/albaiulia\/wp-content\/uploads\/2023\/09\/flaviu-1.jpg","contentUrl":"https:\/\/urbeamea.ro\/albaiulia\/wp-content\/uploads\/2023\/09\/flaviu-1.jpg","width":1600,"height":1080},{"@type":"BreadcrumbList","@id":"https:\/\/urbeamea.ro\/albaiulia\/cunoscutul-chef-flaviu-tothazan-locul-2-la-inba-categoria-mens-bodybuilding\/#breadcrumb","itemListElement":[{"@type":"ListItem","position":1,"name":"Prima pagin\u0103","item":"https:\/\/urbeamea.ro\/albaiulia\/"},{"@type":"ListItem","position":2,"name":"Cunoscutul chef Flaviu Toth\u0103zan, locul 2 la INBA, categoria Men&#8217;s Bodybuilding"}]},{"@type":"WebSite","@id":"https:\/\/urbeamea.ro\/albaiulia\/#website","url":"https:\/\/urbeamea.ro\/albaiulia\/","name":"Revista Urbea Mea, Stiri urbane","description":"Evenimente \u0219i \u0219tiri din Alba Iulia, Sebe\u0219, Aiud, Blaj","potentialAction":[{"@type":"SearchAction","target":{"@type":"EntryPoint","urlTemplate":"https:\/\/urbeamea.ro\/albaiulia\/?s={search_term_string}"},"query-input":{"@type":"PropertyValueSpecification","valueRequired":true,"valueName":"search_term_string"}}],"inLanguage":"ro-RO"},{"@type":"Person","@id":"https:\/\/urbeamea.ro\/albaiulia\/#\/schema\/person\/a115373ce8153754c6b084232d985956","name":"Bogdan P\u0103unescu","image":{"@type":"ImageObject","inLanguage":"ro-RO","@id":"https:\/\/secure.gravatar.com\/avatar\/f72aa881b5a32ea110a53aabc2049429e3ff68fcb09d283722d01fbf330e9dd9?s=96&d=mm&r=g","url":"https:\/\/secure.gravatar.com\/avatar\/f72aa881b5a32ea110a53aabc2049429e3ff68fcb09d283722d01fbf330e9dd9?s=96&d=mm&r=g","contentUrl":"https:\/\/secure.gravatar.com\/avatar\/f72aa881b5a32ea110a53aabc2049429e3ff68fcb09d283722d01fbf330e9dd9?s=96&d=mm&r=g","caption":"Bogdan P\u0103unescu"},"description":"\u00cemi place tot ceea ce este legat de web \u015fi ajut la dezvoltarea \u015fi \u00eembun\u0103t\u0103\u0163irea lui prin tot ceea ce fac.","sameAs":["https:\/\/www.artonmedia.ro","https:\/\/www.facebook.com\/bogdanvpaunescu"],"url":"https:\/\/urbeamea.ro\/albaiulia\/author\/bogdan-paunescu\/"}]}},"_links":{"self":[{"href":"https:\/\/urbeamea.ro\/albaiulia\/wp-json\/wp\/v2\/posts\/109165","targetHints":{"allow":["GET"]}}],"collection":[{"href":"https:\/\/urbeamea.ro\/albaiulia\/wp-json\/wp\/v2\/posts"}],"about":[{"href":"https:\/\/urbeamea.ro\/albaiulia\/wp-json\/wp\/v2\/types\/post"}],"author":[{"embeddable":true,"href":"https:\/\/urbeamea.ro\/albaiulia\/wp-json\/wp\/v2\/users\/5"}],"replies":[{"embeddable":true,"href":"https:\/\/urbeamea.ro\/albaiulia\/wp-json\/wp\/v2\/comments?post=109165"}],"version-history":[{"count":2,"href":"https:\/\/urbeamea.ro\/albaiulia\/wp-json\/wp\/v2\/posts\/109165\/revisions"}],"predecessor-version":[{"id":109170,"href":"https:\/\/urbeamea.ro\/albaiulia\/wp-json\/wp\/v2\/posts\/109165\/revisions\/109170"}],"wp:featuredmedia":[{"embeddable":true,"href":"https:\/\/urbeamea.ro\/albaiulia\/wp-json\/wp\/v2\/media\/109166"}],"wp:attachment":[{"href":"https:\/\/urbeamea.ro\/albaiulia\/wp-json\/wp\/v2\/media?parent=109165"}],"wp:term":[{"taxonomy":"category","embeddable":true,"href":"https:\/\/urbeamea.ro\/albaiulia\/wp-json\/wp\/v2\/categories?post=109165"},{"taxonomy":"post_tag","embeddable":true,"href":"https:\/\/urbeamea.ro\/albaiulia\/wp-json\/wp\/v2\/tags?post=109165"}],"curies":[{"name":"wp","href":"https:\/\/api.w.org\/{rel}","templated":true}]}}