{"id":109175,"date":"2023-09-28T11:31:23","date_gmt":"2023-09-28T08:31:23","guid":{"rendered":"https:\/\/urbeamea.ro\/albaiulia\/?p=109175"},"modified":"2023-10-11T14:53:53","modified_gmt":"2023-10-11T11:53:53","slug":"la-doar-22-de-ani-albaiulianca-alexandra-anderco-are-o-afacere-laser-demarata-cu-fonduri-europene-nerambursabile","status":"publish","type":"post","link":"https:\/\/urbeamea.ro\/albaiulia\/la-doar-22-de-ani-albaiulianca-alexandra-anderco-are-o-afacere-laser-demarata-cu-fonduri-europene-nerambursabile\/","title":{"rendered":"La doar 22 de ani, albaiulianca Alexandra Anderco are o afacere \u201elaser\u201d, demarat\u0103 cu fonduri europene, nerambursabile!"},"content":{"rendered":"\n<h2 class=\"wp-block-heading\"><strong>V\u0103 a\u0219teapt\u0103 la Bloom Skin \u00eencep\u00e2nd cu 2 octombrie, s\u0103 v\u0103 lase f\u0103r\u0103 p\u0103r, definitiv! F\u0103r\u0103 cel nedorit, desigur!<\/strong><\/h2>\n\n\n\n<p>Ce mai po\u021bi face \u00een ziua de azi cu o finan\u021bare european\u0103? S\u0103 te epilezi definitiv! Pe tine \u0219i pe tot neamul t\u0103u, ba chiar \u0219i pe al\u021bi doritori, contra cost \u0219i cu profit!<\/p>\n\n\n\n<p>Asta \u0219i aproape orice altceva, cu condi\u021bia s\u0103 \u201e\u00ee\u021bi fug\u0103 mintea\u201d \u0219i s\u0103 ai pu\u021bin sprijin, de obicei din partea familiei, pentru c\u0103 \u0219coala rom\u00e2neasc\u0103 \u00eenc\u0103 ne vrea angaja\u021bi \u0219i ne preg\u0103te\u0219te temeinic pentru aceast\u0103 postur\u0103.&nbsp;<\/p>\n\n\n\n<p>Ast\u0103zi ne l\u0103ud\u0103m cu <strong>Alexandra Anderco<\/strong>, o albaiulianc\u0103 de 22 de ani, care a pornit pe calea antreprenoriatului anul trecut, a aplicat \u00een cadrul unui proiect cu finan\u021bare european\u0103 nerambursabil\u0103, \u0219i iat\u0103 c\u0103, nu de mult\u0103 vreme, a reu\u0219it s\u0103-\u0219i deschid\u0103 propria afacere, un salon de \u00eengrijire corporal\u0103: <strong>Bloom Skin<\/strong>, unde po\u021bi sc\u0103pa de p\u0103rul nedorit, prin epilare definitiv\u0103.<\/p>\n\n\n\n<figure class=\"wp-block-image size-large\"><img loading=\"lazy\" decoding=\"async\" width=\"1280\" height=\"854\" src=\"https:\/\/urbeamea.ro\/albaiulia\/wp-content\/uploads\/2023\/09\/Foto-1-1280x854.jpg\" alt=\"Bloom Skin\n\" class=\"wp-image-109177\" srcset=\"https:\/\/urbeamea.ro\/albaiulia\/wp-content\/uploads\/2023\/09\/Foto-1-1280x854.jpg 1280w, https:\/\/urbeamea.ro\/albaiulia\/wp-content\/uploads\/2023\/09\/Foto-1-640x427.jpg 640w, https:\/\/urbeamea.ro\/albaiulia\/wp-content\/uploads\/2023\/09\/Foto-1-150x100.jpg 150w, https:\/\/urbeamea.ro\/albaiulia\/wp-content\/uploads\/2023\/09\/Foto-1-768x512.jpg 768w, https:\/\/urbeamea.ro\/albaiulia\/wp-content\/uploads\/2023\/09\/Foto-1-1536x1024.jpg 1536w, https:\/\/urbeamea.ro\/albaiulia\/wp-content\/uploads\/2023\/09\/Foto-1.jpg 1600w\" sizes=\"auto, (max-width: 1280px) 100vw, 1280px\" \/><\/figure>\n\n\n\n<p>S\u0103 v\u0103 mai spun c\u0103, \u00een paralel, este <strong>antrenor personal de fitness<\/strong>? Are chiar \u0219i aparat <strong>Xbody<\/strong> la salon, de care bine\u00een\u021beles pot beneficia clien\u021bii ei. C\u0103 arat\u0103 \u00eentr-un mare fel \u0219i \u0219tie cum s\u0103-i fac\u0103 \u0219i pe al\u021bii s\u0103 ajung\u0103 \u00een cea mai bun\u0103 form\u0103 posibil\u0103? Da\u021bi un ochi aici: <a rel=\"noreferrer noopener\" href=\"https:\/\/www.instagram.com\/anderco_ale_24\/\" target=\"_blank\">https:\/\/www.instagram.com\/anderco_ale_24\/<\/a>!<\/p>\n\n\n\n<p>Fata merge \u0219i la facultate, este student\u0103 \u00een anul 2, \u00eenva\u021b\u0103 Marketing, la Alba Iulia. Are \u00een plan \u0219i un master \u00een psihologie, vrea s\u0103 \u00eenve\u021be mai multe \u0219i pe partea de nutri\u021bie, iar eu nu am nicio emo\u021bie, \u0219tiu c\u0103 va reu\u0219i s\u0103 le duc\u0103 pe toate. Entuziasmul ei, \u00eencrederea \u00een sine \u0219i orientarea c\u0103tre succes, prin munc\u0103, studiu \u0219i aprofundarea domeniilor de interes m-au scos \u0219i pe mine din starea ciob\u0103na\u0219ului din Miori\u021ba, resemnat, \u00een zilele noastre, cum c\u0103 n-o s\u0103 aib\u0103 cine-i pl\u0103ti pensia.<\/p>\n\n\n\n<p><strong>Alexandra Anderco<\/strong> trebuie s\u0103 fie un exemplu de atitudine nu doar pentru cei din genera\u021bia ei, c\u00e2t pentru noi, ceilal\u021bi, p\u0103rin\u021bii, bunicii, unchii, tutorii legali ai cuiva care urmeaz\u0103 s\u0103-\u0219i pun\u0103 \u00eentrebarea: \u201eEu ce fac c\u00e2nd termin \u0219coala?\u201d. Nu toate pove\u0219tile cu final socio-economic fericit intr\u0103 \u00een \u0219ablonul restr\u00e2ns: liceu-facultate-angajat!<\/p>\n\n\n\n<p>Mai jos, c\u00e2teva informa\u021bii ob\u021binute de la t\u00e2n\u0103ra antreprenoare, \u00eentr-un mini-interviu:<\/p>\n\n\n\n<p><strong>Urbea Mea: Ai trecut de la stadiul de absolvent\u0103 de liceu la cel de student\u0103, apoi la \u0219omer\u0103, antreprenoare \u0219i, \u00een paralel, din nou la cel de student\u0103, \u00een mai pu\u021bin de 2 ani. Cum a fost parcursul acesta?<\/strong><\/p>\n\n\n\n<p><strong>Alexandra Anderco: <\/strong><em>Am absolvit cursurile liceale la Seminarul Teologic Ortodox \u201eSf\u00e2ntul Simion \u0218tefan\u201d din Alba Iulia, dup\u0103 care m-am \u00eenscris la Kinetoterapie, la Cluj-Napoca. M-am l\u0103murit repede c\u0103 nu este ceea ce \u00eemi doresc, a\u0219a c\u0103 am renun\u021bat \u0219i m-am \u00eentors acas\u0103, t\u00e2n\u0103r\u0103 \u0219omer\u0103. Aici a intervenit tata, care m-a \u00eentrebat ce vreau s\u0103 fac p\u00e2n\u0103 la urm\u0103toarea serie de admiteri la facultate. Am \u00eenceput s\u0103 prospect\u0103m \u00eempreun\u0103 cam ce mi s-ar potrivi, ce oportunit\u0103\u021bi am \u00een noua calitate, \u0219i a\u0219a am ajuns, cu sprijinul lui, s\u0103 aplic pentru o finan\u021bare european\u0103, prin Programul Opera\u021bional Capital Uman, \u00een cadrul proiectului&nbsp; \u201eASTRA-Asisten\u021b\u0103 pentru \u0218omeri Tineri prin Reconversie \u0219i Antreprenoriat\u201d.<\/em><\/p>\n\n\n\n<p><em>Am ales domeniul \u00eenfrumuse\u021b\u0103rii corporale cumva natural, fiind din adolescen\u021b\u0103 preocupat\u0103 de men\u021binerea unui trup frumos \u0219i s\u0103n\u0103tos, o condi\u021bie important\u0103 a st\u0103rii psihice de bine. A\u0219a a ap\u0103rut Bloom the Skin, un studio de epilare permanent\u0103 pe care l-am deschis recent, \u0219i unde am posibilitatea s\u0103 m\u0103 bucur, al\u0103turi de clientele \u0219i clien\u021bii mei, de una dintre cele mai performante aparaturi prezente pe pia\u021b\u0103 la aceast\u0103 dat\u0103: ALTESSE \u2013 Nanolaser trilogy &#8211; Triplu laser.<\/em><\/p>\n\n\n\n<p><em>La 21 de ani aveam, practic, premisele unei afaceri proprii, care m-a entuziasmat \u0219i de care urma s\u0103 am singur\u0103 grij\u0103. Prin urmare, am hot\u0103r\u00e2t s\u0103 \u00eencep o alt\u0103 facultate, una care s\u0103 m\u0103 ajute s\u0103 o cresc, a\u0219a c\u0103 am ales s\u0103 \u00eenv\u0103\u021b Marketing, la Alba Iulia.<\/em><\/p>\n\n\n\n<figure class=\"wp-block-image size-large\"><img loading=\"lazy\" decoding=\"async\" width=\"1280\" height=\"854\" src=\"https:\/\/urbeamea.ro\/albaiulia\/wp-content\/uploads\/2023\/09\/Foto-62-1280x854.jpg\" alt=\"\" class=\"wp-image-109178\" srcset=\"https:\/\/urbeamea.ro\/albaiulia\/wp-content\/uploads\/2023\/09\/Foto-62-1280x854.jpg 1280w, https:\/\/urbeamea.ro\/albaiulia\/wp-content\/uploads\/2023\/09\/Foto-62-640x427.jpg 640w, https:\/\/urbeamea.ro\/albaiulia\/wp-content\/uploads\/2023\/09\/Foto-62-150x100.jpg 150w, https:\/\/urbeamea.ro\/albaiulia\/wp-content\/uploads\/2023\/09\/Foto-62-768x512.jpg 768w, https:\/\/urbeamea.ro\/albaiulia\/wp-content\/uploads\/2023\/09\/Foto-62-1536x1024.jpg 1536w, https:\/\/urbeamea.ro\/albaiulia\/wp-content\/uploads\/2023\/09\/Foto-62.jpg 1600w\" sizes=\"auto, (max-width: 1280px) 100vw, 1280px\" \/><\/figure>\n\n\n\n<p><strong>Urbea Mea: Revenind la obiectul de activitate, c\u00e2t de definitiv\u0103 este epilarea definitiv\u0103 \u0219i c\u00e2t dureaz\u0103 s\u0103 o ob\u021binem?<\/strong><\/p>\n\n\n\n<p><strong>Alexandra Anderco: <\/strong><em>Dac\u0103 nu intervin schimb\u0103ri hormonale majore, rezultatele unei proceduri complete de epilare cu laser dureaz\u0103 circa 5 ani. Ulterior, cre\u0219terea p\u0103rului va fi semnificativ mai redus\u0103, ceea ce va conduce la rezultate mult mai rapide \u00een eventualitatea repet\u0103rii procedurii.<\/em><\/p>\n\n\n\n<p><em>\u00cen ceea ce prive\u0219te durata procedurii de epilare definitiv\u0103 cu laser, aceasta poate ajunge la pu\u021bin peste 12 luni. Evident, \u201egaran\u021bia\u201d de 5 ani de eficien\u021b\u0103 a procedurii \u00eencepe la \u00eencheierea ultimei \u0219edin\u021be. \u00cen func\u021bie de zona unde dorim s\u0103 ac\u021bionam \u0219i de firul de p\u0103r, num\u0103rul de \u0219edin\u021be necesare pentru a epila definitiv p\u0103rul nedorit poate varia. Astfel, pentru p\u0103rul blond sunt necesare circa 10-11 \u0219edin\u021be, pentru cel brunet, 9-10.<\/em><\/p>\n\n\n\n<p><strong>Urbea Mea: Ce presupune, \u00een definitiv, epilarea cu laser \u0219i dac\u0103 exist\u0103 vreun risc pentru client?<\/strong><\/p>\n\n\n\n<p><strong>Alexandra Anderco: <\/strong><em>\u00cen timpul \u0219edin\u021belor de epilare definitiv\u0103, c\u0103ldura difuzat\u0103 de laser \u00een firul de p\u0103r ucide folicul, ceea ce asigur\u0103 c\u0103 niciun alt fir de par nu va mai cre\u0219te din foliculii leza\u021bi.<\/em><\/p>\n\n\n\n<p><em>La Bloom Skin folosim aparatura numit\u0103 Altesse \u2013 Nanolaser trilogy \u2013 triplu laser, care nu doar c\u0103 distruge r\u0103d\u0103cinile tuturor tipurilor de p\u0103r, dar care reduce la 0 eroarea uman\u0103. \u00cen func\u021bie de particularit\u0103\u021bile fiec\u0103rui client, de zona pe care urmeaz\u0103 s\u0103 o epil\u0103m, firul de p\u0103r etc., aparatul este programat \u00een a\u0219a fel \u00eenc\u00e2t s\u0103 func\u021bioneze la intensitatea potrivit\u0103 pentru un exact num\u0103r de minute, astfel \u00eenc\u00e2t \u0219i dac\u0103 ar r\u0103m\u00e2ne \u00een contact cu pielea peste timpul programat, el se opre\u0219te automat.<\/em> <em>Spre deosebire de tehnologia IPL, \u00een cazul tratamentului cu laser nu exist\u0103 niciun risc de ardere. <\/em><em>Toate cele 3 lungimi de und\u0103 ac\u021bioneaz\u0103 simultan, cuprinz\u00e2nd toate tipurile de fire de p\u0103r, \u00een toate fazele de cre\u0219tere ale acestora, asigur\u00e2nd un rezultat rapid \u0219i eficient al terapiei.<\/em><\/p>\n\n\n\n<p><strong>Urbea Mea: C\u00e2t dureaz\u0103 o \u0219edin\u021b\u0103 de epilare cu laser \u0219i dac\u0103 exist\u0103 contraindica\u021bii pentru vreo categorie de persoane?<\/strong><\/p>\n\n\n\n<p><strong>Alexandra Anderco: <\/strong><em>Timpul de tratament per \u0219edin\u021b\u0103 difer\u0103 \u00een func\u021bie de zonele de pe corp, a\u0219adar poate fi mai scurt sau mai lung. Cu c\u00e2t p\u0103rul este mai des, cu at\u00e2t se m\u0103re\u0219te \u0219i durata procesului. Pentru zonele mici, o \u0219edin\u021b\u0103 poate dura \u00eentre 5 \u0219i 10 minute. Pentru zonele mari durata medie este undeva la una sau dou\u0103 ore. Important de men\u021bionat c\u0103 durata \u00eentre \u0219edin\u021be poate ajunge \u0219i la 3 luni, pentru c\u0103 interven\u021bia cu aparatul laser este inutil\u0103 at\u00e2ta timp c\u00e2t firul de p\u0103r nu se afl\u0103 \u00een faza anagen\u0103 de cre\u0219tere, adic\u0103 \u00een perioada de dezvoltare rapid\u0103. Atunci melanina este 100% \u00een r\u0103d\u0103cina firului de p\u0103r. Mai este egal\u0103 \u0219i cu durata de cre\u0219tere a firului de p\u0103r. De exemplu, pe scalp p\u0103rul poate sta \u00een faza anagen\u0103 3 ani (dac\u0103 ai un p\u0103r s\u0103natos, cre\u0219te p\u00e2n\u0103 la 150 cm) pe c\u00e2nd \u00een zona axilei, faza anagen\u0103 dureaz\u0103 3 s\u0103pt\u0103m\u00e2ni, adic\u0103 \u00eei ia 3 s\u0103pt\u0103m\u00e2ni p\u00e2n\u0103 c\u00e2nd atinge punctul maxim de cre\u0219tere. Prin urmare, \u00een prima \u0219edin\u021b\u0103 vom avea cele mai spectaculoase rezultate, pentru c\u0103 noi venim cu 100 de fire la axil\u0103, de exemplu, dar nu toate firele sunt \u00een faza anagen\u0103, doar 25%, \u0219i atunci pe acestea 25% le putem extrage. La a doua \u0219edin\u021b\u0103, din restul de 75 de fire, sc\u0103p\u0103m de 25% \u0219i tot a\u0219a.<\/em><\/p>\n\n\n\n<p><em>\u00cen ceea ce prive\u0219te epilarea cu laser, nu exist\u0103 contraindica\u021bii pentru vreo categorie de persoane, totu\u0219i este recomandat\u0103 evitarea program\u0103rii \u0219edin\u021belor \u00een perioada de menstrua\u021bie, precum \u0219i \u00een sarcin\u0103. De men\u021bionat c\u0103, \u00een cazul clientelor care iau medicamente contraceptive, rezultatele sunt mai pu\u021bin spectaculoase, \u00een acela\u0219i interval de timp, dec\u00e2t \u00een cazul celor care nu folosesc aceast\u0103 metod\u0103 contraceptiv\u0103.<\/em><\/p>\n\n\n\n<p><em>\u0218i pentru c\u0103 anticipez \u00eentrebarea legat\u0103 de durere, r\u0103spunsul este c\u0103 NU doare aproape deloc, incomparabil mai pu\u021bin dec\u00e2t epilarea cu epilatorul, ori cu cear\u0103, iar eventualul disconfort dureaz\u0103 infinit mai pu\u021bin dec\u00e2t \u00een cazul oric\u0103rei alte variante de \u00eendep\u0103rtare a p\u0103rului nedorit.<\/em><\/p>\n\n\n\n<p><strong>Urbea Mea: C\u00e2t cost\u0103 s\u0103 scapi, vreme de 5 ani, de p\u0103rul nedorit, dac\u0103 alegem Bloom Skin?<\/strong><\/p>\n\n\n\n<p><strong>Alexandra Anderco: <\/strong><em>\u00cenc\u0103 de c\u00e2nd am aplicat pentru acest proiect, am dorit s\u0103 ofer servicii accesibile inclusiv studen\u021bilor, prin urmare, pre\u021bul unei \u0219edin\u021be variaz\u0103 \u00eentre 40 \u0219i 130 de lei, \u00een func\u021bie de zona abordat\u0103, iar pentru \u00eentreg corpul, o \u0219edin\u021b\u0103 cost\u0103 630 de lei. Acestea sunt pre\u021buri promo\u021bionale, de deschidere, dac\u0103 vre\u021bi, pe care le voi men\u021bine p\u00e2n\u0103 la sf\u00e2r\u0219itul acestui an. Mai mult, pentru clien\u021bii care vor \u00eencepe seria de \u0219edin\u021be necesare ob\u021binerii unei epil\u0103ri permanente p\u00e2n\u0103 \u00een data de 1 noiembrie a acestui an, le vom garanta acelea\u0219i tarife \u0219i pentru \u0219edin\u021bele urm\u0103toare, p\u00e2n\u0103 la \u00eencheierea seriei!<\/em><\/p>\n\n\n\n<p><strong>\u00cen concluzie, dac\u0103 v-a\u021bi s\u0103turat s\u0103 v\u0103 \u00eenc\u00e2lci\u021bi \u00een p\u0103rul partenerului, altul dec\u00e2t cel de pe cap, dac\u0103 vre\u021bi o piele ca de bebelu\u0219, all over the body, \u0219i care s\u0103 r\u0103m\u00e2n\u0103 a\u0219a 5 ani, merge\u021bi, dragilor, la epilat cu laser!<\/strong><\/p>\n\n\n\n<p><strong>Pentru tarife \u0219i program\u0103ri v\u0103 invit\u0103m pe site-ul Bloom Skin, la adresa<\/strong><em> www.bloomskin.ro, <\/em><strong>iar pentru p\u0103tr\u0103\u021bele, dat jos kilogramele \u00een plus, ob\u021binut un posterior remarcabil \u0219i alte dorin\u021be care se \u00eemplinesc numai la sal\u0103, \u0219i nu \u00een cea de mese, pute\u021bi apela tot la Alexandra Anderco, pe care o g\u0103si\u021bi pe facebook \u0219i instagram, dup\u0103 cum urmeaz\u0103: <\/strong><a rel=\"noreferrer noopener\" href=\"https:\/\/www.facebook.com\/alexandra.anderco\" target=\"_blank\"><strong>https:\/\/www.facebook.com\/alexandra.anderco<\/strong><\/a><strong>, <\/strong><a rel=\"noreferrer noopener\" href=\"https:\/\/www.instagram.com\/anderco_ale_24\/\" target=\"_blank\"><strong>https:\/\/www.instagram.com\/anderco_ale_24\/<\/strong><\/a><\/p>\n\n\n\n<p>Entitate \u00eenfiin\u021bat\u0103 \u00een cadrul proiectului cu titlul ,,ASTRA-Asisten\u021b\u0103 pentru \u0218omeri Tineri prin Reconversie \u0219i Antreprenoriat\u201d<br>Contract: POCU\/991\/1\/3\/153069\u201d \u2013 \u201eContract de subven\u021bie nr 205 din data de 14.10.2022\u201d<\/p>\n\n\n\n<figure class=\"wp-block-gallery has-nested-images columns-default is-cropped wp-block-gallery-1 is-layout-flex wp-block-gallery-is-layout-flex\">\n<figure class=\"wp-block-image size-large\"><a href=\"https:\/\/urbeamea.ro\/albaiulia\/wp-content\/uploads\/2023\/09\/Foto-39.jpg\"><img loading=\"lazy\" decoding=\"async\" width=\"1280\" height=\"854\" data-id=\"109179\" src=\"https:\/\/urbeamea.ro\/albaiulia\/wp-content\/uploads\/2023\/09\/Foto-39-1280x854.jpg\" alt=\"\" class=\"wp-image-109179\" srcset=\"https:\/\/urbeamea.ro\/albaiulia\/wp-content\/uploads\/2023\/09\/Foto-39-1280x854.jpg 1280w, https:\/\/urbeamea.ro\/albaiulia\/wp-content\/uploads\/2023\/09\/Foto-39-640x427.jpg 640w, https:\/\/urbeamea.ro\/albaiulia\/wp-content\/uploads\/2023\/09\/Foto-39-150x100.jpg 150w, https:\/\/urbeamea.ro\/albaiulia\/wp-content\/uploads\/2023\/09\/Foto-39-768x512.jpg 768w, https:\/\/urbeamea.ro\/albaiulia\/wp-content\/uploads\/2023\/09\/Foto-39-1536x1024.jpg 1536w, https:\/\/urbeamea.ro\/albaiulia\/wp-content\/uploads\/2023\/09\/Foto-39.jpg 1600w\" sizes=\"auto, (max-width: 1280px) 100vw, 1280px\" \/><\/a><\/figure>\n\n\n\n<figure class=\"wp-block-image size-large\"><a href=\"https:\/\/urbeamea.ro\/albaiulia\/wp-content\/uploads\/2023\/09\/Foto-13.jpg\"><img loading=\"lazy\" decoding=\"async\" width=\"1280\" height=\"854\" data-id=\"109180\" src=\"https:\/\/urbeamea.ro\/albaiulia\/wp-content\/uploads\/2023\/09\/Foto-13-1280x854.jpg\" alt=\"\" class=\"wp-image-109180\" srcset=\"https:\/\/urbeamea.ro\/albaiulia\/wp-content\/uploads\/2023\/09\/Foto-13-1280x854.jpg 1280w, https:\/\/urbeamea.ro\/albaiulia\/wp-content\/uploads\/2023\/09\/Foto-13-640x427.jpg 640w, https:\/\/urbeamea.ro\/albaiulia\/wp-content\/uploads\/2023\/09\/Foto-13-150x100.jpg 150w, https:\/\/urbeamea.ro\/albaiulia\/wp-content\/uploads\/2023\/09\/Foto-13-768x512.jpg 768w, https:\/\/urbeamea.ro\/albaiulia\/wp-content\/uploads\/2023\/09\/Foto-13-1536x1024.jpg 1536w, https:\/\/urbeamea.ro\/albaiulia\/wp-content\/uploads\/2023\/09\/Foto-13.jpg 1600w\" sizes=\"auto, (max-width: 1280px) 100vw, 1280px\" \/><\/a><\/figure>\n\n\n\n<figure class=\"wp-block-image size-large\"><a href=\"https:\/\/urbeamea.ro\/albaiulia\/wp-content\/uploads\/2023\/09\/Foto-16.jpg\"><img loading=\"lazy\" decoding=\"async\" width=\"1280\" height=\"854\" data-id=\"109181\" src=\"https:\/\/urbeamea.ro\/albaiulia\/wp-content\/uploads\/2023\/09\/Foto-16-1280x854.jpg\" alt=\"\" class=\"wp-image-109181\" srcset=\"https:\/\/urbeamea.ro\/albaiulia\/wp-content\/uploads\/2023\/09\/Foto-16-1280x854.jpg 1280w, https:\/\/urbeamea.ro\/albaiulia\/wp-content\/uploads\/2023\/09\/Foto-16-640x427.jpg 640w, https:\/\/urbeamea.ro\/albaiulia\/wp-content\/uploads\/2023\/09\/Foto-16-150x100.jpg 150w, https:\/\/urbeamea.ro\/albaiulia\/wp-content\/uploads\/2023\/09\/Foto-16-768x512.jpg 768w, https:\/\/urbeamea.ro\/albaiulia\/wp-content\/uploads\/2023\/09\/Foto-16-1536x1024.jpg 1536w, https:\/\/urbeamea.ro\/albaiulia\/wp-content\/uploads\/2023\/09\/Foto-16.jpg 1600w\" sizes=\"auto, (max-width: 1280px) 100vw, 1280px\" \/><\/a><\/figure>\n\n\n\n<figure class=\"wp-block-image size-large\"><a href=\"https:\/\/urbeamea.ro\/albaiulia\/wp-content\/uploads\/2023\/09\/Foto-22.jpg\"><img loading=\"lazy\" decoding=\"async\" width=\"1280\" height=\"854\" data-id=\"109182\" src=\"https:\/\/urbeamea.ro\/albaiulia\/wp-content\/uploads\/2023\/09\/Foto-22-1280x854.jpg\" alt=\"\" class=\"wp-image-109182\" srcset=\"https:\/\/urbeamea.ro\/albaiulia\/wp-content\/uploads\/2023\/09\/Foto-22-1280x854.jpg 1280w, https:\/\/urbeamea.ro\/albaiulia\/wp-content\/uploads\/2023\/09\/Foto-22-640x427.jpg 640w, https:\/\/urbeamea.ro\/albaiulia\/wp-content\/uploads\/2023\/09\/Foto-22-150x100.jpg 150w, https:\/\/urbeamea.ro\/albaiulia\/wp-content\/uploads\/2023\/09\/Foto-22-768x512.jpg 768w, https:\/\/urbeamea.ro\/albaiulia\/wp-content\/uploads\/2023\/09\/Foto-22-1536x1024.jpg 1536w, https:\/\/urbeamea.ro\/albaiulia\/wp-content\/uploads\/2023\/09\/Foto-22.jpg 1600w\" sizes=\"auto, (max-width: 1280px) 100vw, 1280px\" \/><\/a><\/figure>\n\n\n\n<figure class=\"wp-block-image size-large\"><a href=\"https:\/\/urbeamea.ro\/albaiulia\/wp-content\/uploads\/2023\/09\/Foto-24.jpg\"><img loading=\"lazy\" decoding=\"async\" width=\"1280\" height=\"854\" data-id=\"109183\" src=\"https:\/\/urbeamea.ro\/albaiulia\/wp-content\/uploads\/2023\/09\/Foto-24-1280x854.jpg\" alt=\"\" class=\"wp-image-109183\" srcset=\"https:\/\/urbeamea.ro\/albaiulia\/wp-content\/uploads\/2023\/09\/Foto-24-1280x854.jpg 1280w, https:\/\/urbeamea.ro\/albaiulia\/wp-content\/uploads\/2023\/09\/Foto-24-640x427.jpg 640w, https:\/\/urbeamea.ro\/albaiulia\/wp-content\/uploads\/2023\/09\/Foto-24-150x100.jpg 150w, https:\/\/urbeamea.ro\/albaiulia\/wp-content\/uploads\/2023\/09\/Foto-24-768x512.jpg 768w, https:\/\/urbeamea.ro\/albaiulia\/wp-content\/uploads\/2023\/09\/Foto-24-1536x1024.jpg 1536w, https:\/\/urbeamea.ro\/albaiulia\/wp-content\/uploads\/2023\/09\/Foto-24.jpg 1600w\" sizes=\"auto, (max-width: 1280px) 100vw, 1280px\" \/><\/a><\/figure>\n<\/figure>\n","protected":false},"excerpt":{"rendered":"<p>V\u0103 a\u0219teapt\u0103 la Bloom Skin \u00eencep\u00e2nd cu 2 octombrie, s\u0103 v\u0103 lase f\u0103r\u0103 p\u0103r, definitiv! F\u0103r\u0103 cel nedorit, desigur! Ce mai po\u021bi face \u00een ziua de azi cu o finan\u021bare european\u0103? S\u0103 te epilezi definitiv! Pe tine \u0219i pe tot neamul t\u0103u, ba chiar \u0219i pe al\u021bi doritori, contra cost \u0219i cu profit! Asta \u0219i &hellip;<\/p>\n","protected":false},"author":27,"featured_media":109176,"comment_status":"open","ping_status":"open","sticky":false,"template":"","format":"standard","meta":{"inline_featured_image":false,"footnotes":""},"categories":[812],"tags":[24889,24890,24891],"class_list":["post-109175","post","type-post","status-publish","format-standard","has-post-thumbnail","hentry","category-interviu","tag-alexandra-anderco","tag-blom-skin","tag-epilare-devifinitiva"],"yoast_head":"<!-- This site is optimized with the Yoast SEO plugin v27.4 - https:\/\/yoast.com\/product\/yoast-seo-wordpress\/ -->\n<title>La doar 22 de ani, albaiulianca Alexandra Anderco are o afacere \u201elaser\u201d, demarat\u0103 cu fonduri europene, nerambursabile! - Revista Urbea Mea - Revista de Alba<\/title>\n<meta name=\"description\" content=\"V\u0103 a\u0219teapt\u0103 la Bloom Skin \u00eencep\u00e2nd cu 2 octombrie, s\u0103 v\u0103 lase f\u0103r\u0103 p\u0103r, definitiv! F\u0103r\u0103 cel nedorit, desigur! Ce mai po\u021bi face \u00een ziua de azi cu o\" \/>\n<meta name=\"robots\" content=\"index, follow, max-snippet:-1, max-image-preview:large, max-video-preview:-1\" \/>\n<link rel=\"canonical\" href=\"https:\/\/urbeamea.ro\/albaiulia\/la-doar-22-de-ani-albaiulianca-alexandra-anderco-are-o-afacere-laser-demarata-cu-fonduri-europene-nerambursabile\/\" \/>\n<meta name=\"twitter:card\" content=\"summary_large_image\" \/>\n<meta name=\"twitter:title\" content=\"La doar 22 de ani, albaiulianca Alexandra Anderco are o afacere \u201elaser\u201d, demarat\u0103 cu fonduri europene, nerambursabile! - Revista Urbea Mea - Revista de Alba\" \/>\n<meta name=\"twitter:description\" content=\"V\u0103 a\u0219teapt\u0103 la Bloom Skin \u00eencep\u00e2nd cu 2 octombrie, s\u0103 v\u0103 lase f\u0103r\u0103 p\u0103r, definitiv! F\u0103r\u0103 cel nedorit, desigur! Ce mai po\u021bi face \u00een ziua de azi cu o\" \/>\n<meta name=\"twitter:image\" content=\"https:\/\/urbeamea.ro\/albaiulia\/wp-content\/uploads\/2023\/09\/Foto-73.jpg\" \/>\n<meta name=\"twitter:creator\" content=\"@urbeameaweb\" \/>\n<meta name=\"twitter:site\" content=\"@urbeameaweb\" \/>\n<script type=\"application\/ld+json\" class=\"yoast-schema-graph\">{\"@context\":\"https:\\\/\\\/schema.org\",\"@graph\":[{\"@type\":\"Article\",\"@id\":\"https:\\\/\\\/urbeamea.ro\\\/albaiulia\\\/la-doar-22-de-ani-albaiulianca-alexandra-anderco-are-o-afacere-laser-demarata-cu-fonduri-europene-nerambursabile\\\/#article\",\"isPartOf\":{\"@id\":\"https:\\\/\\\/urbeamea.ro\\\/albaiulia\\\/la-doar-22-de-ani-albaiulianca-alexandra-anderco-are-o-afacere-laser-demarata-cu-fonduri-europene-nerambursabile\\\/\"},\"author\":{\"name\":\"Stoia Daniela\",\"@id\":\"https:\\\/\\\/urbeamea.ro\\\/albaiulia\\\/#\\\/schema\\\/person\\\/91e3c5a380c685aef9f0295ef6449b3c\"},\"headline\":\"La doar 22 de ani, albaiulianca Alexandra Anderco are o afacere \u201elaser\u201d, demarat\u0103 cu fonduri europene, nerambursabile!\",\"datePublished\":\"2023-09-28T08:31:23+00:00\",\"dateModified\":\"2023-10-11T11:53:53+00:00\",\"mainEntityOfPage\":{\"@id\":\"https:\\\/\\\/urbeamea.ro\\\/albaiulia\\\/la-doar-22-de-ani-albaiulianca-alexandra-anderco-are-o-afacere-laser-demarata-cu-fonduri-europene-nerambursabile\\\/\"},\"wordCount\":1745,\"commentCount\":0,\"image\":{\"@id\":\"https:\\\/\\\/urbeamea.ro\\\/albaiulia\\\/la-doar-22-de-ani-albaiulianca-alexandra-anderco-are-o-afacere-laser-demarata-cu-fonduri-europene-nerambursabile\\\/#primaryimage\"},\"thumbnailUrl\":\"https:\\\/\\\/urbeamea.ro\\\/albaiulia\\\/wp-content\\\/uploads\\\/2023\\\/09\\\/Foto-73.jpg\",\"keywords\":[\"Alexandra Anderco\",\"Blom Skin\",\"epilare devifinitiva\"],\"articleSection\":[\"Interviuri\"],\"inLanguage\":\"ro-RO\",\"potentialAction\":[{\"@type\":\"CommentAction\",\"name\":\"Comment\",\"target\":[\"https:\\\/\\\/urbeamea.ro\\\/albaiulia\\\/la-doar-22-de-ani-albaiulianca-alexandra-anderco-are-o-afacere-laser-demarata-cu-fonduri-europene-nerambursabile\\\/#respond\"]}]},{\"@type\":\"WebPage\",\"@id\":\"https:\\\/\\\/urbeamea.ro\\\/albaiulia\\\/la-doar-22-de-ani-albaiulianca-alexandra-anderco-are-o-afacere-laser-demarata-cu-fonduri-europene-nerambursabile\\\/\",\"url\":\"https:\\\/\\\/urbeamea.ro\\\/albaiulia\\\/la-doar-22-de-ani-albaiulianca-alexandra-anderco-are-o-afacere-laser-demarata-cu-fonduri-europene-nerambursabile\\\/\",\"name\":\"La doar 22 de ani, albaiulianca Alexandra Anderco are o afacere \u201elaser\u201d, demarat\u0103 cu fonduri europene, nerambursabile! - Revista Urbea Mea - Revista de Alba\",\"isPartOf\":{\"@id\":\"https:\\\/\\\/urbeamea.ro\\\/albaiulia\\\/#website\"},\"primaryImageOfPage\":{\"@id\":\"https:\\\/\\\/urbeamea.ro\\\/albaiulia\\\/la-doar-22-de-ani-albaiulianca-alexandra-anderco-are-o-afacere-laser-demarata-cu-fonduri-europene-nerambursabile\\\/#primaryimage\"},\"image\":{\"@id\":\"https:\\\/\\\/urbeamea.ro\\\/albaiulia\\\/la-doar-22-de-ani-albaiulianca-alexandra-anderco-are-o-afacere-laser-demarata-cu-fonduri-europene-nerambursabile\\\/#primaryimage\"},\"thumbnailUrl\":\"https:\\\/\\\/urbeamea.ro\\\/albaiulia\\\/wp-content\\\/uploads\\\/2023\\\/09\\\/Foto-73.jpg\",\"datePublished\":\"2023-09-28T08:31:23+00:00\",\"dateModified\":\"2023-10-11T11:53:53+00:00\",\"author\":{\"@id\":\"https:\\\/\\\/urbeamea.ro\\\/albaiulia\\\/#\\\/schema\\\/person\\\/91e3c5a380c685aef9f0295ef6449b3c\"},\"description\":\"V\u0103 a\u0219teapt\u0103 la Bloom Skin \u00eencep\u00e2nd cu 2 octombrie, s\u0103 v\u0103 lase f\u0103r\u0103 p\u0103r, definitiv! F\u0103r\u0103 cel nedorit, desigur! Ce mai po\u021bi face \u00een ziua de azi cu o\",\"breadcrumb\":{\"@id\":\"https:\\\/\\\/urbeamea.ro\\\/albaiulia\\\/la-doar-22-de-ani-albaiulianca-alexandra-anderco-are-o-afacere-laser-demarata-cu-fonduri-europene-nerambursabile\\\/#breadcrumb\"},\"inLanguage\":\"ro-RO\",\"potentialAction\":[{\"@type\":\"ReadAction\",\"target\":[\"https:\\\/\\\/urbeamea.ro\\\/albaiulia\\\/la-doar-22-de-ani-albaiulianca-alexandra-anderco-are-o-afacere-laser-demarata-cu-fonduri-europene-nerambursabile\\\/\"]}]},{\"@type\":\"ImageObject\",\"inLanguage\":\"ro-RO\",\"@id\":\"https:\\\/\\\/urbeamea.ro\\\/albaiulia\\\/la-doar-22-de-ani-albaiulianca-alexandra-anderco-are-o-afacere-laser-demarata-cu-fonduri-europene-nerambursabile\\\/#primaryimage\",\"url\":\"https:\\\/\\\/urbeamea.ro\\\/albaiulia\\\/wp-content\\\/uploads\\\/2023\\\/09\\\/Foto-73.jpg\",\"contentUrl\":\"https:\\\/\\\/urbeamea.ro\\\/albaiulia\\\/wp-content\\\/uploads\\\/2023\\\/09\\\/Foto-73.jpg\",\"width\":1600,\"height\":1067},{\"@type\":\"BreadcrumbList\",\"@id\":\"https:\\\/\\\/urbeamea.ro\\\/albaiulia\\\/la-doar-22-de-ani-albaiulianca-alexandra-anderco-are-o-afacere-laser-demarata-cu-fonduri-europene-nerambursabile\\\/#breadcrumb\",\"itemListElement\":[{\"@type\":\"ListItem\",\"position\":1,\"name\":\"Prima pagin\u0103\",\"item\":\"https:\\\/\\\/urbeamea.ro\\\/albaiulia\\\/\"},{\"@type\":\"ListItem\",\"position\":2,\"name\":\"La doar 22 de ani, albaiulianca Alexandra Anderco are o afacere \u201elaser\u201d, demarat\u0103 cu fonduri europene, nerambursabile!\"}]},{\"@type\":\"WebSite\",\"@id\":\"https:\\\/\\\/urbeamea.ro\\\/albaiulia\\\/#website\",\"url\":\"https:\\\/\\\/urbeamea.ro\\\/albaiulia\\\/\",\"name\":\"Revista Urbea Mea, Stiri urbane\",\"description\":\"Evenimente \u0219i \u0219tiri din Alba Iulia, Sebe\u0219, Aiud, Blaj\",\"potentialAction\":[{\"@type\":\"SearchAction\",\"target\":{\"@type\":\"EntryPoint\",\"urlTemplate\":\"https:\\\/\\\/urbeamea.ro\\\/albaiulia\\\/?s={search_term_string}\"},\"query-input\":{\"@type\":\"PropertyValueSpecification\",\"valueRequired\":true,\"valueName\":\"search_term_string\"}}],\"inLanguage\":\"ro-RO\"},{\"@type\":\"Person\",\"@id\":\"https:\\\/\\\/urbeamea.ro\\\/albaiulia\\\/#\\\/schema\\\/person\\\/91e3c5a380c685aef9f0295ef6449b3c\",\"name\":\"Stoia Daniela\",\"image\":{\"@type\":\"ImageObject\",\"inLanguage\":\"ro-RO\",\"@id\":\"https:\\\/\\\/secure.gravatar.com\\\/avatar\\\/5aaf6eef20c2b497aa6b10eb1d0ea3e79b9229f0518d4c68b0fe81d133d3c8ca?s=96&d=mm&r=g\",\"url\":\"https:\\\/\\\/secure.gravatar.com\\\/avatar\\\/5aaf6eef20c2b497aa6b10eb1d0ea3e79b9229f0518d4c68b0fe81d133d3c8ca?s=96&d=mm&r=g\",\"contentUrl\":\"https:\\\/\\\/secure.gravatar.com\\\/avatar\\\/5aaf6eef20c2b497aa6b10eb1d0ea3e79b9229f0518d4c68b0fe81d133d3c8ca?s=96&d=mm&r=g\",\"caption\":\"Stoia Daniela\"},\"url\":\"https:\\\/\\\/urbeamea.ro\\\/albaiulia\\\/author\\\/daniela-stoia\\\/\"}]}<\/script>\n<!-- \/ Yoast SEO plugin. -->","yoast_head_json":{"title":"La doar 22 de ani, albaiulianca Alexandra Anderco are o afacere \u201elaser\u201d, demarat\u0103 cu fonduri europene, nerambursabile! - Revista Urbea Mea - Revista de Alba","description":"V\u0103 a\u0219teapt\u0103 la Bloom Skin \u00eencep\u00e2nd cu 2 octombrie, s\u0103 v\u0103 lase f\u0103r\u0103 p\u0103r, definitiv! F\u0103r\u0103 cel nedorit, desigur! Ce mai po\u021bi face \u00een ziua de azi cu o","robots":{"index":"index","follow":"follow","max-snippet":"max-snippet:-1","max-image-preview":"max-image-preview:large","max-video-preview":"max-video-preview:-1"},"canonical":"https:\/\/urbeamea.ro\/albaiulia\/la-doar-22-de-ani-albaiulianca-alexandra-anderco-are-o-afacere-laser-demarata-cu-fonduri-europene-nerambursabile\/","twitter_card":"summary_large_image","twitter_title":"La doar 22 de ani, albaiulianca Alexandra Anderco are o afacere \u201elaser\u201d, demarat\u0103 cu fonduri europene, nerambursabile! - Revista Urbea Mea - Revista de Alba","twitter_description":"V\u0103 a\u0219teapt\u0103 la Bloom Skin \u00eencep\u00e2nd cu 2 octombrie, s\u0103 v\u0103 lase f\u0103r\u0103 p\u0103r, definitiv! F\u0103r\u0103 cel nedorit, desigur! Ce mai po\u021bi face \u00een ziua de azi cu o","twitter_image":"https:\/\/urbeamea.ro\/albaiulia\/wp-content\/uploads\/2023\/09\/Foto-73.jpg","twitter_creator":"@urbeameaweb","twitter_site":"@urbeameaweb","schema":{"@context":"https:\/\/schema.org","@graph":[{"@type":"Article","@id":"https:\/\/urbeamea.ro\/albaiulia\/la-doar-22-de-ani-albaiulianca-alexandra-anderco-are-o-afacere-laser-demarata-cu-fonduri-europene-nerambursabile\/#article","isPartOf":{"@id":"https:\/\/urbeamea.ro\/albaiulia\/la-doar-22-de-ani-albaiulianca-alexandra-anderco-are-o-afacere-laser-demarata-cu-fonduri-europene-nerambursabile\/"},"author":{"name":"Stoia Daniela","@id":"https:\/\/urbeamea.ro\/albaiulia\/#\/schema\/person\/91e3c5a380c685aef9f0295ef6449b3c"},"headline":"La doar 22 de ani, albaiulianca Alexandra Anderco are o afacere \u201elaser\u201d, demarat\u0103 cu fonduri europene, nerambursabile!","datePublished":"2023-09-28T08:31:23+00:00","dateModified":"2023-10-11T11:53:53+00:00","mainEntityOfPage":{"@id":"https:\/\/urbeamea.ro\/albaiulia\/la-doar-22-de-ani-albaiulianca-alexandra-anderco-are-o-afacere-laser-demarata-cu-fonduri-europene-nerambursabile\/"},"wordCount":1745,"commentCount":0,"image":{"@id":"https:\/\/urbeamea.ro\/albaiulia\/la-doar-22-de-ani-albaiulianca-alexandra-anderco-are-o-afacere-laser-demarata-cu-fonduri-europene-nerambursabile\/#primaryimage"},"thumbnailUrl":"https:\/\/urbeamea.ro\/albaiulia\/wp-content\/uploads\/2023\/09\/Foto-73.jpg","keywords":["Alexandra Anderco","Blom Skin","epilare devifinitiva"],"articleSection":["Interviuri"],"inLanguage":"ro-RO","potentialAction":[{"@type":"CommentAction","name":"Comment","target":["https:\/\/urbeamea.ro\/albaiulia\/la-doar-22-de-ani-albaiulianca-alexandra-anderco-are-o-afacere-laser-demarata-cu-fonduri-europene-nerambursabile\/#respond"]}]},{"@type":"WebPage","@id":"https:\/\/urbeamea.ro\/albaiulia\/la-doar-22-de-ani-albaiulianca-alexandra-anderco-are-o-afacere-laser-demarata-cu-fonduri-europene-nerambursabile\/","url":"https:\/\/urbeamea.ro\/albaiulia\/la-doar-22-de-ani-albaiulianca-alexandra-anderco-are-o-afacere-laser-demarata-cu-fonduri-europene-nerambursabile\/","name":"La doar 22 de ani, albaiulianca Alexandra Anderco are o afacere \u201elaser\u201d, demarat\u0103 cu fonduri europene, nerambursabile! - Revista Urbea Mea - Revista de Alba","isPartOf":{"@id":"https:\/\/urbeamea.ro\/albaiulia\/#website"},"primaryImageOfPage":{"@id":"https:\/\/urbeamea.ro\/albaiulia\/la-doar-22-de-ani-albaiulianca-alexandra-anderco-are-o-afacere-laser-demarata-cu-fonduri-europene-nerambursabile\/#primaryimage"},"image":{"@id":"https:\/\/urbeamea.ro\/albaiulia\/la-doar-22-de-ani-albaiulianca-alexandra-anderco-are-o-afacere-laser-demarata-cu-fonduri-europene-nerambursabile\/#primaryimage"},"thumbnailUrl":"https:\/\/urbeamea.ro\/albaiulia\/wp-content\/uploads\/2023\/09\/Foto-73.jpg","datePublished":"2023-09-28T08:31:23+00:00","dateModified":"2023-10-11T11:53:53+00:00","author":{"@id":"https:\/\/urbeamea.ro\/albaiulia\/#\/schema\/person\/91e3c5a380c685aef9f0295ef6449b3c"},"description":"V\u0103 a\u0219teapt\u0103 la Bloom Skin \u00eencep\u00e2nd cu 2 octombrie, s\u0103 v\u0103 lase f\u0103r\u0103 p\u0103r, definitiv! F\u0103r\u0103 cel nedorit, desigur! Ce mai po\u021bi face \u00een ziua de azi cu o","breadcrumb":{"@id":"https:\/\/urbeamea.ro\/albaiulia\/la-doar-22-de-ani-albaiulianca-alexandra-anderco-are-o-afacere-laser-demarata-cu-fonduri-europene-nerambursabile\/#breadcrumb"},"inLanguage":"ro-RO","potentialAction":[{"@type":"ReadAction","target":["https:\/\/urbeamea.ro\/albaiulia\/la-doar-22-de-ani-albaiulianca-alexandra-anderco-are-o-afacere-laser-demarata-cu-fonduri-europene-nerambursabile\/"]}]},{"@type":"ImageObject","inLanguage":"ro-RO","@id":"https:\/\/urbeamea.ro\/albaiulia\/la-doar-22-de-ani-albaiulianca-alexandra-anderco-are-o-afacere-laser-demarata-cu-fonduri-europene-nerambursabile\/#primaryimage","url":"https:\/\/urbeamea.ro\/albaiulia\/wp-content\/uploads\/2023\/09\/Foto-73.jpg","contentUrl":"https:\/\/urbeamea.ro\/albaiulia\/wp-content\/uploads\/2023\/09\/Foto-73.jpg","width":1600,"height":1067},{"@type":"BreadcrumbList","@id":"https:\/\/urbeamea.ro\/albaiulia\/la-doar-22-de-ani-albaiulianca-alexandra-anderco-are-o-afacere-laser-demarata-cu-fonduri-europene-nerambursabile\/#breadcrumb","itemListElement":[{"@type":"ListItem","position":1,"name":"Prima pagin\u0103","item":"https:\/\/urbeamea.ro\/albaiulia\/"},{"@type":"ListItem","position":2,"name":"La doar 22 de ani, albaiulianca Alexandra Anderco are o afacere \u201elaser\u201d, demarat\u0103 cu fonduri europene, nerambursabile!"}]},{"@type":"WebSite","@id":"https:\/\/urbeamea.ro\/albaiulia\/#website","url":"https:\/\/urbeamea.ro\/albaiulia\/","name":"Revista Urbea Mea, Stiri urbane","description":"Evenimente \u0219i \u0219tiri din Alba Iulia, Sebe\u0219, Aiud, Blaj","potentialAction":[{"@type":"SearchAction","target":{"@type":"EntryPoint","urlTemplate":"https:\/\/urbeamea.ro\/albaiulia\/?s={search_term_string}"},"query-input":{"@type":"PropertyValueSpecification","valueRequired":true,"valueName":"search_term_string"}}],"inLanguage":"ro-RO"},{"@type":"Person","@id":"https:\/\/urbeamea.ro\/albaiulia\/#\/schema\/person\/91e3c5a380c685aef9f0295ef6449b3c","name":"Stoia Daniela","image":{"@type":"ImageObject","inLanguage":"ro-RO","@id":"https:\/\/secure.gravatar.com\/avatar\/5aaf6eef20c2b497aa6b10eb1d0ea3e79b9229f0518d4c68b0fe81d133d3c8ca?s=96&d=mm&r=g","url":"https:\/\/secure.gravatar.com\/avatar\/5aaf6eef20c2b497aa6b10eb1d0ea3e79b9229f0518d4c68b0fe81d133d3c8ca?s=96&d=mm&r=g","contentUrl":"https:\/\/secure.gravatar.com\/avatar\/5aaf6eef20c2b497aa6b10eb1d0ea3e79b9229f0518d4c68b0fe81d133d3c8ca?s=96&d=mm&r=g","caption":"Stoia Daniela"},"url":"https:\/\/urbeamea.ro\/albaiulia\/author\/daniela-stoia\/"}]}},"_links":{"self":[{"href":"https:\/\/urbeamea.ro\/albaiulia\/wp-json\/wp\/v2\/posts\/109175","targetHints":{"allow":["GET"]}}],"collection":[{"href":"https:\/\/urbeamea.ro\/albaiulia\/wp-json\/wp\/v2\/posts"}],"about":[{"href":"https:\/\/urbeamea.ro\/albaiulia\/wp-json\/wp\/v2\/types\/post"}],"author":[{"embeddable":true,"href":"https:\/\/urbeamea.ro\/albaiulia\/wp-json\/wp\/v2\/users\/27"}],"replies":[{"embeddable":true,"href":"https:\/\/urbeamea.ro\/albaiulia\/wp-json\/wp\/v2\/comments?post=109175"}],"version-history":[{"count":2,"href":"https:\/\/urbeamea.ro\/albaiulia\/wp-json\/wp\/v2\/posts\/109175\/revisions"}],"predecessor-version":[{"id":109402,"href":"https:\/\/urbeamea.ro\/albaiulia\/wp-json\/wp\/v2\/posts\/109175\/revisions\/109402"}],"wp:featuredmedia":[{"embeddable":true,"href":"https:\/\/urbeamea.ro\/albaiulia\/wp-json\/wp\/v2\/media\/109176"}],"wp:attachment":[{"href":"https:\/\/urbeamea.ro\/albaiulia\/wp-json\/wp\/v2\/media?parent=109175"}],"wp:term":[{"taxonomy":"category","embeddable":true,"href":"https:\/\/urbeamea.ro\/albaiulia\/wp-json\/wp\/v2\/categories?post=109175"},{"taxonomy":"post_tag","embeddable":true,"href":"https:\/\/urbeamea.ro\/albaiulia\/wp-json\/wp\/v2\/tags?post=109175"}],"curies":[{"name":"wp","href":"https:\/\/api.w.org\/{rel}","templated":true}]}}