{"id":109241,"date":"2023-10-02T18:05:17","date_gmt":"2023-10-02T15:05:17","guid":{"rendered":"https:\/\/urbeamea.ro\/albaiulia\/?p=109241"},"modified":"2023-10-02T18:05:19","modified_gmt":"2023-10-02T15:05:19","slug":"colocviile-romanului-romanesc-contemporan","status":"publish","type":"post","link":"https:\/\/urbeamea.ro\/albaiulia\/colocviile-romanului-romanesc-contemporan\/","title":{"rendered":"Colocviile Romanului Rom\u00e2nesc Contemporan"},"content":{"rendered":"\n<p class=\"wp-block-paragraph\">Av\u00e2nd ca tem\u0103 \u201eArta romanului\u201d, cea de-a XVI-a edi\u021bie a Colocviilor Romanului Rom\u00e2nesc Contemporan va aduce \u0219i \u00een acest an la Alba Iulia, nume consacrate ale culturii scrise din Rom\u00e2nia. Evenimentul cultural se va desf\u0103\u0219ura \u00een perioada 4-5 octombrie 2023 la Sala Senatului Universit\u0103\u021bii \u201e1 Decembrie 1918\u201d din Alba Iulia \u0219i va fi moderat de istoricul \u0219i criticul literar Nicolae Manolescu, pre\u0219edinte al Uniunii Scriitorilor din Rom\u00e2nia.<\/p>\n\n\n\n<p class=\"wp-block-paragraph\">Colocviile Romanului Rom\u00e2nesc Contemporan vor debuta miercuri, 4 octombrie 2023, la ora 17:00 cu cuv\u00e2ntul de deschidere al scriitorului Cornel Nistea, pre\u0219edintele filialei Alba \u2013 Hunedoara a Uniunii Scriitorilor din Rom\u00e2nia \u0219i va continua cu conferin\u021bele sus\u021binute de scriitorii Hanna Bota, Gabriel Chifu, Horia G\u00e2rbea, Gheorghe Glodeanu, Mircea Mih\u0103ie\u0219, Olimpiu Nu\u0219felean, Nicolae Oprea, Cristian P\u0103tr\u0103\u0219coniu, Ovidiu Pecican, Marta Petreu, Adrian Popescu, Vasile Popovici, Vasile Spiridon, R\u0103zvan Voncu \u0219i Mihai Zamfir.<\/p>\n\n\n\n<p class=\"wp-block-paragraph\">&nbsp;Cea de-a doua sesiune se va desf\u0103\u0219ura \u00een data de 5 octombrie 2023, \u00eencep\u00e2nd cu ora 10:00 \u0219i vor conferen\u021bia scriitorii Andrea Hede\u0219, Adrian Lesenciuc, Hanna Bota, Gabriel Chifu, Horia G\u00e2rbea, Gheorghe Glodeanu, Mircea Mih\u0103ie\u0219, Olimpiu Nu\u0219felean, Nicolae Oprea, Cristian P\u0103tr\u0103\u0219coniu, Ovidiu Pecican, Marta Petreu, Adrian Popescu, Vasile Popovici, Vasile Spiridon, R\u0103zvan Voncu \u0219i Mihai Zamfir.<\/p>\n\n\n\n<p class=\"wp-block-paragraph\">Colocviile Romanului Rom\u00e2nesc Contemporan sunt organizate de Consiliul Jude\u021bean Alba, Uniunea Scriitorilor din Rom\u00e2nia \u0219i Biblioteca Jude\u021bean\u0103 \u201eLucian Blaga\u201d Alba. \u0218i \u00een acest an, proiectul se bucur\u0103 de sprijinul financiar al Ministerului Culturii iar principalul partener \u00een proiect este Universitatea \u201e1 Decembrie 1918\u201d din Alba Iulia.<\/p>\n\n\n\n<p class=\"wp-block-paragraph\">An de an, Colocviile Romanului Rom\u00e2nesc Contemporan au fost pentru comunitatea local\u0103 o adev\u0103rat\u0103 s\u0103rb\u0103toare a c\u0103r\u021bii \u0219i a scriitorilor \u0219i au adus fa\u021b\u0103 \u00een fa\u021b\u0103 trei piloni importan\u021bi ai culturii: scriitorul, cartea \u0219i cititorul.<\/p>\n\n\n\n<blockquote class=\"wp-block-quote is-layout-flow wp-block-quote-is-layout-flow\">\n<p class=\"wp-block-paragraph\">Suntem onora\u021bi ca timp de dou\u0103 zile s\u0103-i audiem la Alba Iulia pe c\u00e2\u021biva dintre cei mai importan\u021bi romancieri \u0219i istorici \u0219i critici literari rom\u00e2ni contemporani \u0219i am fi bucuro\u0219i ca tema abordat\u0103 s\u0103 suscite interesul c\u00e2t mai multor oameni \u0219i \u00een special interesul tinerei genera\u021bii.<\/p>\n<cite>Cornel Nistea, pre\u0219edintele Filialei Alba \u2013 Hunedoara a Uniunii Scriitorilor din Rom\u00e2nia<\/cite><\/blockquote>\n\n\n\n<p class=\"wp-block-paragraph\">Intrarea la eveniment este liber\u0103 iar cei ce nu vor putea participa \u00een mod direct pot urm\u0103ri lucr\u0103rile colocviilor pe pagina de Facebook a Bibliotecii Jude\u021bene \u201eLucian Blaga\u201d Alba.<\/p>\n","protected":false},"excerpt":{"rendered":"<p>Av\u00e2nd ca tem\u0103 \u201eArta romanului\u201d, cea de-a XVI-a edi\u021bie a Colocviilor Romanului Rom\u00e2nesc Contemporan va aduce \u0219i \u00een acest an la Alba Iulia, nume consacrate ale culturii scrise din Rom\u00e2nia. Evenimentul cultural se va desf\u0103\u0219ura \u00een perioada 4-5 octombrie 2023 la Sala Senatului Universit\u0103\u021bii \u201e1 Decembrie 1918\u201d din Alba Iulia \u0219i va fi moderat de &hellip;<\/p>\n","protected":false},"author":16,"featured_media":109242,"comment_status":"open","ping_status":"open","sticky":false,"template":"","format":"standard","meta":{"inline_featured_image":false,"footnotes":""},"categories":[4],"tags":[4953],"class_list":["post-109241","post","type-post","status-publish","format-standard","has-post-thumbnail","hentry","category-eveniment","tag-colocviile-romanului-romanesc-contemporan"],"yoast_head":"<!-- This site is optimized with the Yoast SEO plugin v28.3 - https:\/\/yoast.com\/product\/yoast-seo-wordpress\/ -->\n<title>Colocviile Romanului Rom\u00e2nesc Contemporan - Revista Urbea Mea - Revista de Alba<\/title>\n<meta name=\"description\" content=\"Av\u00e2nd ca tem\u0103 \u201eArta romanului\u201d, cea de-a XVI-a edi\u021bie a Colocviilor Romanului Rom\u00e2nesc Contemporan va aduce \u0219i \u00een acest an la Alba Iulia, nume consacrate\" \/>\n<meta name=\"robots\" content=\"index, follow, max-snippet:-1, max-image-preview:large, max-video-preview:-1\" \/>\n<link rel=\"canonical\" href=\"https:\/\/urbeamea.ro\/albaiulia\/colocviile-romanului-romanesc-contemporan\/\" \/>\n<meta name=\"twitter:card\" content=\"summary_large_image\" \/>\n<meta name=\"twitter:title\" content=\"Colocviile Romanului Rom\u00e2nesc Contemporan - Revista Urbea Mea - Revista de Alba\" \/>\n<meta name=\"twitter:description\" content=\"Av\u00e2nd ca tem\u0103 \u201eArta romanului\u201d, cea de-a XVI-a edi\u021bie a Colocviilor Romanului Rom\u00e2nesc Contemporan va aduce \u0219i \u00een acest an la Alba Iulia, nume consacrate\" \/>\n<meta name=\"twitter:image\" content=\"https:\/\/urbeamea.ro\/albaiulia\/wp-content\/uploads\/2023\/10\/10.4-Colocviile-Romanului-Afis-2023.jpg\" \/>\n<meta name=\"twitter:creator\" content=\"@urbeameaweb\" \/>\n<meta name=\"twitter:site\" content=\"@urbeameaweb\" \/>\n<script type=\"application\/ld+json\" class=\"yoast-schema-graph\">{\"@context\":\"https:\\\/\\\/schema.org\",\"@graph\":[{\"@type\":\"Article\",\"@id\":\"https:\\\/\\\/urbeamea.ro\\\/albaiulia\\\/colocviile-romanului-romanesc-contemporan\\\/#article\",\"isPartOf\":{\"@id\":\"https:\\\/\\\/urbeamea.ro\\\/albaiulia\\\/colocviile-romanului-romanesc-contemporan\\\/\"},\"author\":{\"name\":\"Redac\u021bia UrbeaMea\",\"@id\":\"https:\\\/\\\/urbeamea.ro\\\/albaiulia\\\/#\\\/schema\\\/person\\\/272ae98052f8ee8980f59848df070247\"},\"headline\":\"Colocviile Romanului Rom\u00e2nesc Contemporan\",\"datePublished\":\"2023-10-02T15:05:17+00:00\",\"dateModified\":\"2023-10-02T15:05:19+00:00\",\"mainEntityOfPage\":{\"@id\":\"https:\\\/\\\/urbeamea.ro\\\/albaiulia\\\/colocviile-romanului-romanesc-contemporan\\\/\"},\"wordCount\":407,\"commentCount\":0,\"image\":{\"@id\":\"https:\\\/\\\/urbeamea.ro\\\/albaiulia\\\/colocviile-romanului-romanesc-contemporan\\\/#primaryimage\"},\"thumbnailUrl\":\"https:\\\/\\\/urbeamea.ro\\\/albaiulia\\\/wp-content\\\/uploads\\\/2023\\\/10\\\/10.4-Colocviile-Romanului-Afis-2023.jpg\",\"keywords\":[\"colocviile romanului romanesc contemporan\"],\"articleSection\":[\"Evenimente\"],\"inLanguage\":\"ro-RO\",\"potentialAction\":[{\"@type\":\"CommentAction\",\"name\":\"Comment\",\"target\":[\"https:\\\/\\\/urbeamea.ro\\\/albaiulia\\\/colocviile-romanului-romanesc-contemporan\\\/#respond\"]}]},{\"@type\":\"WebPage\",\"@id\":\"https:\\\/\\\/urbeamea.ro\\\/albaiulia\\\/colocviile-romanului-romanesc-contemporan\\\/\",\"url\":\"https:\\\/\\\/urbeamea.ro\\\/albaiulia\\\/colocviile-romanului-romanesc-contemporan\\\/\",\"name\":\"Colocviile Romanului Rom\u00e2nesc Contemporan - Revista Urbea Mea - Revista de Alba\",\"isPartOf\":{\"@id\":\"https:\\\/\\\/urbeamea.ro\\\/albaiulia\\\/#website\"},\"primaryImageOfPage\":{\"@id\":\"https:\\\/\\\/urbeamea.ro\\\/albaiulia\\\/colocviile-romanului-romanesc-contemporan\\\/#primaryimage\"},\"image\":{\"@id\":\"https:\\\/\\\/urbeamea.ro\\\/albaiulia\\\/colocviile-romanului-romanesc-contemporan\\\/#primaryimage\"},\"thumbnailUrl\":\"https:\\\/\\\/urbeamea.ro\\\/albaiulia\\\/wp-content\\\/uploads\\\/2023\\\/10\\\/10.4-Colocviile-Romanului-Afis-2023.jpg\",\"datePublished\":\"2023-10-02T15:05:17+00:00\",\"dateModified\":\"2023-10-02T15:05:19+00:00\",\"author\":{\"@id\":\"https:\\\/\\\/urbeamea.ro\\\/albaiulia\\\/#\\\/schema\\\/person\\\/272ae98052f8ee8980f59848df070247\"},\"description\":\"Av\u00e2nd ca tem\u0103 \u201eArta romanului\u201d, cea de-a XVI-a edi\u021bie a Colocviilor Romanului Rom\u00e2nesc Contemporan va aduce \u0219i \u00een acest an la Alba Iulia, nume consacrate\",\"breadcrumb\":{\"@id\":\"https:\\\/\\\/urbeamea.ro\\\/albaiulia\\\/colocviile-romanului-romanesc-contemporan\\\/#breadcrumb\"},\"inLanguage\":\"ro-RO\",\"potentialAction\":[{\"@type\":\"ReadAction\",\"target\":[\"https:\\\/\\\/urbeamea.ro\\\/albaiulia\\\/colocviile-romanului-romanesc-contemporan\\\/\"]}]},{\"@type\":\"ImageObject\",\"inLanguage\":\"ro-RO\",\"@id\":\"https:\\\/\\\/urbeamea.ro\\\/albaiulia\\\/colocviile-romanului-romanesc-contemporan\\\/#primaryimage\",\"url\":\"https:\\\/\\\/urbeamea.ro\\\/albaiulia\\\/wp-content\\\/uploads\\\/2023\\\/10\\\/10.4-Colocviile-Romanului-Afis-2023.jpg\",\"contentUrl\":\"https:\\\/\\\/urbeamea.ro\\\/albaiulia\\\/wp-content\\\/uploads\\\/2023\\\/10\\\/10.4-Colocviile-Romanului-Afis-2023.jpg\",\"width\":1080,\"height\":1527},{\"@type\":\"BreadcrumbList\",\"@id\":\"https:\\\/\\\/urbeamea.ro\\\/albaiulia\\\/colocviile-romanului-romanesc-contemporan\\\/#breadcrumb\",\"itemListElement\":[{\"@type\":\"ListItem\",\"position\":1,\"name\":\"Prima pagin\u0103\",\"item\":\"https:\\\/\\\/urbeamea.ro\\\/albaiulia\\\/\"},{\"@type\":\"ListItem\",\"position\":2,\"name\":\"Colocviile Romanului Rom\u00e2nesc Contemporan\"}]},{\"@type\":\"WebSite\",\"@id\":\"https:\\\/\\\/urbeamea.ro\\\/albaiulia\\\/#website\",\"url\":\"https:\\\/\\\/urbeamea.ro\\\/albaiulia\\\/\",\"name\":\"Revista Urbea Mea, Stiri urbane\",\"description\":\"Evenimente \u0219i \u0219tiri din Alba Iulia, Sebe\u0219, Aiud, Blaj\",\"potentialAction\":[{\"@type\":\"SearchAction\",\"target\":{\"@type\":\"EntryPoint\",\"urlTemplate\":\"https:\\\/\\\/urbeamea.ro\\\/albaiulia\\\/?s={search_term_string}\"},\"query-input\":{\"@type\":\"PropertyValueSpecification\",\"valueRequired\":true,\"valueName\":\"search_term_string\"}}],\"inLanguage\":\"ro-RO\"},{\"@type\":\"Person\",\"@id\":\"https:\\\/\\\/urbeamea.ro\\\/albaiulia\\\/#\\\/schema\\\/person\\\/272ae98052f8ee8980f59848df070247\",\"name\":\"Redac\u021bia UrbeaMea\",\"image\":{\"@type\":\"ImageObject\",\"inLanguage\":\"ro-RO\",\"@id\":\"https:\\\/\\\/secure.gravatar.com\\\/avatar\\\/9ce5a9435071fa1037e8468053ead8e513dbbff59009d3069aadb85506d85a27?s=96&d=mm&r=g\",\"url\":\"https:\\\/\\\/secure.gravatar.com\\\/avatar\\\/9ce5a9435071fa1037e8468053ead8e513dbbff59009d3069aadb85506d85a27?s=96&d=mm&r=g\",\"contentUrl\":\"https:\\\/\\\/secure.gravatar.com\\\/avatar\\\/9ce5a9435071fa1037e8468053ead8e513dbbff59009d3069aadb85506d85a27?s=96&d=mm&r=g\",\"caption\":\"Redac\u021bia UrbeaMea\"},\"description\":\"contact@urbeamea.ro\",\"sameAs\":[\"https:\\\/\\\/www.urbeamea.ro\"],\"url\":\"https:\\\/\\\/urbeamea.ro\\\/albaiulia\\\/author\\\/redactia-urbeamea\\\/\"}]}<\/script>\n<!-- \/ Yoast SEO plugin. -->","yoast_head_json":{"title":"Colocviile Romanului Rom\u00e2nesc Contemporan - Revista Urbea Mea - Revista de Alba","description":"Av\u00e2nd ca tem\u0103 \u201eArta romanului\u201d, cea de-a XVI-a edi\u021bie a Colocviilor Romanului Rom\u00e2nesc Contemporan va aduce \u0219i \u00een acest an la Alba Iulia, nume consacrate","robots":{"index":"index","follow":"follow","max-snippet":"max-snippet:-1","max-image-preview":"max-image-preview:large","max-video-preview":"max-video-preview:-1"},"canonical":"https:\/\/urbeamea.ro\/albaiulia\/colocviile-romanului-romanesc-contemporan\/","twitter_card":"summary_large_image","twitter_title":"Colocviile Romanului Rom\u00e2nesc Contemporan - Revista Urbea Mea - Revista de Alba","twitter_description":"Av\u00e2nd ca tem\u0103 \u201eArta romanului\u201d, cea de-a XVI-a edi\u021bie a Colocviilor Romanului Rom\u00e2nesc Contemporan va aduce \u0219i \u00een acest an la Alba Iulia, nume consacrate","twitter_image":"https:\/\/urbeamea.ro\/albaiulia\/wp-content\/uploads\/2023\/10\/10.4-Colocviile-Romanului-Afis-2023.jpg","twitter_creator":"@urbeameaweb","twitter_site":"@urbeameaweb","schema":{"@context":"https:\/\/schema.org","@graph":[{"@type":"Article","@id":"https:\/\/urbeamea.ro\/albaiulia\/colocviile-romanului-romanesc-contemporan\/#article","isPartOf":{"@id":"https:\/\/urbeamea.ro\/albaiulia\/colocviile-romanului-romanesc-contemporan\/"},"author":{"name":"Redac\u021bia UrbeaMea","@id":"https:\/\/urbeamea.ro\/albaiulia\/#\/schema\/person\/272ae98052f8ee8980f59848df070247"},"headline":"Colocviile Romanului Rom\u00e2nesc Contemporan","datePublished":"2023-10-02T15:05:17+00:00","dateModified":"2023-10-02T15:05:19+00:00","mainEntityOfPage":{"@id":"https:\/\/urbeamea.ro\/albaiulia\/colocviile-romanului-romanesc-contemporan\/"},"wordCount":407,"commentCount":0,"image":{"@id":"https:\/\/urbeamea.ro\/albaiulia\/colocviile-romanului-romanesc-contemporan\/#primaryimage"},"thumbnailUrl":"https:\/\/urbeamea.ro\/albaiulia\/wp-content\/uploads\/2023\/10\/10.4-Colocviile-Romanului-Afis-2023.jpg","keywords":["colocviile romanului romanesc contemporan"],"articleSection":["Evenimente"],"inLanguage":"ro-RO","potentialAction":[{"@type":"CommentAction","name":"Comment","target":["https:\/\/urbeamea.ro\/albaiulia\/colocviile-romanului-romanesc-contemporan\/#respond"]}]},{"@type":"WebPage","@id":"https:\/\/urbeamea.ro\/albaiulia\/colocviile-romanului-romanesc-contemporan\/","url":"https:\/\/urbeamea.ro\/albaiulia\/colocviile-romanului-romanesc-contemporan\/","name":"Colocviile Romanului Rom\u00e2nesc Contemporan - Revista Urbea Mea - Revista de Alba","isPartOf":{"@id":"https:\/\/urbeamea.ro\/albaiulia\/#website"},"primaryImageOfPage":{"@id":"https:\/\/urbeamea.ro\/albaiulia\/colocviile-romanului-romanesc-contemporan\/#primaryimage"},"image":{"@id":"https:\/\/urbeamea.ro\/albaiulia\/colocviile-romanului-romanesc-contemporan\/#primaryimage"},"thumbnailUrl":"https:\/\/urbeamea.ro\/albaiulia\/wp-content\/uploads\/2023\/10\/10.4-Colocviile-Romanului-Afis-2023.jpg","datePublished":"2023-10-02T15:05:17+00:00","dateModified":"2023-10-02T15:05:19+00:00","author":{"@id":"https:\/\/urbeamea.ro\/albaiulia\/#\/schema\/person\/272ae98052f8ee8980f59848df070247"},"description":"Av\u00e2nd ca tem\u0103 \u201eArta romanului\u201d, cea de-a XVI-a edi\u021bie a Colocviilor Romanului Rom\u00e2nesc Contemporan va aduce \u0219i \u00een acest an la Alba Iulia, nume consacrate","breadcrumb":{"@id":"https:\/\/urbeamea.ro\/albaiulia\/colocviile-romanului-romanesc-contemporan\/#breadcrumb"},"inLanguage":"ro-RO","potentialAction":[{"@type":"ReadAction","target":["https:\/\/urbeamea.ro\/albaiulia\/colocviile-romanului-romanesc-contemporan\/"]}]},{"@type":"ImageObject","inLanguage":"ro-RO","@id":"https:\/\/urbeamea.ro\/albaiulia\/colocviile-romanului-romanesc-contemporan\/#primaryimage","url":"https:\/\/urbeamea.ro\/albaiulia\/wp-content\/uploads\/2023\/10\/10.4-Colocviile-Romanului-Afis-2023.jpg","contentUrl":"https:\/\/urbeamea.ro\/albaiulia\/wp-content\/uploads\/2023\/10\/10.4-Colocviile-Romanului-Afis-2023.jpg","width":1080,"height":1527},{"@type":"BreadcrumbList","@id":"https:\/\/urbeamea.ro\/albaiulia\/colocviile-romanului-romanesc-contemporan\/#breadcrumb","itemListElement":[{"@type":"ListItem","position":1,"name":"Prima pagin\u0103","item":"https:\/\/urbeamea.ro\/albaiulia\/"},{"@type":"ListItem","position":2,"name":"Colocviile Romanului Rom\u00e2nesc Contemporan"}]},{"@type":"WebSite","@id":"https:\/\/urbeamea.ro\/albaiulia\/#website","url":"https:\/\/urbeamea.ro\/albaiulia\/","name":"Revista Urbea Mea, Stiri urbane","description":"Evenimente \u0219i \u0219tiri din Alba Iulia, Sebe\u0219, Aiud, Blaj","potentialAction":[{"@type":"SearchAction","target":{"@type":"EntryPoint","urlTemplate":"https:\/\/urbeamea.ro\/albaiulia\/?s={search_term_string}"},"query-input":{"@type":"PropertyValueSpecification","valueRequired":true,"valueName":"search_term_string"}}],"inLanguage":"ro-RO"},{"@type":"Person","@id":"https:\/\/urbeamea.ro\/albaiulia\/#\/schema\/person\/272ae98052f8ee8980f59848df070247","name":"Redac\u021bia UrbeaMea","image":{"@type":"ImageObject","inLanguage":"ro-RO","@id":"https:\/\/secure.gravatar.com\/avatar\/9ce5a9435071fa1037e8468053ead8e513dbbff59009d3069aadb85506d85a27?s=96&d=mm&r=g","url":"https:\/\/secure.gravatar.com\/avatar\/9ce5a9435071fa1037e8468053ead8e513dbbff59009d3069aadb85506d85a27?s=96&d=mm&r=g","contentUrl":"https:\/\/secure.gravatar.com\/avatar\/9ce5a9435071fa1037e8468053ead8e513dbbff59009d3069aadb85506d85a27?s=96&d=mm&r=g","caption":"Redac\u021bia UrbeaMea"},"description":"contact@urbeamea.ro","sameAs":["https:\/\/www.urbeamea.ro"],"url":"https:\/\/urbeamea.ro\/albaiulia\/author\/redactia-urbeamea\/"}]}},"_links":{"self":[{"href":"https:\/\/urbeamea.ro\/albaiulia\/wp-json\/wp\/v2\/posts\/109241","targetHints":{"allow":["GET"]}}],"collection":[{"href":"https:\/\/urbeamea.ro\/albaiulia\/wp-json\/wp\/v2\/posts"}],"about":[{"href":"https:\/\/urbeamea.ro\/albaiulia\/wp-json\/wp\/v2\/types\/post"}],"author":[{"embeddable":true,"href":"https:\/\/urbeamea.ro\/albaiulia\/wp-json\/wp\/v2\/users\/16"}],"replies":[{"embeddable":true,"href":"https:\/\/urbeamea.ro\/albaiulia\/wp-json\/wp\/v2\/comments?post=109241"}],"version-history":[{"count":1,"href":"https:\/\/urbeamea.ro\/albaiulia\/wp-json\/wp\/v2\/posts\/109241\/revisions"}],"predecessor-version":[{"id":109243,"href":"https:\/\/urbeamea.ro\/albaiulia\/wp-json\/wp\/v2\/posts\/109241\/revisions\/109243"}],"wp:featuredmedia":[{"embeddable":true,"href":"https:\/\/urbeamea.ro\/albaiulia\/wp-json\/wp\/v2\/media\/109242"}],"wp:attachment":[{"href":"https:\/\/urbeamea.ro\/albaiulia\/wp-json\/wp\/v2\/media?parent=109241"}],"wp:term":[{"taxonomy":"category","embeddable":true,"href":"https:\/\/urbeamea.ro\/albaiulia\/wp-json\/wp\/v2\/categories?post=109241"},{"taxonomy":"post_tag","embeddable":true,"href":"https:\/\/urbeamea.ro\/albaiulia\/wp-json\/wp\/v2\/tags?post=109241"}],"curies":[{"name":"wp","href":"https:\/\/api.w.org\/{rel}","templated":true}]}}