{"id":109382,"date":"2023-10-10T13:24:52","date_gmt":"2023-10-10T10:24:52","guid":{"rendered":"https:\/\/urbeamea.ro\/albaiulia\/?p=109382"},"modified":"2023-10-10T13:24:54","modified_gmt":"2023-10-10T10:24:54","slug":"peste-3800-de-volume-achizitionate-la-biblioteca-judeteana-lucian-blaga-alba","status":"publish","type":"post","link":"https:\/\/urbeamea.ro\/albaiulia\/peste-3800-de-volume-achizitionate-la-biblioteca-judeteana-lucian-blaga-alba\/","title":{"rendered":"Peste 3800 de volume achizi\u021bionate la Biblioteca Jude\u021bean\u0103 \u201eLucian Blaga\u201d Alba"},"content":{"rendered":"\n<p>\u00cen ultimii ani, fondul de carte al Bibliotecii Jude\u021bene \u201eLucian Blaga\u201d Alba a crescut considerabil, fiind actualizat periodic cu cele mai noi apari\u021bii editoriale, \u00een pas cu interesul tot mai diversificat al cititorilor pentru diferite domenii de informare, cele mai multe titluri fiind achizi\u021bionate la sugestia acestora. Drept urmare, num\u0103rul cititorilor \u0219i al \u00eemprumutului de carte a crescut exponen\u021bial.<\/p>\n\n\n\n<p>De aceea, politica de achizi\u021bie carte a institu\u021biei noastre este una coerent\u0103, bazat\u0103 pe \u00eennoirea \u0219i diversificarea fondului existent, \u00een deplin acord cu nevoile comunit\u0103\u021bii. \u021ain\u00e2nd cont de aceasta, Biblioteca Jude\u021bean\u0103 \u201eLucian Blaga\u201d Alba a achizi\u021bionat, &nbsp;de la \u00eenceputul anului 2023 \u0219i p\u00e2n\u0103 la sf\u00e2r\u0219itul lui septembrie, peste 3.800 de volume, dintre care 1.029 titluri, respectiv 1.371 exemplare sunt achizi\u021bionate \u00een trimestrul al III-lea. Bugetul alocat \u00een acest an pentru achizi\u021bia de carte a fost de 200.000 de lei, din care s-au cheltuit p\u00e2n\u0103 \u00een prezent 148.543,21 lei.<\/p>\n\n\n\n<blockquote class=\"wp-block-quote is-layout-flow wp-block-quote-is-layout-flow\">\n<p>Av\u00e2nd \u00een vedere efortul financiar f\u0103cut de Consiliul Jude\u021bean Alba \u0219i Biblioteca Jude\u021bean\u0103 \u201eLucian Blaga\u201d Alba pentru a r\u0103spunde nevoilor de lectur\u0103 ale cet\u0103\u021benilor, v\u0103 a\u015ftept\u0103m s\u0103 ne trece\u021bi pragul \u00een fiecare zi lucr\u0103toare, \u00eentre orele 9:00 &#8211; 17:00, pentru a \u00eemprumuta la sala de lectur\u0103 sau la domiciliu c\u0103r\u0163ile, ziarele \u015fi revistele aflate \u00een colec\u021biile noastre. De asemenea, \u00eei a\u0219tept\u0103m pe to\u021bi cei ce pre\u021buiesc scriitorii \u0219i cartea de bun\u0103 calitate s\u0103 participe la activit\u0103\u021bile de anima\u021bie cultural\u0103 pe care le organizeaz\u0103 biblioteca noastr\u0103. Asupra colec\u021biilor de carte \u0219i a programului de activit\u0103\u021bi se pot documenta at\u00e2t pe site-ul institu\u021biei noastre, la adresa https:\/\/www.bjalba.ro\/ c\u00e2t \u0219i pe pagina de Facebook, la adresa <a href=\"https:\/\/www.facebook.com\/BibliotecaJudeteanaLucianBlagaAlba\">https:\/\/www.facebook.com\/BibliotecaJudeteanaLucianBlagaAlba<\/a>.<\/p>\n<cite>Silvan St\u00e2ncel, managerul Bibliotecii Jude\u021bene \u201eLucian Blaga\u201d Alba<\/cite><\/blockquote>\n","protected":false},"excerpt":{"rendered":"<p>\u00cen ultimii ani, fondul de carte al Bibliotecii Jude\u021bene \u201eLucian Blaga\u201d Alba a crescut considerabil, fiind actualizat periodic cu cele mai noi apari\u021bii editoriale, \u00een pas cu interesul tot mai diversificat al cititorilor pentru diferite domenii de informare, cele mai multe titluri fiind achizi\u021bionate la sugestia acestora. Drept urmare, num\u0103rul cititorilor \u0219i al \u00eemprumutului de &hellip;<\/p>\n","protected":false},"author":16,"featured_media":100762,"comment_status":"open","ping_status":"open","sticky":false,"template":"","format":"standard","meta":{"inline_featured_image":false,"footnotes":""},"categories":[1],"tags":[11279],"class_list":["post-109382","post","type-post","status-publish","format-standard","has-post-thumbnail","hentry","category-stiri-urbane","tag-biblioteca-judeteana-alba"],"yoast_head":"<!-- This site is optimized with the Yoast SEO plugin v27.4 - https:\/\/yoast.com\/product\/yoast-seo-wordpress\/ -->\n<title>Peste 3800 de volume achizi\u021bionate la Biblioteca Jude\u021bean\u0103 \u201eLucian Blaga\u201d Alba - Revista Urbea Mea - Revista de Alba<\/title>\n<meta name=\"description\" content=\"\u00cen ultimii ani, fondul de carte al Bibliotecii Jude\u021bene \u201eLucian Blaga\u201d Alba a crescut considerabil, fiind actualizat periodic cu cele mai noi apari\u021bii\" \/>\n<meta name=\"robots\" content=\"index, follow, max-snippet:-1, max-image-preview:large, max-video-preview:-1\" \/>\n<link rel=\"canonical\" href=\"https:\/\/urbeamea.ro\/albaiulia\/peste-3800-de-volume-achizitionate-la-biblioteca-judeteana-lucian-blaga-alba\/\" \/>\n<meta name=\"twitter:card\" content=\"summary_large_image\" \/>\n<meta name=\"twitter:title\" content=\"Peste 3800 de volume achizi\u021bionate la Biblioteca Jude\u021bean\u0103 \u201eLucian Blaga\u201d Alba - Revista Urbea Mea - Revista de Alba\" \/>\n<meta name=\"twitter:description\" content=\"\u00cen ultimii ani, fondul de carte al Bibliotecii Jude\u021bene \u201eLucian Blaga\u201d Alba a crescut considerabil, fiind actualizat periodic cu cele mai noi apari\u021bii\" \/>\n<meta name=\"twitter:image\" content=\"https:\/\/urbeamea.ro\/albaiulia\/wp-content\/uploads\/2022\/03\/Foto-Fatada-BJA.jpg\" \/>\n<meta name=\"twitter:creator\" content=\"@urbeameaweb\" \/>\n<meta name=\"twitter:site\" content=\"@urbeameaweb\" \/>\n<script type=\"application\/ld+json\" class=\"yoast-schema-graph\">{\"@context\":\"https:\\\/\\\/schema.org\",\"@graph\":[{\"@type\":\"Article\",\"@id\":\"https:\\\/\\\/urbeamea.ro\\\/albaiulia\\\/peste-3800-de-volume-achizitionate-la-biblioteca-judeteana-lucian-blaga-alba\\\/#article\",\"isPartOf\":{\"@id\":\"https:\\\/\\\/urbeamea.ro\\\/albaiulia\\\/peste-3800-de-volume-achizitionate-la-biblioteca-judeteana-lucian-blaga-alba\\\/\"},\"author\":{\"name\":\"Redac\u021bia UrbeaMea\",\"@id\":\"https:\\\/\\\/urbeamea.ro\\\/albaiulia\\\/#\\\/schema\\\/person\\\/272ae98052f8ee8980f59848df070247\"},\"headline\":\"Peste 3800 de volume achizi\u021bionate la Biblioteca Jude\u021bean\u0103 \u201eLucian Blaga\u201d Alba\",\"datePublished\":\"2023-10-10T10:24:52+00:00\",\"dateModified\":\"2023-10-10T10:24:54+00:00\",\"mainEntityOfPage\":{\"@id\":\"https:\\\/\\\/urbeamea.ro\\\/albaiulia\\\/peste-3800-de-volume-achizitionate-la-biblioteca-judeteana-lucian-blaga-alba\\\/\"},\"wordCount\":324,\"commentCount\":0,\"image\":{\"@id\":\"https:\\\/\\\/urbeamea.ro\\\/albaiulia\\\/peste-3800-de-volume-achizitionate-la-biblioteca-judeteana-lucian-blaga-alba\\\/#primaryimage\"},\"thumbnailUrl\":\"https:\\\/\\\/urbeamea.ro\\\/albaiulia\\\/wp-content\\\/uploads\\\/2022\\\/03\\\/Foto-Fatada-BJA.jpg\",\"keywords\":[\"biblioteca judeteana alba\"],\"articleSection\":[\"\u015etiri Urbane\"],\"inLanguage\":\"ro-RO\",\"potentialAction\":[{\"@type\":\"CommentAction\",\"name\":\"Comment\",\"target\":[\"https:\\\/\\\/urbeamea.ro\\\/albaiulia\\\/peste-3800-de-volume-achizitionate-la-biblioteca-judeteana-lucian-blaga-alba\\\/#respond\"]}]},{\"@type\":\"WebPage\",\"@id\":\"https:\\\/\\\/urbeamea.ro\\\/albaiulia\\\/peste-3800-de-volume-achizitionate-la-biblioteca-judeteana-lucian-blaga-alba\\\/\",\"url\":\"https:\\\/\\\/urbeamea.ro\\\/albaiulia\\\/peste-3800-de-volume-achizitionate-la-biblioteca-judeteana-lucian-blaga-alba\\\/\",\"name\":\"Peste 3800 de volume achizi\u021bionate la Biblioteca Jude\u021bean\u0103 \u201eLucian Blaga\u201d Alba - Revista Urbea Mea - Revista de Alba\",\"isPartOf\":{\"@id\":\"https:\\\/\\\/urbeamea.ro\\\/albaiulia\\\/#website\"},\"primaryImageOfPage\":{\"@id\":\"https:\\\/\\\/urbeamea.ro\\\/albaiulia\\\/peste-3800-de-volume-achizitionate-la-biblioteca-judeteana-lucian-blaga-alba\\\/#primaryimage\"},\"image\":{\"@id\":\"https:\\\/\\\/urbeamea.ro\\\/albaiulia\\\/peste-3800-de-volume-achizitionate-la-biblioteca-judeteana-lucian-blaga-alba\\\/#primaryimage\"},\"thumbnailUrl\":\"https:\\\/\\\/urbeamea.ro\\\/albaiulia\\\/wp-content\\\/uploads\\\/2022\\\/03\\\/Foto-Fatada-BJA.jpg\",\"datePublished\":\"2023-10-10T10:24:52+00:00\",\"dateModified\":\"2023-10-10T10:24:54+00:00\",\"author\":{\"@id\":\"https:\\\/\\\/urbeamea.ro\\\/albaiulia\\\/#\\\/schema\\\/person\\\/272ae98052f8ee8980f59848df070247\"},\"description\":\"\u00cen ultimii ani, fondul de carte al Bibliotecii Jude\u021bene \u201eLucian Blaga\u201d Alba a crescut considerabil, fiind actualizat periodic cu cele mai noi apari\u021bii\",\"breadcrumb\":{\"@id\":\"https:\\\/\\\/urbeamea.ro\\\/albaiulia\\\/peste-3800-de-volume-achizitionate-la-biblioteca-judeteana-lucian-blaga-alba\\\/#breadcrumb\"},\"inLanguage\":\"ro-RO\",\"potentialAction\":[{\"@type\":\"ReadAction\",\"target\":[\"https:\\\/\\\/urbeamea.ro\\\/albaiulia\\\/peste-3800-de-volume-achizitionate-la-biblioteca-judeteana-lucian-blaga-alba\\\/\"]}]},{\"@type\":\"ImageObject\",\"inLanguage\":\"ro-RO\",\"@id\":\"https:\\\/\\\/urbeamea.ro\\\/albaiulia\\\/peste-3800-de-volume-achizitionate-la-biblioteca-judeteana-lucian-blaga-alba\\\/#primaryimage\",\"url\":\"https:\\\/\\\/urbeamea.ro\\\/albaiulia\\\/wp-content\\\/uploads\\\/2022\\\/03\\\/Foto-Fatada-BJA.jpg\",\"contentUrl\":\"https:\\\/\\\/urbeamea.ro\\\/albaiulia\\\/wp-content\\\/uploads\\\/2022\\\/03\\\/Foto-Fatada-BJA.jpg\",\"width\":1600,\"height\":900},{\"@type\":\"BreadcrumbList\",\"@id\":\"https:\\\/\\\/urbeamea.ro\\\/albaiulia\\\/peste-3800-de-volume-achizitionate-la-biblioteca-judeteana-lucian-blaga-alba\\\/#breadcrumb\",\"itemListElement\":[{\"@type\":\"ListItem\",\"position\":1,\"name\":\"Prima pagin\u0103\",\"item\":\"https:\\\/\\\/urbeamea.ro\\\/albaiulia\\\/\"},{\"@type\":\"ListItem\",\"position\":2,\"name\":\"Peste 3800 de volume achizi\u021bionate la Biblioteca Jude\u021bean\u0103 \u201eLucian Blaga\u201d Alba\"}]},{\"@type\":\"WebSite\",\"@id\":\"https:\\\/\\\/urbeamea.ro\\\/albaiulia\\\/#website\",\"url\":\"https:\\\/\\\/urbeamea.ro\\\/albaiulia\\\/\",\"name\":\"Revista Urbea Mea, Stiri urbane\",\"description\":\"Evenimente \u0219i \u0219tiri din Alba Iulia, Sebe\u0219, Aiud, Blaj\",\"potentialAction\":[{\"@type\":\"SearchAction\",\"target\":{\"@type\":\"EntryPoint\",\"urlTemplate\":\"https:\\\/\\\/urbeamea.ro\\\/albaiulia\\\/?s={search_term_string}\"},\"query-input\":{\"@type\":\"PropertyValueSpecification\",\"valueRequired\":true,\"valueName\":\"search_term_string\"}}],\"inLanguage\":\"ro-RO\"},{\"@type\":\"Person\",\"@id\":\"https:\\\/\\\/urbeamea.ro\\\/albaiulia\\\/#\\\/schema\\\/person\\\/272ae98052f8ee8980f59848df070247\",\"name\":\"Redac\u021bia UrbeaMea\",\"image\":{\"@type\":\"ImageObject\",\"inLanguage\":\"ro-RO\",\"@id\":\"https:\\\/\\\/secure.gravatar.com\\\/avatar\\\/9ce5a9435071fa1037e8468053ead8e513dbbff59009d3069aadb85506d85a27?s=96&d=mm&r=g\",\"url\":\"https:\\\/\\\/secure.gravatar.com\\\/avatar\\\/9ce5a9435071fa1037e8468053ead8e513dbbff59009d3069aadb85506d85a27?s=96&d=mm&r=g\",\"contentUrl\":\"https:\\\/\\\/secure.gravatar.com\\\/avatar\\\/9ce5a9435071fa1037e8468053ead8e513dbbff59009d3069aadb85506d85a27?s=96&d=mm&r=g\",\"caption\":\"Redac\u021bia UrbeaMea\"},\"description\":\"contact@urbeamea.ro\",\"sameAs\":[\"https:\\\/\\\/www.urbeamea.ro\"],\"url\":\"https:\\\/\\\/urbeamea.ro\\\/albaiulia\\\/author\\\/redactia-urbeamea\\\/\"}]}<\/script>\n<!-- \/ Yoast SEO plugin. -->","yoast_head_json":{"title":"Peste 3800 de volume achizi\u021bionate la Biblioteca Jude\u021bean\u0103 \u201eLucian Blaga\u201d Alba - Revista Urbea Mea - Revista de Alba","description":"\u00cen ultimii ani, fondul de carte al Bibliotecii Jude\u021bene \u201eLucian Blaga\u201d Alba a crescut considerabil, fiind actualizat periodic cu cele mai noi apari\u021bii","robots":{"index":"index","follow":"follow","max-snippet":"max-snippet:-1","max-image-preview":"max-image-preview:large","max-video-preview":"max-video-preview:-1"},"canonical":"https:\/\/urbeamea.ro\/albaiulia\/peste-3800-de-volume-achizitionate-la-biblioteca-judeteana-lucian-blaga-alba\/","twitter_card":"summary_large_image","twitter_title":"Peste 3800 de volume achizi\u021bionate la Biblioteca Jude\u021bean\u0103 \u201eLucian Blaga\u201d Alba - Revista Urbea Mea - Revista de Alba","twitter_description":"\u00cen ultimii ani, fondul de carte al Bibliotecii Jude\u021bene \u201eLucian Blaga\u201d Alba a crescut considerabil, fiind actualizat periodic cu cele mai noi apari\u021bii","twitter_image":"https:\/\/urbeamea.ro\/albaiulia\/wp-content\/uploads\/2022\/03\/Foto-Fatada-BJA.jpg","twitter_creator":"@urbeameaweb","twitter_site":"@urbeameaweb","schema":{"@context":"https:\/\/schema.org","@graph":[{"@type":"Article","@id":"https:\/\/urbeamea.ro\/albaiulia\/peste-3800-de-volume-achizitionate-la-biblioteca-judeteana-lucian-blaga-alba\/#article","isPartOf":{"@id":"https:\/\/urbeamea.ro\/albaiulia\/peste-3800-de-volume-achizitionate-la-biblioteca-judeteana-lucian-blaga-alba\/"},"author":{"name":"Redac\u021bia UrbeaMea","@id":"https:\/\/urbeamea.ro\/albaiulia\/#\/schema\/person\/272ae98052f8ee8980f59848df070247"},"headline":"Peste 3800 de volume achizi\u021bionate la Biblioteca Jude\u021bean\u0103 \u201eLucian Blaga\u201d Alba","datePublished":"2023-10-10T10:24:52+00:00","dateModified":"2023-10-10T10:24:54+00:00","mainEntityOfPage":{"@id":"https:\/\/urbeamea.ro\/albaiulia\/peste-3800-de-volume-achizitionate-la-biblioteca-judeteana-lucian-blaga-alba\/"},"wordCount":324,"commentCount":0,"image":{"@id":"https:\/\/urbeamea.ro\/albaiulia\/peste-3800-de-volume-achizitionate-la-biblioteca-judeteana-lucian-blaga-alba\/#primaryimage"},"thumbnailUrl":"https:\/\/urbeamea.ro\/albaiulia\/wp-content\/uploads\/2022\/03\/Foto-Fatada-BJA.jpg","keywords":["biblioteca judeteana alba"],"articleSection":["\u015etiri Urbane"],"inLanguage":"ro-RO","potentialAction":[{"@type":"CommentAction","name":"Comment","target":["https:\/\/urbeamea.ro\/albaiulia\/peste-3800-de-volume-achizitionate-la-biblioteca-judeteana-lucian-blaga-alba\/#respond"]}]},{"@type":"WebPage","@id":"https:\/\/urbeamea.ro\/albaiulia\/peste-3800-de-volume-achizitionate-la-biblioteca-judeteana-lucian-blaga-alba\/","url":"https:\/\/urbeamea.ro\/albaiulia\/peste-3800-de-volume-achizitionate-la-biblioteca-judeteana-lucian-blaga-alba\/","name":"Peste 3800 de volume achizi\u021bionate la Biblioteca Jude\u021bean\u0103 \u201eLucian Blaga\u201d Alba - Revista Urbea Mea - Revista de Alba","isPartOf":{"@id":"https:\/\/urbeamea.ro\/albaiulia\/#website"},"primaryImageOfPage":{"@id":"https:\/\/urbeamea.ro\/albaiulia\/peste-3800-de-volume-achizitionate-la-biblioteca-judeteana-lucian-blaga-alba\/#primaryimage"},"image":{"@id":"https:\/\/urbeamea.ro\/albaiulia\/peste-3800-de-volume-achizitionate-la-biblioteca-judeteana-lucian-blaga-alba\/#primaryimage"},"thumbnailUrl":"https:\/\/urbeamea.ro\/albaiulia\/wp-content\/uploads\/2022\/03\/Foto-Fatada-BJA.jpg","datePublished":"2023-10-10T10:24:52+00:00","dateModified":"2023-10-10T10:24:54+00:00","author":{"@id":"https:\/\/urbeamea.ro\/albaiulia\/#\/schema\/person\/272ae98052f8ee8980f59848df070247"},"description":"\u00cen ultimii ani, fondul de carte al Bibliotecii Jude\u021bene \u201eLucian Blaga\u201d Alba a crescut considerabil, fiind actualizat periodic cu cele mai noi apari\u021bii","breadcrumb":{"@id":"https:\/\/urbeamea.ro\/albaiulia\/peste-3800-de-volume-achizitionate-la-biblioteca-judeteana-lucian-blaga-alba\/#breadcrumb"},"inLanguage":"ro-RO","potentialAction":[{"@type":"ReadAction","target":["https:\/\/urbeamea.ro\/albaiulia\/peste-3800-de-volume-achizitionate-la-biblioteca-judeteana-lucian-blaga-alba\/"]}]},{"@type":"ImageObject","inLanguage":"ro-RO","@id":"https:\/\/urbeamea.ro\/albaiulia\/peste-3800-de-volume-achizitionate-la-biblioteca-judeteana-lucian-blaga-alba\/#primaryimage","url":"https:\/\/urbeamea.ro\/albaiulia\/wp-content\/uploads\/2022\/03\/Foto-Fatada-BJA.jpg","contentUrl":"https:\/\/urbeamea.ro\/albaiulia\/wp-content\/uploads\/2022\/03\/Foto-Fatada-BJA.jpg","width":1600,"height":900},{"@type":"BreadcrumbList","@id":"https:\/\/urbeamea.ro\/albaiulia\/peste-3800-de-volume-achizitionate-la-biblioteca-judeteana-lucian-blaga-alba\/#breadcrumb","itemListElement":[{"@type":"ListItem","position":1,"name":"Prima pagin\u0103","item":"https:\/\/urbeamea.ro\/albaiulia\/"},{"@type":"ListItem","position":2,"name":"Peste 3800 de volume achizi\u021bionate la Biblioteca Jude\u021bean\u0103 \u201eLucian Blaga\u201d Alba"}]},{"@type":"WebSite","@id":"https:\/\/urbeamea.ro\/albaiulia\/#website","url":"https:\/\/urbeamea.ro\/albaiulia\/","name":"Revista Urbea Mea, Stiri urbane","description":"Evenimente \u0219i \u0219tiri din Alba Iulia, Sebe\u0219, Aiud, Blaj","potentialAction":[{"@type":"SearchAction","target":{"@type":"EntryPoint","urlTemplate":"https:\/\/urbeamea.ro\/albaiulia\/?s={search_term_string}"},"query-input":{"@type":"PropertyValueSpecification","valueRequired":true,"valueName":"search_term_string"}}],"inLanguage":"ro-RO"},{"@type":"Person","@id":"https:\/\/urbeamea.ro\/albaiulia\/#\/schema\/person\/272ae98052f8ee8980f59848df070247","name":"Redac\u021bia UrbeaMea","image":{"@type":"ImageObject","inLanguage":"ro-RO","@id":"https:\/\/secure.gravatar.com\/avatar\/9ce5a9435071fa1037e8468053ead8e513dbbff59009d3069aadb85506d85a27?s=96&d=mm&r=g","url":"https:\/\/secure.gravatar.com\/avatar\/9ce5a9435071fa1037e8468053ead8e513dbbff59009d3069aadb85506d85a27?s=96&d=mm&r=g","contentUrl":"https:\/\/secure.gravatar.com\/avatar\/9ce5a9435071fa1037e8468053ead8e513dbbff59009d3069aadb85506d85a27?s=96&d=mm&r=g","caption":"Redac\u021bia UrbeaMea"},"description":"contact@urbeamea.ro","sameAs":["https:\/\/www.urbeamea.ro"],"url":"https:\/\/urbeamea.ro\/albaiulia\/author\/redactia-urbeamea\/"}]}},"_links":{"self":[{"href":"https:\/\/urbeamea.ro\/albaiulia\/wp-json\/wp\/v2\/posts\/109382","targetHints":{"allow":["GET"]}}],"collection":[{"href":"https:\/\/urbeamea.ro\/albaiulia\/wp-json\/wp\/v2\/posts"}],"about":[{"href":"https:\/\/urbeamea.ro\/albaiulia\/wp-json\/wp\/v2\/types\/post"}],"author":[{"embeddable":true,"href":"https:\/\/urbeamea.ro\/albaiulia\/wp-json\/wp\/v2\/users\/16"}],"replies":[{"embeddable":true,"href":"https:\/\/urbeamea.ro\/albaiulia\/wp-json\/wp\/v2\/comments?post=109382"}],"version-history":[{"count":1,"href":"https:\/\/urbeamea.ro\/albaiulia\/wp-json\/wp\/v2\/posts\/109382\/revisions"}],"predecessor-version":[{"id":109383,"href":"https:\/\/urbeamea.ro\/albaiulia\/wp-json\/wp\/v2\/posts\/109382\/revisions\/109383"}],"wp:featuredmedia":[{"embeddable":true,"href":"https:\/\/urbeamea.ro\/albaiulia\/wp-json\/wp\/v2\/media\/100762"}],"wp:attachment":[{"href":"https:\/\/urbeamea.ro\/albaiulia\/wp-json\/wp\/v2\/media?parent=109382"}],"wp:term":[{"taxonomy":"category","embeddable":true,"href":"https:\/\/urbeamea.ro\/albaiulia\/wp-json\/wp\/v2\/categories?post=109382"},{"taxonomy":"post_tag","embeddable":true,"href":"https:\/\/urbeamea.ro\/albaiulia\/wp-json\/wp\/v2\/tags?post=109382"}],"curies":[{"name":"wp","href":"https:\/\/api.w.org\/{rel}","templated":true}]}}