{"id":109384,"date":"2023-10-10T16:43:52","date_gmt":"2023-10-10T13:43:52","guid":{"rendered":"https:\/\/urbeamea.ro\/albaiulia\/?p=109384"},"modified":"2023-10-10T18:51:58","modified_gmt":"2023-10-10T15:51:58","slug":"haine-noi-de-la-armani-tommy-hilfiger-moncler-diesel-calvin-klein-si-alte-branduri-tari-la-maniphest-o-afacere-locala-din-noul-carolina-mall","status":"publish","type":"post","link":"https:\/\/urbeamea.ro\/albaiulia\/haine-noi-de-la-armani-tommy-hilfiger-moncler-diesel-calvin-klein-si-alte-branduri-tari-la-maniphest-o-afacere-locala-din-noul-carolina-mall\/","title":{"rendered":"Haine NOI de la Armani, Tommy Hilfiger, Moncler, Diesel, Calvin Klein \u0219i alte branduri tari, la Maniphest, o afacere local\u0103 din noul Carolina Mall"},"content":{"rendered":"\n<p><strong><em>*Din 2018, Andreea \u0219i Moreno fac din hainele de firm\u0103 un lux accesibil \u0219i pentru albaiulieni<\/em><\/strong><\/p>\n\n\n\n<p>Da, \u0219tiu, to\u021bi suntem frumo\u0219i la interior, ce e acolo conteaz\u0103, la fel ca la frigider, \u0219i compara\u021bia nu \u00eemi apar\u021bine, a scos-o cineva mai inspirat ca mine, anonimizat de viralul Internet. Totu\u0219i, \u00een ciuda antipatiei fa\u021b\u0103 de zicala \u201ehaina \u00eel face pe om\u201d, izvor\u00e2t\u0103, cel mai probabil, din puterea de cump\u0103rare tot mai firav\u0103 a adultului rom\u00e2n, undeva, tot la interior, \u0219tim c\u0103 ne-ar pl\u0103cea s\u0103 avem sau s\u0103 putem s\u0103 ne \u00eentre\u021binem un stil. Ceva care s\u0103 ne scoat\u0103 din anonimatul unui look \u0219leamp\u0103t, uniformizat cumva de lipsa de interes, dar \u0219i de op\u021biuni. Acelea\u0219i haine \u00een serie, acelea\u0219i combina\u021bii, acelea\u0219i oferte cu \u201eSummer is comming\u201d, sau autumn, dup\u0103 caz. C\u00e2nd \u0219i c\u00e2nd, mai dai cu ochii de o revist\u0103, de o reclam\u0103, \u00een general de \u201eafar\u0103\u201d, \u0219i parc\u0103 ai vrea si tu aerul acela, al modelului pozat profesional, \u00eembr\u0103cat frumos, altfel, unic f\u0103r\u0103 s\u0103 fie \u021bip\u0103tor, cu un \u201eje ne sais qoui\u201d atr\u0103g\u0103tor prin \u021binut\u0103, una care nu pare obositor de studiat\u0103.<\/p>\n\n\n\n<p>Fie c\u0103 vrem s\u0103 ne afirm\u0103m statutul, puterea de cump\u0103rare, ori stilul \u0219i personalitatea, fie c\u0103 apreciem tr\u0103inicia \u0219i garan\u021bia calit\u0103\u021bii hainelor produse de firme interna\u021bionale notorii, piesele clasice care te \u021bin forever \u0219i sunt forever in style, ne \u00eent\u00e2lnim \u00een acela\u0219i loc, la magazinele reprezentan\u021b\u0103. Dar cum reprezentan\u021b\u0103 Armani, Tommy Hilfiger, Diesel, Calvin Klein etc. nu avem \u00een Alba Iulia, eu zic s\u0103 ne vedem la Maniphest store, \u00een Carolina Mall, intrarea dinspre Carrefour.<\/p>\n\n\n\n<p>Fashion Outlet Transilvania s-a emancipat \u0219i a devenit Maniphest store, o evolu\u021bie fireasc\u0103 pentru afacerea \u00eenceput\u0103 \u00een 2018 de o albaiulianc\u0103 \u0219i so\u021bul ei, primii care au adus \u00een Alba Iulia haine noi de la branduri interna\u021bionale premium \u0219i de lux, \u00een regim outlet. Din pasiunea lor pentru haine, stil \u0219i frumos, interior-exterior, a crescut acest business care ne \u021bine \u00een pas cu moda. O afacere local\u0103 cu o imagine impecabil\u0103, unde aten\u021bia la detalii e aproape de speriat, produsele din magazin fiind alese unul c\u00e2te unul, de Andreea \u0219i Moreno, de cele mai multe ori direct de la mama lor, din Italia, \u00een spe\u021b\u0103. Mobilier, ambian\u021b\u0103, haine \u0219i accesorii, tot ce exist\u0103 la Maniphest store poart\u0103, pe l\u00e2ng\u0103 numele firmelor mari, amprenta lor. \u0218i \u0219ti\u021bi ce e cel mai tare? C\u0103 au pre\u021buri \u0219i cu dou\u0103 cifre, nu doar cu patru \u0219i nu se termin\u0103 cu euro, ci lei!<\/p>\n\n\n\n<p>Mai jos, un foarte scurt dar, sper eu, l\u0103muritor interviu cu Andreea, jum\u0103tatea foarte frumoas\u0103 din spatele unei afaceri care ne vrea frumo\u0219i, \u00eemplini\u021bi \u0219i \u00eemp\u0103ca\u021bi cu propriul stil.<\/p>\n\n\n\n<figure class=\"wp-block-gallery has-nested-images columns-default is-cropped wp-block-gallery-1 is-layout-flex wp-block-gallery-is-layout-flex\">\n<figure class=\"wp-block-image size-large\"><a href=\"https:\/\/urbeamea.ro\/albaiulia\/wp-content\/uploads\/2023\/10\/maniphest-1.jpg\"><img loading=\"lazy\" decoding=\"async\" width=\"1280\" height=\"940\" data-id=\"109385\" src=\"https:\/\/urbeamea.ro\/albaiulia\/wp-content\/uploads\/2023\/10\/maniphest-1-1280x940.jpg\" alt=\"\" class=\"wp-image-109385\" srcset=\"https:\/\/urbeamea.ro\/albaiulia\/wp-content\/uploads\/2023\/10\/maniphest-1-1280x940.jpg 1280w, https:\/\/urbeamea.ro\/albaiulia\/wp-content\/uploads\/2023\/10\/maniphest-1-640x470.jpg 640w, https:\/\/urbeamea.ro\/albaiulia\/wp-content\/uploads\/2023\/10\/maniphest-1-150x110.jpg 150w, https:\/\/urbeamea.ro\/albaiulia\/wp-content\/uploads\/2023\/10\/maniphest-1-768x564.jpg 768w, https:\/\/urbeamea.ro\/albaiulia\/wp-content\/uploads\/2023\/10\/maniphest-1-1536x1128.jpg 1536w, https:\/\/urbeamea.ro\/albaiulia\/wp-content\/uploads\/2023\/10\/maniphest-1.jpg 1600w\" sizes=\"auto, (max-width: 1280px) 100vw, 1280px\" \/><\/a><\/figure>\n\n\n\n<figure class=\"wp-block-image size-large\"><a href=\"https:\/\/urbeamea.ro\/albaiulia\/wp-content\/uploads\/2023\/10\/maniphest-8.jpg\"><img loading=\"lazy\" decoding=\"async\" width=\"1280\" height=\"960\" data-id=\"109391\" src=\"https:\/\/urbeamea.ro\/albaiulia\/wp-content\/uploads\/2023\/10\/maniphest-8-1280x960.jpg\" alt=\"\" class=\"wp-image-109391\" srcset=\"https:\/\/urbeamea.ro\/albaiulia\/wp-content\/uploads\/2023\/10\/maniphest-8-1280x960.jpg 1280w, https:\/\/urbeamea.ro\/albaiulia\/wp-content\/uploads\/2023\/10\/maniphest-8-640x480.jpg 640w, https:\/\/urbeamea.ro\/albaiulia\/wp-content\/uploads\/2023\/10\/maniphest-8-150x113.jpg 150w, https:\/\/urbeamea.ro\/albaiulia\/wp-content\/uploads\/2023\/10\/maniphest-8-768x576.jpg 768w, https:\/\/urbeamea.ro\/albaiulia\/wp-content\/uploads\/2023\/10\/maniphest-8-1536x1152.jpg 1536w, https:\/\/urbeamea.ro\/albaiulia\/wp-content\/uploads\/2023\/10\/maniphest-8.jpg 1600w\" sizes=\"auto, (max-width: 1280px) 100vw, 1280px\" \/><\/a><\/figure>\n\n\n\n<figure class=\"wp-block-image size-large\"><a href=\"https:\/\/urbeamea.ro\/albaiulia\/wp-content\/uploads\/2023\/10\/maniphest-13.jpg\"><img loading=\"lazy\" decoding=\"async\" width=\"1280\" height=\"960\" data-id=\"109392\" src=\"https:\/\/urbeamea.ro\/albaiulia\/wp-content\/uploads\/2023\/10\/maniphest-13-1280x960.jpg\" alt=\"\" class=\"wp-image-109392\" srcset=\"https:\/\/urbeamea.ro\/albaiulia\/wp-content\/uploads\/2023\/10\/maniphest-13-1280x960.jpg 1280w, https:\/\/urbeamea.ro\/albaiulia\/wp-content\/uploads\/2023\/10\/maniphest-13-640x480.jpg 640w, https:\/\/urbeamea.ro\/albaiulia\/wp-content\/uploads\/2023\/10\/maniphest-13-150x113.jpg 150w, https:\/\/urbeamea.ro\/albaiulia\/wp-content\/uploads\/2023\/10\/maniphest-13-768x576.jpg 768w, https:\/\/urbeamea.ro\/albaiulia\/wp-content\/uploads\/2023\/10\/maniphest-13-1536x1152.jpg 1536w, https:\/\/urbeamea.ro\/albaiulia\/wp-content\/uploads\/2023\/10\/maniphest-13.jpg 1600w\" sizes=\"auto, (max-width: 1280px) 100vw, 1280px\" \/><\/a><\/figure>\n\n\n\n<figure class=\"wp-block-image size-large\"><a href=\"https:\/\/urbeamea.ro\/albaiulia\/wp-content\/uploads\/2023\/10\/maniphest-12.jpg\"><img loading=\"lazy\" decoding=\"async\" width=\"1280\" height=\"960\" data-id=\"109393\" src=\"https:\/\/urbeamea.ro\/albaiulia\/wp-content\/uploads\/2023\/10\/maniphest-12-1280x960.jpg\" alt=\"\" class=\"wp-image-109393\" srcset=\"https:\/\/urbeamea.ro\/albaiulia\/wp-content\/uploads\/2023\/10\/maniphest-12-1280x960.jpg 1280w, https:\/\/urbeamea.ro\/albaiulia\/wp-content\/uploads\/2023\/10\/maniphest-12-640x480.jpg 640w, https:\/\/urbeamea.ro\/albaiulia\/wp-content\/uploads\/2023\/10\/maniphest-12-150x113.jpg 150w, https:\/\/urbeamea.ro\/albaiulia\/wp-content\/uploads\/2023\/10\/maniphest-12-768x576.jpg 768w, https:\/\/urbeamea.ro\/albaiulia\/wp-content\/uploads\/2023\/10\/maniphest-12-1536x1152.jpg 1536w, https:\/\/urbeamea.ro\/albaiulia\/wp-content\/uploads\/2023\/10\/maniphest-12.jpg 1600w\" sizes=\"auto, (max-width: 1280px) 100vw, 1280px\" \/><\/a><\/figure>\n\n\n\n<figure class=\"wp-block-image size-large\"><a href=\"https:\/\/urbeamea.ro\/albaiulia\/wp-content\/uploads\/2023\/10\/maniphest-11.jpg\"><img loading=\"lazy\" decoding=\"async\" width=\"1280\" height=\"960\" data-id=\"109394\" src=\"https:\/\/urbeamea.ro\/albaiulia\/wp-content\/uploads\/2023\/10\/maniphest-11-1280x960.jpg\" alt=\"\" class=\"wp-image-109394\" srcset=\"https:\/\/urbeamea.ro\/albaiulia\/wp-content\/uploads\/2023\/10\/maniphest-11-1280x960.jpg 1280w, https:\/\/urbeamea.ro\/albaiulia\/wp-content\/uploads\/2023\/10\/maniphest-11-640x480.jpg 640w, https:\/\/urbeamea.ro\/albaiulia\/wp-content\/uploads\/2023\/10\/maniphest-11-150x113.jpg 150w, https:\/\/urbeamea.ro\/albaiulia\/wp-content\/uploads\/2023\/10\/maniphest-11-768x576.jpg 768w, https:\/\/urbeamea.ro\/albaiulia\/wp-content\/uploads\/2023\/10\/maniphest-11-1536x1152.jpg 1536w, https:\/\/urbeamea.ro\/albaiulia\/wp-content\/uploads\/2023\/10\/maniphest-11.jpg 1600w\" sizes=\"auto, (max-width: 1280px) 100vw, 1280px\" \/><\/a><\/figure>\n\n\n\n<figure class=\"wp-block-image size-large\"><a href=\"https:\/\/urbeamea.ro\/albaiulia\/wp-content\/uploads\/2023\/10\/maniphest-10.jpg\"><img loading=\"lazy\" decoding=\"async\" width=\"1280\" height=\"960\" data-id=\"109395\" src=\"https:\/\/urbeamea.ro\/albaiulia\/wp-content\/uploads\/2023\/10\/maniphest-10-1280x960.jpg\" alt=\"\" class=\"wp-image-109395\" srcset=\"https:\/\/urbeamea.ro\/albaiulia\/wp-content\/uploads\/2023\/10\/maniphest-10-1280x960.jpg 1280w, https:\/\/urbeamea.ro\/albaiulia\/wp-content\/uploads\/2023\/10\/maniphest-10-640x480.jpg 640w, https:\/\/urbeamea.ro\/albaiulia\/wp-content\/uploads\/2023\/10\/maniphest-10-150x113.jpg 150w, https:\/\/urbeamea.ro\/albaiulia\/wp-content\/uploads\/2023\/10\/maniphest-10-768x576.jpg 768w, https:\/\/urbeamea.ro\/albaiulia\/wp-content\/uploads\/2023\/10\/maniphest-10-1536x1152.jpg 1536w, https:\/\/urbeamea.ro\/albaiulia\/wp-content\/uploads\/2023\/10\/maniphest-10.jpg 1600w\" sizes=\"auto, (max-width: 1280px) 100vw, 1280px\" \/><\/a><\/figure>\n\n\n\n<figure class=\"wp-block-image size-large\"><a href=\"https:\/\/urbeamea.ro\/albaiulia\/wp-content\/uploads\/2023\/10\/maniphest-9.jpg\"><img loading=\"lazy\" decoding=\"async\" width=\"1280\" height=\"960\" data-id=\"109396\" src=\"https:\/\/urbeamea.ro\/albaiulia\/wp-content\/uploads\/2023\/10\/maniphest-9-1280x960.jpg\" alt=\"\" class=\"wp-image-109396\" srcset=\"https:\/\/urbeamea.ro\/albaiulia\/wp-content\/uploads\/2023\/10\/maniphest-9-1280x960.jpg 1280w, https:\/\/urbeamea.ro\/albaiulia\/wp-content\/uploads\/2023\/10\/maniphest-9-640x480.jpg 640w, https:\/\/urbeamea.ro\/albaiulia\/wp-content\/uploads\/2023\/10\/maniphest-9-150x113.jpg 150w, https:\/\/urbeamea.ro\/albaiulia\/wp-content\/uploads\/2023\/10\/maniphest-9-768x576.jpg 768w, https:\/\/urbeamea.ro\/albaiulia\/wp-content\/uploads\/2023\/10\/maniphest-9-1536x1152.jpg 1536w, https:\/\/urbeamea.ro\/albaiulia\/wp-content\/uploads\/2023\/10\/maniphest-9.jpg 1600w\" sizes=\"auto, (max-width: 1280px) 100vw, 1280px\" \/><\/a><\/figure>\n\n\n\n<figure class=\"wp-block-image size-large\"><a href=\"https:\/\/urbeamea.ro\/albaiulia\/wp-content\/uploads\/2023\/10\/maniphest-7.jpg\"><img loading=\"lazy\" decoding=\"async\" width=\"1280\" height=\"960\" data-id=\"109397\" src=\"https:\/\/urbeamea.ro\/albaiulia\/wp-content\/uploads\/2023\/10\/maniphest-7-1280x960.jpg\" alt=\"\" class=\"wp-image-109397\" srcset=\"https:\/\/urbeamea.ro\/albaiulia\/wp-content\/uploads\/2023\/10\/maniphest-7-1280x960.jpg 1280w, https:\/\/urbeamea.ro\/albaiulia\/wp-content\/uploads\/2023\/10\/maniphest-7-640x480.jpg 640w, https:\/\/urbeamea.ro\/albaiulia\/wp-content\/uploads\/2023\/10\/maniphest-7-150x113.jpg 150w, https:\/\/urbeamea.ro\/albaiulia\/wp-content\/uploads\/2023\/10\/maniphest-7-768x576.jpg 768w, https:\/\/urbeamea.ro\/albaiulia\/wp-content\/uploads\/2023\/10\/maniphest-7-1536x1152.jpg 1536w, https:\/\/urbeamea.ro\/albaiulia\/wp-content\/uploads\/2023\/10\/maniphest-7.jpg 1600w\" sizes=\"auto, (max-width: 1280px) 100vw, 1280px\" \/><\/a><\/figure>\n<\/figure>\n\n\n\n<p><strong>Urbea Mea: Mai \u00eent\u00e2i s\u0103 l\u0103murim o dat\u0103 pentru totdeauna ce \u00eenseamn\u0103 termenul de outlet c\u00e2nd vine vorba de haine.<\/strong><\/p>\n\n\n\n<p><strong>Andreea-Maniphest store: <\/strong><em>A\u0219 \u00eencepe cu ce nu \u00eenseamn\u0103. Nu \u00eenseamn\u0103 second hand, purtate, uzate, ori vechi. Nu \u00eenseamn\u0103 nici fake, nici replici, nici aproape de firm\u0103, dar nu chiar firm\u0103. \u00censeamn\u0103 haine \u0219i produse noi, originale, chiar \u0219i cu certificat de autenticitate, achizi\u021bionate de la marele case de mod\u0103, ori branduri interna\u021bionale celebre. La noi, la Maniphest, mai \u00eenseamn\u0103 \u0219i piese unice, pe care le aducem \u00eentr-o singur\u0103 m\u0103rime, practic, o singur\u0103 bucat\u0103. \u00censeamn\u0103 garan\u021bia calit\u0103\u021bii, materiale \u0219i cus\u0103turi f\u0103r\u0103 cusur, \u00eenseamn\u0103 respect fa\u021b\u0103 de produs \u0219i client, celui din urm\u0103 fiindu-i propuse \u021binute complete, g\u00e2ndite de noi, av\u00e2nd totodat\u0103 op\u021biunea s\u0103-\u0219i construiasc\u0103 sau s\u0103-\u0219i completeze propriul look cu hainele \u0219i accesoriile pe care noi le-am selectat din oferta celor mai sonore firme, \u00eentre ele: Armani, Tommy Hilfiger, Moncler, Diesel, Calvin Klein, Moschino, Guess, Levis, Philipp Plein,<\/em> <em>Maison Margiela, Ermanno Scervino, Patrizia Pepe, Pinko etc.<\/em><\/p>\n\n\n\n<p><strong>Urbea Mea: Cui se adreseaz\u0103 magazinul vostru \u0219i ce stiluri cultiva\u021bi la Maniphest?<\/strong><\/p>\n\n\n\n<p><strong>Andreea-Maniphest store: <\/strong><em>Ne adres\u0103m oricui crede c\u0103 merit\u0103 ce e mai bun! Avem produse at\u00e2t pentru femei, c\u00e2t \u0219i pentru b\u0103rba\u021bi, \u00eencep\u00e2nd de la cele mai mici m\u0103rimi, p\u00e2n\u0103 la cel mai mare num\u0103r produs de brandurile pe care le comercializ\u0103m. \u00cen ceea ce prive\u0219te stilul hainelor pe care le propunem, acesta variaz\u0103 de la sport la casual \u0219i smart-casul, merg\u00e2nd p\u00e2n\u0103 la cel elegant. Am convingerea, nu doar c\u0103 \u00eemi place s\u0103 cred, c\u0103 la Maniphest oricine poate g\u0103si cel pu\u021bin o pies\u0103 de vestimenta\u021bie, ori o geant\u0103 sau pereche de ochelari care s\u0103-l ajute s\u0103-\u0219i exprime personalitatea. \u00cempreun\u0103 cu Moreno, alegem cu grij\u0103 fiecare articol pe care \u00eel cump\u0103r\u0103m pentru magazin, ni-l imagin\u0103m deja \u00een diverse combina\u021bii, avem \u0219i profilul poten\u021bialului cump\u0103r\u0103tor, configurat pentru fiecare, nu pu\u021bine fiind ocaziile \u00een care am anticipat spre ce produs se vor \u00eendrepta cei care ne-au devenit clien\u021bi.<\/em><\/p>\n\n\n\n<p><strong>Urbea Mea: C\u00e2t de des aduce\u021bi marf\u0103 \u0219i de unde?<\/strong><\/p>\n\n\n\n<p><strong>Andreea \u2013 Maniphest store: <\/strong><em>Marfa din magazin se completeaz\u0103 s\u0103pt\u0103m\u00e2nal, chiar dac\u0103 nu c\u0103l\u0103torim s\u0103pt\u0103m\u00e2nal \u00een Italia, acolo unde ne-am obi\u0219nuit s\u0103 ne facem cump\u0103r\u0103turile pentru Maniphest. De cele mai multe ori prefer\u0103m c\u0103 cump\u0103r\u0103m produsele de la fa\u021ba locului, s\u0103 le sim\u021bim textura, s\u0103 le vedem \u00een magazin, acolo unde putem lua cel mai bine pulsul modei \u0219i al trendurilor. Practic, \u00eencerc\u0103m s\u0103 aducem ceva din atmosfera pe care o \u00eent\u00e2lnim pe str\u0103zile de acolo, aici, acas\u0103. Iubesc lumea pestri\u021b\u0103, \u00een care varietatea te face s\u0103 te opre\u0219ti la fiecare individ, s\u0103-i admiri unicitatea. Nu e nimic kitschios la mijloc, doar un&nbsp; carnaval al personalit\u0103\u021bilor care \u0219i-au ales costuma\u021bia potrivit\u0103 pentru firea \u0219i starea lor din acea zi.<\/em><\/p>\n\n\n\n<p><em>\u00cen fine, se \u00eent\u00e2mpl\u0103 s\u0103 prospect\u0103m \u0219i \u00een mediul online, iar c\u00e2nd ceva e pur \u0219i simplu prea bun s\u0103-l l\u0103s\u0103m \u201epe raft\u201d, ne umplem co\u0219ul virtual \u0219i a\u0219a complet\u0103m marfa deja existent\u0103 \u00een magazin.<\/em><\/p>\n\n\n\n<p><strong>Urbea Mea: Magazinul arat\u0103 \u00eentr-un mare fel, marfa la fel, imaginea pe canalele de social media, impecabil\u0103. Dar cum r\u0103m\u00e2ne cu pre\u021bul? Toate aceste branduri mari, aerul de lux, ambian\u021ba, pot fi u\u0219or intimidante.<\/strong><\/p>\n\n\n\n<p><strong>Andreea-Maniphest store: <\/strong><em>&nbsp;Am creat un concept de magazin pe sufletul nostru, pentru o experien\u021b\u0103 de cump\u0103r\u0103turi pl\u0103cut\u0103, cu marf\u0103 de cea mai bun\u0103 calitate, a\u0219a cum ne-am dori toate s\u0103 fie, pentru fiecare dintre noi. Pre\u021burile produselor au peste 50% reducere fa\u021b\u0103 de cele pe care l-au avut la raft, \u00een reprezentan\u021bele marilor branduri. Calitatea acestora nu este inferioar\u0103 fa\u021b\u0103 de cea a hainelor pe care le g\u0103se\u0219ti \u00een magazine de retail clasice, iar pre\u021bul sc\u0103zut se datoreaz\u0103 stocului care dep\u0103\u0219e\u0219te puterea de depozitare sau cererea pie\u021bei \u00een \u021bara de origine. \u0218tiu c\u0103 vrei exemple concrete \u0219i cifre, a\u0219a c\u0103, orientativ, un tricou Diesel poate fi cump\u0103rat cu 140 de lei, blugii variaz\u0103 \u00eentre 240 \u0219i 500 de lei, iar \u00een acest moment, cele mai scumpe articole din magazin sunt o pereche de ochelari Moncler, la 1.500 de lei \u0219i un palton Armani, din l\u00e2n\u0103, la 1.000 de lei. Toate noi, toate cu etichet\u0103, toate originale.<\/em><\/p>\n\n\n\n<p><strong>Urbea Mea: Cum putem deosebi un produs original de unul contraf\u0103cut?<\/strong><\/p>\n\n\n\n<p><strong>Andreea-Maniphest store: <\/strong><em>Este foarte greu, \u00een ziua de ast\u0103zi, s\u0103 identifici fake-urile, s\u0103 le deosebe\u0219ti de originale. Unele branduri au hologram\u0103, dar majoritatea nu. Totu\u0219i, \u00een ceea ce prive\u0219te falsurile, calitatea este vizibil inferioar\u0103, chiar dac\u0103 se g\u0103sesc \u0219i replici bine f\u0103cute. Diferen\u021ba se vede la materiale, la cus\u0103turi, la finisajele cu aspect neterminat.<\/em><\/p>\n\n\n\n<p><em>\u00cen cazul nostru, avem garan\u021bia originalit\u0103\u021bii de la furnizorii din Italia, care sunt autoriza\u021bi s\u0103 v\u00e2nd\u0103 diverse branduri.<\/em> <em>Calitatea \u0219i durata produsului fac, de asemenea, diferen\u021ba, dar de ele \u00ee\u021bi poti da seama doar \u00een timp. Practic, a\u0219a ne-am fidelizat clientela, prin calitatea \u0219i durabilitatea hainelor pe care le cump\u0103r\u0103 de la noi. Avem clien\u021bi \u0219i din Cluj, Sibiu, iar turi\u0219tii str\u0103ini care nimeresc \u00eent\u00e2mpl\u0103tor la noi \u00een magazin sunt de-a dreptul mira\u021bi s\u0103 g\u0103seasc\u0103 mai toate brandurile mari la un loc, \u00een Alba Iulia, \u0219i cu pre\u021buri mult sub cele practicate la ei acas\u0103.<\/em><\/p>\n\n\n\n<p><strong>Maniphest store, it does not get better than this! Pentru o imagine de ansamblu, pute\u021bi spiona aici <\/strong><a href=\"https:\/\/www.instagram.com\/maniphest.store\" target=\"_blank\" rel=\"noreferrer noopener\"><strong>https:\/\/www.instagram.com\/maniphest.store<\/strong><\/a><strong> \u0219i aici<\/strong> <a href=\"https:\/\/www.facebook.com\/maniphest.store\" target=\"_blank\" rel=\"noreferrer noopener\">https:\/\/www.facebook.com\/maniphest.store<\/a>.<\/p>\n\n\n\n<p><strong>Pentru pip\u0103it, probat, luat acas\u0103, v\u0103 a\u0219teapt\u0103 \u00een Carolina Mall, intrarea dinspre Carrefour!<\/strong><\/p>\n\n\n\n<figure class=\"wp-block-gallery has-nested-images columns-default is-cropped wp-block-gallery-2 is-layout-flex wp-block-gallery-is-layout-flex\">\n<figure class=\"wp-block-image size-large\"><a href=\"https:\/\/urbeamea.ro\/albaiulia\/wp-content\/uploads\/2023\/10\/maniphest-5.jpg\"><img loading=\"lazy\" decoding=\"async\" width=\"914\" height=\"1280\" data-id=\"109386\" src=\"https:\/\/urbeamea.ro\/albaiulia\/wp-content\/uploads\/2023\/10\/maniphest-5-914x1280.jpg\" alt=\"\" class=\"wp-image-109386\" srcset=\"https:\/\/urbeamea.ro\/albaiulia\/wp-content\/uploads\/2023\/10\/maniphest-5-914x1280.jpg 914w, https:\/\/urbeamea.ro\/albaiulia\/wp-content\/uploads\/2023\/10\/maniphest-5-457x640.jpg 457w, https:\/\/urbeamea.ro\/albaiulia\/wp-content\/uploads\/2023\/10\/maniphest-5-107x150.jpg 107w, https:\/\/urbeamea.ro\/albaiulia\/wp-content\/uploads\/2023\/10\/maniphest-5-768x1076.jpg 768w, https:\/\/urbeamea.ro\/albaiulia\/wp-content\/uploads\/2023\/10\/maniphest-5-1096x1536.jpg 1096w, https:\/\/urbeamea.ro\/albaiulia\/wp-content\/uploads\/2023\/10\/maniphest-5.jpg 1142w\" sizes=\"auto, (max-width: 914px) 100vw, 914px\" \/><\/a><\/figure>\n\n\n\n<figure class=\"wp-block-image size-large\"><a href=\"https:\/\/urbeamea.ro\/albaiulia\/wp-content\/uploads\/2023\/10\/maniphest-4.jpg\"><img loading=\"lazy\" decoding=\"async\" width=\"853\" height=\"1280\" data-id=\"109387\" src=\"https:\/\/urbeamea.ro\/albaiulia\/wp-content\/uploads\/2023\/10\/maniphest-4-853x1280.jpg\" alt=\"\" class=\"wp-image-109387\" srcset=\"https:\/\/urbeamea.ro\/albaiulia\/wp-content\/uploads\/2023\/10\/maniphest-4-853x1280.jpg 853w, https:\/\/urbeamea.ro\/albaiulia\/wp-content\/uploads\/2023\/10\/maniphest-4-426x640.jpg 426w, https:\/\/urbeamea.ro\/albaiulia\/wp-content\/uploads\/2023\/10\/maniphest-4-100x150.jpg 100w, https:\/\/urbeamea.ro\/albaiulia\/wp-content\/uploads\/2023\/10\/maniphest-4-768x1153.jpg 768w, https:\/\/urbeamea.ro\/albaiulia\/wp-content\/uploads\/2023\/10\/maniphest-4-1023x1536.jpg 1023w, https:\/\/urbeamea.ro\/albaiulia\/wp-content\/uploads\/2023\/10\/maniphest-4.jpg 1066w\" sizes=\"auto, (max-width: 853px) 100vw, 853px\" \/><\/a><\/figure>\n\n\n\n<figure class=\"wp-block-image size-large\"><a href=\"https:\/\/urbeamea.ro\/albaiulia\/wp-content\/uploads\/2023\/10\/maniphest-2.jpg\"><img loading=\"lazy\" decoding=\"async\" width=\"853\" height=\"1280\" data-id=\"109388\" src=\"https:\/\/urbeamea.ro\/albaiulia\/wp-content\/uploads\/2023\/10\/maniphest-2-853x1280.jpg\" alt=\"\" class=\"wp-image-109388\" srcset=\"https:\/\/urbeamea.ro\/albaiulia\/wp-content\/uploads\/2023\/10\/maniphest-2-853x1280.jpg 853w, https:\/\/urbeamea.ro\/albaiulia\/wp-content\/uploads\/2023\/10\/maniphest-2-426x640.jpg 426w, https:\/\/urbeamea.ro\/albaiulia\/wp-content\/uploads\/2023\/10\/maniphest-2-100x150.jpg 100w, https:\/\/urbeamea.ro\/albaiulia\/wp-content\/uploads\/2023\/10\/maniphest-2-768x1153.jpg 768w, https:\/\/urbeamea.ro\/albaiulia\/wp-content\/uploads\/2023\/10\/maniphest-2-1023x1536.jpg 1023w, https:\/\/urbeamea.ro\/albaiulia\/wp-content\/uploads\/2023\/10\/maniphest-2.jpg 1066w\" sizes=\"auto, (max-width: 853px) 100vw, 853px\" \/><\/a><\/figure>\n\n\n\n<figure class=\"wp-block-image size-large\"><a href=\"https:\/\/urbeamea.ro\/albaiulia\/wp-content\/uploads\/2023\/10\/maniphest-3.jpg\"><img loading=\"lazy\" decoding=\"async\" width=\"839\" height=\"1280\" data-id=\"109389\" src=\"https:\/\/urbeamea.ro\/albaiulia\/wp-content\/uploads\/2023\/10\/maniphest-3-839x1280.jpg\" alt=\"\" class=\"wp-image-109389\" srcset=\"https:\/\/urbeamea.ro\/albaiulia\/wp-content\/uploads\/2023\/10\/maniphest-3-839x1280.jpg 839w, https:\/\/urbeamea.ro\/albaiulia\/wp-content\/uploads\/2023\/10\/maniphest-3-420x640.jpg 420w, https:\/\/urbeamea.ro\/albaiulia\/wp-content\/uploads\/2023\/10\/maniphest-3-98x150.jpg 98w, https:\/\/urbeamea.ro\/albaiulia\/wp-content\/uploads\/2023\/10\/maniphest-3-768x1171.jpg 768w, https:\/\/urbeamea.ro\/albaiulia\/wp-content\/uploads\/2023\/10\/maniphest-3-1007x1536.jpg 1007w, https:\/\/urbeamea.ro\/albaiulia\/wp-content\/uploads\/2023\/10\/maniphest-3.jpg 1049w\" sizes=\"auto, (max-width: 839px) 100vw, 839px\" \/><\/a><\/figure>\n\n\n\n<figure class=\"wp-block-image size-large\"><a href=\"https:\/\/urbeamea.ro\/albaiulia\/wp-content\/uploads\/2023\/10\/maniphest-6.jpg\"><img loading=\"lazy\" decoding=\"async\" width=\"853\" height=\"1280\" data-id=\"109390\" src=\"https:\/\/urbeamea.ro\/albaiulia\/wp-content\/uploads\/2023\/10\/maniphest-6-853x1280.jpg\" alt=\"\" class=\"wp-image-109390\" srcset=\"https:\/\/urbeamea.ro\/albaiulia\/wp-content\/uploads\/2023\/10\/maniphest-6-853x1280.jpg 853w, https:\/\/urbeamea.ro\/albaiulia\/wp-content\/uploads\/2023\/10\/maniphest-6-426x640.jpg 426w, https:\/\/urbeamea.ro\/albaiulia\/wp-content\/uploads\/2023\/10\/maniphest-6-100x150.jpg 100w, https:\/\/urbeamea.ro\/albaiulia\/wp-content\/uploads\/2023\/10\/maniphest-6-768x1153.jpg 768w, https:\/\/urbeamea.ro\/albaiulia\/wp-content\/uploads\/2023\/10\/maniphest-6-1023x1536.jpg 1023w, https:\/\/urbeamea.ro\/albaiulia\/wp-content\/uploads\/2023\/10\/maniphest-6.jpg 1066w\" sizes=\"auto, (max-width: 853px) 100vw, 853px\" \/><\/a><\/figure>\n<\/figure>\n","protected":false},"excerpt":{"rendered":"<p>*Din 2018, Andreea \u0219i Moreno fac din hainele de firm\u0103 un lux accesibil \u0219i pentru albaiulieni Da, \u0219tiu, to\u021bi suntem frumo\u0219i la interior, ce e acolo conteaz\u0103, la fel ca la frigider, \u0219i compara\u021bia nu \u00eemi apar\u021bine, a scos-o cineva mai inspirat ca mine, anonimizat de viralul Internet. Totu\u0219i, \u00een ciuda antipatiei fa\u021b\u0103 de zicala &hellip;<\/p>\n","protected":false},"author":27,"featured_media":109385,"comment_status":"open","ping_status":"open","sticky":false,"template":"","format":"standard","meta":{"inline_featured_image":false,"footnotes":""},"categories":[812],"tags":[24898,24902,24901,24897,24900,24899],"class_list":["post-109384","post","type-post","status-publish","format-standard","has-post-thumbnail","hentry","category-interviu","tag-armani","tag-calvin-klein","tag-diesel","tag-maniphest","tag-moncler","tag-tommy-hilfiger"],"yoast_head":"<!-- This site is optimized with the Yoast SEO plugin v27.4 - https:\/\/yoast.com\/product\/yoast-seo-wordpress\/ -->\n<title>Haine NOI de la Armani, Tommy Hilfiger, Moncler, Diesel, Calvin Klein \u0219i alte branduri tari, la Maniphest, o afacere local\u0103 din noul Carolina Mall - Revista Urbea Mea - Revista de Alba<\/title>\n<meta name=\"description\" content=\"*Din 2018, Andreea \u0219i Moreno fac din hainele de firm\u0103 un lux accesibil \u0219i pentru albaiulieni Da, \u0219tiu, to\u021bi suntem frumo\u0219i la interior, ce e acolo\" \/>\n<meta name=\"robots\" content=\"index, follow, max-snippet:-1, max-image-preview:large, max-video-preview:-1\" \/>\n<link rel=\"canonical\" href=\"https:\/\/urbeamea.ro\/albaiulia\/haine-noi-de-la-armani-tommy-hilfiger-moncler-diesel-calvin-klein-si-alte-branduri-tari-la-maniphest-o-afacere-locala-din-noul-carolina-mall\/\" \/>\n<meta name=\"twitter:card\" content=\"summary_large_image\" \/>\n<meta name=\"twitter:title\" content=\"Haine NOI de la Armani, Tommy Hilfiger, Moncler, Diesel, Calvin Klein \u0219i alte branduri tari, la Maniphest, o afacere local\u0103 din noul Carolina Mall - Revista Urbea Mea - Revista de Alba\" \/>\n<meta name=\"twitter:description\" content=\"*Din 2018, Andreea \u0219i Moreno fac din hainele de firm\u0103 un lux accesibil \u0219i pentru albaiulieni Da, \u0219tiu, to\u021bi suntem frumo\u0219i la interior, ce e acolo\" \/>\n<meta name=\"twitter:image\" content=\"https:\/\/urbeamea.ro\/albaiulia\/wp-content\/uploads\/2023\/10\/maniphest-1.jpg\" \/>\n<meta name=\"twitter:creator\" content=\"@urbeameaweb\" \/>\n<meta name=\"twitter:site\" content=\"@urbeameaweb\" \/>\n<script type=\"application\/ld+json\" class=\"yoast-schema-graph\">{\"@context\":\"https:\\\/\\\/schema.org\",\"@graph\":[{\"@type\":\"Article\",\"@id\":\"https:\\\/\\\/urbeamea.ro\\\/albaiulia\\\/haine-noi-de-la-armani-tommy-hilfiger-moncler-diesel-calvin-klein-si-alte-branduri-tari-la-maniphest-o-afacere-locala-din-noul-carolina-mall\\\/#article\",\"isPartOf\":{\"@id\":\"https:\\\/\\\/urbeamea.ro\\\/albaiulia\\\/haine-noi-de-la-armani-tommy-hilfiger-moncler-diesel-calvin-klein-si-alte-branduri-tari-la-maniphest-o-afacere-locala-din-noul-carolina-mall\\\/\"},\"author\":{\"name\":\"Stoia Daniela\",\"@id\":\"https:\\\/\\\/urbeamea.ro\\\/albaiulia\\\/#\\\/schema\\\/person\\\/91e3c5a380c685aef9f0295ef6449b3c\"},\"headline\":\"Haine NOI de la Armani, Tommy Hilfiger, Moncler, Diesel, Calvin Klein \u0219i alte branduri tari, la Maniphest, o afacere local\u0103 din noul Carolina Mall\",\"datePublished\":\"2023-10-10T13:43:52+00:00\",\"dateModified\":\"2023-10-10T15:51:58+00:00\",\"mainEntityOfPage\":{\"@id\":\"https:\\\/\\\/urbeamea.ro\\\/albaiulia\\\/haine-noi-de-la-armani-tommy-hilfiger-moncler-diesel-calvin-klein-si-alte-branduri-tari-la-maniphest-o-afacere-locala-din-noul-carolina-mall\\\/\"},\"wordCount\":1507,\"commentCount\":0,\"image\":{\"@id\":\"https:\\\/\\\/urbeamea.ro\\\/albaiulia\\\/haine-noi-de-la-armani-tommy-hilfiger-moncler-diesel-calvin-klein-si-alte-branduri-tari-la-maniphest-o-afacere-locala-din-noul-carolina-mall\\\/#primaryimage\"},\"thumbnailUrl\":\"https:\\\/\\\/urbeamea.ro\\\/albaiulia\\\/wp-content\\\/uploads\\\/2023\\\/10\\\/maniphest-1.jpg\",\"keywords\":[\"Armani\",\"Calvin Klein\",\"Diesel\",\"Maniphest\",\"Moncler\",\"Tommy Hilfiger\"],\"articleSection\":[\"Interviuri\"],\"inLanguage\":\"ro-RO\",\"potentialAction\":[{\"@type\":\"CommentAction\",\"name\":\"Comment\",\"target\":[\"https:\\\/\\\/urbeamea.ro\\\/albaiulia\\\/haine-noi-de-la-armani-tommy-hilfiger-moncler-diesel-calvin-klein-si-alte-branduri-tari-la-maniphest-o-afacere-locala-din-noul-carolina-mall\\\/#respond\"]}]},{\"@type\":\"WebPage\",\"@id\":\"https:\\\/\\\/urbeamea.ro\\\/albaiulia\\\/haine-noi-de-la-armani-tommy-hilfiger-moncler-diesel-calvin-klein-si-alte-branduri-tari-la-maniphest-o-afacere-locala-din-noul-carolina-mall\\\/\",\"url\":\"https:\\\/\\\/urbeamea.ro\\\/albaiulia\\\/haine-noi-de-la-armani-tommy-hilfiger-moncler-diesel-calvin-klein-si-alte-branduri-tari-la-maniphest-o-afacere-locala-din-noul-carolina-mall\\\/\",\"name\":\"Haine NOI de la Armani, Tommy Hilfiger, Moncler, Diesel, Calvin Klein \u0219i alte branduri tari, la Maniphest, o afacere local\u0103 din noul Carolina Mall - Revista Urbea Mea - Revista de Alba\",\"isPartOf\":{\"@id\":\"https:\\\/\\\/urbeamea.ro\\\/albaiulia\\\/#website\"},\"primaryImageOfPage\":{\"@id\":\"https:\\\/\\\/urbeamea.ro\\\/albaiulia\\\/haine-noi-de-la-armani-tommy-hilfiger-moncler-diesel-calvin-klein-si-alte-branduri-tari-la-maniphest-o-afacere-locala-din-noul-carolina-mall\\\/#primaryimage\"},\"image\":{\"@id\":\"https:\\\/\\\/urbeamea.ro\\\/albaiulia\\\/haine-noi-de-la-armani-tommy-hilfiger-moncler-diesel-calvin-klein-si-alte-branduri-tari-la-maniphest-o-afacere-locala-din-noul-carolina-mall\\\/#primaryimage\"},\"thumbnailUrl\":\"https:\\\/\\\/urbeamea.ro\\\/albaiulia\\\/wp-content\\\/uploads\\\/2023\\\/10\\\/maniphest-1.jpg\",\"datePublished\":\"2023-10-10T13:43:52+00:00\",\"dateModified\":\"2023-10-10T15:51:58+00:00\",\"author\":{\"@id\":\"https:\\\/\\\/urbeamea.ro\\\/albaiulia\\\/#\\\/schema\\\/person\\\/91e3c5a380c685aef9f0295ef6449b3c\"},\"description\":\"*Din 2018, Andreea \u0219i Moreno fac din hainele de firm\u0103 un lux accesibil \u0219i pentru albaiulieni Da, \u0219tiu, to\u021bi suntem frumo\u0219i la interior, ce e acolo\",\"breadcrumb\":{\"@id\":\"https:\\\/\\\/urbeamea.ro\\\/albaiulia\\\/haine-noi-de-la-armani-tommy-hilfiger-moncler-diesel-calvin-klein-si-alte-branduri-tari-la-maniphest-o-afacere-locala-din-noul-carolina-mall\\\/#breadcrumb\"},\"inLanguage\":\"ro-RO\",\"potentialAction\":[{\"@type\":\"ReadAction\",\"target\":[\"https:\\\/\\\/urbeamea.ro\\\/albaiulia\\\/haine-noi-de-la-armani-tommy-hilfiger-moncler-diesel-calvin-klein-si-alte-branduri-tari-la-maniphest-o-afacere-locala-din-noul-carolina-mall\\\/\"]}]},{\"@type\":\"ImageObject\",\"inLanguage\":\"ro-RO\",\"@id\":\"https:\\\/\\\/urbeamea.ro\\\/albaiulia\\\/haine-noi-de-la-armani-tommy-hilfiger-moncler-diesel-calvin-klein-si-alte-branduri-tari-la-maniphest-o-afacere-locala-din-noul-carolina-mall\\\/#primaryimage\",\"url\":\"https:\\\/\\\/urbeamea.ro\\\/albaiulia\\\/wp-content\\\/uploads\\\/2023\\\/10\\\/maniphest-1.jpg\",\"contentUrl\":\"https:\\\/\\\/urbeamea.ro\\\/albaiulia\\\/wp-content\\\/uploads\\\/2023\\\/10\\\/maniphest-1.jpg\",\"width\":1600,\"height\":1175},{\"@type\":\"BreadcrumbList\",\"@id\":\"https:\\\/\\\/urbeamea.ro\\\/albaiulia\\\/haine-noi-de-la-armani-tommy-hilfiger-moncler-diesel-calvin-klein-si-alte-branduri-tari-la-maniphest-o-afacere-locala-din-noul-carolina-mall\\\/#breadcrumb\",\"itemListElement\":[{\"@type\":\"ListItem\",\"position\":1,\"name\":\"Prima pagin\u0103\",\"item\":\"https:\\\/\\\/urbeamea.ro\\\/albaiulia\\\/\"},{\"@type\":\"ListItem\",\"position\":2,\"name\":\"Haine NOI de la Armani, Tommy Hilfiger, Moncler, Diesel, Calvin Klein \u0219i alte branduri tari, la Maniphest, o afacere local\u0103 din noul Carolina Mall\"}]},{\"@type\":\"WebSite\",\"@id\":\"https:\\\/\\\/urbeamea.ro\\\/albaiulia\\\/#website\",\"url\":\"https:\\\/\\\/urbeamea.ro\\\/albaiulia\\\/\",\"name\":\"Revista Urbea Mea, Stiri urbane\",\"description\":\"Evenimente \u0219i \u0219tiri din Alba Iulia, Sebe\u0219, Aiud, Blaj\",\"potentialAction\":[{\"@type\":\"SearchAction\",\"target\":{\"@type\":\"EntryPoint\",\"urlTemplate\":\"https:\\\/\\\/urbeamea.ro\\\/albaiulia\\\/?s={search_term_string}\"},\"query-input\":{\"@type\":\"PropertyValueSpecification\",\"valueRequired\":true,\"valueName\":\"search_term_string\"}}],\"inLanguage\":\"ro-RO\"},{\"@type\":\"Person\",\"@id\":\"https:\\\/\\\/urbeamea.ro\\\/albaiulia\\\/#\\\/schema\\\/person\\\/91e3c5a380c685aef9f0295ef6449b3c\",\"name\":\"Stoia Daniela\",\"image\":{\"@type\":\"ImageObject\",\"inLanguage\":\"ro-RO\",\"@id\":\"https:\\\/\\\/secure.gravatar.com\\\/avatar\\\/5aaf6eef20c2b497aa6b10eb1d0ea3e79b9229f0518d4c68b0fe81d133d3c8ca?s=96&d=mm&r=g\",\"url\":\"https:\\\/\\\/secure.gravatar.com\\\/avatar\\\/5aaf6eef20c2b497aa6b10eb1d0ea3e79b9229f0518d4c68b0fe81d133d3c8ca?s=96&d=mm&r=g\",\"contentUrl\":\"https:\\\/\\\/secure.gravatar.com\\\/avatar\\\/5aaf6eef20c2b497aa6b10eb1d0ea3e79b9229f0518d4c68b0fe81d133d3c8ca?s=96&d=mm&r=g\",\"caption\":\"Stoia Daniela\"},\"url\":\"https:\\\/\\\/urbeamea.ro\\\/albaiulia\\\/author\\\/daniela-stoia\\\/\"}]}<\/script>\n<!-- \/ Yoast SEO plugin. -->","yoast_head_json":{"title":"Haine NOI de la Armani, Tommy Hilfiger, Moncler, Diesel, Calvin Klein \u0219i alte branduri tari, la Maniphest, o afacere local\u0103 din noul Carolina Mall - Revista Urbea Mea - Revista de Alba","description":"*Din 2018, Andreea \u0219i Moreno fac din hainele de firm\u0103 un lux accesibil \u0219i pentru albaiulieni Da, \u0219tiu, to\u021bi suntem frumo\u0219i la interior, ce e acolo","robots":{"index":"index","follow":"follow","max-snippet":"max-snippet:-1","max-image-preview":"max-image-preview:large","max-video-preview":"max-video-preview:-1"},"canonical":"https:\/\/urbeamea.ro\/albaiulia\/haine-noi-de-la-armani-tommy-hilfiger-moncler-diesel-calvin-klein-si-alte-branduri-tari-la-maniphest-o-afacere-locala-din-noul-carolina-mall\/","twitter_card":"summary_large_image","twitter_title":"Haine NOI de la Armani, Tommy Hilfiger, Moncler, Diesel, Calvin Klein \u0219i alte branduri tari, la Maniphest, o afacere local\u0103 din noul Carolina Mall - Revista Urbea Mea - Revista de Alba","twitter_description":"*Din 2018, Andreea \u0219i Moreno fac din hainele de firm\u0103 un lux accesibil \u0219i pentru albaiulieni Da, \u0219tiu, to\u021bi suntem frumo\u0219i la interior, ce e acolo","twitter_image":"https:\/\/urbeamea.ro\/albaiulia\/wp-content\/uploads\/2023\/10\/maniphest-1.jpg","twitter_creator":"@urbeameaweb","twitter_site":"@urbeameaweb","schema":{"@context":"https:\/\/schema.org","@graph":[{"@type":"Article","@id":"https:\/\/urbeamea.ro\/albaiulia\/haine-noi-de-la-armani-tommy-hilfiger-moncler-diesel-calvin-klein-si-alte-branduri-tari-la-maniphest-o-afacere-locala-din-noul-carolina-mall\/#article","isPartOf":{"@id":"https:\/\/urbeamea.ro\/albaiulia\/haine-noi-de-la-armani-tommy-hilfiger-moncler-diesel-calvin-klein-si-alte-branduri-tari-la-maniphest-o-afacere-locala-din-noul-carolina-mall\/"},"author":{"name":"Stoia Daniela","@id":"https:\/\/urbeamea.ro\/albaiulia\/#\/schema\/person\/91e3c5a380c685aef9f0295ef6449b3c"},"headline":"Haine NOI de la Armani, Tommy Hilfiger, Moncler, Diesel, Calvin Klein \u0219i alte branduri tari, la Maniphest, o afacere local\u0103 din noul Carolina Mall","datePublished":"2023-10-10T13:43:52+00:00","dateModified":"2023-10-10T15:51:58+00:00","mainEntityOfPage":{"@id":"https:\/\/urbeamea.ro\/albaiulia\/haine-noi-de-la-armani-tommy-hilfiger-moncler-diesel-calvin-klein-si-alte-branduri-tari-la-maniphest-o-afacere-locala-din-noul-carolina-mall\/"},"wordCount":1507,"commentCount":0,"image":{"@id":"https:\/\/urbeamea.ro\/albaiulia\/haine-noi-de-la-armani-tommy-hilfiger-moncler-diesel-calvin-klein-si-alte-branduri-tari-la-maniphest-o-afacere-locala-din-noul-carolina-mall\/#primaryimage"},"thumbnailUrl":"https:\/\/urbeamea.ro\/albaiulia\/wp-content\/uploads\/2023\/10\/maniphest-1.jpg","keywords":["Armani","Calvin Klein","Diesel","Maniphest","Moncler","Tommy Hilfiger"],"articleSection":["Interviuri"],"inLanguage":"ro-RO","potentialAction":[{"@type":"CommentAction","name":"Comment","target":["https:\/\/urbeamea.ro\/albaiulia\/haine-noi-de-la-armani-tommy-hilfiger-moncler-diesel-calvin-klein-si-alte-branduri-tari-la-maniphest-o-afacere-locala-din-noul-carolina-mall\/#respond"]}]},{"@type":"WebPage","@id":"https:\/\/urbeamea.ro\/albaiulia\/haine-noi-de-la-armani-tommy-hilfiger-moncler-diesel-calvin-klein-si-alte-branduri-tari-la-maniphest-o-afacere-locala-din-noul-carolina-mall\/","url":"https:\/\/urbeamea.ro\/albaiulia\/haine-noi-de-la-armani-tommy-hilfiger-moncler-diesel-calvin-klein-si-alte-branduri-tari-la-maniphest-o-afacere-locala-din-noul-carolina-mall\/","name":"Haine NOI de la Armani, Tommy Hilfiger, Moncler, Diesel, Calvin Klein \u0219i alte branduri tari, la Maniphest, o afacere local\u0103 din noul Carolina Mall - Revista Urbea Mea - Revista de Alba","isPartOf":{"@id":"https:\/\/urbeamea.ro\/albaiulia\/#website"},"primaryImageOfPage":{"@id":"https:\/\/urbeamea.ro\/albaiulia\/haine-noi-de-la-armani-tommy-hilfiger-moncler-diesel-calvin-klein-si-alte-branduri-tari-la-maniphest-o-afacere-locala-din-noul-carolina-mall\/#primaryimage"},"image":{"@id":"https:\/\/urbeamea.ro\/albaiulia\/haine-noi-de-la-armani-tommy-hilfiger-moncler-diesel-calvin-klein-si-alte-branduri-tari-la-maniphest-o-afacere-locala-din-noul-carolina-mall\/#primaryimage"},"thumbnailUrl":"https:\/\/urbeamea.ro\/albaiulia\/wp-content\/uploads\/2023\/10\/maniphest-1.jpg","datePublished":"2023-10-10T13:43:52+00:00","dateModified":"2023-10-10T15:51:58+00:00","author":{"@id":"https:\/\/urbeamea.ro\/albaiulia\/#\/schema\/person\/91e3c5a380c685aef9f0295ef6449b3c"},"description":"*Din 2018, Andreea \u0219i Moreno fac din hainele de firm\u0103 un lux accesibil \u0219i pentru albaiulieni Da, \u0219tiu, to\u021bi suntem frumo\u0219i la interior, ce e acolo","breadcrumb":{"@id":"https:\/\/urbeamea.ro\/albaiulia\/haine-noi-de-la-armani-tommy-hilfiger-moncler-diesel-calvin-klein-si-alte-branduri-tari-la-maniphest-o-afacere-locala-din-noul-carolina-mall\/#breadcrumb"},"inLanguage":"ro-RO","potentialAction":[{"@type":"ReadAction","target":["https:\/\/urbeamea.ro\/albaiulia\/haine-noi-de-la-armani-tommy-hilfiger-moncler-diesel-calvin-klein-si-alte-branduri-tari-la-maniphest-o-afacere-locala-din-noul-carolina-mall\/"]}]},{"@type":"ImageObject","inLanguage":"ro-RO","@id":"https:\/\/urbeamea.ro\/albaiulia\/haine-noi-de-la-armani-tommy-hilfiger-moncler-diesel-calvin-klein-si-alte-branduri-tari-la-maniphest-o-afacere-locala-din-noul-carolina-mall\/#primaryimage","url":"https:\/\/urbeamea.ro\/albaiulia\/wp-content\/uploads\/2023\/10\/maniphest-1.jpg","contentUrl":"https:\/\/urbeamea.ro\/albaiulia\/wp-content\/uploads\/2023\/10\/maniphest-1.jpg","width":1600,"height":1175},{"@type":"BreadcrumbList","@id":"https:\/\/urbeamea.ro\/albaiulia\/haine-noi-de-la-armani-tommy-hilfiger-moncler-diesel-calvin-klein-si-alte-branduri-tari-la-maniphest-o-afacere-locala-din-noul-carolina-mall\/#breadcrumb","itemListElement":[{"@type":"ListItem","position":1,"name":"Prima pagin\u0103","item":"https:\/\/urbeamea.ro\/albaiulia\/"},{"@type":"ListItem","position":2,"name":"Haine NOI de la Armani, Tommy Hilfiger, Moncler, Diesel, Calvin Klein \u0219i alte branduri tari, la Maniphest, o afacere local\u0103 din noul Carolina Mall"}]},{"@type":"WebSite","@id":"https:\/\/urbeamea.ro\/albaiulia\/#website","url":"https:\/\/urbeamea.ro\/albaiulia\/","name":"Revista Urbea Mea, Stiri urbane","description":"Evenimente \u0219i \u0219tiri din Alba Iulia, Sebe\u0219, Aiud, Blaj","potentialAction":[{"@type":"SearchAction","target":{"@type":"EntryPoint","urlTemplate":"https:\/\/urbeamea.ro\/albaiulia\/?s={search_term_string}"},"query-input":{"@type":"PropertyValueSpecification","valueRequired":true,"valueName":"search_term_string"}}],"inLanguage":"ro-RO"},{"@type":"Person","@id":"https:\/\/urbeamea.ro\/albaiulia\/#\/schema\/person\/91e3c5a380c685aef9f0295ef6449b3c","name":"Stoia Daniela","image":{"@type":"ImageObject","inLanguage":"ro-RO","@id":"https:\/\/secure.gravatar.com\/avatar\/5aaf6eef20c2b497aa6b10eb1d0ea3e79b9229f0518d4c68b0fe81d133d3c8ca?s=96&d=mm&r=g","url":"https:\/\/secure.gravatar.com\/avatar\/5aaf6eef20c2b497aa6b10eb1d0ea3e79b9229f0518d4c68b0fe81d133d3c8ca?s=96&d=mm&r=g","contentUrl":"https:\/\/secure.gravatar.com\/avatar\/5aaf6eef20c2b497aa6b10eb1d0ea3e79b9229f0518d4c68b0fe81d133d3c8ca?s=96&d=mm&r=g","caption":"Stoia Daniela"},"url":"https:\/\/urbeamea.ro\/albaiulia\/author\/daniela-stoia\/"}]}},"_links":{"self":[{"href":"https:\/\/urbeamea.ro\/albaiulia\/wp-json\/wp\/v2\/posts\/109384","targetHints":{"allow":["GET"]}}],"collection":[{"href":"https:\/\/urbeamea.ro\/albaiulia\/wp-json\/wp\/v2\/posts"}],"about":[{"href":"https:\/\/urbeamea.ro\/albaiulia\/wp-json\/wp\/v2\/types\/post"}],"author":[{"embeddable":true,"href":"https:\/\/urbeamea.ro\/albaiulia\/wp-json\/wp\/v2\/users\/27"}],"replies":[{"embeddable":true,"href":"https:\/\/urbeamea.ro\/albaiulia\/wp-json\/wp\/v2\/comments?post=109384"}],"version-history":[{"count":3,"href":"https:\/\/urbeamea.ro\/albaiulia\/wp-json\/wp\/v2\/posts\/109384\/revisions"}],"predecessor-version":[{"id":109400,"href":"https:\/\/urbeamea.ro\/albaiulia\/wp-json\/wp\/v2\/posts\/109384\/revisions\/109400"}],"wp:featuredmedia":[{"embeddable":true,"href":"https:\/\/urbeamea.ro\/albaiulia\/wp-json\/wp\/v2\/media\/109385"}],"wp:attachment":[{"href":"https:\/\/urbeamea.ro\/albaiulia\/wp-json\/wp\/v2\/media?parent=109384"}],"wp:term":[{"taxonomy":"category","embeddable":true,"href":"https:\/\/urbeamea.ro\/albaiulia\/wp-json\/wp\/v2\/categories?post=109384"},{"taxonomy":"post_tag","embeddable":true,"href":"https:\/\/urbeamea.ro\/albaiulia\/wp-json\/wp\/v2\/tags?post=109384"}],"curies":[{"name":"wp","href":"https:\/\/api.w.org\/{rel}","templated":true}]}}