{"id":109412,"date":"2023-10-13T15:22:12","date_gmt":"2023-10-13T12:22:12","guid":{"rendered":"https:\/\/urbeamea.ro\/albaiulia\/?p=109412"},"modified":"2023-10-13T15:22:13","modified_gmt":"2023-10-13T12:22:13","slug":"teodor-laurean-lanseaza-izolarium-si-nebunul-din-capatul-satului-luni-la-biblioteca-comunala-radesti","status":"publish","type":"post","link":"https:\/\/urbeamea.ro\/albaiulia\/teodor-laurean-lanseaza-izolarium-si-nebunul-din-capatul-satului-luni-la-biblioteca-comunala-radesti\/","title":{"rendered":"Teodor Laurean lanseaz\u0103 \u201eIzolarium\u201d \u0219i \u201eNebunul din cap\u0103tul satului\u201d, luni, la Biblioteca Comunal\u0103 R\u0103de\u0219ti"},"content":{"rendered":"\n<p>Consiliul Jude\u021bean Alba \u0219i Biblioteca Jude\u021bean\u0103 \u201eLucian Blaga\u201d Alba v\u0103 invit\u0103 luni, 16 octombrie 2023, \u00eencep\u00e2nd cu ora 16.00, la Biblioteca Comunal\u0103 R\u0103de\u0219ti, ocazie cu care vor fi lansate \u0219i prezentate volumele \u201eIzolarium\u201d \u0219i \u201eNebunul din cap\u0103tul satului\u201d semnate de autorul Teodor Laurean.<\/p>\n\n\n\n<p>\u00cen urma implement\u0103rii Raftului Bibliotecii Jude\u021bene \u201eLucian Blaga\u201d Alba la R\u0103de\u0219ti, \u00een octombrie 2022, institu\u021bia noastr\u0103 a p\u0103strat o str\u00e2ns\u0103 colaborare cu Biblioteca Comunal\u0103 R\u0103de\u0219ti. Aceast\u0103 colaborare se concretizeaz\u0103 prin organizarea unei lans\u0103ri de carte a autorului autohton Teodor Laurean.<\/p>\n\n\n\n<p>La momentele care se vor desf\u0103\u0219ura luni, la Biblioteca Comunal\u0103 R\u0103de\u0219ti, vor participa, al\u0103turi de delega\u021bia Bibliotecii Jude\u021bene \u201eLucian Blaga\u201d Alba, pre\u0219edintele Consiliului Jude\u021bean Alba, Ion Dumitrel, primarul Comunei R\u0103de\u0219ti, Alin Nicula, Ioan H\u0103d\u0103rig, mangerul Centrului Cultural \u201eLiviu Rebreanu\u201d Aiud, scriitoarea Helene Pflitsch \u0219i al\u021bi invita\u021bi.<\/p>\n\n\n\n<p>Publicul prezent se va bucura de un moment liric de mare \u021binut\u0103, moderat de domnul Ioan H\u0103d\u0103rig, al\u0103turi de cele dou\u0103 invitate speciale: scriitoarea Helene Pflitsch \u0219i doamna Cornelia Milea, cadru didactic. Iar Ansamblul \u201eFlori de Mai\u201d R\u0103de\u015fti&nbsp; coordonat de doamna Liana Stoica va oferi un moment artistic special de dansuri populare.<\/p>\n\n\n\n<p>Teodor Laurean s-a n\u0103scut la 18 ianuarie 1958, \u00een localitatea Me\u0219creac, comuna R\u0103de\u0219ti, jude\u021bul Alba. A debutat \u00een anul 1976 \u00een&nbsp; ziarul jude\u021bean \u201eUnirea\u201d&nbsp; \u0219i \u00een Antologia jude\u021bean\u0103 \u201ePoarta inimii\u201d. \u00cen decursul anilor, a publicat \u00een revistele \u201eLuceaf\u0103rul\u201d, \u201eConvorbiri literare\u201d \u201eAteneu\u201d, \u201eDiscobolul\u201d, \u201eSintagme literare\u201d etc. A ob\u021binut diverse premii literare, \u00eentre care: Premiul \u201eConvorbiri literare\u201d la \u201eFestivslul \u201ePorni Luceaf\u0103rul\u201d, Ipote\u0219ti, Boto\u0219ani (1989), Premiul \u201eFamilia\u201d la Festivalul \u201ePorni Luceaf\u0103rul\u201d, Ipote\u0219ti, Boto\u0219ani (19914) sau Premiul Comitetului jude\u021bean de cultur\u0103 Alba, la Festivalul \u201eLucian Blaga\u201d Alba (1991).<\/p>\n\n\n\n<p>Evenimentul de luni are loc \u00een cadrul proiectului 3.17 Lans\u0103ri \u0219i prezent\u0103ri de carte, \u00een organizarea Consiliului Jude\u021bean Alba \u0219i a Bibliotecii Jude\u021bene \u201eLucian Blaga\u201d Alba, \u00een parteneriat cu Prim\u0103ria \u0219i Consiliul Local R\u0103de\u0219ti \u0219i Biblioteca Comunal\u0103 R\u0103de\u0219ti.<\/p>\n","protected":false},"excerpt":{"rendered":"<p>Consiliul Jude\u021bean Alba \u0219i Biblioteca Jude\u021bean\u0103 \u201eLucian Blaga\u201d Alba v\u0103 invit\u0103 luni, 16 octombrie 2023, \u00eencep\u00e2nd cu ora 16.00, la Biblioteca Comunal\u0103 R\u0103de\u0219ti, ocazie cu care vor fi lansate \u0219i prezentate volumele \u201eIzolarium\u201d \u0219i \u201eNebunul din cap\u0103tul satului\u201d semnate de autorul Teodor Laurean. \u00cen urma implement\u0103rii Raftului Bibliotecii Jude\u021bene \u201eLucian Blaga\u201d Alba la R\u0103de\u0219ti, \u00een &hellip;<\/p>\n","protected":false},"author":16,"featured_media":109413,"comment_status":"open","ping_status":"open","sticky":false,"template":"","format":"standard","meta":{"inline_featured_image":false,"footnotes":""},"categories":[4],"tags":[2113,554],"class_list":["post-109412","post","type-post","status-publish","format-standard","has-post-thumbnail","hentry","category-eveniment","tag-biblioteca-judeteana-lucian-blaga-alba","tag-lansare-carte"],"yoast_head":"<!-- This site is optimized with the Yoast SEO plugin v27.4 - https:\/\/yoast.com\/product\/yoast-seo-wordpress\/ -->\n<title>Teodor Laurean lanseaz\u0103 \u201eIzolarium\u201d \u0219i \u201eNebunul din cap\u0103tul satului\u201d, luni, la Biblioteca Comunal\u0103 R\u0103de\u0219ti - Revista Urbea Mea - Revista de Alba<\/title>\n<meta name=\"description\" content=\"Consiliul Jude\u021bean Alba \u0219i Biblioteca Jude\u021bean\u0103 \u201eLucian Blaga\u201d Alba v\u0103 invit\u0103 luni, 16 octombrie 2023, \u00eencep\u00e2nd cu ora 16.00, la Biblioteca Comunal\u0103\" \/>\n<meta name=\"robots\" content=\"index, follow, max-snippet:-1, max-image-preview:large, max-video-preview:-1\" \/>\n<link rel=\"canonical\" href=\"https:\/\/urbeamea.ro\/albaiulia\/teodor-laurean-lanseaza-izolarium-si-nebunul-din-capatul-satului-luni-la-biblioteca-comunala-radesti\/\" \/>\n<meta name=\"twitter:card\" content=\"summary_large_image\" \/>\n<meta name=\"twitter:title\" content=\"Teodor Laurean lanseaz\u0103 \u201eIzolarium\u201d \u0219i \u201eNebunul din cap\u0103tul satului\u201d, luni, la Biblioteca Comunal\u0103 R\u0103de\u0219ti - Revista Urbea Mea - Revista de Alba\" \/>\n<meta name=\"twitter:description\" content=\"Consiliul Jude\u021bean Alba \u0219i Biblioteca Jude\u021bean\u0103 \u201eLucian Blaga\u201d Alba v\u0103 invit\u0103 luni, 16 octombrie 2023, \u00eencep\u00e2nd cu ora 16.00, la Biblioteca Comunal\u0103\" \/>\n<meta name=\"twitter:image\" content=\"https:\/\/urbeamea.ro\/albaiulia\/wp-content\/uploads\/2023\/10\/Afis-3.17-Lansari-si-prezentari-de-carte-16-octombrie-2023-4.jpg\" \/>\n<meta name=\"twitter:creator\" content=\"@urbeameaweb\" \/>\n<meta name=\"twitter:site\" content=\"@urbeameaweb\" \/>\n<script type=\"application\/ld+json\" class=\"yoast-schema-graph\">{\"@context\":\"https:\\\/\\\/schema.org\",\"@graph\":[{\"@type\":\"Article\",\"@id\":\"https:\\\/\\\/urbeamea.ro\\\/albaiulia\\\/teodor-laurean-lanseaza-izolarium-si-nebunul-din-capatul-satului-luni-la-biblioteca-comunala-radesti\\\/#article\",\"isPartOf\":{\"@id\":\"https:\\\/\\\/urbeamea.ro\\\/albaiulia\\\/teodor-laurean-lanseaza-izolarium-si-nebunul-din-capatul-satului-luni-la-biblioteca-comunala-radesti\\\/\"},\"author\":{\"name\":\"Redac\u021bia UrbeaMea\",\"@id\":\"https:\\\/\\\/urbeamea.ro\\\/albaiulia\\\/#\\\/schema\\\/person\\\/272ae98052f8ee8980f59848df070247\"},\"headline\":\"Teodor Laurean lanseaz\u0103 \u201eIzolarium\u201d \u0219i \u201eNebunul din cap\u0103tul satului\u201d, luni, la Biblioteca Comunal\u0103 R\u0103de\u0219ti\",\"datePublished\":\"2023-10-13T12:22:12+00:00\",\"dateModified\":\"2023-10-13T12:22:13+00:00\",\"mainEntityOfPage\":{\"@id\":\"https:\\\/\\\/urbeamea.ro\\\/albaiulia\\\/teodor-laurean-lanseaza-izolarium-si-nebunul-din-capatul-satului-luni-la-biblioteca-comunala-radesti\\\/\"},\"wordCount\":372,\"commentCount\":0,\"image\":{\"@id\":\"https:\\\/\\\/urbeamea.ro\\\/albaiulia\\\/teodor-laurean-lanseaza-izolarium-si-nebunul-din-capatul-satului-luni-la-biblioteca-comunala-radesti\\\/#primaryimage\"},\"thumbnailUrl\":\"https:\\\/\\\/urbeamea.ro\\\/albaiulia\\\/wp-content\\\/uploads\\\/2023\\\/10\\\/Afis-3.17-Lansari-si-prezentari-de-carte-16-octombrie-2023-4.jpg\",\"keywords\":[\"Biblioteca Jude\u0163ean\u0103 \u201cLucian Blaga\u201d Alba\",\"lansare carte\"],\"articleSection\":[\"Evenimente\"],\"inLanguage\":\"ro-RO\",\"potentialAction\":[{\"@type\":\"CommentAction\",\"name\":\"Comment\",\"target\":[\"https:\\\/\\\/urbeamea.ro\\\/albaiulia\\\/teodor-laurean-lanseaza-izolarium-si-nebunul-din-capatul-satului-luni-la-biblioteca-comunala-radesti\\\/#respond\"]}]},{\"@type\":\"WebPage\",\"@id\":\"https:\\\/\\\/urbeamea.ro\\\/albaiulia\\\/teodor-laurean-lanseaza-izolarium-si-nebunul-din-capatul-satului-luni-la-biblioteca-comunala-radesti\\\/\",\"url\":\"https:\\\/\\\/urbeamea.ro\\\/albaiulia\\\/teodor-laurean-lanseaza-izolarium-si-nebunul-din-capatul-satului-luni-la-biblioteca-comunala-radesti\\\/\",\"name\":\"Teodor Laurean lanseaz\u0103 \u201eIzolarium\u201d \u0219i \u201eNebunul din cap\u0103tul satului\u201d, luni, la Biblioteca Comunal\u0103 R\u0103de\u0219ti - Revista Urbea Mea - Revista de Alba\",\"isPartOf\":{\"@id\":\"https:\\\/\\\/urbeamea.ro\\\/albaiulia\\\/#website\"},\"primaryImageOfPage\":{\"@id\":\"https:\\\/\\\/urbeamea.ro\\\/albaiulia\\\/teodor-laurean-lanseaza-izolarium-si-nebunul-din-capatul-satului-luni-la-biblioteca-comunala-radesti\\\/#primaryimage\"},\"image\":{\"@id\":\"https:\\\/\\\/urbeamea.ro\\\/albaiulia\\\/teodor-laurean-lanseaza-izolarium-si-nebunul-din-capatul-satului-luni-la-biblioteca-comunala-radesti\\\/#primaryimage\"},\"thumbnailUrl\":\"https:\\\/\\\/urbeamea.ro\\\/albaiulia\\\/wp-content\\\/uploads\\\/2023\\\/10\\\/Afis-3.17-Lansari-si-prezentari-de-carte-16-octombrie-2023-4.jpg\",\"datePublished\":\"2023-10-13T12:22:12+00:00\",\"dateModified\":\"2023-10-13T12:22:13+00:00\",\"author\":{\"@id\":\"https:\\\/\\\/urbeamea.ro\\\/albaiulia\\\/#\\\/schema\\\/person\\\/272ae98052f8ee8980f59848df070247\"},\"description\":\"Consiliul Jude\u021bean Alba \u0219i Biblioteca Jude\u021bean\u0103 \u201eLucian Blaga\u201d Alba v\u0103 invit\u0103 luni, 16 octombrie 2023, \u00eencep\u00e2nd cu ora 16.00, la Biblioteca Comunal\u0103\",\"breadcrumb\":{\"@id\":\"https:\\\/\\\/urbeamea.ro\\\/albaiulia\\\/teodor-laurean-lanseaza-izolarium-si-nebunul-din-capatul-satului-luni-la-biblioteca-comunala-radesti\\\/#breadcrumb\"},\"inLanguage\":\"ro-RO\",\"potentialAction\":[{\"@type\":\"ReadAction\",\"target\":[\"https:\\\/\\\/urbeamea.ro\\\/albaiulia\\\/teodor-laurean-lanseaza-izolarium-si-nebunul-din-capatul-satului-luni-la-biblioteca-comunala-radesti\\\/\"]}]},{\"@type\":\"ImageObject\",\"inLanguage\":\"ro-RO\",\"@id\":\"https:\\\/\\\/urbeamea.ro\\\/albaiulia\\\/teodor-laurean-lanseaza-izolarium-si-nebunul-din-capatul-satului-luni-la-biblioteca-comunala-radesti\\\/#primaryimage\",\"url\":\"https:\\\/\\\/urbeamea.ro\\\/albaiulia\\\/wp-content\\\/uploads\\\/2023\\\/10\\\/Afis-3.17-Lansari-si-prezentari-de-carte-16-octombrie-2023-4.jpg\",\"contentUrl\":\"https:\\\/\\\/urbeamea.ro\\\/albaiulia\\\/wp-content\\\/uploads\\\/2023\\\/10\\\/Afis-3.17-Lansari-si-prezentari-de-carte-16-octombrie-2023-4.jpg\",\"width\":1600,\"height\":1131},{\"@type\":\"BreadcrumbList\",\"@id\":\"https:\\\/\\\/urbeamea.ro\\\/albaiulia\\\/teodor-laurean-lanseaza-izolarium-si-nebunul-din-capatul-satului-luni-la-biblioteca-comunala-radesti\\\/#breadcrumb\",\"itemListElement\":[{\"@type\":\"ListItem\",\"position\":1,\"name\":\"Prima pagin\u0103\",\"item\":\"https:\\\/\\\/urbeamea.ro\\\/albaiulia\\\/\"},{\"@type\":\"ListItem\",\"position\":2,\"name\":\"Teodor Laurean lanseaz\u0103 \u201eIzolarium\u201d \u0219i \u201eNebunul din cap\u0103tul satului\u201d, luni, la Biblioteca Comunal\u0103 R\u0103de\u0219ti\"}]},{\"@type\":\"WebSite\",\"@id\":\"https:\\\/\\\/urbeamea.ro\\\/albaiulia\\\/#website\",\"url\":\"https:\\\/\\\/urbeamea.ro\\\/albaiulia\\\/\",\"name\":\"Revista Urbea Mea, Stiri urbane\",\"description\":\"Evenimente \u0219i \u0219tiri din Alba Iulia, Sebe\u0219, Aiud, Blaj\",\"potentialAction\":[{\"@type\":\"SearchAction\",\"target\":{\"@type\":\"EntryPoint\",\"urlTemplate\":\"https:\\\/\\\/urbeamea.ro\\\/albaiulia\\\/?s={search_term_string}\"},\"query-input\":{\"@type\":\"PropertyValueSpecification\",\"valueRequired\":true,\"valueName\":\"search_term_string\"}}],\"inLanguage\":\"ro-RO\"},{\"@type\":\"Person\",\"@id\":\"https:\\\/\\\/urbeamea.ro\\\/albaiulia\\\/#\\\/schema\\\/person\\\/272ae98052f8ee8980f59848df070247\",\"name\":\"Redac\u021bia UrbeaMea\",\"image\":{\"@type\":\"ImageObject\",\"inLanguage\":\"ro-RO\",\"@id\":\"https:\\\/\\\/secure.gravatar.com\\\/avatar\\\/9ce5a9435071fa1037e8468053ead8e513dbbff59009d3069aadb85506d85a27?s=96&d=mm&r=g\",\"url\":\"https:\\\/\\\/secure.gravatar.com\\\/avatar\\\/9ce5a9435071fa1037e8468053ead8e513dbbff59009d3069aadb85506d85a27?s=96&d=mm&r=g\",\"contentUrl\":\"https:\\\/\\\/secure.gravatar.com\\\/avatar\\\/9ce5a9435071fa1037e8468053ead8e513dbbff59009d3069aadb85506d85a27?s=96&d=mm&r=g\",\"caption\":\"Redac\u021bia UrbeaMea\"},\"description\":\"contact@urbeamea.ro\",\"sameAs\":[\"https:\\\/\\\/www.urbeamea.ro\"],\"url\":\"https:\\\/\\\/urbeamea.ro\\\/albaiulia\\\/author\\\/redactia-urbeamea\\\/\"}]}<\/script>\n<!-- \/ Yoast SEO plugin. -->","yoast_head_json":{"title":"Teodor Laurean lanseaz\u0103 \u201eIzolarium\u201d \u0219i \u201eNebunul din cap\u0103tul satului\u201d, luni, la Biblioteca Comunal\u0103 R\u0103de\u0219ti - Revista Urbea Mea - Revista de Alba","description":"Consiliul Jude\u021bean Alba \u0219i Biblioteca Jude\u021bean\u0103 \u201eLucian Blaga\u201d Alba v\u0103 invit\u0103 luni, 16 octombrie 2023, \u00eencep\u00e2nd cu ora 16.00, la Biblioteca Comunal\u0103","robots":{"index":"index","follow":"follow","max-snippet":"max-snippet:-1","max-image-preview":"max-image-preview:large","max-video-preview":"max-video-preview:-1"},"canonical":"https:\/\/urbeamea.ro\/albaiulia\/teodor-laurean-lanseaza-izolarium-si-nebunul-din-capatul-satului-luni-la-biblioteca-comunala-radesti\/","twitter_card":"summary_large_image","twitter_title":"Teodor Laurean lanseaz\u0103 \u201eIzolarium\u201d \u0219i \u201eNebunul din cap\u0103tul satului\u201d, luni, la Biblioteca Comunal\u0103 R\u0103de\u0219ti - Revista Urbea Mea - Revista de Alba","twitter_description":"Consiliul Jude\u021bean Alba \u0219i Biblioteca Jude\u021bean\u0103 \u201eLucian Blaga\u201d Alba v\u0103 invit\u0103 luni, 16 octombrie 2023, \u00eencep\u00e2nd cu ora 16.00, la Biblioteca Comunal\u0103","twitter_image":"https:\/\/urbeamea.ro\/albaiulia\/wp-content\/uploads\/2023\/10\/Afis-3.17-Lansari-si-prezentari-de-carte-16-octombrie-2023-4.jpg","twitter_creator":"@urbeameaweb","twitter_site":"@urbeameaweb","schema":{"@context":"https:\/\/schema.org","@graph":[{"@type":"Article","@id":"https:\/\/urbeamea.ro\/albaiulia\/teodor-laurean-lanseaza-izolarium-si-nebunul-din-capatul-satului-luni-la-biblioteca-comunala-radesti\/#article","isPartOf":{"@id":"https:\/\/urbeamea.ro\/albaiulia\/teodor-laurean-lanseaza-izolarium-si-nebunul-din-capatul-satului-luni-la-biblioteca-comunala-radesti\/"},"author":{"name":"Redac\u021bia UrbeaMea","@id":"https:\/\/urbeamea.ro\/albaiulia\/#\/schema\/person\/272ae98052f8ee8980f59848df070247"},"headline":"Teodor Laurean lanseaz\u0103 \u201eIzolarium\u201d \u0219i \u201eNebunul din cap\u0103tul satului\u201d, luni, la Biblioteca Comunal\u0103 R\u0103de\u0219ti","datePublished":"2023-10-13T12:22:12+00:00","dateModified":"2023-10-13T12:22:13+00:00","mainEntityOfPage":{"@id":"https:\/\/urbeamea.ro\/albaiulia\/teodor-laurean-lanseaza-izolarium-si-nebunul-din-capatul-satului-luni-la-biblioteca-comunala-radesti\/"},"wordCount":372,"commentCount":0,"image":{"@id":"https:\/\/urbeamea.ro\/albaiulia\/teodor-laurean-lanseaza-izolarium-si-nebunul-din-capatul-satului-luni-la-biblioteca-comunala-radesti\/#primaryimage"},"thumbnailUrl":"https:\/\/urbeamea.ro\/albaiulia\/wp-content\/uploads\/2023\/10\/Afis-3.17-Lansari-si-prezentari-de-carte-16-octombrie-2023-4.jpg","keywords":["Biblioteca Jude\u0163ean\u0103 \u201cLucian Blaga\u201d Alba","lansare carte"],"articleSection":["Evenimente"],"inLanguage":"ro-RO","potentialAction":[{"@type":"CommentAction","name":"Comment","target":["https:\/\/urbeamea.ro\/albaiulia\/teodor-laurean-lanseaza-izolarium-si-nebunul-din-capatul-satului-luni-la-biblioteca-comunala-radesti\/#respond"]}]},{"@type":"WebPage","@id":"https:\/\/urbeamea.ro\/albaiulia\/teodor-laurean-lanseaza-izolarium-si-nebunul-din-capatul-satului-luni-la-biblioteca-comunala-radesti\/","url":"https:\/\/urbeamea.ro\/albaiulia\/teodor-laurean-lanseaza-izolarium-si-nebunul-din-capatul-satului-luni-la-biblioteca-comunala-radesti\/","name":"Teodor Laurean lanseaz\u0103 \u201eIzolarium\u201d \u0219i \u201eNebunul din cap\u0103tul satului\u201d, luni, la Biblioteca Comunal\u0103 R\u0103de\u0219ti - Revista Urbea Mea - Revista de Alba","isPartOf":{"@id":"https:\/\/urbeamea.ro\/albaiulia\/#website"},"primaryImageOfPage":{"@id":"https:\/\/urbeamea.ro\/albaiulia\/teodor-laurean-lanseaza-izolarium-si-nebunul-din-capatul-satului-luni-la-biblioteca-comunala-radesti\/#primaryimage"},"image":{"@id":"https:\/\/urbeamea.ro\/albaiulia\/teodor-laurean-lanseaza-izolarium-si-nebunul-din-capatul-satului-luni-la-biblioteca-comunala-radesti\/#primaryimage"},"thumbnailUrl":"https:\/\/urbeamea.ro\/albaiulia\/wp-content\/uploads\/2023\/10\/Afis-3.17-Lansari-si-prezentari-de-carte-16-octombrie-2023-4.jpg","datePublished":"2023-10-13T12:22:12+00:00","dateModified":"2023-10-13T12:22:13+00:00","author":{"@id":"https:\/\/urbeamea.ro\/albaiulia\/#\/schema\/person\/272ae98052f8ee8980f59848df070247"},"description":"Consiliul Jude\u021bean Alba \u0219i Biblioteca Jude\u021bean\u0103 \u201eLucian Blaga\u201d Alba v\u0103 invit\u0103 luni, 16 octombrie 2023, \u00eencep\u00e2nd cu ora 16.00, la Biblioteca Comunal\u0103","breadcrumb":{"@id":"https:\/\/urbeamea.ro\/albaiulia\/teodor-laurean-lanseaza-izolarium-si-nebunul-din-capatul-satului-luni-la-biblioteca-comunala-radesti\/#breadcrumb"},"inLanguage":"ro-RO","potentialAction":[{"@type":"ReadAction","target":["https:\/\/urbeamea.ro\/albaiulia\/teodor-laurean-lanseaza-izolarium-si-nebunul-din-capatul-satului-luni-la-biblioteca-comunala-radesti\/"]}]},{"@type":"ImageObject","inLanguage":"ro-RO","@id":"https:\/\/urbeamea.ro\/albaiulia\/teodor-laurean-lanseaza-izolarium-si-nebunul-din-capatul-satului-luni-la-biblioteca-comunala-radesti\/#primaryimage","url":"https:\/\/urbeamea.ro\/albaiulia\/wp-content\/uploads\/2023\/10\/Afis-3.17-Lansari-si-prezentari-de-carte-16-octombrie-2023-4.jpg","contentUrl":"https:\/\/urbeamea.ro\/albaiulia\/wp-content\/uploads\/2023\/10\/Afis-3.17-Lansari-si-prezentari-de-carte-16-octombrie-2023-4.jpg","width":1600,"height":1131},{"@type":"BreadcrumbList","@id":"https:\/\/urbeamea.ro\/albaiulia\/teodor-laurean-lanseaza-izolarium-si-nebunul-din-capatul-satului-luni-la-biblioteca-comunala-radesti\/#breadcrumb","itemListElement":[{"@type":"ListItem","position":1,"name":"Prima pagin\u0103","item":"https:\/\/urbeamea.ro\/albaiulia\/"},{"@type":"ListItem","position":2,"name":"Teodor Laurean lanseaz\u0103 \u201eIzolarium\u201d \u0219i \u201eNebunul din cap\u0103tul satului\u201d, luni, la Biblioteca Comunal\u0103 R\u0103de\u0219ti"}]},{"@type":"WebSite","@id":"https:\/\/urbeamea.ro\/albaiulia\/#website","url":"https:\/\/urbeamea.ro\/albaiulia\/","name":"Revista Urbea Mea, Stiri urbane","description":"Evenimente \u0219i \u0219tiri din Alba Iulia, Sebe\u0219, Aiud, Blaj","potentialAction":[{"@type":"SearchAction","target":{"@type":"EntryPoint","urlTemplate":"https:\/\/urbeamea.ro\/albaiulia\/?s={search_term_string}"},"query-input":{"@type":"PropertyValueSpecification","valueRequired":true,"valueName":"search_term_string"}}],"inLanguage":"ro-RO"},{"@type":"Person","@id":"https:\/\/urbeamea.ro\/albaiulia\/#\/schema\/person\/272ae98052f8ee8980f59848df070247","name":"Redac\u021bia UrbeaMea","image":{"@type":"ImageObject","inLanguage":"ro-RO","@id":"https:\/\/secure.gravatar.com\/avatar\/9ce5a9435071fa1037e8468053ead8e513dbbff59009d3069aadb85506d85a27?s=96&d=mm&r=g","url":"https:\/\/secure.gravatar.com\/avatar\/9ce5a9435071fa1037e8468053ead8e513dbbff59009d3069aadb85506d85a27?s=96&d=mm&r=g","contentUrl":"https:\/\/secure.gravatar.com\/avatar\/9ce5a9435071fa1037e8468053ead8e513dbbff59009d3069aadb85506d85a27?s=96&d=mm&r=g","caption":"Redac\u021bia UrbeaMea"},"description":"contact@urbeamea.ro","sameAs":["https:\/\/www.urbeamea.ro"],"url":"https:\/\/urbeamea.ro\/albaiulia\/author\/redactia-urbeamea\/"}]}},"_links":{"self":[{"href":"https:\/\/urbeamea.ro\/albaiulia\/wp-json\/wp\/v2\/posts\/109412","targetHints":{"allow":["GET"]}}],"collection":[{"href":"https:\/\/urbeamea.ro\/albaiulia\/wp-json\/wp\/v2\/posts"}],"about":[{"href":"https:\/\/urbeamea.ro\/albaiulia\/wp-json\/wp\/v2\/types\/post"}],"author":[{"embeddable":true,"href":"https:\/\/urbeamea.ro\/albaiulia\/wp-json\/wp\/v2\/users\/16"}],"replies":[{"embeddable":true,"href":"https:\/\/urbeamea.ro\/albaiulia\/wp-json\/wp\/v2\/comments?post=109412"}],"version-history":[{"count":1,"href":"https:\/\/urbeamea.ro\/albaiulia\/wp-json\/wp\/v2\/posts\/109412\/revisions"}],"predecessor-version":[{"id":109414,"href":"https:\/\/urbeamea.ro\/albaiulia\/wp-json\/wp\/v2\/posts\/109412\/revisions\/109414"}],"wp:featuredmedia":[{"embeddable":true,"href":"https:\/\/urbeamea.ro\/albaiulia\/wp-json\/wp\/v2\/media\/109413"}],"wp:attachment":[{"href":"https:\/\/urbeamea.ro\/albaiulia\/wp-json\/wp\/v2\/media?parent=109412"}],"wp:term":[{"taxonomy":"category","embeddable":true,"href":"https:\/\/urbeamea.ro\/albaiulia\/wp-json\/wp\/v2\/categories?post=109412"},{"taxonomy":"post_tag","embeddable":true,"href":"https:\/\/urbeamea.ro\/albaiulia\/wp-json\/wp\/v2\/tags?post=109412"}],"curies":[{"name":"wp","href":"https:\/\/api.w.org\/{rel}","templated":true}]}}