{"id":109468,"date":"2023-10-20T15:44:47","date_gmt":"2023-10-20T12:44:47","guid":{"rendered":"https:\/\/urbeamea.ro\/albaiulia\/?p=109468"},"modified":"2023-10-20T15:44:49","modified_gmt":"2023-10-20T12:44:49","slug":"adr-centru-va-finanta-mediul-de-afaceri-pe-baze-competitive","status":"publish","type":"post","link":"https:\/\/urbeamea.ro\/albaiulia\/adr-centru-va-finanta-mediul-de-afaceri-pe-baze-competitive\/","title":{"rendered":"ADR Centru va finan\u021ba mediul de afaceri pe baze competitive"},"content":{"rendered":"\n<p>ADR Centru a primit \u00een ultima perioad\u0103 multe notific\u0103ri din partea poten\u021bialilor solicitan\u021bi de finan\u021bare privind posibila afectare a accesului companiilor la finan\u021bare pe baze competitive \u0219i apari\u021bia unor situa\u021bii care pot duce la diminuarea egalit\u0103\u021bii de \u0219anse. Ca atare, \u00een calitate de Autoritate de Management a Programului \u201dRegiunea Centru\u201d 2021-2027, ADR Centru a ini\u021biat procesul de modificare a mecanismului de selec\u021bie a proiectelor \u00een cadrul Interven\u021biei 1.4.1 <em>\u2013 Investi\u021bii tehnologice in IMM-uri, <\/em>cod apel PRC\/110\/PRC_P1\/OP1.<\/p>\n\n\n\n<p>Prin urmare ADR Centru emite Corrigendumul nr. 4 \u00een cadrul acestui apel, prin care perioada de depunere a cererilor de finan\u021bare se am\u00e2n\u0103 pentru intervalul 11 decembrie 2023, ora 12 \u2013 12 februarie 2024, ora 12. \u00cen continuare, Agen\u021bia pentru Dezvoltare Regional\u0103 Centru va propune Comitetului de Monitorizare al PR Centru ca metodologia de selec\u021bie a proiectelor depuse de mediul de afaceri s\u0103 se realizeze \u00een baza punctajului ob\u021binut de fiecare cerere de finan\u021bare.<\/p>\n\n\n\n<blockquote class=\"wp-block-quote is-layout-flow wp-block-quote-is-layout-flow\">\n<p><em>Ne-am angajat sa r\u0103spundem nevoilor oamenilor \u0219i fiec\u0103rui tip de poten\u021bial solicitant de finan\u021bare cu care lucr\u0103m, fie c\u0103 sunt autorit\u0103\u021bi publice, reprezentan\u021bi ai societ\u0103\u021bii civile sau ai mediului de afaceri din Regiunea Centru. Ca urmare a sesiz\u0103rilor referitoare la apelurile de proiecte pentru mediul privat, preg\u0103tim procedura de convocare a Comitetului de Monitorizare al Regiunii Centru \u2013 singura entitate care poate aproba modificarea metodologiei de selec\u021bie a proiectelor &#8211; pentru a garanta o abordare corect\u0103 a competi\u021biei dintre firmele din regiune. Am analizat toate op\u021biunile \u0219i am\u00e2n\u0103m deschiderea apelului de proiecte pentru investi\u021bii \u00een noi tehnologii pentru IMM-uri, \u00een vederea modific\u0103rii metodologiei de selec\u021bie a proiectelor. Consider\u0103m c\u0103 vom oferi astfel tuturor un r\u0103gaz pentru cre\u0219terea calit\u0103\u021bii cererilor de finan\u021bare preg\u0103tite. Vom reveni ulterior pentru a comunica solu\u021biile adoptate privind aplicarea mecanismului de selec\u021bie pe baza punctajului ob\u021binut de proiectele ce vor fi depuse \u00een cadrul acestui apel<\/em>.<\/p>\n<cite>Simion Cre\u021bu, Director general ADR Centru<\/cite><\/blockquote>\n\n\n\n<figure class=\"wp-block-gallery has-nested-images columns-default is-cropped wp-block-gallery-1 is-layout-flex wp-block-gallery-is-layout-flex\">\n<figure class=\"wp-block-image size-large\"><a href=\"https:\/\/urbeamea.ro\/albaiulia\/wp-content\/uploads\/2023\/10\/Foto_141.jpg\"><img loading=\"lazy\" decoding=\"async\" width=\"958\" height=\"349\" data-id=\"109469\" src=\"https:\/\/urbeamea.ro\/albaiulia\/wp-content\/uploads\/2023\/10\/Foto_141.jpg\" alt=\"\" class=\"wp-image-109469\" srcset=\"https:\/\/urbeamea.ro\/albaiulia\/wp-content\/uploads\/2023\/10\/Foto_141.jpg 958w, https:\/\/urbeamea.ro\/albaiulia\/wp-content\/uploads\/2023\/10\/Foto_141-640x233.jpg 640w, https:\/\/urbeamea.ro\/albaiulia\/wp-content\/uploads\/2023\/10\/Foto_141-150x55.jpg 150w, https:\/\/urbeamea.ro\/albaiulia\/wp-content\/uploads\/2023\/10\/Foto_141-768x280.jpg 768w\" sizes=\"auto, (max-width: 958px) 100vw, 958px\" \/><\/a><\/figure>\n\n\n\n<figure class=\"wp-block-image size-large\"><a href=\"https:\/\/urbeamea.ro\/albaiulia\/wp-content\/uploads\/2023\/10\/Foto_141-site_ADRC.jpg\"><img loading=\"lazy\" decoding=\"async\" width=\"1280\" height=\"525\" data-id=\"109470\" src=\"https:\/\/urbeamea.ro\/albaiulia\/wp-content\/uploads\/2023\/10\/Foto_141-site_ADRC.jpg\" alt=\"\" class=\"wp-image-109470\" srcset=\"https:\/\/urbeamea.ro\/albaiulia\/wp-content\/uploads\/2023\/10\/Foto_141-site_ADRC.jpg 1280w, https:\/\/urbeamea.ro\/albaiulia\/wp-content\/uploads\/2023\/10\/Foto_141-site_ADRC-640x263.jpg 640w, https:\/\/urbeamea.ro\/albaiulia\/wp-content\/uploads\/2023\/10\/Foto_141-site_ADRC-150x62.jpg 150w, https:\/\/urbeamea.ro\/albaiulia\/wp-content\/uploads\/2023\/10\/Foto_141-site_ADRC-768x315.jpg 768w\" sizes=\"auto, (max-width: 1280px) 100vw, 1280px\" \/><\/a><\/figure>\n<\/figure>\n","protected":false},"excerpt":{"rendered":"<p>ADR Centru a primit \u00een ultima perioad\u0103 multe notific\u0103ri din partea poten\u021bialilor solicitan\u021bi de finan\u021bare privind posibila afectare a accesului companiilor la finan\u021bare pe baze competitive \u0219i apari\u021bia unor situa\u021bii care pot duce la diminuarea egalit\u0103\u021bii de \u0219anse. Ca atare, \u00een calitate de Autoritate de Management a Programului \u201dRegiunea Centru\u201d 2021-2027, ADR Centru a ini\u021biat &hellip;<\/p>\n","protected":false},"author":16,"featured_media":109472,"comment_status":"open","ping_status":"open","sticky":false,"template":"","format":"standard","meta":{"inline_featured_image":false,"footnotes":""},"categories":[6663,1],"tags":[343],"class_list":["post-109468","post","type-post","status-publish","format-standard","has-post-thumbnail","hentry","category-economic","category-stiri-urbane","tag-adr-centru"],"yoast_head":"<!-- This site is optimized with the Yoast SEO plugin v27.4 - https:\/\/yoast.com\/product\/yoast-seo-wordpress\/ -->\n<title>ADR Centru va finan\u021ba mediul de afaceri pe baze competitive - Revista Urbea Mea - Revista de Alba<\/title>\n<meta name=\"description\" content=\"ADR Centru a primit \u00een ultima perioad\u0103 multe notific\u0103ri din partea poten\u021bialilor solicitan\u021bi de finan\u021bare privind posibila afectare a accesului\" \/>\n<meta name=\"robots\" content=\"index, follow, max-snippet:-1, max-image-preview:large, max-video-preview:-1\" \/>\n<link rel=\"canonical\" href=\"https:\/\/urbeamea.ro\/albaiulia\/adr-centru-va-finanta-mediul-de-afaceri-pe-baze-competitive\/\" \/>\n<meta name=\"twitter:card\" content=\"summary_large_image\" \/>\n<meta name=\"twitter:title\" content=\"ADR Centru va finan\u021ba mediul de afaceri pe baze competitive - Revista Urbea Mea - Revista de Alba\" \/>\n<meta name=\"twitter:description\" content=\"ADR Centru a primit \u00een ultima perioad\u0103 multe notific\u0103ri din partea poten\u021bialilor solicitan\u021bi de finan\u021bare privind posibila afectare a accesului\" \/>\n<meta name=\"twitter:image\" content=\"https:\/\/urbeamea.ro\/albaiulia\/wp-content\/uploads\/2023\/10\/Foto-141-RegioCentru.png\" \/>\n<meta name=\"twitter:creator\" content=\"@urbeameaweb\" \/>\n<meta name=\"twitter:site\" content=\"@urbeameaweb\" \/>\n<script type=\"application\/ld+json\" class=\"yoast-schema-graph\">{\"@context\":\"https:\\\/\\\/schema.org\",\"@graph\":[{\"@type\":\"Article\",\"@id\":\"https:\\\/\\\/urbeamea.ro\\\/albaiulia\\\/adr-centru-va-finanta-mediul-de-afaceri-pe-baze-competitive\\\/#article\",\"isPartOf\":{\"@id\":\"https:\\\/\\\/urbeamea.ro\\\/albaiulia\\\/adr-centru-va-finanta-mediul-de-afaceri-pe-baze-competitive\\\/\"},\"author\":{\"name\":\"Redac\u021bia UrbeaMea\",\"@id\":\"https:\\\/\\\/urbeamea.ro\\\/albaiulia\\\/#\\\/schema\\\/person\\\/272ae98052f8ee8980f59848df070247\"},\"headline\":\"ADR Centru va finan\u021ba mediul de afaceri pe baze competitive\",\"datePublished\":\"2023-10-20T12:44:47+00:00\",\"dateModified\":\"2023-10-20T12:44:49+00:00\",\"mainEntityOfPage\":{\"@id\":\"https:\\\/\\\/urbeamea.ro\\\/albaiulia\\\/adr-centru-va-finanta-mediul-de-afaceri-pe-baze-competitive\\\/\"},\"wordCount\":354,\"commentCount\":0,\"image\":{\"@id\":\"https:\\\/\\\/urbeamea.ro\\\/albaiulia\\\/adr-centru-va-finanta-mediul-de-afaceri-pe-baze-competitive\\\/#primaryimage\"},\"thumbnailUrl\":\"https:\\\/\\\/urbeamea.ro\\\/albaiulia\\\/wp-content\\\/uploads\\\/2023\\\/10\\\/Foto-141-RegioCentru.png\",\"keywords\":[\"ADR Centru\"],\"articleSection\":[\"Economic\",\"\u015etiri Urbane\"],\"inLanguage\":\"ro-RO\",\"potentialAction\":[{\"@type\":\"CommentAction\",\"name\":\"Comment\",\"target\":[\"https:\\\/\\\/urbeamea.ro\\\/albaiulia\\\/adr-centru-va-finanta-mediul-de-afaceri-pe-baze-competitive\\\/#respond\"]}]},{\"@type\":\"WebPage\",\"@id\":\"https:\\\/\\\/urbeamea.ro\\\/albaiulia\\\/adr-centru-va-finanta-mediul-de-afaceri-pe-baze-competitive\\\/\",\"url\":\"https:\\\/\\\/urbeamea.ro\\\/albaiulia\\\/adr-centru-va-finanta-mediul-de-afaceri-pe-baze-competitive\\\/\",\"name\":\"ADR Centru va finan\u021ba mediul de afaceri pe baze competitive - Revista Urbea Mea - Revista de Alba\",\"isPartOf\":{\"@id\":\"https:\\\/\\\/urbeamea.ro\\\/albaiulia\\\/#website\"},\"primaryImageOfPage\":{\"@id\":\"https:\\\/\\\/urbeamea.ro\\\/albaiulia\\\/adr-centru-va-finanta-mediul-de-afaceri-pe-baze-competitive\\\/#primaryimage\"},\"image\":{\"@id\":\"https:\\\/\\\/urbeamea.ro\\\/albaiulia\\\/adr-centru-va-finanta-mediul-de-afaceri-pe-baze-competitive\\\/#primaryimage\"},\"thumbnailUrl\":\"https:\\\/\\\/urbeamea.ro\\\/albaiulia\\\/wp-content\\\/uploads\\\/2023\\\/10\\\/Foto-141-RegioCentru.png\",\"datePublished\":\"2023-10-20T12:44:47+00:00\",\"dateModified\":\"2023-10-20T12:44:49+00:00\",\"author\":{\"@id\":\"https:\\\/\\\/urbeamea.ro\\\/albaiulia\\\/#\\\/schema\\\/person\\\/272ae98052f8ee8980f59848df070247\"},\"description\":\"ADR Centru a primit \u00een ultima perioad\u0103 multe notific\u0103ri din partea poten\u021bialilor solicitan\u021bi de finan\u021bare privind posibila afectare a accesului\",\"breadcrumb\":{\"@id\":\"https:\\\/\\\/urbeamea.ro\\\/albaiulia\\\/adr-centru-va-finanta-mediul-de-afaceri-pe-baze-competitive\\\/#breadcrumb\"},\"inLanguage\":\"ro-RO\",\"potentialAction\":[{\"@type\":\"ReadAction\",\"target\":[\"https:\\\/\\\/urbeamea.ro\\\/albaiulia\\\/adr-centru-va-finanta-mediul-de-afaceri-pe-baze-competitive\\\/\"]}]},{\"@type\":\"ImageObject\",\"inLanguage\":\"ro-RO\",\"@id\":\"https:\\\/\\\/urbeamea.ro\\\/albaiulia\\\/adr-centru-va-finanta-mediul-de-afaceri-pe-baze-competitive\\\/#primaryimage\",\"url\":\"https:\\\/\\\/urbeamea.ro\\\/albaiulia\\\/wp-content\\\/uploads\\\/2023\\\/10\\\/Foto-141-RegioCentru.png\",\"contentUrl\":\"https:\\\/\\\/urbeamea.ro\\\/albaiulia\\\/wp-content\\\/uploads\\\/2023\\\/10\\\/Foto-141-RegioCentru.png\",\"width\":1280,\"height\":633},{\"@type\":\"BreadcrumbList\",\"@id\":\"https:\\\/\\\/urbeamea.ro\\\/albaiulia\\\/adr-centru-va-finanta-mediul-de-afaceri-pe-baze-competitive\\\/#breadcrumb\",\"itemListElement\":[{\"@type\":\"ListItem\",\"position\":1,\"name\":\"Prima pagin\u0103\",\"item\":\"https:\\\/\\\/urbeamea.ro\\\/albaiulia\\\/\"},{\"@type\":\"ListItem\",\"position\":2,\"name\":\"ADR Centru va finan\u021ba mediul de afaceri pe baze competitive\"}]},{\"@type\":\"WebSite\",\"@id\":\"https:\\\/\\\/urbeamea.ro\\\/albaiulia\\\/#website\",\"url\":\"https:\\\/\\\/urbeamea.ro\\\/albaiulia\\\/\",\"name\":\"Revista Urbea Mea, Stiri urbane\",\"description\":\"Evenimente \u0219i \u0219tiri din Alba Iulia, Sebe\u0219, Aiud, Blaj\",\"potentialAction\":[{\"@type\":\"SearchAction\",\"target\":{\"@type\":\"EntryPoint\",\"urlTemplate\":\"https:\\\/\\\/urbeamea.ro\\\/albaiulia\\\/?s={search_term_string}\"},\"query-input\":{\"@type\":\"PropertyValueSpecification\",\"valueRequired\":true,\"valueName\":\"search_term_string\"}}],\"inLanguage\":\"ro-RO\"},{\"@type\":\"Person\",\"@id\":\"https:\\\/\\\/urbeamea.ro\\\/albaiulia\\\/#\\\/schema\\\/person\\\/272ae98052f8ee8980f59848df070247\",\"name\":\"Redac\u021bia UrbeaMea\",\"image\":{\"@type\":\"ImageObject\",\"inLanguage\":\"ro-RO\",\"@id\":\"https:\\\/\\\/secure.gravatar.com\\\/avatar\\\/9ce5a9435071fa1037e8468053ead8e513dbbff59009d3069aadb85506d85a27?s=96&d=mm&r=g\",\"url\":\"https:\\\/\\\/secure.gravatar.com\\\/avatar\\\/9ce5a9435071fa1037e8468053ead8e513dbbff59009d3069aadb85506d85a27?s=96&d=mm&r=g\",\"contentUrl\":\"https:\\\/\\\/secure.gravatar.com\\\/avatar\\\/9ce5a9435071fa1037e8468053ead8e513dbbff59009d3069aadb85506d85a27?s=96&d=mm&r=g\",\"caption\":\"Redac\u021bia UrbeaMea\"},\"description\":\"contact@urbeamea.ro\",\"sameAs\":[\"https:\\\/\\\/www.urbeamea.ro\"],\"url\":\"https:\\\/\\\/urbeamea.ro\\\/albaiulia\\\/author\\\/redactia-urbeamea\\\/\"}]}<\/script>\n<!-- \/ Yoast SEO plugin. -->","yoast_head_json":{"title":"ADR Centru va finan\u021ba mediul de afaceri pe baze competitive - Revista Urbea Mea - Revista de Alba","description":"ADR Centru a primit \u00een ultima perioad\u0103 multe notific\u0103ri din partea poten\u021bialilor solicitan\u021bi de finan\u021bare privind posibila afectare a accesului","robots":{"index":"index","follow":"follow","max-snippet":"max-snippet:-1","max-image-preview":"max-image-preview:large","max-video-preview":"max-video-preview:-1"},"canonical":"https:\/\/urbeamea.ro\/albaiulia\/adr-centru-va-finanta-mediul-de-afaceri-pe-baze-competitive\/","twitter_card":"summary_large_image","twitter_title":"ADR Centru va finan\u021ba mediul de afaceri pe baze competitive - Revista Urbea Mea - Revista de Alba","twitter_description":"ADR Centru a primit \u00een ultima perioad\u0103 multe notific\u0103ri din partea poten\u021bialilor solicitan\u021bi de finan\u021bare privind posibila afectare a accesului","twitter_image":"https:\/\/urbeamea.ro\/albaiulia\/wp-content\/uploads\/2023\/10\/Foto-141-RegioCentru.png","twitter_creator":"@urbeameaweb","twitter_site":"@urbeameaweb","schema":{"@context":"https:\/\/schema.org","@graph":[{"@type":"Article","@id":"https:\/\/urbeamea.ro\/albaiulia\/adr-centru-va-finanta-mediul-de-afaceri-pe-baze-competitive\/#article","isPartOf":{"@id":"https:\/\/urbeamea.ro\/albaiulia\/adr-centru-va-finanta-mediul-de-afaceri-pe-baze-competitive\/"},"author":{"name":"Redac\u021bia UrbeaMea","@id":"https:\/\/urbeamea.ro\/albaiulia\/#\/schema\/person\/272ae98052f8ee8980f59848df070247"},"headline":"ADR Centru va finan\u021ba mediul de afaceri pe baze competitive","datePublished":"2023-10-20T12:44:47+00:00","dateModified":"2023-10-20T12:44:49+00:00","mainEntityOfPage":{"@id":"https:\/\/urbeamea.ro\/albaiulia\/adr-centru-va-finanta-mediul-de-afaceri-pe-baze-competitive\/"},"wordCount":354,"commentCount":0,"image":{"@id":"https:\/\/urbeamea.ro\/albaiulia\/adr-centru-va-finanta-mediul-de-afaceri-pe-baze-competitive\/#primaryimage"},"thumbnailUrl":"https:\/\/urbeamea.ro\/albaiulia\/wp-content\/uploads\/2023\/10\/Foto-141-RegioCentru.png","keywords":["ADR Centru"],"articleSection":["Economic","\u015etiri Urbane"],"inLanguage":"ro-RO","potentialAction":[{"@type":"CommentAction","name":"Comment","target":["https:\/\/urbeamea.ro\/albaiulia\/adr-centru-va-finanta-mediul-de-afaceri-pe-baze-competitive\/#respond"]}]},{"@type":"WebPage","@id":"https:\/\/urbeamea.ro\/albaiulia\/adr-centru-va-finanta-mediul-de-afaceri-pe-baze-competitive\/","url":"https:\/\/urbeamea.ro\/albaiulia\/adr-centru-va-finanta-mediul-de-afaceri-pe-baze-competitive\/","name":"ADR Centru va finan\u021ba mediul de afaceri pe baze competitive - Revista Urbea Mea - Revista de Alba","isPartOf":{"@id":"https:\/\/urbeamea.ro\/albaiulia\/#website"},"primaryImageOfPage":{"@id":"https:\/\/urbeamea.ro\/albaiulia\/adr-centru-va-finanta-mediul-de-afaceri-pe-baze-competitive\/#primaryimage"},"image":{"@id":"https:\/\/urbeamea.ro\/albaiulia\/adr-centru-va-finanta-mediul-de-afaceri-pe-baze-competitive\/#primaryimage"},"thumbnailUrl":"https:\/\/urbeamea.ro\/albaiulia\/wp-content\/uploads\/2023\/10\/Foto-141-RegioCentru.png","datePublished":"2023-10-20T12:44:47+00:00","dateModified":"2023-10-20T12:44:49+00:00","author":{"@id":"https:\/\/urbeamea.ro\/albaiulia\/#\/schema\/person\/272ae98052f8ee8980f59848df070247"},"description":"ADR Centru a primit \u00een ultima perioad\u0103 multe notific\u0103ri din partea poten\u021bialilor solicitan\u021bi de finan\u021bare privind posibila afectare a accesului","breadcrumb":{"@id":"https:\/\/urbeamea.ro\/albaiulia\/adr-centru-va-finanta-mediul-de-afaceri-pe-baze-competitive\/#breadcrumb"},"inLanguage":"ro-RO","potentialAction":[{"@type":"ReadAction","target":["https:\/\/urbeamea.ro\/albaiulia\/adr-centru-va-finanta-mediul-de-afaceri-pe-baze-competitive\/"]}]},{"@type":"ImageObject","inLanguage":"ro-RO","@id":"https:\/\/urbeamea.ro\/albaiulia\/adr-centru-va-finanta-mediul-de-afaceri-pe-baze-competitive\/#primaryimage","url":"https:\/\/urbeamea.ro\/albaiulia\/wp-content\/uploads\/2023\/10\/Foto-141-RegioCentru.png","contentUrl":"https:\/\/urbeamea.ro\/albaiulia\/wp-content\/uploads\/2023\/10\/Foto-141-RegioCentru.png","width":1280,"height":633},{"@type":"BreadcrumbList","@id":"https:\/\/urbeamea.ro\/albaiulia\/adr-centru-va-finanta-mediul-de-afaceri-pe-baze-competitive\/#breadcrumb","itemListElement":[{"@type":"ListItem","position":1,"name":"Prima pagin\u0103","item":"https:\/\/urbeamea.ro\/albaiulia\/"},{"@type":"ListItem","position":2,"name":"ADR Centru va finan\u021ba mediul de afaceri pe baze competitive"}]},{"@type":"WebSite","@id":"https:\/\/urbeamea.ro\/albaiulia\/#website","url":"https:\/\/urbeamea.ro\/albaiulia\/","name":"Revista Urbea Mea, Stiri urbane","description":"Evenimente \u0219i \u0219tiri din Alba Iulia, Sebe\u0219, Aiud, Blaj","potentialAction":[{"@type":"SearchAction","target":{"@type":"EntryPoint","urlTemplate":"https:\/\/urbeamea.ro\/albaiulia\/?s={search_term_string}"},"query-input":{"@type":"PropertyValueSpecification","valueRequired":true,"valueName":"search_term_string"}}],"inLanguage":"ro-RO"},{"@type":"Person","@id":"https:\/\/urbeamea.ro\/albaiulia\/#\/schema\/person\/272ae98052f8ee8980f59848df070247","name":"Redac\u021bia UrbeaMea","image":{"@type":"ImageObject","inLanguage":"ro-RO","@id":"https:\/\/secure.gravatar.com\/avatar\/9ce5a9435071fa1037e8468053ead8e513dbbff59009d3069aadb85506d85a27?s=96&d=mm&r=g","url":"https:\/\/secure.gravatar.com\/avatar\/9ce5a9435071fa1037e8468053ead8e513dbbff59009d3069aadb85506d85a27?s=96&d=mm&r=g","contentUrl":"https:\/\/secure.gravatar.com\/avatar\/9ce5a9435071fa1037e8468053ead8e513dbbff59009d3069aadb85506d85a27?s=96&d=mm&r=g","caption":"Redac\u021bia UrbeaMea"},"description":"contact@urbeamea.ro","sameAs":["https:\/\/www.urbeamea.ro"],"url":"https:\/\/urbeamea.ro\/albaiulia\/author\/redactia-urbeamea\/"}]}},"_links":{"self":[{"href":"https:\/\/urbeamea.ro\/albaiulia\/wp-json\/wp\/v2\/posts\/109468","targetHints":{"allow":["GET"]}}],"collection":[{"href":"https:\/\/urbeamea.ro\/albaiulia\/wp-json\/wp\/v2\/posts"}],"about":[{"href":"https:\/\/urbeamea.ro\/albaiulia\/wp-json\/wp\/v2\/types\/post"}],"author":[{"embeddable":true,"href":"https:\/\/urbeamea.ro\/albaiulia\/wp-json\/wp\/v2\/users\/16"}],"replies":[{"embeddable":true,"href":"https:\/\/urbeamea.ro\/albaiulia\/wp-json\/wp\/v2\/comments?post=109468"}],"version-history":[{"count":1,"href":"https:\/\/urbeamea.ro\/albaiulia\/wp-json\/wp\/v2\/posts\/109468\/revisions"}],"predecessor-version":[{"id":109471,"href":"https:\/\/urbeamea.ro\/albaiulia\/wp-json\/wp\/v2\/posts\/109468\/revisions\/109471"}],"wp:featuredmedia":[{"embeddable":true,"href":"https:\/\/urbeamea.ro\/albaiulia\/wp-json\/wp\/v2\/media\/109472"}],"wp:attachment":[{"href":"https:\/\/urbeamea.ro\/albaiulia\/wp-json\/wp\/v2\/media?parent=109468"}],"wp:term":[{"taxonomy":"category","embeddable":true,"href":"https:\/\/urbeamea.ro\/albaiulia\/wp-json\/wp\/v2\/categories?post=109468"},{"taxonomy":"post_tag","embeddable":true,"href":"https:\/\/urbeamea.ro\/albaiulia\/wp-json\/wp\/v2\/tags?post=109468"}],"curies":[{"name":"wp","href":"https:\/\/api.w.org\/{rel}","templated":true}]}}