{"id":109494,"date":"2023-10-25T16:28:25","date_gmt":"2023-10-25T13:28:25","guid":{"rendered":"https:\/\/urbeamea.ro\/albaiulia\/?p=109494"},"modified":"2023-10-25T16:28:27","modified_gmt":"2023-10-25T13:28:27","slug":"via-transilvanica-in-judetul-alba","status":"publish","type":"post","link":"https:\/\/urbeamea.ro\/albaiulia\/via-transilvanica-in-judetul-alba\/","title":{"rendered":"Via Transilvanica \u00een jude\u021bul Alba"},"content":{"rendered":"\n<h3 class=\"wp-block-heading\"><strong><em>Peste 60 de c\u0103l\u0103tori europeni<\/em><\/strong> <strong><em>pe \u201dDRUMUL CARE UNE\u0218TE\u201d<\/em><\/strong><\/h3>\n\n\n\n<p>Europe Direct Regiunea Centru, al\u0103turi de structura gazd\u0103, Agen\u021bia pentru Dezvoltare Regional\u0103 Centru, au fost din nou \u00een mijlocul oamenilor \u0219i obiectivelor europene, desf\u0103\u0219ur\u00e2nd o ac\u021biune ce a implicat peste 50 de cet\u0103\u021beni mici \u0219i mari, \u00een proiectul a c\u0103rui idee s-a n\u0103scut la Alba Iulia \u0219i care dezv\u0103luie peste 2000 de ani de istorie din Rom\u00e2nia. Pe \u201dVia Transilvanica &#8211; drumul care une\u0219te\u201d ieri s-au \u00eent\u00e2lnit oameni, regiuni, genera\u021bii, valori, drume\u021bia f\u0103c\u00e2nd de azi parte din amintirea \u0219i reperele a 40 de copii de la \u0218coala Gimnazial\u0103 \u201dIuliu Maniu\u201d din Vin\u021bu de Jos \u0219i a 20 adul\u021bi de la Asocia\u021bia \u201dBiciclim Alba\u201d \u0219i ADR Centru.<\/p>\n\n\n\n<figure class=\"wp-block-image size-large\"><img loading=\"lazy\" decoding=\"async\" width=\"1280\" height=\"960\" src=\"https:\/\/urbeamea.ro\/albaiulia\/wp-content\/uploads\/2023\/10\/ED-Via-Transilvanica-2-1280x960.jpg\" alt=\"\" class=\"wp-image-109495\" srcset=\"https:\/\/urbeamea.ro\/albaiulia\/wp-content\/uploads\/2023\/10\/ED-Via-Transilvanica-2-1280x960.jpg 1280w, https:\/\/urbeamea.ro\/albaiulia\/wp-content\/uploads\/2023\/10\/ED-Via-Transilvanica-2-640x480.jpg 640w, https:\/\/urbeamea.ro\/albaiulia\/wp-content\/uploads\/2023\/10\/ED-Via-Transilvanica-2-150x113.jpg 150w, https:\/\/urbeamea.ro\/albaiulia\/wp-content\/uploads\/2023\/10\/ED-Via-Transilvanica-2-768x576.jpg 768w, https:\/\/urbeamea.ro\/albaiulia\/wp-content\/uploads\/2023\/10\/ED-Via-Transilvanica-2-1536x1152.jpg 1536w, https:\/\/urbeamea.ro\/albaiulia\/wp-content\/uploads\/2023\/10\/ED-Via-Transilvanica-2.jpg 1600w\" sizes=\"auto, (max-width: 1280px) 100vw, 1280px\" \/><\/figure>\n\n\n\n<p>Cei 60 de copii \u0219i tineri bicicli\u0219ti au str\u0103b\u0103tut pe jos sau cu bicicleta peste 15 km din traseul Terra Dacica ce face parte din Via Transilvanica. Pe o culme a dealurilor molcome de l\u00e2ng\u0103 Alba Iulia, pe traseul acestui proiect, care a c\u00e2\u0219tigat Premiul Publicului \u00een cadrul Premiilor Europene pentru Patrimoniu 2023, s-au \u00eent\u00e2lnit ieri dou\u0103 grupuri de c\u0103l\u0103tori ce au pornit separat de la Alba Iulia \u0219i din Ciugud.<\/p>\n\n\n\n<p>Activitatea este inclus\u0103 \u00een campania<strong> \u201dTraseul Solidarit\u0103\u021bii pe Drumul care Une\u0219tE\u201d<\/strong>, realizat\u0103 \u00een re\u021beaua EUROPE DIRECT Rom\u00e2nia de centrele de informare Bistri\u021ba-N\u0103s\u0103ud, Cluj, Maramure\u0219, Oradea, R\u00e2\u0219nov, Regiunea Centru (jude\u021bul Alba), Harghita, V\u00e2lcea &#8211; o campanie offline \u0219i online de con\u0219tientizare ecologic\u0103 \u0219i de punere \u00een valoare a Via Transilvanica. Momentul cheie al fiec\u0103rei componente din campanie \u00eel constituie parcurgerea unei por\u021biuni din traseu, \u00een drume\u021bie sau pe biciclet\u0103, tip \u0219tafet\u0103, de c\u0103tre fiecare din cele 8 centre \u00eempreun\u0103 cu partenerii lor, \u0219i purtarea unui obiect (\u0219tafeta) ce ilustreaz\u0103 leg\u0103tura dintre \u201dDrumul care une\u0219te\u201d \u0219i valorile europene.<\/p>\n\n\n\n<blockquote class=\"wp-block-quote is-layout-flow wp-block-quote-is-layout-flow\">\n<p><em>Azi am transmis \u0219i noi mai departe valorile pe care le are acest proiect care a\u00a0 implicat at\u00e2\u021bia oameni, firme \u0219i autorit\u0103\u021bi \u0219i care a c\u00e2\u0219tigat aprecierea publicului european. Este un proiect f\u0103cut de oameni \u0219i pentru oameni. Sunt 1400 de km de trasee prin locuri rurale \u0219i urbane, zone istorice \u0219i turistice \u00een acela\u0219i timp, o rut\u0103 semnalizat\u0103 \u0219i marcat\u0103 cu borne ce reprezint\u0103 opere de art\u0103 unice realizate de sponsori \u0219i parteneri, cu sprijinul autorit\u0103\u021bilor, institu\u021biilor \u0219i organiza\u021biilor locale. Pentru noi, pornind din inima Cet\u0103\u021bii Alba Carolina, reabilitat\u0103 cu peste\u00a0 40 milioane euro fonduri europene, trec\u00e2nd pe str\u0103zile modernizate sau aflate \u00een curs de modernizare tot cu resurse europene, apoi pe drumurile \u0219i potecile de pe dealurile comunei Ciugud, un alt reper na\u021bional pentru proiectele europene ce au generat dezvoltare local\u0103, participan\u021bii entuzia\u0219ti au putut vedea pentru a transmite mai departe aceste valori primite<\/em>.<\/p>\n<cite>Simion Cre\u021bu director general ADR Centru<\/cite><\/blockquote>\n\n\n\n<p>Proiectul Via Transilvanica a fost ini\u021biat \u00een anul 2018, anul s\u0103rb\u0103toririi centenarului Marii Uniri de la Alba Iulia \u0219i a pornit de la ideea ini\u021biatorilor de a crea un proiect na\u021bional care s\u0103 fie cu adev\u0103rat despre unire. Via Transilvanica une\u0219te nu doar cele &nbsp;zece jude\u021be prin care trece, dar \u0219i \u00eentreaga diversitate etnic\u0103, cultural\u0103, istoric\u0103 sau geografic\u0103 a Transilvaniei cu alte dou\u0103 provincii istorice, &nbsp;\u00eentreaga \u021bar\u0103 \u0219i to\u021bi cei care parcurg aceast\u0103 rut\u0103.<\/p>\n\n\n\n<p>Via Transilvanica este un traseu de drume\u021bie care cuprinde peste 1400 km, 20 de regiuni etnice \u0219i culturale, \u00een aproximativ 400 de comunit\u0103\u021bi unde se reg\u0103sesc 12 situri \u00eenscrise \u00een Lista Patrimoniului Mondial UNESCO. Este primul traseu de distan\u021b\u0103 lung\u0103 din Rom\u00e2nia, inaugurat \u00een 2022, dup\u0103 4 ani de munc\u0103 asidu\u0103, cu implicarea comunit\u0103\u021bilor locale \u0219i a peste 10.000 de voluntari, marcat de indicatoare \u0219i borne din andezit, personalizate individual de arti\u0219ti na\u021bionali \u0219i interna\u021bionali, care ofer\u0103 turi\u0219tilor oportunitatea de a cunoa\u0219te comunit\u0103\u021bile locale \u0219i de a descoperi un patrimoniu natural \u0219i antropic care cuprinde o istorie de peste 2000 ani.<\/p>\n\n\n\n<p>Terra Dacica este denumirea componentei Via Transilvanica ce traverseaz\u0103 jude\u021bele Alba \u0219i Hunedoara, ambele jude\u021be \u00eenc\u0103rcate cu istorie veche \u0219i recent\u0103 a \u021b\u0103rii noastre, sub greutatea c\u0103reia, ora\u0219ele de o importan\u021b\u0103 major\u0103, \u00eent\u00e2mpin\u0103 c\u0103l\u0103torii cu cet\u0103\u021bile lor regale, medievale sau dacice. Cei ce deja au f\u0103cut acest traseu, spun c\u0103 \u201d<em>pe Terra Dacica practic g\u0103se\u0219ti de toate: originile unei na\u021biuni, identitatea ei, rena\u0219terea sa, plus o nelini\u0219te cu iz patriotic, care treptat, pe m\u0103sur\u0103 ce umbli \u0219i cercetezi, \u021bi se cuib\u0103re\u0219te insidios \u00een suflet. Chiar dac\u0103 nu e\u0219ti mare patriot, e imposibil ca acest \u021binut s\u0103 nu ating\u0103 m\u0103car pu\u021bin aceast\u0103 coard\u0103. Acest \u021binut este o combina\u021bie armonioas\u0103 \u00eentre peisaje naturale care \u00ee\u021bi taie r\u0103suflarea, ora\u0219e istorice \u0219i patrimoniu arheologic. Este o regiune cu o dificultate mic\u0103 spre medie, dar care va r\u0103m\u00e2ne mult timp al\u0103turi de drume\u021b, \u00een mintea \u0219i sufletul s\u0103u\u201d.<\/em><\/p>\n\n\n\n<figure class=\"wp-block-gallery has-nested-images columns-2 is-cropped wp-block-gallery-1 is-layout-flex wp-block-gallery-is-layout-flex\">\n<figure class=\"wp-block-image size-large\"><a href=\"https:\/\/urbeamea.ro\/albaiulia\/wp-content\/uploads\/2023\/10\/ED-Via-Transilvanica-6.jpg\"><img loading=\"lazy\" decoding=\"async\" width=\"1280\" height=\"960\" data-id=\"109497\" src=\"https:\/\/urbeamea.ro\/albaiulia\/wp-content\/uploads\/2023\/10\/ED-Via-Transilvanica-6-1280x960.jpg\" alt=\"\" class=\"wp-image-109497\" srcset=\"https:\/\/urbeamea.ro\/albaiulia\/wp-content\/uploads\/2023\/10\/ED-Via-Transilvanica-6-1280x960.jpg 1280w, https:\/\/urbeamea.ro\/albaiulia\/wp-content\/uploads\/2023\/10\/ED-Via-Transilvanica-6-640x480.jpg 640w, https:\/\/urbeamea.ro\/albaiulia\/wp-content\/uploads\/2023\/10\/ED-Via-Transilvanica-6-150x113.jpg 150w, https:\/\/urbeamea.ro\/albaiulia\/wp-content\/uploads\/2023\/10\/ED-Via-Transilvanica-6-768x576.jpg 768w, https:\/\/urbeamea.ro\/albaiulia\/wp-content\/uploads\/2023\/10\/ED-Via-Transilvanica-6-1536x1152.jpg 1536w, https:\/\/urbeamea.ro\/albaiulia\/wp-content\/uploads\/2023\/10\/ED-Via-Transilvanica-6.jpg 1600w\" sizes=\"auto, (max-width: 1280px) 100vw, 1280px\" \/><\/a><\/figure>\n\n\n\n<figure class=\"wp-block-image size-large\"><a href=\"https:\/\/urbeamea.ro\/albaiulia\/wp-content\/uploads\/2023\/10\/ED-Via-Transilvanica-3.jpg\"><img loading=\"lazy\" decoding=\"async\" width=\"1280\" height=\"960\" data-id=\"109496\" src=\"https:\/\/urbeamea.ro\/albaiulia\/wp-content\/uploads\/2023\/10\/ED-Via-Transilvanica-3-1280x960.jpg\" alt=\"\" class=\"wp-image-109496\" srcset=\"https:\/\/urbeamea.ro\/albaiulia\/wp-content\/uploads\/2023\/10\/ED-Via-Transilvanica-3-1280x960.jpg 1280w, https:\/\/urbeamea.ro\/albaiulia\/wp-content\/uploads\/2023\/10\/ED-Via-Transilvanica-3-640x480.jpg 640w, https:\/\/urbeamea.ro\/albaiulia\/wp-content\/uploads\/2023\/10\/ED-Via-Transilvanica-3-150x113.jpg 150w, https:\/\/urbeamea.ro\/albaiulia\/wp-content\/uploads\/2023\/10\/ED-Via-Transilvanica-3-768x576.jpg 768w, https:\/\/urbeamea.ro\/albaiulia\/wp-content\/uploads\/2023\/10\/ED-Via-Transilvanica-3-1536x1152.jpg 1536w, https:\/\/urbeamea.ro\/albaiulia\/wp-content\/uploads\/2023\/10\/ED-Via-Transilvanica-3.jpg 2000w\" sizes=\"auto, (max-width: 1280px) 100vw, 1280px\" \/><\/a><\/figure>\n\n\n\n<figure class=\"wp-block-image size-large\"><a href=\"https:\/\/urbeamea.ro\/albaiulia\/wp-content\/uploads\/2023\/10\/ED-Via-Transilvanica-8.jpg\"><img loading=\"lazy\" decoding=\"async\" width=\"1280\" height=\"786\" data-id=\"109499\" src=\"https:\/\/urbeamea.ro\/albaiulia\/wp-content\/uploads\/2023\/10\/ED-Via-Transilvanica-8-1280x786.jpg\" alt=\"\" class=\"wp-image-109499\" srcset=\"https:\/\/urbeamea.ro\/albaiulia\/wp-content\/uploads\/2023\/10\/ED-Via-Transilvanica-8-1280x786.jpg 1280w, https:\/\/urbeamea.ro\/albaiulia\/wp-content\/uploads\/2023\/10\/ED-Via-Transilvanica-8-640x393.jpg 640w, https:\/\/urbeamea.ro\/albaiulia\/wp-content\/uploads\/2023\/10\/ED-Via-Transilvanica-8-150x92.jpg 150w, https:\/\/urbeamea.ro\/albaiulia\/wp-content\/uploads\/2023\/10\/ED-Via-Transilvanica-8-768x472.jpg 768w, https:\/\/urbeamea.ro\/albaiulia\/wp-content\/uploads\/2023\/10\/ED-Via-Transilvanica-8-1536x944.jpg 1536w, https:\/\/urbeamea.ro\/albaiulia\/wp-content\/uploads\/2023\/10\/ED-Via-Transilvanica-8.jpg 1600w\" sizes=\"auto, (max-width: 1280px) 100vw, 1280px\" \/><\/a><\/figure>\n\n\n\n<figure class=\"wp-block-image size-large\"><a href=\"https:\/\/urbeamea.ro\/albaiulia\/wp-content\/uploads\/2023\/10\/ED-Via-Transilvanica-7.jpg\"><img loading=\"lazy\" decoding=\"async\" width=\"1280\" height=\"687\" data-id=\"109498\" src=\"https:\/\/urbeamea.ro\/albaiulia\/wp-content\/uploads\/2023\/10\/ED-Via-Transilvanica-7-1280x687.jpg\" alt=\"\" class=\"wp-image-109498\" srcset=\"https:\/\/urbeamea.ro\/albaiulia\/wp-content\/uploads\/2023\/10\/ED-Via-Transilvanica-7-1280x687.jpg 1280w, https:\/\/urbeamea.ro\/albaiulia\/wp-content\/uploads\/2023\/10\/ED-Via-Transilvanica-7-640x344.jpg 640w, https:\/\/urbeamea.ro\/albaiulia\/wp-content\/uploads\/2023\/10\/ED-Via-Transilvanica-7-150x81.jpg 150w, https:\/\/urbeamea.ro\/albaiulia\/wp-content\/uploads\/2023\/10\/ED-Via-Transilvanica-7-768x412.jpg 768w, https:\/\/urbeamea.ro\/albaiulia\/wp-content\/uploads\/2023\/10\/ED-Via-Transilvanica-7-1536x825.jpg 1536w, https:\/\/urbeamea.ro\/albaiulia\/wp-content\/uploads\/2023\/10\/ED-Via-Transilvanica-7.jpg 1600w\" sizes=\"auto, (max-width: 1280px) 100vw, 1280px\" \/><\/a><\/figure>\n<\/figure>\n","protected":false},"excerpt":{"rendered":"<p>Peste 60 de c\u0103l\u0103tori europeni pe \u201dDRUMUL CARE UNE\u0218TE\u201d Europe Direct Regiunea Centru, al\u0103turi de structura gazd\u0103, Agen\u021bia pentru Dezvoltare Regional\u0103 Centru, au fost din nou \u00een mijlocul oamenilor \u0219i obiectivelor europene, desf\u0103\u0219ur\u00e2nd o ac\u021biune ce a implicat peste 50 de cet\u0103\u021beni mici \u0219i mari, \u00een proiectul a c\u0103rui idee s-a n\u0103scut la Alba Iulia &hellip;<\/p>\n","protected":false},"author":16,"featured_media":109500,"comment_status":"open","ping_status":"open","sticky":false,"template":"","format":"standard","meta":{"inline_featured_image":false,"footnotes":""},"categories":[4],"tags":[343,24914,24913],"class_list":["post-109494","post","type-post","status-publish","format-standard","has-post-thumbnail","hentry","category-eveniment","tag-adr-centru","tag-biciclim-alba","tag-viatransilvanica"],"yoast_head":"<!-- This site is optimized with the Yoast SEO plugin v27.4 - https:\/\/yoast.com\/product\/yoast-seo-wordpress\/ -->\n<title>Via Transilvanica \u00een jude\u021bul Alba - Revista Urbea Mea - Revista de Alba<\/title>\n<meta name=\"description\" content=\"Peste 60 de c\u0103l\u0103tori europeni pe \u201dDRUMUL CARE UNE\u0218TE\u201d Europe Direct Regiunea Centru, al\u0103turi de structura gazd\u0103, Agen\u021bia pentru Dezvoltare Regional\u0103\" \/>\n<meta name=\"robots\" content=\"index, follow, max-snippet:-1, max-image-preview:large, max-video-preview:-1\" \/>\n<link rel=\"canonical\" href=\"https:\/\/urbeamea.ro\/albaiulia\/via-transilvanica-in-judetul-alba\/\" \/>\n<meta name=\"twitter:card\" content=\"summary_large_image\" \/>\n<meta name=\"twitter:title\" content=\"Via Transilvanica \u00een jude\u021bul Alba - Revista Urbea Mea - Revista de Alba\" \/>\n<meta name=\"twitter:description\" content=\"Peste 60 de c\u0103l\u0103tori europeni pe \u201dDRUMUL CARE UNE\u0218TE\u201d Europe Direct Regiunea Centru, al\u0103turi de structura gazd\u0103, Agen\u021bia pentru Dezvoltare Regional\u0103\" \/>\n<meta name=\"twitter:image\" content=\"https:\/\/urbeamea.ro\/albaiulia\/wp-content\/uploads\/2023\/10\/ED-Via-Transilvanica-9.jpg\" \/>\n<meta name=\"twitter:creator\" content=\"@urbeameaweb\" \/>\n<meta name=\"twitter:site\" content=\"@urbeameaweb\" \/>\n<script type=\"application\/ld+json\" class=\"yoast-schema-graph\">{\"@context\":\"https:\\\/\\\/schema.org\",\"@graph\":[{\"@type\":\"Article\",\"@id\":\"https:\\\/\\\/urbeamea.ro\\\/albaiulia\\\/via-transilvanica-in-judetul-alba\\\/#article\",\"isPartOf\":{\"@id\":\"https:\\\/\\\/urbeamea.ro\\\/albaiulia\\\/via-transilvanica-in-judetul-alba\\\/\"},\"author\":{\"name\":\"Redac\u021bia UrbeaMea\",\"@id\":\"https:\\\/\\\/urbeamea.ro\\\/albaiulia\\\/#\\\/schema\\\/person\\\/272ae98052f8ee8980f59848df070247\"},\"headline\":\"Via Transilvanica \u00een jude\u021bul Alba\",\"datePublished\":\"2023-10-25T13:28:25+00:00\",\"dateModified\":\"2023-10-25T13:28:27+00:00\",\"mainEntityOfPage\":{\"@id\":\"https:\\\/\\\/urbeamea.ro\\\/albaiulia\\\/via-transilvanica-in-judetul-alba\\\/\"},\"wordCount\":850,\"commentCount\":0,\"image\":{\"@id\":\"https:\\\/\\\/urbeamea.ro\\\/albaiulia\\\/via-transilvanica-in-judetul-alba\\\/#primaryimage\"},\"thumbnailUrl\":\"https:\\\/\\\/urbeamea.ro\\\/albaiulia\\\/wp-content\\\/uploads\\\/2023\\\/10\\\/ED-Via-Transilvanica-9.jpg\",\"keywords\":[\"ADR Centru\",\"biciclim alba\",\"viatransilvanica\"],\"articleSection\":[\"Evenimente\"],\"inLanguage\":\"ro-RO\",\"potentialAction\":[{\"@type\":\"CommentAction\",\"name\":\"Comment\",\"target\":[\"https:\\\/\\\/urbeamea.ro\\\/albaiulia\\\/via-transilvanica-in-judetul-alba\\\/#respond\"]}]},{\"@type\":\"WebPage\",\"@id\":\"https:\\\/\\\/urbeamea.ro\\\/albaiulia\\\/via-transilvanica-in-judetul-alba\\\/\",\"url\":\"https:\\\/\\\/urbeamea.ro\\\/albaiulia\\\/via-transilvanica-in-judetul-alba\\\/\",\"name\":\"Via Transilvanica \u00een jude\u021bul Alba - Revista Urbea Mea - Revista de Alba\",\"isPartOf\":{\"@id\":\"https:\\\/\\\/urbeamea.ro\\\/albaiulia\\\/#website\"},\"primaryImageOfPage\":{\"@id\":\"https:\\\/\\\/urbeamea.ro\\\/albaiulia\\\/via-transilvanica-in-judetul-alba\\\/#primaryimage\"},\"image\":{\"@id\":\"https:\\\/\\\/urbeamea.ro\\\/albaiulia\\\/via-transilvanica-in-judetul-alba\\\/#primaryimage\"},\"thumbnailUrl\":\"https:\\\/\\\/urbeamea.ro\\\/albaiulia\\\/wp-content\\\/uploads\\\/2023\\\/10\\\/ED-Via-Transilvanica-9.jpg\",\"datePublished\":\"2023-10-25T13:28:25+00:00\",\"dateModified\":\"2023-10-25T13:28:27+00:00\",\"author\":{\"@id\":\"https:\\\/\\\/urbeamea.ro\\\/albaiulia\\\/#\\\/schema\\\/person\\\/272ae98052f8ee8980f59848df070247\"},\"description\":\"Peste 60 de c\u0103l\u0103tori europeni pe \u201dDRUMUL CARE UNE\u0218TE\u201d Europe Direct Regiunea Centru, al\u0103turi de structura gazd\u0103, Agen\u021bia pentru Dezvoltare Regional\u0103\",\"breadcrumb\":{\"@id\":\"https:\\\/\\\/urbeamea.ro\\\/albaiulia\\\/via-transilvanica-in-judetul-alba\\\/#breadcrumb\"},\"inLanguage\":\"ro-RO\",\"potentialAction\":[{\"@type\":\"ReadAction\",\"target\":[\"https:\\\/\\\/urbeamea.ro\\\/albaiulia\\\/via-transilvanica-in-judetul-alba\\\/\"]}]},{\"@type\":\"ImageObject\",\"inLanguage\":\"ro-RO\",\"@id\":\"https:\\\/\\\/urbeamea.ro\\\/albaiulia\\\/via-transilvanica-in-judetul-alba\\\/#primaryimage\",\"url\":\"https:\\\/\\\/urbeamea.ro\\\/albaiulia\\\/wp-content\\\/uploads\\\/2023\\\/10\\\/ED-Via-Transilvanica-9.jpg\",\"contentUrl\":\"https:\\\/\\\/urbeamea.ro\\\/albaiulia\\\/wp-content\\\/uploads\\\/2023\\\/10\\\/ED-Via-Transilvanica-9.jpg\",\"width\":1600,\"height\":900},{\"@type\":\"BreadcrumbList\",\"@id\":\"https:\\\/\\\/urbeamea.ro\\\/albaiulia\\\/via-transilvanica-in-judetul-alba\\\/#breadcrumb\",\"itemListElement\":[{\"@type\":\"ListItem\",\"position\":1,\"name\":\"Prima pagin\u0103\",\"item\":\"https:\\\/\\\/urbeamea.ro\\\/albaiulia\\\/\"},{\"@type\":\"ListItem\",\"position\":2,\"name\":\"Via Transilvanica \u00een jude\u021bul Alba\"}]},{\"@type\":\"WebSite\",\"@id\":\"https:\\\/\\\/urbeamea.ro\\\/albaiulia\\\/#website\",\"url\":\"https:\\\/\\\/urbeamea.ro\\\/albaiulia\\\/\",\"name\":\"Revista Urbea Mea, Stiri urbane\",\"description\":\"Evenimente \u0219i \u0219tiri din Alba Iulia, Sebe\u0219, Aiud, Blaj\",\"potentialAction\":[{\"@type\":\"SearchAction\",\"target\":{\"@type\":\"EntryPoint\",\"urlTemplate\":\"https:\\\/\\\/urbeamea.ro\\\/albaiulia\\\/?s={search_term_string}\"},\"query-input\":{\"@type\":\"PropertyValueSpecification\",\"valueRequired\":true,\"valueName\":\"search_term_string\"}}],\"inLanguage\":\"ro-RO\"},{\"@type\":\"Person\",\"@id\":\"https:\\\/\\\/urbeamea.ro\\\/albaiulia\\\/#\\\/schema\\\/person\\\/272ae98052f8ee8980f59848df070247\",\"name\":\"Redac\u021bia UrbeaMea\",\"image\":{\"@type\":\"ImageObject\",\"inLanguage\":\"ro-RO\",\"@id\":\"https:\\\/\\\/secure.gravatar.com\\\/avatar\\\/9ce5a9435071fa1037e8468053ead8e513dbbff59009d3069aadb85506d85a27?s=96&d=mm&r=g\",\"url\":\"https:\\\/\\\/secure.gravatar.com\\\/avatar\\\/9ce5a9435071fa1037e8468053ead8e513dbbff59009d3069aadb85506d85a27?s=96&d=mm&r=g\",\"contentUrl\":\"https:\\\/\\\/secure.gravatar.com\\\/avatar\\\/9ce5a9435071fa1037e8468053ead8e513dbbff59009d3069aadb85506d85a27?s=96&d=mm&r=g\",\"caption\":\"Redac\u021bia UrbeaMea\"},\"description\":\"contact@urbeamea.ro\",\"sameAs\":[\"https:\\\/\\\/www.urbeamea.ro\"],\"url\":\"https:\\\/\\\/urbeamea.ro\\\/albaiulia\\\/author\\\/redactia-urbeamea\\\/\"}]}<\/script>\n<!-- \/ Yoast SEO plugin. -->","yoast_head_json":{"title":"Via Transilvanica \u00een jude\u021bul Alba - Revista Urbea Mea - Revista de Alba","description":"Peste 60 de c\u0103l\u0103tori europeni pe \u201dDRUMUL CARE UNE\u0218TE\u201d Europe Direct Regiunea Centru, al\u0103turi de structura gazd\u0103, Agen\u021bia pentru Dezvoltare Regional\u0103","robots":{"index":"index","follow":"follow","max-snippet":"max-snippet:-1","max-image-preview":"max-image-preview:large","max-video-preview":"max-video-preview:-1"},"canonical":"https:\/\/urbeamea.ro\/albaiulia\/via-transilvanica-in-judetul-alba\/","twitter_card":"summary_large_image","twitter_title":"Via Transilvanica \u00een jude\u021bul Alba - Revista Urbea Mea - Revista de Alba","twitter_description":"Peste 60 de c\u0103l\u0103tori europeni pe \u201dDRUMUL CARE UNE\u0218TE\u201d Europe Direct Regiunea Centru, al\u0103turi de structura gazd\u0103, Agen\u021bia pentru Dezvoltare Regional\u0103","twitter_image":"https:\/\/urbeamea.ro\/albaiulia\/wp-content\/uploads\/2023\/10\/ED-Via-Transilvanica-9.jpg","twitter_creator":"@urbeameaweb","twitter_site":"@urbeameaweb","schema":{"@context":"https:\/\/schema.org","@graph":[{"@type":"Article","@id":"https:\/\/urbeamea.ro\/albaiulia\/via-transilvanica-in-judetul-alba\/#article","isPartOf":{"@id":"https:\/\/urbeamea.ro\/albaiulia\/via-transilvanica-in-judetul-alba\/"},"author":{"name":"Redac\u021bia UrbeaMea","@id":"https:\/\/urbeamea.ro\/albaiulia\/#\/schema\/person\/272ae98052f8ee8980f59848df070247"},"headline":"Via Transilvanica \u00een jude\u021bul Alba","datePublished":"2023-10-25T13:28:25+00:00","dateModified":"2023-10-25T13:28:27+00:00","mainEntityOfPage":{"@id":"https:\/\/urbeamea.ro\/albaiulia\/via-transilvanica-in-judetul-alba\/"},"wordCount":850,"commentCount":0,"image":{"@id":"https:\/\/urbeamea.ro\/albaiulia\/via-transilvanica-in-judetul-alba\/#primaryimage"},"thumbnailUrl":"https:\/\/urbeamea.ro\/albaiulia\/wp-content\/uploads\/2023\/10\/ED-Via-Transilvanica-9.jpg","keywords":["ADR Centru","biciclim alba","viatransilvanica"],"articleSection":["Evenimente"],"inLanguage":"ro-RO","potentialAction":[{"@type":"CommentAction","name":"Comment","target":["https:\/\/urbeamea.ro\/albaiulia\/via-transilvanica-in-judetul-alba\/#respond"]}]},{"@type":"WebPage","@id":"https:\/\/urbeamea.ro\/albaiulia\/via-transilvanica-in-judetul-alba\/","url":"https:\/\/urbeamea.ro\/albaiulia\/via-transilvanica-in-judetul-alba\/","name":"Via Transilvanica \u00een jude\u021bul Alba - Revista Urbea Mea - Revista de Alba","isPartOf":{"@id":"https:\/\/urbeamea.ro\/albaiulia\/#website"},"primaryImageOfPage":{"@id":"https:\/\/urbeamea.ro\/albaiulia\/via-transilvanica-in-judetul-alba\/#primaryimage"},"image":{"@id":"https:\/\/urbeamea.ro\/albaiulia\/via-transilvanica-in-judetul-alba\/#primaryimage"},"thumbnailUrl":"https:\/\/urbeamea.ro\/albaiulia\/wp-content\/uploads\/2023\/10\/ED-Via-Transilvanica-9.jpg","datePublished":"2023-10-25T13:28:25+00:00","dateModified":"2023-10-25T13:28:27+00:00","author":{"@id":"https:\/\/urbeamea.ro\/albaiulia\/#\/schema\/person\/272ae98052f8ee8980f59848df070247"},"description":"Peste 60 de c\u0103l\u0103tori europeni pe \u201dDRUMUL CARE UNE\u0218TE\u201d Europe Direct Regiunea Centru, al\u0103turi de structura gazd\u0103, Agen\u021bia pentru Dezvoltare Regional\u0103","breadcrumb":{"@id":"https:\/\/urbeamea.ro\/albaiulia\/via-transilvanica-in-judetul-alba\/#breadcrumb"},"inLanguage":"ro-RO","potentialAction":[{"@type":"ReadAction","target":["https:\/\/urbeamea.ro\/albaiulia\/via-transilvanica-in-judetul-alba\/"]}]},{"@type":"ImageObject","inLanguage":"ro-RO","@id":"https:\/\/urbeamea.ro\/albaiulia\/via-transilvanica-in-judetul-alba\/#primaryimage","url":"https:\/\/urbeamea.ro\/albaiulia\/wp-content\/uploads\/2023\/10\/ED-Via-Transilvanica-9.jpg","contentUrl":"https:\/\/urbeamea.ro\/albaiulia\/wp-content\/uploads\/2023\/10\/ED-Via-Transilvanica-9.jpg","width":1600,"height":900},{"@type":"BreadcrumbList","@id":"https:\/\/urbeamea.ro\/albaiulia\/via-transilvanica-in-judetul-alba\/#breadcrumb","itemListElement":[{"@type":"ListItem","position":1,"name":"Prima pagin\u0103","item":"https:\/\/urbeamea.ro\/albaiulia\/"},{"@type":"ListItem","position":2,"name":"Via Transilvanica \u00een jude\u021bul Alba"}]},{"@type":"WebSite","@id":"https:\/\/urbeamea.ro\/albaiulia\/#website","url":"https:\/\/urbeamea.ro\/albaiulia\/","name":"Revista Urbea Mea, Stiri urbane","description":"Evenimente \u0219i \u0219tiri din Alba Iulia, Sebe\u0219, Aiud, Blaj","potentialAction":[{"@type":"SearchAction","target":{"@type":"EntryPoint","urlTemplate":"https:\/\/urbeamea.ro\/albaiulia\/?s={search_term_string}"},"query-input":{"@type":"PropertyValueSpecification","valueRequired":true,"valueName":"search_term_string"}}],"inLanguage":"ro-RO"},{"@type":"Person","@id":"https:\/\/urbeamea.ro\/albaiulia\/#\/schema\/person\/272ae98052f8ee8980f59848df070247","name":"Redac\u021bia UrbeaMea","image":{"@type":"ImageObject","inLanguage":"ro-RO","@id":"https:\/\/secure.gravatar.com\/avatar\/9ce5a9435071fa1037e8468053ead8e513dbbff59009d3069aadb85506d85a27?s=96&d=mm&r=g","url":"https:\/\/secure.gravatar.com\/avatar\/9ce5a9435071fa1037e8468053ead8e513dbbff59009d3069aadb85506d85a27?s=96&d=mm&r=g","contentUrl":"https:\/\/secure.gravatar.com\/avatar\/9ce5a9435071fa1037e8468053ead8e513dbbff59009d3069aadb85506d85a27?s=96&d=mm&r=g","caption":"Redac\u021bia UrbeaMea"},"description":"contact@urbeamea.ro","sameAs":["https:\/\/www.urbeamea.ro"],"url":"https:\/\/urbeamea.ro\/albaiulia\/author\/redactia-urbeamea\/"}]}},"_links":{"self":[{"href":"https:\/\/urbeamea.ro\/albaiulia\/wp-json\/wp\/v2\/posts\/109494","targetHints":{"allow":["GET"]}}],"collection":[{"href":"https:\/\/urbeamea.ro\/albaiulia\/wp-json\/wp\/v2\/posts"}],"about":[{"href":"https:\/\/urbeamea.ro\/albaiulia\/wp-json\/wp\/v2\/types\/post"}],"author":[{"embeddable":true,"href":"https:\/\/urbeamea.ro\/albaiulia\/wp-json\/wp\/v2\/users\/16"}],"replies":[{"embeddable":true,"href":"https:\/\/urbeamea.ro\/albaiulia\/wp-json\/wp\/v2\/comments?post=109494"}],"version-history":[{"count":1,"href":"https:\/\/urbeamea.ro\/albaiulia\/wp-json\/wp\/v2\/posts\/109494\/revisions"}],"predecessor-version":[{"id":109501,"href":"https:\/\/urbeamea.ro\/albaiulia\/wp-json\/wp\/v2\/posts\/109494\/revisions\/109501"}],"wp:featuredmedia":[{"embeddable":true,"href":"https:\/\/urbeamea.ro\/albaiulia\/wp-json\/wp\/v2\/media\/109500"}],"wp:attachment":[{"href":"https:\/\/urbeamea.ro\/albaiulia\/wp-json\/wp\/v2\/media?parent=109494"}],"wp:term":[{"taxonomy":"category","embeddable":true,"href":"https:\/\/urbeamea.ro\/albaiulia\/wp-json\/wp\/v2\/categories?post=109494"},{"taxonomy":"post_tag","embeddable":true,"href":"https:\/\/urbeamea.ro\/albaiulia\/wp-json\/wp\/v2\/tags?post=109494"}],"curies":[{"name":"wp","href":"https:\/\/api.w.org\/{rel}","templated":true}]}}