{"id":109528,"date":"2023-10-27T11:45:50","date_gmt":"2023-10-27T08:45:50","guid":{"rendered":"https:\/\/urbeamea.ro\/albaiulia\/?p=109528"},"modified":"2023-10-27T11:45:52","modified_gmt":"2023-10-27T08:45:52","slug":"centrul-cultural-l-blaga-sebes-va-invita-la-spectacol-jungla-teve-de-gigi-caciuleanu","status":"publish","type":"post","link":"https:\/\/urbeamea.ro\/albaiulia\/centrul-cultural-l-blaga-sebes-va-invita-la-spectacol-jungla-teve-de-gigi-caciuleanu\/","title":{"rendered":"Centrul Cultural \u201eL. Blaga&#8221; Sebe\u0219 v\u0103 invit\u0103 la spectacol: Jungla T\u00e9v\u00e9\u00a0de Gigi C\u0103ciuleanu"},"content":{"rendered":"\n<p>Centrul Cultural \u201eLucian Blaga&#8221; Sebe\u0219 are pl\u0103cerea de a v\u0103 invita la un eveniment cultural cu totul special, spectacolul&nbsp;<strong><em>Jungla T\u00e9V\u00e9<\/em><\/strong>, o produc\u021bie a Teatrului Dramaturgilor Rom\u00e2ni Bucure\u0219ti, \u00een regia lui Gigi C\u0103ciuleanu, cu actorii Lari Giorgescu \u0219i Alina Petric\u0103, un proiect cultural cu protagoni\u0219ti care sunt \u00een centrul aten\u021biei presei de profil.<\/p>\n\n\n\n<p>Reprezenta\u021bia va avea loc<strong>\u00a0<em>mar\u021bi, 31 octombrie 2023, ora 18.00<\/em><\/strong>, \u00een sala de evenimente \u201eRadu Stanca&#8221; a Centrului Cultural \u201eLucian Blaga&#8221; Sebe\u0219.<\/p>\n\n\n\n<figure class=\"wp-block-gallery has-nested-images columns-default is-cropped wp-block-gallery-1 is-layout-flex wp-block-gallery-is-layout-flex\">\n<figure class=\"wp-block-image size-large\"><a href=\"https:\/\/urbeamea.ro\/albaiulia\/wp-content\/uploads\/2023\/10\/JUNGLA-TEVE-foto-Anastasia-Atanasoska-1.jpg\"><img loading=\"lazy\" decoding=\"async\" width=\"1280\" height=\"854\" data-id=\"109532\" src=\"https:\/\/urbeamea.ro\/albaiulia\/wp-content\/uploads\/2023\/10\/JUNGLA-TEVE-foto-Anastasia-Atanasoska-1-1280x854.jpg\" alt=\"\" class=\"wp-image-109532\" srcset=\"https:\/\/urbeamea.ro\/albaiulia\/wp-content\/uploads\/2023\/10\/JUNGLA-TEVE-foto-Anastasia-Atanasoska-1-1280x854.jpg 1280w, https:\/\/urbeamea.ro\/albaiulia\/wp-content\/uploads\/2023\/10\/JUNGLA-TEVE-foto-Anastasia-Atanasoska-1-640x427.jpg 640w, https:\/\/urbeamea.ro\/albaiulia\/wp-content\/uploads\/2023\/10\/JUNGLA-TEVE-foto-Anastasia-Atanasoska-1-150x100.jpg 150w, https:\/\/urbeamea.ro\/albaiulia\/wp-content\/uploads\/2023\/10\/JUNGLA-TEVE-foto-Anastasia-Atanasoska-1-768x512.jpg 768w, https:\/\/urbeamea.ro\/albaiulia\/wp-content\/uploads\/2023\/10\/JUNGLA-TEVE-foto-Anastasia-Atanasoska-1-1536x1024.jpg 1536w, https:\/\/urbeamea.ro\/albaiulia\/wp-content\/uploads\/2023\/10\/JUNGLA-TEVE-foto-Anastasia-Atanasoska-1.jpg 1600w\" sizes=\"auto, (max-width: 1280px) 100vw, 1280px\" \/><\/a><\/figure>\n\n\n\n<figure class=\"wp-block-image size-large\"><a href=\"https:\/\/urbeamea.ro\/albaiulia\/wp-content\/uploads\/2023\/10\/JUNGLA-TEVE-foto-Miluta-Flueras-2.jpg\"><img loading=\"lazy\" decoding=\"async\" width=\"1280\" height=\"853\" data-id=\"109531\" src=\"https:\/\/urbeamea.ro\/albaiulia\/wp-content\/uploads\/2023\/10\/JUNGLA-TEVE-foto-Miluta-Flueras-2-1280x853.jpg\" alt=\"\" class=\"wp-image-109531\" srcset=\"https:\/\/urbeamea.ro\/albaiulia\/wp-content\/uploads\/2023\/10\/JUNGLA-TEVE-foto-Miluta-Flueras-2-1280x853.jpg 1280w, https:\/\/urbeamea.ro\/albaiulia\/wp-content\/uploads\/2023\/10\/JUNGLA-TEVE-foto-Miluta-Flueras-2-640x426.jpg 640w, https:\/\/urbeamea.ro\/albaiulia\/wp-content\/uploads\/2023\/10\/JUNGLA-TEVE-foto-Miluta-Flueras-2-150x100.jpg 150w, https:\/\/urbeamea.ro\/albaiulia\/wp-content\/uploads\/2023\/10\/JUNGLA-TEVE-foto-Miluta-Flueras-2-768x512.jpg 768w, https:\/\/urbeamea.ro\/albaiulia\/wp-content\/uploads\/2023\/10\/JUNGLA-TEVE-foto-Miluta-Flueras-2-1536x1023.jpg 1536w, https:\/\/urbeamea.ro\/albaiulia\/wp-content\/uploads\/2023\/10\/JUNGLA-TEVE-foto-Miluta-Flueras-2.jpg 1600w\" sizes=\"auto, (max-width: 1280px) 100vw, 1280px\" \/><\/a><\/figure>\n\n\n\n<figure class=\"wp-block-image size-large\"><a href=\"https:\/\/urbeamea.ro\/albaiulia\/wp-content\/uploads\/2023\/10\/JUNGLA-TEVE-foto-Miluta-Flueras-3.jpg\"><img loading=\"lazy\" decoding=\"async\" width=\"1280\" height=\"853\" data-id=\"109530\" src=\"https:\/\/urbeamea.ro\/albaiulia\/wp-content\/uploads\/2023\/10\/JUNGLA-TEVE-foto-Miluta-Flueras-3-1280x853.jpg\" alt=\"\" class=\"wp-image-109530\" srcset=\"https:\/\/urbeamea.ro\/albaiulia\/wp-content\/uploads\/2023\/10\/JUNGLA-TEVE-foto-Miluta-Flueras-3-1280x853.jpg 1280w, https:\/\/urbeamea.ro\/albaiulia\/wp-content\/uploads\/2023\/10\/JUNGLA-TEVE-foto-Miluta-Flueras-3-640x426.jpg 640w, https:\/\/urbeamea.ro\/albaiulia\/wp-content\/uploads\/2023\/10\/JUNGLA-TEVE-foto-Miluta-Flueras-3-150x100.jpg 150w, https:\/\/urbeamea.ro\/albaiulia\/wp-content\/uploads\/2023\/10\/JUNGLA-TEVE-foto-Miluta-Flueras-3-768x512.jpg 768w, https:\/\/urbeamea.ro\/albaiulia\/wp-content\/uploads\/2023\/10\/JUNGLA-TEVE-foto-Miluta-Flueras-3-1536x1023.jpg 1536w, https:\/\/urbeamea.ro\/albaiulia\/wp-content\/uploads\/2023\/10\/JUNGLA-TEVE-foto-Miluta-Flueras-3.jpg 1600w\" sizes=\"auto, (max-width: 1280px) 100vw, 1280px\" \/><\/a><\/figure>\n<\/figure>\n\n\n\n<p><em>Un spectacol inedit,\u00a0<\/em>afirm\u0103 regizorul Gigi C\u0103ciuleanu,\u00a0f\u0103r\u0103 referin\u021be geografice ori temporale bine determinate, ba chiar dimpotriv\u0103: ar trebui s\u0103 poat\u0103 fi perceput ca fiind situat \u00een orice spa\u021biu \u0219i timp. Un spectacol care se adreseaz\u0103 celor care dac\u0103 dup\u0103 reprezenta\u021bie ar dori s\u0103 continue s\u0103 observe jungla, s-ar \u00eenarma cu o camer\u0103 de luat vederi \u0219i ar ie\u0219i \u00een strad\u0103 sau s-ar \u00eenchide undeva \u00een\u0103untru, p\u00e2n\u0103 la insuportabil, cu acelea\u0219i persoane&#8230; ca s\u0103 proiecteze, apoi, ceea ce a filmat, pe \u201eecranul&#8221; propriului s\u0103u univers -T\u00e9V\u00e9.<\/p>\n\n\n\n<p>Nu rata\u021bi aceast\u0103 ocazie de a v\u0103 bucura de o experien\u021b\u0103 teatral\u0103 memorabil\u0103, \u00eentr-un decor plin de aventur\u0103 \u0219i surprize. Veni\u021bi \u00een jungla noastr\u0103 \u0219i preg\u0103ti\u021bi-v\u0103 s\u0103 fi\u021bi captiva\u021bi de farmecul Junglei T\u00e9V\u00e9!\u00a0\u00a0\u00a0\u00a0\u00a0\u00a0\u00a0\u00a0\u00a0\u00a0\u00a0\u00a0\u00a0\u00a0 <\/p>\n\n\n\n<p>Spectacolul dureaz\u0103 1 or\u0103 \u0219i 15 minute (f\u0103r\u0103 pauz\u0103), este potrivit pentru toate v\u00e2rstele \u0219i va oferi oportunitatea de a \u00eenv\u0103\u021ba \u0219i de a v\u0103 bucura \u00een acela\u0219i timp. Este o experien\u021b\u0103 cultural\u0103 pe care tinerii nu o vor uita prea cur\u00e2nd \u0219i care poate st\u00e2rni curiozitatea \u0219i interesul lor pentru arta spectacolului.<\/p>\n\n\n\n<p>Avem speran\u021ba c\u0103 ve\u021bi da curs invita\u021biei noastre \u0219i v\u0103 st\u0103m la dispozi\u021bie pentru informa\u021bii la num\u0103rul de telefon: 0372-930929 sau la adresa de email:\u00a0<a href=\"mailto:contact@cclbsebes.ro\">contact@cclbsebes.ro<\/a>.\u00a0<\/p>\n\n\n\n<figure class=\"wp-block-image size-large\"><img loading=\"lazy\" decoding=\"async\" width=\"903\" height=\"1280\" src=\"https:\/\/urbeamea.ro\/albaiulia\/wp-content\/uploads\/2023\/10\/Afis-JUNGLA-TEVE-redus-903x1280.jpg\" alt=\"\" class=\"wp-image-109529\" srcset=\"https:\/\/urbeamea.ro\/albaiulia\/wp-content\/uploads\/2023\/10\/Afis-JUNGLA-TEVE-redus-903x1280.jpg 903w, https:\/\/urbeamea.ro\/albaiulia\/wp-content\/uploads\/2023\/10\/Afis-JUNGLA-TEVE-redus-452x640.jpg 452w, https:\/\/urbeamea.ro\/albaiulia\/wp-content\/uploads\/2023\/10\/Afis-JUNGLA-TEVE-redus-106x150.jpg 106w, https:\/\/urbeamea.ro\/albaiulia\/wp-content\/uploads\/2023\/10\/Afis-JUNGLA-TEVE-redus-768x1088.jpg 768w, https:\/\/urbeamea.ro\/albaiulia\/wp-content\/uploads\/2023\/10\/Afis-JUNGLA-TEVE-redus-1084x1536.jpg 1084w, https:\/\/urbeamea.ro\/albaiulia\/wp-content\/uploads\/2023\/10\/Afis-JUNGLA-TEVE-redus.jpg 1129w\" sizes=\"auto, (max-width: 903px) 100vw, 903px\" \/><\/figure>\n","protected":false},"excerpt":{"rendered":"<p>Centrul Cultural \u201eLucian Blaga&#8221; Sebe\u0219 are pl\u0103cerea de a v\u0103 invita la un eveniment cultural cu totul special, spectacolul&nbsp;Jungla T\u00e9V\u00e9, o produc\u021bie a Teatrului Dramaturgilor Rom\u00e2ni Bucure\u0219ti, \u00een regia lui Gigi C\u0103ciuleanu, cu actorii Lari Giorgescu \u0219i Alina Petric\u0103, un proiect cultural cu protagoni\u0219ti care sunt \u00een centrul aten\u021biei presei de profil. Reprezenta\u021bia va avea &hellip;<\/p>\n","protected":false},"author":16,"featured_media":109533,"comment_status":"open","ping_status":"open","sticky":false,"template":"","format":"standard","meta":{"inline_featured_image":false,"footnotes":""},"categories":[4],"tags":[],"class_list":["post-109528","post","type-post","status-publish","format-standard","has-post-thumbnail","hentry","category-eveniment"],"yoast_head":"<!-- This site is optimized with the Yoast SEO plugin v27.4 - https:\/\/yoast.com\/product\/yoast-seo-wordpress\/ -->\n<title>Centrul Cultural \u201eL. Blaga&quot; Sebe\u0219 v\u0103 invit\u0103 la spectacol: Jungla T\u00e9v\u00e9\u00a0de Gigi C\u0103ciuleanu - Revista Urbea Mea - Revista de Alba<\/title>\n<meta name=\"description\" content=\"Centrul Cultural \u201eLucian Blaga&quot; Sebe\u0219 are pl\u0103cerea de a v\u0103 invita la un eveniment cultural cu totul special, spectacolul&nbsp;Jungla T\u00e9V\u00e9, o produc\u021bie a\" \/>\n<meta name=\"robots\" content=\"index, follow, max-snippet:-1, max-image-preview:large, max-video-preview:-1\" \/>\n<link rel=\"canonical\" href=\"https:\/\/urbeamea.ro\/albaiulia\/centrul-cultural-l-blaga-sebes-va-invita-la-spectacol-jungla-teve-de-gigi-caciuleanu\/\" \/>\n<meta name=\"twitter:card\" content=\"summary_large_image\" \/>\n<meta name=\"twitter:title\" content=\"Centrul Cultural \u201eL. Blaga&quot; Sebe\u0219 v\u0103 invit\u0103 la spectacol: Jungla T\u00e9v\u00e9\u00a0de Gigi C\u0103ciuleanu - Revista Urbea Mea - Revista de Alba\" \/>\n<meta name=\"twitter:description\" content=\"Centrul Cultural \u201eLucian Blaga&quot; Sebe\u0219 are pl\u0103cerea de a v\u0103 invita la un eveniment cultural cu totul special, spectacolul&nbsp;Jungla T\u00e9V\u00e9, o produc\u021bie a\" \/>\n<meta name=\"twitter:image\" content=\"https:\/\/urbeamea.ro\/albaiulia\/wp-content\/uploads\/2023\/10\/JUNGLA-TEVE-foto-Anastasia-Atanasoska-2.jpg\" \/>\n<meta name=\"twitter:creator\" content=\"@urbeameaweb\" \/>\n<meta name=\"twitter:site\" content=\"@urbeameaweb\" \/>\n<script type=\"application\/ld+json\" class=\"yoast-schema-graph\">{\"@context\":\"https:\\\/\\\/schema.org\",\"@graph\":[{\"@type\":\"Article\",\"@id\":\"https:\\\/\\\/urbeamea.ro\\\/albaiulia\\\/centrul-cultural-l-blaga-sebes-va-invita-la-spectacol-jungla-teve-de-gigi-caciuleanu\\\/#article\",\"isPartOf\":{\"@id\":\"https:\\\/\\\/urbeamea.ro\\\/albaiulia\\\/centrul-cultural-l-blaga-sebes-va-invita-la-spectacol-jungla-teve-de-gigi-caciuleanu\\\/\"},\"author\":{\"name\":\"Redac\u021bia UrbeaMea\",\"@id\":\"https:\\\/\\\/urbeamea.ro\\\/albaiulia\\\/#\\\/schema\\\/person\\\/272ae98052f8ee8980f59848df070247\"},\"headline\":\"Centrul Cultural \u201eL. Blaga&#8221; Sebe\u0219 v\u0103 invit\u0103 la spectacol: Jungla T\u00e9v\u00e9\u00a0de Gigi C\u0103ciuleanu\",\"datePublished\":\"2023-10-27T08:45:50+00:00\",\"dateModified\":\"2023-10-27T08:45:52+00:00\",\"mainEntityOfPage\":{\"@id\":\"https:\\\/\\\/urbeamea.ro\\\/albaiulia\\\/centrul-cultural-l-blaga-sebes-va-invita-la-spectacol-jungla-teve-de-gigi-caciuleanu\\\/\"},\"wordCount\":328,\"commentCount\":0,\"image\":{\"@id\":\"https:\\\/\\\/urbeamea.ro\\\/albaiulia\\\/centrul-cultural-l-blaga-sebes-va-invita-la-spectacol-jungla-teve-de-gigi-caciuleanu\\\/#primaryimage\"},\"thumbnailUrl\":\"https:\\\/\\\/urbeamea.ro\\\/albaiulia\\\/wp-content\\\/uploads\\\/2023\\\/10\\\/JUNGLA-TEVE-foto-Anastasia-Atanasoska-2.jpg\",\"articleSection\":[\"Evenimente\"],\"inLanguage\":\"ro-RO\",\"potentialAction\":[{\"@type\":\"CommentAction\",\"name\":\"Comment\",\"target\":[\"https:\\\/\\\/urbeamea.ro\\\/albaiulia\\\/centrul-cultural-l-blaga-sebes-va-invita-la-spectacol-jungla-teve-de-gigi-caciuleanu\\\/#respond\"]}]},{\"@type\":\"WebPage\",\"@id\":\"https:\\\/\\\/urbeamea.ro\\\/albaiulia\\\/centrul-cultural-l-blaga-sebes-va-invita-la-spectacol-jungla-teve-de-gigi-caciuleanu\\\/\",\"url\":\"https:\\\/\\\/urbeamea.ro\\\/albaiulia\\\/centrul-cultural-l-blaga-sebes-va-invita-la-spectacol-jungla-teve-de-gigi-caciuleanu\\\/\",\"name\":\"Centrul Cultural \u201eL. Blaga\\\" Sebe\u0219 v\u0103 invit\u0103 la spectacol: Jungla T\u00e9v\u00e9\u00a0de Gigi C\u0103ciuleanu - Revista Urbea Mea - Revista de Alba\",\"isPartOf\":{\"@id\":\"https:\\\/\\\/urbeamea.ro\\\/albaiulia\\\/#website\"},\"primaryImageOfPage\":{\"@id\":\"https:\\\/\\\/urbeamea.ro\\\/albaiulia\\\/centrul-cultural-l-blaga-sebes-va-invita-la-spectacol-jungla-teve-de-gigi-caciuleanu\\\/#primaryimage\"},\"image\":{\"@id\":\"https:\\\/\\\/urbeamea.ro\\\/albaiulia\\\/centrul-cultural-l-blaga-sebes-va-invita-la-spectacol-jungla-teve-de-gigi-caciuleanu\\\/#primaryimage\"},\"thumbnailUrl\":\"https:\\\/\\\/urbeamea.ro\\\/albaiulia\\\/wp-content\\\/uploads\\\/2023\\\/10\\\/JUNGLA-TEVE-foto-Anastasia-Atanasoska-2.jpg\",\"datePublished\":\"2023-10-27T08:45:50+00:00\",\"dateModified\":\"2023-10-27T08:45:52+00:00\",\"author\":{\"@id\":\"https:\\\/\\\/urbeamea.ro\\\/albaiulia\\\/#\\\/schema\\\/person\\\/272ae98052f8ee8980f59848df070247\"},\"description\":\"Centrul Cultural \u201eLucian Blaga\\\" Sebe\u0219 are pl\u0103cerea de a v\u0103 invita la un eveniment cultural cu totul special, spectacolul&nbsp;Jungla T\u00e9V\u00e9, o produc\u021bie a\",\"breadcrumb\":{\"@id\":\"https:\\\/\\\/urbeamea.ro\\\/albaiulia\\\/centrul-cultural-l-blaga-sebes-va-invita-la-spectacol-jungla-teve-de-gigi-caciuleanu\\\/#breadcrumb\"},\"inLanguage\":\"ro-RO\",\"potentialAction\":[{\"@type\":\"ReadAction\",\"target\":[\"https:\\\/\\\/urbeamea.ro\\\/albaiulia\\\/centrul-cultural-l-blaga-sebes-va-invita-la-spectacol-jungla-teve-de-gigi-caciuleanu\\\/\"]}]},{\"@type\":\"ImageObject\",\"inLanguage\":\"ro-RO\",\"@id\":\"https:\\\/\\\/urbeamea.ro\\\/albaiulia\\\/centrul-cultural-l-blaga-sebes-va-invita-la-spectacol-jungla-teve-de-gigi-caciuleanu\\\/#primaryimage\",\"url\":\"https:\\\/\\\/urbeamea.ro\\\/albaiulia\\\/wp-content\\\/uploads\\\/2023\\\/10\\\/JUNGLA-TEVE-foto-Anastasia-Atanasoska-2.jpg\",\"contentUrl\":\"https:\\\/\\\/urbeamea.ro\\\/albaiulia\\\/wp-content\\\/uploads\\\/2023\\\/10\\\/JUNGLA-TEVE-foto-Anastasia-Atanasoska-2.jpg\",\"width\":1600,\"height\":1065},{\"@type\":\"BreadcrumbList\",\"@id\":\"https:\\\/\\\/urbeamea.ro\\\/albaiulia\\\/centrul-cultural-l-blaga-sebes-va-invita-la-spectacol-jungla-teve-de-gigi-caciuleanu\\\/#breadcrumb\",\"itemListElement\":[{\"@type\":\"ListItem\",\"position\":1,\"name\":\"Prima pagin\u0103\",\"item\":\"https:\\\/\\\/urbeamea.ro\\\/albaiulia\\\/\"},{\"@type\":\"ListItem\",\"position\":2,\"name\":\"Centrul Cultural \u201eL. Blaga&#8221; Sebe\u0219 v\u0103 invit\u0103 la spectacol: Jungla T\u00e9v\u00e9\u00a0de Gigi C\u0103ciuleanu\"}]},{\"@type\":\"WebSite\",\"@id\":\"https:\\\/\\\/urbeamea.ro\\\/albaiulia\\\/#website\",\"url\":\"https:\\\/\\\/urbeamea.ro\\\/albaiulia\\\/\",\"name\":\"Revista Urbea Mea, Stiri urbane\",\"description\":\"Evenimente \u0219i \u0219tiri din Alba Iulia, Sebe\u0219, Aiud, Blaj\",\"potentialAction\":[{\"@type\":\"SearchAction\",\"target\":{\"@type\":\"EntryPoint\",\"urlTemplate\":\"https:\\\/\\\/urbeamea.ro\\\/albaiulia\\\/?s={search_term_string}\"},\"query-input\":{\"@type\":\"PropertyValueSpecification\",\"valueRequired\":true,\"valueName\":\"search_term_string\"}}],\"inLanguage\":\"ro-RO\"},{\"@type\":\"Person\",\"@id\":\"https:\\\/\\\/urbeamea.ro\\\/albaiulia\\\/#\\\/schema\\\/person\\\/272ae98052f8ee8980f59848df070247\",\"name\":\"Redac\u021bia UrbeaMea\",\"image\":{\"@type\":\"ImageObject\",\"inLanguage\":\"ro-RO\",\"@id\":\"https:\\\/\\\/secure.gravatar.com\\\/avatar\\\/9ce5a9435071fa1037e8468053ead8e513dbbff59009d3069aadb85506d85a27?s=96&d=mm&r=g\",\"url\":\"https:\\\/\\\/secure.gravatar.com\\\/avatar\\\/9ce5a9435071fa1037e8468053ead8e513dbbff59009d3069aadb85506d85a27?s=96&d=mm&r=g\",\"contentUrl\":\"https:\\\/\\\/secure.gravatar.com\\\/avatar\\\/9ce5a9435071fa1037e8468053ead8e513dbbff59009d3069aadb85506d85a27?s=96&d=mm&r=g\",\"caption\":\"Redac\u021bia UrbeaMea\"},\"description\":\"contact@urbeamea.ro\",\"sameAs\":[\"https:\\\/\\\/www.urbeamea.ro\"],\"url\":\"https:\\\/\\\/urbeamea.ro\\\/albaiulia\\\/author\\\/redactia-urbeamea\\\/\"}]}<\/script>\n<!-- \/ Yoast SEO plugin. -->","yoast_head_json":{"title":"Centrul Cultural \u201eL. Blaga\" Sebe\u0219 v\u0103 invit\u0103 la spectacol: Jungla T\u00e9v\u00e9\u00a0de Gigi C\u0103ciuleanu - Revista Urbea Mea - Revista de Alba","description":"Centrul Cultural \u201eLucian Blaga\" Sebe\u0219 are pl\u0103cerea de a v\u0103 invita la un eveniment cultural cu totul special, spectacolul&nbsp;Jungla T\u00e9V\u00e9, o produc\u021bie a","robots":{"index":"index","follow":"follow","max-snippet":"max-snippet:-1","max-image-preview":"max-image-preview:large","max-video-preview":"max-video-preview:-1"},"canonical":"https:\/\/urbeamea.ro\/albaiulia\/centrul-cultural-l-blaga-sebes-va-invita-la-spectacol-jungla-teve-de-gigi-caciuleanu\/","twitter_card":"summary_large_image","twitter_title":"Centrul Cultural \u201eL. Blaga\" Sebe\u0219 v\u0103 invit\u0103 la spectacol: Jungla T\u00e9v\u00e9\u00a0de Gigi C\u0103ciuleanu - Revista Urbea Mea - Revista de Alba","twitter_description":"Centrul Cultural \u201eLucian Blaga\" Sebe\u0219 are pl\u0103cerea de a v\u0103 invita la un eveniment cultural cu totul special, spectacolul&nbsp;Jungla T\u00e9V\u00e9, o produc\u021bie a","twitter_image":"https:\/\/urbeamea.ro\/albaiulia\/wp-content\/uploads\/2023\/10\/JUNGLA-TEVE-foto-Anastasia-Atanasoska-2.jpg","twitter_creator":"@urbeameaweb","twitter_site":"@urbeameaweb","schema":{"@context":"https:\/\/schema.org","@graph":[{"@type":"Article","@id":"https:\/\/urbeamea.ro\/albaiulia\/centrul-cultural-l-blaga-sebes-va-invita-la-spectacol-jungla-teve-de-gigi-caciuleanu\/#article","isPartOf":{"@id":"https:\/\/urbeamea.ro\/albaiulia\/centrul-cultural-l-blaga-sebes-va-invita-la-spectacol-jungla-teve-de-gigi-caciuleanu\/"},"author":{"name":"Redac\u021bia UrbeaMea","@id":"https:\/\/urbeamea.ro\/albaiulia\/#\/schema\/person\/272ae98052f8ee8980f59848df070247"},"headline":"Centrul Cultural \u201eL. Blaga&#8221; Sebe\u0219 v\u0103 invit\u0103 la spectacol: Jungla T\u00e9v\u00e9\u00a0de Gigi C\u0103ciuleanu","datePublished":"2023-10-27T08:45:50+00:00","dateModified":"2023-10-27T08:45:52+00:00","mainEntityOfPage":{"@id":"https:\/\/urbeamea.ro\/albaiulia\/centrul-cultural-l-blaga-sebes-va-invita-la-spectacol-jungla-teve-de-gigi-caciuleanu\/"},"wordCount":328,"commentCount":0,"image":{"@id":"https:\/\/urbeamea.ro\/albaiulia\/centrul-cultural-l-blaga-sebes-va-invita-la-spectacol-jungla-teve-de-gigi-caciuleanu\/#primaryimage"},"thumbnailUrl":"https:\/\/urbeamea.ro\/albaiulia\/wp-content\/uploads\/2023\/10\/JUNGLA-TEVE-foto-Anastasia-Atanasoska-2.jpg","articleSection":["Evenimente"],"inLanguage":"ro-RO","potentialAction":[{"@type":"CommentAction","name":"Comment","target":["https:\/\/urbeamea.ro\/albaiulia\/centrul-cultural-l-blaga-sebes-va-invita-la-spectacol-jungla-teve-de-gigi-caciuleanu\/#respond"]}]},{"@type":"WebPage","@id":"https:\/\/urbeamea.ro\/albaiulia\/centrul-cultural-l-blaga-sebes-va-invita-la-spectacol-jungla-teve-de-gigi-caciuleanu\/","url":"https:\/\/urbeamea.ro\/albaiulia\/centrul-cultural-l-blaga-sebes-va-invita-la-spectacol-jungla-teve-de-gigi-caciuleanu\/","name":"Centrul Cultural \u201eL. Blaga\" Sebe\u0219 v\u0103 invit\u0103 la spectacol: Jungla T\u00e9v\u00e9\u00a0de Gigi C\u0103ciuleanu - Revista Urbea Mea - Revista de Alba","isPartOf":{"@id":"https:\/\/urbeamea.ro\/albaiulia\/#website"},"primaryImageOfPage":{"@id":"https:\/\/urbeamea.ro\/albaiulia\/centrul-cultural-l-blaga-sebes-va-invita-la-spectacol-jungla-teve-de-gigi-caciuleanu\/#primaryimage"},"image":{"@id":"https:\/\/urbeamea.ro\/albaiulia\/centrul-cultural-l-blaga-sebes-va-invita-la-spectacol-jungla-teve-de-gigi-caciuleanu\/#primaryimage"},"thumbnailUrl":"https:\/\/urbeamea.ro\/albaiulia\/wp-content\/uploads\/2023\/10\/JUNGLA-TEVE-foto-Anastasia-Atanasoska-2.jpg","datePublished":"2023-10-27T08:45:50+00:00","dateModified":"2023-10-27T08:45:52+00:00","author":{"@id":"https:\/\/urbeamea.ro\/albaiulia\/#\/schema\/person\/272ae98052f8ee8980f59848df070247"},"description":"Centrul Cultural \u201eLucian Blaga\" Sebe\u0219 are pl\u0103cerea de a v\u0103 invita la un eveniment cultural cu totul special, spectacolul&nbsp;Jungla T\u00e9V\u00e9, o produc\u021bie a","breadcrumb":{"@id":"https:\/\/urbeamea.ro\/albaiulia\/centrul-cultural-l-blaga-sebes-va-invita-la-spectacol-jungla-teve-de-gigi-caciuleanu\/#breadcrumb"},"inLanguage":"ro-RO","potentialAction":[{"@type":"ReadAction","target":["https:\/\/urbeamea.ro\/albaiulia\/centrul-cultural-l-blaga-sebes-va-invita-la-spectacol-jungla-teve-de-gigi-caciuleanu\/"]}]},{"@type":"ImageObject","inLanguage":"ro-RO","@id":"https:\/\/urbeamea.ro\/albaiulia\/centrul-cultural-l-blaga-sebes-va-invita-la-spectacol-jungla-teve-de-gigi-caciuleanu\/#primaryimage","url":"https:\/\/urbeamea.ro\/albaiulia\/wp-content\/uploads\/2023\/10\/JUNGLA-TEVE-foto-Anastasia-Atanasoska-2.jpg","contentUrl":"https:\/\/urbeamea.ro\/albaiulia\/wp-content\/uploads\/2023\/10\/JUNGLA-TEVE-foto-Anastasia-Atanasoska-2.jpg","width":1600,"height":1065},{"@type":"BreadcrumbList","@id":"https:\/\/urbeamea.ro\/albaiulia\/centrul-cultural-l-blaga-sebes-va-invita-la-spectacol-jungla-teve-de-gigi-caciuleanu\/#breadcrumb","itemListElement":[{"@type":"ListItem","position":1,"name":"Prima pagin\u0103","item":"https:\/\/urbeamea.ro\/albaiulia\/"},{"@type":"ListItem","position":2,"name":"Centrul Cultural \u201eL. Blaga&#8221; Sebe\u0219 v\u0103 invit\u0103 la spectacol: Jungla T\u00e9v\u00e9\u00a0de Gigi C\u0103ciuleanu"}]},{"@type":"WebSite","@id":"https:\/\/urbeamea.ro\/albaiulia\/#website","url":"https:\/\/urbeamea.ro\/albaiulia\/","name":"Revista Urbea Mea, Stiri urbane","description":"Evenimente \u0219i \u0219tiri din Alba Iulia, Sebe\u0219, Aiud, Blaj","potentialAction":[{"@type":"SearchAction","target":{"@type":"EntryPoint","urlTemplate":"https:\/\/urbeamea.ro\/albaiulia\/?s={search_term_string}"},"query-input":{"@type":"PropertyValueSpecification","valueRequired":true,"valueName":"search_term_string"}}],"inLanguage":"ro-RO"},{"@type":"Person","@id":"https:\/\/urbeamea.ro\/albaiulia\/#\/schema\/person\/272ae98052f8ee8980f59848df070247","name":"Redac\u021bia UrbeaMea","image":{"@type":"ImageObject","inLanguage":"ro-RO","@id":"https:\/\/secure.gravatar.com\/avatar\/9ce5a9435071fa1037e8468053ead8e513dbbff59009d3069aadb85506d85a27?s=96&d=mm&r=g","url":"https:\/\/secure.gravatar.com\/avatar\/9ce5a9435071fa1037e8468053ead8e513dbbff59009d3069aadb85506d85a27?s=96&d=mm&r=g","contentUrl":"https:\/\/secure.gravatar.com\/avatar\/9ce5a9435071fa1037e8468053ead8e513dbbff59009d3069aadb85506d85a27?s=96&d=mm&r=g","caption":"Redac\u021bia UrbeaMea"},"description":"contact@urbeamea.ro","sameAs":["https:\/\/www.urbeamea.ro"],"url":"https:\/\/urbeamea.ro\/albaiulia\/author\/redactia-urbeamea\/"}]}},"_links":{"self":[{"href":"https:\/\/urbeamea.ro\/albaiulia\/wp-json\/wp\/v2\/posts\/109528","targetHints":{"allow":["GET"]}}],"collection":[{"href":"https:\/\/urbeamea.ro\/albaiulia\/wp-json\/wp\/v2\/posts"}],"about":[{"href":"https:\/\/urbeamea.ro\/albaiulia\/wp-json\/wp\/v2\/types\/post"}],"author":[{"embeddable":true,"href":"https:\/\/urbeamea.ro\/albaiulia\/wp-json\/wp\/v2\/users\/16"}],"replies":[{"embeddable":true,"href":"https:\/\/urbeamea.ro\/albaiulia\/wp-json\/wp\/v2\/comments?post=109528"}],"version-history":[{"count":1,"href":"https:\/\/urbeamea.ro\/albaiulia\/wp-json\/wp\/v2\/posts\/109528\/revisions"}],"predecessor-version":[{"id":109534,"href":"https:\/\/urbeamea.ro\/albaiulia\/wp-json\/wp\/v2\/posts\/109528\/revisions\/109534"}],"wp:featuredmedia":[{"embeddable":true,"href":"https:\/\/urbeamea.ro\/albaiulia\/wp-json\/wp\/v2\/media\/109533"}],"wp:attachment":[{"href":"https:\/\/urbeamea.ro\/albaiulia\/wp-json\/wp\/v2\/media?parent=109528"}],"wp:term":[{"taxonomy":"category","embeddable":true,"href":"https:\/\/urbeamea.ro\/albaiulia\/wp-json\/wp\/v2\/categories?post=109528"},{"taxonomy":"post_tag","embeddable":true,"href":"https:\/\/urbeamea.ro\/albaiulia\/wp-json\/wp\/v2\/tags?post=109528"}],"curies":[{"name":"wp","href":"https:\/\/api.w.org\/{rel}","templated":true}]}}