{"id":109539,"date":"2023-10-30T11:27:03","date_gmt":"2023-10-30T09:27:03","guid":{"rendered":"https:\/\/urbeamea.ro\/albaiulia\/?p=109539"},"modified":"2023-10-30T11:27:04","modified_gmt":"2023-10-30T09:27:04","slug":"teatrul-de-papusi-prichindel-va-invita-la-spectacolul-premiera-frica-de-umbra-sa-regia-radu-dinulescu","status":"publish","type":"post","link":"https:\/\/urbeamea.ro\/albaiulia\/teatrul-de-papusi-prichindel-va-invita-la-spectacolul-premiera-frica-de-umbra-sa-regia-radu-dinulescu\/","title":{"rendered":"Teatrul de P\u0103pu\u0219i \u201ePrichindel\u201d v\u0103 invit\u0103 la spectacolul-premier\u0103 \u201eFric\u0103 de umbra sa\u201d, regia Radu Dinulescu"},"content":{"rendered":"\n<p>Acest spectacol este rezultatul unui proiect c\u00e2\u0219tigat la Administra\u021bia Fondului Cultural Na\u021bional (AFCN), ini\u021biat de Asocia\u021bia Thespis din Arad \u0219i derulat \u00een parteneriat cu teatrul nostru.<\/p>\n\n\n\n<blockquote class=\"wp-block-quote is-layout-flow wp-block-quote-is-layout-flow\">\n<p>Proiectul <em>Fric\u0103 de umbra sa<\/em> \u00ee\u0219i propune continuarea introducerii tehnicilor digitale \u00een spectacolul viu, pornind de la albumele de benzi desenate ale lui Patrice Seiler. Pentru acest spectacol, preponderent vizual, s-a realizat un scenariu teatral, un univers scenografic, cinematografic, s-au construit decoruri reale, obiecte \u0219i p\u0103pu\u0219i, din obiecte de recuperat, pornind de la colajele de fotografie originale ale albumului <em>Peur de son ombre<\/em>. Spectacolul militeaz\u0103 pentru \u00eenfr\u00e2ngerea sentimentului fricii legate de necunoscut, de \u00eentuneric, de umbre, de mon\u0219trii pe care-i z\u0103misle\u0219te subcon\u0219tientul, noaptea, \u00een preajma somnului. Personajul nostru, Nostoc, este un copil de cinci ani, care se lupt\u0103 cu umbrele obiectelor din jurul patului s\u0103u, din buc\u0103t\u0103rie, din baie, sau din debara!<\/p>\n<cite>Radu Dinulescu, regizor<\/cite><\/blockquote>\n\n\n\n<p>A\u0219adar, v\u0103 a\u0219tept\u0103m la <strong>premiera spectacolului s\u00e2mb\u0103t\u0103, 11 noiembrie 2023, de la orele 17:00, la Sala 67 a Teatrului de P\u0103pu\u0219i \u201ePrichindel\u201d din Alba Iulia<\/strong>.<\/p>\n\n\n\n<p>Biletele pot fi achizi\u021bionate de la casieria teatrului, de luni p\u00e2n\u0103 vineri, \u00een intervalul orar 9:00 \u2013 14:00 sau online de pe site-ul teatrului: <a href=\"http:\/\/www.teatrulalba.ro\">www.teatrulalba.ro<\/a>.<\/p>\n\n\n\n<p>&nbsp;&nbsp;&nbsp;&nbsp;&nbsp;&nbsp;&nbsp;&nbsp;&nbsp;&nbsp;&nbsp; Pre\u021bul biletelor este de:<\/p>\n\n\n\n<ul class=\"wp-block-list\">\n<li>7 lei pentru copii;<\/li>\n\n\n\n<li>15 lei pentru pensionari \u0219i studen\u021bi:<\/li>\n\n\n\n<li>28 lei pentru adul\u021bi.<\/li>\n<\/ul>\n\n\n\n<p><strong><em>\u201e<\/em><\/strong>Proiectul nu reprezint\u0103 \u00een mod necesar pozi\u021bia Administra\u021biei Fondului Cultural Na\u021bional. AFCN nu este responsabil\u0103 de con\u021binutul proiectului sau de modul \u00een care rezultatele proiectului pot fi folosite. Acestea sunt \u00een \u00eentregime responsabilitatea beneficiarului finan\u021b\u0103rii.\u201d<\/p>\n\n\n\n<p>&nbsp;&nbsp;&nbsp;&nbsp;&nbsp;&nbsp;&nbsp;&nbsp;&nbsp;&nbsp;&nbsp; \u0218i pentru c\u0103 acest spectacol este un proiect pluridisciplinar pentru \u00eentreaga familie, v\u0103 a\u0219tept\u0103m pe to\u021bi: copii, p\u0103rin\u021bi, bunici \u0219i, de ce nu, prieteni.<\/p>\n\n\n\n<p>\u201e<strong>Fric\u0103 de umbra sa<\/strong>\u201d<\/p>\n\n\n\n<p>de Patrice Seiler<\/p>\n\n\n\n<p>Traducerea, scenariul \u0219i regia: Radu Dinulescu<\/p>\n\n\n\n<p>Scenografia: Patrice Seiler \u0219i Radu Dinulescu<\/p>\n\n\n\n<p>Muzica: Armand Richelet<\/p>\n\n\n\n<p>Construc\u021bie decor \u0219i p\u0103pu\u0219i: Teatrul pe Ro\u021bi<\/p>\n\n\n\n<p>Pictur\u0103 decor: Andrada Ciubean \u0219i Andreea Lorena Albu<\/p>\n\n\n\n<p>Distribu\u021bia: Viorica Boda \u0219i Teodora Popa<\/p>\n\n\n\n<p>Asistent de regie: Teodora Popa<\/p>\n\n\n\n<p>Lumini, video: Ovidiu T\u0103m\u0103\u0219an<\/p>\n\n\n\n<p>Sunet: Florin Andrea<\/p>\n\n\n\n<p>Manager Ioana Bog\u0103\u021ban<\/p>\n","protected":false},"excerpt":{"rendered":"<p>Acest spectacol este rezultatul unui proiect c\u00e2\u0219tigat la Administra\u021bia Fondului Cultural Na\u021bional (AFCN), ini\u021biat de Asocia\u021bia Thespis din Arad \u0219i derulat \u00een parteneriat cu teatrul nostru. Proiectul Fric\u0103 de umbra sa \u00ee\u0219i propune continuarea introducerii tehnicilor digitale \u00een spectacolul viu, pornind de la albumele de benzi desenate ale lui Patrice Seiler. Pentru acest spectacol, preponderent &hellip;<\/p>\n","protected":false},"author":16,"featured_media":109540,"comment_status":"open","ping_status":"open","sticky":false,"template":"","format":"standard","meta":{"inline_featured_image":false,"footnotes":""},"categories":[4],"tags":[909],"class_list":["post-109539","post","type-post","status-publish","format-standard","has-post-thumbnail","hentry","category-eveniment","tag-teatrul-de-papusi-prichindel"],"yoast_head":"<!-- This site is optimized with the Yoast SEO plugin v27.4 - https:\/\/yoast.com\/product\/yoast-seo-wordpress\/ -->\n<title>Teatrul de P\u0103pu\u0219i \u201ePrichindel\u201d v\u0103 invit\u0103 la spectacolul-premier\u0103 \u201eFric\u0103 de umbra sa\u201d, regia Radu Dinulescu - Revista Urbea Mea - Revista de Alba<\/title>\n<meta name=\"description\" content=\"Acest spectacol este rezultatul unui proiect c\u00e2\u0219tigat la Administra\u021bia Fondului Cultural Na\u021bional (AFCN), ini\u021biat de Asocia\u021bia Thespis din Arad \u0219i derulat\" \/>\n<meta name=\"robots\" content=\"index, follow, max-snippet:-1, max-image-preview:large, max-video-preview:-1\" \/>\n<link rel=\"canonical\" href=\"https:\/\/urbeamea.ro\/albaiulia\/teatrul-de-papusi-prichindel-va-invita-la-spectacolul-premiera-frica-de-umbra-sa-regia-radu-dinulescu\/\" \/>\n<meta name=\"twitter:card\" content=\"summary_large_image\" \/>\n<meta name=\"twitter:title\" content=\"Teatrul de P\u0103pu\u0219i \u201ePrichindel\u201d v\u0103 invit\u0103 la spectacolul-premier\u0103 \u201eFric\u0103 de umbra sa\u201d, regia Radu Dinulescu - Revista Urbea Mea - Revista de Alba\" \/>\n<meta name=\"twitter:description\" content=\"Acest spectacol este rezultatul unui proiect c\u00e2\u0219tigat la Administra\u021bia Fondului Cultural Na\u021bional (AFCN), ini\u021biat de Asocia\u021bia Thespis din Arad \u0219i derulat\" \/>\n<meta name=\"twitter:image\" content=\"https:\/\/urbeamea.ro\/albaiulia\/wp-content\/uploads\/2023\/10\/Afis-Frica-de-umbra-sa.jpg\" \/>\n<meta name=\"twitter:creator\" content=\"@urbeameaweb\" \/>\n<meta name=\"twitter:site\" content=\"@urbeameaweb\" \/>\n<script type=\"application\/ld+json\" class=\"yoast-schema-graph\">{\"@context\":\"https:\\\/\\\/schema.org\",\"@graph\":[{\"@type\":\"Article\",\"@id\":\"https:\\\/\\\/urbeamea.ro\\\/albaiulia\\\/teatrul-de-papusi-prichindel-va-invita-la-spectacolul-premiera-frica-de-umbra-sa-regia-radu-dinulescu\\\/#article\",\"isPartOf\":{\"@id\":\"https:\\\/\\\/urbeamea.ro\\\/albaiulia\\\/teatrul-de-papusi-prichindel-va-invita-la-spectacolul-premiera-frica-de-umbra-sa-regia-radu-dinulescu\\\/\"},\"author\":{\"name\":\"Redac\u021bia UrbeaMea\",\"@id\":\"https:\\\/\\\/urbeamea.ro\\\/albaiulia\\\/#\\\/schema\\\/person\\\/272ae98052f8ee8980f59848df070247\"},\"headline\":\"Teatrul de P\u0103pu\u0219i \u201ePrichindel\u201d v\u0103 invit\u0103 la spectacolul-premier\u0103 \u201eFric\u0103 de umbra sa\u201d, regia Radu Dinulescu\",\"datePublished\":\"2023-10-30T09:27:03+00:00\",\"dateModified\":\"2023-10-30T09:27:04+00:00\",\"mainEntityOfPage\":{\"@id\":\"https:\\\/\\\/urbeamea.ro\\\/albaiulia\\\/teatrul-de-papusi-prichindel-va-invita-la-spectacolul-premiera-frica-de-umbra-sa-regia-radu-dinulescu\\\/\"},\"wordCount\":402,\"commentCount\":0,\"image\":{\"@id\":\"https:\\\/\\\/urbeamea.ro\\\/albaiulia\\\/teatrul-de-papusi-prichindel-va-invita-la-spectacolul-premiera-frica-de-umbra-sa-regia-radu-dinulescu\\\/#primaryimage\"},\"thumbnailUrl\":\"https:\\\/\\\/urbeamea.ro\\\/albaiulia\\\/wp-content\\\/uploads\\\/2023\\\/10\\\/Afis-Frica-de-umbra-sa.jpg\",\"keywords\":[\"Teatrul de p\u0103pu\u0219i \u201ePrichindel\u201d\"],\"articleSection\":[\"Evenimente\"],\"inLanguage\":\"ro-RO\",\"potentialAction\":[{\"@type\":\"CommentAction\",\"name\":\"Comment\",\"target\":[\"https:\\\/\\\/urbeamea.ro\\\/albaiulia\\\/teatrul-de-papusi-prichindel-va-invita-la-spectacolul-premiera-frica-de-umbra-sa-regia-radu-dinulescu\\\/#respond\"]}]},{\"@type\":\"WebPage\",\"@id\":\"https:\\\/\\\/urbeamea.ro\\\/albaiulia\\\/teatrul-de-papusi-prichindel-va-invita-la-spectacolul-premiera-frica-de-umbra-sa-regia-radu-dinulescu\\\/\",\"url\":\"https:\\\/\\\/urbeamea.ro\\\/albaiulia\\\/teatrul-de-papusi-prichindel-va-invita-la-spectacolul-premiera-frica-de-umbra-sa-regia-radu-dinulescu\\\/\",\"name\":\"Teatrul de P\u0103pu\u0219i \u201ePrichindel\u201d v\u0103 invit\u0103 la spectacolul-premier\u0103 \u201eFric\u0103 de umbra sa\u201d, regia Radu Dinulescu - Revista Urbea Mea - Revista de Alba\",\"isPartOf\":{\"@id\":\"https:\\\/\\\/urbeamea.ro\\\/albaiulia\\\/#website\"},\"primaryImageOfPage\":{\"@id\":\"https:\\\/\\\/urbeamea.ro\\\/albaiulia\\\/teatrul-de-papusi-prichindel-va-invita-la-spectacolul-premiera-frica-de-umbra-sa-regia-radu-dinulescu\\\/#primaryimage\"},\"image\":{\"@id\":\"https:\\\/\\\/urbeamea.ro\\\/albaiulia\\\/teatrul-de-papusi-prichindel-va-invita-la-spectacolul-premiera-frica-de-umbra-sa-regia-radu-dinulescu\\\/#primaryimage\"},\"thumbnailUrl\":\"https:\\\/\\\/urbeamea.ro\\\/albaiulia\\\/wp-content\\\/uploads\\\/2023\\\/10\\\/Afis-Frica-de-umbra-sa.jpg\",\"datePublished\":\"2023-10-30T09:27:03+00:00\",\"dateModified\":\"2023-10-30T09:27:04+00:00\",\"author\":{\"@id\":\"https:\\\/\\\/urbeamea.ro\\\/albaiulia\\\/#\\\/schema\\\/person\\\/272ae98052f8ee8980f59848df070247\"},\"description\":\"Acest spectacol este rezultatul unui proiect c\u00e2\u0219tigat la Administra\u021bia Fondului Cultural Na\u021bional (AFCN), ini\u021biat de Asocia\u021bia Thespis din Arad \u0219i derulat\",\"breadcrumb\":{\"@id\":\"https:\\\/\\\/urbeamea.ro\\\/albaiulia\\\/teatrul-de-papusi-prichindel-va-invita-la-spectacolul-premiera-frica-de-umbra-sa-regia-radu-dinulescu\\\/#breadcrumb\"},\"inLanguage\":\"ro-RO\",\"potentialAction\":[{\"@type\":\"ReadAction\",\"target\":[\"https:\\\/\\\/urbeamea.ro\\\/albaiulia\\\/teatrul-de-papusi-prichindel-va-invita-la-spectacolul-premiera-frica-de-umbra-sa-regia-radu-dinulescu\\\/\"]}]},{\"@type\":\"ImageObject\",\"inLanguage\":\"ro-RO\",\"@id\":\"https:\\\/\\\/urbeamea.ro\\\/albaiulia\\\/teatrul-de-papusi-prichindel-va-invita-la-spectacolul-premiera-frica-de-umbra-sa-regia-radu-dinulescu\\\/#primaryimage\",\"url\":\"https:\\\/\\\/urbeamea.ro\\\/albaiulia\\\/wp-content\\\/uploads\\\/2023\\\/10\\\/Afis-Frica-de-umbra-sa.jpg\",\"contentUrl\":\"https:\\\/\\\/urbeamea.ro\\\/albaiulia\\\/wp-content\\\/uploads\\\/2023\\\/10\\\/Afis-Frica-de-umbra-sa.jpg\",\"width\":1131,\"height\":1600},{\"@type\":\"BreadcrumbList\",\"@id\":\"https:\\\/\\\/urbeamea.ro\\\/albaiulia\\\/teatrul-de-papusi-prichindel-va-invita-la-spectacolul-premiera-frica-de-umbra-sa-regia-radu-dinulescu\\\/#breadcrumb\",\"itemListElement\":[{\"@type\":\"ListItem\",\"position\":1,\"name\":\"Prima pagin\u0103\",\"item\":\"https:\\\/\\\/urbeamea.ro\\\/albaiulia\\\/\"},{\"@type\":\"ListItem\",\"position\":2,\"name\":\"Teatrul de P\u0103pu\u0219i \u201ePrichindel\u201d v\u0103 invit\u0103 la spectacolul-premier\u0103 \u201eFric\u0103 de umbra sa\u201d, regia Radu Dinulescu\"}]},{\"@type\":\"WebSite\",\"@id\":\"https:\\\/\\\/urbeamea.ro\\\/albaiulia\\\/#website\",\"url\":\"https:\\\/\\\/urbeamea.ro\\\/albaiulia\\\/\",\"name\":\"Revista Urbea Mea, Stiri urbane\",\"description\":\"Evenimente \u0219i \u0219tiri din Alba Iulia, Sebe\u0219, Aiud, Blaj\",\"potentialAction\":[{\"@type\":\"SearchAction\",\"target\":{\"@type\":\"EntryPoint\",\"urlTemplate\":\"https:\\\/\\\/urbeamea.ro\\\/albaiulia\\\/?s={search_term_string}\"},\"query-input\":{\"@type\":\"PropertyValueSpecification\",\"valueRequired\":true,\"valueName\":\"search_term_string\"}}],\"inLanguage\":\"ro-RO\"},{\"@type\":\"Person\",\"@id\":\"https:\\\/\\\/urbeamea.ro\\\/albaiulia\\\/#\\\/schema\\\/person\\\/272ae98052f8ee8980f59848df070247\",\"name\":\"Redac\u021bia UrbeaMea\",\"image\":{\"@type\":\"ImageObject\",\"inLanguage\":\"ro-RO\",\"@id\":\"https:\\\/\\\/secure.gravatar.com\\\/avatar\\\/9ce5a9435071fa1037e8468053ead8e513dbbff59009d3069aadb85506d85a27?s=96&d=mm&r=g\",\"url\":\"https:\\\/\\\/secure.gravatar.com\\\/avatar\\\/9ce5a9435071fa1037e8468053ead8e513dbbff59009d3069aadb85506d85a27?s=96&d=mm&r=g\",\"contentUrl\":\"https:\\\/\\\/secure.gravatar.com\\\/avatar\\\/9ce5a9435071fa1037e8468053ead8e513dbbff59009d3069aadb85506d85a27?s=96&d=mm&r=g\",\"caption\":\"Redac\u021bia UrbeaMea\"},\"description\":\"contact@urbeamea.ro\",\"sameAs\":[\"https:\\\/\\\/www.urbeamea.ro\"],\"url\":\"https:\\\/\\\/urbeamea.ro\\\/albaiulia\\\/author\\\/redactia-urbeamea\\\/\"}]}<\/script>\n<!-- \/ Yoast SEO plugin. -->","yoast_head_json":{"title":"Teatrul de P\u0103pu\u0219i \u201ePrichindel\u201d v\u0103 invit\u0103 la spectacolul-premier\u0103 \u201eFric\u0103 de umbra sa\u201d, regia Radu Dinulescu - Revista Urbea Mea - Revista de Alba","description":"Acest spectacol este rezultatul unui proiect c\u00e2\u0219tigat la Administra\u021bia Fondului Cultural Na\u021bional (AFCN), ini\u021biat de Asocia\u021bia Thespis din Arad \u0219i derulat","robots":{"index":"index","follow":"follow","max-snippet":"max-snippet:-1","max-image-preview":"max-image-preview:large","max-video-preview":"max-video-preview:-1"},"canonical":"https:\/\/urbeamea.ro\/albaiulia\/teatrul-de-papusi-prichindel-va-invita-la-spectacolul-premiera-frica-de-umbra-sa-regia-radu-dinulescu\/","twitter_card":"summary_large_image","twitter_title":"Teatrul de P\u0103pu\u0219i \u201ePrichindel\u201d v\u0103 invit\u0103 la spectacolul-premier\u0103 \u201eFric\u0103 de umbra sa\u201d, regia Radu Dinulescu - Revista Urbea Mea - Revista de Alba","twitter_description":"Acest spectacol este rezultatul unui proiect c\u00e2\u0219tigat la Administra\u021bia Fondului Cultural Na\u021bional (AFCN), ini\u021biat de Asocia\u021bia Thespis din Arad \u0219i derulat","twitter_image":"https:\/\/urbeamea.ro\/albaiulia\/wp-content\/uploads\/2023\/10\/Afis-Frica-de-umbra-sa.jpg","twitter_creator":"@urbeameaweb","twitter_site":"@urbeameaweb","schema":{"@context":"https:\/\/schema.org","@graph":[{"@type":"Article","@id":"https:\/\/urbeamea.ro\/albaiulia\/teatrul-de-papusi-prichindel-va-invita-la-spectacolul-premiera-frica-de-umbra-sa-regia-radu-dinulescu\/#article","isPartOf":{"@id":"https:\/\/urbeamea.ro\/albaiulia\/teatrul-de-papusi-prichindel-va-invita-la-spectacolul-premiera-frica-de-umbra-sa-regia-radu-dinulescu\/"},"author":{"name":"Redac\u021bia UrbeaMea","@id":"https:\/\/urbeamea.ro\/albaiulia\/#\/schema\/person\/272ae98052f8ee8980f59848df070247"},"headline":"Teatrul de P\u0103pu\u0219i \u201ePrichindel\u201d v\u0103 invit\u0103 la spectacolul-premier\u0103 \u201eFric\u0103 de umbra sa\u201d, regia Radu Dinulescu","datePublished":"2023-10-30T09:27:03+00:00","dateModified":"2023-10-30T09:27:04+00:00","mainEntityOfPage":{"@id":"https:\/\/urbeamea.ro\/albaiulia\/teatrul-de-papusi-prichindel-va-invita-la-spectacolul-premiera-frica-de-umbra-sa-regia-radu-dinulescu\/"},"wordCount":402,"commentCount":0,"image":{"@id":"https:\/\/urbeamea.ro\/albaiulia\/teatrul-de-papusi-prichindel-va-invita-la-spectacolul-premiera-frica-de-umbra-sa-regia-radu-dinulescu\/#primaryimage"},"thumbnailUrl":"https:\/\/urbeamea.ro\/albaiulia\/wp-content\/uploads\/2023\/10\/Afis-Frica-de-umbra-sa.jpg","keywords":["Teatrul de p\u0103pu\u0219i \u201ePrichindel\u201d"],"articleSection":["Evenimente"],"inLanguage":"ro-RO","potentialAction":[{"@type":"CommentAction","name":"Comment","target":["https:\/\/urbeamea.ro\/albaiulia\/teatrul-de-papusi-prichindel-va-invita-la-spectacolul-premiera-frica-de-umbra-sa-regia-radu-dinulescu\/#respond"]}]},{"@type":"WebPage","@id":"https:\/\/urbeamea.ro\/albaiulia\/teatrul-de-papusi-prichindel-va-invita-la-spectacolul-premiera-frica-de-umbra-sa-regia-radu-dinulescu\/","url":"https:\/\/urbeamea.ro\/albaiulia\/teatrul-de-papusi-prichindel-va-invita-la-spectacolul-premiera-frica-de-umbra-sa-regia-radu-dinulescu\/","name":"Teatrul de P\u0103pu\u0219i \u201ePrichindel\u201d v\u0103 invit\u0103 la spectacolul-premier\u0103 \u201eFric\u0103 de umbra sa\u201d, regia Radu Dinulescu - Revista Urbea Mea - Revista de Alba","isPartOf":{"@id":"https:\/\/urbeamea.ro\/albaiulia\/#website"},"primaryImageOfPage":{"@id":"https:\/\/urbeamea.ro\/albaiulia\/teatrul-de-papusi-prichindel-va-invita-la-spectacolul-premiera-frica-de-umbra-sa-regia-radu-dinulescu\/#primaryimage"},"image":{"@id":"https:\/\/urbeamea.ro\/albaiulia\/teatrul-de-papusi-prichindel-va-invita-la-spectacolul-premiera-frica-de-umbra-sa-regia-radu-dinulescu\/#primaryimage"},"thumbnailUrl":"https:\/\/urbeamea.ro\/albaiulia\/wp-content\/uploads\/2023\/10\/Afis-Frica-de-umbra-sa.jpg","datePublished":"2023-10-30T09:27:03+00:00","dateModified":"2023-10-30T09:27:04+00:00","author":{"@id":"https:\/\/urbeamea.ro\/albaiulia\/#\/schema\/person\/272ae98052f8ee8980f59848df070247"},"description":"Acest spectacol este rezultatul unui proiect c\u00e2\u0219tigat la Administra\u021bia Fondului Cultural Na\u021bional (AFCN), ini\u021biat de Asocia\u021bia Thespis din Arad \u0219i derulat","breadcrumb":{"@id":"https:\/\/urbeamea.ro\/albaiulia\/teatrul-de-papusi-prichindel-va-invita-la-spectacolul-premiera-frica-de-umbra-sa-regia-radu-dinulescu\/#breadcrumb"},"inLanguage":"ro-RO","potentialAction":[{"@type":"ReadAction","target":["https:\/\/urbeamea.ro\/albaiulia\/teatrul-de-papusi-prichindel-va-invita-la-spectacolul-premiera-frica-de-umbra-sa-regia-radu-dinulescu\/"]}]},{"@type":"ImageObject","inLanguage":"ro-RO","@id":"https:\/\/urbeamea.ro\/albaiulia\/teatrul-de-papusi-prichindel-va-invita-la-spectacolul-premiera-frica-de-umbra-sa-regia-radu-dinulescu\/#primaryimage","url":"https:\/\/urbeamea.ro\/albaiulia\/wp-content\/uploads\/2023\/10\/Afis-Frica-de-umbra-sa.jpg","contentUrl":"https:\/\/urbeamea.ro\/albaiulia\/wp-content\/uploads\/2023\/10\/Afis-Frica-de-umbra-sa.jpg","width":1131,"height":1600},{"@type":"BreadcrumbList","@id":"https:\/\/urbeamea.ro\/albaiulia\/teatrul-de-papusi-prichindel-va-invita-la-spectacolul-premiera-frica-de-umbra-sa-regia-radu-dinulescu\/#breadcrumb","itemListElement":[{"@type":"ListItem","position":1,"name":"Prima pagin\u0103","item":"https:\/\/urbeamea.ro\/albaiulia\/"},{"@type":"ListItem","position":2,"name":"Teatrul de P\u0103pu\u0219i \u201ePrichindel\u201d v\u0103 invit\u0103 la spectacolul-premier\u0103 \u201eFric\u0103 de umbra sa\u201d, regia Radu Dinulescu"}]},{"@type":"WebSite","@id":"https:\/\/urbeamea.ro\/albaiulia\/#website","url":"https:\/\/urbeamea.ro\/albaiulia\/","name":"Revista Urbea Mea, Stiri urbane","description":"Evenimente \u0219i \u0219tiri din Alba Iulia, Sebe\u0219, Aiud, Blaj","potentialAction":[{"@type":"SearchAction","target":{"@type":"EntryPoint","urlTemplate":"https:\/\/urbeamea.ro\/albaiulia\/?s={search_term_string}"},"query-input":{"@type":"PropertyValueSpecification","valueRequired":true,"valueName":"search_term_string"}}],"inLanguage":"ro-RO"},{"@type":"Person","@id":"https:\/\/urbeamea.ro\/albaiulia\/#\/schema\/person\/272ae98052f8ee8980f59848df070247","name":"Redac\u021bia UrbeaMea","image":{"@type":"ImageObject","inLanguage":"ro-RO","@id":"https:\/\/secure.gravatar.com\/avatar\/9ce5a9435071fa1037e8468053ead8e513dbbff59009d3069aadb85506d85a27?s=96&d=mm&r=g","url":"https:\/\/secure.gravatar.com\/avatar\/9ce5a9435071fa1037e8468053ead8e513dbbff59009d3069aadb85506d85a27?s=96&d=mm&r=g","contentUrl":"https:\/\/secure.gravatar.com\/avatar\/9ce5a9435071fa1037e8468053ead8e513dbbff59009d3069aadb85506d85a27?s=96&d=mm&r=g","caption":"Redac\u021bia UrbeaMea"},"description":"contact@urbeamea.ro","sameAs":["https:\/\/www.urbeamea.ro"],"url":"https:\/\/urbeamea.ro\/albaiulia\/author\/redactia-urbeamea\/"}]}},"_links":{"self":[{"href":"https:\/\/urbeamea.ro\/albaiulia\/wp-json\/wp\/v2\/posts\/109539","targetHints":{"allow":["GET"]}}],"collection":[{"href":"https:\/\/urbeamea.ro\/albaiulia\/wp-json\/wp\/v2\/posts"}],"about":[{"href":"https:\/\/urbeamea.ro\/albaiulia\/wp-json\/wp\/v2\/types\/post"}],"author":[{"embeddable":true,"href":"https:\/\/urbeamea.ro\/albaiulia\/wp-json\/wp\/v2\/users\/16"}],"replies":[{"embeddable":true,"href":"https:\/\/urbeamea.ro\/albaiulia\/wp-json\/wp\/v2\/comments?post=109539"}],"version-history":[{"count":1,"href":"https:\/\/urbeamea.ro\/albaiulia\/wp-json\/wp\/v2\/posts\/109539\/revisions"}],"predecessor-version":[{"id":109541,"href":"https:\/\/urbeamea.ro\/albaiulia\/wp-json\/wp\/v2\/posts\/109539\/revisions\/109541"}],"wp:featuredmedia":[{"embeddable":true,"href":"https:\/\/urbeamea.ro\/albaiulia\/wp-json\/wp\/v2\/media\/109540"}],"wp:attachment":[{"href":"https:\/\/urbeamea.ro\/albaiulia\/wp-json\/wp\/v2\/media?parent=109539"}],"wp:term":[{"taxonomy":"category","embeddable":true,"href":"https:\/\/urbeamea.ro\/albaiulia\/wp-json\/wp\/v2\/categories?post=109539"},{"taxonomy":"post_tag","embeddable":true,"href":"https:\/\/urbeamea.ro\/albaiulia\/wp-json\/wp\/v2\/tags?post=109539"}],"curies":[{"name":"wp","href":"https:\/\/api.w.org\/{rel}","templated":true}]}}