{"id":109545,"date":"2023-11-02T10:49:34","date_gmt":"2023-11-02T08:49:34","guid":{"rendered":"https:\/\/urbeamea.ro\/albaiulia\/?p=109545"},"modified":"2023-11-02T10:49:36","modified_gmt":"2023-11-02T08:49:36","slug":"acordarea-ajutorului-de-incalzire-in-sezonul-rece-2023-2024","status":"publish","type":"post","link":"https:\/\/urbeamea.ro\/albaiulia\/acordarea-ajutorului-de-incalzire-in-sezonul-rece-2023-2024\/","title":{"rendered":"Acordarea ajutorului de \u00eenc\u0103lzire \u00een sezonul rece 2023-2024"},"content":{"rendered":"\n<p>Prim\u0103ria Municipiului Sebe\u0219 \u0219i Direc\u021bia General\u0103 de Asisten\u021b\u0103 Social\u0103, Medical\u0103 \u0219i Comunitar\u0103 Sebe\u0219 v\u0103 aduc la cuno\u0219tin\u021b\u0103 c\u0103 \u00eencep\u00e2nd cu 1 noiembrie 2023 se vor prelua cererile pentru acordarea ajutorului pentru \u00eenc\u0103lzirea locuin\u021bei \u0219i a suplimentului pentru energie, pentru sezonul rece 1 noiembrie 2023 \u2013 31 martie 2024.<\/p>\n\n\n\n<p><strong>&nbsp;<\/strong>Pot beneficia de acest drept familiile care realizeaz\u0103 venituri lunare nete pe membru de familie de p\u00e2n\u0103 la&nbsp;<strong>1386 lei<\/strong>,respectiv persoanele singure care realizeaz\u0103 venituri nete lunare p\u00e2n\u0103 la<strong>&nbsp;2053 lei&nbsp;&nbsp;<\/strong>\u0219i care nu de\u021bin bunurile cuprinse \u00een&nbsp;Lista bunurilor care conduc la excluderea acord\u0103rii ajutorului social.<\/p>\n\n\n\n<p>Documentele necesare acord\u0103rii ajutorului <strong><u>se pot depune p\u00e2n\u0103 cel t\u00e2rziu 20 noiembrie<\/u><\/strong> pentru a beneficia de aceast\u0103 presta\u021bie cu data de 1 noiembrie 2023.<\/p>\n\n\n\n<p>Programul de depunere a cererilor este de <strong><u>luni &#8211; joi: 09:00 &#8211; 16:30<\/u><\/strong>, la sediul Direc\u021biei Generale de Asisten\u021b\u0103 Social\u0103, Medical\u0103 \u0219i Comunitar\u0103 Sebe\u0219, situat \u00een cartierul Aleea Lac, nr. 12, telefon 0258730611\/ 0746092655.<\/p>\n\n\n\n<p><strong>Actele necesare pentru dosarul de ajutor de \u00eenc\u0103lzire sunt:<\/strong><\/p>\n\n\n\n<p>1. Cerere tip<\/p>\n\n\n\n<p>2. Actele de identitate ale persoanelor \u00eenscrise pe cerere (BI, CI, Carte provizorie, certificat na\u0219tere pentru copiii din familie cu v\u00e2rsta de sub 14 ani)<\/p>\n\n\n\n<p>3. Dovada venitului net, aferent lunii anterioare depunerii cererii;<\/p>\n\n\n\n<p>4. Declara\u021bie notarial\u0103 \u00een situa\u021bia persoanelor adulte care nu realizeaz\u0103 venituri \u00een \u021bar\u0103 sau str\u0103in\u0103tate;<\/p>\n\n\n\n<p>5. Act de proprietate,&nbsp; contract \u00eenchiriere, comodat sau alte documente care atest\u0103 un drept de folosin\u021b\u0103 asupra locuin\u021bei (dup\u0103 caz);<\/p>\n\n\n\n<p><em>\u00cen cazul persoanelor <u>care locuiesc la curte \u0219i nu de\u021bin act de proprietate se va prezenta adeverin\u021b\u0103 teren agricol, <\/u>eliberat\u0103 la cerere de Prim\u0103ria Sebe\u0219 (cu sediul \u00een Arini);<\/em><\/p>\n\n\n\n<p>6. Copie talon autoturism (dup\u0103 caz);<\/p>\n\n\n\n<p>7. Factur\u0103 gaz \u0219i energie electric\u0103 (dup\u0103 caz).<\/p>\n\n\n\n<p>8. Adeverin\u021b\u0103 cont IBAN pe numele titularului (doar pentru virarea \u00een cont a ajutorului\/ suplimentului cu lemne).<\/p>\n\n\n\n<p><strong>De\u021binerea unuia dintre bunurile men\u021bionate mai jos conduce la excluderea acord\u0103rii ajutorului pentru \u00eenc\u0103lzirea locuin\u021bei.<\/strong><\/p>\n\n\n\n<p><strong>LISTA BUNURILOR<\/strong><\/p>\n\n\n\n<p><strong>ce conduc la excluderea acord\u0103rii ajutorului pentru \u00eenc\u0103lzirea locuin\u021bei<\/strong><strong><\/strong><\/p>\n\n\n\n<figure class=\"wp-block-table\"><table><tbody><tr><td colspan=\"2\"><strong>Bunuri imobile<\/strong><\/td><\/tr><tr><td><strong>1<\/strong><\/td><td><strong>Cl\u0103diri sau alte spa\u021bii locative \u00een afara locuin\u021bei de domiciliu \u0219i a anexelor gospod\u0103re\u0219ti<\/strong><\/td><\/tr><tr><td><strong>2<\/strong><\/td><td><strong>Terenuri de \u00eemprejmuire a locuin\u021bei \u0219i curtea aferent\u0103 \u0219i alte terenuri intravilane care dep\u0103\u0219esc 1.000 mp \u00een zona urban\u0103 \u0219i 2.000 mp \u00een zona rural\u0103&nbsp;&nbsp;&nbsp;&nbsp;&nbsp;&nbsp;&nbsp;&nbsp;&nbsp;&nbsp;&nbsp;&nbsp;<\/strong><\/td><\/tr><\/tbody><\/table><\/figure>\n\n\n\n<figure class=\"wp-block-table\"><table><tbody><tr><td colspan=\"2\"><strong>Bunuri mobile<sup>*<\/sup><\/strong><\/td><\/tr><tr><td><strong>1<\/strong><\/td><td><strong>Autoturism\/autoturisme \u0219i\/sau motociclet\u0103\/motociclete cu o vechime mai mic\u0103 de 10ani cu excep\u021bia celor adaptate pentru persoanele cu handicap sau destinate transportului acestora sau persoanelor dependente precum \u0219i pentru uzul persoanelor aflate \u00een zone greu accesibile<\/strong><\/td><\/tr><tr><td><strong>2<\/strong><\/td><td><strong>Mai mult de un autoturism\/motociclet\u0103 cu o vechime mai mare de 10 ani<\/strong><\/td><\/tr><tr><td><strong>3<\/strong><\/td><td><strong>Autovehicule: autoutilitare, autocamioane de orice fel cu sau f\u0103r\u0103 remorci, rulote, autobuze, microbuze<\/strong><\/td><\/tr><tr><td><strong>4<\/strong><\/td><td><strong>\u0218alupe, b\u0103rci cu motor, scutere de ap\u0103, iahturi, cu excep\u021bia b\u0103rcilor necesare pentru uzul persoanelor care locuiesc \u00een Rezerva\u021bia Biosferei \u201dDelta Dun\u0103rii\u201d<\/strong><\/td><\/tr><tr><td><strong>5<\/strong><\/td><td><strong>Utilaje agricole: tractor, combin\u0103 autopropulsat\u0103<\/strong><\/td><\/tr><tr><td><strong>6<\/strong><\/td><td><strong>Utilaje de prelucrare agricol\u0103: pres\u0103 de ulei, moar\u0103 de cereale<\/strong><\/td><\/tr><tr><td><strong>7<\/strong><\/td><td><strong>Utilaje de prelucrat lemnul: gater sau alte utilaje de prelucrat lemnul ac\u021bionate hidraulic, mecanic sau electric<\/strong><\/td><\/tr><tr><td colspan=\"2\"><strong>(*)Aflate \u00een stare de func\u021bionare<\/strong><\/td><\/tr><\/tbody><\/table><\/figure>\n\n\n\n<figure class=\"wp-block-table\"><table><tbody><tr><td colspan=\"2\"><strong><u>Depozite bancare<\/u><\/strong><\/td><\/tr><tr><td><strong>&nbsp;&nbsp; 1&nbsp;&nbsp;&nbsp;&nbsp;&nbsp;&nbsp;&nbsp;&nbsp;<\/strong><\/td><td><strong>Depozite bancare cu valoare de peste 3000 lei<\/strong><\/td><\/tr><\/tbody><\/table><\/figure>\n\n\n\n<figure class=\"wp-block-table\"><table><tbody><tr><td colspan=\"2\"><strong><u>Terenuri \/animale \u0219i\/sau p\u0103s\u0103ri<\/u><\/strong><\/td><\/tr><tr><td><strong>&nbsp;&nbsp; 1&nbsp;&nbsp;&nbsp;&nbsp;&nbsp;&nbsp;&nbsp;&nbsp;<\/strong><\/td><td><strong>Suprafe\u021be de teren, animale \u0219i p\u0103s\u0103ri a c\u0103ror valoare net\u0103 de produc\u021bie anual\u0103 dep\u0103\u0219e\u0219te suma de 1.000 euro pentru persoana singur\u0103, respectiv suma de 2.500 euro pentru familie<\/strong><strong><\/strong><\/td><\/tr><\/tbody><\/table><\/figure>\n","protected":false},"excerpt":{"rendered":"<p>Prim\u0103ria Municipiului Sebe\u0219 \u0219i Direc\u021bia General\u0103 de Asisten\u021b\u0103 Social\u0103, Medical\u0103 \u0219i Comunitar\u0103 Sebe\u0219 v\u0103 aduc la cuno\u0219tin\u021b\u0103 c\u0103 \u00eencep\u00e2nd cu 1 noiembrie 2023 se vor prelua cererile pentru acordarea ajutorului pentru \u00eenc\u0103lzirea locuin\u021bei \u0219i a suplimentului pentru energie, pentru sezonul rece 1 noiembrie 2023 \u2013 31 martie 2024. &nbsp;Pot beneficia de acest drept familiile care &hellip;<\/p>\n","protected":false},"author":16,"featured_media":109546,"comment_status":"open","ping_status":"open","sticky":false,"template":"","format":"standard","meta":{"inline_featured_image":false,"footnotes":""},"categories":[2034],"tags":[24894],"class_list":["post-109545","post","type-post","status-publish","format-standard","has-post-thumbnail","hentry","category-social","tag-municipiu-sebes"],"yoast_head":"<!-- This site is optimized with the Yoast SEO plugin v27.4 - https:\/\/yoast.com\/product\/yoast-seo-wordpress\/ -->\n<title>Acordarea ajutorului de \u00eenc\u0103lzire \u00een sezonul rece 2023-2024 - Revista Urbea Mea - Revista de Alba<\/title>\n<meta name=\"description\" content=\"Prim\u0103ria Municipiului Sebe\u0219 \u0219i Direc\u021bia General\u0103 de Asisten\u021b\u0103 Social\u0103, Medical\u0103 \u0219i Comunitar\u0103 Sebe\u0219 v\u0103 aduc la cuno\u0219tin\u021b\u0103 c\u0103 \u00eencep\u00e2nd cu 1 noiembrie 2023\" \/>\n<meta name=\"robots\" content=\"index, follow, max-snippet:-1, max-image-preview:large, max-video-preview:-1\" \/>\n<link rel=\"canonical\" href=\"https:\/\/urbeamea.ro\/albaiulia\/acordarea-ajutorului-de-incalzire-in-sezonul-rece-2023-2024\/\" \/>\n<meta name=\"twitter:card\" content=\"summary_large_image\" \/>\n<meta name=\"twitter:title\" content=\"Acordarea ajutorului de \u00eenc\u0103lzire \u00een sezonul rece 2023-2024 - Revista Urbea Mea - Revista de Alba\" \/>\n<meta name=\"twitter:description\" content=\"Prim\u0103ria Municipiului Sebe\u0219 \u0219i Direc\u021bia General\u0103 de Asisten\u021b\u0103 Social\u0103, Medical\u0103 \u0219i Comunitar\u0103 Sebe\u0219 v\u0103 aduc la cuno\u0219tin\u021b\u0103 c\u0103 \u00eencep\u00e2nd cu 1 noiembrie 2023\" \/>\n<meta name=\"twitter:image\" content=\"https:\/\/urbeamea.ro\/albaiulia\/wp-content\/uploads\/2023\/11\/Ajutor-I-2023.jpg\" \/>\n<meta name=\"twitter:creator\" content=\"@urbeameaweb\" \/>\n<meta name=\"twitter:site\" content=\"@urbeameaweb\" \/>\n<script type=\"application\/ld+json\" class=\"yoast-schema-graph\">{\"@context\":\"https:\\\/\\\/schema.org\",\"@graph\":[{\"@type\":\"Article\",\"@id\":\"https:\\\/\\\/urbeamea.ro\\\/albaiulia\\\/acordarea-ajutorului-de-incalzire-in-sezonul-rece-2023-2024\\\/#article\",\"isPartOf\":{\"@id\":\"https:\\\/\\\/urbeamea.ro\\\/albaiulia\\\/acordarea-ajutorului-de-incalzire-in-sezonul-rece-2023-2024\\\/\"},\"author\":{\"name\":\"Redac\u021bia UrbeaMea\",\"@id\":\"https:\\\/\\\/urbeamea.ro\\\/albaiulia\\\/#\\\/schema\\\/person\\\/272ae98052f8ee8980f59848df070247\"},\"headline\":\"Acordarea ajutorului de \u00eenc\u0103lzire \u00een sezonul rece 2023-2024\",\"datePublished\":\"2023-11-02T08:49:34+00:00\",\"dateModified\":\"2023-11-02T08:49:36+00:00\",\"mainEntityOfPage\":{\"@id\":\"https:\\\/\\\/urbeamea.ro\\\/albaiulia\\\/acordarea-ajutorului-de-incalzire-in-sezonul-rece-2023-2024\\\/\"},\"wordCount\":604,\"commentCount\":0,\"image\":{\"@id\":\"https:\\\/\\\/urbeamea.ro\\\/albaiulia\\\/acordarea-ajutorului-de-incalzire-in-sezonul-rece-2023-2024\\\/#primaryimage\"},\"thumbnailUrl\":\"https:\\\/\\\/urbeamea.ro\\\/albaiulia\\\/wp-content\\\/uploads\\\/2023\\\/11\\\/Ajutor-I-2023.jpg\",\"keywords\":[\"municipiu sebes\"],\"articleSection\":[\"Social\"],\"inLanguage\":\"ro-RO\",\"potentialAction\":[{\"@type\":\"CommentAction\",\"name\":\"Comment\",\"target\":[\"https:\\\/\\\/urbeamea.ro\\\/albaiulia\\\/acordarea-ajutorului-de-incalzire-in-sezonul-rece-2023-2024\\\/#respond\"]}]},{\"@type\":\"WebPage\",\"@id\":\"https:\\\/\\\/urbeamea.ro\\\/albaiulia\\\/acordarea-ajutorului-de-incalzire-in-sezonul-rece-2023-2024\\\/\",\"url\":\"https:\\\/\\\/urbeamea.ro\\\/albaiulia\\\/acordarea-ajutorului-de-incalzire-in-sezonul-rece-2023-2024\\\/\",\"name\":\"Acordarea ajutorului de \u00eenc\u0103lzire \u00een sezonul rece 2023-2024 - Revista Urbea Mea - Revista de Alba\",\"isPartOf\":{\"@id\":\"https:\\\/\\\/urbeamea.ro\\\/albaiulia\\\/#website\"},\"primaryImageOfPage\":{\"@id\":\"https:\\\/\\\/urbeamea.ro\\\/albaiulia\\\/acordarea-ajutorului-de-incalzire-in-sezonul-rece-2023-2024\\\/#primaryimage\"},\"image\":{\"@id\":\"https:\\\/\\\/urbeamea.ro\\\/albaiulia\\\/acordarea-ajutorului-de-incalzire-in-sezonul-rece-2023-2024\\\/#primaryimage\"},\"thumbnailUrl\":\"https:\\\/\\\/urbeamea.ro\\\/albaiulia\\\/wp-content\\\/uploads\\\/2023\\\/11\\\/Ajutor-I-2023.jpg\",\"datePublished\":\"2023-11-02T08:49:34+00:00\",\"dateModified\":\"2023-11-02T08:49:36+00:00\",\"author\":{\"@id\":\"https:\\\/\\\/urbeamea.ro\\\/albaiulia\\\/#\\\/schema\\\/person\\\/272ae98052f8ee8980f59848df070247\"},\"description\":\"Prim\u0103ria Municipiului Sebe\u0219 \u0219i Direc\u021bia General\u0103 de Asisten\u021b\u0103 Social\u0103, Medical\u0103 \u0219i Comunitar\u0103 Sebe\u0219 v\u0103 aduc la cuno\u0219tin\u021b\u0103 c\u0103 \u00eencep\u00e2nd cu 1 noiembrie 2023\",\"breadcrumb\":{\"@id\":\"https:\\\/\\\/urbeamea.ro\\\/albaiulia\\\/acordarea-ajutorului-de-incalzire-in-sezonul-rece-2023-2024\\\/#breadcrumb\"},\"inLanguage\":\"ro-RO\",\"potentialAction\":[{\"@type\":\"ReadAction\",\"target\":[\"https:\\\/\\\/urbeamea.ro\\\/albaiulia\\\/acordarea-ajutorului-de-incalzire-in-sezonul-rece-2023-2024\\\/\"]}]},{\"@type\":\"ImageObject\",\"inLanguage\":\"ro-RO\",\"@id\":\"https:\\\/\\\/urbeamea.ro\\\/albaiulia\\\/acordarea-ajutorului-de-incalzire-in-sezonul-rece-2023-2024\\\/#primaryimage\",\"url\":\"https:\\\/\\\/urbeamea.ro\\\/albaiulia\\\/wp-content\\\/uploads\\\/2023\\\/11\\\/Ajutor-I-2023.jpg\",\"contentUrl\":\"https:\\\/\\\/urbeamea.ro\\\/albaiulia\\\/wp-content\\\/uploads\\\/2023\\\/11\\\/Ajutor-I-2023.jpg\",\"width\":1600,\"height\":1600},{\"@type\":\"BreadcrumbList\",\"@id\":\"https:\\\/\\\/urbeamea.ro\\\/albaiulia\\\/acordarea-ajutorului-de-incalzire-in-sezonul-rece-2023-2024\\\/#breadcrumb\",\"itemListElement\":[{\"@type\":\"ListItem\",\"position\":1,\"name\":\"Prima pagin\u0103\",\"item\":\"https:\\\/\\\/urbeamea.ro\\\/albaiulia\\\/\"},{\"@type\":\"ListItem\",\"position\":2,\"name\":\"Acordarea ajutorului de \u00eenc\u0103lzire \u00een sezonul rece 2023-2024\"}]},{\"@type\":\"WebSite\",\"@id\":\"https:\\\/\\\/urbeamea.ro\\\/albaiulia\\\/#website\",\"url\":\"https:\\\/\\\/urbeamea.ro\\\/albaiulia\\\/\",\"name\":\"Revista Urbea Mea, Stiri urbane\",\"description\":\"Evenimente \u0219i \u0219tiri din Alba Iulia, Sebe\u0219, Aiud, Blaj\",\"potentialAction\":[{\"@type\":\"SearchAction\",\"target\":{\"@type\":\"EntryPoint\",\"urlTemplate\":\"https:\\\/\\\/urbeamea.ro\\\/albaiulia\\\/?s={search_term_string}\"},\"query-input\":{\"@type\":\"PropertyValueSpecification\",\"valueRequired\":true,\"valueName\":\"search_term_string\"}}],\"inLanguage\":\"ro-RO\"},{\"@type\":\"Person\",\"@id\":\"https:\\\/\\\/urbeamea.ro\\\/albaiulia\\\/#\\\/schema\\\/person\\\/272ae98052f8ee8980f59848df070247\",\"name\":\"Redac\u021bia UrbeaMea\",\"image\":{\"@type\":\"ImageObject\",\"inLanguage\":\"ro-RO\",\"@id\":\"https:\\\/\\\/secure.gravatar.com\\\/avatar\\\/9ce5a9435071fa1037e8468053ead8e513dbbff59009d3069aadb85506d85a27?s=96&d=mm&r=g\",\"url\":\"https:\\\/\\\/secure.gravatar.com\\\/avatar\\\/9ce5a9435071fa1037e8468053ead8e513dbbff59009d3069aadb85506d85a27?s=96&d=mm&r=g\",\"contentUrl\":\"https:\\\/\\\/secure.gravatar.com\\\/avatar\\\/9ce5a9435071fa1037e8468053ead8e513dbbff59009d3069aadb85506d85a27?s=96&d=mm&r=g\",\"caption\":\"Redac\u021bia UrbeaMea\"},\"description\":\"contact@urbeamea.ro\",\"sameAs\":[\"https:\\\/\\\/www.urbeamea.ro\"],\"url\":\"https:\\\/\\\/urbeamea.ro\\\/albaiulia\\\/author\\\/redactia-urbeamea\\\/\"}]}<\/script>\n<!-- \/ Yoast SEO plugin. -->","yoast_head_json":{"title":"Acordarea ajutorului de \u00eenc\u0103lzire \u00een sezonul rece 2023-2024 - Revista Urbea Mea - Revista de Alba","description":"Prim\u0103ria Municipiului Sebe\u0219 \u0219i Direc\u021bia General\u0103 de Asisten\u021b\u0103 Social\u0103, Medical\u0103 \u0219i Comunitar\u0103 Sebe\u0219 v\u0103 aduc la cuno\u0219tin\u021b\u0103 c\u0103 \u00eencep\u00e2nd cu 1 noiembrie 2023","robots":{"index":"index","follow":"follow","max-snippet":"max-snippet:-1","max-image-preview":"max-image-preview:large","max-video-preview":"max-video-preview:-1"},"canonical":"https:\/\/urbeamea.ro\/albaiulia\/acordarea-ajutorului-de-incalzire-in-sezonul-rece-2023-2024\/","twitter_card":"summary_large_image","twitter_title":"Acordarea ajutorului de \u00eenc\u0103lzire \u00een sezonul rece 2023-2024 - Revista Urbea Mea - Revista de Alba","twitter_description":"Prim\u0103ria Municipiului Sebe\u0219 \u0219i Direc\u021bia General\u0103 de Asisten\u021b\u0103 Social\u0103, Medical\u0103 \u0219i Comunitar\u0103 Sebe\u0219 v\u0103 aduc la cuno\u0219tin\u021b\u0103 c\u0103 \u00eencep\u00e2nd cu 1 noiembrie 2023","twitter_image":"https:\/\/urbeamea.ro\/albaiulia\/wp-content\/uploads\/2023\/11\/Ajutor-I-2023.jpg","twitter_creator":"@urbeameaweb","twitter_site":"@urbeameaweb","schema":{"@context":"https:\/\/schema.org","@graph":[{"@type":"Article","@id":"https:\/\/urbeamea.ro\/albaiulia\/acordarea-ajutorului-de-incalzire-in-sezonul-rece-2023-2024\/#article","isPartOf":{"@id":"https:\/\/urbeamea.ro\/albaiulia\/acordarea-ajutorului-de-incalzire-in-sezonul-rece-2023-2024\/"},"author":{"name":"Redac\u021bia UrbeaMea","@id":"https:\/\/urbeamea.ro\/albaiulia\/#\/schema\/person\/272ae98052f8ee8980f59848df070247"},"headline":"Acordarea ajutorului de \u00eenc\u0103lzire \u00een sezonul rece 2023-2024","datePublished":"2023-11-02T08:49:34+00:00","dateModified":"2023-11-02T08:49:36+00:00","mainEntityOfPage":{"@id":"https:\/\/urbeamea.ro\/albaiulia\/acordarea-ajutorului-de-incalzire-in-sezonul-rece-2023-2024\/"},"wordCount":604,"commentCount":0,"image":{"@id":"https:\/\/urbeamea.ro\/albaiulia\/acordarea-ajutorului-de-incalzire-in-sezonul-rece-2023-2024\/#primaryimage"},"thumbnailUrl":"https:\/\/urbeamea.ro\/albaiulia\/wp-content\/uploads\/2023\/11\/Ajutor-I-2023.jpg","keywords":["municipiu sebes"],"articleSection":["Social"],"inLanguage":"ro-RO","potentialAction":[{"@type":"CommentAction","name":"Comment","target":["https:\/\/urbeamea.ro\/albaiulia\/acordarea-ajutorului-de-incalzire-in-sezonul-rece-2023-2024\/#respond"]}]},{"@type":"WebPage","@id":"https:\/\/urbeamea.ro\/albaiulia\/acordarea-ajutorului-de-incalzire-in-sezonul-rece-2023-2024\/","url":"https:\/\/urbeamea.ro\/albaiulia\/acordarea-ajutorului-de-incalzire-in-sezonul-rece-2023-2024\/","name":"Acordarea ajutorului de \u00eenc\u0103lzire \u00een sezonul rece 2023-2024 - Revista Urbea Mea - Revista de Alba","isPartOf":{"@id":"https:\/\/urbeamea.ro\/albaiulia\/#website"},"primaryImageOfPage":{"@id":"https:\/\/urbeamea.ro\/albaiulia\/acordarea-ajutorului-de-incalzire-in-sezonul-rece-2023-2024\/#primaryimage"},"image":{"@id":"https:\/\/urbeamea.ro\/albaiulia\/acordarea-ajutorului-de-incalzire-in-sezonul-rece-2023-2024\/#primaryimage"},"thumbnailUrl":"https:\/\/urbeamea.ro\/albaiulia\/wp-content\/uploads\/2023\/11\/Ajutor-I-2023.jpg","datePublished":"2023-11-02T08:49:34+00:00","dateModified":"2023-11-02T08:49:36+00:00","author":{"@id":"https:\/\/urbeamea.ro\/albaiulia\/#\/schema\/person\/272ae98052f8ee8980f59848df070247"},"description":"Prim\u0103ria Municipiului Sebe\u0219 \u0219i Direc\u021bia General\u0103 de Asisten\u021b\u0103 Social\u0103, Medical\u0103 \u0219i Comunitar\u0103 Sebe\u0219 v\u0103 aduc la cuno\u0219tin\u021b\u0103 c\u0103 \u00eencep\u00e2nd cu 1 noiembrie 2023","breadcrumb":{"@id":"https:\/\/urbeamea.ro\/albaiulia\/acordarea-ajutorului-de-incalzire-in-sezonul-rece-2023-2024\/#breadcrumb"},"inLanguage":"ro-RO","potentialAction":[{"@type":"ReadAction","target":["https:\/\/urbeamea.ro\/albaiulia\/acordarea-ajutorului-de-incalzire-in-sezonul-rece-2023-2024\/"]}]},{"@type":"ImageObject","inLanguage":"ro-RO","@id":"https:\/\/urbeamea.ro\/albaiulia\/acordarea-ajutorului-de-incalzire-in-sezonul-rece-2023-2024\/#primaryimage","url":"https:\/\/urbeamea.ro\/albaiulia\/wp-content\/uploads\/2023\/11\/Ajutor-I-2023.jpg","contentUrl":"https:\/\/urbeamea.ro\/albaiulia\/wp-content\/uploads\/2023\/11\/Ajutor-I-2023.jpg","width":1600,"height":1600},{"@type":"BreadcrumbList","@id":"https:\/\/urbeamea.ro\/albaiulia\/acordarea-ajutorului-de-incalzire-in-sezonul-rece-2023-2024\/#breadcrumb","itemListElement":[{"@type":"ListItem","position":1,"name":"Prima pagin\u0103","item":"https:\/\/urbeamea.ro\/albaiulia\/"},{"@type":"ListItem","position":2,"name":"Acordarea ajutorului de \u00eenc\u0103lzire \u00een sezonul rece 2023-2024"}]},{"@type":"WebSite","@id":"https:\/\/urbeamea.ro\/albaiulia\/#website","url":"https:\/\/urbeamea.ro\/albaiulia\/","name":"Revista Urbea Mea, Stiri urbane","description":"Evenimente \u0219i \u0219tiri din Alba Iulia, Sebe\u0219, Aiud, Blaj","potentialAction":[{"@type":"SearchAction","target":{"@type":"EntryPoint","urlTemplate":"https:\/\/urbeamea.ro\/albaiulia\/?s={search_term_string}"},"query-input":{"@type":"PropertyValueSpecification","valueRequired":true,"valueName":"search_term_string"}}],"inLanguage":"ro-RO"},{"@type":"Person","@id":"https:\/\/urbeamea.ro\/albaiulia\/#\/schema\/person\/272ae98052f8ee8980f59848df070247","name":"Redac\u021bia UrbeaMea","image":{"@type":"ImageObject","inLanguage":"ro-RO","@id":"https:\/\/secure.gravatar.com\/avatar\/9ce5a9435071fa1037e8468053ead8e513dbbff59009d3069aadb85506d85a27?s=96&d=mm&r=g","url":"https:\/\/secure.gravatar.com\/avatar\/9ce5a9435071fa1037e8468053ead8e513dbbff59009d3069aadb85506d85a27?s=96&d=mm&r=g","contentUrl":"https:\/\/secure.gravatar.com\/avatar\/9ce5a9435071fa1037e8468053ead8e513dbbff59009d3069aadb85506d85a27?s=96&d=mm&r=g","caption":"Redac\u021bia UrbeaMea"},"description":"contact@urbeamea.ro","sameAs":["https:\/\/www.urbeamea.ro"],"url":"https:\/\/urbeamea.ro\/albaiulia\/author\/redactia-urbeamea\/"}]}},"_links":{"self":[{"href":"https:\/\/urbeamea.ro\/albaiulia\/wp-json\/wp\/v2\/posts\/109545","targetHints":{"allow":["GET"]}}],"collection":[{"href":"https:\/\/urbeamea.ro\/albaiulia\/wp-json\/wp\/v2\/posts"}],"about":[{"href":"https:\/\/urbeamea.ro\/albaiulia\/wp-json\/wp\/v2\/types\/post"}],"author":[{"embeddable":true,"href":"https:\/\/urbeamea.ro\/albaiulia\/wp-json\/wp\/v2\/users\/16"}],"replies":[{"embeddable":true,"href":"https:\/\/urbeamea.ro\/albaiulia\/wp-json\/wp\/v2\/comments?post=109545"}],"version-history":[{"count":1,"href":"https:\/\/urbeamea.ro\/albaiulia\/wp-json\/wp\/v2\/posts\/109545\/revisions"}],"predecessor-version":[{"id":109547,"href":"https:\/\/urbeamea.ro\/albaiulia\/wp-json\/wp\/v2\/posts\/109545\/revisions\/109547"}],"wp:featuredmedia":[{"embeddable":true,"href":"https:\/\/urbeamea.ro\/albaiulia\/wp-json\/wp\/v2\/media\/109546"}],"wp:attachment":[{"href":"https:\/\/urbeamea.ro\/albaiulia\/wp-json\/wp\/v2\/media?parent=109545"}],"wp:term":[{"taxonomy":"category","embeddable":true,"href":"https:\/\/urbeamea.ro\/albaiulia\/wp-json\/wp\/v2\/categories?post=109545"},{"taxonomy":"post_tag","embeddable":true,"href":"https:\/\/urbeamea.ro\/albaiulia\/wp-json\/wp\/v2\/tags?post=109545"}],"curies":[{"name":"wp","href":"https:\/\/api.w.org\/{rel}","templated":true}]}}