{"id":109548,"date":"2023-11-02T10:54:51","date_gmt":"2023-11-02T08:54:51","guid":{"rendered":"https:\/\/urbeamea.ro\/albaiulia\/?p=109548"},"modified":"2023-11-02T10:54:53","modified_gmt":"2023-11-02T08:54:53","slug":"jandarmeria-alba-desfasoara-campania-de-recrutare-pentru-cei-care-doresc-sa-urmeze-o-cariera-militara-in-jandarmeria-romana","status":"publish","type":"post","link":"https:\/\/urbeamea.ro\/albaiulia\/jandarmeria-alba-desfasoara-campania-de-recrutare-pentru-cei-care-doresc-sa-urmeze-o-cariera-militara-in-jandarmeria-romana\/","title":{"rendered":"Jandarmeria Alba desf\u0103\u0219oar\u0103 campania de recrutare pentru cei care doresc s\u0103 urmeze o carier\u0103 militar\u0103 \u00een Jandarmeria Rom\u00e2n\u0103"},"content":{"rendered":"\n<p>Tinerii care \u00ee\u0219i doresc o carer\u0103 militar\u0103 \u00een Jandarmeria Rom\u00e2n\u0103 au timp p\u00e2n\u0103 pe 5 noiembrie, s\u0103 transmit\u0103 pe adresa \u00a0<a href=\"mailto:admitere@jandarmeriaalba.ro\">admitere@jandarmeriaalba.ro<\/a> cererile tip de \u00eenscriere la concursurile organizate de \u0219colile postliceale de subofi\u021beri<\/p>\n\n\n\n<p>Reamintim faptul c\u0103, p\u00e2n\u0103 la data de 5 noiembrie 2023, Jandarmeria Alba desf\u0103\u0219oar\u0103 campania de recrutare pentru cei care doresc s\u0103 urmeze o carier\u0103 militar\u0103 \u00een Jandarmeria Rom\u00e2n\u0103, fiind alocate un num\u0103r de 700 locuri,&nbsp; astfel:<\/p>\n\n\n\n<p>\u2022&nbsp;&nbsp;&nbsp;&nbsp;&nbsp;&nbsp;&nbsp;&nbsp;&nbsp; la \u0218coala Militar\u0103 de Subofi\u021beri Jandarmi \u201eGrigore Alexandru Ghica\u201d Dr\u0103g\u0103\u0219ani sunt scoase la concurs un num\u0103r de 350 locuri, dintre&nbsp; care 3 sunt destinate cet\u0103\u021benilor de etnie rom\u0103, iar 3 locuri celor de alt\u0103 minoritate;<\/p>\n\n\n\n<p>\u2022&nbsp;&nbsp;&nbsp;&nbsp;&nbsp;&nbsp;&nbsp;&nbsp;&nbsp; la \u0218coala Militar\u0103 de Subofi\u021beri Jandarmi \u201ePetru Rare\u0219\u201d F\u0103lticeni sunt scoase la concurs 350 locuri, dintre&nbsp; care 3 sunt destinate cet\u0103\u021benilor de etnie rom\u0103, iar 3 locuri celor de alt\u0103 minoritate.<\/p>\n\n\n\n<p>Cererea-tip de \u00eenscriere se completeaz\u0103 lizibil, se semneaz\u0103 \u0219i se transmite EXCLUSIV \u00een format electronic (scanat) p\u00e2n\u0103 pe data de 5 noiembrie a.c.,\u00a0pe adresa de e-mail: <a href=\"mailto:admitere@jandarmeriaalba.ro\">admitere@jandarmeriaalba.ro<\/a>,\u00a0inclusiv \u00een zilele de s\u00e2mb\u0103t\u0103 si duminic\u0103, iar dosarele de candidat se depun \u00een volum complet, \u00a0p\u00e2n\u0103 pe data de 24.11.2023,\u00a0 ora 16.00, la sediul Inspectoratului de Jandarmi Jude\u021bean Alba.<\/p>\n\n\n\n<p>Pentru a urma cursurile \u0219colilor militare de subofi\u021beri de la Dr\u0103g\u0103\u0219ani sau F\u0103lticeni, trebuie \u00eendeplinite anumite condi\u021bii ce pot fi consultate pe site-ul:\u00a0 www.jandarmeriaalba.ro, sec\u021biunea Carier\u0103 \/Anun\u021buri admiteri.<\/p>\n\n\n\n<p>Evaluarea psihologic\u0103 a candida\u021bilor se realizeaz\u0103 conform planific\u0103rii care fi comunicat\u0103 ulterior, prin postarea \u00een timp util pe pagina de internet a Inspectoratului de Jandarmi Jude\u021bean Alba.<\/p>\n\n\n\n<p>Proba\u00a0 de evaluare a performan\u021bei fizice se sus\u021bine \u00een perioada 07.12.2023-13.12.2023, indiferent de unitatea de \u00eenv\u0103\u021b\u0103m\u00e2nt pentru care candida\u021bii au\u00a0 optat. Pentru cei \u00eenscri\u0219i la Inspectoratul de Jandarmi Jude\u021bean Alba, aceasta se va sus\u021bine la centrul zonal de selec\u021bie al \u0218colii de Agen\u021bi de Poli\u021bie \u201d Septimiu Mure\u0219an \u201e Cluj Napoca.<\/p>\n\n\n\n<p>Proba de verificare a cuno\u0219tin\u021belor se va sus\u021bine \u00een data de\u00a0 16.12.2023,\u00a0 la unit\u0103\u021bile de selec\u021bie de c\u0103tre candida\u021bii care au promovat proba de evaluare a performan\u021bei fizice \u0219i\u00a0 va consta \u00eentr-un test gril\u0103 ce cuprinde subiecte din disciplina limba rom\u00e2n\u0103, disciplina limb\u0103 str\u0103in\u0103, subiecte din legisla\u021bia specific\u0103 Ministerului Afacerilor Interne, precum \u015fi a institu\u0163iilor politice ale statului \u015fi subiecte de educa\u0163ie civic\u0103 \u015fi cet\u0103\u0163eneasc\u0103, exerci\u0163ii de evaluare a capacit\u0103\u0163ii de analiz\u0103 \u015fi sintez\u0103, precum \u015fi exerci\u0163ii privind deprinderea ra\u0163ionamentului logic.<\/p>\n\n\n\n<p>Examinarea medical\u0103 se va realiza \u00een perioada 20.12.2023-25.01.2024 pentru candida\u021bii care se \u00eencadreaz\u0103 \u00een num\u0103rul locurilor scoase la concursul de admitere, \u00een ordinea descresc\u0103toare a notelor finale.<\/p>\n\n\n\n<p>Sunt declara\u021bi admi\u0219i candida\u021bii care au fost declara\u021bi apt medical, \u00een ordinea descresc\u0103toare a notelor finale.<\/p>\n\n\n\n<p>Rezultatele finale ale admiterii se afi\u0219eaz\u0103 la sediul unit\u0103\u021bilor de \u00eenv\u0103\u021b\u0103m\u00e2nt \u0219i se posteaz\u0103 pe site-ul oficial al acestora, p\u00e2n\u0103 la data de 02.02.2024.<\/p>\n\n\n\n<p>Mai multe informa\u021bii se pot ob\u021bine la sediul Inspectoratului de Jandarmi Jude\u021bean Albai, situat \u00een municipiul Alba Iulia, strada Alexandru Ioan Cuza sau\u00a0 la num\u0103rul de telefon 0258812318\/interior 24407 sau 24535 (Serviciul Resurse Umane).<\/p>\n\n\n\n<p><\/p>\n","protected":false},"excerpt":{"rendered":"<p>Tinerii care \u00ee\u0219i doresc o carer\u0103 militar\u0103 \u00een Jandarmeria Rom\u00e2n\u0103 au timp p\u00e2n\u0103 pe 5 noiembrie, s\u0103 transmit\u0103 pe adresa \u00a0admitere@jandarmeriaalba.ro cererile tip de \u00eenscriere la concursurile organizate de \u0219colile postliceale de subofi\u021beri Reamintim faptul c\u0103, p\u00e2n\u0103 la data de 5 noiembrie 2023, Jandarmeria Alba desf\u0103\u0219oar\u0103 campania de recrutare pentru cei care doresc s\u0103 urmeze &hellip;<\/p>\n","protected":false},"author":16,"featured_media":4566,"comment_status":"open","ping_status":"open","sticky":false,"template":"","format":"standard","meta":{"inline_featured_image":false,"footnotes":""},"categories":[2039],"tags":[11241],"class_list":["post-109548","post","type-post","status-publish","format-standard","has-post-thumbnail","hentry","category-educatie","tag-jandarmenia-alba"],"yoast_head":"<!-- This site is optimized with the Yoast SEO plugin v27.4 - https:\/\/yoast.com\/product\/yoast-seo-wordpress\/ -->\n<title>Jandarmeria Alba desf\u0103\u0219oar\u0103 campania de recrutare pentru cei care doresc s\u0103 urmeze o carier\u0103 militar\u0103 \u00een Jandarmeria Rom\u00e2n\u0103 - Revista Urbea Mea - Revista de Alba<\/title>\n<meta name=\"description\" content=\"Tinerii care \u00ee\u0219i doresc o carer\u0103 militar\u0103 \u00een Jandarmeria Rom\u00e2n\u0103 au timp p\u00e2n\u0103 pe 5 noiembrie, s\u0103 transmit\u0103 pe adresa \u00a0admitere@jandarmeriaalba.ro cererile\" \/>\n<meta name=\"robots\" content=\"index, follow, max-snippet:-1, max-image-preview:large, max-video-preview:-1\" \/>\n<link rel=\"canonical\" href=\"https:\/\/urbeamea.ro\/albaiulia\/jandarmeria-alba-desfasoara-campania-de-recrutare-pentru-cei-care-doresc-sa-urmeze-o-cariera-militara-in-jandarmeria-romana\/\" \/>\n<meta name=\"twitter:card\" content=\"summary_large_image\" \/>\n<meta name=\"twitter:title\" content=\"Jandarmeria Alba desf\u0103\u0219oar\u0103 campania de recrutare pentru cei care doresc s\u0103 urmeze o carier\u0103 militar\u0103 \u00een Jandarmeria Rom\u00e2n\u0103 - Revista Urbea Mea - Revista de Alba\" \/>\n<meta name=\"twitter:description\" content=\"Tinerii care \u00ee\u0219i doresc o carer\u0103 militar\u0103 \u00een Jandarmeria Rom\u00e2n\u0103 au timp p\u00e2n\u0103 pe 5 noiembrie, s\u0103 transmit\u0103 pe adresa \u00a0admitere@jandarmeriaalba.ro cererile\" \/>\n<meta name=\"twitter:image\" content=\"https:\/\/urbeamea.ro\/albaiulia\/wp-content\/uploads\/2015\/05\/jandarmi.jpg\" \/>\n<meta name=\"twitter:creator\" content=\"@urbeameaweb\" \/>\n<meta name=\"twitter:site\" content=\"@urbeameaweb\" \/>\n<script type=\"application\/ld+json\" class=\"yoast-schema-graph\">{\"@context\":\"https:\\\/\\\/schema.org\",\"@graph\":[{\"@type\":\"Article\",\"@id\":\"https:\\\/\\\/urbeamea.ro\\\/albaiulia\\\/jandarmeria-alba-desfasoara-campania-de-recrutare-pentru-cei-care-doresc-sa-urmeze-o-cariera-militara-in-jandarmeria-romana\\\/#article\",\"isPartOf\":{\"@id\":\"https:\\\/\\\/urbeamea.ro\\\/albaiulia\\\/jandarmeria-alba-desfasoara-campania-de-recrutare-pentru-cei-care-doresc-sa-urmeze-o-cariera-militara-in-jandarmeria-romana\\\/\"},\"author\":{\"name\":\"Redac\u021bia UrbeaMea\",\"@id\":\"https:\\\/\\\/urbeamea.ro\\\/albaiulia\\\/#\\\/schema\\\/person\\\/272ae98052f8ee8980f59848df070247\"},\"headline\":\"Jandarmeria Alba desf\u0103\u0219oar\u0103 campania de recrutare pentru cei care doresc s\u0103 urmeze o carier\u0103 militar\u0103 \u00een Jandarmeria Rom\u00e2n\u0103\",\"datePublished\":\"2023-11-02T08:54:51+00:00\",\"dateModified\":\"2023-11-02T08:54:53+00:00\",\"mainEntityOfPage\":{\"@id\":\"https:\\\/\\\/urbeamea.ro\\\/albaiulia\\\/jandarmeria-alba-desfasoara-campania-de-recrutare-pentru-cei-care-doresc-sa-urmeze-o-cariera-militara-in-jandarmeria-romana\\\/\"},\"wordCount\":587,\"commentCount\":0,\"image\":{\"@id\":\"https:\\\/\\\/urbeamea.ro\\\/albaiulia\\\/jandarmeria-alba-desfasoara-campania-de-recrutare-pentru-cei-care-doresc-sa-urmeze-o-cariera-militara-in-jandarmeria-romana\\\/#primaryimage\"},\"thumbnailUrl\":\"https:\\\/\\\/urbeamea.ro\\\/albaiulia\\\/wp-content\\\/uploads\\\/2015\\\/05\\\/jandarmi.jpg\",\"keywords\":[\"jandarmenia alba\"],\"articleSection\":[\"Educa\u021bie\"],\"inLanguage\":\"ro-RO\",\"potentialAction\":[{\"@type\":\"CommentAction\",\"name\":\"Comment\",\"target\":[\"https:\\\/\\\/urbeamea.ro\\\/albaiulia\\\/jandarmeria-alba-desfasoara-campania-de-recrutare-pentru-cei-care-doresc-sa-urmeze-o-cariera-militara-in-jandarmeria-romana\\\/#respond\"]}]},{\"@type\":\"WebPage\",\"@id\":\"https:\\\/\\\/urbeamea.ro\\\/albaiulia\\\/jandarmeria-alba-desfasoara-campania-de-recrutare-pentru-cei-care-doresc-sa-urmeze-o-cariera-militara-in-jandarmeria-romana\\\/\",\"url\":\"https:\\\/\\\/urbeamea.ro\\\/albaiulia\\\/jandarmeria-alba-desfasoara-campania-de-recrutare-pentru-cei-care-doresc-sa-urmeze-o-cariera-militara-in-jandarmeria-romana\\\/\",\"name\":\"Jandarmeria Alba desf\u0103\u0219oar\u0103 campania de recrutare pentru cei care doresc s\u0103 urmeze o carier\u0103 militar\u0103 \u00een Jandarmeria Rom\u00e2n\u0103 - Revista Urbea Mea - Revista de Alba\",\"isPartOf\":{\"@id\":\"https:\\\/\\\/urbeamea.ro\\\/albaiulia\\\/#website\"},\"primaryImageOfPage\":{\"@id\":\"https:\\\/\\\/urbeamea.ro\\\/albaiulia\\\/jandarmeria-alba-desfasoara-campania-de-recrutare-pentru-cei-care-doresc-sa-urmeze-o-cariera-militara-in-jandarmeria-romana\\\/#primaryimage\"},\"image\":{\"@id\":\"https:\\\/\\\/urbeamea.ro\\\/albaiulia\\\/jandarmeria-alba-desfasoara-campania-de-recrutare-pentru-cei-care-doresc-sa-urmeze-o-cariera-militara-in-jandarmeria-romana\\\/#primaryimage\"},\"thumbnailUrl\":\"https:\\\/\\\/urbeamea.ro\\\/albaiulia\\\/wp-content\\\/uploads\\\/2015\\\/05\\\/jandarmi.jpg\",\"datePublished\":\"2023-11-02T08:54:51+00:00\",\"dateModified\":\"2023-11-02T08:54:53+00:00\",\"author\":{\"@id\":\"https:\\\/\\\/urbeamea.ro\\\/albaiulia\\\/#\\\/schema\\\/person\\\/272ae98052f8ee8980f59848df070247\"},\"description\":\"Tinerii care \u00ee\u0219i doresc o carer\u0103 militar\u0103 \u00een Jandarmeria Rom\u00e2n\u0103 au timp p\u00e2n\u0103 pe 5 noiembrie, s\u0103 transmit\u0103 pe adresa \u00a0admitere@jandarmeriaalba.ro cererile\",\"breadcrumb\":{\"@id\":\"https:\\\/\\\/urbeamea.ro\\\/albaiulia\\\/jandarmeria-alba-desfasoara-campania-de-recrutare-pentru-cei-care-doresc-sa-urmeze-o-cariera-militara-in-jandarmeria-romana\\\/#breadcrumb\"},\"inLanguage\":\"ro-RO\",\"potentialAction\":[{\"@type\":\"ReadAction\",\"target\":[\"https:\\\/\\\/urbeamea.ro\\\/albaiulia\\\/jandarmeria-alba-desfasoara-campania-de-recrutare-pentru-cei-care-doresc-sa-urmeze-o-cariera-militara-in-jandarmeria-romana\\\/\"]}]},{\"@type\":\"ImageObject\",\"inLanguage\":\"ro-RO\",\"@id\":\"https:\\\/\\\/urbeamea.ro\\\/albaiulia\\\/jandarmeria-alba-desfasoara-campania-de-recrutare-pentru-cei-care-doresc-sa-urmeze-o-cariera-militara-in-jandarmeria-romana\\\/#primaryimage\",\"url\":\"https:\\\/\\\/urbeamea.ro\\\/albaiulia\\\/wp-content\\\/uploads\\\/2015\\\/05\\\/jandarmi.jpg\",\"contentUrl\":\"https:\\\/\\\/urbeamea.ro\\\/albaiulia\\\/wp-content\\\/uploads\\\/2015\\\/05\\\/jandarmi.jpg\",\"width\":700,\"height\":451},{\"@type\":\"BreadcrumbList\",\"@id\":\"https:\\\/\\\/urbeamea.ro\\\/albaiulia\\\/jandarmeria-alba-desfasoara-campania-de-recrutare-pentru-cei-care-doresc-sa-urmeze-o-cariera-militara-in-jandarmeria-romana\\\/#breadcrumb\",\"itemListElement\":[{\"@type\":\"ListItem\",\"position\":1,\"name\":\"Prima pagin\u0103\",\"item\":\"https:\\\/\\\/urbeamea.ro\\\/albaiulia\\\/\"},{\"@type\":\"ListItem\",\"position\":2,\"name\":\"Jandarmeria Alba desf\u0103\u0219oar\u0103 campania de recrutare pentru cei care doresc s\u0103 urmeze o carier\u0103 militar\u0103 \u00een Jandarmeria Rom\u00e2n\u0103\"}]},{\"@type\":\"WebSite\",\"@id\":\"https:\\\/\\\/urbeamea.ro\\\/albaiulia\\\/#website\",\"url\":\"https:\\\/\\\/urbeamea.ro\\\/albaiulia\\\/\",\"name\":\"Revista Urbea Mea, Stiri urbane\",\"description\":\"Evenimente \u0219i \u0219tiri din Alba Iulia, Sebe\u0219, Aiud, Blaj\",\"potentialAction\":[{\"@type\":\"SearchAction\",\"target\":{\"@type\":\"EntryPoint\",\"urlTemplate\":\"https:\\\/\\\/urbeamea.ro\\\/albaiulia\\\/?s={search_term_string}\"},\"query-input\":{\"@type\":\"PropertyValueSpecification\",\"valueRequired\":true,\"valueName\":\"search_term_string\"}}],\"inLanguage\":\"ro-RO\"},{\"@type\":\"Person\",\"@id\":\"https:\\\/\\\/urbeamea.ro\\\/albaiulia\\\/#\\\/schema\\\/person\\\/272ae98052f8ee8980f59848df070247\",\"name\":\"Redac\u021bia UrbeaMea\",\"image\":{\"@type\":\"ImageObject\",\"inLanguage\":\"ro-RO\",\"@id\":\"https:\\\/\\\/secure.gravatar.com\\\/avatar\\\/9ce5a9435071fa1037e8468053ead8e513dbbff59009d3069aadb85506d85a27?s=96&d=mm&r=g\",\"url\":\"https:\\\/\\\/secure.gravatar.com\\\/avatar\\\/9ce5a9435071fa1037e8468053ead8e513dbbff59009d3069aadb85506d85a27?s=96&d=mm&r=g\",\"contentUrl\":\"https:\\\/\\\/secure.gravatar.com\\\/avatar\\\/9ce5a9435071fa1037e8468053ead8e513dbbff59009d3069aadb85506d85a27?s=96&d=mm&r=g\",\"caption\":\"Redac\u021bia UrbeaMea\"},\"description\":\"contact@urbeamea.ro\",\"sameAs\":[\"https:\\\/\\\/www.urbeamea.ro\"],\"url\":\"https:\\\/\\\/urbeamea.ro\\\/albaiulia\\\/author\\\/redactia-urbeamea\\\/\"}]}<\/script>\n<!-- \/ Yoast SEO plugin. -->","yoast_head_json":{"title":"Jandarmeria Alba desf\u0103\u0219oar\u0103 campania de recrutare pentru cei care doresc s\u0103 urmeze o carier\u0103 militar\u0103 \u00een Jandarmeria Rom\u00e2n\u0103 - Revista Urbea Mea - Revista de Alba","description":"Tinerii care \u00ee\u0219i doresc o carer\u0103 militar\u0103 \u00een Jandarmeria Rom\u00e2n\u0103 au timp p\u00e2n\u0103 pe 5 noiembrie, s\u0103 transmit\u0103 pe adresa \u00a0admitere@jandarmeriaalba.ro cererile","robots":{"index":"index","follow":"follow","max-snippet":"max-snippet:-1","max-image-preview":"max-image-preview:large","max-video-preview":"max-video-preview:-1"},"canonical":"https:\/\/urbeamea.ro\/albaiulia\/jandarmeria-alba-desfasoara-campania-de-recrutare-pentru-cei-care-doresc-sa-urmeze-o-cariera-militara-in-jandarmeria-romana\/","twitter_card":"summary_large_image","twitter_title":"Jandarmeria Alba desf\u0103\u0219oar\u0103 campania de recrutare pentru cei care doresc s\u0103 urmeze o carier\u0103 militar\u0103 \u00een Jandarmeria Rom\u00e2n\u0103 - Revista Urbea Mea - Revista de Alba","twitter_description":"Tinerii care \u00ee\u0219i doresc o carer\u0103 militar\u0103 \u00een Jandarmeria Rom\u00e2n\u0103 au timp p\u00e2n\u0103 pe 5 noiembrie, s\u0103 transmit\u0103 pe adresa \u00a0admitere@jandarmeriaalba.ro cererile","twitter_image":"https:\/\/urbeamea.ro\/albaiulia\/wp-content\/uploads\/2015\/05\/jandarmi.jpg","twitter_creator":"@urbeameaweb","twitter_site":"@urbeameaweb","schema":{"@context":"https:\/\/schema.org","@graph":[{"@type":"Article","@id":"https:\/\/urbeamea.ro\/albaiulia\/jandarmeria-alba-desfasoara-campania-de-recrutare-pentru-cei-care-doresc-sa-urmeze-o-cariera-militara-in-jandarmeria-romana\/#article","isPartOf":{"@id":"https:\/\/urbeamea.ro\/albaiulia\/jandarmeria-alba-desfasoara-campania-de-recrutare-pentru-cei-care-doresc-sa-urmeze-o-cariera-militara-in-jandarmeria-romana\/"},"author":{"name":"Redac\u021bia UrbeaMea","@id":"https:\/\/urbeamea.ro\/albaiulia\/#\/schema\/person\/272ae98052f8ee8980f59848df070247"},"headline":"Jandarmeria Alba desf\u0103\u0219oar\u0103 campania de recrutare pentru cei care doresc s\u0103 urmeze o carier\u0103 militar\u0103 \u00een Jandarmeria Rom\u00e2n\u0103","datePublished":"2023-11-02T08:54:51+00:00","dateModified":"2023-11-02T08:54:53+00:00","mainEntityOfPage":{"@id":"https:\/\/urbeamea.ro\/albaiulia\/jandarmeria-alba-desfasoara-campania-de-recrutare-pentru-cei-care-doresc-sa-urmeze-o-cariera-militara-in-jandarmeria-romana\/"},"wordCount":587,"commentCount":0,"image":{"@id":"https:\/\/urbeamea.ro\/albaiulia\/jandarmeria-alba-desfasoara-campania-de-recrutare-pentru-cei-care-doresc-sa-urmeze-o-cariera-militara-in-jandarmeria-romana\/#primaryimage"},"thumbnailUrl":"https:\/\/urbeamea.ro\/albaiulia\/wp-content\/uploads\/2015\/05\/jandarmi.jpg","keywords":["jandarmenia alba"],"articleSection":["Educa\u021bie"],"inLanguage":"ro-RO","potentialAction":[{"@type":"CommentAction","name":"Comment","target":["https:\/\/urbeamea.ro\/albaiulia\/jandarmeria-alba-desfasoara-campania-de-recrutare-pentru-cei-care-doresc-sa-urmeze-o-cariera-militara-in-jandarmeria-romana\/#respond"]}]},{"@type":"WebPage","@id":"https:\/\/urbeamea.ro\/albaiulia\/jandarmeria-alba-desfasoara-campania-de-recrutare-pentru-cei-care-doresc-sa-urmeze-o-cariera-militara-in-jandarmeria-romana\/","url":"https:\/\/urbeamea.ro\/albaiulia\/jandarmeria-alba-desfasoara-campania-de-recrutare-pentru-cei-care-doresc-sa-urmeze-o-cariera-militara-in-jandarmeria-romana\/","name":"Jandarmeria Alba desf\u0103\u0219oar\u0103 campania de recrutare pentru cei care doresc s\u0103 urmeze o carier\u0103 militar\u0103 \u00een Jandarmeria Rom\u00e2n\u0103 - Revista Urbea Mea - Revista de Alba","isPartOf":{"@id":"https:\/\/urbeamea.ro\/albaiulia\/#website"},"primaryImageOfPage":{"@id":"https:\/\/urbeamea.ro\/albaiulia\/jandarmeria-alba-desfasoara-campania-de-recrutare-pentru-cei-care-doresc-sa-urmeze-o-cariera-militara-in-jandarmeria-romana\/#primaryimage"},"image":{"@id":"https:\/\/urbeamea.ro\/albaiulia\/jandarmeria-alba-desfasoara-campania-de-recrutare-pentru-cei-care-doresc-sa-urmeze-o-cariera-militara-in-jandarmeria-romana\/#primaryimage"},"thumbnailUrl":"https:\/\/urbeamea.ro\/albaiulia\/wp-content\/uploads\/2015\/05\/jandarmi.jpg","datePublished":"2023-11-02T08:54:51+00:00","dateModified":"2023-11-02T08:54:53+00:00","author":{"@id":"https:\/\/urbeamea.ro\/albaiulia\/#\/schema\/person\/272ae98052f8ee8980f59848df070247"},"description":"Tinerii care \u00ee\u0219i doresc o carer\u0103 militar\u0103 \u00een Jandarmeria Rom\u00e2n\u0103 au timp p\u00e2n\u0103 pe 5 noiembrie, s\u0103 transmit\u0103 pe adresa \u00a0admitere@jandarmeriaalba.ro cererile","breadcrumb":{"@id":"https:\/\/urbeamea.ro\/albaiulia\/jandarmeria-alba-desfasoara-campania-de-recrutare-pentru-cei-care-doresc-sa-urmeze-o-cariera-militara-in-jandarmeria-romana\/#breadcrumb"},"inLanguage":"ro-RO","potentialAction":[{"@type":"ReadAction","target":["https:\/\/urbeamea.ro\/albaiulia\/jandarmeria-alba-desfasoara-campania-de-recrutare-pentru-cei-care-doresc-sa-urmeze-o-cariera-militara-in-jandarmeria-romana\/"]}]},{"@type":"ImageObject","inLanguage":"ro-RO","@id":"https:\/\/urbeamea.ro\/albaiulia\/jandarmeria-alba-desfasoara-campania-de-recrutare-pentru-cei-care-doresc-sa-urmeze-o-cariera-militara-in-jandarmeria-romana\/#primaryimage","url":"https:\/\/urbeamea.ro\/albaiulia\/wp-content\/uploads\/2015\/05\/jandarmi.jpg","contentUrl":"https:\/\/urbeamea.ro\/albaiulia\/wp-content\/uploads\/2015\/05\/jandarmi.jpg","width":700,"height":451},{"@type":"BreadcrumbList","@id":"https:\/\/urbeamea.ro\/albaiulia\/jandarmeria-alba-desfasoara-campania-de-recrutare-pentru-cei-care-doresc-sa-urmeze-o-cariera-militara-in-jandarmeria-romana\/#breadcrumb","itemListElement":[{"@type":"ListItem","position":1,"name":"Prima pagin\u0103","item":"https:\/\/urbeamea.ro\/albaiulia\/"},{"@type":"ListItem","position":2,"name":"Jandarmeria Alba desf\u0103\u0219oar\u0103 campania de recrutare pentru cei care doresc s\u0103 urmeze o carier\u0103 militar\u0103 \u00een Jandarmeria Rom\u00e2n\u0103"}]},{"@type":"WebSite","@id":"https:\/\/urbeamea.ro\/albaiulia\/#website","url":"https:\/\/urbeamea.ro\/albaiulia\/","name":"Revista Urbea Mea, Stiri urbane","description":"Evenimente \u0219i \u0219tiri din Alba Iulia, Sebe\u0219, Aiud, Blaj","potentialAction":[{"@type":"SearchAction","target":{"@type":"EntryPoint","urlTemplate":"https:\/\/urbeamea.ro\/albaiulia\/?s={search_term_string}"},"query-input":{"@type":"PropertyValueSpecification","valueRequired":true,"valueName":"search_term_string"}}],"inLanguage":"ro-RO"},{"@type":"Person","@id":"https:\/\/urbeamea.ro\/albaiulia\/#\/schema\/person\/272ae98052f8ee8980f59848df070247","name":"Redac\u021bia UrbeaMea","image":{"@type":"ImageObject","inLanguage":"ro-RO","@id":"https:\/\/secure.gravatar.com\/avatar\/9ce5a9435071fa1037e8468053ead8e513dbbff59009d3069aadb85506d85a27?s=96&d=mm&r=g","url":"https:\/\/secure.gravatar.com\/avatar\/9ce5a9435071fa1037e8468053ead8e513dbbff59009d3069aadb85506d85a27?s=96&d=mm&r=g","contentUrl":"https:\/\/secure.gravatar.com\/avatar\/9ce5a9435071fa1037e8468053ead8e513dbbff59009d3069aadb85506d85a27?s=96&d=mm&r=g","caption":"Redac\u021bia UrbeaMea"},"description":"contact@urbeamea.ro","sameAs":["https:\/\/www.urbeamea.ro"],"url":"https:\/\/urbeamea.ro\/albaiulia\/author\/redactia-urbeamea\/"}]}},"_links":{"self":[{"href":"https:\/\/urbeamea.ro\/albaiulia\/wp-json\/wp\/v2\/posts\/109548","targetHints":{"allow":["GET"]}}],"collection":[{"href":"https:\/\/urbeamea.ro\/albaiulia\/wp-json\/wp\/v2\/posts"}],"about":[{"href":"https:\/\/urbeamea.ro\/albaiulia\/wp-json\/wp\/v2\/types\/post"}],"author":[{"embeddable":true,"href":"https:\/\/urbeamea.ro\/albaiulia\/wp-json\/wp\/v2\/users\/16"}],"replies":[{"embeddable":true,"href":"https:\/\/urbeamea.ro\/albaiulia\/wp-json\/wp\/v2\/comments?post=109548"}],"version-history":[{"count":1,"href":"https:\/\/urbeamea.ro\/albaiulia\/wp-json\/wp\/v2\/posts\/109548\/revisions"}],"predecessor-version":[{"id":109549,"href":"https:\/\/urbeamea.ro\/albaiulia\/wp-json\/wp\/v2\/posts\/109548\/revisions\/109549"}],"wp:featuredmedia":[{"embeddable":true,"href":"https:\/\/urbeamea.ro\/albaiulia\/wp-json\/wp\/v2\/media\/4566"}],"wp:attachment":[{"href":"https:\/\/urbeamea.ro\/albaiulia\/wp-json\/wp\/v2\/media?parent=109548"}],"wp:term":[{"taxonomy":"category","embeddable":true,"href":"https:\/\/urbeamea.ro\/albaiulia\/wp-json\/wp\/v2\/categories?post=109548"},{"taxonomy":"post_tag","embeddable":true,"href":"https:\/\/urbeamea.ro\/albaiulia\/wp-json\/wp\/v2\/tags?post=109548"}],"curies":[{"name":"wp","href":"https:\/\/api.w.org\/{rel}","templated":true}]}}