{"id":109550,"date":"2023-11-02T10:56:59","date_gmt":"2023-11-02T08:56:59","guid":{"rendered":"https:\/\/urbeamea.ro\/albaiulia\/?p=109550"},"modified":"2023-11-02T10:58:20","modified_gmt":"2023-11-02T08:58:20","slug":"11-ani-cu-garda-apulum","status":"publish","type":"post","link":"https:\/\/urbeamea.ro\/albaiulia\/11-ani-cu-garda-apulum\/","title":{"rendered":"11 ani cu Garda Apulum"},"content":{"rendered":"\n<p>S\u00e2mb\u0103t\u0103, 4 noiembrie 2023, ora 13.00, \u00een fa\u021ba Por\u021bii IV a Cet\u0103\u021bii Bastionare Alba Carolina,\u00a0<strong>Garda Apulum<\/strong>\u00a0va sus\u021bine un spectacol de reconstituire istoric\u0103 antic\u0103. Evenimentul marcheaz\u0103 aniversarea a 11 ani de c\u00e2nd trupa de voluntari albaiulieni, care compun forma\u021biunile\u00a0<em>Legiunea XIII Gemina<\/em>,\u00a0<em>Ludus Apulensis<\/em>,\u00a0<em>Lupii Apovlonvlvi<\/em>\u00a0\u0219i\u00a0<em>Magna Nemesis<\/em>\u00a0dau via\u021b\u0103 perioadei antice a ora\u0219ului Alba Iulia.<\/p>\n\n\n\n<figure class=\"wp-block-image size-large\"><img loading=\"lazy\" decoding=\"async\" width=\"914\" height=\"1280\" src=\"https:\/\/urbeamea.ro\/albaiulia\/wp-content\/uploads\/2023\/11\/thumbnail-914x1280.jpg\" alt=\"\" class=\"wp-image-109551\" srcset=\"https:\/\/urbeamea.ro\/albaiulia\/wp-content\/uploads\/2023\/11\/thumbnail-914x1280.jpg 914w, https:\/\/urbeamea.ro\/albaiulia\/wp-content\/uploads\/2023\/11\/thumbnail-457x640.jpg 457w, https:\/\/urbeamea.ro\/albaiulia\/wp-content\/uploads\/2023\/11\/thumbnail-107x150.jpg 107w, https:\/\/urbeamea.ro\/albaiulia\/wp-content\/uploads\/2023\/11\/thumbnail-768x1076.jpg 768w, https:\/\/urbeamea.ro\/albaiulia\/wp-content\/uploads\/2023\/11\/thumbnail.jpg 1080w\" sizes=\"auto, (max-width: 914px) 100vw, 914px\" \/><\/figure>\n\n\n\n<p>Acest proiect de reconstituiri istorice antice a debutat \u00een Alba Iulia la 26 octombrie 2012, c\u00e2nd, sub coordonarea Muzeului Na\u021bional al Unirii Alba Iulia,&nbsp;<em>Legiunea XIII Gemina<\/em>&nbsp;\u201es-a \u00eentors acas\u0103&#8221;, \u00een vechiul castru Apulum. Al\u0103turi de ea \u0219i-a f\u0103cut apari\u021bia \u0219i trupa de gladiatori,&nbsp;<em>Ludus Apulensis<\/em>, pentru ca un an mai t\u00e2rziu, lor s\u0103 li se al\u0103ture \u0219i r\u0103zboinicii daci din Apoulon. La 11 ani de la lansare, peste 80 de voluntari sunt implica\u021bi \u00een acest proiect, mare parte din ei din ora\u0219, dar \u0219i din \u021bar\u0103.<\/p>\n\n\n\n<p>Ast\u0103zi,&nbsp;<em>Garda Apulum<\/em>, devenit\u0103 un brand al ora\u0219ului Alba Iulia, se poate l\u0103uda cu sus\u021binerea a sute de reprezenta\u021bii de reconstituire istoric\u0103 antic\u0103, majoritatea \u00een Cetatea Bastionar\u0103 Alba Carolina, \u00een cadrul tradi\u021bionalului spectacol de vineri, din timpul sezonului aprilie-septembrie. Dar \u00een acela\u0219i timp, reenactorii albaiulieni au promovat patrimoniul antic local \u00een cadrul a zeci de evenimente la care au participat, at\u00e2t \u00een \u021bar\u0103, c\u00e2t \u0219i \u00een str\u0103in\u0103tate.<\/p>\n\n\n\n<p>Evenimentul este organizat de Consiliul Jude\u021bean Alba, Prim\u0103ria Municipiului Alba Iulia \u0219i Muzeul Na\u021bional al Unirii Alba Iulia cu sprijinul Elit S.R.L.<\/p>\n","protected":false},"excerpt":{"rendered":"<p>S\u00e2mb\u0103t\u0103, 4 noiembrie 2023, ora 13.00, \u00een fa\u021ba Por\u021bii IV a Cet\u0103\u021bii Bastionare Alba Carolina,\u00a0Garda Apulum\u00a0va sus\u021bine un spectacol de reconstituire istoric\u0103 antic\u0103. Evenimentul marcheaz\u0103 aniversarea a 11 ani de c\u00e2nd trupa de voluntari albaiulieni, care compun forma\u021biunile\u00a0Legiunea XIII Gemina,\u00a0Ludus Apulensis,\u00a0Lupii Apovlonvlvi\u00a0\u0219i\u00a0Magna Nemesis\u00a0dau via\u021b\u0103 perioadei antice a ora\u0219ului Alba Iulia. Acest proiect de reconstituiri istorice &hellip;<\/p>\n","protected":false},"author":16,"featured_media":3612,"comment_status":"open","ping_status":"open","sticky":false,"template":"","format":"standard","meta":{"inline_featured_image":false,"footnotes":""},"categories":[4],"tags":[1610],"class_list":["post-109550","post","type-post","status-publish","format-standard","has-post-thumbnail","hentry","category-eveniment","tag-garda-apulum"],"yoast_head":"<!-- This site is optimized with the Yoast SEO plugin v27.4 - https:\/\/yoast.com\/product\/yoast-seo-wordpress\/ -->\n<title>11 ani cu Garda Apulum - Revista Urbea Mea - Revista de Alba<\/title>\n<meta name=\"description\" content=\"S\u00e2mb\u0103t\u0103, 4 noiembrie 2023, ora 13.00, \u00een fa\u021ba Por\u021bii IV a Cet\u0103\u021bii Bastionare Alba Carolina,\u00a0Garda Apulum\u00a0va sus\u021bine un spectacol de reconstituire istoric\u0103\" \/>\n<meta name=\"robots\" content=\"index, follow, max-snippet:-1, max-image-preview:large, max-video-preview:-1\" \/>\n<link rel=\"canonical\" href=\"https:\/\/urbeamea.ro\/albaiulia\/11-ani-cu-garda-apulum\/\" \/>\n<meta name=\"twitter:card\" content=\"summary_large_image\" \/>\n<meta name=\"twitter:title\" content=\"11 ani cu Garda Apulum - Revista Urbea Mea - Revista de Alba\" \/>\n<meta name=\"twitter:description\" content=\"S\u00e2mb\u0103t\u0103, 4 noiembrie 2023, ora 13.00, \u00een fa\u021ba Por\u021bii IV a Cet\u0103\u021bii Bastionare Alba Carolina,\u00a0Garda Apulum\u00a0va sus\u021bine un spectacol de reconstituire istoric\u0103\" \/>\n<meta name=\"twitter:image\" content=\"https:\/\/urbeamea.ro\/albaiulia\/wp-content\/uploads\/2015\/05\/GardaApulum.jpg\" \/>\n<meta name=\"twitter:creator\" content=\"@urbeameaweb\" \/>\n<meta name=\"twitter:site\" content=\"@urbeameaweb\" \/>\n<script type=\"application\/ld+json\" class=\"yoast-schema-graph\">{\"@context\":\"https:\\\/\\\/schema.org\",\"@graph\":[{\"@type\":\"Article\",\"@id\":\"https:\\\/\\\/urbeamea.ro\\\/albaiulia\\\/11-ani-cu-garda-apulum\\\/#article\",\"isPartOf\":{\"@id\":\"https:\\\/\\\/urbeamea.ro\\\/albaiulia\\\/11-ani-cu-garda-apulum\\\/\"},\"author\":{\"name\":\"Redac\u021bia UrbeaMea\",\"@id\":\"https:\\\/\\\/urbeamea.ro\\\/albaiulia\\\/#\\\/schema\\\/person\\\/272ae98052f8ee8980f59848df070247\"},\"headline\":\"11 ani cu Garda Apulum\",\"datePublished\":\"2023-11-02T08:56:59+00:00\",\"dateModified\":\"2023-11-02T08:58:20+00:00\",\"mainEntityOfPage\":{\"@id\":\"https:\\\/\\\/urbeamea.ro\\\/albaiulia\\\/11-ani-cu-garda-apulum\\\/\"},\"wordCount\":268,\"commentCount\":0,\"image\":{\"@id\":\"https:\\\/\\\/urbeamea.ro\\\/albaiulia\\\/11-ani-cu-garda-apulum\\\/#primaryimage\"},\"thumbnailUrl\":\"https:\\\/\\\/urbeamea.ro\\\/albaiulia\\\/wp-content\\\/uploads\\\/2015\\\/05\\\/GardaApulum.jpg\",\"keywords\":[\"garda apulum\"],\"articleSection\":[\"Evenimente\"],\"inLanguage\":\"ro-RO\",\"potentialAction\":[{\"@type\":\"CommentAction\",\"name\":\"Comment\",\"target\":[\"https:\\\/\\\/urbeamea.ro\\\/albaiulia\\\/11-ani-cu-garda-apulum\\\/#respond\"]}]},{\"@type\":\"WebPage\",\"@id\":\"https:\\\/\\\/urbeamea.ro\\\/albaiulia\\\/11-ani-cu-garda-apulum\\\/\",\"url\":\"https:\\\/\\\/urbeamea.ro\\\/albaiulia\\\/11-ani-cu-garda-apulum\\\/\",\"name\":\"11 ani cu Garda Apulum - Revista Urbea Mea - Revista de Alba\",\"isPartOf\":{\"@id\":\"https:\\\/\\\/urbeamea.ro\\\/albaiulia\\\/#website\"},\"primaryImageOfPage\":{\"@id\":\"https:\\\/\\\/urbeamea.ro\\\/albaiulia\\\/11-ani-cu-garda-apulum\\\/#primaryimage\"},\"image\":{\"@id\":\"https:\\\/\\\/urbeamea.ro\\\/albaiulia\\\/11-ani-cu-garda-apulum\\\/#primaryimage\"},\"thumbnailUrl\":\"https:\\\/\\\/urbeamea.ro\\\/albaiulia\\\/wp-content\\\/uploads\\\/2015\\\/05\\\/GardaApulum.jpg\",\"datePublished\":\"2023-11-02T08:56:59+00:00\",\"dateModified\":\"2023-11-02T08:58:20+00:00\",\"author\":{\"@id\":\"https:\\\/\\\/urbeamea.ro\\\/albaiulia\\\/#\\\/schema\\\/person\\\/272ae98052f8ee8980f59848df070247\"},\"description\":\"S\u00e2mb\u0103t\u0103, 4 noiembrie 2023, ora 13.00, \u00een fa\u021ba Por\u021bii IV a Cet\u0103\u021bii Bastionare Alba Carolina,\u00a0Garda Apulum\u00a0va sus\u021bine un spectacol de reconstituire istoric\u0103\",\"breadcrumb\":{\"@id\":\"https:\\\/\\\/urbeamea.ro\\\/albaiulia\\\/11-ani-cu-garda-apulum\\\/#breadcrumb\"},\"inLanguage\":\"ro-RO\",\"potentialAction\":[{\"@type\":\"ReadAction\",\"target\":[\"https:\\\/\\\/urbeamea.ro\\\/albaiulia\\\/11-ani-cu-garda-apulum\\\/\"]}]},{\"@type\":\"ImageObject\",\"inLanguage\":\"ro-RO\",\"@id\":\"https:\\\/\\\/urbeamea.ro\\\/albaiulia\\\/11-ani-cu-garda-apulum\\\/#primaryimage\",\"url\":\"https:\\\/\\\/urbeamea.ro\\\/albaiulia\\\/wp-content\\\/uploads\\\/2015\\\/05\\\/GardaApulum.jpg\",\"contentUrl\":\"https:\\\/\\\/urbeamea.ro\\\/albaiulia\\\/wp-content\\\/uploads\\\/2015\\\/05\\\/GardaApulum.jpg\",\"width\":800,\"height\":533},{\"@type\":\"BreadcrumbList\",\"@id\":\"https:\\\/\\\/urbeamea.ro\\\/albaiulia\\\/11-ani-cu-garda-apulum\\\/#breadcrumb\",\"itemListElement\":[{\"@type\":\"ListItem\",\"position\":1,\"name\":\"Prima pagin\u0103\",\"item\":\"https:\\\/\\\/urbeamea.ro\\\/albaiulia\\\/\"},{\"@type\":\"ListItem\",\"position\":2,\"name\":\"11 ani cu Garda Apulum\"}]},{\"@type\":\"WebSite\",\"@id\":\"https:\\\/\\\/urbeamea.ro\\\/albaiulia\\\/#website\",\"url\":\"https:\\\/\\\/urbeamea.ro\\\/albaiulia\\\/\",\"name\":\"Revista Urbea Mea, Stiri urbane\",\"description\":\"Evenimente \u0219i \u0219tiri din Alba Iulia, Sebe\u0219, Aiud, Blaj\",\"potentialAction\":[{\"@type\":\"SearchAction\",\"target\":{\"@type\":\"EntryPoint\",\"urlTemplate\":\"https:\\\/\\\/urbeamea.ro\\\/albaiulia\\\/?s={search_term_string}\"},\"query-input\":{\"@type\":\"PropertyValueSpecification\",\"valueRequired\":true,\"valueName\":\"search_term_string\"}}],\"inLanguage\":\"ro-RO\"},{\"@type\":\"Person\",\"@id\":\"https:\\\/\\\/urbeamea.ro\\\/albaiulia\\\/#\\\/schema\\\/person\\\/272ae98052f8ee8980f59848df070247\",\"name\":\"Redac\u021bia UrbeaMea\",\"image\":{\"@type\":\"ImageObject\",\"inLanguage\":\"ro-RO\",\"@id\":\"https:\\\/\\\/secure.gravatar.com\\\/avatar\\\/9ce5a9435071fa1037e8468053ead8e513dbbff59009d3069aadb85506d85a27?s=96&d=mm&r=g\",\"url\":\"https:\\\/\\\/secure.gravatar.com\\\/avatar\\\/9ce5a9435071fa1037e8468053ead8e513dbbff59009d3069aadb85506d85a27?s=96&d=mm&r=g\",\"contentUrl\":\"https:\\\/\\\/secure.gravatar.com\\\/avatar\\\/9ce5a9435071fa1037e8468053ead8e513dbbff59009d3069aadb85506d85a27?s=96&d=mm&r=g\",\"caption\":\"Redac\u021bia UrbeaMea\"},\"description\":\"contact@urbeamea.ro\",\"sameAs\":[\"https:\\\/\\\/www.urbeamea.ro\"],\"url\":\"https:\\\/\\\/urbeamea.ro\\\/albaiulia\\\/author\\\/redactia-urbeamea\\\/\"}]}<\/script>\n<!-- \/ Yoast SEO plugin. -->","yoast_head_json":{"title":"11 ani cu Garda Apulum - Revista Urbea Mea - Revista de Alba","description":"S\u00e2mb\u0103t\u0103, 4 noiembrie 2023, ora 13.00, \u00een fa\u021ba Por\u021bii IV a Cet\u0103\u021bii Bastionare Alba Carolina,\u00a0Garda Apulum\u00a0va sus\u021bine un spectacol de reconstituire istoric\u0103","robots":{"index":"index","follow":"follow","max-snippet":"max-snippet:-1","max-image-preview":"max-image-preview:large","max-video-preview":"max-video-preview:-1"},"canonical":"https:\/\/urbeamea.ro\/albaiulia\/11-ani-cu-garda-apulum\/","twitter_card":"summary_large_image","twitter_title":"11 ani cu Garda Apulum - Revista Urbea Mea - Revista de Alba","twitter_description":"S\u00e2mb\u0103t\u0103, 4 noiembrie 2023, ora 13.00, \u00een fa\u021ba Por\u021bii IV a Cet\u0103\u021bii Bastionare Alba Carolina,\u00a0Garda Apulum\u00a0va sus\u021bine un spectacol de reconstituire istoric\u0103","twitter_image":"https:\/\/urbeamea.ro\/albaiulia\/wp-content\/uploads\/2015\/05\/GardaApulum.jpg","twitter_creator":"@urbeameaweb","twitter_site":"@urbeameaweb","schema":{"@context":"https:\/\/schema.org","@graph":[{"@type":"Article","@id":"https:\/\/urbeamea.ro\/albaiulia\/11-ani-cu-garda-apulum\/#article","isPartOf":{"@id":"https:\/\/urbeamea.ro\/albaiulia\/11-ani-cu-garda-apulum\/"},"author":{"name":"Redac\u021bia UrbeaMea","@id":"https:\/\/urbeamea.ro\/albaiulia\/#\/schema\/person\/272ae98052f8ee8980f59848df070247"},"headline":"11 ani cu Garda Apulum","datePublished":"2023-11-02T08:56:59+00:00","dateModified":"2023-11-02T08:58:20+00:00","mainEntityOfPage":{"@id":"https:\/\/urbeamea.ro\/albaiulia\/11-ani-cu-garda-apulum\/"},"wordCount":268,"commentCount":0,"image":{"@id":"https:\/\/urbeamea.ro\/albaiulia\/11-ani-cu-garda-apulum\/#primaryimage"},"thumbnailUrl":"https:\/\/urbeamea.ro\/albaiulia\/wp-content\/uploads\/2015\/05\/GardaApulum.jpg","keywords":["garda apulum"],"articleSection":["Evenimente"],"inLanguage":"ro-RO","potentialAction":[{"@type":"CommentAction","name":"Comment","target":["https:\/\/urbeamea.ro\/albaiulia\/11-ani-cu-garda-apulum\/#respond"]}]},{"@type":"WebPage","@id":"https:\/\/urbeamea.ro\/albaiulia\/11-ani-cu-garda-apulum\/","url":"https:\/\/urbeamea.ro\/albaiulia\/11-ani-cu-garda-apulum\/","name":"11 ani cu Garda Apulum - Revista Urbea Mea - Revista de Alba","isPartOf":{"@id":"https:\/\/urbeamea.ro\/albaiulia\/#website"},"primaryImageOfPage":{"@id":"https:\/\/urbeamea.ro\/albaiulia\/11-ani-cu-garda-apulum\/#primaryimage"},"image":{"@id":"https:\/\/urbeamea.ro\/albaiulia\/11-ani-cu-garda-apulum\/#primaryimage"},"thumbnailUrl":"https:\/\/urbeamea.ro\/albaiulia\/wp-content\/uploads\/2015\/05\/GardaApulum.jpg","datePublished":"2023-11-02T08:56:59+00:00","dateModified":"2023-11-02T08:58:20+00:00","author":{"@id":"https:\/\/urbeamea.ro\/albaiulia\/#\/schema\/person\/272ae98052f8ee8980f59848df070247"},"description":"S\u00e2mb\u0103t\u0103, 4 noiembrie 2023, ora 13.00, \u00een fa\u021ba Por\u021bii IV a Cet\u0103\u021bii Bastionare Alba Carolina,\u00a0Garda Apulum\u00a0va sus\u021bine un spectacol de reconstituire istoric\u0103","breadcrumb":{"@id":"https:\/\/urbeamea.ro\/albaiulia\/11-ani-cu-garda-apulum\/#breadcrumb"},"inLanguage":"ro-RO","potentialAction":[{"@type":"ReadAction","target":["https:\/\/urbeamea.ro\/albaiulia\/11-ani-cu-garda-apulum\/"]}]},{"@type":"ImageObject","inLanguage":"ro-RO","@id":"https:\/\/urbeamea.ro\/albaiulia\/11-ani-cu-garda-apulum\/#primaryimage","url":"https:\/\/urbeamea.ro\/albaiulia\/wp-content\/uploads\/2015\/05\/GardaApulum.jpg","contentUrl":"https:\/\/urbeamea.ro\/albaiulia\/wp-content\/uploads\/2015\/05\/GardaApulum.jpg","width":800,"height":533},{"@type":"BreadcrumbList","@id":"https:\/\/urbeamea.ro\/albaiulia\/11-ani-cu-garda-apulum\/#breadcrumb","itemListElement":[{"@type":"ListItem","position":1,"name":"Prima pagin\u0103","item":"https:\/\/urbeamea.ro\/albaiulia\/"},{"@type":"ListItem","position":2,"name":"11 ani cu Garda Apulum"}]},{"@type":"WebSite","@id":"https:\/\/urbeamea.ro\/albaiulia\/#website","url":"https:\/\/urbeamea.ro\/albaiulia\/","name":"Revista Urbea Mea, Stiri urbane","description":"Evenimente \u0219i \u0219tiri din Alba Iulia, Sebe\u0219, Aiud, Blaj","potentialAction":[{"@type":"SearchAction","target":{"@type":"EntryPoint","urlTemplate":"https:\/\/urbeamea.ro\/albaiulia\/?s={search_term_string}"},"query-input":{"@type":"PropertyValueSpecification","valueRequired":true,"valueName":"search_term_string"}}],"inLanguage":"ro-RO"},{"@type":"Person","@id":"https:\/\/urbeamea.ro\/albaiulia\/#\/schema\/person\/272ae98052f8ee8980f59848df070247","name":"Redac\u021bia UrbeaMea","image":{"@type":"ImageObject","inLanguage":"ro-RO","@id":"https:\/\/secure.gravatar.com\/avatar\/9ce5a9435071fa1037e8468053ead8e513dbbff59009d3069aadb85506d85a27?s=96&d=mm&r=g","url":"https:\/\/secure.gravatar.com\/avatar\/9ce5a9435071fa1037e8468053ead8e513dbbff59009d3069aadb85506d85a27?s=96&d=mm&r=g","contentUrl":"https:\/\/secure.gravatar.com\/avatar\/9ce5a9435071fa1037e8468053ead8e513dbbff59009d3069aadb85506d85a27?s=96&d=mm&r=g","caption":"Redac\u021bia UrbeaMea"},"description":"contact@urbeamea.ro","sameAs":["https:\/\/www.urbeamea.ro"],"url":"https:\/\/urbeamea.ro\/albaiulia\/author\/redactia-urbeamea\/"}]}},"_links":{"self":[{"href":"https:\/\/urbeamea.ro\/albaiulia\/wp-json\/wp\/v2\/posts\/109550","targetHints":{"allow":["GET"]}}],"collection":[{"href":"https:\/\/urbeamea.ro\/albaiulia\/wp-json\/wp\/v2\/posts"}],"about":[{"href":"https:\/\/urbeamea.ro\/albaiulia\/wp-json\/wp\/v2\/types\/post"}],"author":[{"embeddable":true,"href":"https:\/\/urbeamea.ro\/albaiulia\/wp-json\/wp\/v2\/users\/16"}],"replies":[{"embeddable":true,"href":"https:\/\/urbeamea.ro\/albaiulia\/wp-json\/wp\/v2\/comments?post=109550"}],"version-history":[{"count":2,"href":"https:\/\/urbeamea.ro\/albaiulia\/wp-json\/wp\/v2\/posts\/109550\/revisions"}],"predecessor-version":[{"id":109554,"href":"https:\/\/urbeamea.ro\/albaiulia\/wp-json\/wp\/v2\/posts\/109550\/revisions\/109554"}],"wp:featuredmedia":[{"embeddable":true,"href":"https:\/\/urbeamea.ro\/albaiulia\/wp-json\/wp\/v2\/media\/3612"}],"wp:attachment":[{"href":"https:\/\/urbeamea.ro\/albaiulia\/wp-json\/wp\/v2\/media?parent=109550"}],"wp:term":[{"taxonomy":"category","embeddable":true,"href":"https:\/\/urbeamea.ro\/albaiulia\/wp-json\/wp\/v2\/categories?post=109550"},{"taxonomy":"post_tag","embeddable":true,"href":"https:\/\/urbeamea.ro\/albaiulia\/wp-json\/wp\/v2\/tags?post=109550"}],"curies":[{"name":"wp","href":"https:\/\/api.w.org\/{rel}","templated":true}]}}