{"id":109555,"date":"2023-11-02T11:12:49","date_gmt":"2023-11-02T09:12:49","guid":{"rendered":"https:\/\/urbeamea.ro\/albaiulia\/?p=109555"},"modified":"2023-11-02T11:12:51","modified_gmt":"2023-11-02T09:12:51","slug":"massif-2024-va-avea-loc-in-perioada-14-17-martie","status":"publish","type":"post","link":"https:\/\/urbeamea.ro\/albaiulia\/massif-2024-va-avea-loc-in-perioada-14-17-martie\/","title":{"rendered":"MASSIF 2024 va avea loc \u00een perioada 14-17 martie"},"content":{"rendered":"\n<p><strong>Massif<\/strong>, cel mai nou \u0219i a\u0219teptat concept de divertisment de la munte din Rom\u00e2nia, \u00ee\u0219i va redeschide por\u021bile \u00een perioada <strong>14-17 martie 2024<\/strong>, \u00een Poiana Bra\u0219ov. Cea de-a doua edi\u021bie a celui mai mare festival de muzic\u0103 dintr-o sta\u021biune montan\u0103 vine cu o abordare <em>wild <\/em>\u0219i cu multe activit\u0103\u021bi \u0219i momente de neuitat pentru iubitorii de muzic\u0103, distrac\u021bie \u0219i munte.<\/p>\n\n\n\n<figure class=\"wp-block-image size-large\"><img loading=\"lazy\" decoding=\"async\" width=\"1280\" height=\"854\" src=\"https:\/\/urbeamea.ro\/albaiulia\/wp-content\/uploads\/2023\/11\/Massif-2024_2-1280x854.jpeg\" alt=\"\" class=\"wp-image-109556\" srcset=\"https:\/\/urbeamea.ro\/albaiulia\/wp-content\/uploads\/2023\/11\/Massif-2024_2-1280x854.jpeg 1280w, https:\/\/urbeamea.ro\/albaiulia\/wp-content\/uploads\/2023\/11\/Massif-2024_2-640x427.jpeg 640w, https:\/\/urbeamea.ro\/albaiulia\/wp-content\/uploads\/2023\/11\/Massif-2024_2-150x100.jpeg 150w, https:\/\/urbeamea.ro\/albaiulia\/wp-content\/uploads\/2023\/11\/Massif-2024_2-768x512.jpeg 768w, https:\/\/urbeamea.ro\/albaiulia\/wp-content\/uploads\/2023\/11\/Massif-2024_2-1536x1024.jpeg 1536w, https:\/\/urbeamea.ro\/albaiulia\/wp-content\/uploads\/2023\/11\/Massif-2024_2.jpeg 1600w\" sizes=\"auto, (max-width: 1280px) 100vw, 1280px\" \/><\/figure>\n\n\n\n<p>Organizatorii au \u00eenceput deja preg\u0103tirile \u0219i promit s\u0103 aduc\u0103 pe p\u00e2rtiile din sta\u021biune un mix perfect de genuri muzicale, activit\u0103\u021bi montane \u0219i entertainment. Edi\u021bia 2024 va transforma, pentru a doua oar\u0103, Poiana Bra\u0219ov \u00eentr-una dintre cele mai r\u00e2vnite locuri de petrecere din Centrul \u0219i Estul Europei.<\/p>\n\n\n\n<p><strong>Prima edi\u021bie<\/strong> a festivalului <strong>Massif<\/strong> a adunat <strong>peste 38.000 de iubitori ai muzicii, distrac\u021biei \u0219i muntelui<\/strong>, \u00een cele 3 zile de show-uri \u0219i concerte live din Poiana Bra\u0219ov. Peste 100 de arti\u0219ti rom\u00e2ni \u0219i interna\u021bionali au animat atmosfera la scenele de la baza p\u00e2rtiei \u0219i la apres-ski-urile partenere. \u00cen timpul festivalului, participan\u021bii s-au bucurat de o diversitate de genuri muzicale: de la muzic\u0103 electronic\u0103, folclor experimental, rap, trap, disco, rock \u0219i pop.<\/p>\n\n\n\n<p>At\u00e2t fanii festivalului, c\u00e2t \u0219i arti\u0219tii au fost captiva\u021bi de experien\u021bele tr\u0103ite la Massif:<\/p>\n\n\n\n<p>,,<em>E ceva cu oamenii de aici, tr\u0103iesc intens bucuria muzicii, iar acest lucru este extraordinar pentru fiecare artist<\/em>\u201d, a declarat <strong>MORTEN<\/strong>.<\/p>\n\n\n\n<p>,,Am o bucurie imens\u0103 de fiecare dat\u0103 c\u00e2nd vin \u00een Rom\u00e2nia, pentru c\u0103 de fiecare dat\u0103 experien\u021ba e diferit\u0103\u201d, a declarat <strong>Dimitri Vegas<\/strong>.<\/p>\n\n\n\n<p><strong>PRIMELE ABONAMENTE SE PUN \u00ceN V\u00c2NZARE PE 21 NOIEMBRIE<\/strong><\/p>\n\n\n\n<p>To\u021bi fanii <strong>Massif<\/strong> au posibilitatea de a achizi\u021biona <strong>abonamente la un pre\u021b specia<\/strong>l, \u00eenregistr\u00e2ndu-se pe platform\u0103 \u0219i complet\u00e2nd formularul <a href=\"https:\/\/ywg42hn534m.typeform.com\/to\/CChlhiXJ\">de aici<\/a>. To\u021bi cei care se \u00eenregistreaz\u0103 vor beneficia de un voucher cadou pe care \u00eel vor putea folosi la achizi\u021bia abonamentului de festival.<\/p>\n\n\n\n<p><strong>Primele abonamente la Massif vor fi puse \u00een v\u00e2nzare pe data de 21 noiembrie 2023.<\/strong><\/p>\n\n\n\n<p>Festivalul Massif, organizatorii, \u00eempreun\u0103 cu autorit\u0103\u021bile locale,&nbsp;\u00ee\u0219i propun s\u0103 transforme Poiana Bra\u0219ov \u00een cea mai atractiv\u0103 sta\u021biune montan\u0103 destinat\u0103 tinerilor din Europa \u0219i s\u0103 o pun\u0103 pe harta interna\u021bional\u0103 a evenimentelor de muzic\u0103.<\/p>\n\n\n\n<figure class=\"wp-block-image size-full\"><img loading=\"lazy\" decoding=\"async\" width=\"1081\" height=\"1080\" src=\"https:\/\/urbeamea.ro\/albaiulia\/wp-content\/uploads\/2023\/11\/Massif-2024.jpeg\" alt=\"\" class=\"wp-image-109558\" srcset=\"https:\/\/urbeamea.ro\/albaiulia\/wp-content\/uploads\/2023\/11\/Massif-2024.jpeg 1081w, https:\/\/urbeamea.ro\/albaiulia\/wp-content\/uploads\/2023\/11\/Massif-2024-640x640.jpeg 640w, https:\/\/urbeamea.ro\/albaiulia\/wp-content\/uploads\/2023\/11\/Massif-2024-150x150.jpeg 150w, https:\/\/urbeamea.ro\/albaiulia\/wp-content\/uploads\/2023\/11\/Massif-2024-768x767.jpeg 768w\" sizes=\"auto, (max-width: 1081px) 100vw, 1081px\" \/><\/figure>\n","protected":false},"excerpt":{"rendered":"<p>Massif, cel mai nou \u0219i a\u0219teptat concept de divertisment de la munte din Rom\u00e2nia, \u00ee\u0219i va redeschide por\u021bile \u00een perioada 14-17 martie 2024, \u00een Poiana Bra\u0219ov. Cea de-a doua edi\u021bie a celui mai mare festival de muzic\u0103 dintr-o sta\u021biune montan\u0103 vine cu o abordare wild \u0219i cu multe activit\u0103\u021bi \u0219i momente de neuitat pentru iubitorii &hellip;<\/p>\n","protected":false},"author":16,"featured_media":109557,"comment_status":"open","ping_status":"open","sticky":false,"template":"","format":"standard","meta":{"inline_featured_image":false,"footnotes":""},"categories":[4],"tags":[24916],"class_list":["post-109555","post","type-post","status-publish","format-standard","has-post-thumbnail","hentry","category-eveniment","tag-massif-2024"],"yoast_head":"<!-- This site is optimized with the Yoast SEO plugin v27.4 - https:\/\/yoast.com\/product\/yoast-seo-wordpress\/ -->\n<title>MASSIF 2024 va avea loc \u00een perioada 14-17 martie - Revista Urbea Mea - Revista de Alba<\/title>\n<meta name=\"description\" content=\"Massif, cel mai nou \u0219i a\u0219teptat concept de divertisment de la munte din Rom\u00e2nia, \u00ee\u0219i va redeschide por\u021bile \u00een perioada 14-17 martie 2024, \u00een Poiana\" \/>\n<meta name=\"robots\" content=\"index, follow, max-snippet:-1, max-image-preview:large, max-video-preview:-1\" \/>\n<link rel=\"canonical\" href=\"https:\/\/urbeamea.ro\/albaiulia\/massif-2024-va-avea-loc-in-perioada-14-17-martie\/\" \/>\n<meta name=\"twitter:card\" content=\"summary_large_image\" \/>\n<meta name=\"twitter:title\" content=\"MASSIF 2024 va avea loc \u00een perioada 14-17 martie - Revista Urbea Mea - Revista de Alba\" \/>\n<meta name=\"twitter:description\" content=\"Massif, cel mai nou \u0219i a\u0219teptat concept de divertisment de la munte din Rom\u00e2nia, \u00ee\u0219i va redeschide por\u021bile \u00een perioada 14-17 martie 2024, \u00een Poiana\" \/>\n<meta name=\"twitter:image\" content=\"https:\/\/urbeamea.ro\/albaiulia\/wp-content\/uploads\/2023\/11\/Massif-2024_1.jpeg\" \/>\n<meta name=\"twitter:creator\" content=\"@urbeameaweb\" \/>\n<meta name=\"twitter:site\" content=\"@urbeameaweb\" \/>\n<script type=\"application\/ld+json\" class=\"yoast-schema-graph\">{\"@context\":\"https:\\\/\\\/schema.org\",\"@graph\":[{\"@type\":\"Article\",\"@id\":\"https:\\\/\\\/urbeamea.ro\\\/albaiulia\\\/massif-2024-va-avea-loc-in-perioada-14-17-martie\\\/#article\",\"isPartOf\":{\"@id\":\"https:\\\/\\\/urbeamea.ro\\\/albaiulia\\\/massif-2024-va-avea-loc-in-perioada-14-17-martie\\\/\"},\"author\":{\"name\":\"Redac\u021bia UrbeaMea\",\"@id\":\"https:\\\/\\\/urbeamea.ro\\\/albaiulia\\\/#\\\/schema\\\/person\\\/272ae98052f8ee8980f59848df070247\"},\"headline\":\"MASSIF 2024 va avea loc \u00een perioada 14-17 martie\",\"datePublished\":\"2023-11-02T09:12:49+00:00\",\"dateModified\":\"2023-11-02T09:12:51+00:00\",\"mainEntityOfPage\":{\"@id\":\"https:\\\/\\\/urbeamea.ro\\\/albaiulia\\\/massif-2024-va-avea-loc-in-perioada-14-17-martie\\\/\"},\"wordCount\":383,\"commentCount\":0,\"image\":{\"@id\":\"https:\\\/\\\/urbeamea.ro\\\/albaiulia\\\/massif-2024-va-avea-loc-in-perioada-14-17-martie\\\/#primaryimage\"},\"thumbnailUrl\":\"https:\\\/\\\/urbeamea.ro\\\/albaiulia\\\/wp-content\\\/uploads\\\/2023\\\/11\\\/Massif-2024_1.jpeg\",\"keywords\":[\"massif 2024\"],\"articleSection\":[\"Evenimente\"],\"inLanguage\":\"ro-RO\",\"potentialAction\":[{\"@type\":\"CommentAction\",\"name\":\"Comment\",\"target\":[\"https:\\\/\\\/urbeamea.ro\\\/albaiulia\\\/massif-2024-va-avea-loc-in-perioada-14-17-martie\\\/#respond\"]}]},{\"@type\":\"WebPage\",\"@id\":\"https:\\\/\\\/urbeamea.ro\\\/albaiulia\\\/massif-2024-va-avea-loc-in-perioada-14-17-martie\\\/\",\"url\":\"https:\\\/\\\/urbeamea.ro\\\/albaiulia\\\/massif-2024-va-avea-loc-in-perioada-14-17-martie\\\/\",\"name\":\"MASSIF 2024 va avea loc \u00een perioada 14-17 martie - Revista Urbea Mea - Revista de Alba\",\"isPartOf\":{\"@id\":\"https:\\\/\\\/urbeamea.ro\\\/albaiulia\\\/#website\"},\"primaryImageOfPage\":{\"@id\":\"https:\\\/\\\/urbeamea.ro\\\/albaiulia\\\/massif-2024-va-avea-loc-in-perioada-14-17-martie\\\/#primaryimage\"},\"image\":{\"@id\":\"https:\\\/\\\/urbeamea.ro\\\/albaiulia\\\/massif-2024-va-avea-loc-in-perioada-14-17-martie\\\/#primaryimage\"},\"thumbnailUrl\":\"https:\\\/\\\/urbeamea.ro\\\/albaiulia\\\/wp-content\\\/uploads\\\/2023\\\/11\\\/Massif-2024_1.jpeg\",\"datePublished\":\"2023-11-02T09:12:49+00:00\",\"dateModified\":\"2023-11-02T09:12:51+00:00\",\"author\":{\"@id\":\"https:\\\/\\\/urbeamea.ro\\\/albaiulia\\\/#\\\/schema\\\/person\\\/272ae98052f8ee8980f59848df070247\"},\"description\":\"Massif, cel mai nou \u0219i a\u0219teptat concept de divertisment de la munte din Rom\u00e2nia, \u00ee\u0219i va redeschide por\u021bile \u00een perioada 14-17 martie 2024, \u00een Poiana\",\"breadcrumb\":{\"@id\":\"https:\\\/\\\/urbeamea.ro\\\/albaiulia\\\/massif-2024-va-avea-loc-in-perioada-14-17-martie\\\/#breadcrumb\"},\"inLanguage\":\"ro-RO\",\"potentialAction\":[{\"@type\":\"ReadAction\",\"target\":[\"https:\\\/\\\/urbeamea.ro\\\/albaiulia\\\/massif-2024-va-avea-loc-in-perioada-14-17-martie\\\/\"]}]},{\"@type\":\"ImageObject\",\"inLanguage\":\"ro-RO\",\"@id\":\"https:\\\/\\\/urbeamea.ro\\\/albaiulia\\\/massif-2024-va-avea-loc-in-perioada-14-17-martie\\\/#primaryimage\",\"url\":\"https:\\\/\\\/urbeamea.ro\\\/albaiulia\\\/wp-content\\\/uploads\\\/2023\\\/11\\\/Massif-2024_1.jpeg\",\"contentUrl\":\"https:\\\/\\\/urbeamea.ro\\\/albaiulia\\\/wp-content\\\/uploads\\\/2023\\\/11\\\/Massif-2024_1.jpeg\",\"width\":1600,\"height\":1067},{\"@type\":\"BreadcrumbList\",\"@id\":\"https:\\\/\\\/urbeamea.ro\\\/albaiulia\\\/massif-2024-va-avea-loc-in-perioada-14-17-martie\\\/#breadcrumb\",\"itemListElement\":[{\"@type\":\"ListItem\",\"position\":1,\"name\":\"Prima pagin\u0103\",\"item\":\"https:\\\/\\\/urbeamea.ro\\\/albaiulia\\\/\"},{\"@type\":\"ListItem\",\"position\":2,\"name\":\"MASSIF 2024 va avea loc \u00een perioada 14-17 martie\"}]},{\"@type\":\"WebSite\",\"@id\":\"https:\\\/\\\/urbeamea.ro\\\/albaiulia\\\/#website\",\"url\":\"https:\\\/\\\/urbeamea.ro\\\/albaiulia\\\/\",\"name\":\"Revista Urbea Mea, Stiri urbane\",\"description\":\"Evenimente \u0219i \u0219tiri din Alba Iulia, Sebe\u0219, Aiud, Blaj\",\"potentialAction\":[{\"@type\":\"SearchAction\",\"target\":{\"@type\":\"EntryPoint\",\"urlTemplate\":\"https:\\\/\\\/urbeamea.ro\\\/albaiulia\\\/?s={search_term_string}\"},\"query-input\":{\"@type\":\"PropertyValueSpecification\",\"valueRequired\":true,\"valueName\":\"search_term_string\"}}],\"inLanguage\":\"ro-RO\"},{\"@type\":\"Person\",\"@id\":\"https:\\\/\\\/urbeamea.ro\\\/albaiulia\\\/#\\\/schema\\\/person\\\/272ae98052f8ee8980f59848df070247\",\"name\":\"Redac\u021bia UrbeaMea\",\"image\":{\"@type\":\"ImageObject\",\"inLanguage\":\"ro-RO\",\"@id\":\"https:\\\/\\\/secure.gravatar.com\\\/avatar\\\/9ce5a9435071fa1037e8468053ead8e513dbbff59009d3069aadb85506d85a27?s=96&d=mm&r=g\",\"url\":\"https:\\\/\\\/secure.gravatar.com\\\/avatar\\\/9ce5a9435071fa1037e8468053ead8e513dbbff59009d3069aadb85506d85a27?s=96&d=mm&r=g\",\"contentUrl\":\"https:\\\/\\\/secure.gravatar.com\\\/avatar\\\/9ce5a9435071fa1037e8468053ead8e513dbbff59009d3069aadb85506d85a27?s=96&d=mm&r=g\",\"caption\":\"Redac\u021bia UrbeaMea\"},\"description\":\"contact@urbeamea.ro\",\"sameAs\":[\"https:\\\/\\\/www.urbeamea.ro\"],\"url\":\"https:\\\/\\\/urbeamea.ro\\\/albaiulia\\\/author\\\/redactia-urbeamea\\\/\"}]}<\/script>\n<!-- \/ Yoast SEO plugin. -->","yoast_head_json":{"title":"MASSIF 2024 va avea loc \u00een perioada 14-17 martie - Revista Urbea Mea - Revista de Alba","description":"Massif, cel mai nou \u0219i a\u0219teptat concept de divertisment de la munte din Rom\u00e2nia, \u00ee\u0219i va redeschide por\u021bile \u00een perioada 14-17 martie 2024, \u00een Poiana","robots":{"index":"index","follow":"follow","max-snippet":"max-snippet:-1","max-image-preview":"max-image-preview:large","max-video-preview":"max-video-preview:-1"},"canonical":"https:\/\/urbeamea.ro\/albaiulia\/massif-2024-va-avea-loc-in-perioada-14-17-martie\/","twitter_card":"summary_large_image","twitter_title":"MASSIF 2024 va avea loc \u00een perioada 14-17 martie - Revista Urbea Mea - Revista de Alba","twitter_description":"Massif, cel mai nou \u0219i a\u0219teptat concept de divertisment de la munte din Rom\u00e2nia, \u00ee\u0219i va redeschide por\u021bile \u00een perioada 14-17 martie 2024, \u00een Poiana","twitter_image":"https:\/\/urbeamea.ro\/albaiulia\/wp-content\/uploads\/2023\/11\/Massif-2024_1.jpeg","twitter_creator":"@urbeameaweb","twitter_site":"@urbeameaweb","schema":{"@context":"https:\/\/schema.org","@graph":[{"@type":"Article","@id":"https:\/\/urbeamea.ro\/albaiulia\/massif-2024-va-avea-loc-in-perioada-14-17-martie\/#article","isPartOf":{"@id":"https:\/\/urbeamea.ro\/albaiulia\/massif-2024-va-avea-loc-in-perioada-14-17-martie\/"},"author":{"name":"Redac\u021bia UrbeaMea","@id":"https:\/\/urbeamea.ro\/albaiulia\/#\/schema\/person\/272ae98052f8ee8980f59848df070247"},"headline":"MASSIF 2024 va avea loc \u00een perioada 14-17 martie","datePublished":"2023-11-02T09:12:49+00:00","dateModified":"2023-11-02T09:12:51+00:00","mainEntityOfPage":{"@id":"https:\/\/urbeamea.ro\/albaiulia\/massif-2024-va-avea-loc-in-perioada-14-17-martie\/"},"wordCount":383,"commentCount":0,"image":{"@id":"https:\/\/urbeamea.ro\/albaiulia\/massif-2024-va-avea-loc-in-perioada-14-17-martie\/#primaryimage"},"thumbnailUrl":"https:\/\/urbeamea.ro\/albaiulia\/wp-content\/uploads\/2023\/11\/Massif-2024_1.jpeg","keywords":["massif 2024"],"articleSection":["Evenimente"],"inLanguage":"ro-RO","potentialAction":[{"@type":"CommentAction","name":"Comment","target":["https:\/\/urbeamea.ro\/albaiulia\/massif-2024-va-avea-loc-in-perioada-14-17-martie\/#respond"]}]},{"@type":"WebPage","@id":"https:\/\/urbeamea.ro\/albaiulia\/massif-2024-va-avea-loc-in-perioada-14-17-martie\/","url":"https:\/\/urbeamea.ro\/albaiulia\/massif-2024-va-avea-loc-in-perioada-14-17-martie\/","name":"MASSIF 2024 va avea loc \u00een perioada 14-17 martie - Revista Urbea Mea - Revista de Alba","isPartOf":{"@id":"https:\/\/urbeamea.ro\/albaiulia\/#website"},"primaryImageOfPage":{"@id":"https:\/\/urbeamea.ro\/albaiulia\/massif-2024-va-avea-loc-in-perioada-14-17-martie\/#primaryimage"},"image":{"@id":"https:\/\/urbeamea.ro\/albaiulia\/massif-2024-va-avea-loc-in-perioada-14-17-martie\/#primaryimage"},"thumbnailUrl":"https:\/\/urbeamea.ro\/albaiulia\/wp-content\/uploads\/2023\/11\/Massif-2024_1.jpeg","datePublished":"2023-11-02T09:12:49+00:00","dateModified":"2023-11-02T09:12:51+00:00","author":{"@id":"https:\/\/urbeamea.ro\/albaiulia\/#\/schema\/person\/272ae98052f8ee8980f59848df070247"},"description":"Massif, cel mai nou \u0219i a\u0219teptat concept de divertisment de la munte din Rom\u00e2nia, \u00ee\u0219i va redeschide por\u021bile \u00een perioada 14-17 martie 2024, \u00een Poiana","breadcrumb":{"@id":"https:\/\/urbeamea.ro\/albaiulia\/massif-2024-va-avea-loc-in-perioada-14-17-martie\/#breadcrumb"},"inLanguage":"ro-RO","potentialAction":[{"@type":"ReadAction","target":["https:\/\/urbeamea.ro\/albaiulia\/massif-2024-va-avea-loc-in-perioada-14-17-martie\/"]}]},{"@type":"ImageObject","inLanguage":"ro-RO","@id":"https:\/\/urbeamea.ro\/albaiulia\/massif-2024-va-avea-loc-in-perioada-14-17-martie\/#primaryimage","url":"https:\/\/urbeamea.ro\/albaiulia\/wp-content\/uploads\/2023\/11\/Massif-2024_1.jpeg","contentUrl":"https:\/\/urbeamea.ro\/albaiulia\/wp-content\/uploads\/2023\/11\/Massif-2024_1.jpeg","width":1600,"height":1067},{"@type":"BreadcrumbList","@id":"https:\/\/urbeamea.ro\/albaiulia\/massif-2024-va-avea-loc-in-perioada-14-17-martie\/#breadcrumb","itemListElement":[{"@type":"ListItem","position":1,"name":"Prima pagin\u0103","item":"https:\/\/urbeamea.ro\/albaiulia\/"},{"@type":"ListItem","position":2,"name":"MASSIF 2024 va avea loc \u00een perioada 14-17 martie"}]},{"@type":"WebSite","@id":"https:\/\/urbeamea.ro\/albaiulia\/#website","url":"https:\/\/urbeamea.ro\/albaiulia\/","name":"Revista Urbea Mea, Stiri urbane","description":"Evenimente \u0219i \u0219tiri din Alba Iulia, Sebe\u0219, Aiud, Blaj","potentialAction":[{"@type":"SearchAction","target":{"@type":"EntryPoint","urlTemplate":"https:\/\/urbeamea.ro\/albaiulia\/?s={search_term_string}"},"query-input":{"@type":"PropertyValueSpecification","valueRequired":true,"valueName":"search_term_string"}}],"inLanguage":"ro-RO"},{"@type":"Person","@id":"https:\/\/urbeamea.ro\/albaiulia\/#\/schema\/person\/272ae98052f8ee8980f59848df070247","name":"Redac\u021bia UrbeaMea","image":{"@type":"ImageObject","inLanguage":"ro-RO","@id":"https:\/\/secure.gravatar.com\/avatar\/9ce5a9435071fa1037e8468053ead8e513dbbff59009d3069aadb85506d85a27?s=96&d=mm&r=g","url":"https:\/\/secure.gravatar.com\/avatar\/9ce5a9435071fa1037e8468053ead8e513dbbff59009d3069aadb85506d85a27?s=96&d=mm&r=g","contentUrl":"https:\/\/secure.gravatar.com\/avatar\/9ce5a9435071fa1037e8468053ead8e513dbbff59009d3069aadb85506d85a27?s=96&d=mm&r=g","caption":"Redac\u021bia UrbeaMea"},"description":"contact@urbeamea.ro","sameAs":["https:\/\/www.urbeamea.ro"],"url":"https:\/\/urbeamea.ro\/albaiulia\/author\/redactia-urbeamea\/"}]}},"_links":{"self":[{"href":"https:\/\/urbeamea.ro\/albaiulia\/wp-json\/wp\/v2\/posts\/109555","targetHints":{"allow":["GET"]}}],"collection":[{"href":"https:\/\/urbeamea.ro\/albaiulia\/wp-json\/wp\/v2\/posts"}],"about":[{"href":"https:\/\/urbeamea.ro\/albaiulia\/wp-json\/wp\/v2\/types\/post"}],"author":[{"embeddable":true,"href":"https:\/\/urbeamea.ro\/albaiulia\/wp-json\/wp\/v2\/users\/16"}],"replies":[{"embeddable":true,"href":"https:\/\/urbeamea.ro\/albaiulia\/wp-json\/wp\/v2\/comments?post=109555"}],"version-history":[{"count":1,"href":"https:\/\/urbeamea.ro\/albaiulia\/wp-json\/wp\/v2\/posts\/109555\/revisions"}],"predecessor-version":[{"id":109559,"href":"https:\/\/urbeamea.ro\/albaiulia\/wp-json\/wp\/v2\/posts\/109555\/revisions\/109559"}],"wp:featuredmedia":[{"embeddable":true,"href":"https:\/\/urbeamea.ro\/albaiulia\/wp-json\/wp\/v2\/media\/109557"}],"wp:attachment":[{"href":"https:\/\/urbeamea.ro\/albaiulia\/wp-json\/wp\/v2\/media?parent=109555"}],"wp:term":[{"taxonomy":"category","embeddable":true,"href":"https:\/\/urbeamea.ro\/albaiulia\/wp-json\/wp\/v2\/categories?post=109555"},{"taxonomy":"post_tag","embeddable":true,"href":"https:\/\/urbeamea.ro\/albaiulia\/wp-json\/wp\/v2\/tags?post=109555"}],"curies":[{"name":"wp","href":"https:\/\/api.w.org\/{rel}","templated":true}]}}