{"id":109563,"date":"2023-11-02T11:23:30","date_gmt":"2023-11-02T09:23:30","guid":{"rendered":"https:\/\/urbeamea.ro\/albaiulia\/?p=109563"},"modified":"2023-11-02T11:24:40","modified_gmt":"2023-11-02T09:24:40","slug":"mihail-sadoveanu-omagiat-de-biblioteca-judeteana-lucian-blaga-alba-la-alba-iulia","status":"publish","type":"post","link":"https:\/\/urbeamea.ro\/albaiulia\/mihail-sadoveanu-omagiat-de-biblioteca-judeteana-lucian-blaga-alba-la-alba-iulia\/","title":{"rendered":"Mihail Sadoveanu omagiat de Biblioteca Jude\u021bean\u0103 \u201eLucian Blaga\u201d Alba, la Alba Iulia"},"content":{"rendered":"\n<p>\u00cen organizarea Consiliul Jude\u021bean Alba \u0219i a Bibliotecii Jude\u021bene \u201eLucian Blaga\u201d Alba, duminic\u0103 5 noiembrie 2023, va fi omagiat la Alba Iulia, Mihail Sadoveanu, scriitorul considerat de istoria literar\u0103 drept unul dintre cei mai importan\u021bi prozatori rom\u00e2ni din prima jum\u0103tate a secolului XX,&nbsp; numit fiind de criticul George C\u0103linescu \u201eCeahl\u0103ul literaturii rom\u00e2ne\u201d.<\/p>\n\n\n\n<p>Programul zilei de 5 noiembrie 2023 se va desf\u0103\u0219ura pe Aleea Scriitorilor, la bustul lui Mihail Sadoveanu, unde va fi prezentat un medalion literar \u0219i vor fi depuse flori \u00een amintirea celui ce \u0219i-a scris o parte din oper\u0103 pe frumoasa Vale a Sebe\u0219ului din jude\u021bul Alba. \u00cen aceea\u0219i zi pe pagina de Facebook a Bibliotecii Jude\u021bene \u201eLucian Blaga\u201d Alba vor fi prezentate informa\u021bii \u0219i fotografii care oglindesc via\u021ba \u0219i activitatea literar\u0103 a lui Mihail Sadoveanu.<\/p>\n\n\n\n<p>Scriitorul Mihail Sadoveanu s-a n\u0103scut la 5 noiembrie 1880, \u00een Pa\u0219cani \u0219i a fost unul dintre cei mai prolifici prozatori rom\u00e2ni. Este cunoscut mai ales pentru romanele sale istorice, de\u0219i autorul a creat pagini nemuritoare despre lumea \u021b\u0103r\u0103neasc\u0103 \u0219i natura Rom\u00e2niei \u0219i a scris reportaje \u0219i pagini memorialistic\u0103 cu adev\u0103rat importante. Mihail Sadoveanu a colaborat cu numeroase ziare \u0219i reviste, dar gr\u0103itoare pentru opera sa r\u0103m\u00e2n volume precum: \u201eNeamul \u0218oim\u0103re\u0219tilor\u201d, \u201eFra\u021bii Jderi\u201d, \u201eZodia Cancerului\u201d, \u201eBaltagul\u201d, etc.<\/p>\n\n\n\n<p>\u00cen anul 1921, Mihail Sadoveanu este ales membru al Academiei Rom\u00e2ne, iar dup\u0103 ce Societatea Scriitorilor a fost reorganizat\u0103 \u00een Uniunea Scriitorilor din Rom\u00e2nia, Sadoveanu a&nbsp; devinit pre\u0219edintele acesteia \u00een anul 1950.<\/p>\n\n\n\n<p>\u00cen peregrin\u0103rile sale prin \u021bar\u0103, scriitorul Mihail Sadoveanu a fost profund impresionat de frumuse\u0163ea V\u0103ii Sebe\u015fului, pe care a numit-o Valea Frumoasei \u0219i c\u0103reia i-a dedicat dou\u0103 dintre scrierile sale: \u201eValea Frumoasei\u201d (1938) \u0219i ,,Pove\u0219tile de la Bradu-Str\u00eemb\u201d (1941).<\/p>\n\n\n\n<p>\u00cen 1927 \u00ee\u0219i construie\u0219te la Bradu\u2019 Str\u00e2mb o caban\u0103, pe un teren donat de amicul s\u0103u Ionel Pop, cu care \u00eemp\u0103rt\u0103\u0219ea pasiunea pentru pescuit \u0219i v\u00e2n\u0103toare. \u00cen anul 1943, \u00eempreun\u0103 cu scriitorul Ionel Pop, Sadoveanu a hot\u0103r\u00e2t s\u0103 ridice \u00een apropierea cabanei \u0219i o bisericu\u021b\u0103 de lemn. At\u00e2t bisericu\u021ba, c\u00e2t \u0219i cabana, au fost str\u0103mutate \u00een anul 1983 pentru a face loc lacului de acumulare de la Oa\u0219a. Biserica de lemn a fost mutat\u0103 \u00een curtea M\u0103n\u0103stirii Oa\u0219a, \u00een timp ce cabana cunoscut\u0103 p\u00e2n\u0103 \u00een zilele noastre sub denumirea de \u201eCasa Sadoveanu\u201d&nbsp; este situat\u0103 pe malul lacului de acumulare, \u00een Mun\u021bii \u0218ureanu, la aproape 1.500 de metri altitudine.<\/p>\n\n\n\n<p>De meleagurile noastre l-a legat mai t\u00e2rziu \u0219i faptul c\u0103 fiul s\u0103u, Paul-Mihu Sadoveanu, a c\u0103zut la datorie \u00een cel de-al doilea R\u0103zboi Mondial, fiind \u00eenmorm\u00e2ntat \u00een cimitirul eroilor din Alba Iulia.<\/p>\n\n\n\n<figure class=\"wp-block-image size-large\"><img loading=\"lazy\" decoding=\"async\" width=\"905\" height=\"1280\" src=\"https:\/\/urbeamea.ro\/albaiulia\/wp-content\/uploads\/2023\/11\/4.4-Monumentele-literaturii-romane-Sadoveanu-noiembrie-2023-905x1280.jpg\" alt=\"\" class=\"wp-image-109564\" srcset=\"https:\/\/urbeamea.ro\/albaiulia\/wp-content\/uploads\/2023\/11\/4.4-Monumentele-literaturii-romane-Sadoveanu-noiembrie-2023-905x1280.jpg 905w, https:\/\/urbeamea.ro\/albaiulia\/wp-content\/uploads\/2023\/11\/4.4-Monumentele-literaturii-romane-Sadoveanu-noiembrie-2023-452x640.jpg 452w, https:\/\/urbeamea.ro\/albaiulia\/wp-content\/uploads\/2023\/11\/4.4-Monumentele-literaturii-romane-Sadoveanu-noiembrie-2023-106x150.jpg 106w, https:\/\/urbeamea.ro\/albaiulia\/wp-content\/uploads\/2023\/11\/4.4-Monumentele-literaturii-romane-Sadoveanu-noiembrie-2023-768x1086.jpg 768w, https:\/\/urbeamea.ro\/albaiulia\/wp-content\/uploads\/2023\/11\/4.4-Monumentele-literaturii-romane-Sadoveanu-noiembrie-2023-1086x1536.jpg 1086w, https:\/\/urbeamea.ro\/albaiulia\/wp-content\/uploads\/2023\/11\/4.4-Monumentele-literaturii-romane-Sadoveanu-noiembrie-2023.jpg 1131w\" sizes=\"auto, (max-width: 905px) 100vw, 905px\" \/><\/figure>\n","protected":false},"excerpt":{"rendered":"<p>\u00cen organizarea Consiliul Jude\u021bean Alba \u0219i a Bibliotecii Jude\u021bene \u201eLucian Blaga\u201d Alba, duminic\u0103 5 noiembrie 2023, va fi omagiat la Alba Iulia, Mihail Sadoveanu, scriitorul considerat de istoria literar\u0103 drept unul dintre cei mai importan\u021bi prozatori rom\u00e2ni din prima jum\u0103tate a secolului XX,&nbsp; numit fiind de criticul George C\u0103linescu \u201eCeahl\u0103ul literaturii rom\u00e2ne\u201d. Programul zilei de &hellip;<\/p>\n","protected":false},"author":16,"featured_media":109567,"comment_status":"open","ping_status":"open","sticky":false,"template":"","format":"standard","meta":{"inline_featured_image":false,"footnotes":""},"categories":[1],"tags":[],"class_list":["post-109563","post","type-post","status-publish","format-standard","has-post-thumbnail","hentry","category-stiri-urbane"],"yoast_head":"<!-- This site is optimized with the Yoast SEO plugin v27.4 - https:\/\/yoast.com\/product\/yoast-seo-wordpress\/ -->\n<title>Mihail Sadoveanu omagiat de Biblioteca Jude\u021bean\u0103 \u201eLucian Blaga\u201d Alba, la Alba Iulia - Revista Urbea Mea - Revista de Alba<\/title>\n<meta name=\"description\" content=\"\u00cen organizarea Consiliul Jude\u021bean Alba \u0219i a Bibliotecii Jude\u021bene \u201eLucian Blaga\u201d Alba, duminic\u0103 5 noiembrie 2023, va fi omagiat la Alba Iulia, Mihail\" \/>\n<meta name=\"robots\" content=\"index, follow, max-snippet:-1, max-image-preview:large, max-video-preview:-1\" \/>\n<link rel=\"canonical\" href=\"https:\/\/urbeamea.ro\/albaiulia\/mihail-sadoveanu-omagiat-de-biblioteca-judeteana-lucian-blaga-alba-la-alba-iulia\/\" \/>\n<meta name=\"twitter:card\" content=\"summary_large_image\" \/>\n<meta name=\"twitter:title\" content=\"Mihail Sadoveanu omagiat de Biblioteca Jude\u021bean\u0103 \u201eLucian Blaga\u201d Alba, la Alba Iulia - Revista Urbea Mea - Revista de Alba\" \/>\n<meta name=\"twitter:description\" content=\"\u00cen organizarea Consiliul Jude\u021bean Alba \u0219i a Bibliotecii Jude\u021bene \u201eLucian Blaga\u201d Alba, duminic\u0103 5 noiembrie 2023, va fi omagiat la Alba Iulia, Mihail\" \/>\n<meta name=\"twitter:image\" content=\"https:\/\/urbeamea.ro\/albaiulia\/wp-content\/uploads\/2023\/11\/800px-Mihail_Sadoveanu1.png\" \/>\n<meta name=\"twitter:creator\" content=\"@urbeameaweb\" \/>\n<meta name=\"twitter:site\" content=\"@urbeameaweb\" \/>\n<script type=\"application\/ld+json\" class=\"yoast-schema-graph\">{\"@context\":\"https:\\\/\\\/schema.org\",\"@graph\":[{\"@type\":\"Article\",\"@id\":\"https:\\\/\\\/urbeamea.ro\\\/albaiulia\\\/mihail-sadoveanu-omagiat-de-biblioteca-judeteana-lucian-blaga-alba-la-alba-iulia\\\/#article\",\"isPartOf\":{\"@id\":\"https:\\\/\\\/urbeamea.ro\\\/albaiulia\\\/mihail-sadoveanu-omagiat-de-biblioteca-judeteana-lucian-blaga-alba-la-alba-iulia\\\/\"},\"author\":{\"name\":\"Redac\u021bia UrbeaMea\",\"@id\":\"https:\\\/\\\/urbeamea.ro\\\/albaiulia\\\/#\\\/schema\\\/person\\\/272ae98052f8ee8980f59848df070247\"},\"headline\":\"Mihail Sadoveanu omagiat de Biblioteca Jude\u021bean\u0103 \u201eLucian Blaga\u201d Alba, la Alba Iulia\",\"datePublished\":\"2023-11-02T09:23:30+00:00\",\"dateModified\":\"2023-11-02T09:24:40+00:00\",\"mainEntityOfPage\":{\"@id\":\"https:\\\/\\\/urbeamea.ro\\\/albaiulia\\\/mihail-sadoveanu-omagiat-de-biblioteca-judeteana-lucian-blaga-alba-la-alba-iulia\\\/\"},\"wordCount\":479,\"commentCount\":0,\"image\":{\"@id\":\"https:\\\/\\\/urbeamea.ro\\\/albaiulia\\\/mihail-sadoveanu-omagiat-de-biblioteca-judeteana-lucian-blaga-alba-la-alba-iulia\\\/#primaryimage\"},\"thumbnailUrl\":\"https:\\\/\\\/urbeamea.ro\\\/albaiulia\\\/wp-content\\\/uploads\\\/2023\\\/11\\\/800px-Mihail_Sadoveanu1.png\",\"articleSection\":[\"\u015etiri Urbane\"],\"inLanguage\":\"ro-RO\",\"potentialAction\":[{\"@type\":\"CommentAction\",\"name\":\"Comment\",\"target\":[\"https:\\\/\\\/urbeamea.ro\\\/albaiulia\\\/mihail-sadoveanu-omagiat-de-biblioteca-judeteana-lucian-blaga-alba-la-alba-iulia\\\/#respond\"]}]},{\"@type\":\"WebPage\",\"@id\":\"https:\\\/\\\/urbeamea.ro\\\/albaiulia\\\/mihail-sadoveanu-omagiat-de-biblioteca-judeteana-lucian-blaga-alba-la-alba-iulia\\\/\",\"url\":\"https:\\\/\\\/urbeamea.ro\\\/albaiulia\\\/mihail-sadoveanu-omagiat-de-biblioteca-judeteana-lucian-blaga-alba-la-alba-iulia\\\/\",\"name\":\"Mihail Sadoveanu omagiat de Biblioteca Jude\u021bean\u0103 \u201eLucian Blaga\u201d Alba, la Alba Iulia - Revista Urbea Mea - Revista de Alba\",\"isPartOf\":{\"@id\":\"https:\\\/\\\/urbeamea.ro\\\/albaiulia\\\/#website\"},\"primaryImageOfPage\":{\"@id\":\"https:\\\/\\\/urbeamea.ro\\\/albaiulia\\\/mihail-sadoveanu-omagiat-de-biblioteca-judeteana-lucian-blaga-alba-la-alba-iulia\\\/#primaryimage\"},\"image\":{\"@id\":\"https:\\\/\\\/urbeamea.ro\\\/albaiulia\\\/mihail-sadoveanu-omagiat-de-biblioteca-judeteana-lucian-blaga-alba-la-alba-iulia\\\/#primaryimage\"},\"thumbnailUrl\":\"https:\\\/\\\/urbeamea.ro\\\/albaiulia\\\/wp-content\\\/uploads\\\/2023\\\/11\\\/800px-Mihail_Sadoveanu1.png\",\"datePublished\":\"2023-11-02T09:23:30+00:00\",\"dateModified\":\"2023-11-02T09:24:40+00:00\",\"author\":{\"@id\":\"https:\\\/\\\/urbeamea.ro\\\/albaiulia\\\/#\\\/schema\\\/person\\\/272ae98052f8ee8980f59848df070247\"},\"description\":\"\u00cen organizarea Consiliul Jude\u021bean Alba \u0219i a Bibliotecii Jude\u021bene \u201eLucian Blaga\u201d Alba, duminic\u0103 5 noiembrie 2023, va fi omagiat la Alba Iulia, Mihail\",\"breadcrumb\":{\"@id\":\"https:\\\/\\\/urbeamea.ro\\\/albaiulia\\\/mihail-sadoveanu-omagiat-de-biblioteca-judeteana-lucian-blaga-alba-la-alba-iulia\\\/#breadcrumb\"},\"inLanguage\":\"ro-RO\",\"potentialAction\":[{\"@type\":\"ReadAction\",\"target\":[\"https:\\\/\\\/urbeamea.ro\\\/albaiulia\\\/mihail-sadoveanu-omagiat-de-biblioteca-judeteana-lucian-blaga-alba-la-alba-iulia\\\/\"]}]},{\"@type\":\"ImageObject\",\"inLanguage\":\"ro-RO\",\"@id\":\"https:\\\/\\\/urbeamea.ro\\\/albaiulia\\\/mihail-sadoveanu-omagiat-de-biblioteca-judeteana-lucian-blaga-alba-la-alba-iulia\\\/#primaryimage\",\"url\":\"https:\\\/\\\/urbeamea.ro\\\/albaiulia\\\/wp-content\\\/uploads\\\/2023\\\/11\\\/800px-Mihail_Sadoveanu1.png\",\"contentUrl\":\"https:\\\/\\\/urbeamea.ro\\\/albaiulia\\\/wp-content\\\/uploads\\\/2023\\\/11\\\/800px-Mihail_Sadoveanu1.png\",\"width\":800,\"height\":731},{\"@type\":\"BreadcrumbList\",\"@id\":\"https:\\\/\\\/urbeamea.ro\\\/albaiulia\\\/mihail-sadoveanu-omagiat-de-biblioteca-judeteana-lucian-blaga-alba-la-alba-iulia\\\/#breadcrumb\",\"itemListElement\":[{\"@type\":\"ListItem\",\"position\":1,\"name\":\"Prima pagin\u0103\",\"item\":\"https:\\\/\\\/urbeamea.ro\\\/albaiulia\\\/\"},{\"@type\":\"ListItem\",\"position\":2,\"name\":\"Mihail Sadoveanu omagiat de Biblioteca Jude\u021bean\u0103 \u201eLucian Blaga\u201d Alba, la Alba Iulia\"}]},{\"@type\":\"WebSite\",\"@id\":\"https:\\\/\\\/urbeamea.ro\\\/albaiulia\\\/#website\",\"url\":\"https:\\\/\\\/urbeamea.ro\\\/albaiulia\\\/\",\"name\":\"Revista Urbea Mea, Stiri urbane\",\"description\":\"Evenimente \u0219i \u0219tiri din Alba Iulia, Sebe\u0219, Aiud, Blaj\",\"potentialAction\":[{\"@type\":\"SearchAction\",\"target\":{\"@type\":\"EntryPoint\",\"urlTemplate\":\"https:\\\/\\\/urbeamea.ro\\\/albaiulia\\\/?s={search_term_string}\"},\"query-input\":{\"@type\":\"PropertyValueSpecification\",\"valueRequired\":true,\"valueName\":\"search_term_string\"}}],\"inLanguage\":\"ro-RO\"},{\"@type\":\"Person\",\"@id\":\"https:\\\/\\\/urbeamea.ro\\\/albaiulia\\\/#\\\/schema\\\/person\\\/272ae98052f8ee8980f59848df070247\",\"name\":\"Redac\u021bia UrbeaMea\",\"image\":{\"@type\":\"ImageObject\",\"inLanguage\":\"ro-RO\",\"@id\":\"https:\\\/\\\/secure.gravatar.com\\\/avatar\\\/9ce5a9435071fa1037e8468053ead8e513dbbff59009d3069aadb85506d85a27?s=96&d=mm&r=g\",\"url\":\"https:\\\/\\\/secure.gravatar.com\\\/avatar\\\/9ce5a9435071fa1037e8468053ead8e513dbbff59009d3069aadb85506d85a27?s=96&d=mm&r=g\",\"contentUrl\":\"https:\\\/\\\/secure.gravatar.com\\\/avatar\\\/9ce5a9435071fa1037e8468053ead8e513dbbff59009d3069aadb85506d85a27?s=96&d=mm&r=g\",\"caption\":\"Redac\u021bia UrbeaMea\"},\"description\":\"contact@urbeamea.ro\",\"sameAs\":[\"https:\\\/\\\/www.urbeamea.ro\"],\"url\":\"https:\\\/\\\/urbeamea.ro\\\/albaiulia\\\/author\\\/redactia-urbeamea\\\/\"}]}<\/script>\n<!-- \/ Yoast SEO plugin. -->","yoast_head_json":{"title":"Mihail Sadoveanu omagiat de Biblioteca Jude\u021bean\u0103 \u201eLucian Blaga\u201d Alba, la Alba Iulia - Revista Urbea Mea - Revista de Alba","description":"\u00cen organizarea Consiliul Jude\u021bean Alba \u0219i a Bibliotecii Jude\u021bene \u201eLucian Blaga\u201d Alba, duminic\u0103 5 noiembrie 2023, va fi omagiat la Alba Iulia, Mihail","robots":{"index":"index","follow":"follow","max-snippet":"max-snippet:-1","max-image-preview":"max-image-preview:large","max-video-preview":"max-video-preview:-1"},"canonical":"https:\/\/urbeamea.ro\/albaiulia\/mihail-sadoveanu-omagiat-de-biblioteca-judeteana-lucian-blaga-alba-la-alba-iulia\/","twitter_card":"summary_large_image","twitter_title":"Mihail Sadoveanu omagiat de Biblioteca Jude\u021bean\u0103 \u201eLucian Blaga\u201d Alba, la Alba Iulia - Revista Urbea Mea - Revista de Alba","twitter_description":"\u00cen organizarea Consiliul Jude\u021bean Alba \u0219i a Bibliotecii Jude\u021bene \u201eLucian Blaga\u201d Alba, duminic\u0103 5 noiembrie 2023, va fi omagiat la Alba Iulia, Mihail","twitter_image":"https:\/\/urbeamea.ro\/albaiulia\/wp-content\/uploads\/2023\/11\/800px-Mihail_Sadoveanu1.png","twitter_creator":"@urbeameaweb","twitter_site":"@urbeameaweb","schema":{"@context":"https:\/\/schema.org","@graph":[{"@type":"Article","@id":"https:\/\/urbeamea.ro\/albaiulia\/mihail-sadoveanu-omagiat-de-biblioteca-judeteana-lucian-blaga-alba-la-alba-iulia\/#article","isPartOf":{"@id":"https:\/\/urbeamea.ro\/albaiulia\/mihail-sadoveanu-omagiat-de-biblioteca-judeteana-lucian-blaga-alba-la-alba-iulia\/"},"author":{"name":"Redac\u021bia UrbeaMea","@id":"https:\/\/urbeamea.ro\/albaiulia\/#\/schema\/person\/272ae98052f8ee8980f59848df070247"},"headline":"Mihail Sadoveanu omagiat de Biblioteca Jude\u021bean\u0103 \u201eLucian Blaga\u201d Alba, la Alba Iulia","datePublished":"2023-11-02T09:23:30+00:00","dateModified":"2023-11-02T09:24:40+00:00","mainEntityOfPage":{"@id":"https:\/\/urbeamea.ro\/albaiulia\/mihail-sadoveanu-omagiat-de-biblioteca-judeteana-lucian-blaga-alba-la-alba-iulia\/"},"wordCount":479,"commentCount":0,"image":{"@id":"https:\/\/urbeamea.ro\/albaiulia\/mihail-sadoveanu-omagiat-de-biblioteca-judeteana-lucian-blaga-alba-la-alba-iulia\/#primaryimage"},"thumbnailUrl":"https:\/\/urbeamea.ro\/albaiulia\/wp-content\/uploads\/2023\/11\/800px-Mihail_Sadoveanu1.png","articleSection":["\u015etiri Urbane"],"inLanguage":"ro-RO","potentialAction":[{"@type":"CommentAction","name":"Comment","target":["https:\/\/urbeamea.ro\/albaiulia\/mihail-sadoveanu-omagiat-de-biblioteca-judeteana-lucian-blaga-alba-la-alba-iulia\/#respond"]}]},{"@type":"WebPage","@id":"https:\/\/urbeamea.ro\/albaiulia\/mihail-sadoveanu-omagiat-de-biblioteca-judeteana-lucian-blaga-alba-la-alba-iulia\/","url":"https:\/\/urbeamea.ro\/albaiulia\/mihail-sadoveanu-omagiat-de-biblioteca-judeteana-lucian-blaga-alba-la-alba-iulia\/","name":"Mihail Sadoveanu omagiat de Biblioteca Jude\u021bean\u0103 \u201eLucian Blaga\u201d Alba, la Alba Iulia - Revista Urbea Mea - Revista de Alba","isPartOf":{"@id":"https:\/\/urbeamea.ro\/albaiulia\/#website"},"primaryImageOfPage":{"@id":"https:\/\/urbeamea.ro\/albaiulia\/mihail-sadoveanu-omagiat-de-biblioteca-judeteana-lucian-blaga-alba-la-alba-iulia\/#primaryimage"},"image":{"@id":"https:\/\/urbeamea.ro\/albaiulia\/mihail-sadoveanu-omagiat-de-biblioteca-judeteana-lucian-blaga-alba-la-alba-iulia\/#primaryimage"},"thumbnailUrl":"https:\/\/urbeamea.ro\/albaiulia\/wp-content\/uploads\/2023\/11\/800px-Mihail_Sadoveanu1.png","datePublished":"2023-11-02T09:23:30+00:00","dateModified":"2023-11-02T09:24:40+00:00","author":{"@id":"https:\/\/urbeamea.ro\/albaiulia\/#\/schema\/person\/272ae98052f8ee8980f59848df070247"},"description":"\u00cen organizarea Consiliul Jude\u021bean Alba \u0219i a Bibliotecii Jude\u021bene \u201eLucian Blaga\u201d Alba, duminic\u0103 5 noiembrie 2023, va fi omagiat la Alba Iulia, Mihail","breadcrumb":{"@id":"https:\/\/urbeamea.ro\/albaiulia\/mihail-sadoveanu-omagiat-de-biblioteca-judeteana-lucian-blaga-alba-la-alba-iulia\/#breadcrumb"},"inLanguage":"ro-RO","potentialAction":[{"@type":"ReadAction","target":["https:\/\/urbeamea.ro\/albaiulia\/mihail-sadoveanu-omagiat-de-biblioteca-judeteana-lucian-blaga-alba-la-alba-iulia\/"]}]},{"@type":"ImageObject","inLanguage":"ro-RO","@id":"https:\/\/urbeamea.ro\/albaiulia\/mihail-sadoveanu-omagiat-de-biblioteca-judeteana-lucian-blaga-alba-la-alba-iulia\/#primaryimage","url":"https:\/\/urbeamea.ro\/albaiulia\/wp-content\/uploads\/2023\/11\/800px-Mihail_Sadoveanu1.png","contentUrl":"https:\/\/urbeamea.ro\/albaiulia\/wp-content\/uploads\/2023\/11\/800px-Mihail_Sadoveanu1.png","width":800,"height":731},{"@type":"BreadcrumbList","@id":"https:\/\/urbeamea.ro\/albaiulia\/mihail-sadoveanu-omagiat-de-biblioteca-judeteana-lucian-blaga-alba-la-alba-iulia\/#breadcrumb","itemListElement":[{"@type":"ListItem","position":1,"name":"Prima pagin\u0103","item":"https:\/\/urbeamea.ro\/albaiulia\/"},{"@type":"ListItem","position":2,"name":"Mihail Sadoveanu omagiat de Biblioteca Jude\u021bean\u0103 \u201eLucian Blaga\u201d Alba, la Alba Iulia"}]},{"@type":"WebSite","@id":"https:\/\/urbeamea.ro\/albaiulia\/#website","url":"https:\/\/urbeamea.ro\/albaiulia\/","name":"Revista Urbea Mea, Stiri urbane","description":"Evenimente \u0219i \u0219tiri din Alba Iulia, Sebe\u0219, Aiud, Blaj","potentialAction":[{"@type":"SearchAction","target":{"@type":"EntryPoint","urlTemplate":"https:\/\/urbeamea.ro\/albaiulia\/?s={search_term_string}"},"query-input":{"@type":"PropertyValueSpecification","valueRequired":true,"valueName":"search_term_string"}}],"inLanguage":"ro-RO"},{"@type":"Person","@id":"https:\/\/urbeamea.ro\/albaiulia\/#\/schema\/person\/272ae98052f8ee8980f59848df070247","name":"Redac\u021bia UrbeaMea","image":{"@type":"ImageObject","inLanguage":"ro-RO","@id":"https:\/\/secure.gravatar.com\/avatar\/9ce5a9435071fa1037e8468053ead8e513dbbff59009d3069aadb85506d85a27?s=96&d=mm&r=g","url":"https:\/\/secure.gravatar.com\/avatar\/9ce5a9435071fa1037e8468053ead8e513dbbff59009d3069aadb85506d85a27?s=96&d=mm&r=g","contentUrl":"https:\/\/secure.gravatar.com\/avatar\/9ce5a9435071fa1037e8468053ead8e513dbbff59009d3069aadb85506d85a27?s=96&d=mm&r=g","caption":"Redac\u021bia UrbeaMea"},"description":"contact@urbeamea.ro","sameAs":["https:\/\/www.urbeamea.ro"],"url":"https:\/\/urbeamea.ro\/albaiulia\/author\/redactia-urbeamea\/"}]}},"_links":{"self":[{"href":"https:\/\/urbeamea.ro\/albaiulia\/wp-json\/wp\/v2\/posts\/109563","targetHints":{"allow":["GET"]}}],"collection":[{"href":"https:\/\/urbeamea.ro\/albaiulia\/wp-json\/wp\/v2\/posts"}],"about":[{"href":"https:\/\/urbeamea.ro\/albaiulia\/wp-json\/wp\/v2\/types\/post"}],"author":[{"embeddable":true,"href":"https:\/\/urbeamea.ro\/albaiulia\/wp-json\/wp\/v2\/users\/16"}],"replies":[{"embeddable":true,"href":"https:\/\/urbeamea.ro\/albaiulia\/wp-json\/wp\/v2\/comments?post=109563"}],"version-history":[{"count":1,"href":"https:\/\/urbeamea.ro\/albaiulia\/wp-json\/wp\/v2\/posts\/109563\/revisions"}],"predecessor-version":[{"id":109566,"href":"https:\/\/urbeamea.ro\/albaiulia\/wp-json\/wp\/v2\/posts\/109563\/revisions\/109566"}],"wp:featuredmedia":[{"embeddable":true,"href":"https:\/\/urbeamea.ro\/albaiulia\/wp-json\/wp\/v2\/media\/109567"}],"wp:attachment":[{"href":"https:\/\/urbeamea.ro\/albaiulia\/wp-json\/wp\/v2\/media?parent=109563"}],"wp:term":[{"taxonomy":"category","embeddable":true,"href":"https:\/\/urbeamea.ro\/albaiulia\/wp-json\/wp\/v2\/categories?post=109563"},{"taxonomy":"post_tag","embeddable":true,"href":"https:\/\/urbeamea.ro\/albaiulia\/wp-json\/wp\/v2\/tags?post=109563"}],"curies":[{"name":"wp","href":"https:\/\/api.w.org\/{rel}","templated":true}]}}