{"id":109568,"date":"2023-11-02T11:27:24","date_gmt":"2023-11-02T09:27:24","guid":{"rendered":"https:\/\/urbeamea.ro\/albaiulia\/?p=109568"},"modified":"2023-11-02T11:28:57","modified_gmt":"2023-11-02T09:28:57","slug":"inter-art-in-togo","status":"publish","type":"post","link":"https:\/\/urbeamea.ro\/albaiulia\/inter-art-in-togo\/","title":{"rendered":"Inter-Art \u00een Togo"},"content":{"rendered":"\n<p>Artistul aiudean Stefan Balog este singurul reprezentant al Rom\u00e2niei la Programul Interna\u0163ional de Reziden\u021b\u0103 pentru Arti\u0219ti KARP AiR 2023, care se va desf\u0103\u0219ura \u00een perioada 6-19 noiembrie 2023 la Atakpam\u00e9, Togo.<\/p>\n\n\n\n<p>Prestigiosul eveniment, aflat la cea de-a 7-a edi\u021bie, este organizat de Asocia\u021bia KARP, \u00een cooperare cu Ministerul Culturii din Togo \u015fi autorit\u0103\u0163ile locale din Atakpam\u00e9. Vor participa 24 de arti\u015fti interna\u0163ionali din diferite domenii de activitate: arti\u015fti plastici, muzicieni, actori \u015fi scriitori.<\/p>\n\n\n\n<p>Cu aceast\u0103 ocazie Funda\u0163ia Inter Art din Aiud va avea momentul s\u0103u special, prin organizarea unei expozi\u0163ii interncontinentale sub genericul UNITI PRIN ART\u0102. Este al doilea concept de expozi\u0163ie itinerant\u0103 ce propune s\u0103 prezinte o nou\u0103 serie de lucr\u0103ri din vasta colec\u0163ie de art\u0103 pe care o de\u0163ine funda\u0163ia aiudean\u0103.<\/p>\n\n\n\n<p>Expozi\u0163ia, special conceput\u0103 pentru evenimentul din Togo, va fi organizat\u0103 \u00een parteneriat cu Asociatia Karp \u015fi ceilal\u0163i organizatori locali \u015fi va fi vernisat\u0103 \u00een data de 7 noiembrie 2023 la Prim\u0103ria din Atakpam\u00e9, Togo. Vor fi expu\u015fi 70 de arti\u015fti reprezent\u00e2nd 70 de \u0163\u0103ri de pe 6 continente. Curator: Stefan Balog, pre\u015fedintele &nbsp;Funda\u0163iei Inter-Art<\/p>\n\n\n\n<p>Coordonator de proiect:Samuel Olou, fondatorul \u015fi directorul artistic al asocia\u0163iei KARP.<\/p>\n\n\n\n<blockquote class=\"wp-block-quote is-layout-flow wp-block-quote-is-layout-flow\">\n<p>Funda\u021bia Inter-Art propune acest proiect itinerant, UNITI PRIN ART\u0102, ca o alt\u0103 mare realizare \u00een care interculturalitatea va pune accent pe mesajul propus. Cred cu adev\u0103rat c\u0103 prin art\u0103 putem g\u0103si pacea \u0219i toleran\u021ba, putem construi pun\u021bi \u00eentre oameni \u0219i culturi \u0219i putem tr\u0103i un trai mai bun \u00eempreun\u0103.<\/p>\n<cite>\u0218tefan Balog<\/cite><\/blockquote>\n\n\n\n<figure class=\"wp-block-image size-large\"><img loading=\"lazy\" decoding=\"async\" width=\"914\" height=\"1280\" src=\"https:\/\/urbeamea.ro\/albaiulia\/wp-content\/uploads\/2023\/11\/expo-togo-web-prew2b-1-914x1280.jpg\" alt=\"\" class=\"wp-image-109569\" srcset=\"https:\/\/urbeamea.ro\/albaiulia\/wp-content\/uploads\/2023\/11\/expo-togo-web-prew2b-1-914x1280.jpg 914w, https:\/\/urbeamea.ro\/albaiulia\/wp-content\/uploads\/2023\/11\/expo-togo-web-prew2b-1-457x640.jpg 457w, https:\/\/urbeamea.ro\/albaiulia\/wp-content\/uploads\/2023\/11\/expo-togo-web-prew2b-1-107x150.jpg 107w, https:\/\/urbeamea.ro\/albaiulia\/wp-content\/uploads\/2023\/11\/expo-togo-web-prew2b-1-768x1075.jpg 768w, https:\/\/urbeamea.ro\/albaiulia\/wp-content\/uploads\/2023\/11\/expo-togo-web-prew2b-1-1097x1536.jpg 1097w, https:\/\/urbeamea.ro\/albaiulia\/wp-content\/uploads\/2023\/11\/expo-togo-web-prew2b-1.jpg 1143w\" sizes=\"auto, (max-width: 914px) 100vw, 914px\" \/><\/figure>\n","protected":false},"excerpt":{"rendered":"<p>Artistul aiudean Stefan Balog este singurul reprezentant al Rom\u00e2niei la Programul Interna\u0163ional de Reziden\u021b\u0103 pentru Arti\u0219ti KARP AiR 2023, care se va desf\u0103\u0219ura \u00een perioada 6-19 noiembrie 2023 la Atakpam\u00e9, Togo. Prestigiosul eveniment, aflat la cea de-a 7-a edi\u021bie, este organizat de Asocia\u021bia KARP, \u00een cooperare cu Ministerul Culturii din Togo \u015fi autorit\u0103\u0163ile locale din &hellip;<\/p>\n","protected":false},"author":16,"featured_media":109571,"comment_status":"open","ping_status":"open","sticky":false,"template":"","format":"standard","meta":{"inline_featured_image":false,"footnotes":""},"categories":[4],"tags":[23474,24920],"class_list":["post-109568","post","type-post","status-publish","format-standard","has-post-thumbnail","hentry","category-eveniment","tag-inter-art-aiud-2","tag-tago"],"yoast_head":"<!-- This site is optimized with the Yoast SEO plugin v27.4 - https:\/\/yoast.com\/product\/yoast-seo-wordpress\/ -->\n<title>Inter-Art \u00een Togo - Revista Urbea Mea - Revista de Alba<\/title>\n<meta name=\"description\" content=\"Artistul aiudean Stefan Balog este singurul reprezentant al Rom\u00e2niei la Programul Interna\u0163ional de Reziden\u021b\u0103 pentru Arti\u0219ti KARP AiR 2023, care se va\" \/>\n<meta name=\"robots\" content=\"index, follow, max-snippet:-1, max-image-preview:large, max-video-preview:-1\" \/>\n<link rel=\"canonical\" href=\"https:\/\/urbeamea.ro\/albaiulia\/inter-art-in-togo\/\" \/>\n<meta name=\"twitter:card\" content=\"summary_large_image\" \/>\n<meta name=\"twitter:title\" content=\"Inter-Art \u00een Togo - Revista Urbea Mea - Revista de Alba\" \/>\n<meta name=\"twitter:description\" content=\"Artistul aiudean Stefan Balog este singurul reprezentant al Rom\u00e2niei la Programul Interna\u0163ional de Reziden\u021b\u0103 pentru Arti\u0219ti KARP AiR 2023, care se va\" \/>\n<meta name=\"twitter:image\" content=\"https:\/\/urbeamea.ro\/albaiulia\/wp-content\/uploads\/2023\/11\/expo-togo-web-prew2b-1.png\" \/>\n<meta name=\"twitter:creator\" content=\"@urbeameaweb\" \/>\n<meta name=\"twitter:site\" content=\"@urbeameaweb\" \/>\n<script type=\"application\/ld+json\" class=\"yoast-schema-graph\">{\"@context\":\"https:\\\/\\\/schema.org\",\"@graph\":[{\"@type\":\"Article\",\"@id\":\"https:\\\/\\\/urbeamea.ro\\\/albaiulia\\\/inter-art-in-togo\\\/#article\",\"isPartOf\":{\"@id\":\"https:\\\/\\\/urbeamea.ro\\\/albaiulia\\\/inter-art-in-togo\\\/\"},\"author\":{\"name\":\"Redac\u021bia UrbeaMea\",\"@id\":\"https:\\\/\\\/urbeamea.ro\\\/albaiulia\\\/#\\\/schema\\\/person\\\/272ae98052f8ee8980f59848df070247\"},\"headline\":\"Inter-Art \u00een Togo\",\"datePublished\":\"2023-11-02T09:27:24+00:00\",\"dateModified\":\"2023-11-02T09:28:57+00:00\",\"mainEntityOfPage\":{\"@id\":\"https:\\\/\\\/urbeamea.ro\\\/albaiulia\\\/inter-art-in-togo\\\/\"},\"wordCount\":269,\"commentCount\":0,\"image\":{\"@id\":\"https:\\\/\\\/urbeamea.ro\\\/albaiulia\\\/inter-art-in-togo\\\/#primaryimage\"},\"thumbnailUrl\":\"https:\\\/\\\/urbeamea.ro\\\/albaiulia\\\/wp-content\\\/uploads\\\/2023\\\/11\\\/expo-togo-web-prew2b-1.png\",\"keywords\":[\"inter-art aiud\",\"tago\"],\"articleSection\":[\"Evenimente\"],\"inLanguage\":\"ro-RO\",\"potentialAction\":[{\"@type\":\"CommentAction\",\"name\":\"Comment\",\"target\":[\"https:\\\/\\\/urbeamea.ro\\\/albaiulia\\\/inter-art-in-togo\\\/#respond\"]}]},{\"@type\":\"WebPage\",\"@id\":\"https:\\\/\\\/urbeamea.ro\\\/albaiulia\\\/inter-art-in-togo\\\/\",\"url\":\"https:\\\/\\\/urbeamea.ro\\\/albaiulia\\\/inter-art-in-togo\\\/\",\"name\":\"Inter-Art \u00een Togo - Revista Urbea Mea - Revista de Alba\",\"isPartOf\":{\"@id\":\"https:\\\/\\\/urbeamea.ro\\\/albaiulia\\\/#website\"},\"primaryImageOfPage\":{\"@id\":\"https:\\\/\\\/urbeamea.ro\\\/albaiulia\\\/inter-art-in-togo\\\/#primaryimage\"},\"image\":{\"@id\":\"https:\\\/\\\/urbeamea.ro\\\/albaiulia\\\/inter-art-in-togo\\\/#primaryimage\"},\"thumbnailUrl\":\"https:\\\/\\\/urbeamea.ro\\\/albaiulia\\\/wp-content\\\/uploads\\\/2023\\\/11\\\/expo-togo-web-prew2b-1.png\",\"datePublished\":\"2023-11-02T09:27:24+00:00\",\"dateModified\":\"2023-11-02T09:28:57+00:00\",\"author\":{\"@id\":\"https:\\\/\\\/urbeamea.ro\\\/albaiulia\\\/#\\\/schema\\\/person\\\/272ae98052f8ee8980f59848df070247\"},\"description\":\"Artistul aiudean Stefan Balog este singurul reprezentant al Rom\u00e2niei la Programul Interna\u0163ional de Reziden\u021b\u0103 pentru Arti\u0219ti KARP AiR 2023, care se va\",\"breadcrumb\":{\"@id\":\"https:\\\/\\\/urbeamea.ro\\\/albaiulia\\\/inter-art-in-togo\\\/#breadcrumb\"},\"inLanguage\":\"ro-RO\",\"potentialAction\":[{\"@type\":\"ReadAction\",\"target\":[\"https:\\\/\\\/urbeamea.ro\\\/albaiulia\\\/inter-art-in-togo\\\/\"]}]},{\"@type\":\"ImageObject\",\"inLanguage\":\"ro-RO\",\"@id\":\"https:\\\/\\\/urbeamea.ro\\\/albaiulia\\\/inter-art-in-togo\\\/#primaryimage\",\"url\":\"https:\\\/\\\/urbeamea.ro\\\/albaiulia\\\/wp-content\\\/uploads\\\/2023\\\/11\\\/expo-togo-web-prew2b-1.png\",\"contentUrl\":\"https:\\\/\\\/urbeamea.ro\\\/albaiulia\\\/wp-content\\\/uploads\\\/2023\\\/11\\\/expo-togo-web-prew2b-1.png\",\"width\":1371,\"height\":843},{\"@type\":\"BreadcrumbList\",\"@id\":\"https:\\\/\\\/urbeamea.ro\\\/albaiulia\\\/inter-art-in-togo\\\/#breadcrumb\",\"itemListElement\":[{\"@type\":\"ListItem\",\"position\":1,\"name\":\"Prima pagin\u0103\",\"item\":\"https:\\\/\\\/urbeamea.ro\\\/albaiulia\\\/\"},{\"@type\":\"ListItem\",\"position\":2,\"name\":\"Inter-Art \u00een Togo\"}]},{\"@type\":\"WebSite\",\"@id\":\"https:\\\/\\\/urbeamea.ro\\\/albaiulia\\\/#website\",\"url\":\"https:\\\/\\\/urbeamea.ro\\\/albaiulia\\\/\",\"name\":\"Revista Urbea Mea, Stiri urbane\",\"description\":\"Evenimente \u0219i \u0219tiri din Alba Iulia, Sebe\u0219, Aiud, Blaj\",\"potentialAction\":[{\"@type\":\"SearchAction\",\"target\":{\"@type\":\"EntryPoint\",\"urlTemplate\":\"https:\\\/\\\/urbeamea.ro\\\/albaiulia\\\/?s={search_term_string}\"},\"query-input\":{\"@type\":\"PropertyValueSpecification\",\"valueRequired\":true,\"valueName\":\"search_term_string\"}}],\"inLanguage\":\"ro-RO\"},{\"@type\":\"Person\",\"@id\":\"https:\\\/\\\/urbeamea.ro\\\/albaiulia\\\/#\\\/schema\\\/person\\\/272ae98052f8ee8980f59848df070247\",\"name\":\"Redac\u021bia UrbeaMea\",\"image\":{\"@type\":\"ImageObject\",\"inLanguage\":\"ro-RO\",\"@id\":\"https:\\\/\\\/secure.gravatar.com\\\/avatar\\\/9ce5a9435071fa1037e8468053ead8e513dbbff59009d3069aadb85506d85a27?s=96&d=mm&r=g\",\"url\":\"https:\\\/\\\/secure.gravatar.com\\\/avatar\\\/9ce5a9435071fa1037e8468053ead8e513dbbff59009d3069aadb85506d85a27?s=96&d=mm&r=g\",\"contentUrl\":\"https:\\\/\\\/secure.gravatar.com\\\/avatar\\\/9ce5a9435071fa1037e8468053ead8e513dbbff59009d3069aadb85506d85a27?s=96&d=mm&r=g\",\"caption\":\"Redac\u021bia UrbeaMea\"},\"description\":\"contact@urbeamea.ro\",\"sameAs\":[\"https:\\\/\\\/www.urbeamea.ro\"],\"url\":\"https:\\\/\\\/urbeamea.ro\\\/albaiulia\\\/author\\\/redactia-urbeamea\\\/\"}]}<\/script>\n<!-- \/ Yoast SEO plugin. -->","yoast_head_json":{"title":"Inter-Art \u00een Togo - Revista Urbea Mea - Revista de Alba","description":"Artistul aiudean Stefan Balog este singurul reprezentant al Rom\u00e2niei la Programul Interna\u0163ional de Reziden\u021b\u0103 pentru Arti\u0219ti KARP AiR 2023, care se va","robots":{"index":"index","follow":"follow","max-snippet":"max-snippet:-1","max-image-preview":"max-image-preview:large","max-video-preview":"max-video-preview:-1"},"canonical":"https:\/\/urbeamea.ro\/albaiulia\/inter-art-in-togo\/","twitter_card":"summary_large_image","twitter_title":"Inter-Art \u00een Togo - Revista Urbea Mea - Revista de Alba","twitter_description":"Artistul aiudean Stefan Balog este singurul reprezentant al Rom\u00e2niei la Programul Interna\u0163ional de Reziden\u021b\u0103 pentru Arti\u0219ti KARP AiR 2023, care se va","twitter_image":"https:\/\/urbeamea.ro\/albaiulia\/wp-content\/uploads\/2023\/11\/expo-togo-web-prew2b-1.png","twitter_creator":"@urbeameaweb","twitter_site":"@urbeameaweb","schema":{"@context":"https:\/\/schema.org","@graph":[{"@type":"Article","@id":"https:\/\/urbeamea.ro\/albaiulia\/inter-art-in-togo\/#article","isPartOf":{"@id":"https:\/\/urbeamea.ro\/albaiulia\/inter-art-in-togo\/"},"author":{"name":"Redac\u021bia UrbeaMea","@id":"https:\/\/urbeamea.ro\/albaiulia\/#\/schema\/person\/272ae98052f8ee8980f59848df070247"},"headline":"Inter-Art \u00een Togo","datePublished":"2023-11-02T09:27:24+00:00","dateModified":"2023-11-02T09:28:57+00:00","mainEntityOfPage":{"@id":"https:\/\/urbeamea.ro\/albaiulia\/inter-art-in-togo\/"},"wordCount":269,"commentCount":0,"image":{"@id":"https:\/\/urbeamea.ro\/albaiulia\/inter-art-in-togo\/#primaryimage"},"thumbnailUrl":"https:\/\/urbeamea.ro\/albaiulia\/wp-content\/uploads\/2023\/11\/expo-togo-web-prew2b-1.png","keywords":["inter-art aiud","tago"],"articleSection":["Evenimente"],"inLanguage":"ro-RO","potentialAction":[{"@type":"CommentAction","name":"Comment","target":["https:\/\/urbeamea.ro\/albaiulia\/inter-art-in-togo\/#respond"]}]},{"@type":"WebPage","@id":"https:\/\/urbeamea.ro\/albaiulia\/inter-art-in-togo\/","url":"https:\/\/urbeamea.ro\/albaiulia\/inter-art-in-togo\/","name":"Inter-Art \u00een Togo - Revista Urbea Mea - Revista de Alba","isPartOf":{"@id":"https:\/\/urbeamea.ro\/albaiulia\/#website"},"primaryImageOfPage":{"@id":"https:\/\/urbeamea.ro\/albaiulia\/inter-art-in-togo\/#primaryimage"},"image":{"@id":"https:\/\/urbeamea.ro\/albaiulia\/inter-art-in-togo\/#primaryimage"},"thumbnailUrl":"https:\/\/urbeamea.ro\/albaiulia\/wp-content\/uploads\/2023\/11\/expo-togo-web-prew2b-1.png","datePublished":"2023-11-02T09:27:24+00:00","dateModified":"2023-11-02T09:28:57+00:00","author":{"@id":"https:\/\/urbeamea.ro\/albaiulia\/#\/schema\/person\/272ae98052f8ee8980f59848df070247"},"description":"Artistul aiudean Stefan Balog este singurul reprezentant al Rom\u00e2niei la Programul Interna\u0163ional de Reziden\u021b\u0103 pentru Arti\u0219ti KARP AiR 2023, care se va","breadcrumb":{"@id":"https:\/\/urbeamea.ro\/albaiulia\/inter-art-in-togo\/#breadcrumb"},"inLanguage":"ro-RO","potentialAction":[{"@type":"ReadAction","target":["https:\/\/urbeamea.ro\/albaiulia\/inter-art-in-togo\/"]}]},{"@type":"ImageObject","inLanguage":"ro-RO","@id":"https:\/\/urbeamea.ro\/albaiulia\/inter-art-in-togo\/#primaryimage","url":"https:\/\/urbeamea.ro\/albaiulia\/wp-content\/uploads\/2023\/11\/expo-togo-web-prew2b-1.png","contentUrl":"https:\/\/urbeamea.ro\/albaiulia\/wp-content\/uploads\/2023\/11\/expo-togo-web-prew2b-1.png","width":1371,"height":843},{"@type":"BreadcrumbList","@id":"https:\/\/urbeamea.ro\/albaiulia\/inter-art-in-togo\/#breadcrumb","itemListElement":[{"@type":"ListItem","position":1,"name":"Prima pagin\u0103","item":"https:\/\/urbeamea.ro\/albaiulia\/"},{"@type":"ListItem","position":2,"name":"Inter-Art \u00een Togo"}]},{"@type":"WebSite","@id":"https:\/\/urbeamea.ro\/albaiulia\/#website","url":"https:\/\/urbeamea.ro\/albaiulia\/","name":"Revista Urbea Mea, Stiri urbane","description":"Evenimente \u0219i \u0219tiri din Alba Iulia, Sebe\u0219, Aiud, Blaj","potentialAction":[{"@type":"SearchAction","target":{"@type":"EntryPoint","urlTemplate":"https:\/\/urbeamea.ro\/albaiulia\/?s={search_term_string}"},"query-input":{"@type":"PropertyValueSpecification","valueRequired":true,"valueName":"search_term_string"}}],"inLanguage":"ro-RO"},{"@type":"Person","@id":"https:\/\/urbeamea.ro\/albaiulia\/#\/schema\/person\/272ae98052f8ee8980f59848df070247","name":"Redac\u021bia UrbeaMea","image":{"@type":"ImageObject","inLanguage":"ro-RO","@id":"https:\/\/secure.gravatar.com\/avatar\/9ce5a9435071fa1037e8468053ead8e513dbbff59009d3069aadb85506d85a27?s=96&d=mm&r=g","url":"https:\/\/secure.gravatar.com\/avatar\/9ce5a9435071fa1037e8468053ead8e513dbbff59009d3069aadb85506d85a27?s=96&d=mm&r=g","contentUrl":"https:\/\/secure.gravatar.com\/avatar\/9ce5a9435071fa1037e8468053ead8e513dbbff59009d3069aadb85506d85a27?s=96&d=mm&r=g","caption":"Redac\u021bia UrbeaMea"},"description":"contact@urbeamea.ro","sameAs":["https:\/\/www.urbeamea.ro"],"url":"https:\/\/urbeamea.ro\/albaiulia\/author\/redactia-urbeamea\/"}]}},"_links":{"self":[{"href":"https:\/\/urbeamea.ro\/albaiulia\/wp-json\/wp\/v2\/posts\/109568","targetHints":{"allow":["GET"]}}],"collection":[{"href":"https:\/\/urbeamea.ro\/albaiulia\/wp-json\/wp\/v2\/posts"}],"about":[{"href":"https:\/\/urbeamea.ro\/albaiulia\/wp-json\/wp\/v2\/types\/post"}],"author":[{"embeddable":true,"href":"https:\/\/urbeamea.ro\/albaiulia\/wp-json\/wp\/v2\/users\/16"}],"replies":[{"embeddable":true,"href":"https:\/\/urbeamea.ro\/albaiulia\/wp-json\/wp\/v2\/comments?post=109568"}],"version-history":[{"count":2,"href":"https:\/\/urbeamea.ro\/albaiulia\/wp-json\/wp\/v2\/posts\/109568\/revisions"}],"predecessor-version":[{"id":109572,"href":"https:\/\/urbeamea.ro\/albaiulia\/wp-json\/wp\/v2\/posts\/109568\/revisions\/109572"}],"wp:featuredmedia":[{"embeddable":true,"href":"https:\/\/urbeamea.ro\/albaiulia\/wp-json\/wp\/v2\/media\/109571"}],"wp:attachment":[{"href":"https:\/\/urbeamea.ro\/albaiulia\/wp-json\/wp\/v2\/media?parent=109568"}],"wp:term":[{"taxonomy":"category","embeddable":true,"href":"https:\/\/urbeamea.ro\/albaiulia\/wp-json\/wp\/v2\/categories?post=109568"},{"taxonomy":"post_tag","embeddable":true,"href":"https:\/\/urbeamea.ro\/albaiulia\/wp-json\/wp\/v2\/tags?post=109568"}],"curies":[{"name":"wp","href":"https:\/\/api.w.org\/{rel}","templated":true}]}}