{"id":109580,"date":"2023-11-06T11:08:57","date_gmt":"2023-11-06T09:08:57","guid":{"rendered":"https:\/\/urbeamea.ro\/albaiulia\/?p=109580"},"modified":"2023-11-06T11:08:59","modified_gmt":"2023-11-06T09:08:59","slug":"teatrul-de-papusi-prichindel-din-alba-iulia-este-invitat-sa-participe-la-gala-aniversara-impuls-tandarica-78-de-ani-cu-cortina-ridicata","status":"publish","type":"post","link":"https:\/\/urbeamea.ro\/albaiulia\/teatrul-de-papusi-prichindel-din-alba-iulia-este-invitat-sa-participe-la-gala-aniversara-impuls-tandarica-78-de-ani-cu-cortina-ridicata\/","title":{"rendered":"Teatrul de P\u0103pu\u0219i \u201ePrichindel\u201d din Alba Iulia este invitat s\u0103 participe la \u201eGala Aniversar\u0103 ImPuls \u021a\u0103nd\u0103ric\u0103 \u2013 78 de ani cu cortina ridicat\u0103\u201d"},"content":{"rendered":"\n<p>Aceast\u0103 gal\u0103 are caracter competitiv, spectacolele intr\u00e2nd \u00een aten\u021bia unui juriu de specialitate, format din: Doina Papp, Mihaela Michailov \u0219i Octavian Szalad.<\/p>\n\n\n\n<p>A\u0219adar, \u00een data de <strong>6 noiembrie 2023, de la orele 10:00<\/strong>, <strong>Teatrul de P\u0103pu\u0219i \u201ePrichindel\u201d va sus\u021bine la Sala \u021a\u0103nd\u0103ric\u0103, Bucure\u0219ti, spectacolul \u201eHansel &amp; Gretel \u2013 o poveste urban\u0103\u201d, regia Ana Cr\u0103ciun Lambru.<\/strong><\/p>\n\n\n\n<p>\u201e<em>Hansel si Gretel<\/em> este o adaptare \u00een versuri dup\u0103 povestea clasic\u0103, care pune \u00een scen\u0103, cu umor \u0219i c\u00e2ntec, teme de actualitate din societatea noastr\u0103. \u00cen povestea reinterpretat\u0103, cei doi copii provin dintr-o familie s\u0103rac\u0103 \u0219i locuiesc \u00eentr-un cartier m\u0103rgina\u0219 al unui mare ora\u0219. V\u0103z\u00e2nd greut\u0103\u021bile p\u0103rin\u021bilor lor de a pune m\u00e2ncare pe mas\u0103, ei hot\u0103r\u0103sc s\u0103 porneasc\u0103 \u00een aventur\u0103 prin ora\u0219 ca s\u0103 g\u0103seasc\u0103 de m\u00e2ncare \u0219i s\u0103 \u00eei scape pe ace\u0219tia de grija de a le asigura hrana. \u00cen c\u0103l\u0103toria lor se \u00eent\u00e2lnesc cu personaje haioase \u0219i au parte de mici lec\u021bii de via\u021b\u0103. C\u00e2nd firimiturile pres\u0103rate pe strad\u0103 sunt ciugulite de vr\u0103biu\u021be \u0219i copiii nu mai g\u0103sesc drumul spre cas\u0103, Poli\u021bistul zelos \u00eei duce la C\u0103su\u021ba de Turt\u0103 Dulce &#8211; un orfelinat cum n-au mai visat. Aici, misterioasa Doamn\u0103 Vrajb\u0103 le ofer\u0103 o mas\u0103 \u0219i&#8230; via\u021ba lor ia o \u00eentors\u0103tur\u0103 ciudat\u0103.&nbsp;<\/p>\n\n\n\n<p>Spectacolul este inspirat de misiunea Funda\u021biei Hope and Homes for Children, care \u0219i-a propus s\u0103 transforme toate centrele de plasament din \u021bar\u0103 \u00een Centre de Bine \u0219i Case Familiale, pentru a preveni separarea copiilor de familie \u0219i a asigura reintegrarea acestora \u00een societate.\u201d \u2013 Ana Cr\u0103ciun Lambru, regizor<\/p>\n\n\n\n<p><strong>HANSEL &amp; GRETEL \u2013 o poveste urban\u0103<\/strong><\/p>\n\n\n\n<p><strong>Scenariul: <\/strong>Ana Cr\u0103ciun Lambru dup\u0103 basmul<strong> <\/strong>Fra\u021bilor Grimm<\/p>\n\n\n\n<p><strong>Regia: <\/strong>Ana Cr\u0103ciun Lambru<\/p>\n\n\n\n<p><strong>Scenografie p\u0103pu\u0219i \u0219i costume:<\/strong> &nbsp;Alexandra Budianu<\/p>\n\n\n\n<p><strong>Scenografie decor:<\/strong> Elena Iorga<\/p>\n\n\n\n<p><strong>Muzica: <\/strong>C\u00e1ri Tibor<\/p>\n\n\n\n<p><strong>Distribu\u021bia: <\/strong>Ioana Bog\u0103\u021ban, M\u0103d\u0103lin Costea, Irina Melnic, C\u0103t\u0103lina Mih\u0103il\u0103, Ramona Benchea Mincu, Iulian Costea&nbsp;<\/p>\n\n\n\n<p><strong>Asistent regie: <\/strong>Elena Madaras<strong>&nbsp;&nbsp;&nbsp;&nbsp;&nbsp;&nbsp;&nbsp;&nbsp;&nbsp;&nbsp;&nbsp;&nbsp;&nbsp;&nbsp;&nbsp;&nbsp;&nbsp;&nbsp;&nbsp;<\/strong><\/p>\n\n\n\n<p><strong>Produc\u021bie p\u0103pu\u0219i \u0219i decor: <\/strong>Free Puppet Theatre<\/p>\n\n\n\n<p><strong>Lumini:<\/strong> C\u0103lin Popa<\/p>\n\n\n\n<p><strong>Sunet:<\/strong> Florin Andrea<\/p>\n\n\n\n<p><strong>Ma\u0219ini\u0219ti:<\/strong> Gheorghe Ha\u021began, Florin Badiu<\/p>\n\n\n\n<p><strong>Manager: <\/strong>Ioana Bog\u0103\u021ban<\/p>\n\n\n\n<figure class=\"wp-block-gallery has-nested-images columns-default is-cropped wp-block-gallery-1 is-layout-flex wp-block-gallery-is-layout-flex\">\n<figure class=\"wp-block-image size-large\"><a href=\"https:\/\/urbeamea.ro\/albaiulia\/wp-content\/uploads\/2023\/11\/afis-5.jpg\"><img loading=\"lazy\" decoding=\"async\" width=\"720\" height=\"1280\" data-id=\"109581\" src=\"https:\/\/urbeamea.ro\/albaiulia\/wp-content\/uploads\/2023\/11\/afis-5-720x1280.jpg\" alt=\"\" class=\"wp-image-109581\" srcset=\"https:\/\/urbeamea.ro\/albaiulia\/wp-content\/uploads\/2023\/11\/afis-5-720x1280.jpg 720w, https:\/\/urbeamea.ro\/albaiulia\/wp-content\/uploads\/2023\/11\/afis-5-360x640.jpg 360w, https:\/\/urbeamea.ro\/albaiulia\/wp-content\/uploads\/2023\/11\/afis-5-84x150.jpg 84w, https:\/\/urbeamea.ro\/albaiulia\/wp-content\/uploads\/2023\/11\/afis-5-768x1365.jpg 768w, https:\/\/urbeamea.ro\/albaiulia\/wp-content\/uploads\/2023\/11\/afis-5-864x1536.jpg 864w, https:\/\/urbeamea.ro\/albaiulia\/wp-content\/uploads\/2023\/11\/afis-5.jpg 900w\" sizes=\"auto, (max-width: 720px) 100vw, 720px\" \/><\/a><\/figure>\n\n\n\n<figure class=\"wp-block-image size-large\"><a href=\"https:\/\/urbeamea.ro\/albaiulia\/wp-content\/uploads\/2023\/11\/hansel-si-gretel.jpg\"><img loading=\"lazy\" decoding=\"async\" width=\"905\" height=\"1280\" data-id=\"109582\" src=\"https:\/\/urbeamea.ro\/albaiulia\/wp-content\/uploads\/2023\/11\/hansel-si-gretel-905x1280.jpg\" alt=\"\" class=\"wp-image-109582\" srcset=\"https:\/\/urbeamea.ro\/albaiulia\/wp-content\/uploads\/2023\/11\/hansel-si-gretel-905x1280.jpg 905w, https:\/\/urbeamea.ro\/albaiulia\/wp-content\/uploads\/2023\/11\/hansel-si-gretel-452x640.jpg 452w, https:\/\/urbeamea.ro\/albaiulia\/wp-content\/uploads\/2023\/11\/hansel-si-gretel-106x150.jpg 106w, https:\/\/urbeamea.ro\/albaiulia\/wp-content\/uploads\/2023\/11\/hansel-si-gretel-768x1086.jpg 768w, https:\/\/urbeamea.ro\/albaiulia\/wp-content\/uploads\/2023\/11\/hansel-si-gretel-1086x1536.jpg 1086w, https:\/\/urbeamea.ro\/albaiulia\/wp-content\/uploads\/2023\/11\/hansel-si-gretel.jpg 1131w\" sizes=\"auto, (max-width: 905px) 100vw, 905px\" \/><\/a><\/figure>\n<\/figure>\n","protected":false},"excerpt":{"rendered":"<p>Aceast\u0103 gal\u0103 are caracter competitiv, spectacolele intr\u00e2nd \u00een aten\u021bia unui juriu de specialitate, format din: Doina Papp, Mihaela Michailov \u0219i Octavian Szalad. A\u0219adar, \u00een data de 6 noiembrie 2023, de la orele 10:00, Teatrul de P\u0103pu\u0219i \u201ePrichindel\u201d va sus\u021bine la Sala \u021a\u0103nd\u0103ric\u0103, Bucure\u0219ti, spectacolul \u201eHansel &amp; Gretel \u2013 o poveste urban\u0103\u201d, regia Ana Cr\u0103ciun Lambru. &hellip;<\/p>\n","protected":false},"author":16,"featured_media":109583,"comment_status":"open","ping_status":"open","sticky":false,"template":"","format":"standard","meta":{"inline_featured_image":false,"footnotes":""},"categories":[4],"tags":[17177],"class_list":["post-109580","post","type-post","status-publish","format-standard","has-post-thumbnail","hentry","category-eveniment","tag-teatrul-de-papusi-prichindel-2"],"yoast_head":"<!-- This site is optimized with the Yoast SEO plugin v27.4 - https:\/\/yoast.com\/product\/yoast-seo-wordpress\/ -->\n<title>Teatrul de P\u0103pu\u0219i \u201ePrichindel\u201d din Alba Iulia este invitat s\u0103 participe la \u201eGala Aniversar\u0103 ImPuls \u021a\u0103nd\u0103ric\u0103 \u2013 78 de ani cu cortina ridicat\u0103\u201d - Revista Urbea Mea - Revista de Alba<\/title>\n<meta name=\"description\" content=\"Aceast\u0103 gal\u0103 are caracter competitiv, spectacolele intr\u00e2nd \u00een aten\u021bia unui juriu de specialitate, format din: Doina Papp, Mihaela Michailov \u0219i Octavian\" \/>\n<meta name=\"robots\" content=\"index, follow, max-snippet:-1, max-image-preview:large, max-video-preview:-1\" \/>\n<link rel=\"canonical\" href=\"https:\/\/urbeamea.ro\/albaiulia\/teatrul-de-papusi-prichindel-din-alba-iulia-este-invitat-sa-participe-la-gala-aniversara-impuls-tandarica-78-de-ani-cu-cortina-ridicata\/\" \/>\n<meta name=\"twitter:card\" content=\"summary_large_image\" \/>\n<meta name=\"twitter:title\" content=\"Teatrul de P\u0103pu\u0219i \u201ePrichindel\u201d din Alba Iulia este invitat s\u0103 participe la \u201eGala Aniversar\u0103 ImPuls \u021a\u0103nd\u0103ric\u0103 \u2013 78 de ani cu cortina ridicat\u0103\u201d - Revista Urbea Mea - Revista de Alba\" \/>\n<meta name=\"twitter:description\" content=\"Aceast\u0103 gal\u0103 are caracter competitiv, spectacolele intr\u00e2nd \u00een aten\u021bia unui juriu de specialitate, format din: Doina Papp, Mihaela Michailov \u0219i Octavian\" \/>\n<meta name=\"twitter:image\" content=\"https:\/\/urbeamea.ro\/albaiulia\/wp-content\/uploads\/2023\/11\/16.jpg\" \/>\n<meta name=\"twitter:creator\" content=\"@urbeameaweb\" \/>\n<meta name=\"twitter:site\" content=\"@urbeameaweb\" \/>\n<script type=\"application\/ld+json\" class=\"yoast-schema-graph\">{\"@context\":\"https:\\\/\\\/schema.org\",\"@graph\":[{\"@type\":\"Article\",\"@id\":\"https:\\\/\\\/urbeamea.ro\\\/albaiulia\\\/teatrul-de-papusi-prichindel-din-alba-iulia-este-invitat-sa-participe-la-gala-aniversara-impuls-tandarica-78-de-ani-cu-cortina-ridicata\\\/#article\",\"isPartOf\":{\"@id\":\"https:\\\/\\\/urbeamea.ro\\\/albaiulia\\\/teatrul-de-papusi-prichindel-din-alba-iulia-este-invitat-sa-participe-la-gala-aniversara-impuls-tandarica-78-de-ani-cu-cortina-ridicata\\\/\"},\"author\":{\"name\":\"Redac\u021bia UrbeaMea\",\"@id\":\"https:\\\/\\\/urbeamea.ro\\\/albaiulia\\\/#\\\/schema\\\/person\\\/272ae98052f8ee8980f59848df070247\"},\"headline\":\"Teatrul de P\u0103pu\u0219i \u201ePrichindel\u201d din Alba Iulia este invitat s\u0103 participe la \u201eGala Aniversar\u0103 ImPuls \u021a\u0103nd\u0103ric\u0103 \u2013 78 de ani cu cortina ridicat\u0103\u201d\",\"datePublished\":\"2023-11-06T09:08:57+00:00\",\"dateModified\":\"2023-11-06T09:08:59+00:00\",\"mainEntityOfPage\":{\"@id\":\"https:\\\/\\\/urbeamea.ro\\\/albaiulia\\\/teatrul-de-papusi-prichindel-din-alba-iulia-este-invitat-sa-participe-la-gala-aniversara-impuls-tandarica-78-de-ani-cu-cortina-ridicata\\\/\"},\"wordCount\":418,\"commentCount\":0,\"image\":{\"@id\":\"https:\\\/\\\/urbeamea.ro\\\/albaiulia\\\/teatrul-de-papusi-prichindel-din-alba-iulia-este-invitat-sa-participe-la-gala-aniversara-impuls-tandarica-78-de-ani-cu-cortina-ridicata\\\/#primaryimage\"},\"thumbnailUrl\":\"https:\\\/\\\/urbeamea.ro\\\/albaiulia\\\/wp-content\\\/uploads\\\/2023\\\/11\\\/16.jpg\",\"keywords\":[\"teatrul de papusi prichindel\"],\"articleSection\":[\"Evenimente\"],\"inLanguage\":\"ro-RO\",\"potentialAction\":[{\"@type\":\"CommentAction\",\"name\":\"Comment\",\"target\":[\"https:\\\/\\\/urbeamea.ro\\\/albaiulia\\\/teatrul-de-papusi-prichindel-din-alba-iulia-este-invitat-sa-participe-la-gala-aniversara-impuls-tandarica-78-de-ani-cu-cortina-ridicata\\\/#respond\"]}]},{\"@type\":\"WebPage\",\"@id\":\"https:\\\/\\\/urbeamea.ro\\\/albaiulia\\\/teatrul-de-papusi-prichindel-din-alba-iulia-este-invitat-sa-participe-la-gala-aniversara-impuls-tandarica-78-de-ani-cu-cortina-ridicata\\\/\",\"url\":\"https:\\\/\\\/urbeamea.ro\\\/albaiulia\\\/teatrul-de-papusi-prichindel-din-alba-iulia-este-invitat-sa-participe-la-gala-aniversara-impuls-tandarica-78-de-ani-cu-cortina-ridicata\\\/\",\"name\":\"Teatrul de P\u0103pu\u0219i \u201ePrichindel\u201d din Alba Iulia este invitat s\u0103 participe la \u201eGala Aniversar\u0103 ImPuls \u021a\u0103nd\u0103ric\u0103 \u2013 78 de ani cu cortina ridicat\u0103\u201d - Revista Urbea Mea - Revista de Alba\",\"isPartOf\":{\"@id\":\"https:\\\/\\\/urbeamea.ro\\\/albaiulia\\\/#website\"},\"primaryImageOfPage\":{\"@id\":\"https:\\\/\\\/urbeamea.ro\\\/albaiulia\\\/teatrul-de-papusi-prichindel-din-alba-iulia-este-invitat-sa-participe-la-gala-aniversara-impuls-tandarica-78-de-ani-cu-cortina-ridicata\\\/#primaryimage\"},\"image\":{\"@id\":\"https:\\\/\\\/urbeamea.ro\\\/albaiulia\\\/teatrul-de-papusi-prichindel-din-alba-iulia-este-invitat-sa-participe-la-gala-aniversara-impuls-tandarica-78-de-ani-cu-cortina-ridicata\\\/#primaryimage\"},\"thumbnailUrl\":\"https:\\\/\\\/urbeamea.ro\\\/albaiulia\\\/wp-content\\\/uploads\\\/2023\\\/11\\\/16.jpg\",\"datePublished\":\"2023-11-06T09:08:57+00:00\",\"dateModified\":\"2023-11-06T09:08:59+00:00\",\"author\":{\"@id\":\"https:\\\/\\\/urbeamea.ro\\\/albaiulia\\\/#\\\/schema\\\/person\\\/272ae98052f8ee8980f59848df070247\"},\"description\":\"Aceast\u0103 gal\u0103 are caracter competitiv, spectacolele intr\u00e2nd \u00een aten\u021bia unui juriu de specialitate, format din: Doina Papp, Mihaela Michailov \u0219i Octavian\",\"breadcrumb\":{\"@id\":\"https:\\\/\\\/urbeamea.ro\\\/albaiulia\\\/teatrul-de-papusi-prichindel-din-alba-iulia-este-invitat-sa-participe-la-gala-aniversara-impuls-tandarica-78-de-ani-cu-cortina-ridicata\\\/#breadcrumb\"},\"inLanguage\":\"ro-RO\",\"potentialAction\":[{\"@type\":\"ReadAction\",\"target\":[\"https:\\\/\\\/urbeamea.ro\\\/albaiulia\\\/teatrul-de-papusi-prichindel-din-alba-iulia-este-invitat-sa-participe-la-gala-aniversara-impuls-tandarica-78-de-ani-cu-cortina-ridicata\\\/\"]}]},{\"@type\":\"ImageObject\",\"inLanguage\":\"ro-RO\",\"@id\":\"https:\\\/\\\/urbeamea.ro\\\/albaiulia\\\/teatrul-de-papusi-prichindel-din-alba-iulia-este-invitat-sa-participe-la-gala-aniversara-impuls-tandarica-78-de-ani-cu-cortina-ridicata\\\/#primaryimage\",\"url\":\"https:\\\/\\\/urbeamea.ro\\\/albaiulia\\\/wp-content\\\/uploads\\\/2023\\\/11\\\/16.jpg\",\"contentUrl\":\"https:\\\/\\\/urbeamea.ro\\\/albaiulia\\\/wp-content\\\/uploads\\\/2023\\\/11\\\/16.jpg\",\"width\":1024,\"height\":683},{\"@type\":\"BreadcrumbList\",\"@id\":\"https:\\\/\\\/urbeamea.ro\\\/albaiulia\\\/teatrul-de-papusi-prichindel-din-alba-iulia-este-invitat-sa-participe-la-gala-aniversara-impuls-tandarica-78-de-ani-cu-cortina-ridicata\\\/#breadcrumb\",\"itemListElement\":[{\"@type\":\"ListItem\",\"position\":1,\"name\":\"Prima pagin\u0103\",\"item\":\"https:\\\/\\\/urbeamea.ro\\\/albaiulia\\\/\"},{\"@type\":\"ListItem\",\"position\":2,\"name\":\"Teatrul de P\u0103pu\u0219i \u201ePrichindel\u201d din Alba Iulia este invitat s\u0103 participe la \u201eGala Aniversar\u0103 ImPuls \u021a\u0103nd\u0103ric\u0103 \u2013 78 de ani cu cortina ridicat\u0103\u201d\"}]},{\"@type\":\"WebSite\",\"@id\":\"https:\\\/\\\/urbeamea.ro\\\/albaiulia\\\/#website\",\"url\":\"https:\\\/\\\/urbeamea.ro\\\/albaiulia\\\/\",\"name\":\"Revista Urbea Mea, Stiri urbane\",\"description\":\"Evenimente \u0219i \u0219tiri din Alba Iulia, Sebe\u0219, Aiud, Blaj\",\"potentialAction\":[{\"@type\":\"SearchAction\",\"target\":{\"@type\":\"EntryPoint\",\"urlTemplate\":\"https:\\\/\\\/urbeamea.ro\\\/albaiulia\\\/?s={search_term_string}\"},\"query-input\":{\"@type\":\"PropertyValueSpecification\",\"valueRequired\":true,\"valueName\":\"search_term_string\"}}],\"inLanguage\":\"ro-RO\"},{\"@type\":\"Person\",\"@id\":\"https:\\\/\\\/urbeamea.ro\\\/albaiulia\\\/#\\\/schema\\\/person\\\/272ae98052f8ee8980f59848df070247\",\"name\":\"Redac\u021bia UrbeaMea\",\"image\":{\"@type\":\"ImageObject\",\"inLanguage\":\"ro-RO\",\"@id\":\"https:\\\/\\\/secure.gravatar.com\\\/avatar\\\/9ce5a9435071fa1037e8468053ead8e513dbbff59009d3069aadb85506d85a27?s=96&d=mm&r=g\",\"url\":\"https:\\\/\\\/secure.gravatar.com\\\/avatar\\\/9ce5a9435071fa1037e8468053ead8e513dbbff59009d3069aadb85506d85a27?s=96&d=mm&r=g\",\"contentUrl\":\"https:\\\/\\\/secure.gravatar.com\\\/avatar\\\/9ce5a9435071fa1037e8468053ead8e513dbbff59009d3069aadb85506d85a27?s=96&d=mm&r=g\",\"caption\":\"Redac\u021bia UrbeaMea\"},\"description\":\"contact@urbeamea.ro\",\"sameAs\":[\"https:\\\/\\\/www.urbeamea.ro\"],\"url\":\"https:\\\/\\\/urbeamea.ro\\\/albaiulia\\\/author\\\/redactia-urbeamea\\\/\"}]}<\/script>\n<!-- \/ Yoast SEO plugin. -->","yoast_head_json":{"title":"Teatrul de P\u0103pu\u0219i \u201ePrichindel\u201d din Alba Iulia este invitat s\u0103 participe la \u201eGala Aniversar\u0103 ImPuls \u021a\u0103nd\u0103ric\u0103 \u2013 78 de ani cu cortina ridicat\u0103\u201d - Revista Urbea Mea - Revista de Alba","description":"Aceast\u0103 gal\u0103 are caracter competitiv, spectacolele intr\u00e2nd \u00een aten\u021bia unui juriu de specialitate, format din: Doina Papp, Mihaela Michailov \u0219i Octavian","robots":{"index":"index","follow":"follow","max-snippet":"max-snippet:-1","max-image-preview":"max-image-preview:large","max-video-preview":"max-video-preview:-1"},"canonical":"https:\/\/urbeamea.ro\/albaiulia\/teatrul-de-papusi-prichindel-din-alba-iulia-este-invitat-sa-participe-la-gala-aniversara-impuls-tandarica-78-de-ani-cu-cortina-ridicata\/","twitter_card":"summary_large_image","twitter_title":"Teatrul de P\u0103pu\u0219i \u201ePrichindel\u201d din Alba Iulia este invitat s\u0103 participe la \u201eGala Aniversar\u0103 ImPuls \u021a\u0103nd\u0103ric\u0103 \u2013 78 de ani cu cortina ridicat\u0103\u201d - Revista Urbea Mea - Revista de Alba","twitter_description":"Aceast\u0103 gal\u0103 are caracter competitiv, spectacolele intr\u00e2nd \u00een aten\u021bia unui juriu de specialitate, format din: Doina Papp, Mihaela Michailov \u0219i Octavian","twitter_image":"https:\/\/urbeamea.ro\/albaiulia\/wp-content\/uploads\/2023\/11\/16.jpg","twitter_creator":"@urbeameaweb","twitter_site":"@urbeameaweb","schema":{"@context":"https:\/\/schema.org","@graph":[{"@type":"Article","@id":"https:\/\/urbeamea.ro\/albaiulia\/teatrul-de-papusi-prichindel-din-alba-iulia-este-invitat-sa-participe-la-gala-aniversara-impuls-tandarica-78-de-ani-cu-cortina-ridicata\/#article","isPartOf":{"@id":"https:\/\/urbeamea.ro\/albaiulia\/teatrul-de-papusi-prichindel-din-alba-iulia-este-invitat-sa-participe-la-gala-aniversara-impuls-tandarica-78-de-ani-cu-cortina-ridicata\/"},"author":{"name":"Redac\u021bia UrbeaMea","@id":"https:\/\/urbeamea.ro\/albaiulia\/#\/schema\/person\/272ae98052f8ee8980f59848df070247"},"headline":"Teatrul de P\u0103pu\u0219i \u201ePrichindel\u201d din Alba Iulia este invitat s\u0103 participe la \u201eGala Aniversar\u0103 ImPuls \u021a\u0103nd\u0103ric\u0103 \u2013 78 de ani cu cortina ridicat\u0103\u201d","datePublished":"2023-11-06T09:08:57+00:00","dateModified":"2023-11-06T09:08:59+00:00","mainEntityOfPage":{"@id":"https:\/\/urbeamea.ro\/albaiulia\/teatrul-de-papusi-prichindel-din-alba-iulia-este-invitat-sa-participe-la-gala-aniversara-impuls-tandarica-78-de-ani-cu-cortina-ridicata\/"},"wordCount":418,"commentCount":0,"image":{"@id":"https:\/\/urbeamea.ro\/albaiulia\/teatrul-de-papusi-prichindel-din-alba-iulia-este-invitat-sa-participe-la-gala-aniversara-impuls-tandarica-78-de-ani-cu-cortina-ridicata\/#primaryimage"},"thumbnailUrl":"https:\/\/urbeamea.ro\/albaiulia\/wp-content\/uploads\/2023\/11\/16.jpg","keywords":["teatrul de papusi prichindel"],"articleSection":["Evenimente"],"inLanguage":"ro-RO","potentialAction":[{"@type":"CommentAction","name":"Comment","target":["https:\/\/urbeamea.ro\/albaiulia\/teatrul-de-papusi-prichindel-din-alba-iulia-este-invitat-sa-participe-la-gala-aniversara-impuls-tandarica-78-de-ani-cu-cortina-ridicata\/#respond"]}]},{"@type":"WebPage","@id":"https:\/\/urbeamea.ro\/albaiulia\/teatrul-de-papusi-prichindel-din-alba-iulia-este-invitat-sa-participe-la-gala-aniversara-impuls-tandarica-78-de-ani-cu-cortina-ridicata\/","url":"https:\/\/urbeamea.ro\/albaiulia\/teatrul-de-papusi-prichindel-din-alba-iulia-este-invitat-sa-participe-la-gala-aniversara-impuls-tandarica-78-de-ani-cu-cortina-ridicata\/","name":"Teatrul de P\u0103pu\u0219i \u201ePrichindel\u201d din Alba Iulia este invitat s\u0103 participe la \u201eGala Aniversar\u0103 ImPuls \u021a\u0103nd\u0103ric\u0103 \u2013 78 de ani cu cortina ridicat\u0103\u201d - Revista Urbea Mea - Revista de Alba","isPartOf":{"@id":"https:\/\/urbeamea.ro\/albaiulia\/#website"},"primaryImageOfPage":{"@id":"https:\/\/urbeamea.ro\/albaiulia\/teatrul-de-papusi-prichindel-din-alba-iulia-este-invitat-sa-participe-la-gala-aniversara-impuls-tandarica-78-de-ani-cu-cortina-ridicata\/#primaryimage"},"image":{"@id":"https:\/\/urbeamea.ro\/albaiulia\/teatrul-de-papusi-prichindel-din-alba-iulia-este-invitat-sa-participe-la-gala-aniversara-impuls-tandarica-78-de-ani-cu-cortina-ridicata\/#primaryimage"},"thumbnailUrl":"https:\/\/urbeamea.ro\/albaiulia\/wp-content\/uploads\/2023\/11\/16.jpg","datePublished":"2023-11-06T09:08:57+00:00","dateModified":"2023-11-06T09:08:59+00:00","author":{"@id":"https:\/\/urbeamea.ro\/albaiulia\/#\/schema\/person\/272ae98052f8ee8980f59848df070247"},"description":"Aceast\u0103 gal\u0103 are caracter competitiv, spectacolele intr\u00e2nd \u00een aten\u021bia unui juriu de specialitate, format din: Doina Papp, Mihaela Michailov \u0219i Octavian","breadcrumb":{"@id":"https:\/\/urbeamea.ro\/albaiulia\/teatrul-de-papusi-prichindel-din-alba-iulia-este-invitat-sa-participe-la-gala-aniversara-impuls-tandarica-78-de-ani-cu-cortina-ridicata\/#breadcrumb"},"inLanguage":"ro-RO","potentialAction":[{"@type":"ReadAction","target":["https:\/\/urbeamea.ro\/albaiulia\/teatrul-de-papusi-prichindel-din-alba-iulia-este-invitat-sa-participe-la-gala-aniversara-impuls-tandarica-78-de-ani-cu-cortina-ridicata\/"]}]},{"@type":"ImageObject","inLanguage":"ro-RO","@id":"https:\/\/urbeamea.ro\/albaiulia\/teatrul-de-papusi-prichindel-din-alba-iulia-este-invitat-sa-participe-la-gala-aniversara-impuls-tandarica-78-de-ani-cu-cortina-ridicata\/#primaryimage","url":"https:\/\/urbeamea.ro\/albaiulia\/wp-content\/uploads\/2023\/11\/16.jpg","contentUrl":"https:\/\/urbeamea.ro\/albaiulia\/wp-content\/uploads\/2023\/11\/16.jpg","width":1024,"height":683},{"@type":"BreadcrumbList","@id":"https:\/\/urbeamea.ro\/albaiulia\/teatrul-de-papusi-prichindel-din-alba-iulia-este-invitat-sa-participe-la-gala-aniversara-impuls-tandarica-78-de-ani-cu-cortina-ridicata\/#breadcrumb","itemListElement":[{"@type":"ListItem","position":1,"name":"Prima pagin\u0103","item":"https:\/\/urbeamea.ro\/albaiulia\/"},{"@type":"ListItem","position":2,"name":"Teatrul de P\u0103pu\u0219i \u201ePrichindel\u201d din Alba Iulia este invitat s\u0103 participe la \u201eGala Aniversar\u0103 ImPuls \u021a\u0103nd\u0103ric\u0103 \u2013 78 de ani cu cortina ridicat\u0103\u201d"}]},{"@type":"WebSite","@id":"https:\/\/urbeamea.ro\/albaiulia\/#website","url":"https:\/\/urbeamea.ro\/albaiulia\/","name":"Revista Urbea Mea, Stiri urbane","description":"Evenimente \u0219i \u0219tiri din Alba Iulia, Sebe\u0219, Aiud, Blaj","potentialAction":[{"@type":"SearchAction","target":{"@type":"EntryPoint","urlTemplate":"https:\/\/urbeamea.ro\/albaiulia\/?s={search_term_string}"},"query-input":{"@type":"PropertyValueSpecification","valueRequired":true,"valueName":"search_term_string"}}],"inLanguage":"ro-RO"},{"@type":"Person","@id":"https:\/\/urbeamea.ro\/albaiulia\/#\/schema\/person\/272ae98052f8ee8980f59848df070247","name":"Redac\u021bia UrbeaMea","image":{"@type":"ImageObject","inLanguage":"ro-RO","@id":"https:\/\/secure.gravatar.com\/avatar\/9ce5a9435071fa1037e8468053ead8e513dbbff59009d3069aadb85506d85a27?s=96&d=mm&r=g","url":"https:\/\/secure.gravatar.com\/avatar\/9ce5a9435071fa1037e8468053ead8e513dbbff59009d3069aadb85506d85a27?s=96&d=mm&r=g","contentUrl":"https:\/\/secure.gravatar.com\/avatar\/9ce5a9435071fa1037e8468053ead8e513dbbff59009d3069aadb85506d85a27?s=96&d=mm&r=g","caption":"Redac\u021bia UrbeaMea"},"description":"contact@urbeamea.ro","sameAs":["https:\/\/www.urbeamea.ro"],"url":"https:\/\/urbeamea.ro\/albaiulia\/author\/redactia-urbeamea\/"}]}},"_links":{"self":[{"href":"https:\/\/urbeamea.ro\/albaiulia\/wp-json\/wp\/v2\/posts\/109580","targetHints":{"allow":["GET"]}}],"collection":[{"href":"https:\/\/urbeamea.ro\/albaiulia\/wp-json\/wp\/v2\/posts"}],"about":[{"href":"https:\/\/urbeamea.ro\/albaiulia\/wp-json\/wp\/v2\/types\/post"}],"author":[{"embeddable":true,"href":"https:\/\/urbeamea.ro\/albaiulia\/wp-json\/wp\/v2\/users\/16"}],"replies":[{"embeddable":true,"href":"https:\/\/urbeamea.ro\/albaiulia\/wp-json\/wp\/v2\/comments?post=109580"}],"version-history":[{"count":1,"href":"https:\/\/urbeamea.ro\/albaiulia\/wp-json\/wp\/v2\/posts\/109580\/revisions"}],"predecessor-version":[{"id":109584,"href":"https:\/\/urbeamea.ro\/albaiulia\/wp-json\/wp\/v2\/posts\/109580\/revisions\/109584"}],"wp:featuredmedia":[{"embeddable":true,"href":"https:\/\/urbeamea.ro\/albaiulia\/wp-json\/wp\/v2\/media\/109583"}],"wp:attachment":[{"href":"https:\/\/urbeamea.ro\/albaiulia\/wp-json\/wp\/v2\/media?parent=109580"}],"wp:term":[{"taxonomy":"category","embeddable":true,"href":"https:\/\/urbeamea.ro\/albaiulia\/wp-json\/wp\/v2\/categories?post=109580"},{"taxonomy":"post_tag","embeddable":true,"href":"https:\/\/urbeamea.ro\/albaiulia\/wp-json\/wp\/v2\/tags?post=109580"}],"curies":[{"name":"wp","href":"https:\/\/api.w.org\/{rel}","templated":true}]}}