{"id":109650,"date":"2023-11-12T12:29:39","date_gmt":"2023-11-12T10:29:39","guid":{"rendered":"https:\/\/urbeamea.ro\/albaiulia\/?p=109650"},"modified":"2023-11-12T12:29:42","modified_gmt":"2023-11-12T10:29:42","slug":"centrul-de-informare-consiliere-si-orientare-in-cariera-al-uab-organizeaza-in-perioada-14-16-noiembrie-2023-a-xi-a-editie-a-conferintei-managementul-carierei","status":"publish","type":"post","link":"https:\/\/urbeamea.ro\/albaiulia\/centrul-de-informare-consiliere-si-orientare-in-cariera-al-uab-organizeaza-in-perioada-14-16-noiembrie-2023-a-xi-a-editie-a-conferintei-managementul-carierei\/","title":{"rendered":"Centrul de informare, consiliere \u0219i orientare \u00een carier\u0103 al UAB organizeaz\u0103, \u00een perioada 14-16 noiembrie 2023, a XI-a edi\u021bie a Conferin\u021bei MANAGEMENTUL CARIEREI"},"content":{"rendered":"\n<p>S\u0103pt\u0103m\u00e2na viitoare, \u00een perioada 14-16 noiembrie a.c., la Universitatea \u201e1 Decembrie 1918\u201d din Alba Iulia se va desf\u0103\u0219ura a XI-a edi\u021bie a Conferin\u021bei <em>Managementul Carierei<\/em>, eveniment organizat de c\u0103tre Centrul de Informare, Consiliere \u0219i Orientare \u00een Carier\u0103 al Universit\u0103\u021bii \u201e1 Decembrie 1918\u201d din Alba Iulia (CICOC UAB), \u00een parteneriat cu Consiliul Jude\u021bean Alba, Agen\u021bia Jude\u021bean\u0103 de Ocupare a For\u021bei de Munc\u0103 Alba, Inspectoratul Teritorial de Munc\u0103 Alba, Funda\u021bia Comunitar\u0103 Alba, Asocia\u021bia Pro Universitatea, Institutul de Studii Financiare, Agen\u021bia de Dezvoltare Regional\u0103 Centru, Centrul Europe Direct Regiunea Centru.<\/p>\n\n\n\n<p>Prezenta edi\u021bie este o activitate derulat\u0103 \u00een cadrul Proiectului <em>M\u0103suri \u0219i instrumente specifice de consiliere, orientare \u00een carier\u0103 \u0219i corelare a ofertei educa\u021bionale cu cererea pie\u021bei muncii \u2013 INSERT UAB, <\/em>Proiect finan\u021bat din Fondul de Dezvoltare Institu\u021bional\u0103, Contract CNFIS-FDI-2023-F-0493, Manager de proiect: Conf.univ.dr. Larisa Dragolea.<\/p>\n\n\n\n<p>Aceast\u0103 conferin\u021b\u0103, destinat\u0103 studen\u021bilor, absolven\u021bilor \u0219i elevilor de liceu din clasele terminale, a debutat \u00een anul 2013 \u0219i a fost derulat\u0103 anual, fiind cel mai amplu \u0219i longeviv eveniment organizat de un centru universitar de carier\u0103.&nbsp; \u00cen acest an aniversar, programul este desf\u0103\u0219urat pe parcursul a trei zile \u0219i cuprinde prelegeri publice, ateliere interactive de dezvoltare personal\u0103 \u0219i profesional\u0103, precum \u0219i evenimente de informare pe teme actuale. Participarea este gratuit\u0103, iar certificatele de participare vor fi furnizate participan\u021bilor la finalul fiec\u0103rei zile.<\/p>\n\n\n\n<p><strong><em><u>Programul detaliat al Conferin\u021bei MANAGEMENTUL CARIEREI, edi\u021bia a IX-a<\/u><\/em><\/strong><\/p>\n\n\n\n<p><strong><em><u>Mar\u021bi, 14 noiembrie 2023, Prelegeri publice, Sesiuni Q&amp;A \u2013 Sala A9<\/u><\/em><\/strong><\/p>\n\n\n\n<p><strong>09:45-10:00<\/strong><strong>&#8211; Deschiderea Conferin<\/strong><strong>\u021bei<\/strong><\/p>\n\n\n\n<p><strong>10:00-13:00 \u2013 Prezent\u0103ri publice<\/strong><\/p>\n\n\n\n<ul class=\"wp-block-list\">\n<li><strong>Prof.univ.dr. Daniel Breaz, <\/strong><em>Rector al Universit\u0103\u021bii \u201e1 Decembrie 1918\u201d din Alba Iulia<\/em><\/li>\n<\/ul>\n\n\n\n<ul class=\"wp-block-list\">\n<li><strong>Florin M\u0103rginean, <\/strong><em>Antreprenor de peisagistic\u0103<\/em><strong><\/strong><\/li>\n<\/ul>\n\n\n\n<ul class=\"wp-block-list\">\n<li><strong>Daniel Urs, <\/strong><em>Director Grup Retail BCR<\/em><strong><em><u><\/u><\/em><\/strong><\/li>\n<\/ul>\n\n\n\n<p><strong><em><u>Miercuri, 15 noiembrie 2023, Ateliere interactive de consiliere \u0219i dezvoltare personal\u0103<\/u><\/em><\/strong><\/p>\n\n\n\n<p><strong><em>10:00-11:30, Sala Senatului<\/em><\/strong><\/p>\n\n\n\n<p>Atelier interactiv<strong><em> E\u0219ecul ca surs\u0103 de \u00eenv\u0103\u021bare<\/em><\/strong><\/p>\n\n\n\n<p>Trainer: Psiholog<strong><em> Iulia Nicoleta Muntean<\/em><\/strong>, Centrul de Informare, Consiliere \u0219i Orientare \u00een Carier\u0103 al UAB (CICOC UAB)<\/p>\n\n\n\n<p><strong><em>10:00-12:00, Sala Consiliul de Administra\u021bie<\/em><\/strong><\/p>\n\n\n\n<p>Atelier practic interactiv (<em>coaching de grup<\/em>)**<strong><em>Your Career Personal Branding Based on Values<\/em><\/strong><strong><em><\/em><\/strong><\/p>\n\n\n\n<p>Trainer: <strong><em>Albu Iulia-Diana<\/em><\/strong>, Specialist formare, coach cognitiv-comportamental \u0219i de carier\u0103<\/p>\n\n\n\n<p>Compania STAR ASSEMBLY<\/p>\n\n\n\n<p><em>**atelier destinat participan\u021bilor vorbitori de limba englez\u0103<\/em><\/p>\n\n\n\n<p><strong><em>12:00-13:30, Sala Senatului<\/em><\/strong><\/p>\n\n\n\n<p>Atelier interactiv <strong><em>Nu e suficient s\u0103 visezi, e nevoie s\u0103 te motivezi!<\/em><\/strong><strong><em><\/em><\/strong><\/p>\n\n\n\n<p>Trainer: Psiholog<strong><em>Maria-Ioana Badale<\/em><\/strong>, Asocia\u021bia Kalopsia<em><\/em><\/p>\n\n\n\n<p><strong><em><u>Joi, 16 noiembrie 2023<\/u><\/em><\/strong><\/p>\n\n\n\n<p><strong><em>10:00-11:30, Sala Senatului<\/em><\/strong><\/p>\n\n\n\n<p><strong><em>Sesiune de prezentare \u0219i informare interactiv\u0103 asupra implica\u021biilor legale \u00een raport cu de\u021binerea, consumul \u0219i comercializarea de substan\u021be psihoactive. Aspecte de practic\u0103 judiciar\u0103.<\/em><\/strong><\/p>\n\n\n\n<p>Invitati:<\/p>\n\n\n\n<p>Cadru didactic asociat, drd. <strong><em>Aurelian Gheorghe Mocan<\/em><\/strong>, fost judec\u0103tor al Cur\u021bii de Apel Alba Iulia,<\/p>\n\n\n\n<p><strong><em>Marius Peter<\/em><\/strong>, judec\u0103tor \u00een cadrul Sec\u021biei Penalea Cur\u021bii de Apel Alba Iulia<\/p>\n\n\n\n<p><strong><em>11:30-12:30, Sala Senatului<\/em><\/strong><\/p>\n\n\n\n<p><strong><em>Sesiune interactiv\u0103 de prevenire \u0219i informare privind traficul de persoane<\/em><\/strong><\/p>\n\n\n\n<p>Invitat: <strong><em>Anca Sava<\/em><\/strong>, Comisar \u0219ef de Poli\u021bie, Coordonator al Centrului Regional Alba Iulia din cadrul Agen\u021biei Na\u021bionale \u00cempotriva Traficului de Persoane&nbsp;&nbsp;<\/p>\n\n\n\n<figure class=\"wp-block-gallery has-nested-images columns-default is-cropped wp-block-gallery-1 is-layout-flex wp-block-gallery-is-layout-flex\">\n<figure class=\"wp-block-image size-large\"><a href=\"https:\/\/urbeamea.ro\/albaiulia\/wp-content\/uploads\/2023\/11\/Program_16.11.jpg\"><img loading=\"lazy\" decoding=\"async\" width=\"1280\" height=\"905\" data-id=\"109651\" src=\"https:\/\/urbeamea.ro\/albaiulia\/wp-content\/uploads\/2023\/11\/Program_16.11-1280x905.jpg\" alt=\"\" class=\"wp-image-109651\" srcset=\"https:\/\/urbeamea.ro\/albaiulia\/wp-content\/uploads\/2023\/11\/Program_16.11-1280x905.jpg 1280w, https:\/\/urbeamea.ro\/albaiulia\/wp-content\/uploads\/2023\/11\/Program_16.11-640x452.jpg 640w, https:\/\/urbeamea.ro\/albaiulia\/wp-content\/uploads\/2023\/11\/Program_16.11-150x106.jpg 150w, https:\/\/urbeamea.ro\/albaiulia\/wp-content\/uploads\/2023\/11\/Program_16.11-768x543.jpg 768w, https:\/\/urbeamea.ro\/albaiulia\/wp-content\/uploads\/2023\/11\/Program_16.11-1536x1086.jpg 1536w, https:\/\/urbeamea.ro\/albaiulia\/wp-content\/uploads\/2023\/11\/Program_16.11.jpg 1600w\" sizes=\"auto, (max-width: 1280px) 100vw, 1280px\" \/><\/a><\/figure>\n\n\n\n<figure class=\"wp-block-image size-large\"><a href=\"https:\/\/urbeamea.ro\/albaiulia\/wp-content\/uploads\/2023\/11\/Program_15.11.jpg\"><img loading=\"lazy\" decoding=\"async\" width=\"1280\" height=\"905\" data-id=\"109653\" src=\"https:\/\/urbeamea.ro\/albaiulia\/wp-content\/uploads\/2023\/11\/Program_15.11-1280x905.jpg\" alt=\"\" class=\"wp-image-109653\" srcset=\"https:\/\/urbeamea.ro\/albaiulia\/wp-content\/uploads\/2023\/11\/Program_15.11-1280x905.jpg 1280w, https:\/\/urbeamea.ro\/albaiulia\/wp-content\/uploads\/2023\/11\/Program_15.11-640x452.jpg 640w, https:\/\/urbeamea.ro\/albaiulia\/wp-content\/uploads\/2023\/11\/Program_15.11-150x106.jpg 150w, https:\/\/urbeamea.ro\/albaiulia\/wp-content\/uploads\/2023\/11\/Program_15.11-768x543.jpg 768w, https:\/\/urbeamea.ro\/albaiulia\/wp-content\/uploads\/2023\/11\/Program_15.11-1536x1086.jpg 1536w, https:\/\/urbeamea.ro\/albaiulia\/wp-content\/uploads\/2023\/11\/Program_15.11.jpg 1600w\" sizes=\"auto, (max-width: 1280px) 100vw, 1280px\" \/><\/a><\/figure>\n\n\n\n<figure class=\"wp-block-image size-large\"><a href=\"https:\/\/urbeamea.ro\/albaiulia\/wp-content\/uploads\/2023\/11\/Program_14.11.jpg\"><img loading=\"lazy\" decoding=\"async\" width=\"1280\" height=\"905\" data-id=\"109652\" src=\"https:\/\/urbeamea.ro\/albaiulia\/wp-content\/uploads\/2023\/11\/Program_14.11-1280x905.jpg\" alt=\"\" class=\"wp-image-109652\" srcset=\"https:\/\/urbeamea.ro\/albaiulia\/wp-content\/uploads\/2023\/11\/Program_14.11-1280x905.jpg 1280w, https:\/\/urbeamea.ro\/albaiulia\/wp-content\/uploads\/2023\/11\/Program_14.11-640x452.jpg 640w, https:\/\/urbeamea.ro\/albaiulia\/wp-content\/uploads\/2023\/11\/Program_14.11-150x106.jpg 150w, https:\/\/urbeamea.ro\/albaiulia\/wp-content\/uploads\/2023\/11\/Program_14.11-768x543.jpg 768w, https:\/\/urbeamea.ro\/albaiulia\/wp-content\/uploads\/2023\/11\/Program_14.11-1536x1086.jpg 1536w, https:\/\/urbeamea.ro\/albaiulia\/wp-content\/uploads\/2023\/11\/Program_14.11.jpg 1600w\" sizes=\"auto, (max-width: 1280px) 100vw, 1280px\" \/><\/a><\/figure>\n<\/figure>\n","protected":false},"excerpt":{"rendered":"<p>S\u0103pt\u0103m\u00e2na viitoare, \u00een perioada 14-16 noiembrie a.c., la Universitatea \u201e1 Decembrie 1918\u201d din Alba Iulia se va desf\u0103\u0219ura a XI-a edi\u021bie a Conferin\u021bei Managementul Carierei, eveniment organizat de c\u0103tre Centrul de Informare, Consiliere \u0219i Orientare \u00een Carier\u0103 al Universit\u0103\u021bii \u201e1 Decembrie 1918\u201d din Alba Iulia (CICOC UAB), \u00een parteneriat cu Consiliul Jude\u021bean Alba, Agen\u021bia Jude\u021bean\u0103 &hellip;<\/p>\n","protected":false},"author":5,"featured_media":109654,"comment_status":"open","ping_status":"open","sticky":false,"template":"","format":"standard","meta":{"inline_featured_image":false,"footnotes":""},"categories":[4],"tags":[4268],"class_list":["post-109650","post","type-post","status-publish","format-standard","has-post-thumbnail","hentry","category-eveniment","tag-uab"],"yoast_head":"<!-- This site is optimized with the Yoast SEO plugin v27.4 - https:\/\/yoast.com\/product\/yoast-seo-wordpress\/ -->\n<title>Centrul de informare, consiliere \u0219i orientare \u00een carier\u0103 al UAB organizeaz\u0103, \u00een perioada 14-16 noiembrie 2023, a XI-a edi\u021bie a Conferin\u021bei MANAGEMENTUL CARIEREI - Revista Urbea Mea - Revista de Alba<\/title>\n<meta name=\"description\" content=\"S\u0103pt\u0103m\u00e2na viitoare, \u00een perioada 14-16 noiembrie a.c., la Universitatea \u201e1 Decembrie 1918\u201d din Alba Iulia se va desf\u0103\u0219ura a XI-a edi\u021bie a Conferin\u021bei\" \/>\n<meta name=\"robots\" content=\"index, follow, max-snippet:-1, max-image-preview:large, max-video-preview:-1\" \/>\n<link rel=\"canonical\" href=\"https:\/\/urbeamea.ro\/albaiulia\/centrul-de-informare-consiliere-si-orientare-in-cariera-al-uab-organizeaza-in-perioada-14-16-noiembrie-2023-a-xi-a-editie-a-conferintei-managementul-carierei\/\" \/>\n<meta name=\"twitter:card\" content=\"summary_large_image\" \/>\n<meta name=\"twitter:title\" content=\"Centrul de informare, consiliere \u0219i orientare \u00een carier\u0103 al UAB organizeaz\u0103, \u00een perioada 14-16 noiembrie 2023, a XI-a edi\u021bie a Conferin\u021bei MANAGEMENTUL CARIEREI - Revista Urbea Mea - Revista de Alba\" \/>\n<meta name=\"twitter:description\" content=\"S\u0103pt\u0103m\u00e2na viitoare, \u00een perioada 14-16 noiembrie a.c., la Universitatea \u201e1 Decembrie 1918\u201d din Alba Iulia se va desf\u0103\u0219ura a XI-a edi\u021bie a Conferin\u021bei\" \/>\n<meta name=\"twitter:image\" content=\"https:\/\/urbeamea.ro\/albaiulia\/wp-content\/uploads\/2023\/11\/Afis-nou-2023.jpg\" \/>\n<meta name=\"twitter:creator\" content=\"@urbeameaweb\" \/>\n<meta name=\"twitter:site\" content=\"@urbeameaweb\" \/>\n<script type=\"application\/ld+json\" class=\"yoast-schema-graph\">{\"@context\":\"https:\\\/\\\/schema.org\",\"@graph\":[{\"@type\":\"Article\",\"@id\":\"https:\\\/\\\/urbeamea.ro\\\/albaiulia\\\/centrul-de-informare-consiliere-si-orientare-in-cariera-al-uab-organizeaza-in-perioada-14-16-noiembrie-2023-a-xi-a-editie-a-conferintei-managementul-carierei\\\/#article\",\"isPartOf\":{\"@id\":\"https:\\\/\\\/urbeamea.ro\\\/albaiulia\\\/centrul-de-informare-consiliere-si-orientare-in-cariera-al-uab-organizeaza-in-perioada-14-16-noiembrie-2023-a-xi-a-editie-a-conferintei-managementul-carierei\\\/\"},\"author\":{\"name\":\"Bogdan P\u0103unescu\",\"@id\":\"https:\\\/\\\/urbeamea.ro\\\/albaiulia\\\/#\\\/schema\\\/person\\\/a115373ce8153754c6b084232d985956\"},\"headline\":\"Centrul de informare, consiliere \u0219i orientare \u00een carier\u0103 al UAB organizeaz\u0103, \u00een perioada 14-16 noiembrie 2023, a XI-a edi\u021bie a Conferin\u021bei MANAGEMENTUL CARIEREI\",\"datePublished\":\"2023-11-12T10:29:39+00:00\",\"dateModified\":\"2023-11-12T10:29:42+00:00\",\"mainEntityOfPage\":{\"@id\":\"https:\\\/\\\/urbeamea.ro\\\/albaiulia\\\/centrul-de-informare-consiliere-si-orientare-in-cariera-al-uab-organizeaza-in-perioada-14-16-noiembrie-2023-a-xi-a-editie-a-conferintei-managementul-carierei\\\/\"},\"wordCount\":522,\"commentCount\":0,\"image\":{\"@id\":\"https:\\\/\\\/urbeamea.ro\\\/albaiulia\\\/centrul-de-informare-consiliere-si-orientare-in-cariera-al-uab-organizeaza-in-perioada-14-16-noiembrie-2023-a-xi-a-editie-a-conferintei-managementul-carierei\\\/#primaryimage\"},\"thumbnailUrl\":\"https:\\\/\\\/urbeamea.ro\\\/albaiulia\\\/wp-content\\\/uploads\\\/2023\\\/11\\\/Afis-nou-2023.jpg\",\"keywords\":[\"UAB\"],\"articleSection\":[\"Evenimente\"],\"inLanguage\":\"ro-RO\",\"potentialAction\":[{\"@type\":\"CommentAction\",\"name\":\"Comment\",\"target\":[\"https:\\\/\\\/urbeamea.ro\\\/albaiulia\\\/centrul-de-informare-consiliere-si-orientare-in-cariera-al-uab-organizeaza-in-perioada-14-16-noiembrie-2023-a-xi-a-editie-a-conferintei-managementul-carierei\\\/#respond\"]}]},{\"@type\":\"WebPage\",\"@id\":\"https:\\\/\\\/urbeamea.ro\\\/albaiulia\\\/centrul-de-informare-consiliere-si-orientare-in-cariera-al-uab-organizeaza-in-perioada-14-16-noiembrie-2023-a-xi-a-editie-a-conferintei-managementul-carierei\\\/\",\"url\":\"https:\\\/\\\/urbeamea.ro\\\/albaiulia\\\/centrul-de-informare-consiliere-si-orientare-in-cariera-al-uab-organizeaza-in-perioada-14-16-noiembrie-2023-a-xi-a-editie-a-conferintei-managementul-carierei\\\/\",\"name\":\"Centrul de informare, consiliere \u0219i orientare \u00een carier\u0103 al UAB organizeaz\u0103, \u00een perioada 14-16 noiembrie 2023, a XI-a edi\u021bie a Conferin\u021bei MANAGEMENTUL CARIEREI - Revista Urbea Mea - Revista de Alba\",\"isPartOf\":{\"@id\":\"https:\\\/\\\/urbeamea.ro\\\/albaiulia\\\/#website\"},\"primaryImageOfPage\":{\"@id\":\"https:\\\/\\\/urbeamea.ro\\\/albaiulia\\\/centrul-de-informare-consiliere-si-orientare-in-cariera-al-uab-organizeaza-in-perioada-14-16-noiembrie-2023-a-xi-a-editie-a-conferintei-managementul-carierei\\\/#primaryimage\"},\"image\":{\"@id\":\"https:\\\/\\\/urbeamea.ro\\\/albaiulia\\\/centrul-de-informare-consiliere-si-orientare-in-cariera-al-uab-organizeaza-in-perioada-14-16-noiembrie-2023-a-xi-a-editie-a-conferintei-managementul-carierei\\\/#primaryimage\"},\"thumbnailUrl\":\"https:\\\/\\\/urbeamea.ro\\\/albaiulia\\\/wp-content\\\/uploads\\\/2023\\\/11\\\/Afis-nou-2023.jpg\",\"datePublished\":\"2023-11-12T10:29:39+00:00\",\"dateModified\":\"2023-11-12T10:29:42+00:00\",\"author\":{\"@id\":\"https:\\\/\\\/urbeamea.ro\\\/albaiulia\\\/#\\\/schema\\\/person\\\/a115373ce8153754c6b084232d985956\"},\"description\":\"S\u0103pt\u0103m\u00e2na viitoare, \u00een perioada 14-16 noiembrie a.c., la Universitatea \u201e1 Decembrie 1918\u201d din Alba Iulia se va desf\u0103\u0219ura a XI-a edi\u021bie a Conferin\u021bei\",\"breadcrumb\":{\"@id\":\"https:\\\/\\\/urbeamea.ro\\\/albaiulia\\\/centrul-de-informare-consiliere-si-orientare-in-cariera-al-uab-organizeaza-in-perioada-14-16-noiembrie-2023-a-xi-a-editie-a-conferintei-managementul-carierei\\\/#breadcrumb\"},\"inLanguage\":\"ro-RO\",\"potentialAction\":[{\"@type\":\"ReadAction\",\"target\":[\"https:\\\/\\\/urbeamea.ro\\\/albaiulia\\\/centrul-de-informare-consiliere-si-orientare-in-cariera-al-uab-organizeaza-in-perioada-14-16-noiembrie-2023-a-xi-a-editie-a-conferintei-managementul-carierei\\\/\"]}]},{\"@type\":\"ImageObject\",\"inLanguage\":\"ro-RO\",\"@id\":\"https:\\\/\\\/urbeamea.ro\\\/albaiulia\\\/centrul-de-informare-consiliere-si-orientare-in-cariera-al-uab-organizeaza-in-perioada-14-16-noiembrie-2023-a-xi-a-editie-a-conferintei-managementul-carierei\\\/#primaryimage\",\"url\":\"https:\\\/\\\/urbeamea.ro\\\/albaiulia\\\/wp-content\\\/uploads\\\/2023\\\/11\\\/Afis-nou-2023.jpg\",\"contentUrl\":\"https:\\\/\\\/urbeamea.ro\\\/albaiulia\\\/wp-content\\\/uploads\\\/2023\\\/11\\\/Afis-nou-2023.jpg\",\"width\":1132,\"height\":1600},{\"@type\":\"BreadcrumbList\",\"@id\":\"https:\\\/\\\/urbeamea.ro\\\/albaiulia\\\/centrul-de-informare-consiliere-si-orientare-in-cariera-al-uab-organizeaza-in-perioada-14-16-noiembrie-2023-a-xi-a-editie-a-conferintei-managementul-carierei\\\/#breadcrumb\",\"itemListElement\":[{\"@type\":\"ListItem\",\"position\":1,\"name\":\"Prima pagin\u0103\",\"item\":\"https:\\\/\\\/urbeamea.ro\\\/albaiulia\\\/\"},{\"@type\":\"ListItem\",\"position\":2,\"name\":\"Centrul de informare, consiliere \u0219i orientare \u00een carier\u0103 al UAB organizeaz\u0103, \u00een perioada 14-16 noiembrie 2023, a XI-a edi\u021bie a Conferin\u021bei MANAGEMENTUL CARIEREI\"}]},{\"@type\":\"WebSite\",\"@id\":\"https:\\\/\\\/urbeamea.ro\\\/albaiulia\\\/#website\",\"url\":\"https:\\\/\\\/urbeamea.ro\\\/albaiulia\\\/\",\"name\":\"Revista Urbea Mea, Stiri urbane\",\"description\":\"Evenimente \u0219i \u0219tiri din Alba Iulia, Sebe\u0219, Aiud, Blaj\",\"potentialAction\":[{\"@type\":\"SearchAction\",\"target\":{\"@type\":\"EntryPoint\",\"urlTemplate\":\"https:\\\/\\\/urbeamea.ro\\\/albaiulia\\\/?s={search_term_string}\"},\"query-input\":{\"@type\":\"PropertyValueSpecification\",\"valueRequired\":true,\"valueName\":\"search_term_string\"}}],\"inLanguage\":\"ro-RO\"},{\"@type\":\"Person\",\"@id\":\"https:\\\/\\\/urbeamea.ro\\\/albaiulia\\\/#\\\/schema\\\/person\\\/a115373ce8153754c6b084232d985956\",\"name\":\"Bogdan P\u0103unescu\",\"image\":{\"@type\":\"ImageObject\",\"inLanguage\":\"ro-RO\",\"@id\":\"https:\\\/\\\/secure.gravatar.com\\\/avatar\\\/f72aa881b5a32ea110a53aabc2049429e3ff68fcb09d283722d01fbf330e9dd9?s=96&d=mm&r=g\",\"url\":\"https:\\\/\\\/secure.gravatar.com\\\/avatar\\\/f72aa881b5a32ea110a53aabc2049429e3ff68fcb09d283722d01fbf330e9dd9?s=96&d=mm&r=g\",\"contentUrl\":\"https:\\\/\\\/secure.gravatar.com\\\/avatar\\\/f72aa881b5a32ea110a53aabc2049429e3ff68fcb09d283722d01fbf330e9dd9?s=96&d=mm&r=g\",\"caption\":\"Bogdan P\u0103unescu\"},\"description\":\"\u00cemi place tot ceea ce este legat de web \u015fi ajut la dezvoltarea \u015fi \u00eembun\u0103t\u0103\u0163irea lui prin tot ceea ce fac.\",\"sameAs\":[\"https:\\\/\\\/www.artonmedia.ro\",\"https:\\\/\\\/www.facebook.com\\\/bogdanvpaunescu\"],\"url\":\"https:\\\/\\\/urbeamea.ro\\\/albaiulia\\\/author\\\/bogdan-paunescu\\\/\"}]}<\/script>\n<!-- \/ Yoast SEO plugin. -->","yoast_head_json":{"title":"Centrul de informare, consiliere \u0219i orientare \u00een carier\u0103 al UAB organizeaz\u0103, \u00een perioada 14-16 noiembrie 2023, a XI-a edi\u021bie a Conferin\u021bei MANAGEMENTUL CARIEREI - Revista Urbea Mea - Revista de Alba","description":"S\u0103pt\u0103m\u00e2na viitoare, \u00een perioada 14-16 noiembrie a.c., la Universitatea \u201e1 Decembrie 1918\u201d din Alba Iulia se va desf\u0103\u0219ura a XI-a edi\u021bie a Conferin\u021bei","robots":{"index":"index","follow":"follow","max-snippet":"max-snippet:-1","max-image-preview":"max-image-preview:large","max-video-preview":"max-video-preview:-1"},"canonical":"https:\/\/urbeamea.ro\/albaiulia\/centrul-de-informare-consiliere-si-orientare-in-cariera-al-uab-organizeaza-in-perioada-14-16-noiembrie-2023-a-xi-a-editie-a-conferintei-managementul-carierei\/","twitter_card":"summary_large_image","twitter_title":"Centrul de informare, consiliere \u0219i orientare \u00een carier\u0103 al UAB organizeaz\u0103, \u00een perioada 14-16 noiembrie 2023, a XI-a edi\u021bie a Conferin\u021bei MANAGEMENTUL CARIEREI - Revista Urbea Mea - Revista de Alba","twitter_description":"S\u0103pt\u0103m\u00e2na viitoare, \u00een perioada 14-16 noiembrie a.c., la Universitatea \u201e1 Decembrie 1918\u201d din Alba Iulia se va desf\u0103\u0219ura a XI-a edi\u021bie a Conferin\u021bei","twitter_image":"https:\/\/urbeamea.ro\/albaiulia\/wp-content\/uploads\/2023\/11\/Afis-nou-2023.jpg","twitter_creator":"@urbeameaweb","twitter_site":"@urbeameaweb","schema":{"@context":"https:\/\/schema.org","@graph":[{"@type":"Article","@id":"https:\/\/urbeamea.ro\/albaiulia\/centrul-de-informare-consiliere-si-orientare-in-cariera-al-uab-organizeaza-in-perioada-14-16-noiembrie-2023-a-xi-a-editie-a-conferintei-managementul-carierei\/#article","isPartOf":{"@id":"https:\/\/urbeamea.ro\/albaiulia\/centrul-de-informare-consiliere-si-orientare-in-cariera-al-uab-organizeaza-in-perioada-14-16-noiembrie-2023-a-xi-a-editie-a-conferintei-managementul-carierei\/"},"author":{"name":"Bogdan P\u0103unescu","@id":"https:\/\/urbeamea.ro\/albaiulia\/#\/schema\/person\/a115373ce8153754c6b084232d985956"},"headline":"Centrul de informare, consiliere \u0219i orientare \u00een carier\u0103 al UAB organizeaz\u0103, \u00een perioada 14-16 noiembrie 2023, a XI-a edi\u021bie a Conferin\u021bei MANAGEMENTUL CARIEREI","datePublished":"2023-11-12T10:29:39+00:00","dateModified":"2023-11-12T10:29:42+00:00","mainEntityOfPage":{"@id":"https:\/\/urbeamea.ro\/albaiulia\/centrul-de-informare-consiliere-si-orientare-in-cariera-al-uab-organizeaza-in-perioada-14-16-noiembrie-2023-a-xi-a-editie-a-conferintei-managementul-carierei\/"},"wordCount":522,"commentCount":0,"image":{"@id":"https:\/\/urbeamea.ro\/albaiulia\/centrul-de-informare-consiliere-si-orientare-in-cariera-al-uab-organizeaza-in-perioada-14-16-noiembrie-2023-a-xi-a-editie-a-conferintei-managementul-carierei\/#primaryimage"},"thumbnailUrl":"https:\/\/urbeamea.ro\/albaiulia\/wp-content\/uploads\/2023\/11\/Afis-nou-2023.jpg","keywords":["UAB"],"articleSection":["Evenimente"],"inLanguage":"ro-RO","potentialAction":[{"@type":"CommentAction","name":"Comment","target":["https:\/\/urbeamea.ro\/albaiulia\/centrul-de-informare-consiliere-si-orientare-in-cariera-al-uab-organizeaza-in-perioada-14-16-noiembrie-2023-a-xi-a-editie-a-conferintei-managementul-carierei\/#respond"]}]},{"@type":"WebPage","@id":"https:\/\/urbeamea.ro\/albaiulia\/centrul-de-informare-consiliere-si-orientare-in-cariera-al-uab-organizeaza-in-perioada-14-16-noiembrie-2023-a-xi-a-editie-a-conferintei-managementul-carierei\/","url":"https:\/\/urbeamea.ro\/albaiulia\/centrul-de-informare-consiliere-si-orientare-in-cariera-al-uab-organizeaza-in-perioada-14-16-noiembrie-2023-a-xi-a-editie-a-conferintei-managementul-carierei\/","name":"Centrul de informare, consiliere \u0219i orientare \u00een carier\u0103 al UAB organizeaz\u0103, \u00een perioada 14-16 noiembrie 2023, a XI-a edi\u021bie a Conferin\u021bei MANAGEMENTUL CARIEREI - Revista Urbea Mea - Revista de Alba","isPartOf":{"@id":"https:\/\/urbeamea.ro\/albaiulia\/#website"},"primaryImageOfPage":{"@id":"https:\/\/urbeamea.ro\/albaiulia\/centrul-de-informare-consiliere-si-orientare-in-cariera-al-uab-organizeaza-in-perioada-14-16-noiembrie-2023-a-xi-a-editie-a-conferintei-managementul-carierei\/#primaryimage"},"image":{"@id":"https:\/\/urbeamea.ro\/albaiulia\/centrul-de-informare-consiliere-si-orientare-in-cariera-al-uab-organizeaza-in-perioada-14-16-noiembrie-2023-a-xi-a-editie-a-conferintei-managementul-carierei\/#primaryimage"},"thumbnailUrl":"https:\/\/urbeamea.ro\/albaiulia\/wp-content\/uploads\/2023\/11\/Afis-nou-2023.jpg","datePublished":"2023-11-12T10:29:39+00:00","dateModified":"2023-11-12T10:29:42+00:00","author":{"@id":"https:\/\/urbeamea.ro\/albaiulia\/#\/schema\/person\/a115373ce8153754c6b084232d985956"},"description":"S\u0103pt\u0103m\u00e2na viitoare, \u00een perioada 14-16 noiembrie a.c., la Universitatea \u201e1 Decembrie 1918\u201d din Alba Iulia se va desf\u0103\u0219ura a XI-a edi\u021bie a Conferin\u021bei","breadcrumb":{"@id":"https:\/\/urbeamea.ro\/albaiulia\/centrul-de-informare-consiliere-si-orientare-in-cariera-al-uab-organizeaza-in-perioada-14-16-noiembrie-2023-a-xi-a-editie-a-conferintei-managementul-carierei\/#breadcrumb"},"inLanguage":"ro-RO","potentialAction":[{"@type":"ReadAction","target":["https:\/\/urbeamea.ro\/albaiulia\/centrul-de-informare-consiliere-si-orientare-in-cariera-al-uab-organizeaza-in-perioada-14-16-noiembrie-2023-a-xi-a-editie-a-conferintei-managementul-carierei\/"]}]},{"@type":"ImageObject","inLanguage":"ro-RO","@id":"https:\/\/urbeamea.ro\/albaiulia\/centrul-de-informare-consiliere-si-orientare-in-cariera-al-uab-organizeaza-in-perioada-14-16-noiembrie-2023-a-xi-a-editie-a-conferintei-managementul-carierei\/#primaryimage","url":"https:\/\/urbeamea.ro\/albaiulia\/wp-content\/uploads\/2023\/11\/Afis-nou-2023.jpg","contentUrl":"https:\/\/urbeamea.ro\/albaiulia\/wp-content\/uploads\/2023\/11\/Afis-nou-2023.jpg","width":1132,"height":1600},{"@type":"BreadcrumbList","@id":"https:\/\/urbeamea.ro\/albaiulia\/centrul-de-informare-consiliere-si-orientare-in-cariera-al-uab-organizeaza-in-perioada-14-16-noiembrie-2023-a-xi-a-editie-a-conferintei-managementul-carierei\/#breadcrumb","itemListElement":[{"@type":"ListItem","position":1,"name":"Prima pagin\u0103","item":"https:\/\/urbeamea.ro\/albaiulia\/"},{"@type":"ListItem","position":2,"name":"Centrul de informare, consiliere \u0219i orientare \u00een carier\u0103 al UAB organizeaz\u0103, \u00een perioada 14-16 noiembrie 2023, a XI-a edi\u021bie a Conferin\u021bei MANAGEMENTUL CARIEREI"}]},{"@type":"WebSite","@id":"https:\/\/urbeamea.ro\/albaiulia\/#website","url":"https:\/\/urbeamea.ro\/albaiulia\/","name":"Revista Urbea Mea, Stiri urbane","description":"Evenimente \u0219i \u0219tiri din Alba Iulia, Sebe\u0219, Aiud, Blaj","potentialAction":[{"@type":"SearchAction","target":{"@type":"EntryPoint","urlTemplate":"https:\/\/urbeamea.ro\/albaiulia\/?s={search_term_string}"},"query-input":{"@type":"PropertyValueSpecification","valueRequired":true,"valueName":"search_term_string"}}],"inLanguage":"ro-RO"},{"@type":"Person","@id":"https:\/\/urbeamea.ro\/albaiulia\/#\/schema\/person\/a115373ce8153754c6b084232d985956","name":"Bogdan P\u0103unescu","image":{"@type":"ImageObject","inLanguage":"ro-RO","@id":"https:\/\/secure.gravatar.com\/avatar\/f72aa881b5a32ea110a53aabc2049429e3ff68fcb09d283722d01fbf330e9dd9?s=96&d=mm&r=g","url":"https:\/\/secure.gravatar.com\/avatar\/f72aa881b5a32ea110a53aabc2049429e3ff68fcb09d283722d01fbf330e9dd9?s=96&d=mm&r=g","contentUrl":"https:\/\/secure.gravatar.com\/avatar\/f72aa881b5a32ea110a53aabc2049429e3ff68fcb09d283722d01fbf330e9dd9?s=96&d=mm&r=g","caption":"Bogdan P\u0103unescu"},"description":"\u00cemi place tot ceea ce este legat de web \u015fi ajut la dezvoltarea \u015fi \u00eembun\u0103t\u0103\u0163irea lui prin tot ceea ce fac.","sameAs":["https:\/\/www.artonmedia.ro","https:\/\/www.facebook.com\/bogdanvpaunescu"],"url":"https:\/\/urbeamea.ro\/albaiulia\/author\/bogdan-paunescu\/"}]}},"_links":{"self":[{"href":"https:\/\/urbeamea.ro\/albaiulia\/wp-json\/wp\/v2\/posts\/109650","targetHints":{"allow":["GET"]}}],"collection":[{"href":"https:\/\/urbeamea.ro\/albaiulia\/wp-json\/wp\/v2\/posts"}],"about":[{"href":"https:\/\/urbeamea.ro\/albaiulia\/wp-json\/wp\/v2\/types\/post"}],"author":[{"embeddable":true,"href":"https:\/\/urbeamea.ro\/albaiulia\/wp-json\/wp\/v2\/users\/5"}],"replies":[{"embeddable":true,"href":"https:\/\/urbeamea.ro\/albaiulia\/wp-json\/wp\/v2\/comments?post=109650"}],"version-history":[{"count":1,"href":"https:\/\/urbeamea.ro\/albaiulia\/wp-json\/wp\/v2\/posts\/109650\/revisions"}],"predecessor-version":[{"id":109655,"href":"https:\/\/urbeamea.ro\/albaiulia\/wp-json\/wp\/v2\/posts\/109650\/revisions\/109655"}],"wp:featuredmedia":[{"embeddable":true,"href":"https:\/\/urbeamea.ro\/albaiulia\/wp-json\/wp\/v2\/media\/109654"}],"wp:attachment":[{"href":"https:\/\/urbeamea.ro\/albaiulia\/wp-json\/wp\/v2\/media?parent=109650"}],"wp:term":[{"taxonomy":"category","embeddable":true,"href":"https:\/\/urbeamea.ro\/albaiulia\/wp-json\/wp\/v2\/categories?post=109650"},{"taxonomy":"post_tag","embeddable":true,"href":"https:\/\/urbeamea.ro\/albaiulia\/wp-json\/wp\/v2\/tags?post=109650"}],"curies":[{"name":"wp","href":"https:\/\/api.w.org\/{rel}","templated":true}]}}