{"id":109764,"date":"2023-11-24T14:32:07","date_gmt":"2023-11-24T12:32:07","guid":{"rendered":"https:\/\/urbeamea.ro\/albaiulia\/?p=109764"},"modified":"2023-11-24T14:32:09","modified_gmt":"2023-11-24T12:32:09","slug":"anunt-sedinta-publica-ordinara-a-consiliului-local-al-municipiului-sebes-3","status":"publish","type":"post","link":"https:\/\/urbeamea.ro\/albaiulia\/anunt-sedinta-publica-ordinara-a-consiliului-local-al-municipiului-sebes-3\/","title":{"rendered":"ANUN\u021a &#8211; \u0218edin\u021ba public\u0103 ordinar\u0103 a Consiliului Local al Municipiului Sebe\u0219"},"content":{"rendered":"\n<p>\u0218edin\u021ba public\u0103 ordinar\u0103 a Consiliului Local al Municipiului Sebe\u0219 va avea loc \u00een data de <strong>28 noiembrie 2023, \u00eencep\u00e2nd cu ora 14.00<\/strong>, \u00een sala \u201eGheorghe Maniu\u201d a Centrului Cultural \u201eLucian Blaga\u201d Sebe\u0219. Ordinea de zi poate fi consultat\u0103 acces\u00e2nd link-ul: <a href=\"https:\/\/www.primariasebes.ro\/ordinea-de-zi-sedintelor-de-consiliu\/\">https:\/\/www.primariasebes.ro\/ordinea-de-zi-sedintelor-de-consiliu\/<\/a><\/p>\n\n\n\n<div data-wp-interactive=\"core\/file\" class=\"wp-block-file\"><object data-wp-bind--hidden=\"!state.hasPdfPreview\" hidden class=\"wp-block-file__embed\" data=\"https:\/\/urbeamea.ro\/albaiulia\/wp-content\/uploads\/2023\/11\/DISPOZITIA-nr.716-site.pdf\" type=\"application\/pdf\" style=\"width:100%;height:600px\" aria-label=\"\u00cenglobare pentru DISPOZITIA-nr.716-site.\"><\/object><a id=\"wp-block-file--media-33a8dd82-da2d-4f3d-935d-fec31655386a\" href=\"https:\/\/urbeamea.ro\/albaiulia\/wp-content\/uploads\/2023\/11\/DISPOZITIA-nr.716-site.pdf\">DISPOZITIA-nr.716-site<\/a><a href=\"https:\/\/urbeamea.ro\/albaiulia\/wp-content\/uploads\/2023\/11\/DISPOZITIA-nr.716-site.pdf\" class=\"wp-block-file__button wp-element-button\" download aria-describedby=\"wp-block-file--media-33a8dd82-da2d-4f3d-935d-fec31655386a\">Descarc\u0103<\/a><\/div>\n","protected":false},"excerpt":{"rendered":"<p>\u0218edin\u021ba public\u0103 ordinar\u0103 a Consiliului Local al Municipiului Sebe\u0219 va avea loc \u00een data de 28 noiembrie 2023, \u00eencep\u00e2nd cu ora 14.00, \u00een sala \u201eGheorghe Maniu\u201d a Centrului Cultural \u201eLucian Blaga\u201d Sebe\u0219. Ordinea de zi poate fi consultat\u0103 acces\u00e2nd link-ul: https:\/\/www.primariasebes.ro\/ordinea-de-zi-sedintelor-de-consiliu\/ DISPOZITIA-nr.716-siteDescarc\u0103<\/p>\n","protected":false},"author":16,"featured_media":81952,"comment_status":"open","ping_status":"open","sticky":false,"template":"","format":"standard","meta":{"inline_featured_image":false,"footnotes":""},"categories":[2035],"tags":[17300],"class_list":["post-109764","post","type-post","status-publish","format-standard","has-post-thumbnail","hentry","category-administratie","tag-municipiul-sebes"],"yoast_head":"<!-- This site is optimized with the Yoast SEO plugin v27.4 - https:\/\/yoast.com\/product\/yoast-seo-wordpress\/ -->\n<title>ANUN\u021a - \u0218edin\u021ba public\u0103 ordinar\u0103 a Consiliului Local al Municipiului Sebe\u0219 - Revista Urbea Mea - Revista de Alba<\/title>\n<meta name=\"description\" content=\"\u0218edin\u021ba public\u0103 ordinar\u0103 a Consiliului Local al Municipiului Sebe\u0219 va avea loc \u00een data de 28 noiembrie 2023, \u00eencep\u00e2nd cu ora 14.00, \u00een sala \u201eGheorghe\" \/>\n<meta name=\"robots\" content=\"index, follow, max-snippet:-1, max-image-preview:large, max-video-preview:-1\" \/>\n<link rel=\"canonical\" href=\"https:\/\/urbeamea.ro\/albaiulia\/anunt-sedinta-publica-ordinara-a-consiliului-local-al-municipiului-sebes-3\/\" \/>\n<meta name=\"twitter:card\" content=\"summary_large_image\" \/>\n<meta name=\"twitter:title\" content=\"ANUN\u021a - \u0218edin\u021ba public\u0103 ordinar\u0103 a Consiliului Local al Municipiului Sebe\u0219 - Revista Urbea Mea - Revista de Alba\" \/>\n<meta name=\"twitter:description\" content=\"\u0218edin\u021ba public\u0103 ordinar\u0103 a Consiliului Local al Municipiului Sebe\u0219 va avea loc \u00een data de 28 noiembrie 2023, \u00eencep\u00e2nd cu ora 14.00, \u00een sala \u201eGheorghe\" \/>\n<meta name=\"twitter:image\" content=\"https:\/\/urbeamea.ro\/albaiulia\/wp-content\/uploads\/2019\/09\/logo_primaria_sebes_primarie_2019.jpg\" \/>\n<meta name=\"twitter:creator\" content=\"@urbeameaweb\" \/>\n<meta name=\"twitter:site\" content=\"@urbeameaweb\" \/>\n<script type=\"application\/ld+json\" class=\"yoast-schema-graph\">{\"@context\":\"https:\\\/\\\/schema.org\",\"@graph\":[{\"@type\":\"Article\",\"@id\":\"https:\\\/\\\/urbeamea.ro\\\/albaiulia\\\/anunt-sedinta-publica-ordinara-a-consiliului-local-al-municipiului-sebes-3\\\/#article\",\"isPartOf\":{\"@id\":\"https:\\\/\\\/urbeamea.ro\\\/albaiulia\\\/anunt-sedinta-publica-ordinara-a-consiliului-local-al-municipiului-sebes-3\\\/\"},\"author\":{\"name\":\"Redac\u021bia UrbeaMea\",\"@id\":\"https:\\\/\\\/urbeamea.ro\\\/albaiulia\\\/#\\\/schema\\\/person\\\/272ae98052f8ee8980f59848df070247\"},\"headline\":\"ANUN\u021a &#8211; \u0218edin\u021ba public\u0103 ordinar\u0103 a Consiliului Local al Municipiului Sebe\u0219\",\"datePublished\":\"2023-11-24T12:32:07+00:00\",\"dateModified\":\"2023-11-24T12:32:09+00:00\",\"mainEntityOfPage\":{\"@id\":\"https:\\\/\\\/urbeamea.ro\\\/albaiulia\\\/anunt-sedinta-publica-ordinara-a-consiliului-local-al-municipiului-sebes-3\\\/\"},\"wordCount\":60,\"commentCount\":0,\"image\":{\"@id\":\"https:\\\/\\\/urbeamea.ro\\\/albaiulia\\\/anunt-sedinta-publica-ordinara-a-consiliului-local-al-municipiului-sebes-3\\\/#primaryimage\"},\"thumbnailUrl\":\"https:\\\/\\\/urbeamea.ro\\\/albaiulia\\\/wp-content\\\/uploads\\\/2019\\\/09\\\/logo_primaria_sebes_primarie_2019.jpg\",\"keywords\":[\"municipiul sebes\"],\"articleSection\":[\"Administra\u021bie\"],\"inLanguage\":\"ro-RO\",\"potentialAction\":[{\"@type\":\"CommentAction\",\"name\":\"Comment\",\"target\":[\"https:\\\/\\\/urbeamea.ro\\\/albaiulia\\\/anunt-sedinta-publica-ordinara-a-consiliului-local-al-municipiului-sebes-3\\\/#respond\"]}]},{\"@type\":\"WebPage\",\"@id\":\"https:\\\/\\\/urbeamea.ro\\\/albaiulia\\\/anunt-sedinta-publica-ordinara-a-consiliului-local-al-municipiului-sebes-3\\\/\",\"url\":\"https:\\\/\\\/urbeamea.ro\\\/albaiulia\\\/anunt-sedinta-publica-ordinara-a-consiliului-local-al-municipiului-sebes-3\\\/\",\"name\":\"ANUN\u021a - \u0218edin\u021ba public\u0103 ordinar\u0103 a Consiliului Local al Municipiului Sebe\u0219 - Revista Urbea Mea - Revista de Alba\",\"isPartOf\":{\"@id\":\"https:\\\/\\\/urbeamea.ro\\\/albaiulia\\\/#website\"},\"primaryImageOfPage\":{\"@id\":\"https:\\\/\\\/urbeamea.ro\\\/albaiulia\\\/anunt-sedinta-publica-ordinara-a-consiliului-local-al-municipiului-sebes-3\\\/#primaryimage\"},\"image\":{\"@id\":\"https:\\\/\\\/urbeamea.ro\\\/albaiulia\\\/anunt-sedinta-publica-ordinara-a-consiliului-local-al-municipiului-sebes-3\\\/#primaryimage\"},\"thumbnailUrl\":\"https:\\\/\\\/urbeamea.ro\\\/albaiulia\\\/wp-content\\\/uploads\\\/2019\\\/09\\\/logo_primaria_sebes_primarie_2019.jpg\",\"datePublished\":\"2023-11-24T12:32:07+00:00\",\"dateModified\":\"2023-11-24T12:32:09+00:00\",\"author\":{\"@id\":\"https:\\\/\\\/urbeamea.ro\\\/albaiulia\\\/#\\\/schema\\\/person\\\/272ae98052f8ee8980f59848df070247\"},\"description\":\"\u0218edin\u021ba public\u0103 ordinar\u0103 a Consiliului Local al Municipiului Sebe\u0219 va avea loc \u00een data de 28 noiembrie 2023, \u00eencep\u00e2nd cu ora 14.00, \u00een sala \u201eGheorghe\",\"breadcrumb\":{\"@id\":\"https:\\\/\\\/urbeamea.ro\\\/albaiulia\\\/anunt-sedinta-publica-ordinara-a-consiliului-local-al-municipiului-sebes-3\\\/#breadcrumb\"},\"inLanguage\":\"ro-RO\",\"potentialAction\":[{\"@type\":\"ReadAction\",\"target\":[\"https:\\\/\\\/urbeamea.ro\\\/albaiulia\\\/anunt-sedinta-publica-ordinara-a-consiliului-local-al-municipiului-sebes-3\\\/\"]}]},{\"@type\":\"ImageObject\",\"inLanguage\":\"ro-RO\",\"@id\":\"https:\\\/\\\/urbeamea.ro\\\/albaiulia\\\/anunt-sedinta-publica-ordinara-a-consiliului-local-al-municipiului-sebes-3\\\/#primaryimage\",\"url\":\"https:\\\/\\\/urbeamea.ro\\\/albaiulia\\\/wp-content\\\/uploads\\\/2019\\\/09\\\/logo_primaria_sebes_primarie_2019.jpg\",\"contentUrl\":\"https:\\\/\\\/urbeamea.ro\\\/albaiulia\\\/wp-content\\\/uploads\\\/2019\\\/09\\\/logo_primaria_sebes_primarie_2019.jpg\",\"width\":960,\"height\":640},{\"@type\":\"BreadcrumbList\",\"@id\":\"https:\\\/\\\/urbeamea.ro\\\/albaiulia\\\/anunt-sedinta-publica-ordinara-a-consiliului-local-al-municipiului-sebes-3\\\/#breadcrumb\",\"itemListElement\":[{\"@type\":\"ListItem\",\"position\":1,\"name\":\"Prima pagin\u0103\",\"item\":\"https:\\\/\\\/urbeamea.ro\\\/albaiulia\\\/\"},{\"@type\":\"ListItem\",\"position\":2,\"name\":\"ANUN\u021a &#8211; \u0218edin\u021ba public\u0103 ordinar\u0103 a Consiliului Local al Municipiului Sebe\u0219\"}]},{\"@type\":\"WebSite\",\"@id\":\"https:\\\/\\\/urbeamea.ro\\\/albaiulia\\\/#website\",\"url\":\"https:\\\/\\\/urbeamea.ro\\\/albaiulia\\\/\",\"name\":\"Revista Urbea Mea, Stiri urbane\",\"description\":\"Evenimente \u0219i \u0219tiri din Alba Iulia, Sebe\u0219, Aiud, Blaj\",\"potentialAction\":[{\"@type\":\"SearchAction\",\"target\":{\"@type\":\"EntryPoint\",\"urlTemplate\":\"https:\\\/\\\/urbeamea.ro\\\/albaiulia\\\/?s={search_term_string}\"},\"query-input\":{\"@type\":\"PropertyValueSpecification\",\"valueRequired\":true,\"valueName\":\"search_term_string\"}}],\"inLanguage\":\"ro-RO\"},{\"@type\":\"Person\",\"@id\":\"https:\\\/\\\/urbeamea.ro\\\/albaiulia\\\/#\\\/schema\\\/person\\\/272ae98052f8ee8980f59848df070247\",\"name\":\"Redac\u021bia UrbeaMea\",\"image\":{\"@type\":\"ImageObject\",\"inLanguage\":\"ro-RO\",\"@id\":\"https:\\\/\\\/secure.gravatar.com\\\/avatar\\\/9ce5a9435071fa1037e8468053ead8e513dbbff59009d3069aadb85506d85a27?s=96&d=mm&r=g\",\"url\":\"https:\\\/\\\/secure.gravatar.com\\\/avatar\\\/9ce5a9435071fa1037e8468053ead8e513dbbff59009d3069aadb85506d85a27?s=96&d=mm&r=g\",\"contentUrl\":\"https:\\\/\\\/secure.gravatar.com\\\/avatar\\\/9ce5a9435071fa1037e8468053ead8e513dbbff59009d3069aadb85506d85a27?s=96&d=mm&r=g\",\"caption\":\"Redac\u021bia UrbeaMea\"},\"description\":\"contact@urbeamea.ro\",\"sameAs\":[\"https:\\\/\\\/www.urbeamea.ro\"],\"url\":\"https:\\\/\\\/urbeamea.ro\\\/albaiulia\\\/author\\\/redactia-urbeamea\\\/\"}]}<\/script>\n<!-- \/ Yoast SEO plugin. -->","yoast_head_json":{"title":"ANUN\u021a - \u0218edin\u021ba public\u0103 ordinar\u0103 a Consiliului Local al Municipiului Sebe\u0219 - Revista Urbea Mea - Revista de Alba","description":"\u0218edin\u021ba public\u0103 ordinar\u0103 a Consiliului Local al Municipiului Sebe\u0219 va avea loc \u00een data de 28 noiembrie 2023, \u00eencep\u00e2nd cu ora 14.00, \u00een sala \u201eGheorghe","robots":{"index":"index","follow":"follow","max-snippet":"max-snippet:-1","max-image-preview":"max-image-preview:large","max-video-preview":"max-video-preview:-1"},"canonical":"https:\/\/urbeamea.ro\/albaiulia\/anunt-sedinta-publica-ordinara-a-consiliului-local-al-municipiului-sebes-3\/","twitter_card":"summary_large_image","twitter_title":"ANUN\u021a - \u0218edin\u021ba public\u0103 ordinar\u0103 a Consiliului Local al Municipiului Sebe\u0219 - Revista Urbea Mea - Revista de Alba","twitter_description":"\u0218edin\u021ba public\u0103 ordinar\u0103 a Consiliului Local al Municipiului Sebe\u0219 va avea loc \u00een data de 28 noiembrie 2023, \u00eencep\u00e2nd cu ora 14.00, \u00een sala \u201eGheorghe","twitter_image":"https:\/\/urbeamea.ro\/albaiulia\/wp-content\/uploads\/2019\/09\/logo_primaria_sebes_primarie_2019.jpg","twitter_creator":"@urbeameaweb","twitter_site":"@urbeameaweb","schema":{"@context":"https:\/\/schema.org","@graph":[{"@type":"Article","@id":"https:\/\/urbeamea.ro\/albaiulia\/anunt-sedinta-publica-ordinara-a-consiliului-local-al-municipiului-sebes-3\/#article","isPartOf":{"@id":"https:\/\/urbeamea.ro\/albaiulia\/anunt-sedinta-publica-ordinara-a-consiliului-local-al-municipiului-sebes-3\/"},"author":{"name":"Redac\u021bia UrbeaMea","@id":"https:\/\/urbeamea.ro\/albaiulia\/#\/schema\/person\/272ae98052f8ee8980f59848df070247"},"headline":"ANUN\u021a &#8211; \u0218edin\u021ba public\u0103 ordinar\u0103 a Consiliului Local al Municipiului Sebe\u0219","datePublished":"2023-11-24T12:32:07+00:00","dateModified":"2023-11-24T12:32:09+00:00","mainEntityOfPage":{"@id":"https:\/\/urbeamea.ro\/albaiulia\/anunt-sedinta-publica-ordinara-a-consiliului-local-al-municipiului-sebes-3\/"},"wordCount":60,"commentCount":0,"image":{"@id":"https:\/\/urbeamea.ro\/albaiulia\/anunt-sedinta-publica-ordinara-a-consiliului-local-al-municipiului-sebes-3\/#primaryimage"},"thumbnailUrl":"https:\/\/urbeamea.ro\/albaiulia\/wp-content\/uploads\/2019\/09\/logo_primaria_sebes_primarie_2019.jpg","keywords":["municipiul sebes"],"articleSection":["Administra\u021bie"],"inLanguage":"ro-RO","potentialAction":[{"@type":"CommentAction","name":"Comment","target":["https:\/\/urbeamea.ro\/albaiulia\/anunt-sedinta-publica-ordinara-a-consiliului-local-al-municipiului-sebes-3\/#respond"]}]},{"@type":"WebPage","@id":"https:\/\/urbeamea.ro\/albaiulia\/anunt-sedinta-publica-ordinara-a-consiliului-local-al-municipiului-sebes-3\/","url":"https:\/\/urbeamea.ro\/albaiulia\/anunt-sedinta-publica-ordinara-a-consiliului-local-al-municipiului-sebes-3\/","name":"ANUN\u021a - \u0218edin\u021ba public\u0103 ordinar\u0103 a Consiliului Local al Municipiului Sebe\u0219 - Revista Urbea Mea - Revista de Alba","isPartOf":{"@id":"https:\/\/urbeamea.ro\/albaiulia\/#website"},"primaryImageOfPage":{"@id":"https:\/\/urbeamea.ro\/albaiulia\/anunt-sedinta-publica-ordinara-a-consiliului-local-al-municipiului-sebes-3\/#primaryimage"},"image":{"@id":"https:\/\/urbeamea.ro\/albaiulia\/anunt-sedinta-publica-ordinara-a-consiliului-local-al-municipiului-sebes-3\/#primaryimage"},"thumbnailUrl":"https:\/\/urbeamea.ro\/albaiulia\/wp-content\/uploads\/2019\/09\/logo_primaria_sebes_primarie_2019.jpg","datePublished":"2023-11-24T12:32:07+00:00","dateModified":"2023-11-24T12:32:09+00:00","author":{"@id":"https:\/\/urbeamea.ro\/albaiulia\/#\/schema\/person\/272ae98052f8ee8980f59848df070247"},"description":"\u0218edin\u021ba public\u0103 ordinar\u0103 a Consiliului Local al Municipiului Sebe\u0219 va avea loc \u00een data de 28 noiembrie 2023, \u00eencep\u00e2nd cu ora 14.00, \u00een sala \u201eGheorghe","breadcrumb":{"@id":"https:\/\/urbeamea.ro\/albaiulia\/anunt-sedinta-publica-ordinara-a-consiliului-local-al-municipiului-sebes-3\/#breadcrumb"},"inLanguage":"ro-RO","potentialAction":[{"@type":"ReadAction","target":["https:\/\/urbeamea.ro\/albaiulia\/anunt-sedinta-publica-ordinara-a-consiliului-local-al-municipiului-sebes-3\/"]}]},{"@type":"ImageObject","inLanguage":"ro-RO","@id":"https:\/\/urbeamea.ro\/albaiulia\/anunt-sedinta-publica-ordinara-a-consiliului-local-al-municipiului-sebes-3\/#primaryimage","url":"https:\/\/urbeamea.ro\/albaiulia\/wp-content\/uploads\/2019\/09\/logo_primaria_sebes_primarie_2019.jpg","contentUrl":"https:\/\/urbeamea.ro\/albaiulia\/wp-content\/uploads\/2019\/09\/logo_primaria_sebes_primarie_2019.jpg","width":960,"height":640},{"@type":"BreadcrumbList","@id":"https:\/\/urbeamea.ro\/albaiulia\/anunt-sedinta-publica-ordinara-a-consiliului-local-al-municipiului-sebes-3\/#breadcrumb","itemListElement":[{"@type":"ListItem","position":1,"name":"Prima pagin\u0103","item":"https:\/\/urbeamea.ro\/albaiulia\/"},{"@type":"ListItem","position":2,"name":"ANUN\u021a &#8211; \u0218edin\u021ba public\u0103 ordinar\u0103 a Consiliului Local al Municipiului Sebe\u0219"}]},{"@type":"WebSite","@id":"https:\/\/urbeamea.ro\/albaiulia\/#website","url":"https:\/\/urbeamea.ro\/albaiulia\/","name":"Revista Urbea Mea, Stiri urbane","description":"Evenimente \u0219i \u0219tiri din Alba Iulia, Sebe\u0219, Aiud, Blaj","potentialAction":[{"@type":"SearchAction","target":{"@type":"EntryPoint","urlTemplate":"https:\/\/urbeamea.ro\/albaiulia\/?s={search_term_string}"},"query-input":{"@type":"PropertyValueSpecification","valueRequired":true,"valueName":"search_term_string"}}],"inLanguage":"ro-RO"},{"@type":"Person","@id":"https:\/\/urbeamea.ro\/albaiulia\/#\/schema\/person\/272ae98052f8ee8980f59848df070247","name":"Redac\u021bia UrbeaMea","image":{"@type":"ImageObject","inLanguage":"ro-RO","@id":"https:\/\/secure.gravatar.com\/avatar\/9ce5a9435071fa1037e8468053ead8e513dbbff59009d3069aadb85506d85a27?s=96&d=mm&r=g","url":"https:\/\/secure.gravatar.com\/avatar\/9ce5a9435071fa1037e8468053ead8e513dbbff59009d3069aadb85506d85a27?s=96&d=mm&r=g","contentUrl":"https:\/\/secure.gravatar.com\/avatar\/9ce5a9435071fa1037e8468053ead8e513dbbff59009d3069aadb85506d85a27?s=96&d=mm&r=g","caption":"Redac\u021bia UrbeaMea"},"description":"contact@urbeamea.ro","sameAs":["https:\/\/www.urbeamea.ro"],"url":"https:\/\/urbeamea.ro\/albaiulia\/author\/redactia-urbeamea\/"}]}},"_links":{"self":[{"href":"https:\/\/urbeamea.ro\/albaiulia\/wp-json\/wp\/v2\/posts\/109764","targetHints":{"allow":["GET"]}}],"collection":[{"href":"https:\/\/urbeamea.ro\/albaiulia\/wp-json\/wp\/v2\/posts"}],"about":[{"href":"https:\/\/urbeamea.ro\/albaiulia\/wp-json\/wp\/v2\/types\/post"}],"author":[{"embeddable":true,"href":"https:\/\/urbeamea.ro\/albaiulia\/wp-json\/wp\/v2\/users\/16"}],"replies":[{"embeddable":true,"href":"https:\/\/urbeamea.ro\/albaiulia\/wp-json\/wp\/v2\/comments?post=109764"}],"version-history":[{"count":1,"href":"https:\/\/urbeamea.ro\/albaiulia\/wp-json\/wp\/v2\/posts\/109764\/revisions"}],"predecessor-version":[{"id":109766,"href":"https:\/\/urbeamea.ro\/albaiulia\/wp-json\/wp\/v2\/posts\/109764\/revisions\/109766"}],"wp:featuredmedia":[{"embeddable":true,"href":"https:\/\/urbeamea.ro\/albaiulia\/wp-json\/wp\/v2\/media\/81952"}],"wp:attachment":[{"href":"https:\/\/urbeamea.ro\/albaiulia\/wp-json\/wp\/v2\/media?parent=109764"}],"wp:term":[{"taxonomy":"category","embeddable":true,"href":"https:\/\/urbeamea.ro\/albaiulia\/wp-json\/wp\/v2\/categories?post=109764"},{"taxonomy":"post_tag","embeddable":true,"href":"https:\/\/urbeamea.ro\/albaiulia\/wp-json\/wp\/v2\/tags?post=109764"}],"curies":[{"name":"wp","href":"https:\/\/api.w.org\/{rel}","templated":true}]}}