{"id":109774,"date":"2023-11-28T13:30:29","date_gmt":"2023-11-28T11:30:29","guid":{"rendered":"https:\/\/urbeamea.ro\/albaiulia\/?p=109774"},"modified":"2023-11-28T13:30:31","modified_gmt":"2023-11-28T11:30:31","slug":"ceremonii-militare-la-alba-iulia-prilejuite-de-ziua-nationala-a-romaniei","status":"publish","type":"post","link":"https:\/\/urbeamea.ro\/albaiulia\/ceremonii-militare-la-alba-iulia-prilejuite-de-ziua-nationala-a-romaniei\/","title":{"rendered":"Ceremonii militare la Alba-Iulia, prilejuite de Ziua Na\u021bional\u0103 a Rom\u00e2niei"},"content":{"rendered":"\n<p>Cu ocazia s\u0103rb\u0103toririi Zilei Na\u021bionale a Rom\u00e2niei, \u00een Municipiul Alba Iulia, vor avea loc, \u00een perioada 30 noiembrie \u2013 1 decembrie 2023, manifest\u0103ri la care vor participa militari \u0219i mijloace tehnice terestre \u0219i aeriene apar\u0163in\u00e2nd structurilor din Sistemul Na\u021bional de Ordine Public\u0103 \u0219i Siguran\u021b\u0103 Na\u021bional\u0103 \u0219i care se vor desf\u0103\u0219ura dup\u0103 urm\u0103torul program:<\/p>\n\n\n\n<p>\u2022 <strong>Joi,<\/strong> <strong>30 noiembrie 2023,<\/strong> ceremonii militare cu depuneri de coroane \u0219i jerbe de flori la urm\u0103toarele ansambluri monumentale:<\/p>\n\n\n\n<p>&#8211; \u00eencep\u00e2nd cu ora 10.00, la monumentul \u201eI.C. Br\u0103tianu\u201d (deta\u015famentul de onoare va fi constituit din militari ai Batalionului 136 Geniu \u201eApulum\u201d);<\/p>\n\n\n\n<p>&#8211; \u00eencep\u00e2nd cu ora 10.30, la monumentul \u201eIuliu Maniu\u201d (deta\u015famentul de onoare va fi constituit din militari ai Batalionului 136 Geniu \u201eApulum\u201d);<\/p>\n\n\n\n<p>&#8211; \u00eencep\u00e2nd cu ora 11.15, la monumentul \u201eMihai Viteazul\u201d (deta\u015famentul de onoare va fi constituit din militari ai Batalionului 811 Infanterie \u201eDej\u201d \u0219i Muzica Militar\u0103 a Diviziei 4 Infanterie \u201eGemina\u201d);<\/p>\n\n\n\n<p>&#8211; \u00eencep\u00e2nd cu ora 12.00, la ansamblul monumental \u201eRegele Ferdinand \u0219i Regina Maria\u201d (deta\u015famentul de onoare va fi constituit din militari ai Batalionului 811 Infanterie \u201eDej\u201d \u0219i Muzica Militar\u0103 a Diviziei 4 Infanterie \u201eGemina\u201d).<\/p>\n\n\n\n<p>Totodat\u0103, \u00eencep\u00e2nd cu ora 12.30, \u00een Pia\u021ba Tricolorului va avea loc arborarea Drapelului Na\u021bional al Rom\u00e2niei. Deta\u015famentul de onoare va fi constituit din militari ai Batalionului 811 Infanterie \u201eDej\u201d \u0219i Muzica Militar\u0103 a Diviziei 4 Infanterie \u201eGemina\u201d.<\/p>\n\n\n\n<p>\u2022&nbsp; <strong>Vineri, 1 decembrie 2023<\/strong>:<\/p>\n\n\n\n<p>&#8211; \u00eencep\u00e2nd cu ora 14.15, se va desf\u0103\u0219ura o ceremonie militar\u0103 de depunere de coroane \u0219i jerbe de flori la Monumentul Unirii (deta\u015famentul de onoare va fi constituit din militari ai Batalionului 136 Geniu \u201eApulum\u201d);<\/p>\n\n\n\n<p>&#8211; \u00een continuare, \u00eencep\u00e2nd cu ora 15.00 va avea loc ceremonia militar\u0103 cu trupe \u0219i tehnic\u0103 de lupt\u0103 \u00een zona Bulevardului 1 Decembrie 1918, cu participarea a 16 deta\u0219amente de defilare pe jos (peste 1000 de militari apar\u021bin\u00e2nd Diviziei 4 Infanterie \u201eGemina\u201d, For\u021belor pentru Opera\u021bii Speciale, Batalionului 136 Geniu \u201eApulum\u201d\/ Brigada 10 \u201eDun\u0103rea de Jos\u201d, Batalionului 26 Cercetare Supraveghere \u201eAvram Iancu\u201d\/ Brigada 18 Cercetare Supraveghere \u201eDecebal\u201d, Grup\u0103rii de Jandarmi Mobil\u0103 \u201eRegele Ferdinand I\u201d T\u00e2rgu Mure\u0219, Inspectoratului pentru Situa\u021bii de Urgen\u021b\u0103 \u201eUnirea\u201d al jude\u021bului Alba, Centrului Chinologic \u201eDr. Aurel Greblea\u201d Sibiu, Administra\u021biei Na\u021bionale a Penitenciarelor, Academiei For\u021belor Terestre \u201eNicolae B\u0103lcescu\u201d, Colegiului Na\u021bional Militar \u201eMihai Viteazul\u201d, personal din cadul Muzeului Na\u021bional al Unirii din Alba Iulia \u0219i Filialei Alba-Iulia a organiza\u021biei Crucea Ro\u0219ie Rom\u00e2n\u0103), 14 deta\u0219amente de defilare cu mijloace terestre (vehicule de lupt\u0103 VAMTAC \u0219i JLTV, complexe de artilerie antiaerian\u0103 \u0219i terestr\u0103 GEPARD \u0219i HIMARS, transportoare PIRANHA III \u0219i PIRANHA V, transportoare amfibii blindate de infanterie B-33 ZIMBRU, tehnic\u0103 apar\u021bin\u00e2nd unit\u0103\u021bilor de sprijin logistic, autospeciale de interven\u021bie ale celorlalte structuri din sistemul de ap\u0103rare, ordine public\u0103 \u0219i securitate na\u021bional\u0103 \u0219i ale organiza\u021biei Crucea Ro\u0219ie Rom\u00e2n\u0103), elicoptere IAR 330 SOCAT ale Bazei 71 Aerian\u0103 \u201eGeneral Emanoil Ionescu\u201d, avioanele IAR-99 \u0218OIM ale Bazei 95 Aerian\u0103 ,,Erou C\u0103pitan Aviator Alexandru \u0218erb\u0103nescu\u201d, avioane F-16 Fighting Falcon apar\u021bin\u00e2nd Bazei 86 Aerian\u0103 \u201eLocotenent aviator Gheorghe Mociorni\u021b\u0103\u201d, \u0219i avioane C-130 Hercules ale&nbsp; Bazei 90 Transport Aerian Strategic \u201cComandor Aviator Gheorghe B\u0103nciulescu\u201d. De asemenea, din dispozitivul de defilare vor face parte militari \u0219i tehnic\u0103 de lupt\u0103 din Polonia \u0219i Fran\u021ba, din cadrul structurilor aliate apar\u021bin\u00e2nd Brig\u0103zii Multina\u021bionale Sud-Est \u0219i Grupului de lupt\u0103 al NATO dislocate \u00een Cincu.<\/p>\n\n\n\n<p>Pentru buna desf\u0103\u0219urare a evenimentelor, \u00een zona Bulevardului 1 Decembrie 1918 din Alba Iulia, se vor desf\u0103\u0219ura repeti\u021bii \u0219i antrenamente generale, dup\u0103 urm\u0103torul program:<\/p>\n\n\n\n<p>&#8211; \u00een data de 29 noiembrie, \u00een intervalul orar 12.00-15.00<\/p>\n\n\n\n<p>&#8211; \u00een data de 30 noiembrie, \u00een intervalul orar 14.00-17.00.<\/p>\n","protected":false},"excerpt":{"rendered":"<p>Cu ocazia s\u0103rb\u0103toririi Zilei Na\u021bionale a Rom\u00e2niei, \u00een Municipiul Alba Iulia, vor avea loc, \u00een perioada 30 noiembrie \u2013 1 decembrie 2023, manifest\u0103ri la care vor participa militari \u0219i mijloace tehnice terestre \u0219i aeriene apar\u0163in\u00e2nd structurilor din Sistemul Na\u021bional de Ordine Public\u0103 \u0219i Siguran\u021b\u0103 Na\u021bional\u0103 \u0219i care se vor desf\u0103\u0219ura dup\u0103 urm\u0103torul program: \u2022 Joi, &hellip;<\/p>\n","protected":false},"author":16,"featured_media":13638,"comment_status":"open","ping_status":"open","sticky":false,"template":"","format":"standard","meta":{"inline_featured_image":false,"footnotes":""},"categories":[1],"tags":[],"class_list":["post-109774","post","type-post","status-publish","format-standard","has-post-thumbnail","hentry","category-stiri-urbane"],"yoast_head":"<!-- This site is optimized with the Yoast SEO plugin v27.4 - https:\/\/yoast.com\/product\/yoast-seo-wordpress\/ -->\n<title>Ceremonii militare la Alba-Iulia, prilejuite de Ziua Na\u021bional\u0103 a Rom\u00e2niei - Revista Urbea Mea - Revista de Alba<\/title>\n<meta name=\"description\" content=\"Cu ocazia s\u0103rb\u0103toririi Zilei Na\u021bionale a Rom\u00e2niei, \u00een Municipiul Alba Iulia, vor avea loc, \u00een perioada 30 noiembrie \u2013 1 decembrie 2023, manifest\u0103ri la\" \/>\n<meta name=\"robots\" content=\"index, follow, max-snippet:-1, max-image-preview:large, max-video-preview:-1\" \/>\n<link rel=\"canonical\" href=\"https:\/\/urbeamea.ro\/albaiulia\/ceremonii-militare-la-alba-iulia-prilejuite-de-ziua-nationala-a-romaniei\/\" \/>\n<meta name=\"twitter:card\" content=\"summary_large_image\" \/>\n<meta name=\"twitter:title\" content=\"Ceremonii militare la Alba-Iulia, prilejuite de Ziua Na\u021bional\u0103 a Rom\u00e2niei - Revista Urbea Mea - Revista de Alba\" \/>\n<meta name=\"twitter:description\" content=\"Cu ocazia s\u0103rb\u0103toririi Zilei Na\u021bionale a Rom\u00e2niei, \u00een Municipiul Alba Iulia, vor avea loc, \u00een perioada 30 noiembrie \u2013 1 decembrie 2023, manifest\u0103ri la\" \/>\n<meta name=\"twitter:image\" content=\"https:\/\/urbeamea.ro\/albaiulia\/wp-content\/uploads\/2015\/12\/Picture-0451.jpg\" \/>\n<meta name=\"twitter:creator\" content=\"@urbeameaweb\" \/>\n<meta name=\"twitter:site\" content=\"@urbeameaweb\" \/>\n<script type=\"application\/ld+json\" class=\"yoast-schema-graph\">{\"@context\":\"https:\\\/\\\/schema.org\",\"@graph\":[{\"@type\":\"Article\",\"@id\":\"https:\\\/\\\/urbeamea.ro\\\/albaiulia\\\/ceremonii-militare-la-alba-iulia-prilejuite-de-ziua-nationala-a-romaniei\\\/#article\",\"isPartOf\":{\"@id\":\"https:\\\/\\\/urbeamea.ro\\\/albaiulia\\\/ceremonii-militare-la-alba-iulia-prilejuite-de-ziua-nationala-a-romaniei\\\/\"},\"author\":{\"name\":\"Redac\u021bia UrbeaMea\",\"@id\":\"https:\\\/\\\/urbeamea.ro\\\/albaiulia\\\/#\\\/schema\\\/person\\\/272ae98052f8ee8980f59848df070247\"},\"headline\":\"Ceremonii militare la Alba-Iulia, prilejuite de Ziua Na\u021bional\u0103 a Rom\u00e2niei\",\"datePublished\":\"2023-11-28T11:30:29+00:00\",\"dateModified\":\"2023-11-28T11:30:31+00:00\",\"mainEntityOfPage\":{\"@id\":\"https:\\\/\\\/urbeamea.ro\\\/albaiulia\\\/ceremonii-militare-la-alba-iulia-prilejuite-de-ziua-nationala-a-romaniei\\\/\"},\"wordCount\":612,\"commentCount\":0,\"image\":{\"@id\":\"https:\\\/\\\/urbeamea.ro\\\/albaiulia\\\/ceremonii-militare-la-alba-iulia-prilejuite-de-ziua-nationala-a-romaniei\\\/#primaryimage\"},\"thumbnailUrl\":\"https:\\\/\\\/urbeamea.ro\\\/albaiulia\\\/wp-content\\\/uploads\\\/2015\\\/12\\\/Picture-0451.jpg\",\"articleSection\":[\"\u015etiri Urbane\"],\"inLanguage\":\"ro-RO\",\"potentialAction\":[{\"@type\":\"CommentAction\",\"name\":\"Comment\",\"target\":[\"https:\\\/\\\/urbeamea.ro\\\/albaiulia\\\/ceremonii-militare-la-alba-iulia-prilejuite-de-ziua-nationala-a-romaniei\\\/#respond\"]}]},{\"@type\":\"WebPage\",\"@id\":\"https:\\\/\\\/urbeamea.ro\\\/albaiulia\\\/ceremonii-militare-la-alba-iulia-prilejuite-de-ziua-nationala-a-romaniei\\\/\",\"url\":\"https:\\\/\\\/urbeamea.ro\\\/albaiulia\\\/ceremonii-militare-la-alba-iulia-prilejuite-de-ziua-nationala-a-romaniei\\\/\",\"name\":\"Ceremonii militare la Alba-Iulia, prilejuite de Ziua Na\u021bional\u0103 a Rom\u00e2niei - Revista Urbea Mea - Revista de Alba\",\"isPartOf\":{\"@id\":\"https:\\\/\\\/urbeamea.ro\\\/albaiulia\\\/#website\"},\"primaryImageOfPage\":{\"@id\":\"https:\\\/\\\/urbeamea.ro\\\/albaiulia\\\/ceremonii-militare-la-alba-iulia-prilejuite-de-ziua-nationala-a-romaniei\\\/#primaryimage\"},\"image\":{\"@id\":\"https:\\\/\\\/urbeamea.ro\\\/albaiulia\\\/ceremonii-militare-la-alba-iulia-prilejuite-de-ziua-nationala-a-romaniei\\\/#primaryimage\"},\"thumbnailUrl\":\"https:\\\/\\\/urbeamea.ro\\\/albaiulia\\\/wp-content\\\/uploads\\\/2015\\\/12\\\/Picture-0451.jpg\",\"datePublished\":\"2023-11-28T11:30:29+00:00\",\"dateModified\":\"2023-11-28T11:30:31+00:00\",\"author\":{\"@id\":\"https:\\\/\\\/urbeamea.ro\\\/albaiulia\\\/#\\\/schema\\\/person\\\/272ae98052f8ee8980f59848df070247\"},\"description\":\"Cu ocazia s\u0103rb\u0103toririi Zilei Na\u021bionale a Rom\u00e2niei, \u00een Municipiul Alba Iulia, vor avea loc, \u00een perioada 30 noiembrie \u2013 1 decembrie 2023, manifest\u0103ri la\",\"breadcrumb\":{\"@id\":\"https:\\\/\\\/urbeamea.ro\\\/albaiulia\\\/ceremonii-militare-la-alba-iulia-prilejuite-de-ziua-nationala-a-romaniei\\\/#breadcrumb\"},\"inLanguage\":\"ro-RO\",\"potentialAction\":[{\"@type\":\"ReadAction\",\"target\":[\"https:\\\/\\\/urbeamea.ro\\\/albaiulia\\\/ceremonii-militare-la-alba-iulia-prilejuite-de-ziua-nationala-a-romaniei\\\/\"]}]},{\"@type\":\"ImageObject\",\"inLanguage\":\"ro-RO\",\"@id\":\"https:\\\/\\\/urbeamea.ro\\\/albaiulia\\\/ceremonii-militare-la-alba-iulia-prilejuite-de-ziua-nationala-a-romaniei\\\/#primaryimage\",\"url\":\"https:\\\/\\\/urbeamea.ro\\\/albaiulia\\\/wp-content\\\/uploads\\\/2015\\\/12\\\/Picture-0451.jpg\",\"contentUrl\":\"https:\\\/\\\/urbeamea.ro\\\/albaiulia\\\/wp-content\\\/uploads\\\/2015\\\/12\\\/Picture-0451.jpg\",\"width\":1280,\"height\":853},{\"@type\":\"BreadcrumbList\",\"@id\":\"https:\\\/\\\/urbeamea.ro\\\/albaiulia\\\/ceremonii-militare-la-alba-iulia-prilejuite-de-ziua-nationala-a-romaniei\\\/#breadcrumb\",\"itemListElement\":[{\"@type\":\"ListItem\",\"position\":1,\"name\":\"Prima pagin\u0103\",\"item\":\"https:\\\/\\\/urbeamea.ro\\\/albaiulia\\\/\"},{\"@type\":\"ListItem\",\"position\":2,\"name\":\"Ceremonii militare la Alba-Iulia, prilejuite de Ziua Na\u021bional\u0103 a Rom\u00e2niei\"}]},{\"@type\":\"WebSite\",\"@id\":\"https:\\\/\\\/urbeamea.ro\\\/albaiulia\\\/#website\",\"url\":\"https:\\\/\\\/urbeamea.ro\\\/albaiulia\\\/\",\"name\":\"Revista Urbea Mea, Stiri urbane\",\"description\":\"Evenimente \u0219i \u0219tiri din Alba Iulia, Sebe\u0219, Aiud, Blaj\",\"potentialAction\":[{\"@type\":\"SearchAction\",\"target\":{\"@type\":\"EntryPoint\",\"urlTemplate\":\"https:\\\/\\\/urbeamea.ro\\\/albaiulia\\\/?s={search_term_string}\"},\"query-input\":{\"@type\":\"PropertyValueSpecification\",\"valueRequired\":true,\"valueName\":\"search_term_string\"}}],\"inLanguage\":\"ro-RO\"},{\"@type\":\"Person\",\"@id\":\"https:\\\/\\\/urbeamea.ro\\\/albaiulia\\\/#\\\/schema\\\/person\\\/272ae98052f8ee8980f59848df070247\",\"name\":\"Redac\u021bia UrbeaMea\",\"image\":{\"@type\":\"ImageObject\",\"inLanguage\":\"ro-RO\",\"@id\":\"https:\\\/\\\/secure.gravatar.com\\\/avatar\\\/9ce5a9435071fa1037e8468053ead8e513dbbff59009d3069aadb85506d85a27?s=96&d=mm&r=g\",\"url\":\"https:\\\/\\\/secure.gravatar.com\\\/avatar\\\/9ce5a9435071fa1037e8468053ead8e513dbbff59009d3069aadb85506d85a27?s=96&d=mm&r=g\",\"contentUrl\":\"https:\\\/\\\/secure.gravatar.com\\\/avatar\\\/9ce5a9435071fa1037e8468053ead8e513dbbff59009d3069aadb85506d85a27?s=96&d=mm&r=g\",\"caption\":\"Redac\u021bia UrbeaMea\"},\"description\":\"contact@urbeamea.ro\",\"sameAs\":[\"https:\\\/\\\/www.urbeamea.ro\"],\"url\":\"https:\\\/\\\/urbeamea.ro\\\/albaiulia\\\/author\\\/redactia-urbeamea\\\/\"}]}<\/script>\n<!-- \/ Yoast SEO plugin. -->","yoast_head_json":{"title":"Ceremonii militare la Alba-Iulia, prilejuite de Ziua Na\u021bional\u0103 a Rom\u00e2niei - Revista Urbea Mea - Revista de Alba","description":"Cu ocazia s\u0103rb\u0103toririi Zilei Na\u021bionale a Rom\u00e2niei, \u00een Municipiul Alba Iulia, vor avea loc, \u00een perioada 30 noiembrie \u2013 1 decembrie 2023, manifest\u0103ri la","robots":{"index":"index","follow":"follow","max-snippet":"max-snippet:-1","max-image-preview":"max-image-preview:large","max-video-preview":"max-video-preview:-1"},"canonical":"https:\/\/urbeamea.ro\/albaiulia\/ceremonii-militare-la-alba-iulia-prilejuite-de-ziua-nationala-a-romaniei\/","twitter_card":"summary_large_image","twitter_title":"Ceremonii militare la Alba-Iulia, prilejuite de Ziua Na\u021bional\u0103 a Rom\u00e2niei - Revista Urbea Mea - Revista de Alba","twitter_description":"Cu ocazia s\u0103rb\u0103toririi Zilei Na\u021bionale a Rom\u00e2niei, \u00een Municipiul Alba Iulia, vor avea loc, \u00een perioada 30 noiembrie \u2013 1 decembrie 2023, manifest\u0103ri la","twitter_image":"https:\/\/urbeamea.ro\/albaiulia\/wp-content\/uploads\/2015\/12\/Picture-0451.jpg","twitter_creator":"@urbeameaweb","twitter_site":"@urbeameaweb","schema":{"@context":"https:\/\/schema.org","@graph":[{"@type":"Article","@id":"https:\/\/urbeamea.ro\/albaiulia\/ceremonii-militare-la-alba-iulia-prilejuite-de-ziua-nationala-a-romaniei\/#article","isPartOf":{"@id":"https:\/\/urbeamea.ro\/albaiulia\/ceremonii-militare-la-alba-iulia-prilejuite-de-ziua-nationala-a-romaniei\/"},"author":{"name":"Redac\u021bia UrbeaMea","@id":"https:\/\/urbeamea.ro\/albaiulia\/#\/schema\/person\/272ae98052f8ee8980f59848df070247"},"headline":"Ceremonii militare la Alba-Iulia, prilejuite de Ziua Na\u021bional\u0103 a Rom\u00e2niei","datePublished":"2023-11-28T11:30:29+00:00","dateModified":"2023-11-28T11:30:31+00:00","mainEntityOfPage":{"@id":"https:\/\/urbeamea.ro\/albaiulia\/ceremonii-militare-la-alba-iulia-prilejuite-de-ziua-nationala-a-romaniei\/"},"wordCount":612,"commentCount":0,"image":{"@id":"https:\/\/urbeamea.ro\/albaiulia\/ceremonii-militare-la-alba-iulia-prilejuite-de-ziua-nationala-a-romaniei\/#primaryimage"},"thumbnailUrl":"https:\/\/urbeamea.ro\/albaiulia\/wp-content\/uploads\/2015\/12\/Picture-0451.jpg","articleSection":["\u015etiri Urbane"],"inLanguage":"ro-RO","potentialAction":[{"@type":"CommentAction","name":"Comment","target":["https:\/\/urbeamea.ro\/albaiulia\/ceremonii-militare-la-alba-iulia-prilejuite-de-ziua-nationala-a-romaniei\/#respond"]}]},{"@type":"WebPage","@id":"https:\/\/urbeamea.ro\/albaiulia\/ceremonii-militare-la-alba-iulia-prilejuite-de-ziua-nationala-a-romaniei\/","url":"https:\/\/urbeamea.ro\/albaiulia\/ceremonii-militare-la-alba-iulia-prilejuite-de-ziua-nationala-a-romaniei\/","name":"Ceremonii militare la Alba-Iulia, prilejuite de Ziua Na\u021bional\u0103 a Rom\u00e2niei - Revista Urbea Mea - Revista de Alba","isPartOf":{"@id":"https:\/\/urbeamea.ro\/albaiulia\/#website"},"primaryImageOfPage":{"@id":"https:\/\/urbeamea.ro\/albaiulia\/ceremonii-militare-la-alba-iulia-prilejuite-de-ziua-nationala-a-romaniei\/#primaryimage"},"image":{"@id":"https:\/\/urbeamea.ro\/albaiulia\/ceremonii-militare-la-alba-iulia-prilejuite-de-ziua-nationala-a-romaniei\/#primaryimage"},"thumbnailUrl":"https:\/\/urbeamea.ro\/albaiulia\/wp-content\/uploads\/2015\/12\/Picture-0451.jpg","datePublished":"2023-11-28T11:30:29+00:00","dateModified":"2023-11-28T11:30:31+00:00","author":{"@id":"https:\/\/urbeamea.ro\/albaiulia\/#\/schema\/person\/272ae98052f8ee8980f59848df070247"},"description":"Cu ocazia s\u0103rb\u0103toririi Zilei Na\u021bionale a Rom\u00e2niei, \u00een Municipiul Alba Iulia, vor avea loc, \u00een perioada 30 noiembrie \u2013 1 decembrie 2023, manifest\u0103ri la","breadcrumb":{"@id":"https:\/\/urbeamea.ro\/albaiulia\/ceremonii-militare-la-alba-iulia-prilejuite-de-ziua-nationala-a-romaniei\/#breadcrumb"},"inLanguage":"ro-RO","potentialAction":[{"@type":"ReadAction","target":["https:\/\/urbeamea.ro\/albaiulia\/ceremonii-militare-la-alba-iulia-prilejuite-de-ziua-nationala-a-romaniei\/"]}]},{"@type":"ImageObject","inLanguage":"ro-RO","@id":"https:\/\/urbeamea.ro\/albaiulia\/ceremonii-militare-la-alba-iulia-prilejuite-de-ziua-nationala-a-romaniei\/#primaryimage","url":"https:\/\/urbeamea.ro\/albaiulia\/wp-content\/uploads\/2015\/12\/Picture-0451.jpg","contentUrl":"https:\/\/urbeamea.ro\/albaiulia\/wp-content\/uploads\/2015\/12\/Picture-0451.jpg","width":1280,"height":853},{"@type":"BreadcrumbList","@id":"https:\/\/urbeamea.ro\/albaiulia\/ceremonii-militare-la-alba-iulia-prilejuite-de-ziua-nationala-a-romaniei\/#breadcrumb","itemListElement":[{"@type":"ListItem","position":1,"name":"Prima pagin\u0103","item":"https:\/\/urbeamea.ro\/albaiulia\/"},{"@type":"ListItem","position":2,"name":"Ceremonii militare la Alba-Iulia, prilejuite de Ziua Na\u021bional\u0103 a Rom\u00e2niei"}]},{"@type":"WebSite","@id":"https:\/\/urbeamea.ro\/albaiulia\/#website","url":"https:\/\/urbeamea.ro\/albaiulia\/","name":"Revista Urbea Mea, Stiri urbane","description":"Evenimente \u0219i \u0219tiri din Alba Iulia, Sebe\u0219, Aiud, Blaj","potentialAction":[{"@type":"SearchAction","target":{"@type":"EntryPoint","urlTemplate":"https:\/\/urbeamea.ro\/albaiulia\/?s={search_term_string}"},"query-input":{"@type":"PropertyValueSpecification","valueRequired":true,"valueName":"search_term_string"}}],"inLanguage":"ro-RO"},{"@type":"Person","@id":"https:\/\/urbeamea.ro\/albaiulia\/#\/schema\/person\/272ae98052f8ee8980f59848df070247","name":"Redac\u021bia UrbeaMea","image":{"@type":"ImageObject","inLanguage":"ro-RO","@id":"https:\/\/secure.gravatar.com\/avatar\/9ce5a9435071fa1037e8468053ead8e513dbbff59009d3069aadb85506d85a27?s=96&d=mm&r=g","url":"https:\/\/secure.gravatar.com\/avatar\/9ce5a9435071fa1037e8468053ead8e513dbbff59009d3069aadb85506d85a27?s=96&d=mm&r=g","contentUrl":"https:\/\/secure.gravatar.com\/avatar\/9ce5a9435071fa1037e8468053ead8e513dbbff59009d3069aadb85506d85a27?s=96&d=mm&r=g","caption":"Redac\u021bia UrbeaMea"},"description":"contact@urbeamea.ro","sameAs":["https:\/\/www.urbeamea.ro"],"url":"https:\/\/urbeamea.ro\/albaiulia\/author\/redactia-urbeamea\/"}]}},"_links":{"self":[{"href":"https:\/\/urbeamea.ro\/albaiulia\/wp-json\/wp\/v2\/posts\/109774","targetHints":{"allow":["GET"]}}],"collection":[{"href":"https:\/\/urbeamea.ro\/albaiulia\/wp-json\/wp\/v2\/posts"}],"about":[{"href":"https:\/\/urbeamea.ro\/albaiulia\/wp-json\/wp\/v2\/types\/post"}],"author":[{"embeddable":true,"href":"https:\/\/urbeamea.ro\/albaiulia\/wp-json\/wp\/v2\/users\/16"}],"replies":[{"embeddable":true,"href":"https:\/\/urbeamea.ro\/albaiulia\/wp-json\/wp\/v2\/comments?post=109774"}],"version-history":[{"count":1,"href":"https:\/\/urbeamea.ro\/albaiulia\/wp-json\/wp\/v2\/posts\/109774\/revisions"}],"predecessor-version":[{"id":109778,"href":"https:\/\/urbeamea.ro\/albaiulia\/wp-json\/wp\/v2\/posts\/109774\/revisions\/109778"}],"wp:featuredmedia":[{"embeddable":true,"href":"https:\/\/urbeamea.ro\/albaiulia\/wp-json\/wp\/v2\/media\/13638"}],"wp:attachment":[{"href":"https:\/\/urbeamea.ro\/albaiulia\/wp-json\/wp\/v2\/media?parent=109774"}],"wp:term":[{"taxonomy":"category","embeddable":true,"href":"https:\/\/urbeamea.ro\/albaiulia\/wp-json\/wp\/v2\/categories?post=109774"},{"taxonomy":"post_tag","embeddable":true,"href":"https:\/\/urbeamea.ro\/albaiulia\/wp-json\/wp\/v2\/tags?post=109774"}],"curies":[{"name":"wp","href":"https:\/\/api.w.org\/{rel}","templated":true}]}}