{"id":109779,"date":"2023-11-28T13:35:29","date_gmt":"2023-11-28T11:35:29","guid":{"rendered":"https:\/\/urbeamea.ro\/albaiulia\/?p=109779"},"modified":"2023-11-28T13:35:31","modified_gmt":"2023-11-28T11:35:31","slug":"expozitia-second-life","status":"publish","type":"post","link":"https:\/\/urbeamea.ro\/albaiulia\/expozitia-second-life\/","title":{"rendered":"EXPOZI\u021aIA SECOND LIFE."},"content":{"rendered":"\n<h2 class=\"wp-block-heading\">Ion Isaila artist &amp; colec\u021bionar<\/h2>\n\n\n\n<p>Artistul vizual Ion Isaila, n\u0103scut \u00een Sibiu, actualmente stabilit \u00een Germania din anul 1984, prezint\u0103 \u00een premier\u0103 na\u0163ional\u0103 obiecte din colec\u0163ia personal\u0103 acumulat\u0103 \u00een peste 6 decenii de activitate artistic\u0103. Expozi\u0163ia, care a putut fi vizionat\u0103 \u00een s\u0103pt\u0103m\u00e2nile precedente la Biblioteca \u201eAstra\u201d din Sibiu, va fi vernisat\u0103 la Alba Iulia miercuri, 29 noiembrie 2023, la ora 15.00, la Museikon \u015fi va r\u0103m\u00e2ne deschis\u0103 p\u00e2n\u0103 \u00een 20 Ianuarie 2024.<\/p>\n\n\n\n<p>Vor putea fi admirate lucr\u0103ri de grafic\u0103, sculptur\u0103, art\u0103 decorativ\u0103, multiples, c\u0103r\u0163i de artist, miniaturi s.a., provenite de pe trei continente, opere de art\u0103 modern\u0103 \u015fi contemporan\u0103, dar \u015fi din epocile anterioare, achizi\u0163ionate sau primite de la arti\u015fti colegi, prieteni, profesori, multe dintre ele cu dedica\u0163ie personal\u0103.<\/p>\n\n\n\n<p>Expozi\u021bia este, \u00een acela\u0219i timp, o pledoarie pentru frumosul din jurul nostru \u0219i un impuls pentru investi\u021bia \u00een art\u0103, dup\u0103 cum m\u0103rturise\u0219te \u00eensu\u0219i artistul colec\u021bionar: \u201e\u00cen aparen\u021b\u0103 o zon\u0103 exclusiv\u0103, exorbitant\u0103 \u0219i select\u0103, pia\u021ba de art\u0103 este \u2013 \u00een principiu \u2013 accesibil\u0103 oricui. \u00cen expozi\u021bii, ateliere, galerii \u0219i \u00een case de licita\u021bie, dar mai ales online, se pot cump\u0103ra oric\u00e2nd \u0219i la pre\u021buri modice sau mici lucr\u0103ri minunate, chiar \u0219i de la arti\u0219ti celebri. Nepriceperea, nesiguran\u021ba, dar mai ales comoditatea \u0219i lipsa de informa\u021bie \u0219i voin\u021b\u0103 fac ca oameni extrem de pu\u021bini s\u0103 se bucure de aceste valori autentice\u201d. Pe l\u00e2ng\u0103 rela\u021bia personal\u0103 cu operele din colec\u021bie, Ion Isaila dore\u0219te ca aceast\u0103 expozi\u021bie s\u0103 fie un imbold spre sus\u021binerea, promovarea \u0219i finan\u021barea artei de c\u0103tre publicul larg. \u201eLucrurile se pot schimba\u201d, crede el.<\/p>\n\n\n\n<p>Expozi\u021bia \u201eSecond Life\u201d, cuprinde lucr\u0103ri semnate de Stefan Anastasiu, Mirela Anura, C. Apostol, Thomas Bayerle, Joseph Beuys, Bonifiali, Marcel Bunea, Marcel Broodthaers, Arnold Busch, Adina Caloenesco, Marcel Chirnoag\u0103, Piero Dorazio, Andrzej Cisowski, Hanne Darboven, Astrid Feuser, Suzana F\u00e2nt\u00e2nariu, Gisela Fl\u00fcgge, Oli Grausz, Niculae Groza, Eggenschwiler, Wolfgang E. Herbst, Thomas Hirschorn, Dieter Krieg, Setsuko Ikai, Gereon Inger, Edgar A. Eubel, Rita Segelke, J\u00fcrgen Hille, Gisela Machalz, Dan Mih\u0103l\u021bianu \u0219i Bruce Nauman.<\/p>\n\n\n\n<p>Artistul \u00eensu\u0219i are lucr\u0103ri \u00een colec\u0163ii de art\u0103 publice \u015fi private, la Kunstsammlungen Chemnitz, Kunsthaus NRW \u00een Aachen, Muzeul Brukenthal \u0219i Fundatia ASTRA din Sibiu, Muzeul de Art\u0103 din Cluj-Napoca, UNArte Bucure\u0219ti, Muzeul de Art\u0103 din Suceava, Colec\u021bia ora\u0219ului D\u00fcsseldorf \u0219i \u2013 sper\u0103m c\u00e2t de cur\u00e2nd \u2013 \u0219i la Muzeul Na\u021bional al Unirii din Alba Iulia.<\/p>\n","protected":false},"excerpt":{"rendered":"<p>Ion Isaila artist &amp; colec\u021bionar Artistul vizual Ion Isaila, n\u0103scut \u00een Sibiu, actualmente stabilit \u00een Germania din anul 1984, prezint\u0103 \u00een premier\u0103 na\u0163ional\u0103 obiecte din colec\u0163ia personal\u0103 acumulat\u0103 \u00een peste 6 decenii de activitate artistic\u0103. Expozi\u0163ia, care a putut fi vizionat\u0103 \u00een s\u0103pt\u0103m\u00e2nile precedente la Biblioteca \u201eAstra\u201d din Sibiu, va fi vernisat\u0103 la Alba Iulia &hellip;<\/p>\n","protected":false},"author":16,"featured_media":109780,"comment_status":"open","ping_status":"open","sticky":false,"template":"","format":"standard","meta":{"inline_featured_image":false,"footnotes":""},"categories":[4],"tags":[773],"class_list":["post-109779","post","type-post","status-publish","format-standard","has-post-thumbnail","hentry","category-eveniment","tag-museikon"],"yoast_head":"<!-- This site is optimized with the Yoast SEO plugin v27.4 - https:\/\/yoast.com\/product\/yoast-seo-wordpress\/ -->\n<title>EXPOZI\u021aIA SECOND LIFE. - Revista Urbea Mea - Revista de Alba<\/title>\n<meta name=\"description\" content=\"Ion Isaila artist &amp; colec\u021bionar Artistul vizual Ion Isaila, n\u0103scut \u00een Sibiu, actualmente stabilit \u00een Germania din anul 1984, prezint\u0103 \u00een premier\u0103\" \/>\n<meta name=\"robots\" content=\"index, follow, max-snippet:-1, max-image-preview:large, max-video-preview:-1\" \/>\n<link rel=\"canonical\" href=\"https:\/\/urbeamea.ro\/albaiulia\/expozitia-second-life\/\" \/>\n<meta name=\"twitter:card\" content=\"summary_large_image\" \/>\n<meta name=\"twitter:title\" content=\"EXPOZI\u021aIA SECOND LIFE. - Revista Urbea Mea - Revista de Alba\" \/>\n<meta name=\"twitter:description\" content=\"Ion Isaila artist &amp; colec\u021bionar Artistul vizual Ion Isaila, n\u0103scut \u00een Sibiu, actualmente stabilit \u00een Germania din anul 1984, prezint\u0103 \u00een premier\u0103\" \/>\n<meta name=\"twitter:image\" content=\"https:\/\/urbeamea.ro\/albaiulia\/wp-content\/uploads\/2023\/11\/AFIS-SECOND-LIFE-11-oct_page-0001.jpg\" \/>\n<meta name=\"twitter:creator\" content=\"@urbeameaweb\" \/>\n<meta name=\"twitter:site\" content=\"@urbeameaweb\" \/>\n<script type=\"application\/ld+json\" class=\"yoast-schema-graph\">{\"@context\":\"https:\\\/\\\/schema.org\",\"@graph\":[{\"@type\":\"Article\",\"@id\":\"https:\\\/\\\/urbeamea.ro\\\/albaiulia\\\/expozitia-second-life\\\/#article\",\"isPartOf\":{\"@id\":\"https:\\\/\\\/urbeamea.ro\\\/albaiulia\\\/expozitia-second-life\\\/\"},\"author\":{\"name\":\"Redac\u021bia UrbeaMea\",\"@id\":\"https:\\\/\\\/urbeamea.ro\\\/albaiulia\\\/#\\\/schema\\\/person\\\/272ae98052f8ee8980f59848df070247\"},\"headline\":\"EXPOZI\u021aIA SECOND LIFE.\",\"datePublished\":\"2023-11-28T11:35:29+00:00\",\"dateModified\":\"2023-11-28T11:35:31+00:00\",\"mainEntityOfPage\":{\"@id\":\"https:\\\/\\\/urbeamea.ro\\\/albaiulia\\\/expozitia-second-life\\\/\"},\"wordCount\":435,\"commentCount\":0,\"image\":{\"@id\":\"https:\\\/\\\/urbeamea.ro\\\/albaiulia\\\/expozitia-second-life\\\/#primaryimage\"},\"thumbnailUrl\":\"https:\\\/\\\/urbeamea.ro\\\/albaiulia\\\/wp-content\\\/uploads\\\/2023\\\/11\\\/AFIS-SECOND-LIFE-11-oct_page-0001.jpg\",\"keywords\":[\"museikon\"],\"articleSection\":[\"Evenimente\"],\"inLanguage\":\"ro-RO\",\"potentialAction\":[{\"@type\":\"CommentAction\",\"name\":\"Comment\",\"target\":[\"https:\\\/\\\/urbeamea.ro\\\/albaiulia\\\/expozitia-second-life\\\/#respond\"]}]},{\"@type\":\"WebPage\",\"@id\":\"https:\\\/\\\/urbeamea.ro\\\/albaiulia\\\/expozitia-second-life\\\/\",\"url\":\"https:\\\/\\\/urbeamea.ro\\\/albaiulia\\\/expozitia-second-life\\\/\",\"name\":\"EXPOZI\u021aIA SECOND LIFE. - Revista Urbea Mea - Revista de Alba\",\"isPartOf\":{\"@id\":\"https:\\\/\\\/urbeamea.ro\\\/albaiulia\\\/#website\"},\"primaryImageOfPage\":{\"@id\":\"https:\\\/\\\/urbeamea.ro\\\/albaiulia\\\/expozitia-second-life\\\/#primaryimage\"},\"image\":{\"@id\":\"https:\\\/\\\/urbeamea.ro\\\/albaiulia\\\/expozitia-second-life\\\/#primaryimage\"},\"thumbnailUrl\":\"https:\\\/\\\/urbeamea.ro\\\/albaiulia\\\/wp-content\\\/uploads\\\/2023\\\/11\\\/AFIS-SECOND-LIFE-11-oct_page-0001.jpg\",\"datePublished\":\"2023-11-28T11:35:29+00:00\",\"dateModified\":\"2023-11-28T11:35:31+00:00\",\"author\":{\"@id\":\"https:\\\/\\\/urbeamea.ro\\\/albaiulia\\\/#\\\/schema\\\/person\\\/272ae98052f8ee8980f59848df070247\"},\"description\":\"Ion Isaila artist &amp; colec\u021bionar Artistul vizual Ion Isaila, n\u0103scut \u00een Sibiu, actualmente stabilit \u00een Germania din anul 1984, prezint\u0103 \u00een premier\u0103\",\"breadcrumb\":{\"@id\":\"https:\\\/\\\/urbeamea.ro\\\/albaiulia\\\/expozitia-second-life\\\/#breadcrumb\"},\"inLanguage\":\"ro-RO\",\"potentialAction\":[{\"@type\":\"ReadAction\",\"target\":[\"https:\\\/\\\/urbeamea.ro\\\/albaiulia\\\/expozitia-second-life\\\/\"]}]},{\"@type\":\"ImageObject\",\"inLanguage\":\"ro-RO\",\"@id\":\"https:\\\/\\\/urbeamea.ro\\\/albaiulia\\\/expozitia-second-life\\\/#primaryimage\",\"url\":\"https:\\\/\\\/urbeamea.ro\\\/albaiulia\\\/wp-content\\\/uploads\\\/2023\\\/11\\\/AFIS-SECOND-LIFE-11-oct_page-0001.jpg\",\"contentUrl\":\"https:\\\/\\\/urbeamea.ro\\\/albaiulia\\\/wp-content\\\/uploads\\\/2023\\\/11\\\/AFIS-SECOND-LIFE-11-oct_page-0001.jpg\",\"width\":1132,\"height\":1600},{\"@type\":\"BreadcrumbList\",\"@id\":\"https:\\\/\\\/urbeamea.ro\\\/albaiulia\\\/expozitia-second-life\\\/#breadcrumb\",\"itemListElement\":[{\"@type\":\"ListItem\",\"position\":1,\"name\":\"Prima pagin\u0103\",\"item\":\"https:\\\/\\\/urbeamea.ro\\\/albaiulia\\\/\"},{\"@type\":\"ListItem\",\"position\":2,\"name\":\"EXPOZI\u021aIA SECOND LIFE.\"}]},{\"@type\":\"WebSite\",\"@id\":\"https:\\\/\\\/urbeamea.ro\\\/albaiulia\\\/#website\",\"url\":\"https:\\\/\\\/urbeamea.ro\\\/albaiulia\\\/\",\"name\":\"Revista Urbea Mea, Stiri urbane\",\"description\":\"Evenimente \u0219i \u0219tiri din Alba Iulia, Sebe\u0219, Aiud, Blaj\",\"potentialAction\":[{\"@type\":\"SearchAction\",\"target\":{\"@type\":\"EntryPoint\",\"urlTemplate\":\"https:\\\/\\\/urbeamea.ro\\\/albaiulia\\\/?s={search_term_string}\"},\"query-input\":{\"@type\":\"PropertyValueSpecification\",\"valueRequired\":true,\"valueName\":\"search_term_string\"}}],\"inLanguage\":\"ro-RO\"},{\"@type\":\"Person\",\"@id\":\"https:\\\/\\\/urbeamea.ro\\\/albaiulia\\\/#\\\/schema\\\/person\\\/272ae98052f8ee8980f59848df070247\",\"name\":\"Redac\u021bia UrbeaMea\",\"image\":{\"@type\":\"ImageObject\",\"inLanguage\":\"ro-RO\",\"@id\":\"https:\\\/\\\/secure.gravatar.com\\\/avatar\\\/9ce5a9435071fa1037e8468053ead8e513dbbff59009d3069aadb85506d85a27?s=96&d=mm&r=g\",\"url\":\"https:\\\/\\\/secure.gravatar.com\\\/avatar\\\/9ce5a9435071fa1037e8468053ead8e513dbbff59009d3069aadb85506d85a27?s=96&d=mm&r=g\",\"contentUrl\":\"https:\\\/\\\/secure.gravatar.com\\\/avatar\\\/9ce5a9435071fa1037e8468053ead8e513dbbff59009d3069aadb85506d85a27?s=96&d=mm&r=g\",\"caption\":\"Redac\u021bia UrbeaMea\"},\"description\":\"contact@urbeamea.ro\",\"sameAs\":[\"https:\\\/\\\/www.urbeamea.ro\"],\"url\":\"https:\\\/\\\/urbeamea.ro\\\/albaiulia\\\/author\\\/redactia-urbeamea\\\/\"}]}<\/script>\n<!-- \/ Yoast SEO plugin. -->","yoast_head_json":{"title":"EXPOZI\u021aIA SECOND LIFE. - Revista Urbea Mea - Revista de Alba","description":"Ion Isaila artist &amp; colec\u021bionar Artistul vizual Ion Isaila, n\u0103scut \u00een Sibiu, actualmente stabilit \u00een Germania din anul 1984, prezint\u0103 \u00een premier\u0103","robots":{"index":"index","follow":"follow","max-snippet":"max-snippet:-1","max-image-preview":"max-image-preview:large","max-video-preview":"max-video-preview:-1"},"canonical":"https:\/\/urbeamea.ro\/albaiulia\/expozitia-second-life\/","twitter_card":"summary_large_image","twitter_title":"EXPOZI\u021aIA SECOND LIFE. - Revista Urbea Mea - Revista de Alba","twitter_description":"Ion Isaila artist &amp; colec\u021bionar Artistul vizual Ion Isaila, n\u0103scut \u00een Sibiu, actualmente stabilit \u00een Germania din anul 1984, prezint\u0103 \u00een premier\u0103","twitter_image":"https:\/\/urbeamea.ro\/albaiulia\/wp-content\/uploads\/2023\/11\/AFIS-SECOND-LIFE-11-oct_page-0001.jpg","twitter_creator":"@urbeameaweb","twitter_site":"@urbeameaweb","schema":{"@context":"https:\/\/schema.org","@graph":[{"@type":"Article","@id":"https:\/\/urbeamea.ro\/albaiulia\/expozitia-second-life\/#article","isPartOf":{"@id":"https:\/\/urbeamea.ro\/albaiulia\/expozitia-second-life\/"},"author":{"name":"Redac\u021bia UrbeaMea","@id":"https:\/\/urbeamea.ro\/albaiulia\/#\/schema\/person\/272ae98052f8ee8980f59848df070247"},"headline":"EXPOZI\u021aIA SECOND LIFE.","datePublished":"2023-11-28T11:35:29+00:00","dateModified":"2023-11-28T11:35:31+00:00","mainEntityOfPage":{"@id":"https:\/\/urbeamea.ro\/albaiulia\/expozitia-second-life\/"},"wordCount":435,"commentCount":0,"image":{"@id":"https:\/\/urbeamea.ro\/albaiulia\/expozitia-second-life\/#primaryimage"},"thumbnailUrl":"https:\/\/urbeamea.ro\/albaiulia\/wp-content\/uploads\/2023\/11\/AFIS-SECOND-LIFE-11-oct_page-0001.jpg","keywords":["museikon"],"articleSection":["Evenimente"],"inLanguage":"ro-RO","potentialAction":[{"@type":"CommentAction","name":"Comment","target":["https:\/\/urbeamea.ro\/albaiulia\/expozitia-second-life\/#respond"]}]},{"@type":"WebPage","@id":"https:\/\/urbeamea.ro\/albaiulia\/expozitia-second-life\/","url":"https:\/\/urbeamea.ro\/albaiulia\/expozitia-second-life\/","name":"EXPOZI\u021aIA SECOND LIFE. - Revista Urbea Mea - Revista de Alba","isPartOf":{"@id":"https:\/\/urbeamea.ro\/albaiulia\/#website"},"primaryImageOfPage":{"@id":"https:\/\/urbeamea.ro\/albaiulia\/expozitia-second-life\/#primaryimage"},"image":{"@id":"https:\/\/urbeamea.ro\/albaiulia\/expozitia-second-life\/#primaryimage"},"thumbnailUrl":"https:\/\/urbeamea.ro\/albaiulia\/wp-content\/uploads\/2023\/11\/AFIS-SECOND-LIFE-11-oct_page-0001.jpg","datePublished":"2023-11-28T11:35:29+00:00","dateModified":"2023-11-28T11:35:31+00:00","author":{"@id":"https:\/\/urbeamea.ro\/albaiulia\/#\/schema\/person\/272ae98052f8ee8980f59848df070247"},"description":"Ion Isaila artist &amp; colec\u021bionar Artistul vizual Ion Isaila, n\u0103scut \u00een Sibiu, actualmente stabilit \u00een Germania din anul 1984, prezint\u0103 \u00een premier\u0103","breadcrumb":{"@id":"https:\/\/urbeamea.ro\/albaiulia\/expozitia-second-life\/#breadcrumb"},"inLanguage":"ro-RO","potentialAction":[{"@type":"ReadAction","target":["https:\/\/urbeamea.ro\/albaiulia\/expozitia-second-life\/"]}]},{"@type":"ImageObject","inLanguage":"ro-RO","@id":"https:\/\/urbeamea.ro\/albaiulia\/expozitia-second-life\/#primaryimage","url":"https:\/\/urbeamea.ro\/albaiulia\/wp-content\/uploads\/2023\/11\/AFIS-SECOND-LIFE-11-oct_page-0001.jpg","contentUrl":"https:\/\/urbeamea.ro\/albaiulia\/wp-content\/uploads\/2023\/11\/AFIS-SECOND-LIFE-11-oct_page-0001.jpg","width":1132,"height":1600},{"@type":"BreadcrumbList","@id":"https:\/\/urbeamea.ro\/albaiulia\/expozitia-second-life\/#breadcrumb","itemListElement":[{"@type":"ListItem","position":1,"name":"Prima pagin\u0103","item":"https:\/\/urbeamea.ro\/albaiulia\/"},{"@type":"ListItem","position":2,"name":"EXPOZI\u021aIA SECOND LIFE."}]},{"@type":"WebSite","@id":"https:\/\/urbeamea.ro\/albaiulia\/#website","url":"https:\/\/urbeamea.ro\/albaiulia\/","name":"Revista Urbea Mea, Stiri urbane","description":"Evenimente \u0219i \u0219tiri din Alba Iulia, Sebe\u0219, Aiud, Blaj","potentialAction":[{"@type":"SearchAction","target":{"@type":"EntryPoint","urlTemplate":"https:\/\/urbeamea.ro\/albaiulia\/?s={search_term_string}"},"query-input":{"@type":"PropertyValueSpecification","valueRequired":true,"valueName":"search_term_string"}}],"inLanguage":"ro-RO"},{"@type":"Person","@id":"https:\/\/urbeamea.ro\/albaiulia\/#\/schema\/person\/272ae98052f8ee8980f59848df070247","name":"Redac\u021bia UrbeaMea","image":{"@type":"ImageObject","inLanguage":"ro-RO","@id":"https:\/\/secure.gravatar.com\/avatar\/9ce5a9435071fa1037e8468053ead8e513dbbff59009d3069aadb85506d85a27?s=96&d=mm&r=g","url":"https:\/\/secure.gravatar.com\/avatar\/9ce5a9435071fa1037e8468053ead8e513dbbff59009d3069aadb85506d85a27?s=96&d=mm&r=g","contentUrl":"https:\/\/secure.gravatar.com\/avatar\/9ce5a9435071fa1037e8468053ead8e513dbbff59009d3069aadb85506d85a27?s=96&d=mm&r=g","caption":"Redac\u021bia UrbeaMea"},"description":"contact@urbeamea.ro","sameAs":["https:\/\/www.urbeamea.ro"],"url":"https:\/\/urbeamea.ro\/albaiulia\/author\/redactia-urbeamea\/"}]}},"_links":{"self":[{"href":"https:\/\/urbeamea.ro\/albaiulia\/wp-json\/wp\/v2\/posts\/109779","targetHints":{"allow":["GET"]}}],"collection":[{"href":"https:\/\/urbeamea.ro\/albaiulia\/wp-json\/wp\/v2\/posts"}],"about":[{"href":"https:\/\/urbeamea.ro\/albaiulia\/wp-json\/wp\/v2\/types\/post"}],"author":[{"embeddable":true,"href":"https:\/\/urbeamea.ro\/albaiulia\/wp-json\/wp\/v2\/users\/16"}],"replies":[{"embeddable":true,"href":"https:\/\/urbeamea.ro\/albaiulia\/wp-json\/wp\/v2\/comments?post=109779"}],"version-history":[{"count":1,"href":"https:\/\/urbeamea.ro\/albaiulia\/wp-json\/wp\/v2\/posts\/109779\/revisions"}],"predecessor-version":[{"id":109781,"href":"https:\/\/urbeamea.ro\/albaiulia\/wp-json\/wp\/v2\/posts\/109779\/revisions\/109781"}],"wp:featuredmedia":[{"embeddable":true,"href":"https:\/\/urbeamea.ro\/albaiulia\/wp-json\/wp\/v2\/media\/109780"}],"wp:attachment":[{"href":"https:\/\/urbeamea.ro\/albaiulia\/wp-json\/wp\/v2\/media?parent=109779"}],"wp:term":[{"taxonomy":"category","embeddable":true,"href":"https:\/\/urbeamea.ro\/albaiulia\/wp-json\/wp\/v2\/categories?post=109779"},{"taxonomy":"post_tag","embeddable":true,"href":"https:\/\/urbeamea.ro\/albaiulia\/wp-json\/wp\/v2\/tags?post=109779"}],"curies":[{"name":"wp","href":"https:\/\/api.w.org\/{rel}","templated":true}]}}