{"id":109782,"date":"2023-11-28T13:37:13","date_gmt":"2023-11-28T11:37:13","guid":{"rendered":"https:\/\/urbeamea.ro\/albaiulia\/?p=109782"},"modified":"2023-11-28T13:37:15","modified_gmt":"2023-11-28T11:37:15","slug":"rer-vest-retim-informare-si-recomandari-pentru-sezonul-rece","status":"publish","type":"post","link":"https:\/\/urbeamea.ro\/albaiulia\/rer-vest-retim-informare-si-recomandari-pentru-sezonul-rece\/","title":{"rendered":"RER Vest \u2013 RETIM:\u00a0 Informare \u0219i recomand\u0103ri pentru sezonul rece"},"content":{"rendered":"\n<p>Echipajele de salubrizare menajer\u0103 ale Asocierii RER Vest &#8211; RETIM colecteaz\u0103 de\u0219eurile conform graficelor stabilite<\/p>\n\n\n\n<p>\u00cen sezonul rece, echipajele Asocierii RER Vest \u2013 RETIM Ecologic Service vor ridica de\u0219eurile conform graficelor de colectare \u00een vigoare, \u00een toate zonele de delegare.<\/p>\n\n\n\n<p>Asocierea RER Vest \u2013 RETIM informeaz\u0103 cet\u0103\u021benii c\u0103, \u00een prezent, colectarea de\u0219eurilor menajere de la persoanele fizice \u0219i agen\u021bii economici decurge f\u0103r\u0103 \u00eentreruperea activit\u0103\u021bii, \u00een condi\u021bii de iarn\u0103. \u00cen cazul condi\u021biilor meteorologice cu c\u0103deri de precipita\u021bii sub form\u0103 de lapovi\u021b\u0103 \u0219i\/sau ninsoare, \u00een ziua de colectare a de\u0219eurilor reciclabile, le recomand\u0103m clien\u021bilor casnici s\u0103 le depoziteze golite, pliate sau strivite, \u00een saci galbeni sau \u00een alt tip de saci transparen\u021bi, colora\u021bi, \u0219i s\u0103 lege bine sacii, pentru a evita umezirea de\u0219eurilor.<\/p>\n\n\n\n<p>\u00cen cazul pubelei pentru de\u0219euri reziduale, \u00een perioada rece, din cauza gradului de umiditate mare, exist\u0103 riscul ca ceea ce se depoziteaz\u0103 \u00een pubela neagr\u0103 s\u0103 \u00eenghe\u021be. Astfel, compania RER \u00eei sf\u0103tuie\u0219te pe cet\u0103\u021beni s\u0103 \u021bin\u0103 aceast\u0103 pubel\u0103 \u00eentr-o zon\u0103 ad\u0103postit\u0103 (garaj\/teras\u0103) \u0219i s\u0103 o scoat\u0103 spre colectare c\u00e2t de des posibil, pentru a evita blocarea de\u0219eurilor \u00een recipient sau deteriorarea recipientului \u00een momentul golirii, dac\u0103 de\u0219eurile au \u00eenghe\u021bat.<\/p>\n\n\n\n<p><strong>Men\u021bionare privind serviciile de desz\u0103pezire:<\/strong><\/p>\n\n\n\n<p>Preciz\u0103m c\u0103 Asocierea RER VEST \u2013 RETIM nu presteaz\u0103 servicii de desz\u0103pezire \u00een jude\u021bul Alba \u0219i nici \u00een Municipiul Alba Iulia, acestea fiind contratate de c\u0103tre Consiliul Jude\u021bean c\u0103tre o alt\u0103 companie. Pentru situa\u021bii legate de desz\u0103pezire localnicii sunt ruga\u021bi s\u0103 contacteze administra\u021biile locale de care apar\u021bin.<\/p>\n\n\n\n<p>Compania RER mul\u021bume\u0219te tuturor cet\u0103\u021benilor pentru \u00een\u021belegere \u0219i colaborare \u0219i \u00eei asigur\u0103 c\u0103 depune toate eforturile pentru a presta serviciile de salubrizare \u00een parametri, conform programului de colectare. Pentru zonele \u00een care cet\u0103\u021benii scot recipientele de de\u0219euri \u00een fa\u021ba por\u021bii, recomand\u0103 pruden\u021b\u0103, \u00een condi\u021bii de v\u00e2nt extrem, exist\u00e2nd riscul ca acestea s\u0103 fie r\u0103sturnate, s\u0103 provoace pagube materiale sau s\u0103 r\u0103neasc\u0103 pietonii din zon\u0103.<\/p>\n\n\n\n<p>Pentru sesiz\u0103ri legate de colectarea de\u0219eurilor, Compania RER poate fi apelat\u0103 prin Call Center, la num\u0103rul de telefon 0374 885 694, sau prin email la <a href=\"mailto:sesizari.alba@rervest.ro\">sesizari.alba@rervest.ro<\/a>.<\/p>\n\n\n\n<p>&#8211;&#8211;&#8211;&#8211;&#8211;&#8211;&#8211;&#8211;&#8211;&#8211;&#8211;&#8211;&#8211;&#8211;&#8211;&#8211;&#8211;&#8211;&#8211;&#8211;&#8211;&#8211;&#8211;&#8211;&#8211;&#8211;-<\/p>\n\n\n\n<p><strong>Despre Asocierea RER Vest &#8211; RETIM \u0219i RER Group<\/strong><\/p>\n\n\n\n<p><strong>Asocierea RER Vest S.A. \u2013 RETIM Ecologic Service Timi\u0219oara S.A. <\/strong>ofer\u0103 servicii de salubritate profesioniste locuitorilor din jude\u021bul Alba \u00eencep\u00e2nd cu 1 decembrie 2021. \u00cen baza licita\u021biei organizat\u0103 de ADI Salubris Alba, din anul 2019, asocierea este responsabil\u0103 de colectarea \u0219i sortarea de\u0219eurilor din Zona 1: ora\u0219ele Alba Iulia, Aiud, Ocna Mure\u0219, Teiu\u0219, respectiv comunele Ciugud, Berghin, Ohaba, Mihal\u021b, Strem\u021b, Galda de Jos, Cric\u0103u, \u00centregalde, Ighiu, S\u00e2ntimbru, R\u00e2me\u021b, R\u0103de\u0219ti, Rimetea, Lopadea Nou\u0103, Livezile, Mir\u0103sl\u0103u, Ponor, Hop\u00e2rta, F\u0103r\u0103u, No\u0219lac, Lunca Mure\u0219ului, Unirea \u0219i Zona 2: ora\u0219ele Sebe\u0219, Cugir, respectiv comunele Daia, Cut, Spring, Do\u0219tat, G\u00e2rbova, C\u00e2lnic, S\u0103sciori, Pianu, S\u0103li\u0219tea, Blandiana, Vin\u021bu de Jos, Ceru-B\u0103c\u0103in\u021bi, \u0218ibot \u0219i \u0218ugag.<\/p>\n\n\n\n<p><strong>RER Vest S.A. \u0219i RETIM Ecologic Service Timi\u0219oara S.A. fac parte din RER Ecologic Group. Compania <\/strong>a fost \u00eenfiin\u021bat\u0103 \u00een anul 1994 de concernul german RWE, ce desf\u0103\u0219oar\u0103 activit\u0103\u021bi \u00een domeniul salubrit\u0103\u021bii, recuper\u0103rii ecologice \u0219i recicl\u0103rii. Grupul RER mai de\u021bine \u0219i companiile: REBU, RER Sud, RER Br\u0103ila, RER Servicii \u0219i RER DATA \u0219i are aproximativ 2500 de angaja\u021bi.<\/p>\n\n\n\n<p>Pentru mai multe detalii ne pute\u021bi contacta la <a href=\"mailto:comunicare@rervest.ro\">comunicare@rervest.ro<\/a>.<\/p>\n","protected":false},"excerpt":{"rendered":"<p>Echipajele de salubrizare menajer\u0103 ale Asocierii RER Vest &#8211; RETIM colecteaz\u0103 de\u0219eurile conform graficelor stabilite \u00cen sezonul rece, echipajele Asocierii RER Vest \u2013 RETIM Ecologic Service vor ridica de\u0219eurile conform graficelor de colectare \u00een vigoare, \u00een toate zonele de delegare. Asocierea RER Vest \u2013 RETIM informeaz\u0103 cet\u0103\u021benii c\u0103, \u00een prezent, colectarea de\u0219eurilor menajere de la &hellip;<\/p>\n","protected":false},"author":16,"featured_media":105099,"comment_status":"open","ping_status":"open","sticky":false,"template":"","format":"standard","meta":{"inline_featured_image":false,"footnotes":""},"categories":[1],"tags":[24310],"class_list":["post-109782","post","type-post","status-publish","format-standard","has-post-thumbnail","hentry","category-stiri-urbane","tag-rer-vest-retim"],"yoast_head":"<!-- This site is optimized with the Yoast SEO plugin v27.4 - https:\/\/yoast.com\/product\/yoast-seo-wordpress\/ -->\n<title>RER Vest \u2013 RETIM:\u00a0 Informare \u0219i recomand\u0103ri pentru sezonul rece - Revista Urbea Mea - Revista de Alba<\/title>\n<meta name=\"description\" content=\"Echipajele de salubrizare menajer\u0103 ale Asocierii RER Vest - RETIM colecteaz\u0103 de\u0219eurile conform graficelor stabilite \u00cen sezonul rece, echipajele Asocierii\" \/>\n<meta name=\"robots\" content=\"index, follow, max-snippet:-1, max-image-preview:large, max-video-preview:-1\" \/>\n<link rel=\"canonical\" href=\"https:\/\/urbeamea.ro\/albaiulia\/rer-vest-retim-informare-si-recomandari-pentru-sezonul-rece\/\" \/>\n<meta name=\"twitter:card\" content=\"summary_large_image\" \/>\n<meta name=\"twitter:title\" content=\"RER Vest \u2013 RETIM:\u00a0 Informare \u0219i recomand\u0103ri pentru sezonul rece - Revista Urbea Mea - Revista de Alba\" \/>\n<meta name=\"twitter:description\" content=\"Echipajele de salubrizare menajer\u0103 ale Asocierii RER Vest - RETIM colecteaz\u0103 de\u0219eurile conform graficelor stabilite \u00cen sezonul rece, echipajele Asocierii\" \/>\n<meta name=\"twitter:image\" content=\"https:\/\/urbeamea.ro\/albaiulia\/wp-content\/uploads\/2022\/11\/298500467_582779110300879_2253136162720263957_n.jpg\" \/>\n<meta name=\"twitter:creator\" content=\"@urbeameaweb\" \/>\n<meta name=\"twitter:site\" content=\"@urbeameaweb\" \/>\n<script type=\"application\/ld+json\" class=\"yoast-schema-graph\">{\"@context\":\"https:\\\/\\\/schema.org\",\"@graph\":[{\"@type\":\"Article\",\"@id\":\"https:\\\/\\\/urbeamea.ro\\\/albaiulia\\\/rer-vest-retim-informare-si-recomandari-pentru-sezonul-rece\\\/#article\",\"isPartOf\":{\"@id\":\"https:\\\/\\\/urbeamea.ro\\\/albaiulia\\\/rer-vest-retim-informare-si-recomandari-pentru-sezonul-rece\\\/\"},\"author\":{\"name\":\"Redac\u021bia UrbeaMea\",\"@id\":\"https:\\\/\\\/urbeamea.ro\\\/albaiulia\\\/#\\\/schema\\\/person\\\/272ae98052f8ee8980f59848df070247\"},\"headline\":\"RER Vest \u2013 RETIM:\u00a0 Informare \u0219i recomand\u0103ri pentru sezonul rece\",\"datePublished\":\"2023-11-28T11:37:13+00:00\",\"dateModified\":\"2023-11-28T11:37:15+00:00\",\"mainEntityOfPage\":{\"@id\":\"https:\\\/\\\/urbeamea.ro\\\/albaiulia\\\/rer-vest-retim-informare-si-recomandari-pentru-sezonul-rece\\\/\"},\"wordCount\":618,\"commentCount\":0,\"image\":{\"@id\":\"https:\\\/\\\/urbeamea.ro\\\/albaiulia\\\/rer-vest-retim-informare-si-recomandari-pentru-sezonul-rece\\\/#primaryimage\"},\"thumbnailUrl\":\"https:\\\/\\\/urbeamea.ro\\\/albaiulia\\\/wp-content\\\/uploads\\\/2022\\\/11\\\/298500467_582779110300879_2253136162720263957_n.jpg\",\"keywords\":[\"rer vest retim\"],\"articleSection\":[\"\u015etiri Urbane\"],\"inLanguage\":\"ro-RO\",\"potentialAction\":[{\"@type\":\"CommentAction\",\"name\":\"Comment\",\"target\":[\"https:\\\/\\\/urbeamea.ro\\\/albaiulia\\\/rer-vest-retim-informare-si-recomandari-pentru-sezonul-rece\\\/#respond\"]}]},{\"@type\":\"WebPage\",\"@id\":\"https:\\\/\\\/urbeamea.ro\\\/albaiulia\\\/rer-vest-retim-informare-si-recomandari-pentru-sezonul-rece\\\/\",\"url\":\"https:\\\/\\\/urbeamea.ro\\\/albaiulia\\\/rer-vest-retim-informare-si-recomandari-pentru-sezonul-rece\\\/\",\"name\":\"RER Vest \u2013 RETIM:\u00a0 Informare \u0219i recomand\u0103ri pentru sezonul rece - Revista Urbea Mea - Revista de Alba\",\"isPartOf\":{\"@id\":\"https:\\\/\\\/urbeamea.ro\\\/albaiulia\\\/#website\"},\"primaryImageOfPage\":{\"@id\":\"https:\\\/\\\/urbeamea.ro\\\/albaiulia\\\/rer-vest-retim-informare-si-recomandari-pentru-sezonul-rece\\\/#primaryimage\"},\"image\":{\"@id\":\"https:\\\/\\\/urbeamea.ro\\\/albaiulia\\\/rer-vest-retim-informare-si-recomandari-pentru-sezonul-rece\\\/#primaryimage\"},\"thumbnailUrl\":\"https:\\\/\\\/urbeamea.ro\\\/albaiulia\\\/wp-content\\\/uploads\\\/2022\\\/11\\\/298500467_582779110300879_2253136162720263957_n.jpg\",\"datePublished\":\"2023-11-28T11:37:13+00:00\",\"dateModified\":\"2023-11-28T11:37:15+00:00\",\"author\":{\"@id\":\"https:\\\/\\\/urbeamea.ro\\\/albaiulia\\\/#\\\/schema\\\/person\\\/272ae98052f8ee8980f59848df070247\"},\"description\":\"Echipajele de salubrizare menajer\u0103 ale Asocierii RER Vest - RETIM colecteaz\u0103 de\u0219eurile conform graficelor stabilite \u00cen sezonul rece, echipajele Asocierii\",\"breadcrumb\":{\"@id\":\"https:\\\/\\\/urbeamea.ro\\\/albaiulia\\\/rer-vest-retim-informare-si-recomandari-pentru-sezonul-rece\\\/#breadcrumb\"},\"inLanguage\":\"ro-RO\",\"potentialAction\":[{\"@type\":\"ReadAction\",\"target\":[\"https:\\\/\\\/urbeamea.ro\\\/albaiulia\\\/rer-vest-retim-informare-si-recomandari-pentru-sezonul-rece\\\/\"]}]},{\"@type\":\"ImageObject\",\"inLanguage\":\"ro-RO\",\"@id\":\"https:\\\/\\\/urbeamea.ro\\\/albaiulia\\\/rer-vest-retim-informare-si-recomandari-pentru-sezonul-rece\\\/#primaryimage\",\"url\":\"https:\\\/\\\/urbeamea.ro\\\/albaiulia\\\/wp-content\\\/uploads\\\/2022\\\/11\\\/298500467_582779110300879_2253136162720263957_n.jpg\",\"contentUrl\":\"https:\\\/\\\/urbeamea.ro\\\/albaiulia\\\/wp-content\\\/uploads\\\/2022\\\/11\\\/298500467_582779110300879_2253136162720263957_n.jpg\",\"width\":1200,\"height\":1200},{\"@type\":\"BreadcrumbList\",\"@id\":\"https:\\\/\\\/urbeamea.ro\\\/albaiulia\\\/rer-vest-retim-informare-si-recomandari-pentru-sezonul-rece\\\/#breadcrumb\",\"itemListElement\":[{\"@type\":\"ListItem\",\"position\":1,\"name\":\"Prima pagin\u0103\",\"item\":\"https:\\\/\\\/urbeamea.ro\\\/albaiulia\\\/\"},{\"@type\":\"ListItem\",\"position\":2,\"name\":\"RER Vest \u2013 RETIM:\u00a0 Informare \u0219i recomand\u0103ri pentru sezonul rece\"}]},{\"@type\":\"WebSite\",\"@id\":\"https:\\\/\\\/urbeamea.ro\\\/albaiulia\\\/#website\",\"url\":\"https:\\\/\\\/urbeamea.ro\\\/albaiulia\\\/\",\"name\":\"Revista Urbea Mea, Stiri urbane\",\"description\":\"Evenimente \u0219i \u0219tiri din Alba Iulia, Sebe\u0219, Aiud, Blaj\",\"potentialAction\":[{\"@type\":\"SearchAction\",\"target\":{\"@type\":\"EntryPoint\",\"urlTemplate\":\"https:\\\/\\\/urbeamea.ro\\\/albaiulia\\\/?s={search_term_string}\"},\"query-input\":{\"@type\":\"PropertyValueSpecification\",\"valueRequired\":true,\"valueName\":\"search_term_string\"}}],\"inLanguage\":\"ro-RO\"},{\"@type\":\"Person\",\"@id\":\"https:\\\/\\\/urbeamea.ro\\\/albaiulia\\\/#\\\/schema\\\/person\\\/272ae98052f8ee8980f59848df070247\",\"name\":\"Redac\u021bia UrbeaMea\",\"image\":{\"@type\":\"ImageObject\",\"inLanguage\":\"ro-RO\",\"@id\":\"https:\\\/\\\/secure.gravatar.com\\\/avatar\\\/9ce5a9435071fa1037e8468053ead8e513dbbff59009d3069aadb85506d85a27?s=96&d=mm&r=g\",\"url\":\"https:\\\/\\\/secure.gravatar.com\\\/avatar\\\/9ce5a9435071fa1037e8468053ead8e513dbbff59009d3069aadb85506d85a27?s=96&d=mm&r=g\",\"contentUrl\":\"https:\\\/\\\/secure.gravatar.com\\\/avatar\\\/9ce5a9435071fa1037e8468053ead8e513dbbff59009d3069aadb85506d85a27?s=96&d=mm&r=g\",\"caption\":\"Redac\u021bia UrbeaMea\"},\"description\":\"contact@urbeamea.ro\",\"sameAs\":[\"https:\\\/\\\/www.urbeamea.ro\"],\"url\":\"https:\\\/\\\/urbeamea.ro\\\/albaiulia\\\/author\\\/redactia-urbeamea\\\/\"}]}<\/script>\n<!-- \/ Yoast SEO plugin. -->","yoast_head_json":{"title":"RER Vest \u2013 RETIM:\u00a0 Informare \u0219i recomand\u0103ri pentru sezonul rece - Revista Urbea Mea - Revista de Alba","description":"Echipajele de salubrizare menajer\u0103 ale Asocierii RER Vest - RETIM colecteaz\u0103 de\u0219eurile conform graficelor stabilite \u00cen sezonul rece, echipajele Asocierii","robots":{"index":"index","follow":"follow","max-snippet":"max-snippet:-1","max-image-preview":"max-image-preview:large","max-video-preview":"max-video-preview:-1"},"canonical":"https:\/\/urbeamea.ro\/albaiulia\/rer-vest-retim-informare-si-recomandari-pentru-sezonul-rece\/","twitter_card":"summary_large_image","twitter_title":"RER Vest \u2013 RETIM:\u00a0 Informare \u0219i recomand\u0103ri pentru sezonul rece - Revista Urbea Mea - Revista de Alba","twitter_description":"Echipajele de salubrizare menajer\u0103 ale Asocierii RER Vest - RETIM colecteaz\u0103 de\u0219eurile conform graficelor stabilite \u00cen sezonul rece, echipajele Asocierii","twitter_image":"https:\/\/urbeamea.ro\/albaiulia\/wp-content\/uploads\/2022\/11\/298500467_582779110300879_2253136162720263957_n.jpg","twitter_creator":"@urbeameaweb","twitter_site":"@urbeameaweb","schema":{"@context":"https:\/\/schema.org","@graph":[{"@type":"Article","@id":"https:\/\/urbeamea.ro\/albaiulia\/rer-vest-retim-informare-si-recomandari-pentru-sezonul-rece\/#article","isPartOf":{"@id":"https:\/\/urbeamea.ro\/albaiulia\/rer-vest-retim-informare-si-recomandari-pentru-sezonul-rece\/"},"author":{"name":"Redac\u021bia UrbeaMea","@id":"https:\/\/urbeamea.ro\/albaiulia\/#\/schema\/person\/272ae98052f8ee8980f59848df070247"},"headline":"RER Vest \u2013 RETIM:\u00a0 Informare \u0219i recomand\u0103ri pentru sezonul rece","datePublished":"2023-11-28T11:37:13+00:00","dateModified":"2023-11-28T11:37:15+00:00","mainEntityOfPage":{"@id":"https:\/\/urbeamea.ro\/albaiulia\/rer-vest-retim-informare-si-recomandari-pentru-sezonul-rece\/"},"wordCount":618,"commentCount":0,"image":{"@id":"https:\/\/urbeamea.ro\/albaiulia\/rer-vest-retim-informare-si-recomandari-pentru-sezonul-rece\/#primaryimage"},"thumbnailUrl":"https:\/\/urbeamea.ro\/albaiulia\/wp-content\/uploads\/2022\/11\/298500467_582779110300879_2253136162720263957_n.jpg","keywords":["rer vest retim"],"articleSection":["\u015etiri Urbane"],"inLanguage":"ro-RO","potentialAction":[{"@type":"CommentAction","name":"Comment","target":["https:\/\/urbeamea.ro\/albaiulia\/rer-vest-retim-informare-si-recomandari-pentru-sezonul-rece\/#respond"]}]},{"@type":"WebPage","@id":"https:\/\/urbeamea.ro\/albaiulia\/rer-vest-retim-informare-si-recomandari-pentru-sezonul-rece\/","url":"https:\/\/urbeamea.ro\/albaiulia\/rer-vest-retim-informare-si-recomandari-pentru-sezonul-rece\/","name":"RER Vest \u2013 RETIM:\u00a0 Informare \u0219i recomand\u0103ri pentru sezonul rece - Revista Urbea Mea - Revista de Alba","isPartOf":{"@id":"https:\/\/urbeamea.ro\/albaiulia\/#website"},"primaryImageOfPage":{"@id":"https:\/\/urbeamea.ro\/albaiulia\/rer-vest-retim-informare-si-recomandari-pentru-sezonul-rece\/#primaryimage"},"image":{"@id":"https:\/\/urbeamea.ro\/albaiulia\/rer-vest-retim-informare-si-recomandari-pentru-sezonul-rece\/#primaryimage"},"thumbnailUrl":"https:\/\/urbeamea.ro\/albaiulia\/wp-content\/uploads\/2022\/11\/298500467_582779110300879_2253136162720263957_n.jpg","datePublished":"2023-11-28T11:37:13+00:00","dateModified":"2023-11-28T11:37:15+00:00","author":{"@id":"https:\/\/urbeamea.ro\/albaiulia\/#\/schema\/person\/272ae98052f8ee8980f59848df070247"},"description":"Echipajele de salubrizare menajer\u0103 ale Asocierii RER Vest - RETIM colecteaz\u0103 de\u0219eurile conform graficelor stabilite \u00cen sezonul rece, echipajele Asocierii","breadcrumb":{"@id":"https:\/\/urbeamea.ro\/albaiulia\/rer-vest-retim-informare-si-recomandari-pentru-sezonul-rece\/#breadcrumb"},"inLanguage":"ro-RO","potentialAction":[{"@type":"ReadAction","target":["https:\/\/urbeamea.ro\/albaiulia\/rer-vest-retim-informare-si-recomandari-pentru-sezonul-rece\/"]}]},{"@type":"ImageObject","inLanguage":"ro-RO","@id":"https:\/\/urbeamea.ro\/albaiulia\/rer-vest-retim-informare-si-recomandari-pentru-sezonul-rece\/#primaryimage","url":"https:\/\/urbeamea.ro\/albaiulia\/wp-content\/uploads\/2022\/11\/298500467_582779110300879_2253136162720263957_n.jpg","contentUrl":"https:\/\/urbeamea.ro\/albaiulia\/wp-content\/uploads\/2022\/11\/298500467_582779110300879_2253136162720263957_n.jpg","width":1200,"height":1200},{"@type":"BreadcrumbList","@id":"https:\/\/urbeamea.ro\/albaiulia\/rer-vest-retim-informare-si-recomandari-pentru-sezonul-rece\/#breadcrumb","itemListElement":[{"@type":"ListItem","position":1,"name":"Prima pagin\u0103","item":"https:\/\/urbeamea.ro\/albaiulia\/"},{"@type":"ListItem","position":2,"name":"RER Vest \u2013 RETIM:\u00a0 Informare \u0219i recomand\u0103ri pentru sezonul rece"}]},{"@type":"WebSite","@id":"https:\/\/urbeamea.ro\/albaiulia\/#website","url":"https:\/\/urbeamea.ro\/albaiulia\/","name":"Revista Urbea Mea, Stiri urbane","description":"Evenimente \u0219i \u0219tiri din Alba Iulia, Sebe\u0219, Aiud, Blaj","potentialAction":[{"@type":"SearchAction","target":{"@type":"EntryPoint","urlTemplate":"https:\/\/urbeamea.ro\/albaiulia\/?s={search_term_string}"},"query-input":{"@type":"PropertyValueSpecification","valueRequired":true,"valueName":"search_term_string"}}],"inLanguage":"ro-RO"},{"@type":"Person","@id":"https:\/\/urbeamea.ro\/albaiulia\/#\/schema\/person\/272ae98052f8ee8980f59848df070247","name":"Redac\u021bia UrbeaMea","image":{"@type":"ImageObject","inLanguage":"ro-RO","@id":"https:\/\/secure.gravatar.com\/avatar\/9ce5a9435071fa1037e8468053ead8e513dbbff59009d3069aadb85506d85a27?s=96&d=mm&r=g","url":"https:\/\/secure.gravatar.com\/avatar\/9ce5a9435071fa1037e8468053ead8e513dbbff59009d3069aadb85506d85a27?s=96&d=mm&r=g","contentUrl":"https:\/\/secure.gravatar.com\/avatar\/9ce5a9435071fa1037e8468053ead8e513dbbff59009d3069aadb85506d85a27?s=96&d=mm&r=g","caption":"Redac\u021bia UrbeaMea"},"description":"contact@urbeamea.ro","sameAs":["https:\/\/www.urbeamea.ro"],"url":"https:\/\/urbeamea.ro\/albaiulia\/author\/redactia-urbeamea\/"}]}},"_links":{"self":[{"href":"https:\/\/urbeamea.ro\/albaiulia\/wp-json\/wp\/v2\/posts\/109782","targetHints":{"allow":["GET"]}}],"collection":[{"href":"https:\/\/urbeamea.ro\/albaiulia\/wp-json\/wp\/v2\/posts"}],"about":[{"href":"https:\/\/urbeamea.ro\/albaiulia\/wp-json\/wp\/v2\/types\/post"}],"author":[{"embeddable":true,"href":"https:\/\/urbeamea.ro\/albaiulia\/wp-json\/wp\/v2\/users\/16"}],"replies":[{"embeddable":true,"href":"https:\/\/urbeamea.ro\/albaiulia\/wp-json\/wp\/v2\/comments?post=109782"}],"version-history":[{"count":1,"href":"https:\/\/urbeamea.ro\/albaiulia\/wp-json\/wp\/v2\/posts\/109782\/revisions"}],"predecessor-version":[{"id":109783,"href":"https:\/\/urbeamea.ro\/albaiulia\/wp-json\/wp\/v2\/posts\/109782\/revisions\/109783"}],"wp:featuredmedia":[{"embeddable":true,"href":"https:\/\/urbeamea.ro\/albaiulia\/wp-json\/wp\/v2\/media\/105099"}],"wp:attachment":[{"href":"https:\/\/urbeamea.ro\/albaiulia\/wp-json\/wp\/v2\/media?parent=109782"}],"wp:term":[{"taxonomy":"category","embeddable":true,"href":"https:\/\/urbeamea.ro\/albaiulia\/wp-json\/wp\/v2\/categories?post=109782"},{"taxonomy":"post_tag","embeddable":true,"href":"https:\/\/urbeamea.ro\/albaiulia\/wp-json\/wp\/v2\/tags?post=109782"}],"curies":[{"name":"wp","href":"https:\/\/api.w.org\/{rel}","templated":true}]}}