{"id":109812,"date":"2023-11-28T13:58:35","date_gmt":"2023-11-28T11:58:35","guid":{"rendered":"https:\/\/urbeamea.ro\/albaiulia\/?p=109812"},"modified":"2023-11-28T13:58:37","modified_gmt":"2023-11-28T11:58:37","slug":"exponatul-lunii-noiembrie-2023-la-muzeul-municipal-ioan-raica-sebes-lucrarea-lui-sava-hentia-portretul-doctorului-krasser-1886","status":"publish","type":"post","link":"https:\/\/urbeamea.ro\/albaiulia\/exponatul-lunii-noiembrie-2023-la-muzeul-municipal-ioan-raica-sebes-lucrarea-lui-sava-hentia-portretul-doctorului-krasser-1886\/","title":{"rendered":"Exponatul lunii noiembrie 2023 la muzeul municipal \u201eIoan Raica\u201d Sebe\u015f: lucrarea lui Sava Hen\u0163ia, \u201ePortretul Doctorului Krasser\u201d, 1886"},"content":{"rendered":"\n<p>Exponatul lunii noiembrie la Muzeul Municipal \u201eIoan Raica\u201d Sebe\u015f, a fost ales portretul doctorului Karl Eduard Krasser, realizat de pictorul Sava Hen\u0163ia \u00een anul 1886. Lucrarea a fost achizi\u0163ionat\u0103 \u00een anul 1963 de la Gertrud Acker, care stabilindu-\u0219i domiciliul la Bucure\u015fti a decis s\u0103 o v\u00e2nd\u0103 muzeului din Sebe\u015f.<\/p>\n\n\n\n<p>Realizat\u0103 \u00een tehnica ulei pe p\u00e2nz\u0103, lucrarea prezint\u0103 bustul unui b\u0103rbat \u00een floarea v\u00e2rstei (\u00een momentul pict\u0103rii, medicul avea 48 ani). Redat pe un fond brun \u00eenchis, chipul b\u0103rbatului este iluminat din dreapta, fapt care \u00eei scoate \u00een eviden\u021b\u0103 chipul luminos cu p\u0103rul ondulat \u015fi atent piept\u0103nat. Ochii c\u0103prui ai personajului sunt reda\u021bi \u00eentr-o manier\u0103 care exprim\u0103 calmul \u015fi siguran\u021ba de sine. Personajul poart\u0103 musta\u021b\u0103 \u015fi un barbi\u0219on dup\u0103 moda parizian\u0103, care \u00eei accentueaz\u0103 fa\u021ba ascu\u021bit\u0103. Gulerul alb al c\u0103m\u0103\u0219ii, contrasteaz\u0103 puternic cu papionul negru \u015fi cu sacoul de aceea\u015fi culoare. Portretul s-a p\u0103strat \u00eentr-o ram\u0103-medalion, de epoc\u0103, bogat ornamentat\u0103, de culoare aurie. Lucrarea este semnat\u0103 \u015fi datat\u0103 \u00een partea st\u00e2ng\u0103, la mijloc, cu ocru: \u201eS. Hen\u0163ia 1886\u201d.<\/p>\n\n\n\n<p>Dr. Karl Eduard Krasser s-a n\u0103scut la Sebe\u015f, \u00een data de 15 decembrie 1838, \u00een familia lui Johann Friedrich Krasser \u015fi a Reginei, n\u0103scut\u0103 Wenrich. Studiile elementare le-a urmat la Sebe\u015f, iar liceul la Sibiu, dup\u0103 care a studiat medicina la Viena. \u00cen anul 1865 s-a \u00eentors \u00een ora\u0219ul natal, ca medic \u201eoculist\u201d (oftalmolog), \u00een scurt timp reu\u0219ind s\u0103 \u00ee\u0219i fac\u0103 un renume \u00een domeniu, astfel c\u0103, pe l\u00e2ng\u0103 pacien\u021bii din zon\u0103, era frecventat \u015fi de al\u021bii, unii dintre ei veni\u021bi de la distan\u021be mari, din localit\u0103\u021bi precum Cluj, Arad \u015fi chiar Bucure\u0219ti. Cum unii dintre pacien\u021bi aveau nevoie de tratament mai \u00eendelungat sub atenta \u00eendrumare a medicului, iar la Sebe\u015f \u00een vremea aceea nu exista un spital, dr. Krasser a construit \u00een gr\u0103dina casei p\u0103rinte\u0219ti, situat\u0103 pe strada Rosengasse, la nr. 9 (actuala strad\u0103 24 ianuarie) o mic\u0103 clinic\u0103. Acolo, de-a lungul timpului, a tratat numero\u0219i pacien\u021bi. \u00centre ace\u0219tia s-a aflat \u0219i pictorul Sava Hen\u0163ia care, drept recuno\u0219tin\u021b\u0103 pentru tratamentul pe care l-a primit, i-a realizat, \u00een anul 1886, portretul \u015fi i l-a d\u0103ruit. Karl Eduard Krasser a murit, la Sebe\u015f, \u00een 9 ianuarie 1891.<\/p>\n\n\n\n<p>Portretul doctorului Krasser, pictat de Sava Hen\u0163ia, a fost restaurat \u00een anul 2018, \u00een cadrul proiectului cofinan\u021bat de Administra\u021bia Fondului Cultural Na\u021bional \u0219i Prim\u0103ria Municipiului Sebe\u0219,\u201eSava Hen\u0163ia din nou acas\u0103. 170 ani de la na\u015fterea artistului\u201d, implementat de Centrul Cultural \u201eLucian Blaga\u201d din Sebe\u015f, prin Muzeul Municipal \u201eIoan Raica\u201d \u015fi, de atunci, poate fi admirat \u00een expozi\u021bia permanent\u0103, al\u0103turi de alte lucr\u0103ri realizate de acela\u0219i pictor.<\/p>\n","protected":false},"excerpt":{"rendered":"<p>Exponatul lunii noiembrie la Muzeul Municipal \u201eIoan Raica\u201d Sebe\u015f, a fost ales portretul doctorului Karl Eduard Krasser, realizat de pictorul Sava Hen\u0163ia \u00een anul 1886. Lucrarea a fost achizi\u0163ionat\u0103 \u00een anul 1963 de la Gertrud Acker, care stabilindu-\u0219i domiciliul la Bucure\u015fti a decis s\u0103 o v\u00e2nd\u0103 muzeului din Sebe\u015f. Realizat\u0103 \u00een tehnica ulei pe p\u00e2nz\u0103, &hellip;<\/p>\n","protected":false},"author":16,"featured_media":109813,"comment_status":"open","ping_status":"open","sticky":false,"template":"","format":"standard","meta":{"inline_featured_image":false,"footnotes":""},"categories":[4],"tags":[17300,15279],"class_list":["post-109812","post","type-post","status-publish","format-standard","has-post-thumbnail","hentry","category-eveniment","tag-municipiul-sebes","tag-muzeul-municipal-ioan-raica-sebes"],"yoast_head":"<!-- This site is optimized with the Yoast SEO plugin v27.4 - https:\/\/yoast.com\/product\/yoast-seo-wordpress\/ -->\n<title>Exponatul lunii noiembrie 2023 la muzeul municipal \u201eIoan Raica\u201d Sebe\u015f: lucrarea lui Sava Hen\u0163ia, \u201ePortretul Doctorului Krasser\u201d, 1886 - Revista Urbea Mea - Revista de Alba<\/title>\n<meta name=\"description\" content=\"Exponatul lunii noiembrie la Muzeul Municipal \u201eIoan Raica\u201d Sebe\u015f, a fost ales portretul doctorului Karl Eduard Krasser, realizat de pictorul Sava Hen\u0163ia\" \/>\n<meta name=\"robots\" content=\"index, follow, max-snippet:-1, max-image-preview:large, max-video-preview:-1\" \/>\n<link rel=\"canonical\" href=\"https:\/\/urbeamea.ro\/albaiulia\/exponatul-lunii-noiembrie-2023-la-muzeul-municipal-ioan-raica-sebes-lucrarea-lui-sava-hentia-portretul-doctorului-krasser-1886\/\" \/>\n<meta name=\"twitter:card\" content=\"summary_large_image\" \/>\n<meta name=\"twitter:title\" content=\"Exponatul lunii noiembrie 2023 la muzeul municipal \u201eIoan Raica\u201d Sebe\u015f: lucrarea lui Sava Hen\u0163ia, \u201ePortretul Doctorului Krasser\u201d, 1886 - Revista Urbea Mea - Revista de Alba\" \/>\n<meta name=\"twitter:description\" content=\"Exponatul lunii noiembrie la Muzeul Municipal \u201eIoan Raica\u201d Sebe\u015f, a fost ales portretul doctorului Karl Eduard Krasser, realizat de pictorul Sava Hen\u0163ia\" \/>\n<meta name=\"twitter:image\" content=\"https:\/\/urbeamea.ro\/albaiulia\/wp-content\/uploads\/2023\/11\/Krasser-redus.jpg\" \/>\n<meta name=\"twitter:creator\" content=\"@urbeameaweb\" \/>\n<meta name=\"twitter:site\" content=\"@urbeameaweb\" \/>\n<script type=\"application\/ld+json\" class=\"yoast-schema-graph\">{\"@context\":\"https:\\\/\\\/schema.org\",\"@graph\":[{\"@type\":\"Article\",\"@id\":\"https:\\\/\\\/urbeamea.ro\\\/albaiulia\\\/exponatul-lunii-noiembrie-2023-la-muzeul-municipal-ioan-raica-sebes-lucrarea-lui-sava-hentia-portretul-doctorului-krasser-1886\\\/#article\",\"isPartOf\":{\"@id\":\"https:\\\/\\\/urbeamea.ro\\\/albaiulia\\\/exponatul-lunii-noiembrie-2023-la-muzeul-municipal-ioan-raica-sebes-lucrarea-lui-sava-hentia-portretul-doctorului-krasser-1886\\\/\"},\"author\":{\"name\":\"Redac\u021bia UrbeaMea\",\"@id\":\"https:\\\/\\\/urbeamea.ro\\\/albaiulia\\\/#\\\/schema\\\/person\\\/272ae98052f8ee8980f59848df070247\"},\"headline\":\"Exponatul lunii noiembrie 2023 la muzeul municipal \u201eIoan Raica\u201d Sebe\u015f: lucrarea lui Sava Hen\u0163ia, \u201ePortretul Doctorului Krasser\u201d, 1886\",\"datePublished\":\"2023-11-28T11:58:35+00:00\",\"dateModified\":\"2023-11-28T11:58:37+00:00\",\"mainEntityOfPage\":{\"@id\":\"https:\\\/\\\/urbeamea.ro\\\/albaiulia\\\/exponatul-lunii-noiembrie-2023-la-muzeul-municipal-ioan-raica-sebes-lucrarea-lui-sava-hentia-portretul-doctorului-krasser-1886\\\/\"},\"wordCount\":480,\"commentCount\":0,\"image\":{\"@id\":\"https:\\\/\\\/urbeamea.ro\\\/albaiulia\\\/exponatul-lunii-noiembrie-2023-la-muzeul-municipal-ioan-raica-sebes-lucrarea-lui-sava-hentia-portretul-doctorului-krasser-1886\\\/#primaryimage\"},\"thumbnailUrl\":\"https:\\\/\\\/urbeamea.ro\\\/albaiulia\\\/wp-content\\\/uploads\\\/2023\\\/11\\\/Krasser-redus.jpg\",\"keywords\":[\"municipiul sebes\",\"muzeul municipal \\\"Ioan Raica\\\" Sebes\"],\"articleSection\":[\"Evenimente\"],\"inLanguage\":\"ro-RO\",\"potentialAction\":[{\"@type\":\"CommentAction\",\"name\":\"Comment\",\"target\":[\"https:\\\/\\\/urbeamea.ro\\\/albaiulia\\\/exponatul-lunii-noiembrie-2023-la-muzeul-municipal-ioan-raica-sebes-lucrarea-lui-sava-hentia-portretul-doctorului-krasser-1886\\\/#respond\"]}]},{\"@type\":\"WebPage\",\"@id\":\"https:\\\/\\\/urbeamea.ro\\\/albaiulia\\\/exponatul-lunii-noiembrie-2023-la-muzeul-municipal-ioan-raica-sebes-lucrarea-lui-sava-hentia-portretul-doctorului-krasser-1886\\\/\",\"url\":\"https:\\\/\\\/urbeamea.ro\\\/albaiulia\\\/exponatul-lunii-noiembrie-2023-la-muzeul-municipal-ioan-raica-sebes-lucrarea-lui-sava-hentia-portretul-doctorului-krasser-1886\\\/\",\"name\":\"Exponatul lunii noiembrie 2023 la muzeul municipal \u201eIoan Raica\u201d Sebe\u015f: lucrarea lui Sava Hen\u0163ia, \u201ePortretul Doctorului Krasser\u201d, 1886 - Revista Urbea Mea - Revista de Alba\",\"isPartOf\":{\"@id\":\"https:\\\/\\\/urbeamea.ro\\\/albaiulia\\\/#website\"},\"primaryImageOfPage\":{\"@id\":\"https:\\\/\\\/urbeamea.ro\\\/albaiulia\\\/exponatul-lunii-noiembrie-2023-la-muzeul-municipal-ioan-raica-sebes-lucrarea-lui-sava-hentia-portretul-doctorului-krasser-1886\\\/#primaryimage\"},\"image\":{\"@id\":\"https:\\\/\\\/urbeamea.ro\\\/albaiulia\\\/exponatul-lunii-noiembrie-2023-la-muzeul-municipal-ioan-raica-sebes-lucrarea-lui-sava-hentia-portretul-doctorului-krasser-1886\\\/#primaryimage\"},\"thumbnailUrl\":\"https:\\\/\\\/urbeamea.ro\\\/albaiulia\\\/wp-content\\\/uploads\\\/2023\\\/11\\\/Krasser-redus.jpg\",\"datePublished\":\"2023-11-28T11:58:35+00:00\",\"dateModified\":\"2023-11-28T11:58:37+00:00\",\"author\":{\"@id\":\"https:\\\/\\\/urbeamea.ro\\\/albaiulia\\\/#\\\/schema\\\/person\\\/272ae98052f8ee8980f59848df070247\"},\"description\":\"Exponatul lunii noiembrie la Muzeul Municipal \u201eIoan Raica\u201d Sebe\u015f, a fost ales portretul doctorului Karl Eduard Krasser, realizat de pictorul Sava Hen\u0163ia\",\"breadcrumb\":{\"@id\":\"https:\\\/\\\/urbeamea.ro\\\/albaiulia\\\/exponatul-lunii-noiembrie-2023-la-muzeul-municipal-ioan-raica-sebes-lucrarea-lui-sava-hentia-portretul-doctorului-krasser-1886\\\/#breadcrumb\"},\"inLanguage\":\"ro-RO\",\"potentialAction\":[{\"@type\":\"ReadAction\",\"target\":[\"https:\\\/\\\/urbeamea.ro\\\/albaiulia\\\/exponatul-lunii-noiembrie-2023-la-muzeul-municipal-ioan-raica-sebes-lucrarea-lui-sava-hentia-portretul-doctorului-krasser-1886\\\/\"]}]},{\"@type\":\"ImageObject\",\"inLanguage\":\"ro-RO\",\"@id\":\"https:\\\/\\\/urbeamea.ro\\\/albaiulia\\\/exponatul-lunii-noiembrie-2023-la-muzeul-municipal-ioan-raica-sebes-lucrarea-lui-sava-hentia-portretul-doctorului-krasser-1886\\\/#primaryimage\",\"url\":\"https:\\\/\\\/urbeamea.ro\\\/albaiulia\\\/wp-content\\\/uploads\\\/2023\\\/11\\\/Krasser-redus.jpg\",\"contentUrl\":\"https:\\\/\\\/urbeamea.ro\\\/albaiulia\\\/wp-content\\\/uploads\\\/2023\\\/11\\\/Krasser-redus.jpg\",\"width\":1443,\"height\":1600},{\"@type\":\"BreadcrumbList\",\"@id\":\"https:\\\/\\\/urbeamea.ro\\\/albaiulia\\\/exponatul-lunii-noiembrie-2023-la-muzeul-municipal-ioan-raica-sebes-lucrarea-lui-sava-hentia-portretul-doctorului-krasser-1886\\\/#breadcrumb\",\"itemListElement\":[{\"@type\":\"ListItem\",\"position\":1,\"name\":\"Prima pagin\u0103\",\"item\":\"https:\\\/\\\/urbeamea.ro\\\/albaiulia\\\/\"},{\"@type\":\"ListItem\",\"position\":2,\"name\":\"Exponatul lunii noiembrie 2023 la muzeul municipal \u201eIoan Raica\u201d Sebe\u015f: lucrarea lui Sava Hen\u0163ia, \u201ePortretul Doctorului Krasser\u201d, 1886\"}]},{\"@type\":\"WebSite\",\"@id\":\"https:\\\/\\\/urbeamea.ro\\\/albaiulia\\\/#website\",\"url\":\"https:\\\/\\\/urbeamea.ro\\\/albaiulia\\\/\",\"name\":\"Revista Urbea Mea, Stiri urbane\",\"description\":\"Evenimente \u0219i \u0219tiri din Alba Iulia, Sebe\u0219, Aiud, Blaj\",\"potentialAction\":[{\"@type\":\"SearchAction\",\"target\":{\"@type\":\"EntryPoint\",\"urlTemplate\":\"https:\\\/\\\/urbeamea.ro\\\/albaiulia\\\/?s={search_term_string}\"},\"query-input\":{\"@type\":\"PropertyValueSpecification\",\"valueRequired\":true,\"valueName\":\"search_term_string\"}}],\"inLanguage\":\"ro-RO\"},{\"@type\":\"Person\",\"@id\":\"https:\\\/\\\/urbeamea.ro\\\/albaiulia\\\/#\\\/schema\\\/person\\\/272ae98052f8ee8980f59848df070247\",\"name\":\"Redac\u021bia UrbeaMea\",\"image\":{\"@type\":\"ImageObject\",\"inLanguage\":\"ro-RO\",\"@id\":\"https:\\\/\\\/secure.gravatar.com\\\/avatar\\\/9ce5a9435071fa1037e8468053ead8e513dbbff59009d3069aadb85506d85a27?s=96&d=mm&r=g\",\"url\":\"https:\\\/\\\/secure.gravatar.com\\\/avatar\\\/9ce5a9435071fa1037e8468053ead8e513dbbff59009d3069aadb85506d85a27?s=96&d=mm&r=g\",\"contentUrl\":\"https:\\\/\\\/secure.gravatar.com\\\/avatar\\\/9ce5a9435071fa1037e8468053ead8e513dbbff59009d3069aadb85506d85a27?s=96&d=mm&r=g\",\"caption\":\"Redac\u021bia UrbeaMea\"},\"description\":\"contact@urbeamea.ro\",\"sameAs\":[\"https:\\\/\\\/www.urbeamea.ro\"],\"url\":\"https:\\\/\\\/urbeamea.ro\\\/albaiulia\\\/author\\\/redactia-urbeamea\\\/\"}]}<\/script>\n<!-- \/ Yoast SEO plugin. -->","yoast_head_json":{"title":"Exponatul lunii noiembrie 2023 la muzeul municipal \u201eIoan Raica\u201d Sebe\u015f: lucrarea lui Sava Hen\u0163ia, \u201ePortretul Doctorului Krasser\u201d, 1886 - Revista Urbea Mea - Revista de Alba","description":"Exponatul lunii noiembrie la Muzeul Municipal \u201eIoan Raica\u201d Sebe\u015f, a fost ales portretul doctorului Karl Eduard Krasser, realizat de pictorul Sava Hen\u0163ia","robots":{"index":"index","follow":"follow","max-snippet":"max-snippet:-1","max-image-preview":"max-image-preview:large","max-video-preview":"max-video-preview:-1"},"canonical":"https:\/\/urbeamea.ro\/albaiulia\/exponatul-lunii-noiembrie-2023-la-muzeul-municipal-ioan-raica-sebes-lucrarea-lui-sava-hentia-portretul-doctorului-krasser-1886\/","twitter_card":"summary_large_image","twitter_title":"Exponatul lunii noiembrie 2023 la muzeul municipal \u201eIoan Raica\u201d Sebe\u015f: lucrarea lui Sava Hen\u0163ia, \u201ePortretul Doctorului Krasser\u201d, 1886 - Revista Urbea Mea - Revista de Alba","twitter_description":"Exponatul lunii noiembrie la Muzeul Municipal \u201eIoan Raica\u201d Sebe\u015f, a fost ales portretul doctorului Karl Eduard Krasser, realizat de pictorul Sava Hen\u0163ia","twitter_image":"https:\/\/urbeamea.ro\/albaiulia\/wp-content\/uploads\/2023\/11\/Krasser-redus.jpg","twitter_creator":"@urbeameaweb","twitter_site":"@urbeameaweb","schema":{"@context":"https:\/\/schema.org","@graph":[{"@type":"Article","@id":"https:\/\/urbeamea.ro\/albaiulia\/exponatul-lunii-noiembrie-2023-la-muzeul-municipal-ioan-raica-sebes-lucrarea-lui-sava-hentia-portretul-doctorului-krasser-1886\/#article","isPartOf":{"@id":"https:\/\/urbeamea.ro\/albaiulia\/exponatul-lunii-noiembrie-2023-la-muzeul-municipal-ioan-raica-sebes-lucrarea-lui-sava-hentia-portretul-doctorului-krasser-1886\/"},"author":{"name":"Redac\u021bia UrbeaMea","@id":"https:\/\/urbeamea.ro\/albaiulia\/#\/schema\/person\/272ae98052f8ee8980f59848df070247"},"headline":"Exponatul lunii noiembrie 2023 la muzeul municipal \u201eIoan Raica\u201d Sebe\u015f: lucrarea lui Sava Hen\u0163ia, \u201ePortretul Doctorului Krasser\u201d, 1886","datePublished":"2023-11-28T11:58:35+00:00","dateModified":"2023-11-28T11:58:37+00:00","mainEntityOfPage":{"@id":"https:\/\/urbeamea.ro\/albaiulia\/exponatul-lunii-noiembrie-2023-la-muzeul-municipal-ioan-raica-sebes-lucrarea-lui-sava-hentia-portretul-doctorului-krasser-1886\/"},"wordCount":480,"commentCount":0,"image":{"@id":"https:\/\/urbeamea.ro\/albaiulia\/exponatul-lunii-noiembrie-2023-la-muzeul-municipal-ioan-raica-sebes-lucrarea-lui-sava-hentia-portretul-doctorului-krasser-1886\/#primaryimage"},"thumbnailUrl":"https:\/\/urbeamea.ro\/albaiulia\/wp-content\/uploads\/2023\/11\/Krasser-redus.jpg","keywords":["municipiul sebes","muzeul municipal \"Ioan Raica\" Sebes"],"articleSection":["Evenimente"],"inLanguage":"ro-RO","potentialAction":[{"@type":"CommentAction","name":"Comment","target":["https:\/\/urbeamea.ro\/albaiulia\/exponatul-lunii-noiembrie-2023-la-muzeul-municipal-ioan-raica-sebes-lucrarea-lui-sava-hentia-portretul-doctorului-krasser-1886\/#respond"]}]},{"@type":"WebPage","@id":"https:\/\/urbeamea.ro\/albaiulia\/exponatul-lunii-noiembrie-2023-la-muzeul-municipal-ioan-raica-sebes-lucrarea-lui-sava-hentia-portretul-doctorului-krasser-1886\/","url":"https:\/\/urbeamea.ro\/albaiulia\/exponatul-lunii-noiembrie-2023-la-muzeul-municipal-ioan-raica-sebes-lucrarea-lui-sava-hentia-portretul-doctorului-krasser-1886\/","name":"Exponatul lunii noiembrie 2023 la muzeul municipal \u201eIoan Raica\u201d Sebe\u015f: lucrarea lui Sava Hen\u0163ia, \u201ePortretul Doctorului Krasser\u201d, 1886 - Revista Urbea Mea - Revista de Alba","isPartOf":{"@id":"https:\/\/urbeamea.ro\/albaiulia\/#website"},"primaryImageOfPage":{"@id":"https:\/\/urbeamea.ro\/albaiulia\/exponatul-lunii-noiembrie-2023-la-muzeul-municipal-ioan-raica-sebes-lucrarea-lui-sava-hentia-portretul-doctorului-krasser-1886\/#primaryimage"},"image":{"@id":"https:\/\/urbeamea.ro\/albaiulia\/exponatul-lunii-noiembrie-2023-la-muzeul-municipal-ioan-raica-sebes-lucrarea-lui-sava-hentia-portretul-doctorului-krasser-1886\/#primaryimage"},"thumbnailUrl":"https:\/\/urbeamea.ro\/albaiulia\/wp-content\/uploads\/2023\/11\/Krasser-redus.jpg","datePublished":"2023-11-28T11:58:35+00:00","dateModified":"2023-11-28T11:58:37+00:00","author":{"@id":"https:\/\/urbeamea.ro\/albaiulia\/#\/schema\/person\/272ae98052f8ee8980f59848df070247"},"description":"Exponatul lunii noiembrie la Muzeul Municipal \u201eIoan Raica\u201d Sebe\u015f, a fost ales portretul doctorului Karl Eduard Krasser, realizat de pictorul Sava Hen\u0163ia","breadcrumb":{"@id":"https:\/\/urbeamea.ro\/albaiulia\/exponatul-lunii-noiembrie-2023-la-muzeul-municipal-ioan-raica-sebes-lucrarea-lui-sava-hentia-portretul-doctorului-krasser-1886\/#breadcrumb"},"inLanguage":"ro-RO","potentialAction":[{"@type":"ReadAction","target":["https:\/\/urbeamea.ro\/albaiulia\/exponatul-lunii-noiembrie-2023-la-muzeul-municipal-ioan-raica-sebes-lucrarea-lui-sava-hentia-portretul-doctorului-krasser-1886\/"]}]},{"@type":"ImageObject","inLanguage":"ro-RO","@id":"https:\/\/urbeamea.ro\/albaiulia\/exponatul-lunii-noiembrie-2023-la-muzeul-municipal-ioan-raica-sebes-lucrarea-lui-sava-hentia-portretul-doctorului-krasser-1886\/#primaryimage","url":"https:\/\/urbeamea.ro\/albaiulia\/wp-content\/uploads\/2023\/11\/Krasser-redus.jpg","contentUrl":"https:\/\/urbeamea.ro\/albaiulia\/wp-content\/uploads\/2023\/11\/Krasser-redus.jpg","width":1443,"height":1600},{"@type":"BreadcrumbList","@id":"https:\/\/urbeamea.ro\/albaiulia\/exponatul-lunii-noiembrie-2023-la-muzeul-municipal-ioan-raica-sebes-lucrarea-lui-sava-hentia-portretul-doctorului-krasser-1886\/#breadcrumb","itemListElement":[{"@type":"ListItem","position":1,"name":"Prima pagin\u0103","item":"https:\/\/urbeamea.ro\/albaiulia\/"},{"@type":"ListItem","position":2,"name":"Exponatul lunii noiembrie 2023 la muzeul municipal \u201eIoan Raica\u201d Sebe\u015f: lucrarea lui Sava Hen\u0163ia, \u201ePortretul Doctorului Krasser\u201d, 1886"}]},{"@type":"WebSite","@id":"https:\/\/urbeamea.ro\/albaiulia\/#website","url":"https:\/\/urbeamea.ro\/albaiulia\/","name":"Revista Urbea Mea, Stiri urbane","description":"Evenimente \u0219i \u0219tiri din Alba Iulia, Sebe\u0219, Aiud, Blaj","potentialAction":[{"@type":"SearchAction","target":{"@type":"EntryPoint","urlTemplate":"https:\/\/urbeamea.ro\/albaiulia\/?s={search_term_string}"},"query-input":{"@type":"PropertyValueSpecification","valueRequired":true,"valueName":"search_term_string"}}],"inLanguage":"ro-RO"},{"@type":"Person","@id":"https:\/\/urbeamea.ro\/albaiulia\/#\/schema\/person\/272ae98052f8ee8980f59848df070247","name":"Redac\u021bia UrbeaMea","image":{"@type":"ImageObject","inLanguage":"ro-RO","@id":"https:\/\/secure.gravatar.com\/avatar\/9ce5a9435071fa1037e8468053ead8e513dbbff59009d3069aadb85506d85a27?s=96&d=mm&r=g","url":"https:\/\/secure.gravatar.com\/avatar\/9ce5a9435071fa1037e8468053ead8e513dbbff59009d3069aadb85506d85a27?s=96&d=mm&r=g","contentUrl":"https:\/\/secure.gravatar.com\/avatar\/9ce5a9435071fa1037e8468053ead8e513dbbff59009d3069aadb85506d85a27?s=96&d=mm&r=g","caption":"Redac\u021bia UrbeaMea"},"description":"contact@urbeamea.ro","sameAs":["https:\/\/www.urbeamea.ro"],"url":"https:\/\/urbeamea.ro\/albaiulia\/author\/redactia-urbeamea\/"}]}},"_links":{"self":[{"href":"https:\/\/urbeamea.ro\/albaiulia\/wp-json\/wp\/v2\/posts\/109812","targetHints":{"allow":["GET"]}}],"collection":[{"href":"https:\/\/urbeamea.ro\/albaiulia\/wp-json\/wp\/v2\/posts"}],"about":[{"href":"https:\/\/urbeamea.ro\/albaiulia\/wp-json\/wp\/v2\/types\/post"}],"author":[{"embeddable":true,"href":"https:\/\/urbeamea.ro\/albaiulia\/wp-json\/wp\/v2\/users\/16"}],"replies":[{"embeddable":true,"href":"https:\/\/urbeamea.ro\/albaiulia\/wp-json\/wp\/v2\/comments?post=109812"}],"version-history":[{"count":1,"href":"https:\/\/urbeamea.ro\/albaiulia\/wp-json\/wp\/v2\/posts\/109812\/revisions"}],"predecessor-version":[{"id":109814,"href":"https:\/\/urbeamea.ro\/albaiulia\/wp-json\/wp\/v2\/posts\/109812\/revisions\/109814"}],"wp:featuredmedia":[{"embeddable":true,"href":"https:\/\/urbeamea.ro\/albaiulia\/wp-json\/wp\/v2\/media\/109813"}],"wp:attachment":[{"href":"https:\/\/urbeamea.ro\/albaiulia\/wp-json\/wp\/v2\/media?parent=109812"}],"wp:term":[{"taxonomy":"category","embeddable":true,"href":"https:\/\/urbeamea.ro\/albaiulia\/wp-json\/wp\/v2\/categories?post=109812"},{"taxonomy":"post_tag","embeddable":true,"href":"https:\/\/urbeamea.ro\/albaiulia\/wp-json\/wp\/v2\/tags?post=109812"}],"curies":[{"name":"wp","href":"https:\/\/api.w.org\/{rel}","templated":true}]}}