{"id":109838,"date":"2023-12-05T11:20:06","date_gmt":"2023-12-05T09:20:06","guid":{"rendered":"https:\/\/urbeamea.ro\/albaiulia\/?p=109838"},"modified":"2023-12-05T11:20:53","modified_gmt":"2023-12-05T09:20:53","slug":"concertul-simfonic-un-altfel-de-craciun-la-sebes-acces-gratuit","status":"publish","type":"post","link":"https:\/\/urbeamea.ro\/albaiulia\/concertul-simfonic-un-altfel-de-craciun-la-sebes-acces-gratuit\/","title":{"rendered":"Concertul simfonic \u201eUn altfel de Cr\u0103ciun&#8230; la Sebe\u0219\u201d \/ acces gratuit"},"content":{"rendered":"\n<p><strong>S\u00e2mb\u0103t\u0103, 9 decembrie 2023, la ora 19:00, <\/strong>\u00een<strong> sala de spectacole a Centrului Cultural \u201eLucian Blaga\u201d Sebe\u0219, <\/strong>va avea loc concertul simfonic <strong><em>\u201e<\/em><\/strong>Un altfel de Cr\u0103ciun&#8230; la Sebe\u0219<strong><em>\u201d<\/em><\/strong>, pe care Municipiul Sebe\u0219 \u00eel organizeaz\u0103 \u00een parteneriat cu orchestra simfonic\u0103 condus\u0103 de carismaticul dirijor Remus Grama.<\/p>\n\n\n\n<p>Acest concert promite s\u0103 aduc\u0103 o not\u0103 de magie \u0219i bucurie anun\u021b\u00e2nd s\u0103rb\u0103torile de iarn\u0103. Programul variat cuprinde at\u00e2t lucr\u0103ri tradi\u021bionale de Cr\u0103ciun din repertoriul interna\u021bional, c\u00e2t \u0219i piese celebre din repertoriul unor forma\u021bii legendare precum: ABBA, Queen, Beatles, dar \u0219i muzic\u0103 de film, pentru a oferi un spectacol muzical plin de diversitate \u0219i emo\u021bie. Aceast\u0103 combina\u021bie de genuri muzicale va face concertul accesibil \u0219i atractiv publicului larg, de la iubitorii de muzic\u0103 clasic\u0103, la cei pasiona\u021bi de muzic\u0103 pop-rock. Este o oportunitate minunat\u0103 de a ne bucura de muzic\u0103 de calitate \u0219i de a crea amintiri frumoase \u00een timpul s\u0103rb\u0103torilor de iarn\u0103.<\/p>\n\n\n\n<p><em>\u201eV\u0103 transmitem a\u0219adar, o invita\u021bie c\u0103lduroas\u0103 c\u0103reia v\u0103 rug\u0103m s\u0103 \u00eei r\u0103spunde\u021bi printr-o confirmare, pentru a vi se repartiza \u00een sal\u0103 locurile dorite\u201d<\/em>, transmit organizatorii. Accesul la eveniment este gratuit.<\/p>\n\n\n\n<figure class=\"wp-block-image size-large\"><img loading=\"lazy\" decoding=\"async\" width=\"580\" height=\"1280\" src=\"https:\/\/urbeamea.ro\/albaiulia\/wp-content\/uploads\/2023\/12\/Afis-Filarmonica-580x1280.jpg\" alt=\"\" class=\"wp-image-109840\" srcset=\"https:\/\/urbeamea.ro\/albaiulia\/wp-content\/uploads\/2023\/12\/Afis-Filarmonica-580x1280.jpg 580w, https:\/\/urbeamea.ro\/albaiulia\/wp-content\/uploads\/2023\/12\/Afis-Filarmonica-290x640.jpg 290w, https:\/\/urbeamea.ro\/albaiulia\/wp-content\/uploads\/2023\/12\/Afis-Filarmonica-68x150.jpg 68w, https:\/\/urbeamea.ro\/albaiulia\/wp-content\/uploads\/2023\/12\/Afis-Filarmonica-696x1536.jpg 696w, https:\/\/urbeamea.ro\/albaiulia\/wp-content\/uploads\/2023\/12\/Afis-Filarmonica.jpg 725w\" sizes=\"auto, (max-width: 580px) 100vw, 580px\" \/><\/figure>\n","protected":false},"excerpt":{"rendered":"<p>S\u00e2mb\u0103t\u0103, 9 decembrie 2023, la ora 19:00, \u00een sala de spectacole a Centrului Cultural \u201eLucian Blaga\u201d Sebe\u0219, va avea loc concertul simfonic \u201eUn altfel de Cr\u0103ciun&#8230; la Sebe\u0219\u201d, pe care Municipiul Sebe\u0219 \u00eel organizeaz\u0103 \u00een parteneriat cu orchestra simfonic\u0103 condus\u0103 de carismaticul dirijor Remus Grama. Acest concert promite s\u0103 aduc\u0103 o not\u0103 de magie \u0219i &hellip;<\/p>\n","protected":false},"author":16,"featured_media":109839,"comment_status":"open","ping_status":"open","sticky":false,"template":"","format":"standard","meta":{"inline_featured_image":false,"footnotes":""},"categories":[4],"tags":[],"class_list":["post-109838","post","type-post","status-publish","format-standard","has-post-thumbnail","hentry","category-eveniment"],"yoast_head":"<!-- This site is optimized with the Yoast SEO plugin v27.4 - https:\/\/yoast.com\/product\/yoast-seo-wordpress\/ -->\n<title>Concertul simfonic \u201eUn altfel de Cr\u0103ciun... la Sebe\u0219\u201d \/ acces gratuit - Revista Urbea Mea - Revista de Alba<\/title>\n<meta name=\"description\" content=\"S\u00e2mb\u0103t\u0103, 9 decembrie 2023, la ora 19:00, \u00een sala de spectacole a Centrului Cultural \u201eLucian Blaga\u201d Sebe\u0219, va avea loc concertul simfonic \u201eUn altfel de\" \/>\n<meta name=\"robots\" content=\"index, follow, max-snippet:-1, max-image-preview:large, max-video-preview:-1\" \/>\n<link rel=\"canonical\" href=\"https:\/\/urbeamea.ro\/albaiulia\/concertul-simfonic-un-altfel-de-craciun-la-sebes-acces-gratuit\/\" \/>\n<meta name=\"twitter:card\" content=\"summary_large_image\" \/>\n<meta name=\"twitter:title\" content=\"Concertul simfonic \u201eUn altfel de Cr\u0103ciun... la Sebe\u0219\u201d \/ acces gratuit - Revista Urbea Mea - Revista de Alba\" \/>\n<meta name=\"twitter:description\" content=\"S\u00e2mb\u0103t\u0103, 9 decembrie 2023, la ora 19:00, \u00een sala de spectacole a Centrului Cultural \u201eLucian Blaga\u201d Sebe\u0219, va avea loc concertul simfonic \u201eUn altfel de\" \/>\n<meta name=\"twitter:image\" content=\"https:\/\/urbeamea.ro\/albaiulia\/wp-content\/uploads\/2023\/12\/Fara-titluu.png\" \/>\n<meta name=\"twitter:creator\" content=\"@urbeameaweb\" \/>\n<meta name=\"twitter:site\" content=\"@urbeameaweb\" \/>\n<script type=\"application\/ld+json\" class=\"yoast-schema-graph\">{\"@context\":\"https:\\\/\\\/schema.org\",\"@graph\":[{\"@type\":\"Article\",\"@id\":\"https:\\\/\\\/urbeamea.ro\\\/albaiulia\\\/concertul-simfonic-un-altfel-de-craciun-la-sebes-acces-gratuit\\\/#article\",\"isPartOf\":{\"@id\":\"https:\\\/\\\/urbeamea.ro\\\/albaiulia\\\/concertul-simfonic-un-altfel-de-craciun-la-sebes-acces-gratuit\\\/\"},\"author\":{\"name\":\"Redac\u021bia UrbeaMea\",\"@id\":\"https:\\\/\\\/urbeamea.ro\\\/albaiulia\\\/#\\\/schema\\\/person\\\/272ae98052f8ee8980f59848df070247\"},\"headline\":\"Concertul simfonic \u201eUn altfel de Cr\u0103ciun&#8230; la Sebe\u0219\u201d \\\/ acces gratuit\",\"datePublished\":\"2023-12-05T09:20:06+00:00\",\"dateModified\":\"2023-12-05T09:20:53+00:00\",\"mainEntityOfPage\":{\"@id\":\"https:\\\/\\\/urbeamea.ro\\\/albaiulia\\\/concertul-simfonic-un-altfel-de-craciun-la-sebes-acces-gratuit\\\/\"},\"wordCount\":211,\"commentCount\":0,\"image\":{\"@id\":\"https:\\\/\\\/urbeamea.ro\\\/albaiulia\\\/concertul-simfonic-un-altfel-de-craciun-la-sebes-acces-gratuit\\\/#primaryimage\"},\"thumbnailUrl\":\"https:\\\/\\\/urbeamea.ro\\\/albaiulia\\\/wp-content\\\/uploads\\\/2023\\\/12\\\/Fara-titluu.png\",\"articleSection\":[\"Evenimente\"],\"inLanguage\":\"ro-RO\",\"potentialAction\":[{\"@type\":\"CommentAction\",\"name\":\"Comment\",\"target\":[\"https:\\\/\\\/urbeamea.ro\\\/albaiulia\\\/concertul-simfonic-un-altfel-de-craciun-la-sebes-acces-gratuit\\\/#respond\"]}]},{\"@type\":\"WebPage\",\"@id\":\"https:\\\/\\\/urbeamea.ro\\\/albaiulia\\\/concertul-simfonic-un-altfel-de-craciun-la-sebes-acces-gratuit\\\/\",\"url\":\"https:\\\/\\\/urbeamea.ro\\\/albaiulia\\\/concertul-simfonic-un-altfel-de-craciun-la-sebes-acces-gratuit\\\/\",\"name\":\"Concertul simfonic \u201eUn altfel de Cr\u0103ciun... la Sebe\u0219\u201d \\\/ acces gratuit - Revista Urbea Mea - Revista de Alba\",\"isPartOf\":{\"@id\":\"https:\\\/\\\/urbeamea.ro\\\/albaiulia\\\/#website\"},\"primaryImageOfPage\":{\"@id\":\"https:\\\/\\\/urbeamea.ro\\\/albaiulia\\\/concertul-simfonic-un-altfel-de-craciun-la-sebes-acces-gratuit\\\/#primaryimage\"},\"image\":{\"@id\":\"https:\\\/\\\/urbeamea.ro\\\/albaiulia\\\/concertul-simfonic-un-altfel-de-craciun-la-sebes-acces-gratuit\\\/#primaryimage\"},\"thumbnailUrl\":\"https:\\\/\\\/urbeamea.ro\\\/albaiulia\\\/wp-content\\\/uploads\\\/2023\\\/12\\\/Fara-titluu.png\",\"datePublished\":\"2023-12-05T09:20:06+00:00\",\"dateModified\":\"2023-12-05T09:20:53+00:00\",\"author\":{\"@id\":\"https:\\\/\\\/urbeamea.ro\\\/albaiulia\\\/#\\\/schema\\\/person\\\/272ae98052f8ee8980f59848df070247\"},\"description\":\"S\u00e2mb\u0103t\u0103, 9 decembrie 2023, la ora 19:00, \u00een sala de spectacole a Centrului Cultural \u201eLucian Blaga\u201d Sebe\u0219, va avea loc concertul simfonic \u201eUn altfel de\",\"breadcrumb\":{\"@id\":\"https:\\\/\\\/urbeamea.ro\\\/albaiulia\\\/concertul-simfonic-un-altfel-de-craciun-la-sebes-acces-gratuit\\\/#breadcrumb\"},\"inLanguage\":\"ro-RO\",\"potentialAction\":[{\"@type\":\"ReadAction\",\"target\":[\"https:\\\/\\\/urbeamea.ro\\\/albaiulia\\\/concertul-simfonic-un-altfel-de-craciun-la-sebes-acces-gratuit\\\/\"]}]},{\"@type\":\"ImageObject\",\"inLanguage\":\"ro-RO\",\"@id\":\"https:\\\/\\\/urbeamea.ro\\\/albaiulia\\\/concertul-simfonic-un-altfel-de-craciun-la-sebes-acces-gratuit\\\/#primaryimage\",\"url\":\"https:\\\/\\\/urbeamea.ro\\\/albaiulia\\\/wp-content\\\/uploads\\\/2023\\\/12\\\/Fara-titluu.png\",\"contentUrl\":\"https:\\\/\\\/urbeamea.ro\\\/albaiulia\\\/wp-content\\\/uploads\\\/2023\\\/12\\\/Fara-titluu.png\",\"width\":724,\"height\":771},{\"@type\":\"BreadcrumbList\",\"@id\":\"https:\\\/\\\/urbeamea.ro\\\/albaiulia\\\/concertul-simfonic-un-altfel-de-craciun-la-sebes-acces-gratuit\\\/#breadcrumb\",\"itemListElement\":[{\"@type\":\"ListItem\",\"position\":1,\"name\":\"Prima pagin\u0103\",\"item\":\"https:\\\/\\\/urbeamea.ro\\\/albaiulia\\\/\"},{\"@type\":\"ListItem\",\"position\":2,\"name\":\"Concertul simfonic \u201eUn altfel de Cr\u0103ciun&#8230; la Sebe\u0219\u201d \\\/ acces gratuit\"}]},{\"@type\":\"WebSite\",\"@id\":\"https:\\\/\\\/urbeamea.ro\\\/albaiulia\\\/#website\",\"url\":\"https:\\\/\\\/urbeamea.ro\\\/albaiulia\\\/\",\"name\":\"Revista Urbea Mea, Stiri urbane\",\"description\":\"Evenimente \u0219i \u0219tiri din Alba Iulia, Sebe\u0219, Aiud, Blaj\",\"potentialAction\":[{\"@type\":\"SearchAction\",\"target\":{\"@type\":\"EntryPoint\",\"urlTemplate\":\"https:\\\/\\\/urbeamea.ro\\\/albaiulia\\\/?s={search_term_string}\"},\"query-input\":{\"@type\":\"PropertyValueSpecification\",\"valueRequired\":true,\"valueName\":\"search_term_string\"}}],\"inLanguage\":\"ro-RO\"},{\"@type\":\"Person\",\"@id\":\"https:\\\/\\\/urbeamea.ro\\\/albaiulia\\\/#\\\/schema\\\/person\\\/272ae98052f8ee8980f59848df070247\",\"name\":\"Redac\u021bia UrbeaMea\",\"image\":{\"@type\":\"ImageObject\",\"inLanguage\":\"ro-RO\",\"@id\":\"https:\\\/\\\/secure.gravatar.com\\\/avatar\\\/9ce5a9435071fa1037e8468053ead8e513dbbff59009d3069aadb85506d85a27?s=96&d=mm&r=g\",\"url\":\"https:\\\/\\\/secure.gravatar.com\\\/avatar\\\/9ce5a9435071fa1037e8468053ead8e513dbbff59009d3069aadb85506d85a27?s=96&d=mm&r=g\",\"contentUrl\":\"https:\\\/\\\/secure.gravatar.com\\\/avatar\\\/9ce5a9435071fa1037e8468053ead8e513dbbff59009d3069aadb85506d85a27?s=96&d=mm&r=g\",\"caption\":\"Redac\u021bia UrbeaMea\"},\"description\":\"contact@urbeamea.ro\",\"sameAs\":[\"https:\\\/\\\/www.urbeamea.ro\"],\"url\":\"https:\\\/\\\/urbeamea.ro\\\/albaiulia\\\/author\\\/redactia-urbeamea\\\/\"}]}<\/script>\n<!-- \/ Yoast SEO plugin. -->","yoast_head_json":{"title":"Concertul simfonic \u201eUn altfel de Cr\u0103ciun... la Sebe\u0219\u201d \/ acces gratuit - Revista Urbea Mea - Revista de Alba","description":"S\u00e2mb\u0103t\u0103, 9 decembrie 2023, la ora 19:00, \u00een sala de spectacole a Centrului Cultural \u201eLucian Blaga\u201d Sebe\u0219, va avea loc concertul simfonic \u201eUn altfel de","robots":{"index":"index","follow":"follow","max-snippet":"max-snippet:-1","max-image-preview":"max-image-preview:large","max-video-preview":"max-video-preview:-1"},"canonical":"https:\/\/urbeamea.ro\/albaiulia\/concertul-simfonic-un-altfel-de-craciun-la-sebes-acces-gratuit\/","twitter_card":"summary_large_image","twitter_title":"Concertul simfonic \u201eUn altfel de Cr\u0103ciun... la Sebe\u0219\u201d \/ acces gratuit - Revista Urbea Mea - Revista de Alba","twitter_description":"S\u00e2mb\u0103t\u0103, 9 decembrie 2023, la ora 19:00, \u00een sala de spectacole a Centrului Cultural \u201eLucian Blaga\u201d Sebe\u0219, va avea loc concertul simfonic \u201eUn altfel de","twitter_image":"https:\/\/urbeamea.ro\/albaiulia\/wp-content\/uploads\/2023\/12\/Fara-titluu.png","twitter_creator":"@urbeameaweb","twitter_site":"@urbeameaweb","schema":{"@context":"https:\/\/schema.org","@graph":[{"@type":"Article","@id":"https:\/\/urbeamea.ro\/albaiulia\/concertul-simfonic-un-altfel-de-craciun-la-sebes-acces-gratuit\/#article","isPartOf":{"@id":"https:\/\/urbeamea.ro\/albaiulia\/concertul-simfonic-un-altfel-de-craciun-la-sebes-acces-gratuit\/"},"author":{"name":"Redac\u021bia UrbeaMea","@id":"https:\/\/urbeamea.ro\/albaiulia\/#\/schema\/person\/272ae98052f8ee8980f59848df070247"},"headline":"Concertul simfonic \u201eUn altfel de Cr\u0103ciun&#8230; la Sebe\u0219\u201d \/ acces gratuit","datePublished":"2023-12-05T09:20:06+00:00","dateModified":"2023-12-05T09:20:53+00:00","mainEntityOfPage":{"@id":"https:\/\/urbeamea.ro\/albaiulia\/concertul-simfonic-un-altfel-de-craciun-la-sebes-acces-gratuit\/"},"wordCount":211,"commentCount":0,"image":{"@id":"https:\/\/urbeamea.ro\/albaiulia\/concertul-simfonic-un-altfel-de-craciun-la-sebes-acces-gratuit\/#primaryimage"},"thumbnailUrl":"https:\/\/urbeamea.ro\/albaiulia\/wp-content\/uploads\/2023\/12\/Fara-titluu.png","articleSection":["Evenimente"],"inLanguage":"ro-RO","potentialAction":[{"@type":"CommentAction","name":"Comment","target":["https:\/\/urbeamea.ro\/albaiulia\/concertul-simfonic-un-altfel-de-craciun-la-sebes-acces-gratuit\/#respond"]}]},{"@type":"WebPage","@id":"https:\/\/urbeamea.ro\/albaiulia\/concertul-simfonic-un-altfel-de-craciun-la-sebes-acces-gratuit\/","url":"https:\/\/urbeamea.ro\/albaiulia\/concertul-simfonic-un-altfel-de-craciun-la-sebes-acces-gratuit\/","name":"Concertul simfonic \u201eUn altfel de Cr\u0103ciun... la Sebe\u0219\u201d \/ acces gratuit - Revista Urbea Mea - Revista de Alba","isPartOf":{"@id":"https:\/\/urbeamea.ro\/albaiulia\/#website"},"primaryImageOfPage":{"@id":"https:\/\/urbeamea.ro\/albaiulia\/concertul-simfonic-un-altfel-de-craciun-la-sebes-acces-gratuit\/#primaryimage"},"image":{"@id":"https:\/\/urbeamea.ro\/albaiulia\/concertul-simfonic-un-altfel-de-craciun-la-sebes-acces-gratuit\/#primaryimage"},"thumbnailUrl":"https:\/\/urbeamea.ro\/albaiulia\/wp-content\/uploads\/2023\/12\/Fara-titluu.png","datePublished":"2023-12-05T09:20:06+00:00","dateModified":"2023-12-05T09:20:53+00:00","author":{"@id":"https:\/\/urbeamea.ro\/albaiulia\/#\/schema\/person\/272ae98052f8ee8980f59848df070247"},"description":"S\u00e2mb\u0103t\u0103, 9 decembrie 2023, la ora 19:00, \u00een sala de spectacole a Centrului Cultural \u201eLucian Blaga\u201d Sebe\u0219, va avea loc concertul simfonic \u201eUn altfel de","breadcrumb":{"@id":"https:\/\/urbeamea.ro\/albaiulia\/concertul-simfonic-un-altfel-de-craciun-la-sebes-acces-gratuit\/#breadcrumb"},"inLanguage":"ro-RO","potentialAction":[{"@type":"ReadAction","target":["https:\/\/urbeamea.ro\/albaiulia\/concertul-simfonic-un-altfel-de-craciun-la-sebes-acces-gratuit\/"]}]},{"@type":"ImageObject","inLanguage":"ro-RO","@id":"https:\/\/urbeamea.ro\/albaiulia\/concertul-simfonic-un-altfel-de-craciun-la-sebes-acces-gratuit\/#primaryimage","url":"https:\/\/urbeamea.ro\/albaiulia\/wp-content\/uploads\/2023\/12\/Fara-titluu.png","contentUrl":"https:\/\/urbeamea.ro\/albaiulia\/wp-content\/uploads\/2023\/12\/Fara-titluu.png","width":724,"height":771},{"@type":"BreadcrumbList","@id":"https:\/\/urbeamea.ro\/albaiulia\/concertul-simfonic-un-altfel-de-craciun-la-sebes-acces-gratuit\/#breadcrumb","itemListElement":[{"@type":"ListItem","position":1,"name":"Prima pagin\u0103","item":"https:\/\/urbeamea.ro\/albaiulia\/"},{"@type":"ListItem","position":2,"name":"Concertul simfonic \u201eUn altfel de Cr\u0103ciun&#8230; la Sebe\u0219\u201d \/ acces gratuit"}]},{"@type":"WebSite","@id":"https:\/\/urbeamea.ro\/albaiulia\/#website","url":"https:\/\/urbeamea.ro\/albaiulia\/","name":"Revista Urbea Mea, Stiri urbane","description":"Evenimente \u0219i \u0219tiri din Alba Iulia, Sebe\u0219, Aiud, Blaj","potentialAction":[{"@type":"SearchAction","target":{"@type":"EntryPoint","urlTemplate":"https:\/\/urbeamea.ro\/albaiulia\/?s={search_term_string}"},"query-input":{"@type":"PropertyValueSpecification","valueRequired":true,"valueName":"search_term_string"}}],"inLanguage":"ro-RO"},{"@type":"Person","@id":"https:\/\/urbeamea.ro\/albaiulia\/#\/schema\/person\/272ae98052f8ee8980f59848df070247","name":"Redac\u021bia UrbeaMea","image":{"@type":"ImageObject","inLanguage":"ro-RO","@id":"https:\/\/secure.gravatar.com\/avatar\/9ce5a9435071fa1037e8468053ead8e513dbbff59009d3069aadb85506d85a27?s=96&d=mm&r=g","url":"https:\/\/secure.gravatar.com\/avatar\/9ce5a9435071fa1037e8468053ead8e513dbbff59009d3069aadb85506d85a27?s=96&d=mm&r=g","contentUrl":"https:\/\/secure.gravatar.com\/avatar\/9ce5a9435071fa1037e8468053ead8e513dbbff59009d3069aadb85506d85a27?s=96&d=mm&r=g","caption":"Redac\u021bia UrbeaMea"},"description":"contact@urbeamea.ro","sameAs":["https:\/\/www.urbeamea.ro"],"url":"https:\/\/urbeamea.ro\/albaiulia\/author\/redactia-urbeamea\/"}]}},"_links":{"self":[{"href":"https:\/\/urbeamea.ro\/albaiulia\/wp-json\/wp\/v2\/posts\/109838","targetHints":{"allow":["GET"]}}],"collection":[{"href":"https:\/\/urbeamea.ro\/albaiulia\/wp-json\/wp\/v2\/posts"}],"about":[{"href":"https:\/\/urbeamea.ro\/albaiulia\/wp-json\/wp\/v2\/types\/post"}],"author":[{"embeddable":true,"href":"https:\/\/urbeamea.ro\/albaiulia\/wp-json\/wp\/v2\/users\/16"}],"replies":[{"embeddable":true,"href":"https:\/\/urbeamea.ro\/albaiulia\/wp-json\/wp\/v2\/comments?post=109838"}],"version-history":[{"count":2,"href":"https:\/\/urbeamea.ro\/albaiulia\/wp-json\/wp\/v2\/posts\/109838\/revisions"}],"predecessor-version":[{"id":109843,"href":"https:\/\/urbeamea.ro\/albaiulia\/wp-json\/wp\/v2\/posts\/109838\/revisions\/109843"}],"wp:featuredmedia":[{"embeddable":true,"href":"https:\/\/urbeamea.ro\/albaiulia\/wp-json\/wp\/v2\/media\/109839"}],"wp:attachment":[{"href":"https:\/\/urbeamea.ro\/albaiulia\/wp-json\/wp\/v2\/media?parent=109838"}],"wp:term":[{"taxonomy":"category","embeddable":true,"href":"https:\/\/urbeamea.ro\/albaiulia\/wp-json\/wp\/v2\/categories?post=109838"},{"taxonomy":"post_tag","embeddable":true,"href":"https:\/\/urbeamea.ro\/albaiulia\/wp-json\/wp\/v2\/tags?post=109838"}],"curies":[{"name":"wp","href":"https:\/\/api.w.org\/{rel}","templated":true}]}}