{"id":109844,"date":"2023-12-05T11:22:05","date_gmt":"2023-12-05T09:22:05","guid":{"rendered":"https:\/\/urbeamea.ro\/albaiulia\/?p=109844"},"modified":"2023-12-05T11:22:06","modified_gmt":"2023-12-05T09:22:06","slug":"echipa-inspectoratului-de-jandarmi-judetean-avram-iancu-alba-s-a-marit-cu-6-subofiteri-jandarmi","status":"publish","type":"post","link":"https:\/\/urbeamea.ro\/albaiulia\/echipa-inspectoratului-de-jandarmi-judetean-avram-iancu-alba-s-a-marit-cu-6-subofiteri-jandarmi\/","title":{"rendered":"Echipa Inspectoratului de Jandarmi Jude\u021bean \u201a\u201aAvram Iancu\u2019\u2019 Alba s-a m\u0103rit cu 6 subofi\u021beri jandarmi"},"content":{"rendered":"\n<p>Colectivul Inspectoratului de Jandarmi Jude\u021bean \u201dAvram Iancu\u201d Alba s-a m\u0103rit cu 6 subofi\u021beri jandarmi. Noii colegi sunt absolven\u021bii \u0218colilor Militare de subofi\u021beri de Jandarmi F\u0103lticeni \u0219i Dr\u0103g\u0103\u0219ani, promo\u021bia noiembrie 2023 \u0219i au\u00a0 fost repartiza\u021bi la Inspectoratul de Jandarmi Jude\u021bean \u201dAvram Iancu\u201d Alba, \u00een ordinea mediilor de absolvire, \u021bin\u00e2nd cont de situa\u021bia operativ\u0103 \u0219i raportat la nevoile fiec\u0103rei structuri.<\/p>\n\n\n\n<p>Domnul inspector \u0219ef, colonel Pa\u0219ca Tudor-Gheorghe, le-a adresat un cuv\u00e2nt de bun venit \u0219i i-a felicitat, solicit\u00e2ndu-le dedicare \u0219i responsabilitate \u00een executarea misiunilor \u00een care vor fi implica\u021bi.<\/p>\n\n\n\n<h1 class=\"wp-block-heading\">&nbsp;<\/h1>\n\n\n\n<p>La debutul \u00een carier\u0103, ace\u0219tia vor parcurge o perioad\u0103 de de 6 luni de tutel\u0103 profesional\u0103, care \u00eei va ini\u021bia \u0219i forma \u00een meseria de jandarm.<\/p>\n\n\n\n<h1 class=\"wp-block-heading\">&nbsp;<\/h1>\n","protected":false},"excerpt":{"rendered":"<p>Colectivul Inspectoratului de Jandarmi Jude\u021bean \u201dAvram Iancu\u201d Alba s-a m\u0103rit cu 6 subofi\u021beri jandarmi. Noii colegi sunt absolven\u021bii \u0218colilor Militare de subofi\u021beri de Jandarmi F\u0103lticeni \u0219i Dr\u0103g\u0103\u0219ani, promo\u021bia noiembrie 2023 \u0219i au\u00a0 fost repartiza\u021bi la Inspectoratul de Jandarmi Jude\u021bean \u201dAvram Iancu\u201d Alba, \u00een ordinea mediilor de absolvire, \u021bin\u00e2nd cont de situa\u021bia operativ\u0103 \u0219i raportat la &hellip;<\/p>\n","protected":false},"author":16,"featured_media":109845,"comment_status":"open","ping_status":"open","sticky":false,"template":"","format":"standard","meta":{"inline_featured_image":false,"footnotes":""},"categories":[2035],"tags":[],"class_list":["post-109844","post","type-post","status-publish","format-standard","has-post-thumbnail","hentry","category-administratie"],"yoast_head":"<!-- This site is optimized with the Yoast SEO plugin v27.4 - https:\/\/yoast.com\/product\/yoast-seo-wordpress\/ -->\n<title>Echipa Inspectoratului de Jandarmi Jude\u021bean \u201a\u201aAvram Iancu\u2019\u2019 Alba s-a m\u0103rit cu 6 subofi\u021beri jandarmi - Revista Urbea Mea - Revista de Alba<\/title>\n<meta name=\"description\" content=\"Colectivul Inspectoratului de Jandarmi Jude\u021bean \u201dAvram Iancu\u201d Alba s-a m\u0103rit cu 6 subofi\u021beri jandarmi. Noii colegi sunt absolven\u021bii \u0218colilor Militare de\" \/>\n<meta name=\"robots\" content=\"index, follow, max-snippet:-1, max-image-preview:large, max-video-preview:-1\" \/>\n<link rel=\"canonical\" href=\"https:\/\/urbeamea.ro\/albaiulia\/echipa-inspectoratului-de-jandarmi-judetean-avram-iancu-alba-s-a-marit-cu-6-subofiteri-jandarmi\/\" \/>\n<meta name=\"twitter:card\" content=\"summary_large_image\" \/>\n<meta name=\"twitter:title\" content=\"Echipa Inspectoratului de Jandarmi Jude\u021bean \u201a\u201aAvram Iancu\u2019\u2019 Alba s-a m\u0103rit cu 6 subofi\u021beri jandarmi - Revista Urbea Mea - Revista de Alba\" \/>\n<meta name=\"twitter:description\" content=\"Colectivul Inspectoratului de Jandarmi Jude\u021bean \u201dAvram Iancu\u201d Alba s-a m\u0103rit cu 6 subofi\u021beri jandarmi. Noii colegi sunt absolven\u021bii \u0218colilor Militare de\" \/>\n<meta name=\"twitter:image\" content=\"https:\/\/urbeamea.ro\/albaiulia\/wp-content\/uploads\/2023\/12\/cadre-noi-IJJ-Alba.jpg\" \/>\n<meta name=\"twitter:creator\" content=\"@urbeameaweb\" \/>\n<meta name=\"twitter:site\" content=\"@urbeameaweb\" \/>\n<script type=\"application\/ld+json\" class=\"yoast-schema-graph\">{\"@context\":\"https:\\\/\\\/schema.org\",\"@graph\":[{\"@type\":\"Article\",\"@id\":\"https:\\\/\\\/urbeamea.ro\\\/albaiulia\\\/echipa-inspectoratului-de-jandarmi-judetean-avram-iancu-alba-s-a-marit-cu-6-subofiteri-jandarmi\\\/#article\",\"isPartOf\":{\"@id\":\"https:\\\/\\\/urbeamea.ro\\\/albaiulia\\\/echipa-inspectoratului-de-jandarmi-judetean-avram-iancu-alba-s-a-marit-cu-6-subofiteri-jandarmi\\\/\"},\"author\":{\"name\":\"Redac\u021bia UrbeaMea\",\"@id\":\"https:\\\/\\\/urbeamea.ro\\\/albaiulia\\\/#\\\/schema\\\/person\\\/272ae98052f8ee8980f59848df070247\"},\"headline\":\"Echipa Inspectoratului de Jandarmi Jude\u021bean \u201a\u201aAvram Iancu\u2019\u2019 Alba s-a m\u0103rit cu 6 subofi\u021beri jandarmi\",\"datePublished\":\"2023-12-05T09:22:05+00:00\",\"dateModified\":\"2023-12-05T09:22:06+00:00\",\"mainEntityOfPage\":{\"@id\":\"https:\\\/\\\/urbeamea.ro\\\/albaiulia\\\/echipa-inspectoratului-de-jandarmi-judetean-avram-iancu-alba-s-a-marit-cu-6-subofiteri-jandarmi\\\/\"},\"wordCount\":147,\"commentCount\":0,\"image\":{\"@id\":\"https:\\\/\\\/urbeamea.ro\\\/albaiulia\\\/echipa-inspectoratului-de-jandarmi-judetean-avram-iancu-alba-s-a-marit-cu-6-subofiteri-jandarmi\\\/#primaryimage\"},\"thumbnailUrl\":\"https:\\\/\\\/urbeamea.ro\\\/albaiulia\\\/wp-content\\\/uploads\\\/2023\\\/12\\\/cadre-noi-IJJ-Alba.jpg\",\"articleSection\":[\"Administra\u021bie\"],\"inLanguage\":\"ro-RO\",\"potentialAction\":[{\"@type\":\"CommentAction\",\"name\":\"Comment\",\"target\":[\"https:\\\/\\\/urbeamea.ro\\\/albaiulia\\\/echipa-inspectoratului-de-jandarmi-judetean-avram-iancu-alba-s-a-marit-cu-6-subofiteri-jandarmi\\\/#respond\"]}]},{\"@type\":\"WebPage\",\"@id\":\"https:\\\/\\\/urbeamea.ro\\\/albaiulia\\\/echipa-inspectoratului-de-jandarmi-judetean-avram-iancu-alba-s-a-marit-cu-6-subofiteri-jandarmi\\\/\",\"url\":\"https:\\\/\\\/urbeamea.ro\\\/albaiulia\\\/echipa-inspectoratului-de-jandarmi-judetean-avram-iancu-alba-s-a-marit-cu-6-subofiteri-jandarmi\\\/\",\"name\":\"Echipa Inspectoratului de Jandarmi Jude\u021bean \u201a\u201aAvram Iancu\u2019\u2019 Alba s-a m\u0103rit cu 6 subofi\u021beri jandarmi - Revista Urbea Mea - Revista de Alba\",\"isPartOf\":{\"@id\":\"https:\\\/\\\/urbeamea.ro\\\/albaiulia\\\/#website\"},\"primaryImageOfPage\":{\"@id\":\"https:\\\/\\\/urbeamea.ro\\\/albaiulia\\\/echipa-inspectoratului-de-jandarmi-judetean-avram-iancu-alba-s-a-marit-cu-6-subofiteri-jandarmi\\\/#primaryimage\"},\"image\":{\"@id\":\"https:\\\/\\\/urbeamea.ro\\\/albaiulia\\\/echipa-inspectoratului-de-jandarmi-judetean-avram-iancu-alba-s-a-marit-cu-6-subofiteri-jandarmi\\\/#primaryimage\"},\"thumbnailUrl\":\"https:\\\/\\\/urbeamea.ro\\\/albaiulia\\\/wp-content\\\/uploads\\\/2023\\\/12\\\/cadre-noi-IJJ-Alba.jpg\",\"datePublished\":\"2023-12-05T09:22:05+00:00\",\"dateModified\":\"2023-12-05T09:22:06+00:00\",\"author\":{\"@id\":\"https:\\\/\\\/urbeamea.ro\\\/albaiulia\\\/#\\\/schema\\\/person\\\/272ae98052f8ee8980f59848df070247\"},\"description\":\"Colectivul Inspectoratului de Jandarmi Jude\u021bean \u201dAvram Iancu\u201d Alba s-a m\u0103rit cu 6 subofi\u021beri jandarmi. Noii colegi sunt absolven\u021bii \u0218colilor Militare de\",\"breadcrumb\":{\"@id\":\"https:\\\/\\\/urbeamea.ro\\\/albaiulia\\\/echipa-inspectoratului-de-jandarmi-judetean-avram-iancu-alba-s-a-marit-cu-6-subofiteri-jandarmi\\\/#breadcrumb\"},\"inLanguage\":\"ro-RO\",\"potentialAction\":[{\"@type\":\"ReadAction\",\"target\":[\"https:\\\/\\\/urbeamea.ro\\\/albaiulia\\\/echipa-inspectoratului-de-jandarmi-judetean-avram-iancu-alba-s-a-marit-cu-6-subofiteri-jandarmi\\\/\"]}]},{\"@type\":\"ImageObject\",\"inLanguage\":\"ro-RO\",\"@id\":\"https:\\\/\\\/urbeamea.ro\\\/albaiulia\\\/echipa-inspectoratului-de-jandarmi-judetean-avram-iancu-alba-s-a-marit-cu-6-subofiteri-jandarmi\\\/#primaryimage\",\"url\":\"https:\\\/\\\/urbeamea.ro\\\/albaiulia\\\/wp-content\\\/uploads\\\/2023\\\/12\\\/cadre-noi-IJJ-Alba.jpg\",\"contentUrl\":\"https:\\\/\\\/urbeamea.ro\\\/albaiulia\\\/wp-content\\\/uploads\\\/2023\\\/12\\\/cadre-noi-IJJ-Alba.jpg\",\"width\":1600,\"height\":1066},{\"@type\":\"BreadcrumbList\",\"@id\":\"https:\\\/\\\/urbeamea.ro\\\/albaiulia\\\/echipa-inspectoratului-de-jandarmi-judetean-avram-iancu-alba-s-a-marit-cu-6-subofiteri-jandarmi\\\/#breadcrumb\",\"itemListElement\":[{\"@type\":\"ListItem\",\"position\":1,\"name\":\"Prima pagin\u0103\",\"item\":\"https:\\\/\\\/urbeamea.ro\\\/albaiulia\\\/\"},{\"@type\":\"ListItem\",\"position\":2,\"name\":\"Echipa Inspectoratului de Jandarmi Jude\u021bean \u201a\u201aAvram Iancu\u2019\u2019 Alba s-a m\u0103rit cu 6 subofi\u021beri jandarmi\"}]},{\"@type\":\"WebSite\",\"@id\":\"https:\\\/\\\/urbeamea.ro\\\/albaiulia\\\/#website\",\"url\":\"https:\\\/\\\/urbeamea.ro\\\/albaiulia\\\/\",\"name\":\"Revista Urbea Mea, Stiri urbane\",\"description\":\"Evenimente \u0219i \u0219tiri din Alba Iulia, Sebe\u0219, Aiud, Blaj\",\"potentialAction\":[{\"@type\":\"SearchAction\",\"target\":{\"@type\":\"EntryPoint\",\"urlTemplate\":\"https:\\\/\\\/urbeamea.ro\\\/albaiulia\\\/?s={search_term_string}\"},\"query-input\":{\"@type\":\"PropertyValueSpecification\",\"valueRequired\":true,\"valueName\":\"search_term_string\"}}],\"inLanguage\":\"ro-RO\"},{\"@type\":\"Person\",\"@id\":\"https:\\\/\\\/urbeamea.ro\\\/albaiulia\\\/#\\\/schema\\\/person\\\/272ae98052f8ee8980f59848df070247\",\"name\":\"Redac\u021bia UrbeaMea\",\"image\":{\"@type\":\"ImageObject\",\"inLanguage\":\"ro-RO\",\"@id\":\"https:\\\/\\\/secure.gravatar.com\\\/avatar\\\/9ce5a9435071fa1037e8468053ead8e513dbbff59009d3069aadb85506d85a27?s=96&d=mm&r=g\",\"url\":\"https:\\\/\\\/secure.gravatar.com\\\/avatar\\\/9ce5a9435071fa1037e8468053ead8e513dbbff59009d3069aadb85506d85a27?s=96&d=mm&r=g\",\"contentUrl\":\"https:\\\/\\\/secure.gravatar.com\\\/avatar\\\/9ce5a9435071fa1037e8468053ead8e513dbbff59009d3069aadb85506d85a27?s=96&d=mm&r=g\",\"caption\":\"Redac\u021bia UrbeaMea\"},\"description\":\"contact@urbeamea.ro\",\"sameAs\":[\"https:\\\/\\\/www.urbeamea.ro\"],\"url\":\"https:\\\/\\\/urbeamea.ro\\\/albaiulia\\\/author\\\/redactia-urbeamea\\\/\"}]}<\/script>\n<!-- \/ Yoast SEO plugin. -->","yoast_head_json":{"title":"Echipa Inspectoratului de Jandarmi Jude\u021bean \u201a\u201aAvram Iancu\u2019\u2019 Alba s-a m\u0103rit cu 6 subofi\u021beri jandarmi - Revista Urbea Mea - Revista de Alba","description":"Colectivul Inspectoratului de Jandarmi Jude\u021bean \u201dAvram Iancu\u201d Alba s-a m\u0103rit cu 6 subofi\u021beri jandarmi. Noii colegi sunt absolven\u021bii \u0218colilor Militare de","robots":{"index":"index","follow":"follow","max-snippet":"max-snippet:-1","max-image-preview":"max-image-preview:large","max-video-preview":"max-video-preview:-1"},"canonical":"https:\/\/urbeamea.ro\/albaiulia\/echipa-inspectoratului-de-jandarmi-judetean-avram-iancu-alba-s-a-marit-cu-6-subofiteri-jandarmi\/","twitter_card":"summary_large_image","twitter_title":"Echipa Inspectoratului de Jandarmi Jude\u021bean \u201a\u201aAvram Iancu\u2019\u2019 Alba s-a m\u0103rit cu 6 subofi\u021beri jandarmi - Revista Urbea Mea - Revista de Alba","twitter_description":"Colectivul Inspectoratului de Jandarmi Jude\u021bean \u201dAvram Iancu\u201d Alba s-a m\u0103rit cu 6 subofi\u021beri jandarmi. Noii colegi sunt absolven\u021bii \u0218colilor Militare de","twitter_image":"https:\/\/urbeamea.ro\/albaiulia\/wp-content\/uploads\/2023\/12\/cadre-noi-IJJ-Alba.jpg","twitter_creator":"@urbeameaweb","twitter_site":"@urbeameaweb","schema":{"@context":"https:\/\/schema.org","@graph":[{"@type":"Article","@id":"https:\/\/urbeamea.ro\/albaiulia\/echipa-inspectoratului-de-jandarmi-judetean-avram-iancu-alba-s-a-marit-cu-6-subofiteri-jandarmi\/#article","isPartOf":{"@id":"https:\/\/urbeamea.ro\/albaiulia\/echipa-inspectoratului-de-jandarmi-judetean-avram-iancu-alba-s-a-marit-cu-6-subofiteri-jandarmi\/"},"author":{"name":"Redac\u021bia UrbeaMea","@id":"https:\/\/urbeamea.ro\/albaiulia\/#\/schema\/person\/272ae98052f8ee8980f59848df070247"},"headline":"Echipa Inspectoratului de Jandarmi Jude\u021bean \u201a\u201aAvram Iancu\u2019\u2019 Alba s-a m\u0103rit cu 6 subofi\u021beri jandarmi","datePublished":"2023-12-05T09:22:05+00:00","dateModified":"2023-12-05T09:22:06+00:00","mainEntityOfPage":{"@id":"https:\/\/urbeamea.ro\/albaiulia\/echipa-inspectoratului-de-jandarmi-judetean-avram-iancu-alba-s-a-marit-cu-6-subofiteri-jandarmi\/"},"wordCount":147,"commentCount":0,"image":{"@id":"https:\/\/urbeamea.ro\/albaiulia\/echipa-inspectoratului-de-jandarmi-judetean-avram-iancu-alba-s-a-marit-cu-6-subofiteri-jandarmi\/#primaryimage"},"thumbnailUrl":"https:\/\/urbeamea.ro\/albaiulia\/wp-content\/uploads\/2023\/12\/cadre-noi-IJJ-Alba.jpg","articleSection":["Administra\u021bie"],"inLanguage":"ro-RO","potentialAction":[{"@type":"CommentAction","name":"Comment","target":["https:\/\/urbeamea.ro\/albaiulia\/echipa-inspectoratului-de-jandarmi-judetean-avram-iancu-alba-s-a-marit-cu-6-subofiteri-jandarmi\/#respond"]}]},{"@type":"WebPage","@id":"https:\/\/urbeamea.ro\/albaiulia\/echipa-inspectoratului-de-jandarmi-judetean-avram-iancu-alba-s-a-marit-cu-6-subofiteri-jandarmi\/","url":"https:\/\/urbeamea.ro\/albaiulia\/echipa-inspectoratului-de-jandarmi-judetean-avram-iancu-alba-s-a-marit-cu-6-subofiteri-jandarmi\/","name":"Echipa Inspectoratului de Jandarmi Jude\u021bean \u201a\u201aAvram Iancu\u2019\u2019 Alba s-a m\u0103rit cu 6 subofi\u021beri jandarmi - Revista Urbea Mea - Revista de Alba","isPartOf":{"@id":"https:\/\/urbeamea.ro\/albaiulia\/#website"},"primaryImageOfPage":{"@id":"https:\/\/urbeamea.ro\/albaiulia\/echipa-inspectoratului-de-jandarmi-judetean-avram-iancu-alba-s-a-marit-cu-6-subofiteri-jandarmi\/#primaryimage"},"image":{"@id":"https:\/\/urbeamea.ro\/albaiulia\/echipa-inspectoratului-de-jandarmi-judetean-avram-iancu-alba-s-a-marit-cu-6-subofiteri-jandarmi\/#primaryimage"},"thumbnailUrl":"https:\/\/urbeamea.ro\/albaiulia\/wp-content\/uploads\/2023\/12\/cadre-noi-IJJ-Alba.jpg","datePublished":"2023-12-05T09:22:05+00:00","dateModified":"2023-12-05T09:22:06+00:00","author":{"@id":"https:\/\/urbeamea.ro\/albaiulia\/#\/schema\/person\/272ae98052f8ee8980f59848df070247"},"description":"Colectivul Inspectoratului de Jandarmi Jude\u021bean \u201dAvram Iancu\u201d Alba s-a m\u0103rit cu 6 subofi\u021beri jandarmi. Noii colegi sunt absolven\u021bii \u0218colilor Militare de","breadcrumb":{"@id":"https:\/\/urbeamea.ro\/albaiulia\/echipa-inspectoratului-de-jandarmi-judetean-avram-iancu-alba-s-a-marit-cu-6-subofiteri-jandarmi\/#breadcrumb"},"inLanguage":"ro-RO","potentialAction":[{"@type":"ReadAction","target":["https:\/\/urbeamea.ro\/albaiulia\/echipa-inspectoratului-de-jandarmi-judetean-avram-iancu-alba-s-a-marit-cu-6-subofiteri-jandarmi\/"]}]},{"@type":"ImageObject","inLanguage":"ro-RO","@id":"https:\/\/urbeamea.ro\/albaiulia\/echipa-inspectoratului-de-jandarmi-judetean-avram-iancu-alba-s-a-marit-cu-6-subofiteri-jandarmi\/#primaryimage","url":"https:\/\/urbeamea.ro\/albaiulia\/wp-content\/uploads\/2023\/12\/cadre-noi-IJJ-Alba.jpg","contentUrl":"https:\/\/urbeamea.ro\/albaiulia\/wp-content\/uploads\/2023\/12\/cadre-noi-IJJ-Alba.jpg","width":1600,"height":1066},{"@type":"BreadcrumbList","@id":"https:\/\/urbeamea.ro\/albaiulia\/echipa-inspectoratului-de-jandarmi-judetean-avram-iancu-alba-s-a-marit-cu-6-subofiteri-jandarmi\/#breadcrumb","itemListElement":[{"@type":"ListItem","position":1,"name":"Prima pagin\u0103","item":"https:\/\/urbeamea.ro\/albaiulia\/"},{"@type":"ListItem","position":2,"name":"Echipa Inspectoratului de Jandarmi Jude\u021bean \u201a\u201aAvram Iancu\u2019\u2019 Alba s-a m\u0103rit cu 6 subofi\u021beri jandarmi"}]},{"@type":"WebSite","@id":"https:\/\/urbeamea.ro\/albaiulia\/#website","url":"https:\/\/urbeamea.ro\/albaiulia\/","name":"Revista Urbea Mea, Stiri urbane","description":"Evenimente \u0219i \u0219tiri din Alba Iulia, Sebe\u0219, Aiud, Blaj","potentialAction":[{"@type":"SearchAction","target":{"@type":"EntryPoint","urlTemplate":"https:\/\/urbeamea.ro\/albaiulia\/?s={search_term_string}"},"query-input":{"@type":"PropertyValueSpecification","valueRequired":true,"valueName":"search_term_string"}}],"inLanguage":"ro-RO"},{"@type":"Person","@id":"https:\/\/urbeamea.ro\/albaiulia\/#\/schema\/person\/272ae98052f8ee8980f59848df070247","name":"Redac\u021bia UrbeaMea","image":{"@type":"ImageObject","inLanguage":"ro-RO","@id":"https:\/\/secure.gravatar.com\/avatar\/9ce5a9435071fa1037e8468053ead8e513dbbff59009d3069aadb85506d85a27?s=96&d=mm&r=g","url":"https:\/\/secure.gravatar.com\/avatar\/9ce5a9435071fa1037e8468053ead8e513dbbff59009d3069aadb85506d85a27?s=96&d=mm&r=g","contentUrl":"https:\/\/secure.gravatar.com\/avatar\/9ce5a9435071fa1037e8468053ead8e513dbbff59009d3069aadb85506d85a27?s=96&d=mm&r=g","caption":"Redac\u021bia UrbeaMea"},"description":"contact@urbeamea.ro","sameAs":["https:\/\/www.urbeamea.ro"],"url":"https:\/\/urbeamea.ro\/albaiulia\/author\/redactia-urbeamea\/"}]}},"_links":{"self":[{"href":"https:\/\/urbeamea.ro\/albaiulia\/wp-json\/wp\/v2\/posts\/109844","targetHints":{"allow":["GET"]}}],"collection":[{"href":"https:\/\/urbeamea.ro\/albaiulia\/wp-json\/wp\/v2\/posts"}],"about":[{"href":"https:\/\/urbeamea.ro\/albaiulia\/wp-json\/wp\/v2\/types\/post"}],"author":[{"embeddable":true,"href":"https:\/\/urbeamea.ro\/albaiulia\/wp-json\/wp\/v2\/users\/16"}],"replies":[{"embeddable":true,"href":"https:\/\/urbeamea.ro\/albaiulia\/wp-json\/wp\/v2\/comments?post=109844"}],"version-history":[{"count":1,"href":"https:\/\/urbeamea.ro\/albaiulia\/wp-json\/wp\/v2\/posts\/109844\/revisions"}],"predecessor-version":[{"id":109846,"href":"https:\/\/urbeamea.ro\/albaiulia\/wp-json\/wp\/v2\/posts\/109844\/revisions\/109846"}],"wp:featuredmedia":[{"embeddable":true,"href":"https:\/\/urbeamea.ro\/albaiulia\/wp-json\/wp\/v2\/media\/109845"}],"wp:attachment":[{"href":"https:\/\/urbeamea.ro\/albaiulia\/wp-json\/wp\/v2\/media?parent=109844"}],"wp:term":[{"taxonomy":"category","embeddable":true,"href":"https:\/\/urbeamea.ro\/albaiulia\/wp-json\/wp\/v2\/categories?post=109844"},{"taxonomy":"post_tag","embeddable":true,"href":"https:\/\/urbeamea.ro\/albaiulia\/wp-json\/wp\/v2\/tags?post=109844"}],"curies":[{"name":"wp","href":"https:\/\/api.w.org\/{rel}","templated":true}]}}