{"id":109847,"date":"2023-12-05T11:33:56","date_gmt":"2023-12-05T09:33:56","guid":{"rendered":"https:\/\/urbeamea.ro\/albaiulia\/?p=109847"},"modified":"2023-12-05T11:33:58","modified_gmt":"2023-12-05T09:33:58","slug":"o-adevarata-zi-de-sarbatoare-pentru-copiii-centrului-rita-gargarita","status":"publish","type":"post","link":"https:\/\/urbeamea.ro\/albaiulia\/o-adevarata-zi-de-sarbatoare-pentru-copiii-centrului-rita-gargarita\/","title":{"rendered":"O adev\u0103rat\u0103 zi de s\u0103rb\u0103toare pentru copiii centrului Ri\u021ba G\u0103rg\u0103ri\u021ba"},"content":{"rendered":"\n<p>Ieri, 4 decembrie 2023, a fost o adev\u0103rat\u0103 zi de s\u0103rb\u0103toare pentru cei a c\u0103ror cas\u0103 este Ri\u021ba G\u0103rg\u0103ri\u021ba. Scena a fost a lor, la propriu, pentru c\u0103 acolo \u00eei a\u0219tepta o mas\u0103 \u00eentins\u0103, frumos decorat\u0103, ca \u0219i c\u00e2nd s-ar fi aflat \u00een propria sufragerie, de unde au asistat, evident, \u0219i la un spectacol de teatru \u2013 \u201eMuzican\u021bii din Bremen\u201d.<\/p>\n\n\n\n<p>Ne-am bucurat s\u0103 fim parteneri \u00eentr-un astfel de demers plin de generozitate, care se intituleaz\u0103 sugestiv BLOOMTHEWORLD v\u0103 a\u0219terne masa. Iar explica\u021bia celor care au g\u00e2ndit \u0219i implementat un astfel de proiect, la ini\u021biativa doamnei Alexa V\u00eelcan, a fost una c\u00e2t se poate de simpl\u0103 \u0219i de justificat\u0103: \u201e&#8230;lumea merit\u0103 \u0219i are nevoie de frumos, pentru c\u0103 m\u00e2ncatul \u00eempreun\u0103 este una din cele mai intime, sincere \u0219i satisf\u0103c\u0103toare experien\u021be pe care le putem tr\u0103i al\u0103turi de semenii no\u0219tri, cu o singur\u0103 condi\u021bie: s\u0103-i iubim!\u201d<\/p>\n\n\n\n<blockquote class=\"wp-block-quote is-layout-flow wp-block-quote-is-layout-flow\">\n<p>A fost a bucurie pentru noi s\u0103 fim parteneri ai acestei frumoase ini\u021biative. Am avut pl\u0103cerea,\u00a0 \u00eempreun\u0103 cu echipa teatrului, s\u0103 cre\u0103m atmosfera de acas\u0103 \u0219i de s\u0103rb\u0103toare pentru aceste suflete care merit\u0103 tot ce e mai bun.<\/p>\n<cite>Ioana Bog\u0103\u021ban<\/cite><\/blockquote>\n\n\n\n<p>Pe l\u00e2ng\u0103 o mas\u0103 \u00eenc\u0103rcat\u0103 cu bun\u0103t\u0103\u021bi, servit\u0103, iat\u0103, \u00eentr-un cadru neconven\u021bional, cum este scena unui teatru, pe l\u00e2ng\u0103 un spectacol oferit \u00een dar de teatrul nostru, oameni de bun g\u00e2nd au pus m\u00e2n\u0103 de la m\u00e2n\u0103 \u0219i au donat bani sau au oferit ceea ce acestor copii \u0219i tineri le lipsea (au fost dorin\u021bele lor, exprimate \u00een scris): ghetu\u021be, \u0219osete, cuptor cu microunde, storc\u0103tor de fructe, un televizor mare \u0219i chiar o mas\u0103 de ping-pong.<\/p>\n\n\n\n<p>Bine\u00een\u021beles, Mo\u0219 Cr\u0103ciun nu putea s\u0103 lipseasc\u0103, aduc\u00e2nd cadourile mult dorite. \u00cen semn de mul\u021bumire, copiii \u0219i tinerii de la Ri\u021ba G\u0103rg\u0103ri\u021ba l-au colindat.<\/p>\n\n\n\n<figure class=\"wp-block-gallery has-nested-images columns-2 is-cropped wp-block-gallery-1 is-layout-flex wp-block-gallery-is-layout-flex\">\n<figure class=\"wp-block-image size-large\"><a href=\"https:\/\/urbeamea.ro\/albaiulia\/wp-content\/uploads\/2023\/12\/1-2.jpg\"><img loading=\"lazy\" decoding=\"async\" width=\"696\" height=\"464\" data-id=\"109848\" src=\"https:\/\/urbeamea.ro\/albaiulia\/wp-content\/uploads\/2023\/12\/1-2.jpg\" alt=\"\" class=\"wp-image-109848\" srcset=\"https:\/\/urbeamea.ro\/albaiulia\/wp-content\/uploads\/2023\/12\/1-2.jpg 696w, https:\/\/urbeamea.ro\/albaiulia\/wp-content\/uploads\/2023\/12\/1-2-640x427.jpg 640w, https:\/\/urbeamea.ro\/albaiulia\/wp-content\/uploads\/2023\/12\/1-2-150x100.jpg 150w\" sizes=\"auto, (max-width: 696px) 100vw, 696px\" \/><\/a><\/figure>\n\n\n\n<figure class=\"wp-block-image size-large\"><a href=\"https:\/\/urbeamea.ro\/albaiulia\/wp-content\/uploads\/2023\/12\/2-2.jpg\"><img loading=\"lazy\" decoding=\"async\" width=\"696\" height=\"464\" data-id=\"109849\" src=\"https:\/\/urbeamea.ro\/albaiulia\/wp-content\/uploads\/2023\/12\/2-2.jpg\" alt=\"\" class=\"wp-image-109849\" srcset=\"https:\/\/urbeamea.ro\/albaiulia\/wp-content\/uploads\/2023\/12\/2-2.jpg 696w, https:\/\/urbeamea.ro\/albaiulia\/wp-content\/uploads\/2023\/12\/2-2-640x427.jpg 640w, https:\/\/urbeamea.ro\/albaiulia\/wp-content\/uploads\/2023\/12\/2-2-150x100.jpg 150w\" sizes=\"auto, (max-width: 696px) 100vw, 696px\" \/><\/a><\/figure>\n\n\n\n<figure class=\"wp-block-image size-large\"><a href=\"https:\/\/urbeamea.ro\/albaiulia\/wp-content\/uploads\/2023\/12\/4-1.jpg\"><img loading=\"lazy\" decoding=\"async\" width=\"696\" height=\"464\" data-id=\"109850\" src=\"https:\/\/urbeamea.ro\/albaiulia\/wp-content\/uploads\/2023\/12\/4-1.jpg\" alt=\"\" class=\"wp-image-109850\" srcset=\"https:\/\/urbeamea.ro\/albaiulia\/wp-content\/uploads\/2023\/12\/4-1.jpg 696w, https:\/\/urbeamea.ro\/albaiulia\/wp-content\/uploads\/2023\/12\/4-1-640x427.jpg 640w, https:\/\/urbeamea.ro\/albaiulia\/wp-content\/uploads\/2023\/12\/4-1-150x100.jpg 150w\" sizes=\"auto, (max-width: 696px) 100vw, 696px\" \/><\/a><\/figure>\n\n\n\n<figure class=\"wp-block-image size-large\"><a href=\"https:\/\/urbeamea.ro\/albaiulia\/wp-content\/uploads\/2023\/12\/5-1.jpg\"><img loading=\"lazy\" decoding=\"async\" width=\"696\" height=\"464\" data-id=\"109851\" src=\"https:\/\/urbeamea.ro\/albaiulia\/wp-content\/uploads\/2023\/12\/5-1.jpg\" alt=\"\" class=\"wp-image-109851\" srcset=\"https:\/\/urbeamea.ro\/albaiulia\/wp-content\/uploads\/2023\/12\/5-1.jpg 696w, https:\/\/urbeamea.ro\/albaiulia\/wp-content\/uploads\/2023\/12\/5-1-640x427.jpg 640w, https:\/\/urbeamea.ro\/albaiulia\/wp-content\/uploads\/2023\/12\/5-1-150x100.jpg 150w\" sizes=\"auto, (max-width: 696px) 100vw, 696px\" \/><\/a><\/figure>\n<\/figure>\n\n\n\n<p>\u00cen jurul acestui proiect s-au str\u00e2ns to\u021bi acei parteneri, care au \u00een\u021beles c\u00e2t de important este s\u0103 fii generos, pentru c\u0103 binele aduce bine:<\/p>\n\n\n\n<p>CZECH IN la Vizitiu Alba Iulia<\/p>\n\n\n\n<p>Cofet\u0103ria Aladdin Alba Iulia<\/p>\n\n\n\n<p>SC Garage Flowers SRL Alba Iulia<\/p>\n\n\n\n<p>Multipast Sebe\u0219<\/p>\n\n\n\n<p>Flori Holland Timi\u0219oara<\/p>\n\n\n\n<p>Herbapirin Cluj-Napoca<\/p>\n\n\n\n<p>Teatrul de P\u0103pu\u0219i \u201ePrichindel\u201d Alba Iulia<\/p>\n\n\n\n<p>Consiliul Jude\u021bean Alba<\/p>\n","protected":false},"excerpt":{"rendered":"<p>Ieri, 4 decembrie 2023, a fost o adev\u0103rat\u0103 zi de s\u0103rb\u0103toare pentru cei a c\u0103ror cas\u0103 este Ri\u021ba G\u0103rg\u0103ri\u021ba. Scena a fost a lor, la propriu, pentru c\u0103 acolo \u00eei a\u0219tepta o mas\u0103 \u00eentins\u0103, frumos decorat\u0103, ca \u0219i c\u00e2nd s-ar fi aflat \u00een propria sufragerie, de unde au asistat, evident, \u0219i la un spectacol de &hellip;<\/p>\n","protected":false},"author":16,"featured_media":109852,"comment_status":"open","ping_status":"open","sticky":false,"template":"","format":"standard","meta":{"inline_featured_image":false,"footnotes":""},"categories":[2034],"tags":[12911],"class_list":["post-109847","post","type-post","status-publish","format-standard","has-post-thumbnail","hentry","category-social","tag-centrul-de-plasament-rita-gargarita"],"yoast_head":"<!-- This site is optimized with the Yoast SEO plugin v27.4 - https:\/\/yoast.com\/product\/yoast-seo-wordpress\/ -->\n<title>O adev\u0103rat\u0103 zi de s\u0103rb\u0103toare pentru copiii centrului Ri\u021ba G\u0103rg\u0103ri\u021ba - Revista Urbea Mea - Revista de Alba<\/title>\n<meta name=\"description\" content=\"Ieri, 4 decembrie 2023, a fost o adev\u0103rat\u0103 zi de s\u0103rb\u0103toare pentru cei a c\u0103ror cas\u0103 este Ri\u021ba G\u0103rg\u0103ri\u021ba. Scena a fost a lor, la propriu, pentru c\u0103 acolo\" \/>\n<meta name=\"robots\" content=\"index, follow, max-snippet:-1, max-image-preview:large, max-video-preview:-1\" \/>\n<link rel=\"canonical\" href=\"https:\/\/urbeamea.ro\/albaiulia\/o-adevarata-zi-de-sarbatoare-pentru-copiii-centrului-rita-gargarita\/\" \/>\n<meta name=\"twitter:card\" content=\"summary_large_image\" \/>\n<meta name=\"twitter:title\" content=\"O adev\u0103rat\u0103 zi de s\u0103rb\u0103toare pentru copiii centrului Ri\u021ba G\u0103rg\u0103ri\u021ba - Revista Urbea Mea - Revista de Alba\" \/>\n<meta name=\"twitter:description\" content=\"Ieri, 4 decembrie 2023, a fost o adev\u0103rat\u0103 zi de s\u0103rb\u0103toare pentru cei a c\u0103ror cas\u0103 este Ri\u021ba G\u0103rg\u0103ri\u021ba. Scena a fost a lor, la propriu, pentru c\u0103 acolo\" \/>\n<meta name=\"twitter:image\" content=\"https:\/\/urbeamea.ro\/albaiulia\/wp-content\/uploads\/2023\/12\/3.jpg\" \/>\n<meta name=\"twitter:creator\" content=\"@urbeameaweb\" \/>\n<meta name=\"twitter:site\" content=\"@urbeameaweb\" \/>\n<script type=\"application\/ld+json\" class=\"yoast-schema-graph\">{\"@context\":\"https:\\\/\\\/schema.org\",\"@graph\":[{\"@type\":\"Article\",\"@id\":\"https:\\\/\\\/urbeamea.ro\\\/albaiulia\\\/o-adevarata-zi-de-sarbatoare-pentru-copiii-centrului-rita-gargarita\\\/#article\",\"isPartOf\":{\"@id\":\"https:\\\/\\\/urbeamea.ro\\\/albaiulia\\\/o-adevarata-zi-de-sarbatoare-pentru-copiii-centrului-rita-gargarita\\\/\"},\"author\":{\"name\":\"Redac\u021bia UrbeaMea\",\"@id\":\"https:\\\/\\\/urbeamea.ro\\\/albaiulia\\\/#\\\/schema\\\/person\\\/272ae98052f8ee8980f59848df070247\"},\"headline\":\"O adev\u0103rat\u0103 zi de s\u0103rb\u0103toare pentru copiii centrului Ri\u021ba G\u0103rg\u0103ri\u021ba\",\"datePublished\":\"2023-12-05T09:33:56+00:00\",\"dateModified\":\"2023-12-05T09:33:58+00:00\",\"mainEntityOfPage\":{\"@id\":\"https:\\\/\\\/urbeamea.ro\\\/albaiulia\\\/o-adevarata-zi-de-sarbatoare-pentru-copiii-centrului-rita-gargarita\\\/\"},\"wordCount\":416,\"commentCount\":0,\"image\":{\"@id\":\"https:\\\/\\\/urbeamea.ro\\\/albaiulia\\\/o-adevarata-zi-de-sarbatoare-pentru-copiii-centrului-rita-gargarita\\\/#primaryimage\"},\"thumbnailUrl\":\"https:\\\/\\\/urbeamea.ro\\\/albaiulia\\\/wp-content\\\/uploads\\\/2023\\\/12\\\/3.jpg\",\"keywords\":[\"centrul de plasament rita gargarita\"],\"articleSection\":[\"Social\"],\"inLanguage\":\"ro-RO\",\"potentialAction\":[{\"@type\":\"CommentAction\",\"name\":\"Comment\",\"target\":[\"https:\\\/\\\/urbeamea.ro\\\/albaiulia\\\/o-adevarata-zi-de-sarbatoare-pentru-copiii-centrului-rita-gargarita\\\/#respond\"]}]},{\"@type\":\"WebPage\",\"@id\":\"https:\\\/\\\/urbeamea.ro\\\/albaiulia\\\/o-adevarata-zi-de-sarbatoare-pentru-copiii-centrului-rita-gargarita\\\/\",\"url\":\"https:\\\/\\\/urbeamea.ro\\\/albaiulia\\\/o-adevarata-zi-de-sarbatoare-pentru-copiii-centrului-rita-gargarita\\\/\",\"name\":\"O adev\u0103rat\u0103 zi de s\u0103rb\u0103toare pentru copiii centrului Ri\u021ba G\u0103rg\u0103ri\u021ba - Revista Urbea Mea - Revista de Alba\",\"isPartOf\":{\"@id\":\"https:\\\/\\\/urbeamea.ro\\\/albaiulia\\\/#website\"},\"primaryImageOfPage\":{\"@id\":\"https:\\\/\\\/urbeamea.ro\\\/albaiulia\\\/o-adevarata-zi-de-sarbatoare-pentru-copiii-centrului-rita-gargarita\\\/#primaryimage\"},\"image\":{\"@id\":\"https:\\\/\\\/urbeamea.ro\\\/albaiulia\\\/o-adevarata-zi-de-sarbatoare-pentru-copiii-centrului-rita-gargarita\\\/#primaryimage\"},\"thumbnailUrl\":\"https:\\\/\\\/urbeamea.ro\\\/albaiulia\\\/wp-content\\\/uploads\\\/2023\\\/12\\\/3.jpg\",\"datePublished\":\"2023-12-05T09:33:56+00:00\",\"dateModified\":\"2023-12-05T09:33:58+00:00\",\"author\":{\"@id\":\"https:\\\/\\\/urbeamea.ro\\\/albaiulia\\\/#\\\/schema\\\/person\\\/272ae98052f8ee8980f59848df070247\"},\"description\":\"Ieri, 4 decembrie 2023, a fost o adev\u0103rat\u0103 zi de s\u0103rb\u0103toare pentru cei a c\u0103ror cas\u0103 este Ri\u021ba G\u0103rg\u0103ri\u021ba. Scena a fost a lor, la propriu, pentru c\u0103 acolo\",\"breadcrumb\":{\"@id\":\"https:\\\/\\\/urbeamea.ro\\\/albaiulia\\\/o-adevarata-zi-de-sarbatoare-pentru-copiii-centrului-rita-gargarita\\\/#breadcrumb\"},\"inLanguage\":\"ro-RO\",\"potentialAction\":[{\"@type\":\"ReadAction\",\"target\":[\"https:\\\/\\\/urbeamea.ro\\\/albaiulia\\\/o-adevarata-zi-de-sarbatoare-pentru-copiii-centrului-rita-gargarita\\\/\"]}]},{\"@type\":\"ImageObject\",\"inLanguage\":\"ro-RO\",\"@id\":\"https:\\\/\\\/urbeamea.ro\\\/albaiulia\\\/o-adevarata-zi-de-sarbatoare-pentru-copiii-centrului-rita-gargarita\\\/#primaryimage\",\"url\":\"https:\\\/\\\/urbeamea.ro\\\/albaiulia\\\/wp-content\\\/uploads\\\/2023\\\/12\\\/3.jpg\",\"contentUrl\":\"https:\\\/\\\/urbeamea.ro\\\/albaiulia\\\/wp-content\\\/uploads\\\/2023\\\/12\\\/3.jpg\",\"width\":696,\"height\":464},{\"@type\":\"BreadcrumbList\",\"@id\":\"https:\\\/\\\/urbeamea.ro\\\/albaiulia\\\/o-adevarata-zi-de-sarbatoare-pentru-copiii-centrului-rita-gargarita\\\/#breadcrumb\",\"itemListElement\":[{\"@type\":\"ListItem\",\"position\":1,\"name\":\"Prima pagin\u0103\",\"item\":\"https:\\\/\\\/urbeamea.ro\\\/albaiulia\\\/\"},{\"@type\":\"ListItem\",\"position\":2,\"name\":\"O adev\u0103rat\u0103 zi de s\u0103rb\u0103toare pentru copiii centrului Ri\u021ba G\u0103rg\u0103ri\u021ba\"}]},{\"@type\":\"WebSite\",\"@id\":\"https:\\\/\\\/urbeamea.ro\\\/albaiulia\\\/#website\",\"url\":\"https:\\\/\\\/urbeamea.ro\\\/albaiulia\\\/\",\"name\":\"Revista Urbea Mea, Stiri urbane\",\"description\":\"Evenimente \u0219i \u0219tiri din Alba Iulia, Sebe\u0219, Aiud, Blaj\",\"potentialAction\":[{\"@type\":\"SearchAction\",\"target\":{\"@type\":\"EntryPoint\",\"urlTemplate\":\"https:\\\/\\\/urbeamea.ro\\\/albaiulia\\\/?s={search_term_string}\"},\"query-input\":{\"@type\":\"PropertyValueSpecification\",\"valueRequired\":true,\"valueName\":\"search_term_string\"}}],\"inLanguage\":\"ro-RO\"},{\"@type\":\"Person\",\"@id\":\"https:\\\/\\\/urbeamea.ro\\\/albaiulia\\\/#\\\/schema\\\/person\\\/272ae98052f8ee8980f59848df070247\",\"name\":\"Redac\u021bia UrbeaMea\",\"image\":{\"@type\":\"ImageObject\",\"inLanguage\":\"ro-RO\",\"@id\":\"https:\\\/\\\/secure.gravatar.com\\\/avatar\\\/9ce5a9435071fa1037e8468053ead8e513dbbff59009d3069aadb85506d85a27?s=96&d=mm&r=g\",\"url\":\"https:\\\/\\\/secure.gravatar.com\\\/avatar\\\/9ce5a9435071fa1037e8468053ead8e513dbbff59009d3069aadb85506d85a27?s=96&d=mm&r=g\",\"contentUrl\":\"https:\\\/\\\/secure.gravatar.com\\\/avatar\\\/9ce5a9435071fa1037e8468053ead8e513dbbff59009d3069aadb85506d85a27?s=96&d=mm&r=g\",\"caption\":\"Redac\u021bia UrbeaMea\"},\"description\":\"contact@urbeamea.ro\",\"sameAs\":[\"https:\\\/\\\/www.urbeamea.ro\"],\"url\":\"https:\\\/\\\/urbeamea.ro\\\/albaiulia\\\/author\\\/redactia-urbeamea\\\/\"}]}<\/script>\n<!-- \/ Yoast SEO plugin. -->","yoast_head_json":{"title":"O adev\u0103rat\u0103 zi de s\u0103rb\u0103toare pentru copiii centrului Ri\u021ba G\u0103rg\u0103ri\u021ba - Revista Urbea Mea - Revista de Alba","description":"Ieri, 4 decembrie 2023, a fost o adev\u0103rat\u0103 zi de s\u0103rb\u0103toare pentru cei a c\u0103ror cas\u0103 este Ri\u021ba G\u0103rg\u0103ri\u021ba. Scena a fost a lor, la propriu, pentru c\u0103 acolo","robots":{"index":"index","follow":"follow","max-snippet":"max-snippet:-1","max-image-preview":"max-image-preview:large","max-video-preview":"max-video-preview:-1"},"canonical":"https:\/\/urbeamea.ro\/albaiulia\/o-adevarata-zi-de-sarbatoare-pentru-copiii-centrului-rita-gargarita\/","twitter_card":"summary_large_image","twitter_title":"O adev\u0103rat\u0103 zi de s\u0103rb\u0103toare pentru copiii centrului Ri\u021ba G\u0103rg\u0103ri\u021ba - Revista Urbea Mea - Revista de Alba","twitter_description":"Ieri, 4 decembrie 2023, a fost o adev\u0103rat\u0103 zi de s\u0103rb\u0103toare pentru cei a c\u0103ror cas\u0103 este Ri\u021ba G\u0103rg\u0103ri\u021ba. Scena a fost a lor, la propriu, pentru c\u0103 acolo","twitter_image":"https:\/\/urbeamea.ro\/albaiulia\/wp-content\/uploads\/2023\/12\/3.jpg","twitter_creator":"@urbeameaweb","twitter_site":"@urbeameaweb","schema":{"@context":"https:\/\/schema.org","@graph":[{"@type":"Article","@id":"https:\/\/urbeamea.ro\/albaiulia\/o-adevarata-zi-de-sarbatoare-pentru-copiii-centrului-rita-gargarita\/#article","isPartOf":{"@id":"https:\/\/urbeamea.ro\/albaiulia\/o-adevarata-zi-de-sarbatoare-pentru-copiii-centrului-rita-gargarita\/"},"author":{"name":"Redac\u021bia UrbeaMea","@id":"https:\/\/urbeamea.ro\/albaiulia\/#\/schema\/person\/272ae98052f8ee8980f59848df070247"},"headline":"O adev\u0103rat\u0103 zi de s\u0103rb\u0103toare pentru copiii centrului Ri\u021ba G\u0103rg\u0103ri\u021ba","datePublished":"2023-12-05T09:33:56+00:00","dateModified":"2023-12-05T09:33:58+00:00","mainEntityOfPage":{"@id":"https:\/\/urbeamea.ro\/albaiulia\/o-adevarata-zi-de-sarbatoare-pentru-copiii-centrului-rita-gargarita\/"},"wordCount":416,"commentCount":0,"image":{"@id":"https:\/\/urbeamea.ro\/albaiulia\/o-adevarata-zi-de-sarbatoare-pentru-copiii-centrului-rita-gargarita\/#primaryimage"},"thumbnailUrl":"https:\/\/urbeamea.ro\/albaiulia\/wp-content\/uploads\/2023\/12\/3.jpg","keywords":["centrul de plasament rita gargarita"],"articleSection":["Social"],"inLanguage":"ro-RO","potentialAction":[{"@type":"CommentAction","name":"Comment","target":["https:\/\/urbeamea.ro\/albaiulia\/o-adevarata-zi-de-sarbatoare-pentru-copiii-centrului-rita-gargarita\/#respond"]}]},{"@type":"WebPage","@id":"https:\/\/urbeamea.ro\/albaiulia\/o-adevarata-zi-de-sarbatoare-pentru-copiii-centrului-rita-gargarita\/","url":"https:\/\/urbeamea.ro\/albaiulia\/o-adevarata-zi-de-sarbatoare-pentru-copiii-centrului-rita-gargarita\/","name":"O adev\u0103rat\u0103 zi de s\u0103rb\u0103toare pentru copiii centrului Ri\u021ba G\u0103rg\u0103ri\u021ba - Revista Urbea Mea - Revista de Alba","isPartOf":{"@id":"https:\/\/urbeamea.ro\/albaiulia\/#website"},"primaryImageOfPage":{"@id":"https:\/\/urbeamea.ro\/albaiulia\/o-adevarata-zi-de-sarbatoare-pentru-copiii-centrului-rita-gargarita\/#primaryimage"},"image":{"@id":"https:\/\/urbeamea.ro\/albaiulia\/o-adevarata-zi-de-sarbatoare-pentru-copiii-centrului-rita-gargarita\/#primaryimage"},"thumbnailUrl":"https:\/\/urbeamea.ro\/albaiulia\/wp-content\/uploads\/2023\/12\/3.jpg","datePublished":"2023-12-05T09:33:56+00:00","dateModified":"2023-12-05T09:33:58+00:00","author":{"@id":"https:\/\/urbeamea.ro\/albaiulia\/#\/schema\/person\/272ae98052f8ee8980f59848df070247"},"description":"Ieri, 4 decembrie 2023, a fost o adev\u0103rat\u0103 zi de s\u0103rb\u0103toare pentru cei a c\u0103ror cas\u0103 este Ri\u021ba G\u0103rg\u0103ri\u021ba. Scena a fost a lor, la propriu, pentru c\u0103 acolo","breadcrumb":{"@id":"https:\/\/urbeamea.ro\/albaiulia\/o-adevarata-zi-de-sarbatoare-pentru-copiii-centrului-rita-gargarita\/#breadcrumb"},"inLanguage":"ro-RO","potentialAction":[{"@type":"ReadAction","target":["https:\/\/urbeamea.ro\/albaiulia\/o-adevarata-zi-de-sarbatoare-pentru-copiii-centrului-rita-gargarita\/"]}]},{"@type":"ImageObject","inLanguage":"ro-RO","@id":"https:\/\/urbeamea.ro\/albaiulia\/o-adevarata-zi-de-sarbatoare-pentru-copiii-centrului-rita-gargarita\/#primaryimage","url":"https:\/\/urbeamea.ro\/albaiulia\/wp-content\/uploads\/2023\/12\/3.jpg","contentUrl":"https:\/\/urbeamea.ro\/albaiulia\/wp-content\/uploads\/2023\/12\/3.jpg","width":696,"height":464},{"@type":"BreadcrumbList","@id":"https:\/\/urbeamea.ro\/albaiulia\/o-adevarata-zi-de-sarbatoare-pentru-copiii-centrului-rita-gargarita\/#breadcrumb","itemListElement":[{"@type":"ListItem","position":1,"name":"Prima pagin\u0103","item":"https:\/\/urbeamea.ro\/albaiulia\/"},{"@type":"ListItem","position":2,"name":"O adev\u0103rat\u0103 zi de s\u0103rb\u0103toare pentru copiii centrului Ri\u021ba G\u0103rg\u0103ri\u021ba"}]},{"@type":"WebSite","@id":"https:\/\/urbeamea.ro\/albaiulia\/#website","url":"https:\/\/urbeamea.ro\/albaiulia\/","name":"Revista Urbea Mea, Stiri urbane","description":"Evenimente \u0219i \u0219tiri din Alba Iulia, Sebe\u0219, Aiud, Blaj","potentialAction":[{"@type":"SearchAction","target":{"@type":"EntryPoint","urlTemplate":"https:\/\/urbeamea.ro\/albaiulia\/?s={search_term_string}"},"query-input":{"@type":"PropertyValueSpecification","valueRequired":true,"valueName":"search_term_string"}}],"inLanguage":"ro-RO"},{"@type":"Person","@id":"https:\/\/urbeamea.ro\/albaiulia\/#\/schema\/person\/272ae98052f8ee8980f59848df070247","name":"Redac\u021bia UrbeaMea","image":{"@type":"ImageObject","inLanguage":"ro-RO","@id":"https:\/\/secure.gravatar.com\/avatar\/9ce5a9435071fa1037e8468053ead8e513dbbff59009d3069aadb85506d85a27?s=96&d=mm&r=g","url":"https:\/\/secure.gravatar.com\/avatar\/9ce5a9435071fa1037e8468053ead8e513dbbff59009d3069aadb85506d85a27?s=96&d=mm&r=g","contentUrl":"https:\/\/secure.gravatar.com\/avatar\/9ce5a9435071fa1037e8468053ead8e513dbbff59009d3069aadb85506d85a27?s=96&d=mm&r=g","caption":"Redac\u021bia UrbeaMea"},"description":"contact@urbeamea.ro","sameAs":["https:\/\/www.urbeamea.ro"],"url":"https:\/\/urbeamea.ro\/albaiulia\/author\/redactia-urbeamea\/"}]}},"_links":{"self":[{"href":"https:\/\/urbeamea.ro\/albaiulia\/wp-json\/wp\/v2\/posts\/109847","targetHints":{"allow":["GET"]}}],"collection":[{"href":"https:\/\/urbeamea.ro\/albaiulia\/wp-json\/wp\/v2\/posts"}],"about":[{"href":"https:\/\/urbeamea.ro\/albaiulia\/wp-json\/wp\/v2\/types\/post"}],"author":[{"embeddable":true,"href":"https:\/\/urbeamea.ro\/albaiulia\/wp-json\/wp\/v2\/users\/16"}],"replies":[{"embeddable":true,"href":"https:\/\/urbeamea.ro\/albaiulia\/wp-json\/wp\/v2\/comments?post=109847"}],"version-history":[{"count":1,"href":"https:\/\/urbeamea.ro\/albaiulia\/wp-json\/wp\/v2\/posts\/109847\/revisions"}],"predecessor-version":[{"id":109853,"href":"https:\/\/urbeamea.ro\/albaiulia\/wp-json\/wp\/v2\/posts\/109847\/revisions\/109853"}],"wp:featuredmedia":[{"embeddable":true,"href":"https:\/\/urbeamea.ro\/albaiulia\/wp-json\/wp\/v2\/media\/109852"}],"wp:attachment":[{"href":"https:\/\/urbeamea.ro\/albaiulia\/wp-json\/wp\/v2\/media?parent=109847"}],"wp:term":[{"taxonomy":"category","embeddable":true,"href":"https:\/\/urbeamea.ro\/albaiulia\/wp-json\/wp\/v2\/categories?post=109847"},{"taxonomy":"post_tag","embeddable":true,"href":"https:\/\/urbeamea.ro\/albaiulia\/wp-json\/wp\/v2\/tags?post=109847"}],"curies":[{"name":"wp","href":"https:\/\/api.w.org\/{rel}","templated":true}]}}