{"id":109858,"date":"2023-12-05T11:41:52","date_gmt":"2023-12-05T09:41:52","guid":{"rendered":"https:\/\/urbeamea.ro\/albaiulia\/?p=109858"},"modified":"2023-12-05T11:41:54","modified_gmt":"2023-12-05T09:41:54","slug":"sesiunea-stiintifica-nationala-cu-participare-internationala-a-studentilor-si-masteranzilor-filologi-editia-a-xvi-a-7-8-decembrie-2023","status":"publish","type":"post","link":"https:\/\/urbeamea.ro\/albaiulia\/sesiunea-stiintifica-nationala-cu-participare-internationala-a-studentilor-si-masteranzilor-filologi-editia-a-xvi-a-7-8-decembrie-2023\/","title":{"rendered":"Sesiunea \u0218tiin\u021bific\u0103 Na\u021bional\u0103 cu Participare Interna\u021bional\u0103 a Studen\u021bilor \u0219i Masteranzilor Filologi, edi\u021bia a XVI-a, 7-8 decembrie 2023"},"content":{"rendered":"\n<p>Departamentul de LITERE din cadrul UAB v\u0103 invit\u0103 la&nbsp;<strong>Sesiunea \u0218tiin\u021bific\u0103 Na\u021bional\u0103 cu Participare Interna\u021bional\u0103 a Studen\u021bilor \u0219i Masteranzilor Filologi, edi\u021bia a XVI-a, 7-8 decembrie 2023<\/strong>!<\/p>\n\n\n\n<p>La edi\u021bia din acest an particip\u0103, al\u0103turi de studen\u021bii \u0219i masteranzii filologi UAB (inclusiv 4 studen\u021bi interna\u021bionali Erasmus, afla\u021bi la Alba Iulia \u00een mobilitate de studii \u00een cadrul programelor din domeniul Filologie), studen\u021bi de la Universitatea \u201eBabe\u0219-Bolyai&#8221; Cluj-Napoca, Universitatea de Vest din Timi\u0219oara, UMFST \u201eGeorge Emil Palade&#8221; T\u00e2rgu Mure\u0219, Universitatea Tehnic\u0103 din Cluj-Napoca &#8211; Centrul&nbsp;Universitar Nord din Baia Mare, Sapientia Erd\u00e9lyi Magyar Tudom\u00e1nyegyetem Cluj-Napoca, Facultatea de Filosofie a Universit\u0103\u021bii din Novi Sad, Serbia, Universitatea Jagiellon\u0103 din Cracovia.<\/p>\n\n\n\n<p>Deschiderea oficial\u0103 a evenimentului va avea loc\u00a0<strong>joi, 7 decembrie, ora 10.00, \u00een Aula Mic\u0103 a UAB<\/strong>.<\/p>\n\n\n\n<div data-wp-interactive=\"core\/file\" class=\"wp-block-file\"><object data-wp-bind--hidden=\"!state.hasPdfPreview\" hidden class=\"wp-block-file__embed\" data=\"https:\/\/urbeamea.ro\/albaiulia\/wp-content\/uploads\/2023\/12\/Program-SSSMF-7-decembrie-2023-1.pdf\" type=\"application\/pdf\" style=\"width:100%;height:600px\" aria-label=\"\u00cenglobare pentru Program-SSSMF-7-decembrie-2023-1.\"><\/object><a id=\"wp-block-file--media-966ceb62-7027-41ff-9eb9-6f2180067e18\" href=\"https:\/\/urbeamea.ro\/albaiulia\/wp-content\/uploads\/2023\/12\/Program-SSSMF-7-decembrie-2023-1.pdf\">Program-SSSMF-7-decembrie-2023-1<\/a><a href=\"https:\/\/urbeamea.ro\/albaiulia\/wp-content\/uploads\/2023\/12\/Program-SSSMF-7-decembrie-2023-1.pdf\" class=\"wp-block-file__button wp-element-button\" download aria-describedby=\"wp-block-file--media-966ceb62-7027-41ff-9eb9-6f2180067e18\">Descarc\u0103<\/a><\/div>\n","protected":false},"excerpt":{"rendered":"<p>Departamentul de LITERE din cadrul UAB v\u0103 invit\u0103 la&nbsp;Sesiunea \u0218tiin\u021bific\u0103 Na\u021bional\u0103 cu Participare Interna\u021bional\u0103 a Studen\u021bilor \u0219i Masteranzilor Filologi, edi\u021bia a XVI-a, 7-8 decembrie 2023! La edi\u021bia din acest an particip\u0103, al\u0103turi de studen\u021bii \u0219i masteranzii filologi UAB (inclusiv 4 studen\u021bi interna\u021bionali Erasmus, afla\u021bi la Alba Iulia \u00een mobilitate de studii \u00een cadrul programelor din &hellip;<\/p>\n","protected":false},"author":16,"featured_media":109859,"comment_status":"open","ping_status":"open","sticky":false,"template":"","format":"standard","meta":{"inline_featured_image":false,"footnotes":""},"categories":[2039],"tags":[8604,3679],"class_list":["post-109858","post","type-post","status-publish","format-standard","has-post-thumbnail","hentry","category-educatie","tag-sesiunea-stiintifica","tag-universitatea-1-decembrie-1918-alba-iulia"],"yoast_head":"<!-- This site is optimized with the Yoast SEO plugin v27.4 - https:\/\/yoast.com\/product\/yoast-seo-wordpress\/ -->\n<title>Sesiunea \u0218tiin\u021bific\u0103 Na\u021bional\u0103 cu Participare Interna\u021bional\u0103 a Studen\u021bilor \u0219i Masteranzilor Filologi, edi\u021bia a XVI-a, 7-8 decembrie 2023 - Revista Urbea Mea - Revista de Alba<\/title>\n<meta name=\"description\" content=\"Departamentul de LITERE din cadrul UAB v\u0103 invit\u0103 la&nbsp;Sesiunea \u0218tiin\u021bific\u0103 Na\u021bional\u0103 cu Participare Interna\u021bional\u0103 a Studen\u021bilor \u0219i Masteranzilor\" \/>\n<meta name=\"robots\" content=\"index, follow, max-snippet:-1, max-image-preview:large, max-video-preview:-1\" \/>\n<link rel=\"canonical\" href=\"https:\/\/urbeamea.ro\/albaiulia\/sesiunea-stiintifica-nationala-cu-participare-internationala-a-studentilor-si-masteranzilor-filologi-editia-a-xvi-a-7-8-decembrie-2023\/\" \/>\n<meta name=\"twitter:card\" content=\"summary_large_image\" \/>\n<meta name=\"twitter:title\" content=\"Sesiunea \u0218tiin\u021bific\u0103 Na\u021bional\u0103 cu Participare Interna\u021bional\u0103 a Studen\u021bilor \u0219i Masteranzilor Filologi, edi\u021bia a XVI-a, 7-8 decembrie 2023 - Revista Urbea Mea - Revista de Alba\" \/>\n<meta name=\"twitter:description\" content=\"Departamentul de LITERE din cadrul UAB v\u0103 invit\u0103 la&nbsp;Sesiunea \u0218tiin\u021bific\u0103 Na\u021bional\u0103 cu Participare Interna\u021bional\u0103 a Studen\u021bilor \u0219i Masteranzilor\" \/>\n<meta name=\"twitter:image\" content=\"https:\/\/urbeamea.ro\/albaiulia\/wp-content\/uploads\/2023\/12\/Afis-6.jpg\" \/>\n<meta name=\"twitter:creator\" content=\"@urbeameaweb\" \/>\n<meta name=\"twitter:site\" content=\"@urbeameaweb\" \/>\n<script type=\"application\/ld+json\" class=\"yoast-schema-graph\">{\"@context\":\"https:\\\/\\\/schema.org\",\"@graph\":[{\"@type\":\"Article\",\"@id\":\"https:\\\/\\\/urbeamea.ro\\\/albaiulia\\\/sesiunea-stiintifica-nationala-cu-participare-internationala-a-studentilor-si-masteranzilor-filologi-editia-a-xvi-a-7-8-decembrie-2023\\\/#article\",\"isPartOf\":{\"@id\":\"https:\\\/\\\/urbeamea.ro\\\/albaiulia\\\/sesiunea-stiintifica-nationala-cu-participare-internationala-a-studentilor-si-masteranzilor-filologi-editia-a-xvi-a-7-8-decembrie-2023\\\/\"},\"author\":{\"name\":\"Redac\u021bia UrbeaMea\",\"@id\":\"https:\\\/\\\/urbeamea.ro\\\/albaiulia\\\/#\\\/schema\\\/person\\\/272ae98052f8ee8980f59848df070247\"},\"headline\":\"Sesiunea \u0218tiin\u021bific\u0103 Na\u021bional\u0103 cu Participare Interna\u021bional\u0103 a Studen\u021bilor \u0219i Masteranzilor Filologi, edi\u021bia a XVI-a, 7-8 decembrie 2023\",\"datePublished\":\"2023-12-05T09:41:52+00:00\",\"dateModified\":\"2023-12-05T09:41:54+00:00\",\"mainEntityOfPage\":{\"@id\":\"https:\\\/\\\/urbeamea.ro\\\/albaiulia\\\/sesiunea-stiintifica-nationala-cu-participare-internationala-a-studentilor-si-masteranzilor-filologi-editia-a-xvi-a-7-8-decembrie-2023\\\/\"},\"wordCount\":162,\"commentCount\":0,\"image\":{\"@id\":\"https:\\\/\\\/urbeamea.ro\\\/albaiulia\\\/sesiunea-stiintifica-nationala-cu-participare-internationala-a-studentilor-si-masteranzilor-filologi-editia-a-xvi-a-7-8-decembrie-2023\\\/#primaryimage\"},\"thumbnailUrl\":\"https:\\\/\\\/urbeamea.ro\\\/albaiulia\\\/wp-content\\\/uploads\\\/2023\\\/12\\\/Afis-6.jpg\",\"keywords\":[\"sesiunea stiintifica\",\"Universitatea \u201e1 Decembrie 1918\u201d Alba Iulia\"],\"articleSection\":[\"Educa\u021bie\"],\"inLanguage\":\"ro-RO\",\"potentialAction\":[{\"@type\":\"CommentAction\",\"name\":\"Comment\",\"target\":[\"https:\\\/\\\/urbeamea.ro\\\/albaiulia\\\/sesiunea-stiintifica-nationala-cu-participare-internationala-a-studentilor-si-masteranzilor-filologi-editia-a-xvi-a-7-8-decembrie-2023\\\/#respond\"]}]},{\"@type\":\"WebPage\",\"@id\":\"https:\\\/\\\/urbeamea.ro\\\/albaiulia\\\/sesiunea-stiintifica-nationala-cu-participare-internationala-a-studentilor-si-masteranzilor-filologi-editia-a-xvi-a-7-8-decembrie-2023\\\/\",\"url\":\"https:\\\/\\\/urbeamea.ro\\\/albaiulia\\\/sesiunea-stiintifica-nationala-cu-participare-internationala-a-studentilor-si-masteranzilor-filologi-editia-a-xvi-a-7-8-decembrie-2023\\\/\",\"name\":\"Sesiunea \u0218tiin\u021bific\u0103 Na\u021bional\u0103 cu Participare Interna\u021bional\u0103 a Studen\u021bilor \u0219i Masteranzilor Filologi, edi\u021bia a XVI-a, 7-8 decembrie 2023 - Revista Urbea Mea - Revista de Alba\",\"isPartOf\":{\"@id\":\"https:\\\/\\\/urbeamea.ro\\\/albaiulia\\\/#website\"},\"primaryImageOfPage\":{\"@id\":\"https:\\\/\\\/urbeamea.ro\\\/albaiulia\\\/sesiunea-stiintifica-nationala-cu-participare-internationala-a-studentilor-si-masteranzilor-filologi-editia-a-xvi-a-7-8-decembrie-2023\\\/#primaryimage\"},\"image\":{\"@id\":\"https:\\\/\\\/urbeamea.ro\\\/albaiulia\\\/sesiunea-stiintifica-nationala-cu-participare-internationala-a-studentilor-si-masteranzilor-filologi-editia-a-xvi-a-7-8-decembrie-2023\\\/#primaryimage\"},\"thumbnailUrl\":\"https:\\\/\\\/urbeamea.ro\\\/albaiulia\\\/wp-content\\\/uploads\\\/2023\\\/12\\\/Afis-6.jpg\",\"datePublished\":\"2023-12-05T09:41:52+00:00\",\"dateModified\":\"2023-12-05T09:41:54+00:00\",\"author\":{\"@id\":\"https:\\\/\\\/urbeamea.ro\\\/albaiulia\\\/#\\\/schema\\\/person\\\/272ae98052f8ee8980f59848df070247\"},\"description\":\"Departamentul de LITERE din cadrul UAB v\u0103 invit\u0103 la&nbsp;Sesiunea \u0218tiin\u021bific\u0103 Na\u021bional\u0103 cu Participare Interna\u021bional\u0103 a Studen\u021bilor \u0219i Masteranzilor\",\"breadcrumb\":{\"@id\":\"https:\\\/\\\/urbeamea.ro\\\/albaiulia\\\/sesiunea-stiintifica-nationala-cu-participare-internationala-a-studentilor-si-masteranzilor-filologi-editia-a-xvi-a-7-8-decembrie-2023\\\/#breadcrumb\"},\"inLanguage\":\"ro-RO\",\"potentialAction\":[{\"@type\":\"ReadAction\",\"target\":[\"https:\\\/\\\/urbeamea.ro\\\/albaiulia\\\/sesiunea-stiintifica-nationala-cu-participare-internationala-a-studentilor-si-masteranzilor-filologi-editia-a-xvi-a-7-8-decembrie-2023\\\/\"]}]},{\"@type\":\"ImageObject\",\"inLanguage\":\"ro-RO\",\"@id\":\"https:\\\/\\\/urbeamea.ro\\\/albaiulia\\\/sesiunea-stiintifica-nationala-cu-participare-internationala-a-studentilor-si-masteranzilor-filologi-editia-a-xvi-a-7-8-decembrie-2023\\\/#primaryimage\",\"url\":\"https:\\\/\\\/urbeamea.ro\\\/albaiulia\\\/wp-content\\\/uploads\\\/2023\\\/12\\\/Afis-6.jpg\",\"contentUrl\":\"https:\\\/\\\/urbeamea.ro\\\/albaiulia\\\/wp-content\\\/uploads\\\/2023\\\/12\\\/Afis-6.jpg\",\"width\":1132,\"height\":1600},{\"@type\":\"BreadcrumbList\",\"@id\":\"https:\\\/\\\/urbeamea.ro\\\/albaiulia\\\/sesiunea-stiintifica-nationala-cu-participare-internationala-a-studentilor-si-masteranzilor-filologi-editia-a-xvi-a-7-8-decembrie-2023\\\/#breadcrumb\",\"itemListElement\":[{\"@type\":\"ListItem\",\"position\":1,\"name\":\"Prima pagin\u0103\",\"item\":\"https:\\\/\\\/urbeamea.ro\\\/albaiulia\\\/\"},{\"@type\":\"ListItem\",\"position\":2,\"name\":\"Sesiunea \u0218tiin\u021bific\u0103 Na\u021bional\u0103 cu Participare Interna\u021bional\u0103 a Studen\u021bilor \u0219i Masteranzilor Filologi, edi\u021bia a XVI-a, 7-8 decembrie 2023\"}]},{\"@type\":\"WebSite\",\"@id\":\"https:\\\/\\\/urbeamea.ro\\\/albaiulia\\\/#website\",\"url\":\"https:\\\/\\\/urbeamea.ro\\\/albaiulia\\\/\",\"name\":\"Revista Urbea Mea, Stiri urbane\",\"description\":\"Evenimente \u0219i \u0219tiri din Alba Iulia, Sebe\u0219, Aiud, Blaj\",\"potentialAction\":[{\"@type\":\"SearchAction\",\"target\":{\"@type\":\"EntryPoint\",\"urlTemplate\":\"https:\\\/\\\/urbeamea.ro\\\/albaiulia\\\/?s={search_term_string}\"},\"query-input\":{\"@type\":\"PropertyValueSpecification\",\"valueRequired\":true,\"valueName\":\"search_term_string\"}}],\"inLanguage\":\"ro-RO\"},{\"@type\":\"Person\",\"@id\":\"https:\\\/\\\/urbeamea.ro\\\/albaiulia\\\/#\\\/schema\\\/person\\\/272ae98052f8ee8980f59848df070247\",\"name\":\"Redac\u021bia UrbeaMea\",\"image\":{\"@type\":\"ImageObject\",\"inLanguage\":\"ro-RO\",\"@id\":\"https:\\\/\\\/secure.gravatar.com\\\/avatar\\\/9ce5a9435071fa1037e8468053ead8e513dbbff59009d3069aadb85506d85a27?s=96&d=mm&r=g\",\"url\":\"https:\\\/\\\/secure.gravatar.com\\\/avatar\\\/9ce5a9435071fa1037e8468053ead8e513dbbff59009d3069aadb85506d85a27?s=96&d=mm&r=g\",\"contentUrl\":\"https:\\\/\\\/secure.gravatar.com\\\/avatar\\\/9ce5a9435071fa1037e8468053ead8e513dbbff59009d3069aadb85506d85a27?s=96&d=mm&r=g\",\"caption\":\"Redac\u021bia UrbeaMea\"},\"description\":\"contact@urbeamea.ro\",\"sameAs\":[\"https:\\\/\\\/www.urbeamea.ro\"],\"url\":\"https:\\\/\\\/urbeamea.ro\\\/albaiulia\\\/author\\\/redactia-urbeamea\\\/\"}]}<\/script>\n<!-- \/ Yoast SEO plugin. -->","yoast_head_json":{"title":"Sesiunea \u0218tiin\u021bific\u0103 Na\u021bional\u0103 cu Participare Interna\u021bional\u0103 a Studen\u021bilor \u0219i Masteranzilor Filologi, edi\u021bia a XVI-a, 7-8 decembrie 2023 - Revista Urbea Mea - Revista de Alba","description":"Departamentul de LITERE din cadrul UAB v\u0103 invit\u0103 la&nbsp;Sesiunea \u0218tiin\u021bific\u0103 Na\u021bional\u0103 cu Participare Interna\u021bional\u0103 a Studen\u021bilor \u0219i Masteranzilor","robots":{"index":"index","follow":"follow","max-snippet":"max-snippet:-1","max-image-preview":"max-image-preview:large","max-video-preview":"max-video-preview:-1"},"canonical":"https:\/\/urbeamea.ro\/albaiulia\/sesiunea-stiintifica-nationala-cu-participare-internationala-a-studentilor-si-masteranzilor-filologi-editia-a-xvi-a-7-8-decembrie-2023\/","twitter_card":"summary_large_image","twitter_title":"Sesiunea \u0218tiin\u021bific\u0103 Na\u021bional\u0103 cu Participare Interna\u021bional\u0103 a Studen\u021bilor \u0219i Masteranzilor Filologi, edi\u021bia a XVI-a, 7-8 decembrie 2023 - Revista Urbea Mea - Revista de Alba","twitter_description":"Departamentul de LITERE din cadrul UAB v\u0103 invit\u0103 la&nbsp;Sesiunea \u0218tiin\u021bific\u0103 Na\u021bional\u0103 cu Participare Interna\u021bional\u0103 a Studen\u021bilor \u0219i Masteranzilor","twitter_image":"https:\/\/urbeamea.ro\/albaiulia\/wp-content\/uploads\/2023\/12\/Afis-6.jpg","twitter_creator":"@urbeameaweb","twitter_site":"@urbeameaweb","schema":{"@context":"https:\/\/schema.org","@graph":[{"@type":"Article","@id":"https:\/\/urbeamea.ro\/albaiulia\/sesiunea-stiintifica-nationala-cu-participare-internationala-a-studentilor-si-masteranzilor-filologi-editia-a-xvi-a-7-8-decembrie-2023\/#article","isPartOf":{"@id":"https:\/\/urbeamea.ro\/albaiulia\/sesiunea-stiintifica-nationala-cu-participare-internationala-a-studentilor-si-masteranzilor-filologi-editia-a-xvi-a-7-8-decembrie-2023\/"},"author":{"name":"Redac\u021bia UrbeaMea","@id":"https:\/\/urbeamea.ro\/albaiulia\/#\/schema\/person\/272ae98052f8ee8980f59848df070247"},"headline":"Sesiunea \u0218tiin\u021bific\u0103 Na\u021bional\u0103 cu Participare Interna\u021bional\u0103 a Studen\u021bilor \u0219i Masteranzilor Filologi, edi\u021bia a XVI-a, 7-8 decembrie 2023","datePublished":"2023-12-05T09:41:52+00:00","dateModified":"2023-12-05T09:41:54+00:00","mainEntityOfPage":{"@id":"https:\/\/urbeamea.ro\/albaiulia\/sesiunea-stiintifica-nationala-cu-participare-internationala-a-studentilor-si-masteranzilor-filologi-editia-a-xvi-a-7-8-decembrie-2023\/"},"wordCount":162,"commentCount":0,"image":{"@id":"https:\/\/urbeamea.ro\/albaiulia\/sesiunea-stiintifica-nationala-cu-participare-internationala-a-studentilor-si-masteranzilor-filologi-editia-a-xvi-a-7-8-decembrie-2023\/#primaryimage"},"thumbnailUrl":"https:\/\/urbeamea.ro\/albaiulia\/wp-content\/uploads\/2023\/12\/Afis-6.jpg","keywords":["sesiunea stiintifica","Universitatea \u201e1 Decembrie 1918\u201d Alba Iulia"],"articleSection":["Educa\u021bie"],"inLanguage":"ro-RO","potentialAction":[{"@type":"CommentAction","name":"Comment","target":["https:\/\/urbeamea.ro\/albaiulia\/sesiunea-stiintifica-nationala-cu-participare-internationala-a-studentilor-si-masteranzilor-filologi-editia-a-xvi-a-7-8-decembrie-2023\/#respond"]}]},{"@type":"WebPage","@id":"https:\/\/urbeamea.ro\/albaiulia\/sesiunea-stiintifica-nationala-cu-participare-internationala-a-studentilor-si-masteranzilor-filologi-editia-a-xvi-a-7-8-decembrie-2023\/","url":"https:\/\/urbeamea.ro\/albaiulia\/sesiunea-stiintifica-nationala-cu-participare-internationala-a-studentilor-si-masteranzilor-filologi-editia-a-xvi-a-7-8-decembrie-2023\/","name":"Sesiunea \u0218tiin\u021bific\u0103 Na\u021bional\u0103 cu Participare Interna\u021bional\u0103 a Studen\u021bilor \u0219i Masteranzilor Filologi, edi\u021bia a XVI-a, 7-8 decembrie 2023 - Revista Urbea Mea - Revista de Alba","isPartOf":{"@id":"https:\/\/urbeamea.ro\/albaiulia\/#website"},"primaryImageOfPage":{"@id":"https:\/\/urbeamea.ro\/albaiulia\/sesiunea-stiintifica-nationala-cu-participare-internationala-a-studentilor-si-masteranzilor-filologi-editia-a-xvi-a-7-8-decembrie-2023\/#primaryimage"},"image":{"@id":"https:\/\/urbeamea.ro\/albaiulia\/sesiunea-stiintifica-nationala-cu-participare-internationala-a-studentilor-si-masteranzilor-filologi-editia-a-xvi-a-7-8-decembrie-2023\/#primaryimage"},"thumbnailUrl":"https:\/\/urbeamea.ro\/albaiulia\/wp-content\/uploads\/2023\/12\/Afis-6.jpg","datePublished":"2023-12-05T09:41:52+00:00","dateModified":"2023-12-05T09:41:54+00:00","author":{"@id":"https:\/\/urbeamea.ro\/albaiulia\/#\/schema\/person\/272ae98052f8ee8980f59848df070247"},"description":"Departamentul de LITERE din cadrul UAB v\u0103 invit\u0103 la&nbsp;Sesiunea \u0218tiin\u021bific\u0103 Na\u021bional\u0103 cu Participare Interna\u021bional\u0103 a Studen\u021bilor \u0219i Masteranzilor","breadcrumb":{"@id":"https:\/\/urbeamea.ro\/albaiulia\/sesiunea-stiintifica-nationala-cu-participare-internationala-a-studentilor-si-masteranzilor-filologi-editia-a-xvi-a-7-8-decembrie-2023\/#breadcrumb"},"inLanguage":"ro-RO","potentialAction":[{"@type":"ReadAction","target":["https:\/\/urbeamea.ro\/albaiulia\/sesiunea-stiintifica-nationala-cu-participare-internationala-a-studentilor-si-masteranzilor-filologi-editia-a-xvi-a-7-8-decembrie-2023\/"]}]},{"@type":"ImageObject","inLanguage":"ro-RO","@id":"https:\/\/urbeamea.ro\/albaiulia\/sesiunea-stiintifica-nationala-cu-participare-internationala-a-studentilor-si-masteranzilor-filologi-editia-a-xvi-a-7-8-decembrie-2023\/#primaryimage","url":"https:\/\/urbeamea.ro\/albaiulia\/wp-content\/uploads\/2023\/12\/Afis-6.jpg","contentUrl":"https:\/\/urbeamea.ro\/albaiulia\/wp-content\/uploads\/2023\/12\/Afis-6.jpg","width":1132,"height":1600},{"@type":"BreadcrumbList","@id":"https:\/\/urbeamea.ro\/albaiulia\/sesiunea-stiintifica-nationala-cu-participare-internationala-a-studentilor-si-masteranzilor-filologi-editia-a-xvi-a-7-8-decembrie-2023\/#breadcrumb","itemListElement":[{"@type":"ListItem","position":1,"name":"Prima pagin\u0103","item":"https:\/\/urbeamea.ro\/albaiulia\/"},{"@type":"ListItem","position":2,"name":"Sesiunea \u0218tiin\u021bific\u0103 Na\u021bional\u0103 cu Participare Interna\u021bional\u0103 a Studen\u021bilor \u0219i Masteranzilor Filologi, edi\u021bia a XVI-a, 7-8 decembrie 2023"}]},{"@type":"WebSite","@id":"https:\/\/urbeamea.ro\/albaiulia\/#website","url":"https:\/\/urbeamea.ro\/albaiulia\/","name":"Revista Urbea Mea, Stiri urbane","description":"Evenimente \u0219i \u0219tiri din Alba Iulia, Sebe\u0219, Aiud, Blaj","potentialAction":[{"@type":"SearchAction","target":{"@type":"EntryPoint","urlTemplate":"https:\/\/urbeamea.ro\/albaiulia\/?s={search_term_string}"},"query-input":{"@type":"PropertyValueSpecification","valueRequired":true,"valueName":"search_term_string"}}],"inLanguage":"ro-RO"},{"@type":"Person","@id":"https:\/\/urbeamea.ro\/albaiulia\/#\/schema\/person\/272ae98052f8ee8980f59848df070247","name":"Redac\u021bia UrbeaMea","image":{"@type":"ImageObject","inLanguage":"ro-RO","@id":"https:\/\/secure.gravatar.com\/avatar\/9ce5a9435071fa1037e8468053ead8e513dbbff59009d3069aadb85506d85a27?s=96&d=mm&r=g","url":"https:\/\/secure.gravatar.com\/avatar\/9ce5a9435071fa1037e8468053ead8e513dbbff59009d3069aadb85506d85a27?s=96&d=mm&r=g","contentUrl":"https:\/\/secure.gravatar.com\/avatar\/9ce5a9435071fa1037e8468053ead8e513dbbff59009d3069aadb85506d85a27?s=96&d=mm&r=g","caption":"Redac\u021bia UrbeaMea"},"description":"contact@urbeamea.ro","sameAs":["https:\/\/www.urbeamea.ro"],"url":"https:\/\/urbeamea.ro\/albaiulia\/author\/redactia-urbeamea\/"}]}},"_links":{"self":[{"href":"https:\/\/urbeamea.ro\/albaiulia\/wp-json\/wp\/v2\/posts\/109858","targetHints":{"allow":["GET"]}}],"collection":[{"href":"https:\/\/urbeamea.ro\/albaiulia\/wp-json\/wp\/v2\/posts"}],"about":[{"href":"https:\/\/urbeamea.ro\/albaiulia\/wp-json\/wp\/v2\/types\/post"}],"author":[{"embeddable":true,"href":"https:\/\/urbeamea.ro\/albaiulia\/wp-json\/wp\/v2\/users\/16"}],"replies":[{"embeddable":true,"href":"https:\/\/urbeamea.ro\/albaiulia\/wp-json\/wp\/v2\/comments?post=109858"}],"version-history":[{"count":1,"href":"https:\/\/urbeamea.ro\/albaiulia\/wp-json\/wp\/v2\/posts\/109858\/revisions"}],"predecessor-version":[{"id":109861,"href":"https:\/\/urbeamea.ro\/albaiulia\/wp-json\/wp\/v2\/posts\/109858\/revisions\/109861"}],"wp:featuredmedia":[{"embeddable":true,"href":"https:\/\/urbeamea.ro\/albaiulia\/wp-json\/wp\/v2\/media\/109859"}],"wp:attachment":[{"href":"https:\/\/urbeamea.ro\/albaiulia\/wp-json\/wp\/v2\/media?parent=109858"}],"wp:term":[{"taxonomy":"category","embeddable":true,"href":"https:\/\/urbeamea.ro\/albaiulia\/wp-json\/wp\/v2\/categories?post=109858"},{"taxonomy":"post_tag","embeddable":true,"href":"https:\/\/urbeamea.ro\/albaiulia\/wp-json\/wp\/v2\/tags?post=109858"}],"curies":[{"name":"wp","href":"https:\/\/api.w.org\/{rel}","templated":true}]}}