{"id":109862,"date":"2023-12-05T11:45:46","date_gmt":"2023-12-05T09:45:46","guid":{"rendered":"https:\/\/urbeamea.ro\/albaiulia\/?p=109862"},"modified":"2023-12-05T11:45:48","modified_gmt":"2023-12-05T09:45:48","slug":"marti-incepe-targul-de-craciun-de-la-sebes-un-altfel-de-craciun-la-sebes","status":"publish","type":"post","link":"https:\/\/urbeamea.ro\/albaiulia\/marti-incepe-targul-de-craciun-de-la-sebes-un-altfel-de-craciun-la-sebes\/","title":{"rendered":"MAR\u021aI \u00eencepe T\u00c2RGUL DE CR\u0102CIUN de la SEBE\u0218 \u201eUn altfel de Cr\u0103ciun&#8230; la Sebe\u0219\u201d"},"content":{"rendered":"\n<p>\u00cen perioada 5\u2013 24 decembrie 2023, la Sebe\u0219 vom crea \u00eempreun\u0103 o poveste de iarn\u0103, cu personaje care s\u0103 aduc\u0103 bucurie copiilor \u0219i c\u0103su\u021be decorate cu produse specifice Cr\u0103ciunului. La Centrul Cultural \u201eLucian Blaga\u201d, at\u00e2t \u00een spa\u021biile interioare, c\u00e2t \u0219i \u00een zona exterioar\u0103 decorat\u0103 de s\u0103rb\u0103toare, vor sosi colind\u0103tori, pentru a colora atmosfera cu cele mai frumoase c\u00e2ntece de iarn\u0103 \u0219i pentru a le oferi celor prezen\u021bi bucuria colindului str\u0103bun.<\/p>\n\n\n\n<p>Cel mai a\u0219teptat eveniment este concertul extraordinar de Cr\u0103ciun, de s\u00e2mb\u0103t\u0103, 9 decembrie, la care particip\u0103 membri ai Filarmonicii din T\u00e2rgu Mure\u0219, dirijor fiind carismaticul Remus Grama.<\/p>\n\n\n\n<p>Nu va lipsi nici Mo\u0219 Cr\u0103ciun, care va sosi la \u00eent\u00e2lnirea cu cei mai mici locuitori ai Sebe\u0219ului \u00eenso\u021bit de personaje de poveste, pentru a primi scrisorile copiilor \u0219i pentru a le oferi dulciuri.<\/p>\n\n\n\n<p>Biblioteca Municipal\u0103 \u201eLucian Blaga\u201d din Sebe\u0219 a preg\u0103tit calendarul de Advent cu cele mai atractive c\u0103r\u021bi \u0219i activit\u0103\u021bi distractive, pentru a ne bucura \u00eempreun\u0103 de atmosfera unic\u0103 a Cr\u0103ciunului.<\/p>\n\n\n\n<p>\u00cen Parcul Tineretului, se fac ultimele preg\u0103tiri pentru a pune \u00een func\u021biune patinoarul cu acces gratuit pentru to\u021bi copiii care au o pereche de patine, ceilal\u021bi achit\u00e2nd doar contravaloarea \u00eenchirierii patinelor.&nbsp;<\/p>\n\n\n\n<p>V\u0103 a\u0219tept\u0103m cu drag, s\u0103 d\u0103ruim \u00eempreun\u0103 magia s\u0103rb\u0103torilor de iarn\u0103!<\/p>\n\n\n\n<figure class=\"wp-block-gallery has-nested-images columns-1 is-cropped wp-block-gallery-1 is-layout-flex wp-block-gallery-is-layout-flex\">\n<figure class=\"wp-block-image size-large\"><a href=\"https:\/\/urbeamea.ro\/albaiulia\/wp-content\/uploads\/2023\/12\/targul-de-craciun-sebes_2023_deschidere.png\"><img loading=\"lazy\" decoding=\"async\" width=\"905\" height=\"1280\" data-id=\"109864\" src=\"https:\/\/urbeamea.ro\/albaiulia\/wp-content\/uploads\/2023\/12\/targul-de-craciun-sebes_2023_deschidere-905x1280.png\" alt=\"\" class=\"wp-image-109864\" srcset=\"https:\/\/urbeamea.ro\/albaiulia\/wp-content\/uploads\/2023\/12\/targul-de-craciun-sebes_2023_deschidere-905x1280.png 905w, https:\/\/urbeamea.ro\/albaiulia\/wp-content\/uploads\/2023\/12\/targul-de-craciun-sebes_2023_deschidere-452x640.png 452w, https:\/\/urbeamea.ro\/albaiulia\/wp-content\/uploads\/2023\/12\/targul-de-craciun-sebes_2023_deschidere-106x150.png 106w, https:\/\/urbeamea.ro\/albaiulia\/wp-content\/uploads\/2023\/12\/targul-de-craciun-sebes_2023_deschidere-768x1086.png 768w, https:\/\/urbeamea.ro\/albaiulia\/wp-content\/uploads\/2023\/12\/targul-de-craciun-sebes_2023_deschidere-1086x1536.png 1086w, https:\/\/urbeamea.ro\/albaiulia\/wp-content\/uploads\/2023\/12\/targul-de-craciun-sebes_2023_deschidere.png 1131w\" sizes=\"auto, (max-width: 905px) 100vw, 905px\" \/><\/a><\/figure>\n\n\n\n<figure class=\"wp-block-image size-large\"><a href=\"https:\/\/urbeamea.ro\/albaiulia\/wp-content\/uploads\/2023\/12\/a38ddbb9-6760-4d37-b5d4-9d63bb253247.jpg\"><img loading=\"lazy\" decoding=\"async\" width=\"580\" height=\"1280\" data-id=\"109863\" src=\"https:\/\/urbeamea.ro\/albaiulia\/wp-content\/uploads\/2023\/12\/a38ddbb9-6760-4d37-b5d4-9d63bb253247-580x1280.jpg\" alt=\"\" class=\"wp-image-109863\" srcset=\"https:\/\/urbeamea.ro\/albaiulia\/wp-content\/uploads\/2023\/12\/a38ddbb9-6760-4d37-b5d4-9d63bb253247-580x1280.jpg 580w, https:\/\/urbeamea.ro\/albaiulia\/wp-content\/uploads\/2023\/12\/a38ddbb9-6760-4d37-b5d4-9d63bb253247-290x640.jpg 290w, https:\/\/urbeamea.ro\/albaiulia\/wp-content\/uploads\/2023\/12\/a38ddbb9-6760-4d37-b5d4-9d63bb253247-68x150.jpg 68w, https:\/\/urbeamea.ro\/albaiulia\/wp-content\/uploads\/2023\/12\/a38ddbb9-6760-4d37-b5d4-9d63bb253247-696x1536.jpg 696w, https:\/\/urbeamea.ro\/albaiulia\/wp-content\/uploads\/2023\/12\/a38ddbb9-6760-4d37-b5d4-9d63bb253247.jpg 725w\" sizes=\"auto, (max-width: 580px) 100vw, 580px\" \/><\/a><\/figure>\n<\/figure>\n\n\n\n<p>*****<\/p>\n\n\n\n<p><strong>PROGRAMUL T\u00c2RGULUI DE CR\u0102CIUN<\/strong><\/p>\n\n\n\n<p><strong>Mar\u021bi, 5 decembrie 2023<\/strong><\/p>\n\n\n\n<p>Platoul din fa\u021ba Centrului Cultural \u201eLucian Blaga\u201d Sebe\u0219<\/p>\n\n\n\n<p>Ora 17.00: Deschiderea T\u00e2rgului de Cr\u0103ciun \u0219i aprinderea iluminatului de s\u0103rb\u0103tori<\/p>\n\n\n\n<p>Momente artistice cu: \u0218coala de muzic\u0103 \u201eDoReMi\u201d \u0219i Alexandra Pamfilie, Adina Hada, Trupa de Dansuri S\u0103se\u0219ti, Fanfara din Petre\u0219ti, Ordinul Scutierilor de M\u00fchlbach, personaje de poveste<\/p>\n\n\n\n<p><strong>6, 7, 12, 13, 14 decembrie 2023<\/strong><\/p>\n\n\n\n<p>Centrul Cultural \u201eLucian Blaga\u201d Sebe\u0219 \/ Biblioteca<\/p>\n\n\n\n<p>Ora 11.00: O POVESTE DE CR\u0102CIUN VII (ateliere de lectur\u0103 \u0219i crea\u021bie)<\/p>\n\n\n\n<p>\u201eUn g\u00e2nd bun pentru Mo\u015f Cr\u0103ciun\u201d &#8211; scrisorile copiilor cumin\u021bi la bibliotec\u0103<\/p>\n\n\n\n<p><strong>Vineri, 8 decembrie 2023<\/strong><\/p>\n\n\n\n<p>Centrul Cultural \u201eLucian Blaga\u201d Sebe\u0219 \/ Biblioteca<\/p>\n\n\n\n<p>Ora 10.30: \u201eNinge cu&#8230; filme\u201d &#8211; vizion\u0103ri educative pentru copii<\/p>\n\n\n\n<p>Centrul Cultural \u201eLucian Blaga\u201d Sebe\u0219 \/ sala de evenimente \u201eRadu Stanca\u201d<\/p>\n\n\n\n<p>Ora 18.00: Concertul de colinde al Protopopiatului Ortodox Sebe\u0219<\/p>\n\n\n\n<p><strong>S\u00e2mb\u0103t\u0103, 9 decembrie 2023<\/strong><\/p>\n\n\n\n<p>Centrul Cultural \u201eLucian Blaga\u201d Sebe\u0219 \/ sala de evenimente \u201eRadu Stanca\u201d<\/p>\n\n\n\n<p>Ora 19.00: \u201eUn altfel de Cr\u0103ciun&#8230; la Sebe\u0219\u201d \u2013 concert simfonic extraordinar de Cr\u0103ciun, sus\u021binut de muzicieni ai Filarmonicii T\u00e2rgu Mure\u0219. Dirijor: Remus Grama<\/p>\n\n\n\n<p><strong>Luni, 11 decembrie 2023<\/strong><\/p>\n\n\n\n<p>Centrul Cultural \u201eLucian Blaga\u201d Sebe\u0219 \/ Biblioteca<\/p>\n\n\n\n<p>Ora 10.00: \u201eNoi umbl\u0103m&#8230; pe bunici s\u0103-i colind\u0103m!\u201d &#8211; tradi\u021bii \u0219i obiceiuri rom\u00e2ne\u0219ti povestite cu beneficiarii C\u0103minului pentru Persoane V\u00e2rstnice Sebe\u0219<\/p>\n\n\n\n<p>Prim\u0103ria Municipiului Sebe\u0219<\/p>\n\n\n\n<p>Ora 17.00: Serata cultural\u0103 aniversar\u0103, edi\u021bia a VI-a; expozi\u021bie de art\u0103 plastic\u0103<\/p>\n\n\n\n<p><strong>Mar\u021bi, 12 decembrie 2023<\/strong><\/p>\n\n\n\n<p>Centrul Cultural \u201eLucian Blaga\u201d Sebe\u0219 \/ sala \u201eGheorghe Maniu\u201d<\/p>\n\n\n\n<p>Ora 10.00: Lansare de carte pentru copii \u2013 Laura Ivini\u0219<\/p>\n\n\n\n<p>Centrul Cultural \u201eLucian Blaga\u201d Sebe\u0219 \/ sala de evenimente \u201eRadu Stanca\u201d<\/p>\n\n\n\n<p>Ora 17.00: Serbarea Gr\u0103dini\u021bei \u201eNane\u201d<\/p>\n\n\n\n<p><strong>Miercuri, 13 decembrie \u0219i joi, 14 decembrie 2023<\/strong><\/p>\n\n\n\n<p>Centrul Cultural \u201eLucian Blaga\u201d Sebe\u0219 \/ sala de evenimente \u201eRadu Stanca\u201d<\/p>\n\n\n\n<p>Ora 17.00: Spectacole de teatru caritabile cu participarea trupelor Gepetto, Pied Piper, Masca &#8211; prof. coordonator Lavinia Donose<\/p>\n\n\n\n<p><strong>Vineri ,15 decembrie 2023<\/strong><\/p>\n\n\n\n<p>Centrul Cultural \u201eLucian Blaga\u201d Sebe\u0219 \/ Biblioteca<\/p>\n\n\n\n<p>Ora 10.30: \u201eNinge cu&#8230; filme\u201d &#8211; vizion\u0103ri educative pentru copii<\/p>\n\n\n\n<p>Centrul Cultural \u201eLucian Blaga\u201d Sebe\u0219 \/ sala de evenimente \u201eRadu Stanca\u201d<\/p>\n\n\n\n<p>Ora 19.00: Concert de colinde \u201e\u00cembucur\u0103-te om bun!\u201d realizat de Organiza\u021bia Tinerilor de pe Valea Sebe\u0219ului&nbsp;<\/p>\n\n\n\n<p><strong>Luni, 18 decembrie 2023<\/strong><\/p>\n\n\n\n<p>Centrul Cultural \u201eLucian Blaga\u201d Sebe\u0219 \/ sala de evenimente \u201eRadu Stanca\u201d<\/p>\n\n\n\n<p>Ora 10.00: Serbarea Gr\u0103dini\u021bei \u201eHeidi\u201d<\/p>\n\n\n\n<p>Centrul Cultural \u201eLucian Blaga\u201d Sebe\u0219\/Biblioteca<\/p>\n\n\n\n<p>Ora: 11.00 \u201eCartea pove\u0219tilor de iarn\u0103 se deschide la&#8230;. Es war einmal\u201d de Ziua Minorit\u0103\u021bilor Na\u021bionale din Rom\u00e2nia<\/p>\n\n\n\n<p><strong>Mar\u021bi, 19 decembrie 2023<\/strong><\/p>\n\n\n\n<p>Centrul Cultural \u201eLucian Blaga\u201d Sebe\u0219 \/ sala de evenimente \u201eRadu Stanca\u201d<\/p>\n\n\n\n<p>Ora 10.00: Serbarea Gr\u0103dini\u021bei \u201eMirela\u201d<\/p>\n\n\n\n<p>Centrul Cultural \u201eLucian Blaga\u201d Sebe\u0219\/ sala \u201eGheorghe Maniu\u201d<\/p>\n\n\n\n<p>Ora: 17.00: Serbarea Gr\u0103dini\u021bei cu Program Prelungit nr. 2<\/p>\n\n\n\n<p><strong>Miercuri, 20 decembrie 2023<\/strong><\/p>\n\n\n\n<p>Centrul Cultural \u201eLucian Blaga\u201d Sebe\u0219 \/ sala de evenimente \u201eRadu Stanca\u201d<\/p>\n\n\n\n<p>Ora 18.00: Spectacol caritabil \u201ePovestea de Cr\u0103ciun\u201d, cu participarea \u0218colii de muzic\u0103 \u201eDoReMI\u201d a Centrului Cultural \u201eLucian Blaga\u201d &#8211; prof. coordonatori Alexandra \u0219i Adrian Pamfilie<\/p>\n\n\n\n<p><strong>Joi, 21 decembrie 2023<\/strong><\/p>\n\n\n\n<p>Centrul Cultural \u201eLucian Blaga\u201d Sebe\u0219 \/ sala de evenimente \u201eRadu Stanca\u201d<\/p>\n\n\n\n<p>Ora 18.00: Spectacolul de colinde al Bisericii Penticostale Eben Ezer Sebe\u0219<\/p>\n\n\n\n<p><strong>22 decembrie 2023<\/strong><\/p>\n\n\n\n<p>Parcul Tineretului<\/p>\n\n\n\n<p>Ora 17.00: Spectacol caritabil \u201ePrimi\u021bi cu colinda?\u201d; particip\u0103: Alexandra Pamfilie, Alfred Dahinten, Adrian Pamfilie<\/p>\n\n\n\n<p><strong>6-24 decembrie 2023<\/strong><\/p>\n\n\n\n<p>Centrul Cultural \u201eLucian Blaga\u201d Sebe\u0219 \/ Biblioteca<\/p>\n\n\n\n<p>Calendarul de Advent al C\u0103r\u021bilor<\/p>\n\n\n\n<p><strong>Cr\u0103ciun fericit, la Sebe\u0219!<\/strong><\/p>\n","protected":false},"excerpt":{"rendered":"<p>\u00cen perioada 5\u2013 24 decembrie 2023, la Sebe\u0219 vom crea \u00eempreun\u0103 o poveste de iarn\u0103, cu personaje care s\u0103 aduc\u0103 bucurie copiilor \u0219i c\u0103su\u021be decorate cu produse specifice Cr\u0103ciunului. La Centrul Cultural \u201eLucian Blaga\u201d, at\u00e2t \u00een spa\u021biile interioare, c\u00e2t \u0219i \u00een zona exterioar\u0103 decorat\u0103 de s\u0103rb\u0103toare, vor sosi colind\u0103tori, pentru a colora atmosfera cu cele &hellip;<\/p>\n","protected":false},"author":16,"featured_media":109865,"comment_status":"open","ping_status":"open","sticky":false,"template":"","format":"standard","meta":{"inline_featured_image":false,"footnotes":""},"categories":[4],"tags":[24944],"class_list":["post-109862","post","type-post","status-publish","format-standard","has-post-thumbnail","hentry","category-eveniment","tag-targul-de-craciun-de-la-sebes"],"yoast_head":"<!-- This site is optimized with the Yoast SEO plugin v27.4 - https:\/\/yoast.com\/product\/yoast-seo-wordpress\/ -->\n<title>MAR\u021aI \u00eencepe T\u00c2RGUL DE CR\u0102CIUN de la SEBE\u0218 \u201eUn altfel de Cr\u0103ciun... la Sebe\u0219\u201d - Revista Urbea Mea - Revista de Alba<\/title>\n<meta name=\"description\" content=\"\u00cen perioada 5\u2013 24 decembrie 2023, la Sebe\u0219 vom crea \u00eempreun\u0103 o poveste de iarn\u0103, cu personaje care s\u0103 aduc\u0103 bucurie copiilor \u0219i c\u0103su\u021be decorate cu produse\" \/>\n<meta name=\"robots\" content=\"index, follow, max-snippet:-1, max-image-preview:large, max-video-preview:-1\" \/>\n<link rel=\"canonical\" href=\"https:\/\/urbeamea.ro\/albaiulia\/marti-incepe-targul-de-craciun-de-la-sebes-un-altfel-de-craciun-la-sebes\/\" \/>\n<meta name=\"twitter:card\" content=\"summary_large_image\" \/>\n<meta name=\"twitter:title\" content=\"MAR\u021aI \u00eencepe T\u00c2RGUL DE CR\u0102CIUN de la SEBE\u0218 \u201eUn altfel de Cr\u0103ciun... la Sebe\u0219\u201d - Revista Urbea Mea - Revista de Alba\" \/>\n<meta name=\"twitter:description\" content=\"\u00cen perioada 5\u2013 24 decembrie 2023, la Sebe\u0219 vom crea \u00eempreun\u0103 o poveste de iarn\u0103, cu personaje care s\u0103 aduc\u0103 bucurie copiilor \u0219i c\u0103su\u021be decorate cu produse\" \/>\n<meta name=\"twitter:image\" content=\"https:\/\/urbeamea.ro\/albaiulia\/wp-content\/uploads\/2023\/12\/targul-de-craciun-sebes_2023_cover.png\" \/>\n<meta name=\"twitter:creator\" content=\"@urbeameaweb\" \/>\n<meta name=\"twitter:site\" content=\"@urbeameaweb\" \/>\n<script type=\"application\/ld+json\" class=\"yoast-schema-graph\">{\"@context\":\"https:\\\/\\\/schema.org\",\"@graph\":[{\"@type\":\"Article\",\"@id\":\"https:\\\/\\\/urbeamea.ro\\\/albaiulia\\\/marti-incepe-targul-de-craciun-de-la-sebes-un-altfel-de-craciun-la-sebes\\\/#article\",\"isPartOf\":{\"@id\":\"https:\\\/\\\/urbeamea.ro\\\/albaiulia\\\/marti-incepe-targul-de-craciun-de-la-sebes-un-altfel-de-craciun-la-sebes\\\/\"},\"author\":{\"name\":\"Redac\u021bia UrbeaMea\",\"@id\":\"https:\\\/\\\/urbeamea.ro\\\/albaiulia\\\/#\\\/schema\\\/person\\\/272ae98052f8ee8980f59848df070247\"},\"headline\":\"MAR\u021aI \u00eencepe T\u00c2RGUL DE CR\u0102CIUN de la SEBE\u0218 \u201eUn altfel de Cr\u0103ciun&#8230; la Sebe\u0219\u201d\",\"datePublished\":\"2023-12-05T09:45:46+00:00\",\"dateModified\":\"2023-12-05T09:45:48+00:00\",\"mainEntityOfPage\":{\"@id\":\"https:\\\/\\\/urbeamea.ro\\\/albaiulia\\\/marti-incepe-targul-de-craciun-de-la-sebes-un-altfel-de-craciun-la-sebes\\\/\"},\"wordCount\":770,\"commentCount\":0,\"image\":{\"@id\":\"https:\\\/\\\/urbeamea.ro\\\/albaiulia\\\/marti-incepe-targul-de-craciun-de-la-sebes-un-altfel-de-craciun-la-sebes\\\/#primaryimage\"},\"thumbnailUrl\":\"https:\\\/\\\/urbeamea.ro\\\/albaiulia\\\/wp-content\\\/uploads\\\/2023\\\/12\\\/targul-de-craciun-sebes_2023_cover.png\",\"keywords\":[\"targul de craciun de la sebes\"],\"articleSection\":[\"Evenimente\"],\"inLanguage\":\"ro-RO\",\"potentialAction\":[{\"@type\":\"CommentAction\",\"name\":\"Comment\",\"target\":[\"https:\\\/\\\/urbeamea.ro\\\/albaiulia\\\/marti-incepe-targul-de-craciun-de-la-sebes-un-altfel-de-craciun-la-sebes\\\/#respond\"]}]},{\"@type\":\"WebPage\",\"@id\":\"https:\\\/\\\/urbeamea.ro\\\/albaiulia\\\/marti-incepe-targul-de-craciun-de-la-sebes-un-altfel-de-craciun-la-sebes\\\/\",\"url\":\"https:\\\/\\\/urbeamea.ro\\\/albaiulia\\\/marti-incepe-targul-de-craciun-de-la-sebes-un-altfel-de-craciun-la-sebes\\\/\",\"name\":\"MAR\u021aI \u00eencepe T\u00c2RGUL DE CR\u0102CIUN de la SEBE\u0218 \u201eUn altfel de Cr\u0103ciun... la Sebe\u0219\u201d - Revista Urbea Mea - Revista de Alba\",\"isPartOf\":{\"@id\":\"https:\\\/\\\/urbeamea.ro\\\/albaiulia\\\/#website\"},\"primaryImageOfPage\":{\"@id\":\"https:\\\/\\\/urbeamea.ro\\\/albaiulia\\\/marti-incepe-targul-de-craciun-de-la-sebes-un-altfel-de-craciun-la-sebes\\\/#primaryimage\"},\"image\":{\"@id\":\"https:\\\/\\\/urbeamea.ro\\\/albaiulia\\\/marti-incepe-targul-de-craciun-de-la-sebes-un-altfel-de-craciun-la-sebes\\\/#primaryimage\"},\"thumbnailUrl\":\"https:\\\/\\\/urbeamea.ro\\\/albaiulia\\\/wp-content\\\/uploads\\\/2023\\\/12\\\/targul-de-craciun-sebes_2023_cover.png\",\"datePublished\":\"2023-12-05T09:45:46+00:00\",\"dateModified\":\"2023-12-05T09:45:48+00:00\",\"author\":{\"@id\":\"https:\\\/\\\/urbeamea.ro\\\/albaiulia\\\/#\\\/schema\\\/person\\\/272ae98052f8ee8980f59848df070247\"},\"description\":\"\u00cen perioada 5\u2013 24 decembrie 2023, la Sebe\u0219 vom crea \u00eempreun\u0103 o poveste de iarn\u0103, cu personaje care s\u0103 aduc\u0103 bucurie copiilor \u0219i c\u0103su\u021be decorate cu produse\",\"breadcrumb\":{\"@id\":\"https:\\\/\\\/urbeamea.ro\\\/albaiulia\\\/marti-incepe-targul-de-craciun-de-la-sebes-un-altfel-de-craciun-la-sebes\\\/#breadcrumb\"},\"inLanguage\":\"ro-RO\",\"potentialAction\":[{\"@type\":\"ReadAction\",\"target\":[\"https:\\\/\\\/urbeamea.ro\\\/albaiulia\\\/marti-incepe-targul-de-craciun-de-la-sebes-un-altfel-de-craciun-la-sebes\\\/\"]}]},{\"@type\":\"ImageObject\",\"inLanguage\":\"ro-RO\",\"@id\":\"https:\\\/\\\/urbeamea.ro\\\/albaiulia\\\/marti-incepe-targul-de-craciun-de-la-sebes-un-altfel-de-craciun-la-sebes\\\/#primaryimage\",\"url\":\"https:\\\/\\\/urbeamea.ro\\\/albaiulia\\\/wp-content\\\/uploads\\\/2023\\\/12\\\/targul-de-craciun-sebes_2023_cover.png\",\"contentUrl\":\"https:\\\/\\\/urbeamea.ro\\\/albaiulia\\\/wp-content\\\/uploads\\\/2023\\\/12\\\/targul-de-craciun-sebes_2023_cover.png\",\"width\":1600,\"height\":874},{\"@type\":\"BreadcrumbList\",\"@id\":\"https:\\\/\\\/urbeamea.ro\\\/albaiulia\\\/marti-incepe-targul-de-craciun-de-la-sebes-un-altfel-de-craciun-la-sebes\\\/#breadcrumb\",\"itemListElement\":[{\"@type\":\"ListItem\",\"position\":1,\"name\":\"Prima pagin\u0103\",\"item\":\"https:\\\/\\\/urbeamea.ro\\\/albaiulia\\\/\"},{\"@type\":\"ListItem\",\"position\":2,\"name\":\"MAR\u021aI \u00eencepe T\u00c2RGUL DE CR\u0102CIUN de la SEBE\u0218 \u201eUn altfel de Cr\u0103ciun&#8230; la Sebe\u0219\u201d\"}]},{\"@type\":\"WebSite\",\"@id\":\"https:\\\/\\\/urbeamea.ro\\\/albaiulia\\\/#website\",\"url\":\"https:\\\/\\\/urbeamea.ro\\\/albaiulia\\\/\",\"name\":\"Revista Urbea Mea, Stiri urbane\",\"description\":\"Evenimente \u0219i \u0219tiri din Alba Iulia, Sebe\u0219, Aiud, Blaj\",\"potentialAction\":[{\"@type\":\"SearchAction\",\"target\":{\"@type\":\"EntryPoint\",\"urlTemplate\":\"https:\\\/\\\/urbeamea.ro\\\/albaiulia\\\/?s={search_term_string}\"},\"query-input\":{\"@type\":\"PropertyValueSpecification\",\"valueRequired\":true,\"valueName\":\"search_term_string\"}}],\"inLanguage\":\"ro-RO\"},{\"@type\":\"Person\",\"@id\":\"https:\\\/\\\/urbeamea.ro\\\/albaiulia\\\/#\\\/schema\\\/person\\\/272ae98052f8ee8980f59848df070247\",\"name\":\"Redac\u021bia UrbeaMea\",\"image\":{\"@type\":\"ImageObject\",\"inLanguage\":\"ro-RO\",\"@id\":\"https:\\\/\\\/secure.gravatar.com\\\/avatar\\\/9ce5a9435071fa1037e8468053ead8e513dbbff59009d3069aadb85506d85a27?s=96&d=mm&r=g\",\"url\":\"https:\\\/\\\/secure.gravatar.com\\\/avatar\\\/9ce5a9435071fa1037e8468053ead8e513dbbff59009d3069aadb85506d85a27?s=96&d=mm&r=g\",\"contentUrl\":\"https:\\\/\\\/secure.gravatar.com\\\/avatar\\\/9ce5a9435071fa1037e8468053ead8e513dbbff59009d3069aadb85506d85a27?s=96&d=mm&r=g\",\"caption\":\"Redac\u021bia UrbeaMea\"},\"description\":\"contact@urbeamea.ro\",\"sameAs\":[\"https:\\\/\\\/www.urbeamea.ro\"],\"url\":\"https:\\\/\\\/urbeamea.ro\\\/albaiulia\\\/author\\\/redactia-urbeamea\\\/\"}]}<\/script>\n<!-- \/ Yoast SEO plugin. -->","yoast_head_json":{"title":"MAR\u021aI \u00eencepe T\u00c2RGUL DE CR\u0102CIUN de la SEBE\u0218 \u201eUn altfel de Cr\u0103ciun... la Sebe\u0219\u201d - Revista Urbea Mea - Revista de Alba","description":"\u00cen perioada 5\u2013 24 decembrie 2023, la Sebe\u0219 vom crea \u00eempreun\u0103 o poveste de iarn\u0103, cu personaje care s\u0103 aduc\u0103 bucurie copiilor \u0219i c\u0103su\u021be decorate cu produse","robots":{"index":"index","follow":"follow","max-snippet":"max-snippet:-1","max-image-preview":"max-image-preview:large","max-video-preview":"max-video-preview:-1"},"canonical":"https:\/\/urbeamea.ro\/albaiulia\/marti-incepe-targul-de-craciun-de-la-sebes-un-altfel-de-craciun-la-sebes\/","twitter_card":"summary_large_image","twitter_title":"MAR\u021aI \u00eencepe T\u00c2RGUL DE CR\u0102CIUN de la SEBE\u0218 \u201eUn altfel de Cr\u0103ciun... la Sebe\u0219\u201d - Revista Urbea Mea - Revista de Alba","twitter_description":"\u00cen perioada 5\u2013 24 decembrie 2023, la Sebe\u0219 vom crea \u00eempreun\u0103 o poveste de iarn\u0103, cu personaje care s\u0103 aduc\u0103 bucurie copiilor \u0219i c\u0103su\u021be decorate cu produse","twitter_image":"https:\/\/urbeamea.ro\/albaiulia\/wp-content\/uploads\/2023\/12\/targul-de-craciun-sebes_2023_cover.png","twitter_creator":"@urbeameaweb","twitter_site":"@urbeameaweb","schema":{"@context":"https:\/\/schema.org","@graph":[{"@type":"Article","@id":"https:\/\/urbeamea.ro\/albaiulia\/marti-incepe-targul-de-craciun-de-la-sebes-un-altfel-de-craciun-la-sebes\/#article","isPartOf":{"@id":"https:\/\/urbeamea.ro\/albaiulia\/marti-incepe-targul-de-craciun-de-la-sebes-un-altfel-de-craciun-la-sebes\/"},"author":{"name":"Redac\u021bia UrbeaMea","@id":"https:\/\/urbeamea.ro\/albaiulia\/#\/schema\/person\/272ae98052f8ee8980f59848df070247"},"headline":"MAR\u021aI \u00eencepe T\u00c2RGUL DE CR\u0102CIUN de la SEBE\u0218 \u201eUn altfel de Cr\u0103ciun&#8230; la Sebe\u0219\u201d","datePublished":"2023-12-05T09:45:46+00:00","dateModified":"2023-12-05T09:45:48+00:00","mainEntityOfPage":{"@id":"https:\/\/urbeamea.ro\/albaiulia\/marti-incepe-targul-de-craciun-de-la-sebes-un-altfel-de-craciun-la-sebes\/"},"wordCount":770,"commentCount":0,"image":{"@id":"https:\/\/urbeamea.ro\/albaiulia\/marti-incepe-targul-de-craciun-de-la-sebes-un-altfel-de-craciun-la-sebes\/#primaryimage"},"thumbnailUrl":"https:\/\/urbeamea.ro\/albaiulia\/wp-content\/uploads\/2023\/12\/targul-de-craciun-sebes_2023_cover.png","keywords":["targul de craciun de la sebes"],"articleSection":["Evenimente"],"inLanguage":"ro-RO","potentialAction":[{"@type":"CommentAction","name":"Comment","target":["https:\/\/urbeamea.ro\/albaiulia\/marti-incepe-targul-de-craciun-de-la-sebes-un-altfel-de-craciun-la-sebes\/#respond"]}]},{"@type":"WebPage","@id":"https:\/\/urbeamea.ro\/albaiulia\/marti-incepe-targul-de-craciun-de-la-sebes-un-altfel-de-craciun-la-sebes\/","url":"https:\/\/urbeamea.ro\/albaiulia\/marti-incepe-targul-de-craciun-de-la-sebes-un-altfel-de-craciun-la-sebes\/","name":"MAR\u021aI \u00eencepe T\u00c2RGUL DE CR\u0102CIUN de la SEBE\u0218 \u201eUn altfel de Cr\u0103ciun... la Sebe\u0219\u201d - Revista Urbea Mea - Revista de Alba","isPartOf":{"@id":"https:\/\/urbeamea.ro\/albaiulia\/#website"},"primaryImageOfPage":{"@id":"https:\/\/urbeamea.ro\/albaiulia\/marti-incepe-targul-de-craciun-de-la-sebes-un-altfel-de-craciun-la-sebes\/#primaryimage"},"image":{"@id":"https:\/\/urbeamea.ro\/albaiulia\/marti-incepe-targul-de-craciun-de-la-sebes-un-altfel-de-craciun-la-sebes\/#primaryimage"},"thumbnailUrl":"https:\/\/urbeamea.ro\/albaiulia\/wp-content\/uploads\/2023\/12\/targul-de-craciun-sebes_2023_cover.png","datePublished":"2023-12-05T09:45:46+00:00","dateModified":"2023-12-05T09:45:48+00:00","author":{"@id":"https:\/\/urbeamea.ro\/albaiulia\/#\/schema\/person\/272ae98052f8ee8980f59848df070247"},"description":"\u00cen perioada 5\u2013 24 decembrie 2023, la Sebe\u0219 vom crea \u00eempreun\u0103 o poveste de iarn\u0103, cu personaje care s\u0103 aduc\u0103 bucurie copiilor \u0219i c\u0103su\u021be decorate cu produse","breadcrumb":{"@id":"https:\/\/urbeamea.ro\/albaiulia\/marti-incepe-targul-de-craciun-de-la-sebes-un-altfel-de-craciun-la-sebes\/#breadcrumb"},"inLanguage":"ro-RO","potentialAction":[{"@type":"ReadAction","target":["https:\/\/urbeamea.ro\/albaiulia\/marti-incepe-targul-de-craciun-de-la-sebes-un-altfel-de-craciun-la-sebes\/"]}]},{"@type":"ImageObject","inLanguage":"ro-RO","@id":"https:\/\/urbeamea.ro\/albaiulia\/marti-incepe-targul-de-craciun-de-la-sebes-un-altfel-de-craciun-la-sebes\/#primaryimage","url":"https:\/\/urbeamea.ro\/albaiulia\/wp-content\/uploads\/2023\/12\/targul-de-craciun-sebes_2023_cover.png","contentUrl":"https:\/\/urbeamea.ro\/albaiulia\/wp-content\/uploads\/2023\/12\/targul-de-craciun-sebes_2023_cover.png","width":1600,"height":874},{"@type":"BreadcrumbList","@id":"https:\/\/urbeamea.ro\/albaiulia\/marti-incepe-targul-de-craciun-de-la-sebes-un-altfel-de-craciun-la-sebes\/#breadcrumb","itemListElement":[{"@type":"ListItem","position":1,"name":"Prima pagin\u0103","item":"https:\/\/urbeamea.ro\/albaiulia\/"},{"@type":"ListItem","position":2,"name":"MAR\u021aI \u00eencepe T\u00c2RGUL DE CR\u0102CIUN de la SEBE\u0218 \u201eUn altfel de Cr\u0103ciun&#8230; la Sebe\u0219\u201d"}]},{"@type":"WebSite","@id":"https:\/\/urbeamea.ro\/albaiulia\/#website","url":"https:\/\/urbeamea.ro\/albaiulia\/","name":"Revista Urbea Mea, Stiri urbane","description":"Evenimente \u0219i \u0219tiri din Alba Iulia, Sebe\u0219, Aiud, Blaj","potentialAction":[{"@type":"SearchAction","target":{"@type":"EntryPoint","urlTemplate":"https:\/\/urbeamea.ro\/albaiulia\/?s={search_term_string}"},"query-input":{"@type":"PropertyValueSpecification","valueRequired":true,"valueName":"search_term_string"}}],"inLanguage":"ro-RO"},{"@type":"Person","@id":"https:\/\/urbeamea.ro\/albaiulia\/#\/schema\/person\/272ae98052f8ee8980f59848df070247","name":"Redac\u021bia UrbeaMea","image":{"@type":"ImageObject","inLanguage":"ro-RO","@id":"https:\/\/secure.gravatar.com\/avatar\/9ce5a9435071fa1037e8468053ead8e513dbbff59009d3069aadb85506d85a27?s=96&d=mm&r=g","url":"https:\/\/secure.gravatar.com\/avatar\/9ce5a9435071fa1037e8468053ead8e513dbbff59009d3069aadb85506d85a27?s=96&d=mm&r=g","contentUrl":"https:\/\/secure.gravatar.com\/avatar\/9ce5a9435071fa1037e8468053ead8e513dbbff59009d3069aadb85506d85a27?s=96&d=mm&r=g","caption":"Redac\u021bia UrbeaMea"},"description":"contact@urbeamea.ro","sameAs":["https:\/\/www.urbeamea.ro"],"url":"https:\/\/urbeamea.ro\/albaiulia\/author\/redactia-urbeamea\/"}]}},"_links":{"self":[{"href":"https:\/\/urbeamea.ro\/albaiulia\/wp-json\/wp\/v2\/posts\/109862","targetHints":{"allow":["GET"]}}],"collection":[{"href":"https:\/\/urbeamea.ro\/albaiulia\/wp-json\/wp\/v2\/posts"}],"about":[{"href":"https:\/\/urbeamea.ro\/albaiulia\/wp-json\/wp\/v2\/types\/post"}],"author":[{"embeddable":true,"href":"https:\/\/urbeamea.ro\/albaiulia\/wp-json\/wp\/v2\/users\/16"}],"replies":[{"embeddable":true,"href":"https:\/\/urbeamea.ro\/albaiulia\/wp-json\/wp\/v2\/comments?post=109862"}],"version-history":[{"count":1,"href":"https:\/\/urbeamea.ro\/albaiulia\/wp-json\/wp\/v2\/posts\/109862\/revisions"}],"predecessor-version":[{"id":109866,"href":"https:\/\/urbeamea.ro\/albaiulia\/wp-json\/wp\/v2\/posts\/109862\/revisions\/109866"}],"wp:featuredmedia":[{"embeddable":true,"href":"https:\/\/urbeamea.ro\/albaiulia\/wp-json\/wp\/v2\/media\/109865"}],"wp:attachment":[{"href":"https:\/\/urbeamea.ro\/albaiulia\/wp-json\/wp\/v2\/media?parent=109862"}],"wp:term":[{"taxonomy":"category","embeddable":true,"href":"https:\/\/urbeamea.ro\/albaiulia\/wp-json\/wp\/v2\/categories?post=109862"},{"taxonomy":"post_tag","embeddable":true,"href":"https:\/\/urbeamea.ro\/albaiulia\/wp-json\/wp\/v2\/tags?post=109862"}],"curies":[{"name":"wp","href":"https:\/\/api.w.org\/{rel}","templated":true}]}}