{"id":109917,"date":"2023-12-20T19:12:32","date_gmt":"2023-12-20T17:12:32","guid":{"rendered":"https:\/\/urbeamea.ro\/albaiulia\/?p=109917"},"modified":"2023-12-20T19:12:34","modified_gmt":"2023-12-20T17:12:34","slug":"rer-vest-retim-de-sarbatori-colectarea-deseurilor-se-va-face-conform-graficelor","status":"publish","type":"post","link":"https:\/\/urbeamea.ro\/albaiulia\/rer-vest-retim-de-sarbatori-colectarea-deseurilor-se-va-face-conform-graficelor\/","title":{"rendered":"RER Vest \u2013 RETIM: De s\u0103rb\u0103tori, colectarea de\u0219eurilor se va face conform graficelor"},"content":{"rendered":"\n<h3 class=\"wp-block-heading\"><strong>Cet\u0103\u021benii sunt ruga\u021bi s\u0103 scoat\u0103 la limita de proprietate sacii cu de\u0219euri reciclabile \u0219i pubelele negre, conform calendarelor de ridicare<\/strong><\/h3>\n\n\n\n<p>Asocierea RER Vest informeaz\u0103 to\u021bi clien\u0163ii, persoane fizice \u0219i juridice c\u0103<del>,<\/del> \u00een perioada s\u0103rb\u0103torilor de iarn\u0103, colectarea de\u0219eurilor se va realiza conform programului normal. Astfel, at\u00e2t \u00een zilele de 25-26 decembrie, c\u00e2t \u0219i \u00een 1-2 ianuarie 2024, echipajele RER care colecteaz\u0103 de\u0219eurile menajere vor fi \u00een teren, conform programelor de colectare stabilite<ins> <\/ins>pentru fiecare frac\u021bie \u00een parte. &nbsp;<\/p>\n\n\n\n<p>\u00cen cazul \u00een care cet\u0103\u021benii \u0219tiu c\u0103 au zilele de colectare de\u0219euri \u00een zilele de luni \u0219i mar\u021bi, 25 \u0219i 26 decembrie, precum \u0219i \u00een 1 \u0219i 2 ianuarie 2024, RER roag\u0103 clien\u021bii s\u0103 scoat\u0103 la limita de proprietate, de\u0219eurile colectate separat, pe frac\u021bii, \u00een recipientele stabilite prin contract, pentru ca acestea s\u0103 fie colectate, conform calendarului.<\/p>\n\n\n\n<p>\u00cen mod excep\u021bional \u00een comuna <strong>Daia Rom\u00e2n\u0103<\/strong>, colect\u0103rile programate pentru 25 decembrie \u0219i 1 ianuarie se vor realiza mai devreme, conform solicit\u0103rii primite de RER de la reprezentan\u021bii prim\u0103riei.<\/p>\n\n\n\n<p>Colectarea de <strong>de\u0219euri reziduale \u2013 pubel\u0103 neagr\u0103<\/strong> \u2013 programat\u0103 pe 25 decembrie va fi realizat\u0103 \u00een <strong>23 decembrie<\/strong>, iar colectarea de <strong>de\u0219euri reciclabile,<\/strong> programat\u0103 pentru 1 ianuarie 2024 se va efectua \u00een <strong>30 decembrie 2023.<\/strong><\/p>\n\n\n\n<p><strong>Toate birouri de rela\u021bii cu clien\u021bii din localit\u0103\u021bile Alba Iulia, Cugir, Ocna Mure\u0219, Sebe\u0219 \u0219i Teiu\u0219 vor fi \u00eenchise \u00een zilele de 25-26 decembrie \u0219i 1-2 ianuarie 2024. Vor r\u0103m\u00e2ne \u00eenchise \u00eentre s\u0103rb\u0103tori birourile din Teiu\u0219 \u0219i Cugir. <\/strong>&nbsp;<\/p>\n\n\n\n<p>\u00cencep\u00e2nd cu 3 ianuarie 2024 toate Birourile de Rela\u021bii cu Clien\u021bii revin la programul&nbsp; normal, deschis \u00eentre orele 8:00 \u0219i 16:00.<\/p>\n\n\n\n<p>Compania reaminte\u0219te tuturor clien\u021bilor s\u0103i, persoane fizice sau juridice c\u0103 \u00ee\u0219i pot activa factura electronic\u0103 \u00een mai pu\u021bin de un minut, pe site-ul www.rervest.ro, \u00een sec\u021biunea \u201ee-factura\u201d, reduc\u00e2nd impactul asupra mediului, prin reducerea consumul de h\u00e2rtie \u0219i a resurselor pentru transport \u0219i distribu\u021bie.<\/p>\n\n\n\n<p>Pentru plata facturilor Asocierea RER Vest \u2013 RETIM recomand\u0103 utilizarea cu prec\u0103dere a instrumentelor de plat\u0103 electronice disponibile pe site-ul&nbsp;<a href=\"http:\/\/www.rervest.ro\/\">www.rervest.ro<\/a>, a sistemelor de plat\u0103 rapid\u0103 PayPoint, Un-Doi, Self-Pay sau a aplica\u021biei mobile Pago.<\/p>\n\n\n\n<p>Regulile de colectare separat\u0103 a de\u0219eurilor \u0219i programul de colectare pentru localit\u0103\u021bile din jude\u021bul Alba sunt disponibile \u00een sec\u021biunea Alba din site-ul rervest.ro<\/p>\n\n\n\n<p><strong>Despre Asocierea RER Vest &#8211; RETIM \u0219i RER Group<\/strong><\/p>\n\n\n\n<p><strong>Asocierea RER Vest S.A. \u2013 RETIM Ecologic Service Timi\u0219oara S.A. <\/strong>ofer\u0103 servicii de salubritate profesioniste locuitorilor din jude\u021bul Alba \u00eencep\u00e2nd cu 1 decembrie 2021. \u00cen baza licita\u021biei organizat\u0103 de ADI Salubris Alba, din anul 2019, asocierea este responsabil\u0103 de colectarea \u0219i sortarea de\u0219eurilor din Zona 1: ora\u0219ele Alba Iulia, Aiud, Ocna Mure\u0219, Teiu\u0219, respectiv comunele Ciugud, Berghin, Ohaba, Mihal\u021b, Strem\u021b, Galda de Jos, Cric\u0103u, \u00centregalde, Ighiu, S\u00e2ntimbru, R\u00e2me\u021b, R\u0103de\u0219ti, Rimetea, Lopadea Nou\u0103, Livezile, Mir\u0103sl\u0103u, Ponor, Hop\u00e2rta, F\u0103r\u0103u, No\u0219lac, Lunca Mure\u0219ului, Unirea \u0219i Zona 2: ora\u0219ele Sebe\u0219, Cugir, respectiv comunele Daia, Cut, Spring, Do\u0219tat, G\u00e2rbova, C\u00e2lnic, S\u0103sciori, Pianu, S\u0103li\u0219tea, Blandiana, Vin\u021bu de Jos, Ceru-B\u0103c\u0103in\u021bi, \u0218ibot \u0219i \u0218ugag.<\/p>\n\n\n\n<p><strong>RER Vest S.A. \u0219i RETIM Ecologic Service Timi\u0219oara S.A. fac parte din RER Ecologic Group. Compania <\/strong>a fost \u00eenfiin\u021bat\u0103 \u00een anul 1994 de concernul german RWE, ce desf\u0103\u0219oar\u0103 activit\u0103\u021bi \u00een domeniul salubrit\u0103\u021bii, recuper\u0103rii ecologice \u0219i recicl\u0103rii. Grupul RER mai de\u021bine \u0219i companiile: REBU, RER Sud, RER Br\u0103ila, RER Servicii \u0219i RER DATA \u0219i are aproximativ 2500 de angaja\u021bi.<\/p>\n\n\n\n<p>Pentru mai multe detalii ne pute\u021bi contacta la <a href=\"mailto:comunicare@rervest.ro\">comunicare@rervest.ro<\/a>.<\/p>\n","protected":false},"excerpt":{"rendered":"<p>Cet\u0103\u021benii sunt ruga\u021bi s\u0103 scoat\u0103 la limita de proprietate sacii cu de\u0219euri reciclabile \u0219i pubelele negre, conform calendarelor de ridicare Asocierea RER Vest informeaz\u0103 to\u021bi clien\u0163ii, persoane fizice \u0219i juridice c\u0103, \u00een perioada s\u0103rb\u0103torilor de iarn\u0103, colectarea de\u0219eurilor se va realiza conform programului normal. Astfel, at\u00e2t \u00een zilele de 25-26 decembrie, c\u00e2t \u0219i \u00een 1-2 &hellip;<\/p>\n","protected":false},"author":16,"featured_media":105099,"comment_status":"open","ping_status":"open","sticky":false,"template":"","format":"standard","meta":{"inline_featured_image":false,"footnotes":""},"categories":[1],"tags":[23914],"class_list":["post-109917","post","type-post","status-publish","format-standard","has-post-thumbnail","hentry","category-stiri-urbane","tag-rer-vest"],"yoast_head":"<!-- This site is optimized with the Yoast SEO plugin v27.4 - https:\/\/yoast.com\/product\/yoast-seo-wordpress\/ -->\n<title>RER Vest \u2013 RETIM: De s\u0103rb\u0103tori, colectarea de\u0219eurilor se va face conform graficelor - Revista Urbea Mea - Revista de Alba<\/title>\n<meta name=\"description\" content=\"Cet\u0103\u021benii sunt ruga\u021bi s\u0103 scoat\u0103 la limita de proprietate sacii cu de\u0219euri reciclabile \u0219i pubelele negre, conform calendarelor de ridicare Asocierea RER\" \/>\n<meta name=\"robots\" content=\"index, follow, max-snippet:-1, max-image-preview:large, max-video-preview:-1\" \/>\n<link rel=\"canonical\" href=\"https:\/\/urbeamea.ro\/albaiulia\/rer-vest-retim-de-sarbatori-colectarea-deseurilor-se-va-face-conform-graficelor\/\" \/>\n<meta name=\"twitter:card\" content=\"summary_large_image\" \/>\n<meta name=\"twitter:title\" content=\"RER Vest \u2013 RETIM: De s\u0103rb\u0103tori, colectarea de\u0219eurilor se va face conform graficelor - Revista Urbea Mea - Revista de Alba\" \/>\n<meta name=\"twitter:description\" content=\"Cet\u0103\u021benii sunt ruga\u021bi s\u0103 scoat\u0103 la limita de proprietate sacii cu de\u0219euri reciclabile \u0219i pubelele negre, conform calendarelor de ridicare Asocierea RER\" \/>\n<meta name=\"twitter:image\" content=\"https:\/\/urbeamea.ro\/albaiulia\/wp-content\/uploads\/2022\/11\/298500467_582779110300879_2253136162720263957_n.jpg\" \/>\n<meta name=\"twitter:creator\" content=\"@urbeameaweb\" \/>\n<meta name=\"twitter:site\" content=\"@urbeameaweb\" \/>\n<script type=\"application\/ld+json\" class=\"yoast-schema-graph\">{\"@context\":\"https:\\\/\\\/schema.org\",\"@graph\":[{\"@type\":\"Article\",\"@id\":\"https:\\\/\\\/urbeamea.ro\\\/albaiulia\\\/rer-vest-retim-de-sarbatori-colectarea-deseurilor-se-va-face-conform-graficelor\\\/#article\",\"isPartOf\":{\"@id\":\"https:\\\/\\\/urbeamea.ro\\\/albaiulia\\\/rer-vest-retim-de-sarbatori-colectarea-deseurilor-se-va-face-conform-graficelor\\\/\"},\"author\":{\"name\":\"Redac\u021bia UrbeaMea\",\"@id\":\"https:\\\/\\\/urbeamea.ro\\\/albaiulia\\\/#\\\/schema\\\/person\\\/272ae98052f8ee8980f59848df070247\"},\"headline\":\"RER Vest \u2013 RETIM: De s\u0103rb\u0103tori, colectarea de\u0219eurilor se va face conform graficelor\",\"datePublished\":\"2023-12-20T17:12:32+00:00\",\"dateModified\":\"2023-12-20T17:12:34+00:00\",\"mainEntityOfPage\":{\"@id\":\"https:\\\/\\\/urbeamea.ro\\\/albaiulia\\\/rer-vest-retim-de-sarbatori-colectarea-deseurilor-se-va-face-conform-graficelor\\\/\"},\"wordCount\":629,\"commentCount\":0,\"image\":{\"@id\":\"https:\\\/\\\/urbeamea.ro\\\/albaiulia\\\/rer-vest-retim-de-sarbatori-colectarea-deseurilor-se-va-face-conform-graficelor\\\/#primaryimage\"},\"thumbnailUrl\":\"https:\\\/\\\/urbeamea.ro\\\/albaiulia\\\/wp-content\\\/uploads\\\/2022\\\/11\\\/298500467_582779110300879_2253136162720263957_n.jpg\",\"keywords\":[\"RER Vest\"],\"articleSection\":[\"\u015etiri Urbane\"],\"inLanguage\":\"ro-RO\",\"potentialAction\":[{\"@type\":\"CommentAction\",\"name\":\"Comment\",\"target\":[\"https:\\\/\\\/urbeamea.ro\\\/albaiulia\\\/rer-vest-retim-de-sarbatori-colectarea-deseurilor-se-va-face-conform-graficelor\\\/#respond\"]}]},{\"@type\":\"WebPage\",\"@id\":\"https:\\\/\\\/urbeamea.ro\\\/albaiulia\\\/rer-vest-retim-de-sarbatori-colectarea-deseurilor-se-va-face-conform-graficelor\\\/\",\"url\":\"https:\\\/\\\/urbeamea.ro\\\/albaiulia\\\/rer-vest-retim-de-sarbatori-colectarea-deseurilor-se-va-face-conform-graficelor\\\/\",\"name\":\"RER Vest \u2013 RETIM: De s\u0103rb\u0103tori, colectarea de\u0219eurilor se va face conform graficelor - Revista Urbea Mea - Revista de Alba\",\"isPartOf\":{\"@id\":\"https:\\\/\\\/urbeamea.ro\\\/albaiulia\\\/#website\"},\"primaryImageOfPage\":{\"@id\":\"https:\\\/\\\/urbeamea.ro\\\/albaiulia\\\/rer-vest-retim-de-sarbatori-colectarea-deseurilor-se-va-face-conform-graficelor\\\/#primaryimage\"},\"image\":{\"@id\":\"https:\\\/\\\/urbeamea.ro\\\/albaiulia\\\/rer-vest-retim-de-sarbatori-colectarea-deseurilor-se-va-face-conform-graficelor\\\/#primaryimage\"},\"thumbnailUrl\":\"https:\\\/\\\/urbeamea.ro\\\/albaiulia\\\/wp-content\\\/uploads\\\/2022\\\/11\\\/298500467_582779110300879_2253136162720263957_n.jpg\",\"datePublished\":\"2023-12-20T17:12:32+00:00\",\"dateModified\":\"2023-12-20T17:12:34+00:00\",\"author\":{\"@id\":\"https:\\\/\\\/urbeamea.ro\\\/albaiulia\\\/#\\\/schema\\\/person\\\/272ae98052f8ee8980f59848df070247\"},\"description\":\"Cet\u0103\u021benii sunt ruga\u021bi s\u0103 scoat\u0103 la limita de proprietate sacii cu de\u0219euri reciclabile \u0219i pubelele negre, conform calendarelor de ridicare Asocierea RER\",\"breadcrumb\":{\"@id\":\"https:\\\/\\\/urbeamea.ro\\\/albaiulia\\\/rer-vest-retim-de-sarbatori-colectarea-deseurilor-se-va-face-conform-graficelor\\\/#breadcrumb\"},\"inLanguage\":\"ro-RO\",\"potentialAction\":[{\"@type\":\"ReadAction\",\"target\":[\"https:\\\/\\\/urbeamea.ro\\\/albaiulia\\\/rer-vest-retim-de-sarbatori-colectarea-deseurilor-se-va-face-conform-graficelor\\\/\"]}]},{\"@type\":\"ImageObject\",\"inLanguage\":\"ro-RO\",\"@id\":\"https:\\\/\\\/urbeamea.ro\\\/albaiulia\\\/rer-vest-retim-de-sarbatori-colectarea-deseurilor-se-va-face-conform-graficelor\\\/#primaryimage\",\"url\":\"https:\\\/\\\/urbeamea.ro\\\/albaiulia\\\/wp-content\\\/uploads\\\/2022\\\/11\\\/298500467_582779110300879_2253136162720263957_n.jpg\",\"contentUrl\":\"https:\\\/\\\/urbeamea.ro\\\/albaiulia\\\/wp-content\\\/uploads\\\/2022\\\/11\\\/298500467_582779110300879_2253136162720263957_n.jpg\",\"width\":1200,\"height\":1200},{\"@type\":\"BreadcrumbList\",\"@id\":\"https:\\\/\\\/urbeamea.ro\\\/albaiulia\\\/rer-vest-retim-de-sarbatori-colectarea-deseurilor-se-va-face-conform-graficelor\\\/#breadcrumb\",\"itemListElement\":[{\"@type\":\"ListItem\",\"position\":1,\"name\":\"Prima pagin\u0103\",\"item\":\"https:\\\/\\\/urbeamea.ro\\\/albaiulia\\\/\"},{\"@type\":\"ListItem\",\"position\":2,\"name\":\"RER Vest \u2013 RETIM: De s\u0103rb\u0103tori, colectarea de\u0219eurilor se va face conform graficelor\"}]},{\"@type\":\"WebSite\",\"@id\":\"https:\\\/\\\/urbeamea.ro\\\/albaiulia\\\/#website\",\"url\":\"https:\\\/\\\/urbeamea.ro\\\/albaiulia\\\/\",\"name\":\"Revista Urbea Mea, Stiri urbane\",\"description\":\"Evenimente \u0219i \u0219tiri din Alba Iulia, Sebe\u0219, Aiud, Blaj\",\"potentialAction\":[{\"@type\":\"SearchAction\",\"target\":{\"@type\":\"EntryPoint\",\"urlTemplate\":\"https:\\\/\\\/urbeamea.ro\\\/albaiulia\\\/?s={search_term_string}\"},\"query-input\":{\"@type\":\"PropertyValueSpecification\",\"valueRequired\":true,\"valueName\":\"search_term_string\"}}],\"inLanguage\":\"ro-RO\"},{\"@type\":\"Person\",\"@id\":\"https:\\\/\\\/urbeamea.ro\\\/albaiulia\\\/#\\\/schema\\\/person\\\/272ae98052f8ee8980f59848df070247\",\"name\":\"Redac\u021bia UrbeaMea\",\"image\":{\"@type\":\"ImageObject\",\"inLanguage\":\"ro-RO\",\"@id\":\"https:\\\/\\\/secure.gravatar.com\\\/avatar\\\/9ce5a9435071fa1037e8468053ead8e513dbbff59009d3069aadb85506d85a27?s=96&d=mm&r=g\",\"url\":\"https:\\\/\\\/secure.gravatar.com\\\/avatar\\\/9ce5a9435071fa1037e8468053ead8e513dbbff59009d3069aadb85506d85a27?s=96&d=mm&r=g\",\"contentUrl\":\"https:\\\/\\\/secure.gravatar.com\\\/avatar\\\/9ce5a9435071fa1037e8468053ead8e513dbbff59009d3069aadb85506d85a27?s=96&d=mm&r=g\",\"caption\":\"Redac\u021bia UrbeaMea\"},\"description\":\"contact@urbeamea.ro\",\"sameAs\":[\"https:\\\/\\\/www.urbeamea.ro\"],\"url\":\"https:\\\/\\\/urbeamea.ro\\\/albaiulia\\\/author\\\/redactia-urbeamea\\\/\"}]}<\/script>\n<!-- \/ Yoast SEO plugin. -->","yoast_head_json":{"title":"RER Vest \u2013 RETIM: De s\u0103rb\u0103tori, colectarea de\u0219eurilor se va face conform graficelor - Revista Urbea Mea - Revista de Alba","description":"Cet\u0103\u021benii sunt ruga\u021bi s\u0103 scoat\u0103 la limita de proprietate sacii cu de\u0219euri reciclabile \u0219i pubelele negre, conform calendarelor de ridicare Asocierea RER","robots":{"index":"index","follow":"follow","max-snippet":"max-snippet:-1","max-image-preview":"max-image-preview:large","max-video-preview":"max-video-preview:-1"},"canonical":"https:\/\/urbeamea.ro\/albaiulia\/rer-vest-retim-de-sarbatori-colectarea-deseurilor-se-va-face-conform-graficelor\/","twitter_card":"summary_large_image","twitter_title":"RER Vest \u2013 RETIM: De s\u0103rb\u0103tori, colectarea de\u0219eurilor se va face conform graficelor - Revista Urbea Mea - Revista de Alba","twitter_description":"Cet\u0103\u021benii sunt ruga\u021bi s\u0103 scoat\u0103 la limita de proprietate sacii cu de\u0219euri reciclabile \u0219i pubelele negre, conform calendarelor de ridicare Asocierea RER","twitter_image":"https:\/\/urbeamea.ro\/albaiulia\/wp-content\/uploads\/2022\/11\/298500467_582779110300879_2253136162720263957_n.jpg","twitter_creator":"@urbeameaweb","twitter_site":"@urbeameaweb","schema":{"@context":"https:\/\/schema.org","@graph":[{"@type":"Article","@id":"https:\/\/urbeamea.ro\/albaiulia\/rer-vest-retim-de-sarbatori-colectarea-deseurilor-se-va-face-conform-graficelor\/#article","isPartOf":{"@id":"https:\/\/urbeamea.ro\/albaiulia\/rer-vest-retim-de-sarbatori-colectarea-deseurilor-se-va-face-conform-graficelor\/"},"author":{"name":"Redac\u021bia UrbeaMea","@id":"https:\/\/urbeamea.ro\/albaiulia\/#\/schema\/person\/272ae98052f8ee8980f59848df070247"},"headline":"RER Vest \u2013 RETIM: De s\u0103rb\u0103tori, colectarea de\u0219eurilor se va face conform graficelor","datePublished":"2023-12-20T17:12:32+00:00","dateModified":"2023-12-20T17:12:34+00:00","mainEntityOfPage":{"@id":"https:\/\/urbeamea.ro\/albaiulia\/rer-vest-retim-de-sarbatori-colectarea-deseurilor-se-va-face-conform-graficelor\/"},"wordCount":629,"commentCount":0,"image":{"@id":"https:\/\/urbeamea.ro\/albaiulia\/rer-vest-retim-de-sarbatori-colectarea-deseurilor-se-va-face-conform-graficelor\/#primaryimage"},"thumbnailUrl":"https:\/\/urbeamea.ro\/albaiulia\/wp-content\/uploads\/2022\/11\/298500467_582779110300879_2253136162720263957_n.jpg","keywords":["RER Vest"],"articleSection":["\u015etiri Urbane"],"inLanguage":"ro-RO","potentialAction":[{"@type":"CommentAction","name":"Comment","target":["https:\/\/urbeamea.ro\/albaiulia\/rer-vest-retim-de-sarbatori-colectarea-deseurilor-se-va-face-conform-graficelor\/#respond"]}]},{"@type":"WebPage","@id":"https:\/\/urbeamea.ro\/albaiulia\/rer-vest-retim-de-sarbatori-colectarea-deseurilor-se-va-face-conform-graficelor\/","url":"https:\/\/urbeamea.ro\/albaiulia\/rer-vest-retim-de-sarbatori-colectarea-deseurilor-se-va-face-conform-graficelor\/","name":"RER Vest \u2013 RETIM: De s\u0103rb\u0103tori, colectarea de\u0219eurilor se va face conform graficelor - Revista Urbea Mea - Revista de Alba","isPartOf":{"@id":"https:\/\/urbeamea.ro\/albaiulia\/#website"},"primaryImageOfPage":{"@id":"https:\/\/urbeamea.ro\/albaiulia\/rer-vest-retim-de-sarbatori-colectarea-deseurilor-se-va-face-conform-graficelor\/#primaryimage"},"image":{"@id":"https:\/\/urbeamea.ro\/albaiulia\/rer-vest-retim-de-sarbatori-colectarea-deseurilor-se-va-face-conform-graficelor\/#primaryimage"},"thumbnailUrl":"https:\/\/urbeamea.ro\/albaiulia\/wp-content\/uploads\/2022\/11\/298500467_582779110300879_2253136162720263957_n.jpg","datePublished":"2023-12-20T17:12:32+00:00","dateModified":"2023-12-20T17:12:34+00:00","author":{"@id":"https:\/\/urbeamea.ro\/albaiulia\/#\/schema\/person\/272ae98052f8ee8980f59848df070247"},"description":"Cet\u0103\u021benii sunt ruga\u021bi s\u0103 scoat\u0103 la limita de proprietate sacii cu de\u0219euri reciclabile \u0219i pubelele negre, conform calendarelor de ridicare Asocierea RER","breadcrumb":{"@id":"https:\/\/urbeamea.ro\/albaiulia\/rer-vest-retim-de-sarbatori-colectarea-deseurilor-se-va-face-conform-graficelor\/#breadcrumb"},"inLanguage":"ro-RO","potentialAction":[{"@type":"ReadAction","target":["https:\/\/urbeamea.ro\/albaiulia\/rer-vest-retim-de-sarbatori-colectarea-deseurilor-se-va-face-conform-graficelor\/"]}]},{"@type":"ImageObject","inLanguage":"ro-RO","@id":"https:\/\/urbeamea.ro\/albaiulia\/rer-vest-retim-de-sarbatori-colectarea-deseurilor-se-va-face-conform-graficelor\/#primaryimage","url":"https:\/\/urbeamea.ro\/albaiulia\/wp-content\/uploads\/2022\/11\/298500467_582779110300879_2253136162720263957_n.jpg","contentUrl":"https:\/\/urbeamea.ro\/albaiulia\/wp-content\/uploads\/2022\/11\/298500467_582779110300879_2253136162720263957_n.jpg","width":1200,"height":1200},{"@type":"BreadcrumbList","@id":"https:\/\/urbeamea.ro\/albaiulia\/rer-vest-retim-de-sarbatori-colectarea-deseurilor-se-va-face-conform-graficelor\/#breadcrumb","itemListElement":[{"@type":"ListItem","position":1,"name":"Prima pagin\u0103","item":"https:\/\/urbeamea.ro\/albaiulia\/"},{"@type":"ListItem","position":2,"name":"RER Vest \u2013 RETIM: De s\u0103rb\u0103tori, colectarea de\u0219eurilor se va face conform graficelor"}]},{"@type":"WebSite","@id":"https:\/\/urbeamea.ro\/albaiulia\/#website","url":"https:\/\/urbeamea.ro\/albaiulia\/","name":"Revista Urbea Mea, Stiri urbane","description":"Evenimente \u0219i \u0219tiri din Alba Iulia, Sebe\u0219, Aiud, Blaj","potentialAction":[{"@type":"SearchAction","target":{"@type":"EntryPoint","urlTemplate":"https:\/\/urbeamea.ro\/albaiulia\/?s={search_term_string}"},"query-input":{"@type":"PropertyValueSpecification","valueRequired":true,"valueName":"search_term_string"}}],"inLanguage":"ro-RO"},{"@type":"Person","@id":"https:\/\/urbeamea.ro\/albaiulia\/#\/schema\/person\/272ae98052f8ee8980f59848df070247","name":"Redac\u021bia UrbeaMea","image":{"@type":"ImageObject","inLanguage":"ro-RO","@id":"https:\/\/secure.gravatar.com\/avatar\/9ce5a9435071fa1037e8468053ead8e513dbbff59009d3069aadb85506d85a27?s=96&d=mm&r=g","url":"https:\/\/secure.gravatar.com\/avatar\/9ce5a9435071fa1037e8468053ead8e513dbbff59009d3069aadb85506d85a27?s=96&d=mm&r=g","contentUrl":"https:\/\/secure.gravatar.com\/avatar\/9ce5a9435071fa1037e8468053ead8e513dbbff59009d3069aadb85506d85a27?s=96&d=mm&r=g","caption":"Redac\u021bia UrbeaMea"},"description":"contact@urbeamea.ro","sameAs":["https:\/\/www.urbeamea.ro"],"url":"https:\/\/urbeamea.ro\/albaiulia\/author\/redactia-urbeamea\/"}]}},"_links":{"self":[{"href":"https:\/\/urbeamea.ro\/albaiulia\/wp-json\/wp\/v2\/posts\/109917","targetHints":{"allow":["GET"]}}],"collection":[{"href":"https:\/\/urbeamea.ro\/albaiulia\/wp-json\/wp\/v2\/posts"}],"about":[{"href":"https:\/\/urbeamea.ro\/albaiulia\/wp-json\/wp\/v2\/types\/post"}],"author":[{"embeddable":true,"href":"https:\/\/urbeamea.ro\/albaiulia\/wp-json\/wp\/v2\/users\/16"}],"replies":[{"embeddable":true,"href":"https:\/\/urbeamea.ro\/albaiulia\/wp-json\/wp\/v2\/comments?post=109917"}],"version-history":[{"count":1,"href":"https:\/\/urbeamea.ro\/albaiulia\/wp-json\/wp\/v2\/posts\/109917\/revisions"}],"predecessor-version":[{"id":109918,"href":"https:\/\/urbeamea.ro\/albaiulia\/wp-json\/wp\/v2\/posts\/109917\/revisions\/109918"}],"wp:featuredmedia":[{"embeddable":true,"href":"https:\/\/urbeamea.ro\/albaiulia\/wp-json\/wp\/v2\/media\/105099"}],"wp:attachment":[{"href":"https:\/\/urbeamea.ro\/albaiulia\/wp-json\/wp\/v2\/media?parent=109917"}],"wp:term":[{"taxonomy":"category","embeddable":true,"href":"https:\/\/urbeamea.ro\/albaiulia\/wp-json\/wp\/v2\/categories?post=109917"},{"taxonomy":"post_tag","embeddable":true,"href":"https:\/\/urbeamea.ro\/albaiulia\/wp-json\/wp\/v2\/tags?post=109917"}],"curies":[{"name":"wp","href":"https:\/\/api.w.org\/{rel}","templated":true}]}}