{"id":109919,"date":"2023-12-20T19:21:46","date_gmt":"2023-12-20T17:21:46","guid":{"rendered":"https:\/\/urbeamea.ro\/albaiulia\/?p=109919"},"modified":"2023-12-20T19:21:48","modified_gmt":"2023-12-20T17:21:48","slug":"aproape-1200-proiecte-din-regiunea-centru-au-absorbit-integral-resursele-europene-disponibile","status":"publish","type":"post","link":"https:\/\/urbeamea.ro\/albaiulia\/aproape-1200-proiecte-din-regiunea-centru-au-absorbit-integral-resursele-europene-disponibile\/","title":{"rendered":"Aproape 1200 proiecte din regiunea centru au absorbit Integral resursele europene disponibile"},"content":{"rendered":"\n<h3 class=\"wp-block-heading\"><strong>Prin activit\u0103\u021bile desf\u0103\u0219urate de ADR Centru pentru implementarea POR 2014-2020<\/strong><\/h3>\n\n\n\n<p><strong>Sf\u00e2r\u0219itul lunii decembrie 2023 reprezint\u0103 momentul \u00een care ADR Centru \u00a0\u00eencheie proiectul: \u201e<\/strong><strong>Sprijin acordat \u00een perioada 01.01.2020 \u2013 31.12.2021 pentru OI din cadrul ADR CENTRU \u00een implementarea, monitorizarea, informarea \u015fi comunicarea la nivel regional a POR 2014 \u2013 2020, respectiv pentru \u00eenchiderea POR 2007 \u2013 2013 (CF 3)<\/strong><strong>\u201d, prelungit p\u00e2n\u0103 \u00een 31.12.2023<\/strong>.<\/p>\n\n\n\n<p>Proiectul cu cod SMIS 137249 a avut ca obiectiv general asigurarea sprijinului financiar necesar Organismului Intermediar (OI) din cadrul ADR Centru pentru realizarea activit\u0103\u021bilor specifice atribu\u021biilor delegate prin Acordul-cadru de delegare a atribu\u021biilor privind implementarea POR 2014-2020. Proiectul, prin toate activit\u0103\u021bile prev\u0103zute a sprijinit implementarea transparent\u0103 \u015fi eficient\u0103 a POR, prin \u00eendeplinirea corespunz\u0103toare \u015fi la timp a tuturor atribu\u021biilor delegate de c\u0103tre Autoritatea de Management pentru Programul Opera\u021bional Regional c\u0103tre ADR Centru \u00een calitate de Organism Intermediar. Cu o valoare total\u0103 a proiectului de 81.165.152,17 lei, din care finan\u021barea nerambursabil\u0103 din FEDR a fost de 50,95%, adic\u0103 41.352.537,75 lei, prin proiect, pe parcursul celor 4 ani de realizare a proiectului au fost remunera\u021bi 85 de exper\u021bi din cadrul OI POR 2014-2020, personal implicat \u00een implementarea activit\u0103\u021bilor delegate.<\/p>\n\n\n\n<blockquote class=\"wp-block-quote is-layout-flow wp-block-quote-is-layout-flow\">\n<p>Este al doilea exerci\u021biu financiar derulat de c\u0103tre ADR Centru \u00een calitate de Organism Intermediar pentru Programul Opera\u021bional Regional. \u00cen 2007, am demarat implementarea exerci\u021biului POR 2007-2013 cu un buget de 440 milioane euro, iar \u00een 2016 am continuat cu implementarea POR 2014-2020 care a avut un buget aproape dublu. Pe parcursul acestui exerci\u021biu am avut un num\u0103r foarte mare de proiecte pe care le-am evaluat, iar gradul de absorb\u021bie al fondurilor europene nerambursabile alocate a dep\u0103\u0219it pragul de 105%. E drept c\u0103 \u00eenc\u0103 se mai v\u0103d proiecte \u00een municipii \u0219i ora\u0219e, care sunt \u00eenc\u0103 \u00een lucru pe acest program, dar rezultatele la nivelul regiunii deja au generat beneficii \u00een r\u00e2ndul cet\u0103\u021benilor. Spicuind\u00a0 din nenum\u0103ratele rezultate, a\u0219 men\u021biona c\u0103 mai mult de 1000 familii din regiune au economii la costurile cu energia prin proiectele de cre\u0219tere a eficien\u021bei energetice realizat\u0103 la blocuri, pe l\u00e2ng\u0103 cele ale autorit\u0103\u021bilor locale care au investit \u00een eficien\u021ba energetice a cl\u0103dirilor publice. \u0218coli, gr\u0103dini\u021be, cre\u0219e, dar \u0219i Universit\u0103\u021bile din Regiune, ofer\u0103 condi\u021bii mai bune de studiu, tot datorit\u0103 fondurilor alocate din acest program, iar medicii pot acum interveni de urgen\u021b\u0103 cu aparatur\u0103 de ultim\u0103 genera\u021bie. Acestea sunt doar c\u00e2teva rezulte, pe l\u00e2ng\u0103 zeci de kilometri de str\u0103zi din ora\u0219e, piste de biciclete sau autobuzele electrice pe care le-a\u021bi v\u0103zut modernizate \u00een localit\u0103\u021bi \u00een ultimii ani, sau cei peste 100 km de drumuri jude\u021bene reabilita\u021bi, care sunt tot rezultatele acestui program.<\/p>\n<cite>Simion Cre\u021bu, director general ADR Centru<\/cite><\/blockquote>\n\n\n\n<p>Pe parcursul celor aproape nou\u0103 ani de implementare a Programului Opera\u021bional Regional 2014-2020- al c\u0103rui buget a fost de 647,27 milioane euro din Fondul European de Dezvoltare Regional\u0103, la care s-au ad\u0103ugat 119,50 milioane euro cofinan\u021bare na\u021bional\u0103, rezult\u00e2nd astfel 766,77 milioane euro fonduri totale la nivelul Regiunii Centru \u2013 ADR Centru a contribuit la lansarea unui num\u0103r de 70 de apeluri de finan\u021bare pe cele 12 Axe Prioritare. Autoritatea de Management a programului a fost Ministerul Dezvolt\u0103rii, Lucr\u0103rilor Publice \u0219i Administra\u021biei. Pe aceste apeluri, poten\u021bialii beneficiari au depus 2.333 cereri de finan\u021bare, cu o valoare solicitat\u0103 de 2,82 miliarde euro, toate fiind evaluate de exper\u021bii implica\u021bi \u00een proiect. Din totalul cererilor de finan\u021bare depuse, pentru un num\u0103r de 1.191 proiecte s-au semnat contract de finan\u021bare, av\u00e2nd o valoare solicitat\u0103 1,43 miliarde euro, respectiv un grad de contractare de 186%. Din toate proiectele depuse, un num\u0103r de&nbsp; 628 de contracte cu o valoare de 364 mil euro sunt finalizate, iar 482 contracte mai sunt \u00een implementare cu o valoare solicitata de 1,018 mil euro. &nbsp;&nbsp;<\/p>\n\n\n\n<p>Bugetul solicitat de ADR Centru a asigurat realizarea corespunz\u0103toare a tuturor activit\u0103\u021bilor delegate Agen\u021biei prin Acordul-cadru privind implementarea POR 2014-2020. Pe perioada celor 4 ani de implementare ai proiectului,&nbsp; respectiv \u00eentre 01.01.2020-31.12.2023, pe l\u00e2ng\u0103 remunera\u021biile salariale, din bugetul proiectului au mai fost decontate \u0219i cheltuielile de deplasare, cazare \u0219i diurn\u0103 pentru realizarea atribu\u021biilor delegate, serviciile necesare pentru realizarea atribu\u021biilor delegate,&nbsp; materiale consumabile, piese de schimb, mobilier, echipamente, obiecte de inventar \u0219i alte active corporale \u0219i necorporale, precum \u0219i alte cheltuieli ce au asigurat func\u021bionarea ADR Centru \u00een calitate de Organism Intermediar pentru POR 2014-2020, \u00een vederea realiz\u0103rii atribu\u021biilor delegate.<\/p>\n\n\n\n<figure class=\"wp-block-gallery has-nested-images columns-3 is-cropped wp-block-gallery-1 is-layout-flex wp-block-gallery-is-layout-flex\">\n<figure class=\"wp-block-image size-large\"><a href=\"https:\/\/urbeamea.ro\/albaiulia\/wp-content\/uploads\/2023\/12\/foto-ludus.jpg\"><img loading=\"lazy\" decoding=\"async\" width=\"1280\" height=\"682\" data-id=\"109922\" src=\"https:\/\/urbeamea.ro\/albaiulia\/wp-content\/uploads\/2023\/12\/foto-ludus-1280x682.jpg\" alt=\"\" class=\"wp-image-109922\" srcset=\"https:\/\/urbeamea.ro\/albaiulia\/wp-content\/uploads\/2023\/12\/foto-ludus-1280x682.jpg 1280w, https:\/\/urbeamea.ro\/albaiulia\/wp-content\/uploads\/2023\/12\/foto-ludus-640x341.jpg 640w, https:\/\/urbeamea.ro\/albaiulia\/wp-content\/uploads\/2023\/12\/foto-ludus-150x80.jpg 150w, https:\/\/urbeamea.ro\/albaiulia\/wp-content\/uploads\/2023\/12\/foto-ludus-768x409.jpg 768w, https:\/\/urbeamea.ro\/albaiulia\/wp-content\/uploads\/2023\/12\/foto-ludus-1536x819.jpg 1536w, https:\/\/urbeamea.ro\/albaiulia\/wp-content\/uploads\/2023\/12\/foto-ludus.jpg 1600w\" sizes=\"auto, (max-width: 1280px) 100vw, 1280px\" \/><\/a><\/figure>\n\n\n\n<figure class=\"wp-block-image size-large\"><a href=\"https:\/\/urbeamea.ro\/albaiulia\/wp-content\/uploads\/2023\/12\/reabilitare-blocuri.jpg\"><img loading=\"lazy\" decoding=\"async\" width=\"1024\" height=\"579\" data-id=\"109920\" src=\"https:\/\/urbeamea.ro\/albaiulia\/wp-content\/uploads\/2023\/12\/reabilitare-blocuri.jpg\" alt=\"\" class=\"wp-image-109920\" srcset=\"https:\/\/urbeamea.ro\/albaiulia\/wp-content\/uploads\/2023\/12\/reabilitare-blocuri.jpg 1024w, https:\/\/urbeamea.ro\/albaiulia\/wp-content\/uploads\/2023\/12\/reabilitare-blocuri-640x362.jpg 640w, https:\/\/urbeamea.ro\/albaiulia\/wp-content\/uploads\/2023\/12\/reabilitare-blocuri-150x85.jpg 150w, https:\/\/urbeamea.ro\/albaiulia\/wp-content\/uploads\/2023\/12\/reabilitare-blocuri-768x434.jpg 768w, https:\/\/urbeamea.ro\/albaiulia\/wp-content\/uploads\/2023\/12\/reabilitare-blocuri-390x220.jpg 390w\" sizes=\"auto, (max-width: 1024px) 100vw, 1024px\" \/><\/a><\/figure>\n\n\n\n<figure class=\"wp-block-image size-large\"><a href=\"https:\/\/urbeamea.ro\/albaiulia\/wp-content\/uploads\/2023\/12\/ecomobilitate-sibiu.jpg\"><img loading=\"lazy\" decoding=\"async\" width=\"996\" height=\"570\" data-id=\"109921\" src=\"https:\/\/urbeamea.ro\/albaiulia\/wp-content\/uploads\/2023\/12\/ecomobilitate-sibiu.jpg\" alt=\"\" class=\"wp-image-109921\" srcset=\"https:\/\/urbeamea.ro\/albaiulia\/wp-content\/uploads\/2023\/12\/ecomobilitate-sibiu.jpg 996w, https:\/\/urbeamea.ro\/albaiulia\/wp-content\/uploads\/2023\/12\/ecomobilitate-sibiu-640x366.jpg 640w, https:\/\/urbeamea.ro\/albaiulia\/wp-content\/uploads\/2023\/12\/ecomobilitate-sibiu-150x86.jpg 150w, https:\/\/urbeamea.ro\/albaiulia\/wp-content\/uploads\/2023\/12\/ecomobilitate-sibiu-768x440.jpg 768w\" sizes=\"auto, (max-width: 996px) 100vw, 996px\" \/><\/a><\/figure>\n<\/figure>\n","protected":false},"excerpt":{"rendered":"<p>Prin activit\u0103\u021bile desf\u0103\u0219urate de ADR Centru pentru implementarea POR 2014-2020 Sf\u00e2r\u0219itul lunii decembrie 2023 reprezint\u0103 momentul \u00een care ADR Centru \u00a0\u00eencheie proiectul: \u201eSprijin acordat \u00een perioada 01.01.2020 \u2013 31.12.2021 pentru OI din cadrul ADR CENTRU \u00een implementarea, monitorizarea, informarea \u015fi comunicarea la nivel regional a POR 2014 \u2013 2020, respectiv pentru \u00eenchiderea POR 2007 \u2013 &hellip;<\/p>\n","protected":false},"author":16,"featured_media":109923,"comment_status":"open","ping_status":"open","sticky":false,"template":"","format":"standard","meta":{"inline_featured_image":false,"footnotes":""},"categories":[6663],"tags":[343],"class_list":["post-109919","post","type-post","status-publish","format-standard","has-post-thumbnail","hentry","category-economic","tag-adr-centru"],"yoast_head":"<!-- This site is optimized with the Yoast SEO plugin v27.4 - https:\/\/yoast.com\/product\/yoast-seo-wordpress\/ -->\n<title>Aproape 1200 proiecte din regiunea centru au absorbit Integral resursele europene disponibile - Revista Urbea Mea - Revista de Alba<\/title>\n<meta name=\"description\" content=\"Prin activit\u0103\u021bile desf\u0103\u0219urate de ADR Centru pentru implementarea POR 2014-2020 Sf\u00e2r\u0219itul lunii decembrie 2023 reprezint\u0103 momentul \u00een care ADR Centru\" \/>\n<meta name=\"robots\" content=\"index, follow, max-snippet:-1, max-image-preview:large, max-video-preview:-1\" \/>\n<link rel=\"canonical\" href=\"https:\/\/urbeamea.ro\/albaiulia\/aproape-1200-proiecte-din-regiunea-centru-au-absorbit-integral-resursele-europene-disponibile\/\" \/>\n<meta name=\"twitter:card\" content=\"summary_large_image\" \/>\n<meta name=\"twitter:title\" content=\"Aproape 1200 proiecte din regiunea centru au absorbit Integral resursele europene disponibile - Revista Urbea Mea - Revista de Alba\" \/>\n<meta name=\"twitter:description\" content=\"Prin activit\u0103\u021bile desf\u0103\u0219urate de ADR Centru pentru implementarea POR 2014-2020 Sf\u00e2r\u0219itul lunii decembrie 2023 reprezint\u0103 momentul \u00een care ADR Centru\" \/>\n<meta name=\"twitter:image\" content=\"https:\/\/urbeamea.ro\/albaiulia\/wp-content\/uploads\/2023\/12\/Inaugurare-Drumul-de-sub-munte.jpg\" \/>\n<meta name=\"twitter:creator\" content=\"@urbeameaweb\" \/>\n<meta name=\"twitter:site\" content=\"@urbeameaweb\" \/>\n<script type=\"application\/ld+json\" class=\"yoast-schema-graph\">{\"@context\":\"https:\\\/\\\/schema.org\",\"@graph\":[{\"@type\":\"Article\",\"@id\":\"https:\\\/\\\/urbeamea.ro\\\/albaiulia\\\/aproape-1200-proiecte-din-regiunea-centru-au-absorbit-integral-resursele-europene-disponibile\\\/#article\",\"isPartOf\":{\"@id\":\"https:\\\/\\\/urbeamea.ro\\\/albaiulia\\\/aproape-1200-proiecte-din-regiunea-centru-au-absorbit-integral-resursele-europene-disponibile\\\/\"},\"author\":{\"name\":\"Redac\u021bia UrbeaMea\",\"@id\":\"https:\\\/\\\/urbeamea.ro\\\/albaiulia\\\/#\\\/schema\\\/person\\\/272ae98052f8ee8980f59848df070247\"},\"headline\":\"Aproape 1200 proiecte din regiunea centru au absorbit Integral resursele europene disponibile\",\"datePublished\":\"2023-12-20T17:21:46+00:00\",\"dateModified\":\"2023-12-20T17:21:48+00:00\",\"mainEntityOfPage\":{\"@id\":\"https:\\\/\\\/urbeamea.ro\\\/albaiulia\\\/aproape-1200-proiecte-din-regiunea-centru-au-absorbit-integral-resursele-europene-disponibile\\\/\"},\"wordCount\":764,\"commentCount\":0,\"image\":{\"@id\":\"https:\\\/\\\/urbeamea.ro\\\/albaiulia\\\/aproape-1200-proiecte-din-regiunea-centru-au-absorbit-integral-resursele-europene-disponibile\\\/#primaryimage\"},\"thumbnailUrl\":\"https:\\\/\\\/urbeamea.ro\\\/albaiulia\\\/wp-content\\\/uploads\\\/2023\\\/12\\\/Inaugurare-Drumul-de-sub-munte.jpg\",\"keywords\":[\"ADR Centru\"],\"articleSection\":[\"Economic\"],\"inLanguage\":\"ro-RO\",\"potentialAction\":[{\"@type\":\"CommentAction\",\"name\":\"Comment\",\"target\":[\"https:\\\/\\\/urbeamea.ro\\\/albaiulia\\\/aproape-1200-proiecte-din-regiunea-centru-au-absorbit-integral-resursele-europene-disponibile\\\/#respond\"]}]},{\"@type\":\"WebPage\",\"@id\":\"https:\\\/\\\/urbeamea.ro\\\/albaiulia\\\/aproape-1200-proiecte-din-regiunea-centru-au-absorbit-integral-resursele-europene-disponibile\\\/\",\"url\":\"https:\\\/\\\/urbeamea.ro\\\/albaiulia\\\/aproape-1200-proiecte-din-regiunea-centru-au-absorbit-integral-resursele-europene-disponibile\\\/\",\"name\":\"Aproape 1200 proiecte din regiunea centru au absorbit Integral resursele europene disponibile - Revista Urbea Mea - Revista de Alba\",\"isPartOf\":{\"@id\":\"https:\\\/\\\/urbeamea.ro\\\/albaiulia\\\/#website\"},\"primaryImageOfPage\":{\"@id\":\"https:\\\/\\\/urbeamea.ro\\\/albaiulia\\\/aproape-1200-proiecte-din-regiunea-centru-au-absorbit-integral-resursele-europene-disponibile\\\/#primaryimage\"},\"image\":{\"@id\":\"https:\\\/\\\/urbeamea.ro\\\/albaiulia\\\/aproape-1200-proiecte-din-regiunea-centru-au-absorbit-integral-resursele-europene-disponibile\\\/#primaryimage\"},\"thumbnailUrl\":\"https:\\\/\\\/urbeamea.ro\\\/albaiulia\\\/wp-content\\\/uploads\\\/2023\\\/12\\\/Inaugurare-Drumul-de-sub-munte.jpg\",\"datePublished\":\"2023-12-20T17:21:46+00:00\",\"dateModified\":\"2023-12-20T17:21:48+00:00\",\"author\":{\"@id\":\"https:\\\/\\\/urbeamea.ro\\\/albaiulia\\\/#\\\/schema\\\/person\\\/272ae98052f8ee8980f59848df070247\"},\"description\":\"Prin activit\u0103\u021bile desf\u0103\u0219urate de ADR Centru pentru implementarea POR 2014-2020 Sf\u00e2r\u0219itul lunii decembrie 2023 reprezint\u0103 momentul \u00een care ADR Centru\",\"breadcrumb\":{\"@id\":\"https:\\\/\\\/urbeamea.ro\\\/albaiulia\\\/aproape-1200-proiecte-din-regiunea-centru-au-absorbit-integral-resursele-europene-disponibile\\\/#breadcrumb\"},\"inLanguage\":\"ro-RO\",\"potentialAction\":[{\"@type\":\"ReadAction\",\"target\":[\"https:\\\/\\\/urbeamea.ro\\\/albaiulia\\\/aproape-1200-proiecte-din-regiunea-centru-au-absorbit-integral-resursele-europene-disponibile\\\/\"]}]},{\"@type\":\"ImageObject\",\"inLanguage\":\"ro-RO\",\"@id\":\"https:\\\/\\\/urbeamea.ro\\\/albaiulia\\\/aproape-1200-proiecte-din-regiunea-centru-au-absorbit-integral-resursele-europene-disponibile\\\/#primaryimage\",\"url\":\"https:\\\/\\\/urbeamea.ro\\\/albaiulia\\\/wp-content\\\/uploads\\\/2023\\\/12\\\/Inaugurare-Drumul-de-sub-munte.jpg\",\"contentUrl\":\"https:\\\/\\\/urbeamea.ro\\\/albaiulia\\\/wp-content\\\/uploads\\\/2023\\\/12\\\/Inaugurare-Drumul-de-sub-munte.jpg\",\"width\":1774,\"height\":1154},{\"@type\":\"BreadcrumbList\",\"@id\":\"https:\\\/\\\/urbeamea.ro\\\/albaiulia\\\/aproape-1200-proiecte-din-regiunea-centru-au-absorbit-integral-resursele-europene-disponibile\\\/#breadcrumb\",\"itemListElement\":[{\"@type\":\"ListItem\",\"position\":1,\"name\":\"Prima pagin\u0103\",\"item\":\"https:\\\/\\\/urbeamea.ro\\\/albaiulia\\\/\"},{\"@type\":\"ListItem\",\"position\":2,\"name\":\"Aproape 1200 proiecte din regiunea centru au absorbit Integral resursele europene disponibile\"}]},{\"@type\":\"WebSite\",\"@id\":\"https:\\\/\\\/urbeamea.ro\\\/albaiulia\\\/#website\",\"url\":\"https:\\\/\\\/urbeamea.ro\\\/albaiulia\\\/\",\"name\":\"Revista Urbea Mea, Stiri urbane\",\"description\":\"Evenimente \u0219i \u0219tiri din Alba Iulia, Sebe\u0219, Aiud, Blaj\",\"potentialAction\":[{\"@type\":\"SearchAction\",\"target\":{\"@type\":\"EntryPoint\",\"urlTemplate\":\"https:\\\/\\\/urbeamea.ro\\\/albaiulia\\\/?s={search_term_string}\"},\"query-input\":{\"@type\":\"PropertyValueSpecification\",\"valueRequired\":true,\"valueName\":\"search_term_string\"}}],\"inLanguage\":\"ro-RO\"},{\"@type\":\"Person\",\"@id\":\"https:\\\/\\\/urbeamea.ro\\\/albaiulia\\\/#\\\/schema\\\/person\\\/272ae98052f8ee8980f59848df070247\",\"name\":\"Redac\u021bia UrbeaMea\",\"image\":{\"@type\":\"ImageObject\",\"inLanguage\":\"ro-RO\",\"@id\":\"https:\\\/\\\/secure.gravatar.com\\\/avatar\\\/9ce5a9435071fa1037e8468053ead8e513dbbff59009d3069aadb85506d85a27?s=96&d=mm&r=g\",\"url\":\"https:\\\/\\\/secure.gravatar.com\\\/avatar\\\/9ce5a9435071fa1037e8468053ead8e513dbbff59009d3069aadb85506d85a27?s=96&d=mm&r=g\",\"contentUrl\":\"https:\\\/\\\/secure.gravatar.com\\\/avatar\\\/9ce5a9435071fa1037e8468053ead8e513dbbff59009d3069aadb85506d85a27?s=96&d=mm&r=g\",\"caption\":\"Redac\u021bia UrbeaMea\"},\"description\":\"contact@urbeamea.ro\",\"sameAs\":[\"https:\\\/\\\/www.urbeamea.ro\"],\"url\":\"https:\\\/\\\/urbeamea.ro\\\/albaiulia\\\/author\\\/redactia-urbeamea\\\/\"}]}<\/script>\n<!-- \/ Yoast SEO plugin. -->","yoast_head_json":{"title":"Aproape 1200 proiecte din regiunea centru au absorbit Integral resursele europene disponibile - Revista Urbea Mea - Revista de Alba","description":"Prin activit\u0103\u021bile desf\u0103\u0219urate de ADR Centru pentru implementarea POR 2014-2020 Sf\u00e2r\u0219itul lunii decembrie 2023 reprezint\u0103 momentul \u00een care ADR Centru","robots":{"index":"index","follow":"follow","max-snippet":"max-snippet:-1","max-image-preview":"max-image-preview:large","max-video-preview":"max-video-preview:-1"},"canonical":"https:\/\/urbeamea.ro\/albaiulia\/aproape-1200-proiecte-din-regiunea-centru-au-absorbit-integral-resursele-europene-disponibile\/","twitter_card":"summary_large_image","twitter_title":"Aproape 1200 proiecte din regiunea centru au absorbit Integral resursele europene disponibile - Revista Urbea Mea - Revista de Alba","twitter_description":"Prin activit\u0103\u021bile desf\u0103\u0219urate de ADR Centru pentru implementarea POR 2014-2020 Sf\u00e2r\u0219itul lunii decembrie 2023 reprezint\u0103 momentul \u00een care ADR Centru","twitter_image":"https:\/\/urbeamea.ro\/albaiulia\/wp-content\/uploads\/2023\/12\/Inaugurare-Drumul-de-sub-munte.jpg","twitter_creator":"@urbeameaweb","twitter_site":"@urbeameaweb","schema":{"@context":"https:\/\/schema.org","@graph":[{"@type":"Article","@id":"https:\/\/urbeamea.ro\/albaiulia\/aproape-1200-proiecte-din-regiunea-centru-au-absorbit-integral-resursele-europene-disponibile\/#article","isPartOf":{"@id":"https:\/\/urbeamea.ro\/albaiulia\/aproape-1200-proiecte-din-regiunea-centru-au-absorbit-integral-resursele-europene-disponibile\/"},"author":{"name":"Redac\u021bia UrbeaMea","@id":"https:\/\/urbeamea.ro\/albaiulia\/#\/schema\/person\/272ae98052f8ee8980f59848df070247"},"headline":"Aproape 1200 proiecte din regiunea centru au absorbit Integral resursele europene disponibile","datePublished":"2023-12-20T17:21:46+00:00","dateModified":"2023-12-20T17:21:48+00:00","mainEntityOfPage":{"@id":"https:\/\/urbeamea.ro\/albaiulia\/aproape-1200-proiecte-din-regiunea-centru-au-absorbit-integral-resursele-europene-disponibile\/"},"wordCount":764,"commentCount":0,"image":{"@id":"https:\/\/urbeamea.ro\/albaiulia\/aproape-1200-proiecte-din-regiunea-centru-au-absorbit-integral-resursele-europene-disponibile\/#primaryimage"},"thumbnailUrl":"https:\/\/urbeamea.ro\/albaiulia\/wp-content\/uploads\/2023\/12\/Inaugurare-Drumul-de-sub-munte.jpg","keywords":["ADR Centru"],"articleSection":["Economic"],"inLanguage":"ro-RO","potentialAction":[{"@type":"CommentAction","name":"Comment","target":["https:\/\/urbeamea.ro\/albaiulia\/aproape-1200-proiecte-din-regiunea-centru-au-absorbit-integral-resursele-europene-disponibile\/#respond"]}]},{"@type":"WebPage","@id":"https:\/\/urbeamea.ro\/albaiulia\/aproape-1200-proiecte-din-regiunea-centru-au-absorbit-integral-resursele-europene-disponibile\/","url":"https:\/\/urbeamea.ro\/albaiulia\/aproape-1200-proiecte-din-regiunea-centru-au-absorbit-integral-resursele-europene-disponibile\/","name":"Aproape 1200 proiecte din regiunea centru au absorbit Integral resursele europene disponibile - Revista Urbea Mea - Revista de Alba","isPartOf":{"@id":"https:\/\/urbeamea.ro\/albaiulia\/#website"},"primaryImageOfPage":{"@id":"https:\/\/urbeamea.ro\/albaiulia\/aproape-1200-proiecte-din-regiunea-centru-au-absorbit-integral-resursele-europene-disponibile\/#primaryimage"},"image":{"@id":"https:\/\/urbeamea.ro\/albaiulia\/aproape-1200-proiecte-din-regiunea-centru-au-absorbit-integral-resursele-europene-disponibile\/#primaryimage"},"thumbnailUrl":"https:\/\/urbeamea.ro\/albaiulia\/wp-content\/uploads\/2023\/12\/Inaugurare-Drumul-de-sub-munte.jpg","datePublished":"2023-12-20T17:21:46+00:00","dateModified":"2023-12-20T17:21:48+00:00","author":{"@id":"https:\/\/urbeamea.ro\/albaiulia\/#\/schema\/person\/272ae98052f8ee8980f59848df070247"},"description":"Prin activit\u0103\u021bile desf\u0103\u0219urate de ADR Centru pentru implementarea POR 2014-2020 Sf\u00e2r\u0219itul lunii decembrie 2023 reprezint\u0103 momentul \u00een care ADR Centru","breadcrumb":{"@id":"https:\/\/urbeamea.ro\/albaiulia\/aproape-1200-proiecte-din-regiunea-centru-au-absorbit-integral-resursele-europene-disponibile\/#breadcrumb"},"inLanguage":"ro-RO","potentialAction":[{"@type":"ReadAction","target":["https:\/\/urbeamea.ro\/albaiulia\/aproape-1200-proiecte-din-regiunea-centru-au-absorbit-integral-resursele-europene-disponibile\/"]}]},{"@type":"ImageObject","inLanguage":"ro-RO","@id":"https:\/\/urbeamea.ro\/albaiulia\/aproape-1200-proiecte-din-regiunea-centru-au-absorbit-integral-resursele-europene-disponibile\/#primaryimage","url":"https:\/\/urbeamea.ro\/albaiulia\/wp-content\/uploads\/2023\/12\/Inaugurare-Drumul-de-sub-munte.jpg","contentUrl":"https:\/\/urbeamea.ro\/albaiulia\/wp-content\/uploads\/2023\/12\/Inaugurare-Drumul-de-sub-munte.jpg","width":1774,"height":1154},{"@type":"BreadcrumbList","@id":"https:\/\/urbeamea.ro\/albaiulia\/aproape-1200-proiecte-din-regiunea-centru-au-absorbit-integral-resursele-europene-disponibile\/#breadcrumb","itemListElement":[{"@type":"ListItem","position":1,"name":"Prima pagin\u0103","item":"https:\/\/urbeamea.ro\/albaiulia\/"},{"@type":"ListItem","position":2,"name":"Aproape 1200 proiecte din regiunea centru au absorbit Integral resursele europene disponibile"}]},{"@type":"WebSite","@id":"https:\/\/urbeamea.ro\/albaiulia\/#website","url":"https:\/\/urbeamea.ro\/albaiulia\/","name":"Revista Urbea Mea, Stiri urbane","description":"Evenimente \u0219i \u0219tiri din Alba Iulia, Sebe\u0219, Aiud, Blaj","potentialAction":[{"@type":"SearchAction","target":{"@type":"EntryPoint","urlTemplate":"https:\/\/urbeamea.ro\/albaiulia\/?s={search_term_string}"},"query-input":{"@type":"PropertyValueSpecification","valueRequired":true,"valueName":"search_term_string"}}],"inLanguage":"ro-RO"},{"@type":"Person","@id":"https:\/\/urbeamea.ro\/albaiulia\/#\/schema\/person\/272ae98052f8ee8980f59848df070247","name":"Redac\u021bia UrbeaMea","image":{"@type":"ImageObject","inLanguage":"ro-RO","@id":"https:\/\/secure.gravatar.com\/avatar\/9ce5a9435071fa1037e8468053ead8e513dbbff59009d3069aadb85506d85a27?s=96&d=mm&r=g","url":"https:\/\/secure.gravatar.com\/avatar\/9ce5a9435071fa1037e8468053ead8e513dbbff59009d3069aadb85506d85a27?s=96&d=mm&r=g","contentUrl":"https:\/\/secure.gravatar.com\/avatar\/9ce5a9435071fa1037e8468053ead8e513dbbff59009d3069aadb85506d85a27?s=96&d=mm&r=g","caption":"Redac\u021bia UrbeaMea"},"description":"contact@urbeamea.ro","sameAs":["https:\/\/www.urbeamea.ro"],"url":"https:\/\/urbeamea.ro\/albaiulia\/author\/redactia-urbeamea\/"}]}},"_links":{"self":[{"href":"https:\/\/urbeamea.ro\/albaiulia\/wp-json\/wp\/v2\/posts\/109919","targetHints":{"allow":["GET"]}}],"collection":[{"href":"https:\/\/urbeamea.ro\/albaiulia\/wp-json\/wp\/v2\/posts"}],"about":[{"href":"https:\/\/urbeamea.ro\/albaiulia\/wp-json\/wp\/v2\/types\/post"}],"author":[{"embeddable":true,"href":"https:\/\/urbeamea.ro\/albaiulia\/wp-json\/wp\/v2\/users\/16"}],"replies":[{"embeddable":true,"href":"https:\/\/urbeamea.ro\/albaiulia\/wp-json\/wp\/v2\/comments?post=109919"}],"version-history":[{"count":1,"href":"https:\/\/urbeamea.ro\/albaiulia\/wp-json\/wp\/v2\/posts\/109919\/revisions"}],"predecessor-version":[{"id":109924,"href":"https:\/\/urbeamea.ro\/albaiulia\/wp-json\/wp\/v2\/posts\/109919\/revisions\/109924"}],"wp:featuredmedia":[{"embeddable":true,"href":"https:\/\/urbeamea.ro\/albaiulia\/wp-json\/wp\/v2\/media\/109923"}],"wp:attachment":[{"href":"https:\/\/urbeamea.ro\/albaiulia\/wp-json\/wp\/v2\/media?parent=109919"}],"wp:term":[{"taxonomy":"category","embeddable":true,"href":"https:\/\/urbeamea.ro\/albaiulia\/wp-json\/wp\/v2\/categories?post=109919"},{"taxonomy":"post_tag","embeddable":true,"href":"https:\/\/urbeamea.ro\/albaiulia\/wp-json\/wp\/v2\/tags?post=109919"}],"curies":[{"name":"wp","href":"https:\/\/api.w.org\/{rel}","templated":true}]}}