{"id":109932,"date":"2023-12-21T20:38:11","date_gmt":"2023-12-21T18:38:11","guid":{"rendered":"https:\/\/urbeamea.ro\/albaiulia\/?p=109932"},"modified":"2023-12-21T20:38:13","modified_gmt":"2023-12-21T18:38:13","slug":"exponatul-lunii-decembrie-2023-la-muzeul-municipal-ioan-raica-sebes","status":"publish","type":"post","link":"https:\/\/urbeamea.ro\/albaiulia\/exponatul-lunii-decembrie-2023-la-muzeul-municipal-ioan-raica-sebes\/","title":{"rendered":"Exponatul lunii decembrie 2023 la Muzeul Municipal \u201eIoan Raica&#8221; Sebe\u015f"},"content":{"rendered":"\n<p>Petru Maior, \u201eIstoria pentru \u00eenceputul rom\u00e2nilor \u00een Dachia&#8221;, carte veche rom\u00e2neasc\u0103 ap\u0103rut\u0103 la Buda \u00een anul 1812<\/p>\n\n\n\n<p>\u00cen colec\u021biile Muzeului Municipal \u201eIoan Raica&#8221; din Sebe\u015f se p\u0103streaz\u0103 un exemplar al lucr\u0103rii \u201eIstoria pentru \u00eenceputul rom\u00e2nilor \u00een Dachia&#8221;, scris\u0103 de ilustrul reprezentant al \u0218colii Ardelene, Petru Maior. Cartea, tip\u0103rit\u0103 \u00een limba rom\u00e2n\u0103 cu litere chirilice, are 340 pagini \u015fi p\u0103streaz\u0103 pe pagina de titlu c\u00e2teva \u00eensemn\u0103ri f\u0103cute de primul proprietar al c\u0103r\u021bii. \u00cen completarea titlului tip\u0103rit al lucr\u0103rii, \u201eIstoria pentru \u00eenceputul rom\u00e2nilor \u00een Dachia&#8221;, acesta a ad\u0103ugat olograf \u201esi en Ardialu&#8221;, iar deasupra locului apari\u021biei lucr\u0103rii, \u0219i-a f\u0103cut cunoscut\u0103 identitatea, \u201eIoanu Kornya parochu greco Katolicu&#8221; \u00eensemnare sub care a notat \u201e1854 Anu si luna lui Februar 16&#8243;.<\/p>\n\n\n\n<p>Revenind la autorul lucr\u0103rii, Petru Maior (cca. 1756-1821) este originar dintr-o familie de mici nobili din T\u00e2rn\u0103veni. N\u0103scut \u00een jurul anului 1756, a fost istoric, filolog \u0219i scriitor rom\u00e2n transilv\u0103nean, reprezentant de frunte al \u0218colii Ardelene. Dup\u0103 studii gimnaziale la T\u00e2rgu Mure\u0219 \u0219i Blaj, a urmat filosofia \u0219i teologia la Colegiul \u201eDe Propaganda Fide&#8221; din Roma, \u00eentre 1774 \u015fi 1779, iar apoi dreptul, la Universitatea din Viena (1779-1780). A fost profesor la gimnaziul din Blaj, \u00eentre 1780 \u015fi 1785, apoi protopop al Gurghiului \u015fi, ulterior, p\u00e2n\u0103 la moartea sa \u00een 1821, revizor \u015fi corector al c\u0103r\u021bilor rom\u00e2ne\u0219ti la tipografia de la Buda. Important sus\u021bin\u0103tor al drepturilor rom\u00e2nilor Transilv\u0103neni, a participat la redactarea \u201eSupplex Libellus Valachorum&#8221; (1792). A publicat o serie de lucr\u0103ri teologice, istorice, filologice, printre care \u015fi \u201eIstoria pentru \u00eenceputul rom\u00e2nilor \u00een Dachia&#8221;, tip\u0103rit\u0103 la Buda \u00een anul 1812, lucrare desemnat\u0103 exponatul lunii decembrie la Muzeul Municipal \u201eIoan Raica&#8221; Sebe\u015f.<\/p>\n\n\n\n<p>Originea poporului rom\u00e2n este prima problem\u0103 pe care Petru Maior a abordat-o \u00een aceast\u0103 lucrare. Evenimentele anterioare cuceririi Daciei de c\u0103tre romani \u015fi&nbsp;r\u0103zboaiele&nbsp;dintre Decebal \u015fi Traian au fost tratate succint. \u00centruc\u00e2t obiectivul s\u0103u a fost demonstrarea originii pur romane a poporului rom\u00e2n \u015fi a latinit\u0103\u021bii limbii rom\u00e2ne, pentru Maior se impunea sus\u021binerea ideii extermin\u0103rii dacilor \u00een timpul r\u0103zboaielor daco-romane. A scris apoi despre romanii din Dacia, abord\u00e2nd rela\u021biile lor cu \u201ebarbarii&#8221;, organizarea politic\u0103 a acestora etc.A analizat apoi perioada istoric\u0103 zbuciumat\u0103 care a debutat odat\u0103 cu secolul al III-lea, c\u00e2nd a \u00eenceput migra\u021bia popoarelor \u015fi care s-a \u00eencheiat odat\u0103 cu apari\u021bia \u021a\u0103rilor Rom\u00e2ne. \u00cen aceast\u0103 parte a lucr\u0103rii, Maior a \u00eencercat s\u0103 identifice perioade \u00een care autohtonii au cunoscut o real\u0103 independent\u0103. Nu a neglijat nici rela\u021biile rom\u00e2no-ungare, vorbind \u00eens\u0103 \u00een termeni de-a dreptul peiorativi despre principala sur\u0103 istoric\u0103 ungar\u0103, \u201eGesta Hungarorum&#8221;, \u015fi despre autorul acesteia. Ultimele capitole ale lucr\u0103rii le-a dedicat istoriei rom\u00e2nilor din sudul Dun\u0103rii.<\/p>\n\n\n\n<p>Problema fundamental\u0103 a istoriei noastre medievale a fost continuitatea poporului rom\u00e2n pe teritoriul pe care-l locuie\u0219te \u00een prezent \u015fi, cu toate c\u0103 p\u00e2n\u0103 spre sf\u00e2r\u0219itul secolului al XVIII-lea, c\u00e2nd rom\u00e2nii din Transilvania au \u00eenceput s\u0103 cear\u0103 drepturi politice egale cu celelalte popoare ale Imperiului Habsburgic, istoricii str\u0103ini au recunoscut originea latin\u0103 a limbii \u015fi romanitatea poporului rom\u00e2n, pentru a le contesta cererile, o serie de istorici ca Iosif Eder, Franz Sulzer, Johann Christian von Engel \u0219.a. care, al\u0103turi de oameni politici ai timpului, au contestat formarea \u015fi continuitatea lui pe teritoriul vechii Dacii, sus\u021bin\u00e2nd c\u0103 rom\u00e2nii s-au format la sudul Dun\u0103rii \u015fi au trecut la nord de fluviu \u015fi \u00een special \u00een Transilvania abia \u00een secolele XII-XIII, dup\u0103 venirea ungurilor.<\/p>\n\n\n\n<p>Animat de iubirea pentru neamul din care face parte, Petru Maior&nbsp;a realizat&nbsp;o istorie a tuturor rom\u00e2nilor p\u00e2n\u0103 \u00een secolul al XIII-lea, \u00eens\u0103 nu una politic\u0103 \u00een care cronologia evenimentelor s\u0103 fie riguros respectat\u0103, ci, mai degrab\u0103, o istorie&nbsp;a problemelor pe care le-a ridicat formarea poporului rom\u00e2n&nbsp;\u015fi a&nbsp;drepturilor pe care acesta ar fi trebuit s\u0103 le aib\u0103. De aceea nu a respectat rigorile \u0219tiin\u021bei istorice, lucrarea dezvolt\u00e2ndu-se \u00een&nbsp;func\u021bie&nbsp;de&nbsp;necesit\u0103\u021bile&nbsp;pe care le impunea combaterea teoriilor celor care negau drepturile rom\u00e2nilor.<\/p>\n\n\n\n<p>Prin lucrarea \u201eIstoria pentru \u00eenceputul rom\u00e2nilor \u00een Dachia&#8221;, Petru Maior r\u0103m\u00e2ne primul mare polemist din istoria culturii noastre, cartea cuprinz\u00e2nd pagini de critic\u0103 \u015fi adev\u0103rate demonstra\u021bii de subtilitate \u015fi abilitate. Comite&nbsp;exager\u0103ri,&nbsp;dar ele sunt explicabile pe de-o parte prin stadiul&nbsp;cercet\u0103rii&nbsp;istorice al vremii sale, iar pe de alt\u0103 parte prin scopul pe care \u015fi l-a asumat, de a combate teoriile adversarilor. Aceste lucruri l-au determinat&nbsp;s\u0103 dep\u0103\u0219easc\u0103&nbsp;\u00een anumite situa\u021bii limitele adev\u0103rului, f\u0103r\u0103 a gre\u0219i \u00eens\u0103 \u00een problemele&nbsp;esen\u021biale&nbsp;ale istoriei Evului Mediu rom\u00e2nesc.<\/p>\n\n\n\n<p>Un alt merit al s\u0103u a fost \u015fi faptul c\u0103 a \u0219tiut cum s\u0103-\u015fi expun\u0103 ideile, c\u0103rora le-a dat o form\u0103 menit\u0103 s\u0103 nu \u0219ocheze oficialit\u0103\u021bile, evit\u00e2nd astfel \u00eempiedicarea public\u0103rii lucr\u0103rii sale. A \u00eenv\u0103\u021bat din p\u0103\u021bania prietenului s\u0103u Gheorghe \u015eincai, a c\u0103rui lucrare, \u201eHronicul rom\u00e2nilor \u015fi a mai multor neamuri&#8221;, de\u0219i mult mai bine documentat\u0103 dec\u00e2t a sa, a fost respins\u0103 de cenzura care a dat o sentin\u021b\u0103 clar\u0103 \u201eOpus igne, autor patibui digne&#8221;! (Cartea este demn\u0103 de foc, autorul de sp\u00e2nzur\u0103toare). I-a ridiculizat pe adversarii poporului rom\u00e2n, devoal\u00e2ndu-le superficialitatea \u015fi reaua credin\u021b\u0103 p\u0103str\u00e2nd \u00eens\u0103 respectul fa\u021b\u0103 de autoritatea politic\u0103 a vremii, astfel c\u0103 lucrarea lui a v\u0103zut lumina tiparului \u015fi a fost difuzat\u0103, r\u0103sp\u00e2ndind ideile sale, care nu erau altceva dec\u00e2t argumente \u00een justificarea drepturilor politice ale rom\u00e2nilor din Transilvania, contribuind astfel la formarea con\u0219tiin\u021bei de neam \u015fi a ideii de continuitate \u015fi unitate a poporului rom\u00e2n.<\/p>\n\n\n\n<p>Exemplarul din \u201eIstoria pentru \u00eenceputul rom\u00e2nilor \u00een Dachia&#8221;, de\u021binut de Muzeul Municipal \u201eIoan Raica&#8221; Sebe\u015f, provine din Biblioteca familiei Bena din Pianu de Jos, de unde a fost adus \u00een 16 martie 1958, \u015fi poate fi admirat ca exponat al lunii decembrie \u00een cadrul unei mici expozi\u021bii organizate cu acest prilej.<\/p>\n","protected":false},"excerpt":{"rendered":"<p>Petru Maior, \u201eIstoria pentru \u00eenceputul rom\u00e2nilor \u00een Dachia&#8221;, carte veche rom\u00e2neasc\u0103 ap\u0103rut\u0103 la Buda \u00een anul 1812 \u00cen colec\u021biile Muzeului Municipal \u201eIoan Raica&#8221; din Sebe\u015f se p\u0103streaz\u0103 un exemplar al lucr\u0103rii \u201eIstoria pentru \u00eenceputul rom\u00e2nilor \u00een Dachia&#8221;, scris\u0103 de ilustrul reprezentant al \u0218colii Ardelene, Petru Maior. Cartea, tip\u0103rit\u0103 \u00een limba rom\u00e2n\u0103 cu litere chirilice, are &hellip;<\/p>\n","protected":false},"author":16,"featured_media":109933,"comment_status":"open","ping_status":"open","sticky":false,"template":"","format":"standard","meta":{"inline_featured_image":false,"footnotes":""},"categories":[4],"tags":[],"class_list":["post-109932","post","type-post","status-publish","format-standard","has-post-thumbnail","hentry","category-eveniment"],"yoast_head":"<!-- This site is optimized with the Yoast SEO plugin v27.4 - https:\/\/yoast.com\/product\/yoast-seo-wordpress\/ -->\n<title>Exponatul lunii decembrie 2023 la Muzeul Municipal \u201eIoan Raica&quot; Sebe\u015f - Revista Urbea Mea - Revista de Alba<\/title>\n<meta name=\"description\" content=\"Petru Maior, \u201eIstoria pentru \u00eenceputul rom\u00e2nilor \u00een Dachia&quot;, carte veche rom\u00e2neasc\u0103 ap\u0103rut\u0103 la Buda \u00een anul 1812 \u00cen colec\u021biile Muzeului Municipal \u201eIoan\" \/>\n<meta name=\"robots\" content=\"index, follow, max-snippet:-1, max-image-preview:large, max-video-preview:-1\" \/>\n<link rel=\"canonical\" href=\"https:\/\/urbeamea.ro\/albaiulia\/exponatul-lunii-decembrie-2023-la-muzeul-municipal-ioan-raica-sebes\/\" \/>\n<meta name=\"twitter:card\" content=\"summary_large_image\" \/>\n<meta name=\"twitter:title\" content=\"Exponatul lunii decembrie 2023 la Muzeul Municipal \u201eIoan Raica&quot; Sebe\u015f - Revista Urbea Mea - Revista de Alba\" \/>\n<meta name=\"twitter:description\" content=\"Petru Maior, \u201eIstoria pentru \u00eenceputul rom\u00e2nilor \u00een Dachia&quot;, carte veche rom\u00e2neasc\u0103 ap\u0103rut\u0103 la Buda \u00een anul 1812 \u00cen colec\u021biile Muzeului Municipal \u201eIoan\" \/>\n<meta name=\"twitter:image\" content=\"https:\/\/urbeamea.ro\/albaiulia\/wp-content\/uploads\/2023\/12\/P-Maior_Istoria.jpg\" \/>\n<meta name=\"twitter:creator\" content=\"@urbeameaweb\" \/>\n<meta name=\"twitter:site\" content=\"@urbeameaweb\" \/>\n<script type=\"application\/ld+json\" class=\"yoast-schema-graph\">{\"@context\":\"https:\\\/\\\/schema.org\",\"@graph\":[{\"@type\":\"Article\",\"@id\":\"https:\\\/\\\/urbeamea.ro\\\/albaiulia\\\/exponatul-lunii-decembrie-2023-la-muzeul-municipal-ioan-raica-sebes\\\/#article\",\"isPartOf\":{\"@id\":\"https:\\\/\\\/urbeamea.ro\\\/albaiulia\\\/exponatul-lunii-decembrie-2023-la-muzeul-municipal-ioan-raica-sebes\\\/\"},\"author\":{\"name\":\"Redac\u021bia UrbeaMea\",\"@id\":\"https:\\\/\\\/urbeamea.ro\\\/albaiulia\\\/#\\\/schema\\\/person\\\/272ae98052f8ee8980f59848df070247\"},\"headline\":\"Exponatul lunii decembrie 2023 la Muzeul Municipal \u201eIoan Raica&#8221; Sebe\u015f\",\"datePublished\":\"2023-12-21T18:38:11+00:00\",\"dateModified\":\"2023-12-21T18:38:13+00:00\",\"mainEntityOfPage\":{\"@id\":\"https:\\\/\\\/urbeamea.ro\\\/albaiulia\\\/exponatul-lunii-decembrie-2023-la-muzeul-municipal-ioan-raica-sebes\\\/\"},\"wordCount\":1065,\"commentCount\":0,\"image\":{\"@id\":\"https:\\\/\\\/urbeamea.ro\\\/albaiulia\\\/exponatul-lunii-decembrie-2023-la-muzeul-municipal-ioan-raica-sebes\\\/#primaryimage\"},\"thumbnailUrl\":\"https:\\\/\\\/urbeamea.ro\\\/albaiulia\\\/wp-content\\\/uploads\\\/2023\\\/12\\\/P-Maior_Istoria.jpg\",\"articleSection\":[\"Evenimente\"],\"inLanguage\":\"ro-RO\",\"potentialAction\":[{\"@type\":\"CommentAction\",\"name\":\"Comment\",\"target\":[\"https:\\\/\\\/urbeamea.ro\\\/albaiulia\\\/exponatul-lunii-decembrie-2023-la-muzeul-municipal-ioan-raica-sebes\\\/#respond\"]}]},{\"@type\":\"WebPage\",\"@id\":\"https:\\\/\\\/urbeamea.ro\\\/albaiulia\\\/exponatul-lunii-decembrie-2023-la-muzeul-municipal-ioan-raica-sebes\\\/\",\"url\":\"https:\\\/\\\/urbeamea.ro\\\/albaiulia\\\/exponatul-lunii-decembrie-2023-la-muzeul-municipal-ioan-raica-sebes\\\/\",\"name\":\"Exponatul lunii decembrie 2023 la Muzeul Municipal \u201eIoan Raica\\\" Sebe\u015f - Revista Urbea Mea - Revista de Alba\",\"isPartOf\":{\"@id\":\"https:\\\/\\\/urbeamea.ro\\\/albaiulia\\\/#website\"},\"primaryImageOfPage\":{\"@id\":\"https:\\\/\\\/urbeamea.ro\\\/albaiulia\\\/exponatul-lunii-decembrie-2023-la-muzeul-municipal-ioan-raica-sebes\\\/#primaryimage\"},\"image\":{\"@id\":\"https:\\\/\\\/urbeamea.ro\\\/albaiulia\\\/exponatul-lunii-decembrie-2023-la-muzeul-municipal-ioan-raica-sebes\\\/#primaryimage\"},\"thumbnailUrl\":\"https:\\\/\\\/urbeamea.ro\\\/albaiulia\\\/wp-content\\\/uploads\\\/2023\\\/12\\\/P-Maior_Istoria.jpg\",\"datePublished\":\"2023-12-21T18:38:11+00:00\",\"dateModified\":\"2023-12-21T18:38:13+00:00\",\"author\":{\"@id\":\"https:\\\/\\\/urbeamea.ro\\\/albaiulia\\\/#\\\/schema\\\/person\\\/272ae98052f8ee8980f59848df070247\"},\"description\":\"Petru Maior, \u201eIstoria pentru \u00eenceputul rom\u00e2nilor \u00een Dachia\\\", carte veche rom\u00e2neasc\u0103 ap\u0103rut\u0103 la Buda \u00een anul 1812 \u00cen colec\u021biile Muzeului Municipal \u201eIoan\",\"breadcrumb\":{\"@id\":\"https:\\\/\\\/urbeamea.ro\\\/albaiulia\\\/exponatul-lunii-decembrie-2023-la-muzeul-municipal-ioan-raica-sebes\\\/#breadcrumb\"},\"inLanguage\":\"ro-RO\",\"potentialAction\":[{\"@type\":\"ReadAction\",\"target\":[\"https:\\\/\\\/urbeamea.ro\\\/albaiulia\\\/exponatul-lunii-decembrie-2023-la-muzeul-municipal-ioan-raica-sebes\\\/\"]}]},{\"@type\":\"ImageObject\",\"inLanguage\":\"ro-RO\",\"@id\":\"https:\\\/\\\/urbeamea.ro\\\/albaiulia\\\/exponatul-lunii-decembrie-2023-la-muzeul-municipal-ioan-raica-sebes\\\/#primaryimage\",\"url\":\"https:\\\/\\\/urbeamea.ro\\\/albaiulia\\\/wp-content\\\/uploads\\\/2023\\\/12\\\/P-Maior_Istoria.jpg\",\"contentUrl\":\"https:\\\/\\\/urbeamea.ro\\\/albaiulia\\\/wp-content\\\/uploads\\\/2023\\\/12\\\/P-Maior_Istoria.jpg\",\"width\":1600,\"height\":974},{\"@type\":\"BreadcrumbList\",\"@id\":\"https:\\\/\\\/urbeamea.ro\\\/albaiulia\\\/exponatul-lunii-decembrie-2023-la-muzeul-municipal-ioan-raica-sebes\\\/#breadcrumb\",\"itemListElement\":[{\"@type\":\"ListItem\",\"position\":1,\"name\":\"Prima pagin\u0103\",\"item\":\"https:\\\/\\\/urbeamea.ro\\\/albaiulia\\\/\"},{\"@type\":\"ListItem\",\"position\":2,\"name\":\"Exponatul lunii decembrie 2023 la Muzeul Municipal \u201eIoan Raica&#8221; Sebe\u015f\"}]},{\"@type\":\"WebSite\",\"@id\":\"https:\\\/\\\/urbeamea.ro\\\/albaiulia\\\/#website\",\"url\":\"https:\\\/\\\/urbeamea.ro\\\/albaiulia\\\/\",\"name\":\"Revista Urbea Mea, Stiri urbane\",\"description\":\"Evenimente \u0219i \u0219tiri din Alba Iulia, Sebe\u0219, Aiud, Blaj\",\"potentialAction\":[{\"@type\":\"SearchAction\",\"target\":{\"@type\":\"EntryPoint\",\"urlTemplate\":\"https:\\\/\\\/urbeamea.ro\\\/albaiulia\\\/?s={search_term_string}\"},\"query-input\":{\"@type\":\"PropertyValueSpecification\",\"valueRequired\":true,\"valueName\":\"search_term_string\"}}],\"inLanguage\":\"ro-RO\"},{\"@type\":\"Person\",\"@id\":\"https:\\\/\\\/urbeamea.ro\\\/albaiulia\\\/#\\\/schema\\\/person\\\/272ae98052f8ee8980f59848df070247\",\"name\":\"Redac\u021bia UrbeaMea\",\"image\":{\"@type\":\"ImageObject\",\"inLanguage\":\"ro-RO\",\"@id\":\"https:\\\/\\\/secure.gravatar.com\\\/avatar\\\/9ce5a9435071fa1037e8468053ead8e513dbbff59009d3069aadb85506d85a27?s=96&d=mm&r=g\",\"url\":\"https:\\\/\\\/secure.gravatar.com\\\/avatar\\\/9ce5a9435071fa1037e8468053ead8e513dbbff59009d3069aadb85506d85a27?s=96&d=mm&r=g\",\"contentUrl\":\"https:\\\/\\\/secure.gravatar.com\\\/avatar\\\/9ce5a9435071fa1037e8468053ead8e513dbbff59009d3069aadb85506d85a27?s=96&d=mm&r=g\",\"caption\":\"Redac\u021bia UrbeaMea\"},\"description\":\"contact@urbeamea.ro\",\"sameAs\":[\"https:\\\/\\\/www.urbeamea.ro\"],\"url\":\"https:\\\/\\\/urbeamea.ro\\\/albaiulia\\\/author\\\/redactia-urbeamea\\\/\"}]}<\/script>\n<!-- \/ Yoast SEO plugin. -->","yoast_head_json":{"title":"Exponatul lunii decembrie 2023 la Muzeul Municipal \u201eIoan Raica\" Sebe\u015f - Revista Urbea Mea - Revista de Alba","description":"Petru Maior, \u201eIstoria pentru \u00eenceputul rom\u00e2nilor \u00een Dachia\", carte veche rom\u00e2neasc\u0103 ap\u0103rut\u0103 la Buda \u00een anul 1812 \u00cen colec\u021biile Muzeului Municipal \u201eIoan","robots":{"index":"index","follow":"follow","max-snippet":"max-snippet:-1","max-image-preview":"max-image-preview:large","max-video-preview":"max-video-preview:-1"},"canonical":"https:\/\/urbeamea.ro\/albaiulia\/exponatul-lunii-decembrie-2023-la-muzeul-municipal-ioan-raica-sebes\/","twitter_card":"summary_large_image","twitter_title":"Exponatul lunii decembrie 2023 la Muzeul Municipal \u201eIoan Raica\" Sebe\u015f - Revista Urbea Mea - Revista de Alba","twitter_description":"Petru Maior, \u201eIstoria pentru \u00eenceputul rom\u00e2nilor \u00een Dachia\", carte veche rom\u00e2neasc\u0103 ap\u0103rut\u0103 la Buda \u00een anul 1812 \u00cen colec\u021biile Muzeului Municipal \u201eIoan","twitter_image":"https:\/\/urbeamea.ro\/albaiulia\/wp-content\/uploads\/2023\/12\/P-Maior_Istoria.jpg","twitter_creator":"@urbeameaweb","twitter_site":"@urbeameaweb","schema":{"@context":"https:\/\/schema.org","@graph":[{"@type":"Article","@id":"https:\/\/urbeamea.ro\/albaiulia\/exponatul-lunii-decembrie-2023-la-muzeul-municipal-ioan-raica-sebes\/#article","isPartOf":{"@id":"https:\/\/urbeamea.ro\/albaiulia\/exponatul-lunii-decembrie-2023-la-muzeul-municipal-ioan-raica-sebes\/"},"author":{"name":"Redac\u021bia UrbeaMea","@id":"https:\/\/urbeamea.ro\/albaiulia\/#\/schema\/person\/272ae98052f8ee8980f59848df070247"},"headline":"Exponatul lunii decembrie 2023 la Muzeul Municipal \u201eIoan Raica&#8221; Sebe\u015f","datePublished":"2023-12-21T18:38:11+00:00","dateModified":"2023-12-21T18:38:13+00:00","mainEntityOfPage":{"@id":"https:\/\/urbeamea.ro\/albaiulia\/exponatul-lunii-decembrie-2023-la-muzeul-municipal-ioan-raica-sebes\/"},"wordCount":1065,"commentCount":0,"image":{"@id":"https:\/\/urbeamea.ro\/albaiulia\/exponatul-lunii-decembrie-2023-la-muzeul-municipal-ioan-raica-sebes\/#primaryimage"},"thumbnailUrl":"https:\/\/urbeamea.ro\/albaiulia\/wp-content\/uploads\/2023\/12\/P-Maior_Istoria.jpg","articleSection":["Evenimente"],"inLanguage":"ro-RO","potentialAction":[{"@type":"CommentAction","name":"Comment","target":["https:\/\/urbeamea.ro\/albaiulia\/exponatul-lunii-decembrie-2023-la-muzeul-municipal-ioan-raica-sebes\/#respond"]}]},{"@type":"WebPage","@id":"https:\/\/urbeamea.ro\/albaiulia\/exponatul-lunii-decembrie-2023-la-muzeul-municipal-ioan-raica-sebes\/","url":"https:\/\/urbeamea.ro\/albaiulia\/exponatul-lunii-decembrie-2023-la-muzeul-municipal-ioan-raica-sebes\/","name":"Exponatul lunii decembrie 2023 la Muzeul Municipal \u201eIoan Raica\" Sebe\u015f - Revista Urbea Mea - Revista de Alba","isPartOf":{"@id":"https:\/\/urbeamea.ro\/albaiulia\/#website"},"primaryImageOfPage":{"@id":"https:\/\/urbeamea.ro\/albaiulia\/exponatul-lunii-decembrie-2023-la-muzeul-municipal-ioan-raica-sebes\/#primaryimage"},"image":{"@id":"https:\/\/urbeamea.ro\/albaiulia\/exponatul-lunii-decembrie-2023-la-muzeul-municipal-ioan-raica-sebes\/#primaryimage"},"thumbnailUrl":"https:\/\/urbeamea.ro\/albaiulia\/wp-content\/uploads\/2023\/12\/P-Maior_Istoria.jpg","datePublished":"2023-12-21T18:38:11+00:00","dateModified":"2023-12-21T18:38:13+00:00","author":{"@id":"https:\/\/urbeamea.ro\/albaiulia\/#\/schema\/person\/272ae98052f8ee8980f59848df070247"},"description":"Petru Maior, \u201eIstoria pentru \u00eenceputul rom\u00e2nilor \u00een Dachia\", carte veche rom\u00e2neasc\u0103 ap\u0103rut\u0103 la Buda \u00een anul 1812 \u00cen colec\u021biile Muzeului Municipal \u201eIoan","breadcrumb":{"@id":"https:\/\/urbeamea.ro\/albaiulia\/exponatul-lunii-decembrie-2023-la-muzeul-municipal-ioan-raica-sebes\/#breadcrumb"},"inLanguage":"ro-RO","potentialAction":[{"@type":"ReadAction","target":["https:\/\/urbeamea.ro\/albaiulia\/exponatul-lunii-decembrie-2023-la-muzeul-municipal-ioan-raica-sebes\/"]}]},{"@type":"ImageObject","inLanguage":"ro-RO","@id":"https:\/\/urbeamea.ro\/albaiulia\/exponatul-lunii-decembrie-2023-la-muzeul-municipal-ioan-raica-sebes\/#primaryimage","url":"https:\/\/urbeamea.ro\/albaiulia\/wp-content\/uploads\/2023\/12\/P-Maior_Istoria.jpg","contentUrl":"https:\/\/urbeamea.ro\/albaiulia\/wp-content\/uploads\/2023\/12\/P-Maior_Istoria.jpg","width":1600,"height":974},{"@type":"BreadcrumbList","@id":"https:\/\/urbeamea.ro\/albaiulia\/exponatul-lunii-decembrie-2023-la-muzeul-municipal-ioan-raica-sebes\/#breadcrumb","itemListElement":[{"@type":"ListItem","position":1,"name":"Prima pagin\u0103","item":"https:\/\/urbeamea.ro\/albaiulia\/"},{"@type":"ListItem","position":2,"name":"Exponatul lunii decembrie 2023 la Muzeul Municipal \u201eIoan Raica&#8221; Sebe\u015f"}]},{"@type":"WebSite","@id":"https:\/\/urbeamea.ro\/albaiulia\/#website","url":"https:\/\/urbeamea.ro\/albaiulia\/","name":"Revista Urbea Mea, Stiri urbane","description":"Evenimente \u0219i \u0219tiri din Alba Iulia, Sebe\u0219, Aiud, Blaj","potentialAction":[{"@type":"SearchAction","target":{"@type":"EntryPoint","urlTemplate":"https:\/\/urbeamea.ro\/albaiulia\/?s={search_term_string}"},"query-input":{"@type":"PropertyValueSpecification","valueRequired":true,"valueName":"search_term_string"}}],"inLanguage":"ro-RO"},{"@type":"Person","@id":"https:\/\/urbeamea.ro\/albaiulia\/#\/schema\/person\/272ae98052f8ee8980f59848df070247","name":"Redac\u021bia UrbeaMea","image":{"@type":"ImageObject","inLanguage":"ro-RO","@id":"https:\/\/secure.gravatar.com\/avatar\/9ce5a9435071fa1037e8468053ead8e513dbbff59009d3069aadb85506d85a27?s=96&d=mm&r=g","url":"https:\/\/secure.gravatar.com\/avatar\/9ce5a9435071fa1037e8468053ead8e513dbbff59009d3069aadb85506d85a27?s=96&d=mm&r=g","contentUrl":"https:\/\/secure.gravatar.com\/avatar\/9ce5a9435071fa1037e8468053ead8e513dbbff59009d3069aadb85506d85a27?s=96&d=mm&r=g","caption":"Redac\u021bia UrbeaMea"},"description":"contact@urbeamea.ro","sameAs":["https:\/\/www.urbeamea.ro"],"url":"https:\/\/urbeamea.ro\/albaiulia\/author\/redactia-urbeamea\/"}]}},"_links":{"self":[{"href":"https:\/\/urbeamea.ro\/albaiulia\/wp-json\/wp\/v2\/posts\/109932","targetHints":{"allow":["GET"]}}],"collection":[{"href":"https:\/\/urbeamea.ro\/albaiulia\/wp-json\/wp\/v2\/posts"}],"about":[{"href":"https:\/\/urbeamea.ro\/albaiulia\/wp-json\/wp\/v2\/types\/post"}],"author":[{"embeddable":true,"href":"https:\/\/urbeamea.ro\/albaiulia\/wp-json\/wp\/v2\/users\/16"}],"replies":[{"embeddable":true,"href":"https:\/\/urbeamea.ro\/albaiulia\/wp-json\/wp\/v2\/comments?post=109932"}],"version-history":[{"count":1,"href":"https:\/\/urbeamea.ro\/albaiulia\/wp-json\/wp\/v2\/posts\/109932\/revisions"}],"predecessor-version":[{"id":109934,"href":"https:\/\/urbeamea.ro\/albaiulia\/wp-json\/wp\/v2\/posts\/109932\/revisions\/109934"}],"wp:featuredmedia":[{"embeddable":true,"href":"https:\/\/urbeamea.ro\/albaiulia\/wp-json\/wp\/v2\/media\/109933"}],"wp:attachment":[{"href":"https:\/\/urbeamea.ro\/albaiulia\/wp-json\/wp\/v2\/media?parent=109932"}],"wp:term":[{"taxonomy":"category","embeddable":true,"href":"https:\/\/urbeamea.ro\/albaiulia\/wp-json\/wp\/v2\/categories?post=109932"},{"taxonomy":"post_tag","embeddable":true,"href":"https:\/\/urbeamea.ro\/albaiulia\/wp-json\/wp\/v2\/tags?post=109932"}],"curies":[{"name":"wp","href":"https:\/\/api.w.org\/{rel}","templated":true}]}}