{"id":109935,"date":"2023-12-21T20:44:20","date_gmt":"2023-12-21T18:44:20","guid":{"rendered":"https:\/\/urbeamea.ro\/albaiulia\/?p=109935"},"modified":"2023-12-21T20:44:22","modified_gmt":"2023-12-21T18:44:22","slug":"centrul-de-cultura-augustin-bena-alba-expozitie-de-fotografie-cu-instantanee-din-alba-iulia-si-cugir-din-timpul-revolutiei-din-1989","status":"publish","type":"post","link":"https:\/\/urbeamea.ro\/albaiulia\/centrul-de-cultura-augustin-bena-alba-expozitie-de-fotografie-cu-instantanee-din-alba-iulia-si-cugir-din-timpul-revolutiei-din-1989\/","title":{"rendered":"Centrul de Cultur\u0103 \u201eAugustin Bena\u201d Alba: Expozi\u021bie de fotografie cu instantanee din Alba Iulia \u0219i Cugir, din timpul Revolu\u021biei din 1989"},"content":{"rendered":"\n<p>Spa\u021biul expozi\u021bional urban al Centrului de Cultur\u0103 \u201eAugustin Bena\u201d Alba g\u0103zduie\u0219te, \u00een aceast\u0103 perioad\u0103, o expozi\u021bie de art\u0103 fotografic\u0103 cu instantanee din timpul evenimentelor din decembrie 1989, din Alba Iulia \u0219i Cugir. Expozi\u021bia marcheaz\u0103 comemorarea a 34 de ani de la Revolu\u021bia din 1989, \u00een urma c\u0103reia a fost \u00eenl\u0103turat regimul comunism, dar care a \u00eensemnat sacrificiul a peste 1000 de persoane.<\/p>\n\n\n\n<figure class=\"wp-block-gallery has-nested-images columns-default is-cropped wp-block-gallery-1 is-layout-flex wp-block-gallery-is-layout-flex\">\n<figure class=\"wp-block-image size-large\"><a href=\"https:\/\/urbeamea.ro\/albaiulia\/wp-content\/uploads\/2023\/12\/411062412_691031046506410_7887797322335333527_n.jpg\"><img loading=\"lazy\" decoding=\"async\" width=\"1280\" height=\"857\" data-id=\"109936\" src=\"https:\/\/urbeamea.ro\/albaiulia\/wp-content\/uploads\/2023\/12\/411062412_691031046506410_7887797322335333527_n-1280x857.jpg\" alt=\"\" class=\"wp-image-109936\" srcset=\"https:\/\/urbeamea.ro\/albaiulia\/wp-content\/uploads\/2023\/12\/411062412_691031046506410_7887797322335333527_n-1280x857.jpg 1280w, https:\/\/urbeamea.ro\/albaiulia\/wp-content\/uploads\/2023\/12\/411062412_691031046506410_7887797322335333527_n-640x428.jpg 640w, https:\/\/urbeamea.ro\/albaiulia\/wp-content\/uploads\/2023\/12\/411062412_691031046506410_7887797322335333527_n-150x100.jpg 150w, https:\/\/urbeamea.ro\/albaiulia\/wp-content\/uploads\/2023\/12\/411062412_691031046506410_7887797322335333527_n-768x514.jpg 768w, https:\/\/urbeamea.ro\/albaiulia\/wp-content\/uploads\/2023\/12\/411062412_691031046506410_7887797322335333527_n.jpg 1440w\" sizes=\"auto, (max-width: 1280px) 100vw, 1280px\" \/><\/a><\/figure>\n\n\n\n<figure class=\"wp-block-image size-large\"><a href=\"https:\/\/urbeamea.ro\/albaiulia\/wp-content\/uploads\/2023\/12\/411157635_691030999839748_3963219109952659203_n.jpg\"><img loading=\"lazy\" decoding=\"async\" width=\"1280\" height=\"857\" data-id=\"109938\" src=\"https:\/\/urbeamea.ro\/albaiulia\/wp-content\/uploads\/2023\/12\/411157635_691030999839748_3963219109952659203_n-1280x857.jpg\" alt=\"\" class=\"wp-image-109938\" srcset=\"https:\/\/urbeamea.ro\/albaiulia\/wp-content\/uploads\/2023\/12\/411157635_691030999839748_3963219109952659203_n-1280x857.jpg 1280w, https:\/\/urbeamea.ro\/albaiulia\/wp-content\/uploads\/2023\/12\/411157635_691030999839748_3963219109952659203_n-640x428.jpg 640w, https:\/\/urbeamea.ro\/albaiulia\/wp-content\/uploads\/2023\/12\/411157635_691030999839748_3963219109952659203_n-150x100.jpg 150w, https:\/\/urbeamea.ro\/albaiulia\/wp-content\/uploads\/2023\/12\/411157635_691030999839748_3963219109952659203_n-768x514.jpg 768w, https:\/\/urbeamea.ro\/albaiulia\/wp-content\/uploads\/2023\/12\/411157635_691030999839748_3963219109952659203_n.jpg 1440w\" sizes=\"auto, (max-width: 1280px) 100vw, 1280px\" \/><\/a><\/figure>\n<\/figure>\n\n\n\n<p>Expozi\u021bia cuprinde fotografii realizate \u00een timpul evenimentelor petrecute \u00een decembrie 1989 \u00een dou\u0103 dintre ora\u0219ele martir ale Revolu\u021biei: Alba Iulia \u0219i Cugir. &nbsp;Fotografiile sunt realizate de Nicu Murg\u0103\u0219anu (imaginile din Alba Iulia) \u0219i Liviu Bulzan (imaginile din Cugir).<\/p>\n\n\n\n<blockquote class=\"wp-block-quote is-layout-flow wp-block-quote-is-layout-flow\">\n<p><em>Revolu\u021bia din decembrie 1989 r\u0103m\u00e2ne un moment cu importan\u021b\u0103 deosebit\u0103 \u00een parcursul Rom\u00e2niei spre democra\u021bie. \u00cen Alba, evenimentele au fost surprinse \u00een numeroase instantanee, iar unele dintre acestea le-am inclus \u0219i noi \u00een aceast\u0103 expozi\u021bie de art\u0103 fotografic\u0103. Fotografiile sunt adev\u0103rate m\u0103rturii care au rolul s\u0103 ne reaminteasc\u0103 curajul, dar \u0219i sacrificiul celor care au luptat pentru democra\u021bie \u0219i pentru \u00eenl\u0103turarea regimului comunist<\/em>.<\/p>\n<cite>Alexandru Pal, managerul Centrului de Cultur\u0103 \u201eAugustin Bena\u201d Alba<\/cite><\/blockquote>\n\n\n\n<p>Expozi\u021bia poate fi v\u0103zut\u0103 \u00een aceast\u0103 perioad\u0103 \u00een spa\u021biul expozi\u021bional urban al Centrului de Cultur\u0103 \u201eAugustin Bena\u201d, din str. Mihai Viteazul nr. 2, Alba Iulia.<\/p>\n\n\n\n<p>\u00cen decembrie 1989, regimul comunist a fost \u00eenl\u0103turat din Rom\u00e2nia \u00een urma unei revolu\u021bii, care a \u00eenceput la Timi\u0219oara \u0219i a continuat apoi \u00een \u00eentreaga \u021bar\u0103. \u00centre 16 \u0219i 20 decembrie 1989, evenimentele s-au desf\u0103\u0219urat \u00een Timi\u0219oara, iar din 21 decembrie au izbucnit manifesta\u021bii \u00een Bucure\u0219ti \u0219i \u00een alte ora\u0219e din \u021bar\u0103. Alba Iulia \u0219i Cugir sunt printre localit\u0103\u021bile unde au avut loc ample demonstra\u021bii \u00een decembrie 1989, cele dou\u0103 ora\u0219e av\u00e2nd \u0219i titlul \u201eora\u0219 martir ale Revolu\u021biei\u201d. \u00cen timpul evenimentelor din \u201989, \u00een jude\u021bul Alba 23 de persoane au fost ucise, iar peste 100 au fost r\u0103nite.<\/p>\n\n\n\n<figure class=\"wp-block-gallery has-nested-images columns-default is-cropped wp-block-gallery-2 is-layout-flex wp-block-gallery-is-layout-flex\">\n<figure class=\"wp-block-image size-large\"><a href=\"https:\/\/urbeamea.ro\/albaiulia\/wp-content\/uploads\/2023\/12\/411117146_691031139839734_8431972760678080659_n.jpg\"><img loading=\"lazy\" decoding=\"async\" width=\"1280\" height=\"828\" data-id=\"109939\" src=\"https:\/\/urbeamea.ro\/albaiulia\/wp-content\/uploads\/2023\/12\/411117146_691031139839734_8431972760678080659_n-1280x828.jpg\" alt=\"\" class=\"wp-image-109939\" srcset=\"https:\/\/urbeamea.ro\/albaiulia\/wp-content\/uploads\/2023\/12\/411117146_691031139839734_8431972760678080659_n-1280x828.jpg 1280w, https:\/\/urbeamea.ro\/albaiulia\/wp-content\/uploads\/2023\/12\/411117146_691031139839734_8431972760678080659_n-640x414.jpg 640w, https:\/\/urbeamea.ro\/albaiulia\/wp-content\/uploads\/2023\/12\/411117146_691031139839734_8431972760678080659_n-150x97.jpg 150w, https:\/\/urbeamea.ro\/albaiulia\/wp-content\/uploads\/2023\/12\/411117146_691031139839734_8431972760678080659_n-768x497.jpg 768w, https:\/\/urbeamea.ro\/albaiulia\/wp-content\/uploads\/2023\/12\/411117146_691031139839734_8431972760678080659_n.jpg 1440w\" sizes=\"auto, (max-width: 1280px) 100vw, 1280px\" \/><\/a><\/figure>\n\n\n\n<figure class=\"wp-block-image size-large\"><a href=\"https:\/\/urbeamea.ro\/albaiulia\/wp-content\/uploads\/2023\/12\/410483696_691030839839764_607846972968681359_n.jpg\"><img loading=\"lazy\" decoding=\"async\" width=\"1280\" height=\"850\" data-id=\"109940\" src=\"https:\/\/urbeamea.ro\/albaiulia\/wp-content\/uploads\/2023\/12\/410483696_691030839839764_607846972968681359_n-1280x850.jpg\" alt=\"\" class=\"wp-image-109940\" srcset=\"https:\/\/urbeamea.ro\/albaiulia\/wp-content\/uploads\/2023\/12\/410483696_691030839839764_607846972968681359_n-1280x850.jpg 1280w, https:\/\/urbeamea.ro\/albaiulia\/wp-content\/uploads\/2023\/12\/410483696_691030839839764_607846972968681359_n-640x425.jpg 640w, https:\/\/urbeamea.ro\/albaiulia\/wp-content\/uploads\/2023\/12\/410483696_691030839839764_607846972968681359_n-150x100.jpg 150w, https:\/\/urbeamea.ro\/albaiulia\/wp-content\/uploads\/2023\/12\/410483696_691030839839764_607846972968681359_n-768x510.jpg 768w, https:\/\/urbeamea.ro\/albaiulia\/wp-content\/uploads\/2023\/12\/410483696_691030839839764_607846972968681359_n.jpg 1440w\" sizes=\"auto, (max-width: 1280px) 100vw, 1280px\" \/><\/a><\/figure>\n\n\n\n<figure class=\"wp-block-image size-large\"><a href=\"https:\/\/urbeamea.ro\/albaiulia\/wp-content\/uploads\/2023\/12\/410459553_691030859839762_2950795832857224301_n.jpg\"><img loading=\"lazy\" decoding=\"async\" width=\"1280\" height=\"839\" data-id=\"109942\" src=\"https:\/\/urbeamea.ro\/albaiulia\/wp-content\/uploads\/2023\/12\/410459553_691030859839762_2950795832857224301_n-1280x839.jpg\" alt=\"\" class=\"wp-image-109942\" srcset=\"https:\/\/urbeamea.ro\/albaiulia\/wp-content\/uploads\/2023\/12\/410459553_691030859839762_2950795832857224301_n-1280x839.jpg 1280w, https:\/\/urbeamea.ro\/albaiulia\/wp-content\/uploads\/2023\/12\/410459553_691030859839762_2950795832857224301_n-640x420.jpg 640w, https:\/\/urbeamea.ro\/albaiulia\/wp-content\/uploads\/2023\/12\/410459553_691030859839762_2950795832857224301_n-150x98.jpg 150w, https:\/\/urbeamea.ro\/albaiulia\/wp-content\/uploads\/2023\/12\/410459553_691030859839762_2950795832857224301_n-768x503.jpg 768w, https:\/\/urbeamea.ro\/albaiulia\/wp-content\/uploads\/2023\/12\/410459553_691030859839762_2950795832857224301_n.jpg 1440w\" sizes=\"auto, (max-width: 1280px) 100vw, 1280px\" \/><\/a><\/figure>\n\n\n\n<figure class=\"wp-block-image size-large\"><a href=\"https:\/\/urbeamea.ro\/albaiulia\/wp-content\/uploads\/2023\/12\/411098494_691028309840017_5445808208118710610_n.jpg\"><img loading=\"lazy\" decoding=\"async\" width=\"1280\" height=\"852\" data-id=\"109943\" src=\"https:\/\/urbeamea.ro\/albaiulia\/wp-content\/uploads\/2023\/12\/411098494_691028309840017_5445808208118710610_n-1280x852.jpg\" alt=\"\" class=\"wp-image-109943\" srcset=\"https:\/\/urbeamea.ro\/albaiulia\/wp-content\/uploads\/2023\/12\/411098494_691028309840017_5445808208118710610_n-1280x852.jpg 1280w, https:\/\/urbeamea.ro\/albaiulia\/wp-content\/uploads\/2023\/12\/411098494_691028309840017_5445808208118710610_n-640x426.jpg 640w, https:\/\/urbeamea.ro\/albaiulia\/wp-content\/uploads\/2023\/12\/411098494_691028309840017_5445808208118710610_n-150x100.jpg 150w, https:\/\/urbeamea.ro\/albaiulia\/wp-content\/uploads\/2023\/12\/411098494_691028309840017_5445808208118710610_n-768x511.jpg 768w, https:\/\/urbeamea.ro\/albaiulia\/wp-content\/uploads\/2023\/12\/411098494_691028309840017_5445808208118710610_n.jpg 1440w\" sizes=\"auto, (max-width: 1280px) 100vw, 1280px\" \/><\/a><\/figure>\n\n\n\n<figure class=\"wp-block-image size-large\"><a href=\"https:\/\/urbeamea.ro\/albaiulia\/wp-content\/uploads\/2023\/12\/411134301_691028253173356_9223111397550132778_n.jpg\"><img loading=\"lazy\" decoding=\"async\" width=\"1280\" height=\"862\" data-id=\"109941\" src=\"https:\/\/urbeamea.ro\/albaiulia\/wp-content\/uploads\/2023\/12\/411134301_691028253173356_9223111397550132778_n-1280x862.jpg\" alt=\"\" class=\"wp-image-109941\" srcset=\"https:\/\/urbeamea.ro\/albaiulia\/wp-content\/uploads\/2023\/12\/411134301_691028253173356_9223111397550132778_n-1280x862.jpg 1280w, https:\/\/urbeamea.ro\/albaiulia\/wp-content\/uploads\/2023\/12\/411134301_691028253173356_9223111397550132778_n-640x431.jpg 640w, https:\/\/urbeamea.ro\/albaiulia\/wp-content\/uploads\/2023\/12\/411134301_691028253173356_9223111397550132778_n-150x101.jpg 150w, https:\/\/urbeamea.ro\/albaiulia\/wp-content\/uploads\/2023\/12\/411134301_691028253173356_9223111397550132778_n-768x517.jpg 768w, https:\/\/urbeamea.ro\/albaiulia\/wp-content\/uploads\/2023\/12\/411134301_691028253173356_9223111397550132778_n.jpg 1440w\" sizes=\"auto, (max-width: 1280px) 100vw, 1280px\" \/><\/a><\/figure>\n\n\n\n<figure class=\"wp-block-image size-large\"><a href=\"https:\/\/urbeamea.ro\/albaiulia\/wp-content\/uploads\/2023\/12\/411136998_691031036506411_1880925346945608642_n.jpg\"><img loading=\"lazy\" decoding=\"async\" width=\"1280\" height=\"946\" data-id=\"109945\" src=\"https:\/\/urbeamea.ro\/albaiulia\/wp-content\/uploads\/2023\/12\/411136998_691031036506411_1880925346945608642_n-1280x946.jpg\" alt=\"\" class=\"wp-image-109945\" srcset=\"https:\/\/urbeamea.ro\/albaiulia\/wp-content\/uploads\/2023\/12\/411136998_691031036506411_1880925346945608642_n-1280x946.jpg 1280w, https:\/\/urbeamea.ro\/albaiulia\/wp-content\/uploads\/2023\/12\/411136998_691031036506411_1880925346945608642_n-640x473.jpg 640w, https:\/\/urbeamea.ro\/albaiulia\/wp-content\/uploads\/2023\/12\/411136998_691031036506411_1880925346945608642_n-150x111.jpg 150w, https:\/\/urbeamea.ro\/albaiulia\/wp-content\/uploads\/2023\/12\/411136998_691031036506411_1880925346945608642_n-768x567.jpg 768w, https:\/\/urbeamea.ro\/albaiulia\/wp-content\/uploads\/2023\/12\/411136998_691031036506411_1880925346945608642_n.jpg 1440w\" sizes=\"auto, (max-width: 1280px) 100vw, 1280px\" \/><\/a><\/figure>\n\n\n\n<figure class=\"wp-block-image size-large\"><a href=\"https:\/\/urbeamea.ro\/albaiulia\/wp-content\/uploads\/2023\/12\/410480441_691031189839729_504382659275383469_n.jpg\"><img loading=\"lazy\" decoding=\"async\" width=\"1280\" height=\"862\" data-id=\"109944\" src=\"https:\/\/urbeamea.ro\/albaiulia\/wp-content\/uploads\/2023\/12\/410480441_691031189839729_504382659275383469_n-1280x862.jpg\" alt=\"\" class=\"wp-image-109944\" srcset=\"https:\/\/urbeamea.ro\/albaiulia\/wp-content\/uploads\/2023\/12\/410480441_691031189839729_504382659275383469_n-1280x862.jpg 1280w, https:\/\/urbeamea.ro\/albaiulia\/wp-content\/uploads\/2023\/12\/410480441_691031189839729_504382659275383469_n-640x431.jpg 640w, https:\/\/urbeamea.ro\/albaiulia\/wp-content\/uploads\/2023\/12\/410480441_691031189839729_504382659275383469_n-150x101.jpg 150w, https:\/\/urbeamea.ro\/albaiulia\/wp-content\/uploads\/2023\/12\/410480441_691031189839729_504382659275383469_n-768x517.jpg 768w, https:\/\/urbeamea.ro\/albaiulia\/wp-content\/uploads\/2023\/12\/410480441_691031189839729_504382659275383469_n.jpg 1440w\" sizes=\"auto, (max-width: 1280px) 100vw, 1280px\" \/><\/a><\/figure>\n\n\n\n<figure class=\"wp-block-image size-large\"><a href=\"https:\/\/urbeamea.ro\/albaiulia\/wp-content\/uploads\/2023\/12\/411058725_691031053173076_2064558033647208600_n.jpg\"><img loading=\"lazy\" decoding=\"async\" width=\"1280\" height=\"857\" data-id=\"109947\" src=\"https:\/\/urbeamea.ro\/albaiulia\/wp-content\/uploads\/2023\/12\/411058725_691031053173076_2064558033647208600_n-1280x857.jpg\" alt=\"\" class=\"wp-image-109947\" srcset=\"https:\/\/urbeamea.ro\/albaiulia\/wp-content\/uploads\/2023\/12\/411058725_691031053173076_2064558033647208600_n-1280x857.jpg 1280w, https:\/\/urbeamea.ro\/albaiulia\/wp-content\/uploads\/2023\/12\/411058725_691031053173076_2064558033647208600_n-640x428.jpg 640w, https:\/\/urbeamea.ro\/albaiulia\/wp-content\/uploads\/2023\/12\/411058725_691031053173076_2064558033647208600_n-150x100.jpg 150w, https:\/\/urbeamea.ro\/albaiulia\/wp-content\/uploads\/2023\/12\/411058725_691031053173076_2064558033647208600_n-768x514.jpg 768w, https:\/\/urbeamea.ro\/albaiulia\/wp-content\/uploads\/2023\/12\/411058725_691031053173076_2064558033647208600_n.jpg 1440w\" sizes=\"auto, (max-width: 1280px) 100vw, 1280px\" \/><\/a><\/figure>\n\n\n\n<figure class=\"wp-block-image size-large\"><a href=\"https:\/\/urbeamea.ro\/albaiulia\/wp-content\/uploads\/2023\/12\/410552228_691031086506406_1736717631207900157_n.jpg\"><img loading=\"lazy\" decoding=\"async\" width=\"1280\" height=\"949\" data-id=\"109946\" src=\"https:\/\/urbeamea.ro\/albaiulia\/wp-content\/uploads\/2023\/12\/410552228_691031086506406_1736717631207900157_n-1280x949.jpg\" alt=\"\" class=\"wp-image-109946\" srcset=\"https:\/\/urbeamea.ro\/albaiulia\/wp-content\/uploads\/2023\/12\/410552228_691031086506406_1736717631207900157_n-1280x949.jpg 1280w, https:\/\/urbeamea.ro\/albaiulia\/wp-content\/uploads\/2023\/12\/410552228_691031086506406_1736717631207900157_n-640x475.jpg 640w, https:\/\/urbeamea.ro\/albaiulia\/wp-content\/uploads\/2023\/12\/410552228_691031086506406_1736717631207900157_n-150x111.jpg 150w, https:\/\/urbeamea.ro\/albaiulia\/wp-content\/uploads\/2023\/12\/410552228_691031086506406_1736717631207900157_n-768x570.jpg 768w, https:\/\/urbeamea.ro\/albaiulia\/wp-content\/uploads\/2023\/12\/410552228_691031086506406_1736717631207900157_n.jpg 1440w\" sizes=\"auto, (max-width: 1280px) 100vw, 1280px\" \/><\/a><\/figure>\n<\/figure>\n","protected":false},"excerpt":{"rendered":"<p>Spa\u021biul expozi\u021bional urban al Centrului de Cultur\u0103 \u201eAugustin Bena\u201d Alba g\u0103zduie\u0219te, \u00een aceast\u0103 perioad\u0103, o expozi\u021bie de art\u0103 fotografic\u0103 cu instantanee din timpul evenimentelor din decembrie 1989, din Alba Iulia \u0219i Cugir. Expozi\u021bia marcheaz\u0103 comemorarea a 34 de ani de la Revolu\u021bia din 1989, \u00een urma c\u0103reia a fost \u00eenl\u0103turat regimul comunism, dar care a &hellip;<\/p>\n","protected":false},"author":16,"featured_media":109937,"comment_status":"open","ping_status":"open","sticky":false,"template":"","format":"standard","meta":{"inline_featured_image":false,"footnotes":""},"categories":[4],"tags":[],"class_list":["post-109935","post","type-post","status-publish","format-standard","has-post-thumbnail","hentry","category-eveniment"],"yoast_head":"<!-- This site is optimized with the Yoast SEO plugin v27.4 - https:\/\/yoast.com\/product\/yoast-seo-wordpress\/ -->\n<title>Centrul de Cultur\u0103 \u201eAugustin Bena\u201d Alba: Expozi\u021bie de fotografie cu instantanee din Alba Iulia \u0219i Cugir, din timpul Revolu\u021biei din 1989 - Revista Urbea Mea - Revista de Alba<\/title>\n<meta name=\"description\" content=\"Spa\u021biul expozi\u021bional urban al Centrului de Cultur\u0103 \u201eAugustin Bena\u201d Alba g\u0103zduie\u0219te, \u00een aceast\u0103 perioad\u0103, o expozi\u021bie de art\u0103 fotografic\u0103 cu instantanee\" \/>\n<meta name=\"robots\" content=\"index, follow, max-snippet:-1, max-image-preview:large, max-video-preview:-1\" \/>\n<link rel=\"canonical\" href=\"https:\/\/urbeamea.ro\/albaiulia\/centrul-de-cultura-augustin-bena-alba-expozitie-de-fotografie-cu-instantanee-din-alba-iulia-si-cugir-din-timpul-revolutiei-din-1989\/\" \/>\n<meta name=\"twitter:card\" content=\"summary_large_image\" \/>\n<meta name=\"twitter:title\" content=\"Centrul de Cultur\u0103 \u201eAugustin Bena\u201d Alba: Expozi\u021bie de fotografie cu instantanee din Alba Iulia \u0219i Cugir, din timpul Revolu\u021biei din 1989 - Revista Urbea Mea - Revista de Alba\" \/>\n<meta name=\"twitter:description\" content=\"Spa\u021biul expozi\u021bional urban al Centrului de Cultur\u0103 \u201eAugustin Bena\u201d Alba g\u0103zduie\u0219te, \u00een aceast\u0103 perioad\u0103, o expozi\u021bie de art\u0103 fotografic\u0103 cu instantanee\" \/>\n<meta name=\"twitter:image\" content=\"https:\/\/urbeamea.ro\/albaiulia\/wp-content\/uploads\/2023\/12\/411005989_691028219840026_6486456708668001766_n.jpg\" \/>\n<meta name=\"twitter:creator\" content=\"@urbeameaweb\" \/>\n<meta name=\"twitter:site\" content=\"@urbeameaweb\" \/>\n<script type=\"application\/ld+json\" class=\"yoast-schema-graph\">{\"@context\":\"https:\\\/\\\/schema.org\",\"@graph\":[{\"@type\":\"Article\",\"@id\":\"https:\\\/\\\/urbeamea.ro\\\/albaiulia\\\/centrul-de-cultura-augustin-bena-alba-expozitie-de-fotografie-cu-instantanee-din-alba-iulia-si-cugir-din-timpul-revolutiei-din-1989\\\/#article\",\"isPartOf\":{\"@id\":\"https:\\\/\\\/urbeamea.ro\\\/albaiulia\\\/centrul-de-cultura-augustin-bena-alba-expozitie-de-fotografie-cu-instantanee-din-alba-iulia-si-cugir-din-timpul-revolutiei-din-1989\\\/\"},\"author\":{\"name\":\"Redac\u021bia UrbeaMea\",\"@id\":\"https:\\\/\\\/urbeamea.ro\\\/albaiulia\\\/#\\\/schema\\\/person\\\/272ae98052f8ee8980f59848df070247\"},\"headline\":\"Centrul de Cultur\u0103 \u201eAugustin Bena\u201d Alba: Expozi\u021bie de fotografie cu instantanee din Alba Iulia \u0219i Cugir, din timpul Revolu\u021biei din 1989\",\"datePublished\":\"2023-12-21T18:44:20+00:00\",\"dateModified\":\"2023-12-21T18:44:22+00:00\",\"mainEntityOfPage\":{\"@id\":\"https:\\\/\\\/urbeamea.ro\\\/albaiulia\\\/centrul-de-cultura-augustin-bena-alba-expozitie-de-fotografie-cu-instantanee-din-alba-iulia-si-cugir-din-timpul-revolutiei-din-1989\\\/\"},\"wordCount\":345,\"commentCount\":0,\"image\":{\"@id\":\"https:\\\/\\\/urbeamea.ro\\\/albaiulia\\\/centrul-de-cultura-augustin-bena-alba-expozitie-de-fotografie-cu-instantanee-din-alba-iulia-si-cugir-din-timpul-revolutiei-din-1989\\\/#primaryimage\"},\"thumbnailUrl\":\"https:\\\/\\\/urbeamea.ro\\\/albaiulia\\\/wp-content\\\/uploads\\\/2023\\\/12\\\/411005989_691028219840026_6486456708668001766_n.jpg\",\"articleSection\":[\"Evenimente\"],\"inLanguage\":\"ro-RO\",\"potentialAction\":[{\"@type\":\"CommentAction\",\"name\":\"Comment\",\"target\":[\"https:\\\/\\\/urbeamea.ro\\\/albaiulia\\\/centrul-de-cultura-augustin-bena-alba-expozitie-de-fotografie-cu-instantanee-din-alba-iulia-si-cugir-din-timpul-revolutiei-din-1989\\\/#respond\"]}]},{\"@type\":\"WebPage\",\"@id\":\"https:\\\/\\\/urbeamea.ro\\\/albaiulia\\\/centrul-de-cultura-augustin-bena-alba-expozitie-de-fotografie-cu-instantanee-din-alba-iulia-si-cugir-din-timpul-revolutiei-din-1989\\\/\",\"url\":\"https:\\\/\\\/urbeamea.ro\\\/albaiulia\\\/centrul-de-cultura-augustin-bena-alba-expozitie-de-fotografie-cu-instantanee-din-alba-iulia-si-cugir-din-timpul-revolutiei-din-1989\\\/\",\"name\":\"Centrul de Cultur\u0103 \u201eAugustin Bena\u201d Alba: Expozi\u021bie de fotografie cu instantanee din Alba Iulia \u0219i Cugir, din timpul Revolu\u021biei din 1989 - Revista Urbea Mea - Revista de Alba\",\"isPartOf\":{\"@id\":\"https:\\\/\\\/urbeamea.ro\\\/albaiulia\\\/#website\"},\"primaryImageOfPage\":{\"@id\":\"https:\\\/\\\/urbeamea.ro\\\/albaiulia\\\/centrul-de-cultura-augustin-bena-alba-expozitie-de-fotografie-cu-instantanee-din-alba-iulia-si-cugir-din-timpul-revolutiei-din-1989\\\/#primaryimage\"},\"image\":{\"@id\":\"https:\\\/\\\/urbeamea.ro\\\/albaiulia\\\/centrul-de-cultura-augustin-bena-alba-expozitie-de-fotografie-cu-instantanee-din-alba-iulia-si-cugir-din-timpul-revolutiei-din-1989\\\/#primaryimage\"},\"thumbnailUrl\":\"https:\\\/\\\/urbeamea.ro\\\/albaiulia\\\/wp-content\\\/uploads\\\/2023\\\/12\\\/411005989_691028219840026_6486456708668001766_n.jpg\",\"datePublished\":\"2023-12-21T18:44:20+00:00\",\"dateModified\":\"2023-12-21T18:44:22+00:00\",\"author\":{\"@id\":\"https:\\\/\\\/urbeamea.ro\\\/albaiulia\\\/#\\\/schema\\\/person\\\/272ae98052f8ee8980f59848df070247\"},\"description\":\"Spa\u021biul expozi\u021bional urban al Centrului de Cultur\u0103 \u201eAugustin Bena\u201d Alba g\u0103zduie\u0219te, \u00een aceast\u0103 perioad\u0103, o expozi\u021bie de art\u0103 fotografic\u0103 cu instantanee\",\"breadcrumb\":{\"@id\":\"https:\\\/\\\/urbeamea.ro\\\/albaiulia\\\/centrul-de-cultura-augustin-bena-alba-expozitie-de-fotografie-cu-instantanee-din-alba-iulia-si-cugir-din-timpul-revolutiei-din-1989\\\/#breadcrumb\"},\"inLanguage\":\"ro-RO\",\"potentialAction\":[{\"@type\":\"ReadAction\",\"target\":[\"https:\\\/\\\/urbeamea.ro\\\/albaiulia\\\/centrul-de-cultura-augustin-bena-alba-expozitie-de-fotografie-cu-instantanee-din-alba-iulia-si-cugir-din-timpul-revolutiei-din-1989\\\/\"]}]},{\"@type\":\"ImageObject\",\"inLanguage\":\"ro-RO\",\"@id\":\"https:\\\/\\\/urbeamea.ro\\\/albaiulia\\\/centrul-de-cultura-augustin-bena-alba-expozitie-de-fotografie-cu-instantanee-din-alba-iulia-si-cugir-din-timpul-revolutiei-din-1989\\\/#primaryimage\",\"url\":\"https:\\\/\\\/urbeamea.ro\\\/albaiulia\\\/wp-content\\\/uploads\\\/2023\\\/12\\\/411005989_691028219840026_6486456708668001766_n.jpg\",\"contentUrl\":\"https:\\\/\\\/urbeamea.ro\\\/albaiulia\\\/wp-content\\\/uploads\\\/2023\\\/12\\\/411005989_691028219840026_6486456708668001766_n.jpg\",\"width\":1440,\"height\":1018},{\"@type\":\"BreadcrumbList\",\"@id\":\"https:\\\/\\\/urbeamea.ro\\\/albaiulia\\\/centrul-de-cultura-augustin-bena-alba-expozitie-de-fotografie-cu-instantanee-din-alba-iulia-si-cugir-din-timpul-revolutiei-din-1989\\\/#breadcrumb\",\"itemListElement\":[{\"@type\":\"ListItem\",\"position\":1,\"name\":\"Prima pagin\u0103\",\"item\":\"https:\\\/\\\/urbeamea.ro\\\/albaiulia\\\/\"},{\"@type\":\"ListItem\",\"position\":2,\"name\":\"Centrul de Cultur\u0103 \u201eAugustin Bena\u201d Alba: Expozi\u021bie de fotografie cu instantanee din Alba Iulia \u0219i Cugir, din timpul Revolu\u021biei din 1989\"}]},{\"@type\":\"WebSite\",\"@id\":\"https:\\\/\\\/urbeamea.ro\\\/albaiulia\\\/#website\",\"url\":\"https:\\\/\\\/urbeamea.ro\\\/albaiulia\\\/\",\"name\":\"Revista Urbea Mea, Stiri urbane\",\"description\":\"Evenimente \u0219i \u0219tiri din Alba Iulia, Sebe\u0219, Aiud, Blaj\",\"potentialAction\":[{\"@type\":\"SearchAction\",\"target\":{\"@type\":\"EntryPoint\",\"urlTemplate\":\"https:\\\/\\\/urbeamea.ro\\\/albaiulia\\\/?s={search_term_string}\"},\"query-input\":{\"@type\":\"PropertyValueSpecification\",\"valueRequired\":true,\"valueName\":\"search_term_string\"}}],\"inLanguage\":\"ro-RO\"},{\"@type\":\"Person\",\"@id\":\"https:\\\/\\\/urbeamea.ro\\\/albaiulia\\\/#\\\/schema\\\/person\\\/272ae98052f8ee8980f59848df070247\",\"name\":\"Redac\u021bia UrbeaMea\",\"image\":{\"@type\":\"ImageObject\",\"inLanguage\":\"ro-RO\",\"@id\":\"https:\\\/\\\/secure.gravatar.com\\\/avatar\\\/9ce5a9435071fa1037e8468053ead8e513dbbff59009d3069aadb85506d85a27?s=96&d=mm&r=g\",\"url\":\"https:\\\/\\\/secure.gravatar.com\\\/avatar\\\/9ce5a9435071fa1037e8468053ead8e513dbbff59009d3069aadb85506d85a27?s=96&d=mm&r=g\",\"contentUrl\":\"https:\\\/\\\/secure.gravatar.com\\\/avatar\\\/9ce5a9435071fa1037e8468053ead8e513dbbff59009d3069aadb85506d85a27?s=96&d=mm&r=g\",\"caption\":\"Redac\u021bia UrbeaMea\"},\"description\":\"contact@urbeamea.ro\",\"sameAs\":[\"https:\\\/\\\/www.urbeamea.ro\"],\"url\":\"https:\\\/\\\/urbeamea.ro\\\/albaiulia\\\/author\\\/redactia-urbeamea\\\/\"}]}<\/script>\n<!-- \/ Yoast SEO plugin. -->","yoast_head_json":{"title":"Centrul de Cultur\u0103 \u201eAugustin Bena\u201d Alba: Expozi\u021bie de fotografie cu instantanee din Alba Iulia \u0219i Cugir, din timpul Revolu\u021biei din 1989 - Revista Urbea Mea - Revista de Alba","description":"Spa\u021biul expozi\u021bional urban al Centrului de Cultur\u0103 \u201eAugustin Bena\u201d Alba g\u0103zduie\u0219te, \u00een aceast\u0103 perioad\u0103, o expozi\u021bie de art\u0103 fotografic\u0103 cu instantanee","robots":{"index":"index","follow":"follow","max-snippet":"max-snippet:-1","max-image-preview":"max-image-preview:large","max-video-preview":"max-video-preview:-1"},"canonical":"https:\/\/urbeamea.ro\/albaiulia\/centrul-de-cultura-augustin-bena-alba-expozitie-de-fotografie-cu-instantanee-din-alba-iulia-si-cugir-din-timpul-revolutiei-din-1989\/","twitter_card":"summary_large_image","twitter_title":"Centrul de Cultur\u0103 \u201eAugustin Bena\u201d Alba: Expozi\u021bie de fotografie cu instantanee din Alba Iulia \u0219i Cugir, din timpul Revolu\u021biei din 1989 - Revista Urbea Mea - Revista de Alba","twitter_description":"Spa\u021biul expozi\u021bional urban al Centrului de Cultur\u0103 \u201eAugustin Bena\u201d Alba g\u0103zduie\u0219te, \u00een aceast\u0103 perioad\u0103, o expozi\u021bie de art\u0103 fotografic\u0103 cu instantanee","twitter_image":"https:\/\/urbeamea.ro\/albaiulia\/wp-content\/uploads\/2023\/12\/411005989_691028219840026_6486456708668001766_n.jpg","twitter_creator":"@urbeameaweb","twitter_site":"@urbeameaweb","schema":{"@context":"https:\/\/schema.org","@graph":[{"@type":"Article","@id":"https:\/\/urbeamea.ro\/albaiulia\/centrul-de-cultura-augustin-bena-alba-expozitie-de-fotografie-cu-instantanee-din-alba-iulia-si-cugir-din-timpul-revolutiei-din-1989\/#article","isPartOf":{"@id":"https:\/\/urbeamea.ro\/albaiulia\/centrul-de-cultura-augustin-bena-alba-expozitie-de-fotografie-cu-instantanee-din-alba-iulia-si-cugir-din-timpul-revolutiei-din-1989\/"},"author":{"name":"Redac\u021bia UrbeaMea","@id":"https:\/\/urbeamea.ro\/albaiulia\/#\/schema\/person\/272ae98052f8ee8980f59848df070247"},"headline":"Centrul de Cultur\u0103 \u201eAugustin Bena\u201d Alba: Expozi\u021bie de fotografie cu instantanee din Alba Iulia \u0219i Cugir, din timpul Revolu\u021biei din 1989","datePublished":"2023-12-21T18:44:20+00:00","dateModified":"2023-12-21T18:44:22+00:00","mainEntityOfPage":{"@id":"https:\/\/urbeamea.ro\/albaiulia\/centrul-de-cultura-augustin-bena-alba-expozitie-de-fotografie-cu-instantanee-din-alba-iulia-si-cugir-din-timpul-revolutiei-din-1989\/"},"wordCount":345,"commentCount":0,"image":{"@id":"https:\/\/urbeamea.ro\/albaiulia\/centrul-de-cultura-augustin-bena-alba-expozitie-de-fotografie-cu-instantanee-din-alba-iulia-si-cugir-din-timpul-revolutiei-din-1989\/#primaryimage"},"thumbnailUrl":"https:\/\/urbeamea.ro\/albaiulia\/wp-content\/uploads\/2023\/12\/411005989_691028219840026_6486456708668001766_n.jpg","articleSection":["Evenimente"],"inLanguage":"ro-RO","potentialAction":[{"@type":"CommentAction","name":"Comment","target":["https:\/\/urbeamea.ro\/albaiulia\/centrul-de-cultura-augustin-bena-alba-expozitie-de-fotografie-cu-instantanee-din-alba-iulia-si-cugir-din-timpul-revolutiei-din-1989\/#respond"]}]},{"@type":"WebPage","@id":"https:\/\/urbeamea.ro\/albaiulia\/centrul-de-cultura-augustin-bena-alba-expozitie-de-fotografie-cu-instantanee-din-alba-iulia-si-cugir-din-timpul-revolutiei-din-1989\/","url":"https:\/\/urbeamea.ro\/albaiulia\/centrul-de-cultura-augustin-bena-alba-expozitie-de-fotografie-cu-instantanee-din-alba-iulia-si-cugir-din-timpul-revolutiei-din-1989\/","name":"Centrul de Cultur\u0103 \u201eAugustin Bena\u201d Alba: Expozi\u021bie de fotografie cu instantanee din Alba Iulia \u0219i Cugir, din timpul Revolu\u021biei din 1989 - Revista Urbea Mea - Revista de Alba","isPartOf":{"@id":"https:\/\/urbeamea.ro\/albaiulia\/#website"},"primaryImageOfPage":{"@id":"https:\/\/urbeamea.ro\/albaiulia\/centrul-de-cultura-augustin-bena-alba-expozitie-de-fotografie-cu-instantanee-din-alba-iulia-si-cugir-din-timpul-revolutiei-din-1989\/#primaryimage"},"image":{"@id":"https:\/\/urbeamea.ro\/albaiulia\/centrul-de-cultura-augustin-bena-alba-expozitie-de-fotografie-cu-instantanee-din-alba-iulia-si-cugir-din-timpul-revolutiei-din-1989\/#primaryimage"},"thumbnailUrl":"https:\/\/urbeamea.ro\/albaiulia\/wp-content\/uploads\/2023\/12\/411005989_691028219840026_6486456708668001766_n.jpg","datePublished":"2023-12-21T18:44:20+00:00","dateModified":"2023-12-21T18:44:22+00:00","author":{"@id":"https:\/\/urbeamea.ro\/albaiulia\/#\/schema\/person\/272ae98052f8ee8980f59848df070247"},"description":"Spa\u021biul expozi\u021bional urban al Centrului de Cultur\u0103 \u201eAugustin Bena\u201d Alba g\u0103zduie\u0219te, \u00een aceast\u0103 perioad\u0103, o expozi\u021bie de art\u0103 fotografic\u0103 cu instantanee","breadcrumb":{"@id":"https:\/\/urbeamea.ro\/albaiulia\/centrul-de-cultura-augustin-bena-alba-expozitie-de-fotografie-cu-instantanee-din-alba-iulia-si-cugir-din-timpul-revolutiei-din-1989\/#breadcrumb"},"inLanguage":"ro-RO","potentialAction":[{"@type":"ReadAction","target":["https:\/\/urbeamea.ro\/albaiulia\/centrul-de-cultura-augustin-bena-alba-expozitie-de-fotografie-cu-instantanee-din-alba-iulia-si-cugir-din-timpul-revolutiei-din-1989\/"]}]},{"@type":"ImageObject","inLanguage":"ro-RO","@id":"https:\/\/urbeamea.ro\/albaiulia\/centrul-de-cultura-augustin-bena-alba-expozitie-de-fotografie-cu-instantanee-din-alba-iulia-si-cugir-din-timpul-revolutiei-din-1989\/#primaryimage","url":"https:\/\/urbeamea.ro\/albaiulia\/wp-content\/uploads\/2023\/12\/411005989_691028219840026_6486456708668001766_n.jpg","contentUrl":"https:\/\/urbeamea.ro\/albaiulia\/wp-content\/uploads\/2023\/12\/411005989_691028219840026_6486456708668001766_n.jpg","width":1440,"height":1018},{"@type":"BreadcrumbList","@id":"https:\/\/urbeamea.ro\/albaiulia\/centrul-de-cultura-augustin-bena-alba-expozitie-de-fotografie-cu-instantanee-din-alba-iulia-si-cugir-din-timpul-revolutiei-din-1989\/#breadcrumb","itemListElement":[{"@type":"ListItem","position":1,"name":"Prima pagin\u0103","item":"https:\/\/urbeamea.ro\/albaiulia\/"},{"@type":"ListItem","position":2,"name":"Centrul de Cultur\u0103 \u201eAugustin Bena\u201d Alba: Expozi\u021bie de fotografie cu instantanee din Alba Iulia \u0219i Cugir, din timpul Revolu\u021biei din 1989"}]},{"@type":"WebSite","@id":"https:\/\/urbeamea.ro\/albaiulia\/#website","url":"https:\/\/urbeamea.ro\/albaiulia\/","name":"Revista Urbea Mea, Stiri urbane","description":"Evenimente \u0219i \u0219tiri din Alba Iulia, Sebe\u0219, Aiud, Blaj","potentialAction":[{"@type":"SearchAction","target":{"@type":"EntryPoint","urlTemplate":"https:\/\/urbeamea.ro\/albaiulia\/?s={search_term_string}"},"query-input":{"@type":"PropertyValueSpecification","valueRequired":true,"valueName":"search_term_string"}}],"inLanguage":"ro-RO"},{"@type":"Person","@id":"https:\/\/urbeamea.ro\/albaiulia\/#\/schema\/person\/272ae98052f8ee8980f59848df070247","name":"Redac\u021bia UrbeaMea","image":{"@type":"ImageObject","inLanguage":"ro-RO","@id":"https:\/\/secure.gravatar.com\/avatar\/9ce5a9435071fa1037e8468053ead8e513dbbff59009d3069aadb85506d85a27?s=96&d=mm&r=g","url":"https:\/\/secure.gravatar.com\/avatar\/9ce5a9435071fa1037e8468053ead8e513dbbff59009d3069aadb85506d85a27?s=96&d=mm&r=g","contentUrl":"https:\/\/secure.gravatar.com\/avatar\/9ce5a9435071fa1037e8468053ead8e513dbbff59009d3069aadb85506d85a27?s=96&d=mm&r=g","caption":"Redac\u021bia UrbeaMea"},"description":"contact@urbeamea.ro","sameAs":["https:\/\/www.urbeamea.ro"],"url":"https:\/\/urbeamea.ro\/albaiulia\/author\/redactia-urbeamea\/"}]}},"_links":{"self":[{"href":"https:\/\/urbeamea.ro\/albaiulia\/wp-json\/wp\/v2\/posts\/109935","targetHints":{"allow":["GET"]}}],"collection":[{"href":"https:\/\/urbeamea.ro\/albaiulia\/wp-json\/wp\/v2\/posts"}],"about":[{"href":"https:\/\/urbeamea.ro\/albaiulia\/wp-json\/wp\/v2\/types\/post"}],"author":[{"embeddable":true,"href":"https:\/\/urbeamea.ro\/albaiulia\/wp-json\/wp\/v2\/users\/16"}],"replies":[{"embeddable":true,"href":"https:\/\/urbeamea.ro\/albaiulia\/wp-json\/wp\/v2\/comments?post=109935"}],"version-history":[{"count":1,"href":"https:\/\/urbeamea.ro\/albaiulia\/wp-json\/wp\/v2\/posts\/109935\/revisions"}],"predecessor-version":[{"id":109948,"href":"https:\/\/urbeamea.ro\/albaiulia\/wp-json\/wp\/v2\/posts\/109935\/revisions\/109948"}],"wp:featuredmedia":[{"embeddable":true,"href":"https:\/\/urbeamea.ro\/albaiulia\/wp-json\/wp\/v2\/media\/109937"}],"wp:attachment":[{"href":"https:\/\/urbeamea.ro\/albaiulia\/wp-json\/wp\/v2\/media?parent=109935"}],"wp:term":[{"taxonomy":"category","embeddable":true,"href":"https:\/\/urbeamea.ro\/albaiulia\/wp-json\/wp\/v2\/categories?post=109935"},{"taxonomy":"post_tag","embeddable":true,"href":"https:\/\/urbeamea.ro\/albaiulia\/wp-json\/wp\/v2\/tags?post=109935"}],"curies":[{"name":"wp","href":"https:\/\/api.w.org\/{rel}","templated":true}]}}