{"id":10994,"date":"2015-10-31T18:08:10","date_gmt":"2015-10-31T16:08:10","guid":{"rendered":"http:\/\/urbeamea.ro\/albaiulia\/?p=10994"},"modified":"2016-01-18T18:43:08","modified_gmt":"2016-01-18T16:43:08","slug":"isj-alba-a-suspedat-urmatoarele-baluri-ale-bobocilor-care-urmeaza-sa-se-organizeze-in-cluburi","status":"publish","type":"post","link":"https:\/\/urbeamea.ro\/albaiulia\/isj-alba-a-suspedat-urmatoarele-baluri-ale-bobocilor-care-urmeaza-sa-se-organizeze-in-cluburi\/","title":{"rendered":"ISJ Alba a suspedat urm\u0103toarele baluri ale bobocilor care urmeaz\u0103 s\u0103 se organizeze \u00een cluburi"},"content":{"rendered":"<p><strong><a href=\"http:\/\/urbeamea.ro\/albaiulia\/wp-content\/uploads\/2015\/10\/isj-alba.jpg\"><img loading=\"lazy\" decoding=\"async\" class=\"size-medium wp-image-10995 alignleft\" src=\"http:\/\/urbeamea.ro\/albaiulia\/wp-content\/uploads\/2015\/10\/isj-alba-300x182.jpg\" alt=\"isj-alba\" width=\"300\" height=\"182\" srcset=\"https:\/\/urbeamea.ro\/albaiulia\/wp-content\/uploads\/2015\/10\/isj-alba-300x182.jpg 300w, https:\/\/urbeamea.ro\/albaiulia\/wp-content\/uploads\/2015\/10\/isj-alba-150x91.jpg 150w, https:\/\/urbeamea.ro\/albaiulia\/wp-content\/uploads\/2015\/10\/isj-alba-265x160.jpg 265w, https:\/\/urbeamea.ro\/albaiulia\/wp-content\/uploads\/2015\/10\/isj-alba-370x223.jpg 370w, https:\/\/urbeamea.ro\/albaiulia\/wp-content\/uploads\/2015\/10\/isj-alba-237x143.jpg 237w, https:\/\/urbeamea.ro\/albaiulia\/wp-content\/uploads\/2015\/10\/isj-alba-353x213.jpg 353w, https:\/\/urbeamea.ro\/albaiulia\/wp-content\/uploads\/2015\/10\/isj-alba-383x231.jpg 383w, https:\/\/urbeamea.ro\/albaiulia\/wp-content\/uploads\/2015\/10\/isj-alba.jpg 590w\" sizes=\"auto, (max-width: 300px) 100vw, 300px\" \/><\/a>\u00cen urma incendiului care s-a produs vineri sear\u0103 \u00een Clubul Colectiv din Bucure\u015fti, unde 27 de persoane \u015fi-au pierdut via\u0163a \u015fi alte aproximativ 200 au fost r\u0103nite, toate balurile bobocilor care ar fi urmat s\u0103 fie organizate \u00een aceast\u0103 perioad\u0103 de c\u0103tre licee \u00een cluburile din jude\u021bul Alba vor fi suspendate, potrivit inspectorului general Marcela D\u0103r\u0103mu\u0219.<\/strong><\/p>\n<p>Dup\u0103 tragedia care s-a produs vineri noaptea \u00een Capital\u0103, unde zeci de persoane au decedat \u00een urma unui incendiu produs \u00eentr-un club, ISJ Alba a hot\u0103r\u00e2t s\u0103 suspendate balurile bobocilor care urmeaz\u0103 s\u0103 se organizeze \u00een jude\u021bul Alba.<\/p>\n<p><em>\u201eUnit\u0103\u0163ile de \u00eenv\u0103\u0163\u0103m\u00e2nt din jude\u021bul Alba s\u0103 verifice localurile, cluburile \u00een care vor fi organizate petreceri \u015fi baluri ale elevilor.<\/em><br \/>\n<em>A\u0219tept\u0103m inform\u0103ri cu privire la aceste evenimente programate \u00een perioada urm\u0103toare.<\/em><br \/>\n<em>Guvernul a decis instituirea a trei zile de doliu na\u0163ional, \u00eencep\u00e2nd de s\u00e2mb\u0103t\u0103, 31 octombrie.\u201d<\/em> a precizat \u0219efa ISJ Alba, Marcela D\u0103r\u0103mu\u0219.<\/p>\n<p><strong>Un incendiu a avut loc, vineri noapte, \u00een clubul Colectiv aflat \u00een\u00a0complexul Fabrica Pionierul, sectorul 4 din Capital\u0103. Secretarul de stat \u00een MAI, Raed Arafat, a confirmat c\u0103 num\u0103rul persoanelor decedate a ajuns la 27, iar cel al r\u0103ni\u021bilor la 184,\u00a0 \u00eens\u0103 doar 146 dintre ace\u0219tia au r\u0103mas interna\u021bi \u00een spitale.\u00a0<\/strong><\/p>\n<p>&nbsp;<\/p>\n","protected":false},"excerpt":{"rendered":"<p>\u00cen urma incendiului care s-a produs vineri sear\u0103 \u00een Clubul Colectiv din Bucure\u015fti, unde 27 de persoane \u015fi-au pierdut via\u0163a \u015fi alte aproximativ 200 au fost r\u0103nite, toate balurile bobocilor care ar fi urmat s\u0103 fie organizate \u00een aceast\u0103 perioad\u0103 de c\u0103tre licee \u00een cluburile din jude\u021bul Alba vor fi suspendate, potrivit inspectorului general Marcela &hellip;<\/p>\n","protected":false},"author":17,"featured_media":10995,"comment_status":"open","ping_status":"open","sticky":false,"template":"","format":"standard","meta":{"inline_featured_image":false,"footnotes":""},"categories":[2039],"tags":[802,799,803,798,804,801,308,800,76],"class_list":["post-10994","post","type-post","status-publish","format-standard","has-post-thumbnail","hentry","category-educatie","tag-club-colectiv","tag-cluburu","tag-decedati","tag-isj-alba","tag-raniti","tag-salurile-bobocilor","tag-stiri","tag-suspendate","tag-urbea-mea"],"yoast_head":"<!-- This site is optimized with the Yoast SEO plugin v28.3 - https:\/\/yoast.com\/product\/yoast-seo-wordpress\/ -->\n<title>ISJ Alba a suspedat urm\u0103toarele baluri ale bobocilor care urmeaz\u0103 s\u0103 se organizeze \u00een cluburi - Revista Urbea Mea - Revista de Alba<\/title>\n<meta name=\"description\" content=\"\u00cen urma incendiului care s-a produs vineri sear\u0103 \u00een Clubul Colectiv din Bucure\u015fti, unde 27 de persoane \u015fi-au pierdut via\u0163a \u015fi alte aproximativ 200 au fost\" \/>\n<meta name=\"robots\" content=\"index, follow, max-snippet:-1, max-image-preview:large, max-video-preview:-1\" \/>\n<link rel=\"canonical\" href=\"https:\/\/urbeamea.ro\/albaiulia\/isj-alba-a-suspedat-urmatoarele-baluri-ale-bobocilor-care-urmeaza-sa-se-organizeze-in-cluburi\/\" \/>\n<meta name=\"twitter:card\" content=\"summary_large_image\" \/>\n<meta name=\"twitter:title\" content=\"ISJ Alba a suspedat urm\u0103toarele baluri ale bobocilor care urmeaz\u0103 s\u0103 se organizeze \u00een cluburi - Revista Urbea Mea - Revista de Alba\" \/>\n<meta name=\"twitter:description\" content=\"\u00cen urma incendiului care s-a produs vineri sear\u0103 \u00een Clubul Colectiv din Bucure\u015fti, unde 27 de persoane \u015fi-au pierdut via\u0163a \u015fi alte aproximativ 200 au fost\" \/>\n<meta name=\"twitter:image\" content=\"https:\/\/urbeamea.ro\/albaiulia\/wp-content\/uploads\/2015\/10\/isj-alba.jpg\" \/>\n<meta name=\"twitter:creator\" content=\"@urbeameaweb\" \/>\n<meta name=\"twitter:site\" content=\"@urbeameaweb\" \/>\n<script type=\"application\/ld+json\" class=\"yoast-schema-graph\">{\"@context\":\"https:\\\/\\\/schema.org\",\"@graph\":[{\"@type\":\"Article\",\"@id\":\"https:\\\/\\\/urbeamea.ro\\\/albaiulia\\\/isj-alba-a-suspedat-urmatoarele-baluri-ale-bobocilor-care-urmeaza-sa-se-organizeze-in-cluburi\\\/#article\",\"isPartOf\":{\"@id\":\"https:\\\/\\\/urbeamea.ro\\\/albaiulia\\\/isj-alba-a-suspedat-urmatoarele-baluri-ale-bobocilor-care-urmeaza-sa-se-organizeze-in-cluburi\\\/\"},\"author\":{\"name\":\"Cristina Ganga\",\"@id\":\"https:\\\/\\\/urbeamea.ro\\\/albaiulia\\\/#\\\/schema\\\/person\\\/9700d21fae21c4f038b0b56f4506264a\"},\"headline\":\"ISJ Alba a suspedat urm\u0103toarele baluri ale bobocilor care urmeaz\u0103 s\u0103 se organizeze \u00een cluburi\",\"datePublished\":\"2015-10-31T16:08:10+00:00\",\"dateModified\":\"2016-01-18T16:43:08+00:00\",\"mainEntityOfPage\":{\"@id\":\"https:\\\/\\\/urbeamea.ro\\\/albaiulia\\\/isj-alba-a-suspedat-urmatoarele-baluri-ale-bobocilor-care-urmeaza-sa-se-organizeze-in-cluburi\\\/\"},\"wordCount\":239,\"commentCount\":0,\"image\":{\"@id\":\"https:\\\/\\\/urbeamea.ro\\\/albaiulia\\\/isj-alba-a-suspedat-urmatoarele-baluri-ale-bobocilor-care-urmeaza-sa-se-organizeze-in-cluburi\\\/#primaryimage\"},\"thumbnailUrl\":\"https:\\\/\\\/urbeamea.ro\\\/albaiulia\\\/wp-content\\\/uploads\\\/2015\\\/10\\\/isj-alba.jpg\",\"keywords\":[\"club colectiv\",\"cluburu\",\"decedati\",\"ISJ Alba\",\"raniti\",\"salurile bobocilor\",\"stiri\",\"suspendate\",\"Urbea Mea\"],\"articleSection\":[\"Educa\u021bie\"],\"inLanguage\":\"ro-RO\",\"potentialAction\":[{\"@type\":\"CommentAction\",\"name\":\"Comment\",\"target\":[\"https:\\\/\\\/urbeamea.ro\\\/albaiulia\\\/isj-alba-a-suspedat-urmatoarele-baluri-ale-bobocilor-care-urmeaza-sa-se-organizeze-in-cluburi\\\/#respond\"]}]},{\"@type\":\"WebPage\",\"@id\":\"https:\\\/\\\/urbeamea.ro\\\/albaiulia\\\/isj-alba-a-suspedat-urmatoarele-baluri-ale-bobocilor-care-urmeaza-sa-se-organizeze-in-cluburi\\\/\",\"url\":\"https:\\\/\\\/urbeamea.ro\\\/albaiulia\\\/isj-alba-a-suspedat-urmatoarele-baluri-ale-bobocilor-care-urmeaza-sa-se-organizeze-in-cluburi\\\/\",\"name\":\"ISJ Alba a suspedat urm\u0103toarele baluri ale bobocilor care urmeaz\u0103 s\u0103 se organizeze \u00een cluburi - Revista Urbea Mea - Revista de Alba\",\"isPartOf\":{\"@id\":\"https:\\\/\\\/urbeamea.ro\\\/albaiulia\\\/#website\"},\"primaryImageOfPage\":{\"@id\":\"https:\\\/\\\/urbeamea.ro\\\/albaiulia\\\/isj-alba-a-suspedat-urmatoarele-baluri-ale-bobocilor-care-urmeaza-sa-se-organizeze-in-cluburi\\\/#primaryimage\"},\"image\":{\"@id\":\"https:\\\/\\\/urbeamea.ro\\\/albaiulia\\\/isj-alba-a-suspedat-urmatoarele-baluri-ale-bobocilor-care-urmeaza-sa-se-organizeze-in-cluburi\\\/#primaryimage\"},\"thumbnailUrl\":\"https:\\\/\\\/urbeamea.ro\\\/albaiulia\\\/wp-content\\\/uploads\\\/2015\\\/10\\\/isj-alba.jpg\",\"datePublished\":\"2015-10-31T16:08:10+00:00\",\"dateModified\":\"2016-01-18T16:43:08+00:00\",\"author\":{\"@id\":\"https:\\\/\\\/urbeamea.ro\\\/albaiulia\\\/#\\\/schema\\\/person\\\/9700d21fae21c4f038b0b56f4506264a\"},\"description\":\"\u00cen urma incendiului care s-a produs vineri sear\u0103 \u00een Clubul Colectiv din Bucure\u015fti, unde 27 de persoane \u015fi-au pierdut via\u0163a \u015fi alte aproximativ 200 au fost\",\"breadcrumb\":{\"@id\":\"https:\\\/\\\/urbeamea.ro\\\/albaiulia\\\/isj-alba-a-suspedat-urmatoarele-baluri-ale-bobocilor-care-urmeaza-sa-se-organizeze-in-cluburi\\\/#breadcrumb\"},\"inLanguage\":\"ro-RO\",\"potentialAction\":[{\"@type\":\"ReadAction\",\"target\":[\"https:\\\/\\\/urbeamea.ro\\\/albaiulia\\\/isj-alba-a-suspedat-urmatoarele-baluri-ale-bobocilor-care-urmeaza-sa-se-organizeze-in-cluburi\\\/\"]}]},{\"@type\":\"ImageObject\",\"inLanguage\":\"ro-RO\",\"@id\":\"https:\\\/\\\/urbeamea.ro\\\/albaiulia\\\/isj-alba-a-suspedat-urmatoarele-baluri-ale-bobocilor-care-urmeaza-sa-se-organizeze-in-cluburi\\\/#primaryimage\",\"url\":\"https:\\\/\\\/urbeamea.ro\\\/albaiulia\\\/wp-content\\\/uploads\\\/2015\\\/10\\\/isj-alba.jpg\",\"contentUrl\":\"https:\\\/\\\/urbeamea.ro\\\/albaiulia\\\/wp-content\\\/uploads\\\/2015\\\/10\\\/isj-alba.jpg\",\"width\":590,\"height\":358},{\"@type\":\"BreadcrumbList\",\"@id\":\"https:\\\/\\\/urbeamea.ro\\\/albaiulia\\\/isj-alba-a-suspedat-urmatoarele-baluri-ale-bobocilor-care-urmeaza-sa-se-organizeze-in-cluburi\\\/#breadcrumb\",\"itemListElement\":[{\"@type\":\"ListItem\",\"position\":1,\"name\":\"Prima pagin\u0103\",\"item\":\"https:\\\/\\\/urbeamea.ro\\\/albaiulia\\\/\"},{\"@type\":\"ListItem\",\"position\":2,\"name\":\"ISJ Alba a suspedat urm\u0103toarele baluri ale bobocilor care urmeaz\u0103 s\u0103 se organizeze \u00een cluburi\"}]},{\"@type\":\"WebSite\",\"@id\":\"https:\\\/\\\/urbeamea.ro\\\/albaiulia\\\/#website\",\"url\":\"https:\\\/\\\/urbeamea.ro\\\/albaiulia\\\/\",\"name\":\"Revista Urbea Mea, Stiri urbane\",\"description\":\"Evenimente \u0219i \u0219tiri din Alba Iulia, Sebe\u0219, Aiud, Blaj\",\"potentialAction\":[{\"@type\":\"SearchAction\",\"target\":{\"@type\":\"EntryPoint\",\"urlTemplate\":\"https:\\\/\\\/urbeamea.ro\\\/albaiulia\\\/?s={search_term_string}\"},\"query-input\":{\"@type\":\"PropertyValueSpecification\",\"valueRequired\":true,\"valueName\":\"search_term_string\"}}],\"inLanguage\":\"ro-RO\"},{\"@type\":\"Person\",\"@id\":\"https:\\\/\\\/urbeamea.ro\\\/albaiulia\\\/#\\\/schema\\\/person\\\/9700d21fae21c4f038b0b56f4506264a\",\"name\":\"Cristina Ganga\",\"image\":{\"@type\":\"ImageObject\",\"inLanguage\":\"ro-RO\",\"@id\":\"https:\\\/\\\/secure.gravatar.com\\\/avatar\\\/5a67661041f057b4a8ccaf26f5a8e86e2689372006d01faf3dd9eeb10b654bb4?s=96&d=mm&r=g\",\"url\":\"https:\\\/\\\/secure.gravatar.com\\\/avatar\\\/5a67661041f057b4a8ccaf26f5a8e86e2689372006d01faf3dd9eeb10b654bb4?s=96&d=mm&r=g\",\"contentUrl\":\"https:\\\/\\\/secure.gravatar.com\\\/avatar\\\/5a67661041f057b4a8ccaf26f5a8e86e2689372006d01faf3dd9eeb10b654bb4?s=96&d=mm&r=g\",\"caption\":\"Cristina Ganga\"},\"description\":\"Jurnalist\",\"sameAs\":[\"https:\\\/\\\/www.facebook.com\\\/cristina.nicola.587\"],\"url\":\"https:\\\/\\\/urbeamea.ro\\\/albaiulia\\\/author\\\/cristina-nicola\\\/\"}]}<\/script>\n<!-- \/ Yoast SEO plugin. -->","yoast_head_json":{"title":"ISJ Alba a suspedat urm\u0103toarele baluri ale bobocilor care urmeaz\u0103 s\u0103 se organizeze \u00een cluburi - Revista Urbea Mea - Revista de Alba","description":"\u00cen urma incendiului care s-a produs vineri sear\u0103 \u00een Clubul Colectiv din Bucure\u015fti, unde 27 de persoane \u015fi-au pierdut via\u0163a \u015fi alte aproximativ 200 au fost","robots":{"index":"index","follow":"follow","max-snippet":"max-snippet:-1","max-image-preview":"max-image-preview:large","max-video-preview":"max-video-preview:-1"},"canonical":"https:\/\/urbeamea.ro\/albaiulia\/isj-alba-a-suspedat-urmatoarele-baluri-ale-bobocilor-care-urmeaza-sa-se-organizeze-in-cluburi\/","twitter_card":"summary_large_image","twitter_title":"ISJ Alba a suspedat urm\u0103toarele baluri ale bobocilor care urmeaz\u0103 s\u0103 se organizeze \u00een cluburi - Revista Urbea Mea - Revista de Alba","twitter_description":"\u00cen urma incendiului care s-a produs vineri sear\u0103 \u00een Clubul Colectiv din Bucure\u015fti, unde 27 de persoane \u015fi-au pierdut via\u0163a \u015fi alte aproximativ 200 au fost","twitter_image":"https:\/\/urbeamea.ro\/albaiulia\/wp-content\/uploads\/2015\/10\/isj-alba.jpg","twitter_creator":"@urbeameaweb","twitter_site":"@urbeameaweb","schema":{"@context":"https:\/\/schema.org","@graph":[{"@type":"Article","@id":"https:\/\/urbeamea.ro\/albaiulia\/isj-alba-a-suspedat-urmatoarele-baluri-ale-bobocilor-care-urmeaza-sa-se-organizeze-in-cluburi\/#article","isPartOf":{"@id":"https:\/\/urbeamea.ro\/albaiulia\/isj-alba-a-suspedat-urmatoarele-baluri-ale-bobocilor-care-urmeaza-sa-se-organizeze-in-cluburi\/"},"author":{"name":"Cristina Ganga","@id":"https:\/\/urbeamea.ro\/albaiulia\/#\/schema\/person\/9700d21fae21c4f038b0b56f4506264a"},"headline":"ISJ Alba a suspedat urm\u0103toarele baluri ale bobocilor care urmeaz\u0103 s\u0103 se organizeze \u00een cluburi","datePublished":"2015-10-31T16:08:10+00:00","dateModified":"2016-01-18T16:43:08+00:00","mainEntityOfPage":{"@id":"https:\/\/urbeamea.ro\/albaiulia\/isj-alba-a-suspedat-urmatoarele-baluri-ale-bobocilor-care-urmeaza-sa-se-organizeze-in-cluburi\/"},"wordCount":239,"commentCount":0,"image":{"@id":"https:\/\/urbeamea.ro\/albaiulia\/isj-alba-a-suspedat-urmatoarele-baluri-ale-bobocilor-care-urmeaza-sa-se-organizeze-in-cluburi\/#primaryimage"},"thumbnailUrl":"https:\/\/urbeamea.ro\/albaiulia\/wp-content\/uploads\/2015\/10\/isj-alba.jpg","keywords":["club colectiv","cluburu","decedati","ISJ Alba","raniti","salurile bobocilor","stiri","suspendate","Urbea Mea"],"articleSection":["Educa\u021bie"],"inLanguage":"ro-RO","potentialAction":[{"@type":"CommentAction","name":"Comment","target":["https:\/\/urbeamea.ro\/albaiulia\/isj-alba-a-suspedat-urmatoarele-baluri-ale-bobocilor-care-urmeaza-sa-se-organizeze-in-cluburi\/#respond"]}]},{"@type":"WebPage","@id":"https:\/\/urbeamea.ro\/albaiulia\/isj-alba-a-suspedat-urmatoarele-baluri-ale-bobocilor-care-urmeaza-sa-se-organizeze-in-cluburi\/","url":"https:\/\/urbeamea.ro\/albaiulia\/isj-alba-a-suspedat-urmatoarele-baluri-ale-bobocilor-care-urmeaza-sa-se-organizeze-in-cluburi\/","name":"ISJ Alba a suspedat urm\u0103toarele baluri ale bobocilor care urmeaz\u0103 s\u0103 se organizeze \u00een cluburi - Revista Urbea Mea - Revista de Alba","isPartOf":{"@id":"https:\/\/urbeamea.ro\/albaiulia\/#website"},"primaryImageOfPage":{"@id":"https:\/\/urbeamea.ro\/albaiulia\/isj-alba-a-suspedat-urmatoarele-baluri-ale-bobocilor-care-urmeaza-sa-se-organizeze-in-cluburi\/#primaryimage"},"image":{"@id":"https:\/\/urbeamea.ro\/albaiulia\/isj-alba-a-suspedat-urmatoarele-baluri-ale-bobocilor-care-urmeaza-sa-se-organizeze-in-cluburi\/#primaryimage"},"thumbnailUrl":"https:\/\/urbeamea.ro\/albaiulia\/wp-content\/uploads\/2015\/10\/isj-alba.jpg","datePublished":"2015-10-31T16:08:10+00:00","dateModified":"2016-01-18T16:43:08+00:00","author":{"@id":"https:\/\/urbeamea.ro\/albaiulia\/#\/schema\/person\/9700d21fae21c4f038b0b56f4506264a"},"description":"\u00cen urma incendiului care s-a produs vineri sear\u0103 \u00een Clubul Colectiv din Bucure\u015fti, unde 27 de persoane \u015fi-au pierdut via\u0163a \u015fi alte aproximativ 200 au fost","breadcrumb":{"@id":"https:\/\/urbeamea.ro\/albaiulia\/isj-alba-a-suspedat-urmatoarele-baluri-ale-bobocilor-care-urmeaza-sa-se-organizeze-in-cluburi\/#breadcrumb"},"inLanguage":"ro-RO","potentialAction":[{"@type":"ReadAction","target":["https:\/\/urbeamea.ro\/albaiulia\/isj-alba-a-suspedat-urmatoarele-baluri-ale-bobocilor-care-urmeaza-sa-se-organizeze-in-cluburi\/"]}]},{"@type":"ImageObject","inLanguage":"ro-RO","@id":"https:\/\/urbeamea.ro\/albaiulia\/isj-alba-a-suspedat-urmatoarele-baluri-ale-bobocilor-care-urmeaza-sa-se-organizeze-in-cluburi\/#primaryimage","url":"https:\/\/urbeamea.ro\/albaiulia\/wp-content\/uploads\/2015\/10\/isj-alba.jpg","contentUrl":"https:\/\/urbeamea.ro\/albaiulia\/wp-content\/uploads\/2015\/10\/isj-alba.jpg","width":590,"height":358},{"@type":"BreadcrumbList","@id":"https:\/\/urbeamea.ro\/albaiulia\/isj-alba-a-suspedat-urmatoarele-baluri-ale-bobocilor-care-urmeaza-sa-se-organizeze-in-cluburi\/#breadcrumb","itemListElement":[{"@type":"ListItem","position":1,"name":"Prima pagin\u0103","item":"https:\/\/urbeamea.ro\/albaiulia\/"},{"@type":"ListItem","position":2,"name":"ISJ Alba a suspedat urm\u0103toarele baluri ale bobocilor care urmeaz\u0103 s\u0103 se organizeze \u00een cluburi"}]},{"@type":"WebSite","@id":"https:\/\/urbeamea.ro\/albaiulia\/#website","url":"https:\/\/urbeamea.ro\/albaiulia\/","name":"Revista Urbea Mea, Stiri urbane","description":"Evenimente \u0219i \u0219tiri din Alba Iulia, Sebe\u0219, Aiud, Blaj","potentialAction":[{"@type":"SearchAction","target":{"@type":"EntryPoint","urlTemplate":"https:\/\/urbeamea.ro\/albaiulia\/?s={search_term_string}"},"query-input":{"@type":"PropertyValueSpecification","valueRequired":true,"valueName":"search_term_string"}}],"inLanguage":"ro-RO"},{"@type":"Person","@id":"https:\/\/urbeamea.ro\/albaiulia\/#\/schema\/person\/9700d21fae21c4f038b0b56f4506264a","name":"Cristina Ganga","image":{"@type":"ImageObject","inLanguage":"ro-RO","@id":"https:\/\/secure.gravatar.com\/avatar\/5a67661041f057b4a8ccaf26f5a8e86e2689372006d01faf3dd9eeb10b654bb4?s=96&d=mm&r=g","url":"https:\/\/secure.gravatar.com\/avatar\/5a67661041f057b4a8ccaf26f5a8e86e2689372006d01faf3dd9eeb10b654bb4?s=96&d=mm&r=g","contentUrl":"https:\/\/secure.gravatar.com\/avatar\/5a67661041f057b4a8ccaf26f5a8e86e2689372006d01faf3dd9eeb10b654bb4?s=96&d=mm&r=g","caption":"Cristina Ganga"},"description":"Jurnalist","sameAs":["https:\/\/www.facebook.com\/cristina.nicola.587"],"url":"https:\/\/urbeamea.ro\/albaiulia\/author\/cristina-nicola\/"}]}},"_links":{"self":[{"href":"https:\/\/urbeamea.ro\/albaiulia\/wp-json\/wp\/v2\/posts\/10994","targetHints":{"allow":["GET"]}}],"collection":[{"href":"https:\/\/urbeamea.ro\/albaiulia\/wp-json\/wp\/v2\/posts"}],"about":[{"href":"https:\/\/urbeamea.ro\/albaiulia\/wp-json\/wp\/v2\/types\/post"}],"author":[{"embeddable":true,"href":"https:\/\/urbeamea.ro\/albaiulia\/wp-json\/wp\/v2\/users\/17"}],"replies":[{"embeddable":true,"href":"https:\/\/urbeamea.ro\/albaiulia\/wp-json\/wp\/v2\/comments?post=10994"}],"version-history":[{"count":0,"href":"https:\/\/urbeamea.ro\/albaiulia\/wp-json\/wp\/v2\/posts\/10994\/revisions"}],"wp:featuredmedia":[{"embeddable":true,"href":"https:\/\/urbeamea.ro\/albaiulia\/wp-json\/wp\/v2\/media\/10995"}],"wp:attachment":[{"href":"https:\/\/urbeamea.ro\/albaiulia\/wp-json\/wp\/v2\/media?parent=10994"}],"wp:term":[{"taxonomy":"category","embeddable":true,"href":"https:\/\/urbeamea.ro\/albaiulia\/wp-json\/wp\/v2\/categories?post=10994"},{"taxonomy":"post_tag","embeddable":true,"href":"https:\/\/urbeamea.ro\/albaiulia\/wp-json\/wp\/v2\/tags?post=10994"}],"curies":[{"name":"wp","href":"https:\/\/api.w.org\/{rel}","templated":true}]}}