{"id":109975,"date":"2023-12-21T15:16:00","date_gmt":"2023-12-21T13:16:00","guid":{"rendered":"https:\/\/urbeamea.ro\/albaiulia\/?p=109975"},"modified":"2024-01-01T15:18:13","modified_gmt":"2024-01-01T13:18:13","slug":"anunt-plata-impozitelor-si-taxelor-locale-2024-la-sebes","status":"publish","type":"post","link":"https:\/\/urbeamea.ro\/albaiulia\/anunt-plata-impozitelor-si-taxelor-locale-2024-la-sebes\/","title":{"rendered":"Anun\u021b plata impozitelor \u0219i taxelor locale 2024 la Sebe\u0219"},"content":{"rendered":"\n<p>Municipiul Sebe\u0219, prin Direc\u021bia venituri, anun\u021b\u0103 contribuabilii, persoane fizice \u0219i juridice, c\u0103 ultima zi de plat\u0103 a impozitelor \u0219i a taxelor locale, prin mijloace electronice, \u00een anul 2023, este 27.12.2023.<\/p>\n\n\n\n<p>Ultima zi de \u00eencasare a impozitelor \u0219i a taxelor locale, \u00een numerar, la ghi\u0219eul institu\u021biei din P-\u021ba Prim\u0103riei nr. 1, este 29.12.2023, p\u00e2n\u0103 la ora 09:00.<\/p>\n\n\n\n<p>\u00cen anul 2024:<\/p>\n\n\n\n<p>&#8211; Prima zi de \u00eencasare f\u0103r\u0103 debit (amenzi, taxe) este 04.01.2024.<\/p>\n\n\n\n<p>&#8211; Prima zi de \u00eencasare cu debit (impozite pe cl\u0103diri, terenuri, mijloace de transport, alte impozite \u0219i taxe) este 09.01.2024.<\/p>\n\n\n\n<p>&#8211; Prima zi \u00een care se pot efectua pl\u0103\u021bi online este 09.01.2024.<\/p>\n","protected":false},"excerpt":{"rendered":"<p>Municipiul Sebe\u0219, prin Direc\u021bia venituri, anun\u021b\u0103 contribuabilii, persoane fizice \u0219i juridice, c\u0103 ultima zi de plat\u0103 a impozitelor \u0219i a taxelor locale, prin mijloace electronice, \u00een anul 2023, este 27.12.2023. Ultima zi de \u00eencasare a impozitelor \u0219i a taxelor locale, \u00een numerar, la ghi\u0219eul institu\u021biei din P-\u021ba Prim\u0103riei nr. 1, este 29.12.2023, p\u00e2n\u0103 la ora &hellip;<\/p>\n","protected":false},"author":16,"featured_media":81955,"comment_status":"open","ping_status":"open","sticky":false,"template":"","format":"standard","meta":{"inline_featured_image":false,"footnotes":""},"categories":[2035],"tags":[],"class_list":["post-109975","post","type-post","status-publish","format-standard","has-post-thumbnail","hentry","category-administratie"],"yoast_head":"<!-- This site is optimized with the Yoast SEO plugin v27.4 - https:\/\/yoast.com\/product\/yoast-seo-wordpress\/ -->\n<title>Anun\u021b plata impozitelor \u0219i taxelor locale 2024 la Sebe\u0219 - Revista Urbea Mea - Revista de Alba<\/title>\n<meta name=\"description\" content=\"Municipiul Sebe\u0219, prin Direc\u021bia venituri, anun\u021b\u0103 contribuabilii, persoane fizice \u0219i juridice, c\u0103 ultima zi de plat\u0103 a impozitelor \u0219i a taxelor locale,\" \/>\n<meta name=\"robots\" content=\"index, follow, max-snippet:-1, max-image-preview:large, max-video-preview:-1\" \/>\n<link rel=\"canonical\" href=\"https:\/\/urbeamea.ro\/albaiulia\/anunt-plata-impozitelor-si-taxelor-locale-2024-la-sebes\/\" \/>\n<meta name=\"twitter:card\" content=\"summary_large_image\" \/>\n<meta name=\"twitter:title\" content=\"Anun\u021b plata impozitelor \u0219i taxelor locale 2024 la Sebe\u0219 - Revista Urbea Mea - Revista de Alba\" \/>\n<meta name=\"twitter:description\" content=\"Municipiul Sebe\u0219, prin Direc\u021bia venituri, anun\u021b\u0103 contribuabilii, persoane fizice \u0219i juridice, c\u0103 ultima zi de plat\u0103 a impozitelor \u0219i a taxelor locale,\" \/>\n<meta name=\"twitter:image\" content=\"https:\/\/urbeamea.ro\/albaiulia\/wp-content\/uploads\/2019\/09\/primaria-sebes-mai-2017.jpg\" \/>\n<meta name=\"twitter:creator\" content=\"@urbeameaweb\" \/>\n<meta name=\"twitter:site\" content=\"@urbeameaweb\" \/>\n<script type=\"application\/ld+json\" class=\"yoast-schema-graph\">{\"@context\":\"https:\\\/\\\/schema.org\",\"@graph\":[{\"@type\":\"Article\",\"@id\":\"https:\\\/\\\/urbeamea.ro\\\/albaiulia\\\/anunt-plata-impozitelor-si-taxelor-locale-2024-la-sebes\\\/#article\",\"isPartOf\":{\"@id\":\"https:\\\/\\\/urbeamea.ro\\\/albaiulia\\\/anunt-plata-impozitelor-si-taxelor-locale-2024-la-sebes\\\/\"},\"author\":{\"name\":\"Redac\u021bia UrbeaMea\",\"@id\":\"https:\\\/\\\/urbeamea.ro\\\/albaiulia\\\/#\\\/schema\\\/person\\\/272ae98052f8ee8980f59848df070247\"},\"headline\":\"Anun\u021b plata impozitelor \u0219i taxelor locale 2024 la Sebe\u0219\",\"datePublished\":\"2023-12-21T13:16:00+00:00\",\"dateModified\":\"2024-01-01T13:18:13+00:00\",\"mainEntityOfPage\":{\"@id\":\"https:\\\/\\\/urbeamea.ro\\\/albaiulia\\\/anunt-plata-impozitelor-si-taxelor-locale-2024-la-sebes\\\/\"},\"wordCount\":110,\"commentCount\":0,\"image\":{\"@id\":\"https:\\\/\\\/urbeamea.ro\\\/albaiulia\\\/anunt-plata-impozitelor-si-taxelor-locale-2024-la-sebes\\\/#primaryimage\"},\"thumbnailUrl\":\"https:\\\/\\\/urbeamea.ro\\\/albaiulia\\\/wp-content\\\/uploads\\\/2019\\\/09\\\/primaria-sebes-mai-2017.jpg\",\"articleSection\":[\"Administra\u021bie\"],\"inLanguage\":\"ro-RO\",\"potentialAction\":[{\"@type\":\"CommentAction\",\"name\":\"Comment\",\"target\":[\"https:\\\/\\\/urbeamea.ro\\\/albaiulia\\\/anunt-plata-impozitelor-si-taxelor-locale-2024-la-sebes\\\/#respond\"]}]},{\"@type\":\"WebPage\",\"@id\":\"https:\\\/\\\/urbeamea.ro\\\/albaiulia\\\/anunt-plata-impozitelor-si-taxelor-locale-2024-la-sebes\\\/\",\"url\":\"https:\\\/\\\/urbeamea.ro\\\/albaiulia\\\/anunt-plata-impozitelor-si-taxelor-locale-2024-la-sebes\\\/\",\"name\":\"Anun\u021b plata impozitelor \u0219i taxelor locale 2024 la Sebe\u0219 - Revista Urbea Mea - Revista de Alba\",\"isPartOf\":{\"@id\":\"https:\\\/\\\/urbeamea.ro\\\/albaiulia\\\/#website\"},\"primaryImageOfPage\":{\"@id\":\"https:\\\/\\\/urbeamea.ro\\\/albaiulia\\\/anunt-plata-impozitelor-si-taxelor-locale-2024-la-sebes\\\/#primaryimage\"},\"image\":{\"@id\":\"https:\\\/\\\/urbeamea.ro\\\/albaiulia\\\/anunt-plata-impozitelor-si-taxelor-locale-2024-la-sebes\\\/#primaryimage\"},\"thumbnailUrl\":\"https:\\\/\\\/urbeamea.ro\\\/albaiulia\\\/wp-content\\\/uploads\\\/2019\\\/09\\\/primaria-sebes-mai-2017.jpg\",\"datePublished\":\"2023-12-21T13:16:00+00:00\",\"dateModified\":\"2024-01-01T13:18:13+00:00\",\"author\":{\"@id\":\"https:\\\/\\\/urbeamea.ro\\\/albaiulia\\\/#\\\/schema\\\/person\\\/272ae98052f8ee8980f59848df070247\"},\"description\":\"Municipiul Sebe\u0219, prin Direc\u021bia venituri, anun\u021b\u0103 contribuabilii, persoane fizice \u0219i juridice, c\u0103 ultima zi de plat\u0103 a impozitelor \u0219i a taxelor locale,\",\"breadcrumb\":{\"@id\":\"https:\\\/\\\/urbeamea.ro\\\/albaiulia\\\/anunt-plata-impozitelor-si-taxelor-locale-2024-la-sebes\\\/#breadcrumb\"},\"inLanguage\":\"ro-RO\",\"potentialAction\":[{\"@type\":\"ReadAction\",\"target\":[\"https:\\\/\\\/urbeamea.ro\\\/albaiulia\\\/anunt-plata-impozitelor-si-taxelor-locale-2024-la-sebes\\\/\"]}]},{\"@type\":\"ImageObject\",\"inLanguage\":\"ro-RO\",\"@id\":\"https:\\\/\\\/urbeamea.ro\\\/albaiulia\\\/anunt-plata-impozitelor-si-taxelor-locale-2024-la-sebes\\\/#primaryimage\",\"url\":\"https:\\\/\\\/urbeamea.ro\\\/albaiulia\\\/wp-content\\\/uploads\\\/2019\\\/09\\\/primaria-sebes-mai-2017.jpg\",\"contentUrl\":\"https:\\\/\\\/urbeamea.ro\\\/albaiulia\\\/wp-content\\\/uploads\\\/2019\\\/09\\\/primaria-sebes-mai-2017.jpg\",\"width\":960,\"height\":640},{\"@type\":\"BreadcrumbList\",\"@id\":\"https:\\\/\\\/urbeamea.ro\\\/albaiulia\\\/anunt-plata-impozitelor-si-taxelor-locale-2024-la-sebes\\\/#breadcrumb\",\"itemListElement\":[{\"@type\":\"ListItem\",\"position\":1,\"name\":\"Prima pagin\u0103\",\"item\":\"https:\\\/\\\/urbeamea.ro\\\/albaiulia\\\/\"},{\"@type\":\"ListItem\",\"position\":2,\"name\":\"Anun\u021b plata impozitelor \u0219i taxelor locale 2024 la Sebe\u0219\"}]},{\"@type\":\"WebSite\",\"@id\":\"https:\\\/\\\/urbeamea.ro\\\/albaiulia\\\/#website\",\"url\":\"https:\\\/\\\/urbeamea.ro\\\/albaiulia\\\/\",\"name\":\"Revista Urbea Mea, Stiri urbane\",\"description\":\"Evenimente \u0219i \u0219tiri din Alba Iulia, Sebe\u0219, Aiud, Blaj\",\"potentialAction\":[{\"@type\":\"SearchAction\",\"target\":{\"@type\":\"EntryPoint\",\"urlTemplate\":\"https:\\\/\\\/urbeamea.ro\\\/albaiulia\\\/?s={search_term_string}\"},\"query-input\":{\"@type\":\"PropertyValueSpecification\",\"valueRequired\":true,\"valueName\":\"search_term_string\"}}],\"inLanguage\":\"ro-RO\"},{\"@type\":\"Person\",\"@id\":\"https:\\\/\\\/urbeamea.ro\\\/albaiulia\\\/#\\\/schema\\\/person\\\/272ae98052f8ee8980f59848df070247\",\"name\":\"Redac\u021bia UrbeaMea\",\"image\":{\"@type\":\"ImageObject\",\"inLanguage\":\"ro-RO\",\"@id\":\"https:\\\/\\\/secure.gravatar.com\\\/avatar\\\/9ce5a9435071fa1037e8468053ead8e513dbbff59009d3069aadb85506d85a27?s=96&d=mm&r=g\",\"url\":\"https:\\\/\\\/secure.gravatar.com\\\/avatar\\\/9ce5a9435071fa1037e8468053ead8e513dbbff59009d3069aadb85506d85a27?s=96&d=mm&r=g\",\"contentUrl\":\"https:\\\/\\\/secure.gravatar.com\\\/avatar\\\/9ce5a9435071fa1037e8468053ead8e513dbbff59009d3069aadb85506d85a27?s=96&d=mm&r=g\",\"caption\":\"Redac\u021bia UrbeaMea\"},\"description\":\"contact@urbeamea.ro\",\"sameAs\":[\"https:\\\/\\\/www.urbeamea.ro\"],\"url\":\"https:\\\/\\\/urbeamea.ro\\\/albaiulia\\\/author\\\/redactia-urbeamea\\\/\"}]}<\/script>\n<!-- \/ Yoast SEO plugin. -->","yoast_head_json":{"title":"Anun\u021b plata impozitelor \u0219i taxelor locale 2024 la Sebe\u0219 - Revista Urbea Mea - Revista de Alba","description":"Municipiul Sebe\u0219, prin Direc\u021bia venituri, anun\u021b\u0103 contribuabilii, persoane fizice \u0219i juridice, c\u0103 ultima zi de plat\u0103 a impozitelor \u0219i a taxelor locale,","robots":{"index":"index","follow":"follow","max-snippet":"max-snippet:-1","max-image-preview":"max-image-preview:large","max-video-preview":"max-video-preview:-1"},"canonical":"https:\/\/urbeamea.ro\/albaiulia\/anunt-plata-impozitelor-si-taxelor-locale-2024-la-sebes\/","twitter_card":"summary_large_image","twitter_title":"Anun\u021b plata impozitelor \u0219i taxelor locale 2024 la Sebe\u0219 - Revista Urbea Mea - Revista de Alba","twitter_description":"Municipiul Sebe\u0219, prin Direc\u021bia venituri, anun\u021b\u0103 contribuabilii, persoane fizice \u0219i juridice, c\u0103 ultima zi de plat\u0103 a impozitelor \u0219i a taxelor locale,","twitter_image":"https:\/\/urbeamea.ro\/albaiulia\/wp-content\/uploads\/2019\/09\/primaria-sebes-mai-2017.jpg","twitter_creator":"@urbeameaweb","twitter_site":"@urbeameaweb","schema":{"@context":"https:\/\/schema.org","@graph":[{"@type":"Article","@id":"https:\/\/urbeamea.ro\/albaiulia\/anunt-plata-impozitelor-si-taxelor-locale-2024-la-sebes\/#article","isPartOf":{"@id":"https:\/\/urbeamea.ro\/albaiulia\/anunt-plata-impozitelor-si-taxelor-locale-2024-la-sebes\/"},"author":{"name":"Redac\u021bia UrbeaMea","@id":"https:\/\/urbeamea.ro\/albaiulia\/#\/schema\/person\/272ae98052f8ee8980f59848df070247"},"headline":"Anun\u021b plata impozitelor \u0219i taxelor locale 2024 la Sebe\u0219","datePublished":"2023-12-21T13:16:00+00:00","dateModified":"2024-01-01T13:18:13+00:00","mainEntityOfPage":{"@id":"https:\/\/urbeamea.ro\/albaiulia\/anunt-plata-impozitelor-si-taxelor-locale-2024-la-sebes\/"},"wordCount":110,"commentCount":0,"image":{"@id":"https:\/\/urbeamea.ro\/albaiulia\/anunt-plata-impozitelor-si-taxelor-locale-2024-la-sebes\/#primaryimage"},"thumbnailUrl":"https:\/\/urbeamea.ro\/albaiulia\/wp-content\/uploads\/2019\/09\/primaria-sebes-mai-2017.jpg","articleSection":["Administra\u021bie"],"inLanguage":"ro-RO","potentialAction":[{"@type":"CommentAction","name":"Comment","target":["https:\/\/urbeamea.ro\/albaiulia\/anunt-plata-impozitelor-si-taxelor-locale-2024-la-sebes\/#respond"]}]},{"@type":"WebPage","@id":"https:\/\/urbeamea.ro\/albaiulia\/anunt-plata-impozitelor-si-taxelor-locale-2024-la-sebes\/","url":"https:\/\/urbeamea.ro\/albaiulia\/anunt-plata-impozitelor-si-taxelor-locale-2024-la-sebes\/","name":"Anun\u021b plata impozitelor \u0219i taxelor locale 2024 la Sebe\u0219 - Revista Urbea Mea - Revista de Alba","isPartOf":{"@id":"https:\/\/urbeamea.ro\/albaiulia\/#website"},"primaryImageOfPage":{"@id":"https:\/\/urbeamea.ro\/albaiulia\/anunt-plata-impozitelor-si-taxelor-locale-2024-la-sebes\/#primaryimage"},"image":{"@id":"https:\/\/urbeamea.ro\/albaiulia\/anunt-plata-impozitelor-si-taxelor-locale-2024-la-sebes\/#primaryimage"},"thumbnailUrl":"https:\/\/urbeamea.ro\/albaiulia\/wp-content\/uploads\/2019\/09\/primaria-sebes-mai-2017.jpg","datePublished":"2023-12-21T13:16:00+00:00","dateModified":"2024-01-01T13:18:13+00:00","author":{"@id":"https:\/\/urbeamea.ro\/albaiulia\/#\/schema\/person\/272ae98052f8ee8980f59848df070247"},"description":"Municipiul Sebe\u0219, prin Direc\u021bia venituri, anun\u021b\u0103 contribuabilii, persoane fizice \u0219i juridice, c\u0103 ultima zi de plat\u0103 a impozitelor \u0219i a taxelor locale,","breadcrumb":{"@id":"https:\/\/urbeamea.ro\/albaiulia\/anunt-plata-impozitelor-si-taxelor-locale-2024-la-sebes\/#breadcrumb"},"inLanguage":"ro-RO","potentialAction":[{"@type":"ReadAction","target":["https:\/\/urbeamea.ro\/albaiulia\/anunt-plata-impozitelor-si-taxelor-locale-2024-la-sebes\/"]}]},{"@type":"ImageObject","inLanguage":"ro-RO","@id":"https:\/\/urbeamea.ro\/albaiulia\/anunt-plata-impozitelor-si-taxelor-locale-2024-la-sebes\/#primaryimage","url":"https:\/\/urbeamea.ro\/albaiulia\/wp-content\/uploads\/2019\/09\/primaria-sebes-mai-2017.jpg","contentUrl":"https:\/\/urbeamea.ro\/albaiulia\/wp-content\/uploads\/2019\/09\/primaria-sebes-mai-2017.jpg","width":960,"height":640},{"@type":"BreadcrumbList","@id":"https:\/\/urbeamea.ro\/albaiulia\/anunt-plata-impozitelor-si-taxelor-locale-2024-la-sebes\/#breadcrumb","itemListElement":[{"@type":"ListItem","position":1,"name":"Prima pagin\u0103","item":"https:\/\/urbeamea.ro\/albaiulia\/"},{"@type":"ListItem","position":2,"name":"Anun\u021b plata impozitelor \u0219i taxelor locale 2024 la Sebe\u0219"}]},{"@type":"WebSite","@id":"https:\/\/urbeamea.ro\/albaiulia\/#website","url":"https:\/\/urbeamea.ro\/albaiulia\/","name":"Revista Urbea Mea, Stiri urbane","description":"Evenimente \u0219i \u0219tiri din Alba Iulia, Sebe\u0219, Aiud, Blaj","potentialAction":[{"@type":"SearchAction","target":{"@type":"EntryPoint","urlTemplate":"https:\/\/urbeamea.ro\/albaiulia\/?s={search_term_string}"},"query-input":{"@type":"PropertyValueSpecification","valueRequired":true,"valueName":"search_term_string"}}],"inLanguage":"ro-RO"},{"@type":"Person","@id":"https:\/\/urbeamea.ro\/albaiulia\/#\/schema\/person\/272ae98052f8ee8980f59848df070247","name":"Redac\u021bia UrbeaMea","image":{"@type":"ImageObject","inLanguage":"ro-RO","@id":"https:\/\/secure.gravatar.com\/avatar\/9ce5a9435071fa1037e8468053ead8e513dbbff59009d3069aadb85506d85a27?s=96&d=mm&r=g","url":"https:\/\/secure.gravatar.com\/avatar\/9ce5a9435071fa1037e8468053ead8e513dbbff59009d3069aadb85506d85a27?s=96&d=mm&r=g","contentUrl":"https:\/\/secure.gravatar.com\/avatar\/9ce5a9435071fa1037e8468053ead8e513dbbff59009d3069aadb85506d85a27?s=96&d=mm&r=g","caption":"Redac\u021bia UrbeaMea"},"description":"contact@urbeamea.ro","sameAs":["https:\/\/www.urbeamea.ro"],"url":"https:\/\/urbeamea.ro\/albaiulia\/author\/redactia-urbeamea\/"}]}},"_links":{"self":[{"href":"https:\/\/urbeamea.ro\/albaiulia\/wp-json\/wp\/v2\/posts\/109975","targetHints":{"allow":["GET"]}}],"collection":[{"href":"https:\/\/urbeamea.ro\/albaiulia\/wp-json\/wp\/v2\/posts"}],"about":[{"href":"https:\/\/urbeamea.ro\/albaiulia\/wp-json\/wp\/v2\/types\/post"}],"author":[{"embeddable":true,"href":"https:\/\/urbeamea.ro\/albaiulia\/wp-json\/wp\/v2\/users\/16"}],"replies":[{"embeddable":true,"href":"https:\/\/urbeamea.ro\/albaiulia\/wp-json\/wp\/v2\/comments?post=109975"}],"version-history":[{"count":1,"href":"https:\/\/urbeamea.ro\/albaiulia\/wp-json\/wp\/v2\/posts\/109975\/revisions"}],"predecessor-version":[{"id":109976,"href":"https:\/\/urbeamea.ro\/albaiulia\/wp-json\/wp\/v2\/posts\/109975\/revisions\/109976"}],"wp:featuredmedia":[{"embeddable":true,"href":"https:\/\/urbeamea.ro\/albaiulia\/wp-json\/wp\/v2\/media\/81955"}],"wp:attachment":[{"href":"https:\/\/urbeamea.ro\/albaiulia\/wp-json\/wp\/v2\/media?parent=109975"}],"wp:term":[{"taxonomy":"category","embeddable":true,"href":"https:\/\/urbeamea.ro\/albaiulia\/wp-json\/wp\/v2\/categories?post=109975"},{"taxonomy":"post_tag","embeddable":true,"href":"https:\/\/urbeamea.ro\/albaiulia\/wp-json\/wp\/v2\/tags?post=109975"}],"curies":[{"name":"wp","href":"https:\/\/api.w.org\/{rel}","templated":true}]}}