{"id":110116,"date":"2024-01-14T16:09:05","date_gmt":"2024-01-14T14:09:05","guid":{"rendered":"https:\/\/urbeamea.ro\/albaiulia\/?p=110116"},"modified":"2024-01-18T11:33:28","modified_gmt":"2024-01-18T09:33:28","slug":"25-ianuarie-2024-cel-mai-recent-film-dedicat-lui-avram-iancu-proiectie-speciala-la-sebes","status":"publish","type":"post","link":"https:\/\/urbeamea.ro\/albaiulia\/25-ianuarie-2024-cel-mai-recent-film-dedicat-lui-avram-iancu-proiectie-speciala-la-sebes\/","title":{"rendered":"25 ianuarie 2024: cel mai recent film dedicat lui Avram Iancu, proiec\u021bie special\u0103 la Sebe\u0219"},"content":{"rendered":"\n<p>Joi, 25 ianuarie 2024, \u00eencep\u00e2nd cu ora 17.00, \u00een sala de spectacole a Centrului Cultural \u201eLucian Blaga&#8221; din Sebe\u0219, va avea loc proiec\u021bia special\u0103 a celui mai recent film dedicat eroului Aveam Iancu. La eveniment vor fi prezen\u021bi membri ai echipei artistice \u0219i de produc\u021bie, al\u0103turi de Sandu Pop (alias V\u0103ru&#8217; S\u0103ndel), unul dintre produc\u0103torii acestui proiect sus\u021binut financiar de mai multe companii importante cu sediul \u00een Sebe\u0219.<\/p>\n\n\n\n<p>\u201eAVRAM IANCU \u2013 \u00cempotriva imperiului&#8221; este titlul primei docu-drame dedicate \u201eCr\u0103i\u0219orului Mun\u021bilor \u2013 Eroul din Transilvania, eroul tuturor rom\u00e2nilor&#8221;.<\/p>\n\n\n\n<figure class=\"wp-block-gallery has-nested-images columns-default is-cropped wp-block-gallery-1 is-layout-flex wp-block-gallery-is-layout-flex\">\n<figure class=\"wp-block-image size-large\"><a href=\"https:\/\/urbeamea.ro\/albaiulia\/wp-content\/uploads\/2024\/01\/Avram-Iancu_rol-Horia-Fedorca_portret2.jpg\"><img loading=\"lazy\" decoding=\"async\" width=\"1280\" height=\"960\" data-id=\"110120\" src=\"https:\/\/urbeamea.ro\/albaiulia\/wp-content\/uploads\/2024\/01\/Avram-Iancu_rol-Horia-Fedorca_portret2-1280x960.jpg\" alt=\"\" class=\"wp-image-110120\" srcset=\"https:\/\/urbeamea.ro\/albaiulia\/wp-content\/uploads\/2024\/01\/Avram-Iancu_rol-Horia-Fedorca_portret2-1280x960.jpg 1280w, https:\/\/urbeamea.ro\/albaiulia\/wp-content\/uploads\/2024\/01\/Avram-Iancu_rol-Horia-Fedorca_portret2-640x480.jpg 640w, https:\/\/urbeamea.ro\/albaiulia\/wp-content\/uploads\/2024\/01\/Avram-Iancu_rol-Horia-Fedorca_portret2-150x113.jpg 150w, https:\/\/urbeamea.ro\/albaiulia\/wp-content\/uploads\/2024\/01\/Avram-Iancu_rol-Horia-Fedorca_portret2-768x576.jpg 768w, https:\/\/urbeamea.ro\/albaiulia\/wp-content\/uploads\/2024\/01\/Avram-Iancu_rol-Horia-Fedorca_portret2-1536x1152.jpg 1536w, https:\/\/urbeamea.ro\/albaiulia\/wp-content\/uploads\/2024\/01\/Avram-Iancu_rol-Horia-Fedorca_portret2.jpg 1600w\" sizes=\"auto, (max-width: 1280px) 100vw, 1280px\" \/><\/a><\/figure>\n\n\n\n<figure class=\"wp-block-image size-large\"><a href=\"https:\/\/urbeamea.ro\/albaiulia\/wp-content\/uploads\/2024\/01\/Avram-Iancu_rol-Horia-Fedorca_making-off1.jpg\"><img loading=\"lazy\" decoding=\"async\" width=\"1280\" height=\"720\" data-id=\"110119\" src=\"https:\/\/urbeamea.ro\/albaiulia\/wp-content\/uploads\/2024\/01\/Avram-Iancu_rol-Horia-Fedorca_making-off1-1280x720.jpg\" alt=\"\" class=\"wp-image-110119\" srcset=\"https:\/\/urbeamea.ro\/albaiulia\/wp-content\/uploads\/2024\/01\/Avram-Iancu_rol-Horia-Fedorca_making-off1-1280x720.jpg 1280w, https:\/\/urbeamea.ro\/albaiulia\/wp-content\/uploads\/2024\/01\/Avram-Iancu_rol-Horia-Fedorca_making-off1-640x360.jpg 640w, https:\/\/urbeamea.ro\/albaiulia\/wp-content\/uploads\/2024\/01\/Avram-Iancu_rol-Horia-Fedorca_making-off1-150x84.jpg 150w, https:\/\/urbeamea.ro\/albaiulia\/wp-content\/uploads\/2024\/01\/Avram-Iancu_rol-Horia-Fedorca_making-off1-768x432.jpg 768w, https:\/\/urbeamea.ro\/albaiulia\/wp-content\/uploads\/2024\/01\/Avram-Iancu_rol-Horia-Fedorca_making-off1-1536x864.jpg 1536w, https:\/\/urbeamea.ro\/albaiulia\/wp-content\/uploads\/2024\/01\/Avram-Iancu_rol-Horia-Fedorca_making-off1-390x220.jpg 390w, https:\/\/urbeamea.ro\/albaiulia\/wp-content\/uploads\/2024\/01\/Avram-Iancu_rol-Horia-Fedorca_making-off1.jpg 1600w\" sizes=\"auto, (max-width: 1280px) 100vw, 1280px\" \/><\/a><\/figure>\n\n\n\n<figure class=\"wp-block-image size-large\"><a href=\"https:\/\/urbeamea.ro\/albaiulia\/wp-content\/uploads\/2024\/01\/Avram-Iancu_scena2.jpg\"><img loading=\"lazy\" decoding=\"async\" width=\"1280\" height=\"720\" data-id=\"110118\" src=\"https:\/\/urbeamea.ro\/albaiulia\/wp-content\/uploads\/2024\/01\/Avram-Iancu_scena2-1280x720.jpg\" alt=\"\" class=\"wp-image-110118\" srcset=\"https:\/\/urbeamea.ro\/albaiulia\/wp-content\/uploads\/2024\/01\/Avram-Iancu_scena2-1280x720.jpg 1280w, https:\/\/urbeamea.ro\/albaiulia\/wp-content\/uploads\/2024\/01\/Avram-Iancu_scena2-640x360.jpg 640w, https:\/\/urbeamea.ro\/albaiulia\/wp-content\/uploads\/2024\/01\/Avram-Iancu_scena2-150x84.jpg 150w, https:\/\/urbeamea.ro\/albaiulia\/wp-content\/uploads\/2024\/01\/Avram-Iancu_scena2-768x432.jpg 768w, https:\/\/urbeamea.ro\/albaiulia\/wp-content\/uploads\/2024\/01\/Avram-Iancu_scena2-1536x864.jpg 1536w, https:\/\/urbeamea.ro\/albaiulia\/wp-content\/uploads\/2024\/01\/Avram-Iancu_scena2-390x220.jpg 390w, https:\/\/urbeamea.ro\/albaiulia\/wp-content\/uploads\/2024\/01\/Avram-Iancu_scena2.jpg 1600w\" sizes=\"auto, (max-width: 1280px) 100vw, 1280px\" \/><\/a><\/figure>\n<\/figure>\n\n\n\n<p>Produs\u0103 de PaPa Pictures \u0219i Asocia\u021bia Centrul de Arte Vizuale Transilvania Art, docu-drama reprezint\u0103 debutul \u00een lungmetraj al regizorului Theo Thorn, pe baza unui scenariu realizat de acesta \u00eempreun\u0103 cu Alexandru Molico.<\/p>\n\n\n\n<p>Premiera \u00een cinematografe va avea loc \u00een data de 26 ianuarie, dar prima vizionare oficial\u0103 cu public, avanpremiera, va avea loc \u00eentr-o zi cu totul special\u0103, de Mica Unire, 24 ianuarie. Astfel, \u00een data de 24 decembrie, odat\u0103 cu Gala oficial\u0103 a filmului, ce va avea loc, \u00een prezen\u021ba actorilor \u0219i a echipei de produc\u021bie, \u00een municipiul Brad (din jude\u021bul Hunedoara), \u201eAvram Iancu&#8221; intr\u0103 simultan (chiar de la aceea\u0219i or\u0103) \u00een toate cinematografele din Rom\u00e2nia \u00een avanpremier\u0103.<\/p>\n\n\n\n<blockquote class=\"wp-block-quote is-layout-flow wp-block-quote-is-layout-flow\">\n<p>Este un film privat, un adev\u0103rat tribut adus Ardealului, de un grup de oameni na\u021bionali\u0219ti, iubitori de glie str\u0103mo\u0219easc\u0103, de istorie, de adev\u0103r \u0219i dreptate&#8230; Este o adev\u0103rat\u0103 lec\u021bie de istorie, prin care dorim s\u0103 atingem at\u00e2t publicul matur, c\u00e2t \u0219i tinerii&#8230; viitorul \u021b\u0103rii. A\u0219a pe h\u00e2rtie toate acestea par cuvinte mari. Dar v\u0103 invit s\u0103 viziona\u021bi filmul \u0219i ve\u021bi vedea \u0219i \u00een\u021belege mai bine la ce m\u0103 refer. De fapt cuvintele noastre sunt prea mici pentru ceea ce sim\u021bim \u0219i ce transmite acest film. Ne-am propus ca \u00abAvram Iancu \u2013 \u00cempotriva imperiului\u00bb s\u0103 devin\u0103 filmul de suflet al anului 2024, anul \u00een care marc\u0103m 200 de ani de la na\u0219terea lui Avram Iancu.<\/p>\n<cite>produc\u0103torii, Alin Panc \u0219i Sandu Pop (PaPa Pictures)<\/cite><\/blockquote>\n\n\n\n<p>Film\u0103rile au avut loc \u00een perioada 9-15 octombrie 2023, \u00een nordul jude\u021bului Hunedoara, \u00een satul tradi\u0163ional restaurat RoVillage \u015fi \u00een jurul localit\u0103\u021bii Brad, \u00een satele Baia de Cri\u0219, Bulze\u015ftii de Sus \u0219i \u00een comuna Luncoiu de jos.<\/p>\n\n\n\n<p>S I N O P S I S<\/p>\n\n\n\n<p>Docu-drama \u201eAvram Iancu \u2013 \u00cempotriva imperiului&#8221;&nbsp; puncteaz\u0103 momentele care au influen\u021bat decisiv destinul lui Avram Iancu, eroul revolu\u021bionar al Transilvaniei, al Rom\u00e2niei. Filmul urm\u0103re\u0219te evenimentele din perioada 1848-1872, p\u00e2n\u0103 la moartea sa.<\/p>\n\n\n\n<p>1848 \u2013 \u00cen plin\u0103 Revolu\u021bie \u00een Transilvania, mo\u021bii r\u0103spund chem\u0103rii lui Avram Iancu de a veni s\u0103 apere Mun\u021bii Apuseni, care se transform\u0103 \u00eentr-o fort\u0103rea\u021b\u0103. Legiunile de rom\u00e2ni resping atacurile armatei r\u0103scula\u021bilor maghiari. De\u0219i slab echipa\u021bi \u0219i f\u0103r\u0103 o preg\u0103tire militar\u0103 sistematizat\u0103, rom\u00e2nii sunt dispu\u0219i la sacrificiu, \u00eensufle\u021bi\u021bi de personalitatea lui Avram Iancu, avocatul devenit Cr\u0103i\u0219orul Mun\u021bilor.<\/p>\n\n\n\n<p>\u00cen toamna anului 1848, descoperim cum era organizat\u0103 tab\u0103ra Legiunii Auraria Gemina condus\u0103 de Avram Iancu. \u00cen decembrie 1848, vedem cum Avram Iancu se impune \u0219i-i convinge pe liderii rom\u00e2nilor c\u0103 \u201enumai tactica armat\u0103 va sc\u0103pa poporul de tiranie&#8221;, declan\u0219\u00e2nd un \u0219ir ireversibil de evenimente, care culmineaz\u0103 cu un fals armisti\u021biu \u0219i cu un deznod\u0103m\u00e2nt nea\u0219teptat al Revolu\u021biei.<\/p>\n\n\n\n<p>Filmul urm\u0103re\u0219te mai apoi \u0219i evenimentele de dup\u0103 Revolu\u021bie: negocierea armisti\u021biului dintre rom\u00e2ni \u0219i maghiari, \u00eenfr\u00e2ngerea revolu\u021biei \u0219i instituirea unui regim impus de Imperiul Habsburgic, tr\u0103darea \u00cemp\u0103ratului Franz Josef, arestarea \u0219i maltratarea lui Avram Iancu, ultimii ani de via\u021b\u0103, chinui\u021bi de sup\u0103r\u0103ri, \u0219i moartea sa \u00eenv\u0103luit\u0103 \u00een mister.<\/p>\n\n\n\n<p><strong>De vorb\u0103 cu echipa<\/strong><\/p>\n\n\n\n<p>\u201eM\u0103 bucur enorm c\u0103 reu\u0219im s\u0103 realiz\u0103m un documentar \u00een amintirea lui Avram Iancu, un erou adev\u0103rat. Devotamentul s\u0103u pentru un \u021bel, iubirea de aproapele, onestitatea, respectul \u0219i credin\u021ba \u00een Dumnezeu sunt tr\u0103s\u0103turi de caracter care trebuie s\u0103 mearg\u0103 mai departe&#8221;, spune Alin Panc, produc\u0103tor (PaPa Pictures)<\/p>\n\n\n\n<p>\u201eM\u0103 bucur c\u0103 am avut ocazia s\u0103 primesc acest rol. Eu fiind ardelean, \u0219tiam despre Avram Iancu. Nu foarte multe, nici m\u0103car jum\u0103tate din c\u00e2te \u0219tiu acum. Am \u00eencercat s\u0103 m\u0103 documentez din sursele istorice care \u00eel descriu cel mai bine pe Avram Iancu \u021bi am \u00eencercat s\u0103 \u00eel \u00een\u021beleg, nu doar din descrierile altora, ci \u0219i din citatele lui, vorbele care au fost consemnate ca fiind 100% ale sale&#8221;, spune Horia Fedorca, interpretul personajului principal, Avram Iancu. Actorul \u00ee\u0219i face astfel debutul \u00een cinema, \u00eentr-un rol principal. Horia Fedorca face parte din echipa Teatrului Na\u021bional \u201eRadu Stanca&#8221; din Sibiu.<\/p>\n\n\n\n<p>\u201eAvr\u0103mu\u021b, erou al meu, al mo\u021bilor \u0219i nu numai, a fost un om de\u0219tept, viteaz \u0219i mai ales \u00een\u021belept. Filmul f\u0103cut de noi este o mul\u021bumire venit\u0103 peste dou\u0103 veacuri, pentru cum \u0219i-a dorit libertatea, cum a \u0219tiut \u0219i cum a sperat \u00een izb\u00e2nda neamului s\u0103u. P\u0103rerea mea de r\u0103u vine din faptul c\u0103 nu a apucat s\u0103-\u0219i vad\u0103 mo\u021bii liberi \u0219i st\u0103p\u00e2ni pe mun\u021bii lor. \u00cen calitatea mea de produc\u0103tor doresc foarte mult ca filmul s\u0103 ajung\u0103 \u0219i la tineri. V\u0103d cum alte na\u021bii \u00ee\u0219i inventeaz\u0103 eroii, a\u0219a c\u0103 ar fi p\u0103cat ca noi s\u0103 nu \u00eel sl\u0103vim pe al nostru, adev\u0103rat tr\u0103itor viteaz \u0219i iubitor de neam \u0219i glie. Mul\u021bumim Lincoln Plus din Sebe\u0219 \u0219i domnului Gheorghe Cibu, precum \u0219i tuturor iubitorilor de Avram Iancu, care ne-au fost aproape \u00een realizarea acestui film&#8221;, spune Sandu Pop, produc\u0103tor (PaPa Pictures)<\/p>\n\n\n\n<p>Produc\u0103tori: PaPa Pictures, Asocia\u021bia Centrul de Arte Vizuale Transilvania Art si Stilo Evora<\/p>\n\n\n\n<p>Regie: Theo Thorn \u2013 debut lungmetraj<\/p>\n\n\n\n<p>Scenariu: Theo Thorn, Alexandru Molico<\/p>\n\n\n\n<p>D I S T R I B U \u021a I E:<\/p>\n\n\n\n<p>Horia Fedorca \u2013 debut<\/p>\n\n\n\n<p>Damian Victor Oancea<\/p>\n\n\n\n<p>Alin Panc<\/p>\n\n\n\n<p>Sandu Popa<\/p>\n\n\n\n<p>Kata P\u00e1ncz\u00e9l<\/p>\n\n\n\n<p>Paula Hriscu \u2013 debut<\/p>\n\n\n\n<p><strong>Consultan\u021bi \u0219tiin\u021bifici:<\/strong><\/p>\n\n\n\n<p>Prof. univ. dr. habil. Sorin \u0218ipo\u0219 (Universitatea din Oradea \/ Muzeul \u021a\u0103rii Cri\u0219ului Oradea)<\/p>\n\n\n\n<p>Prof univ dr. Mihai Drecin (Membru titular al Academiei Oamenilor de \u0218tiin\u021b\u0103 din Rom\u00e2nia)<\/p>\n\n\n\n<p>Lector univ. dr. Radu Rom\u00e2ma\u0219u (Uniersitatea din Oradea)<\/p>\n\n\n\n<p>Produc\u0103tori: Alin Panc, Sandu Pop, Romi Carmazan, Claudiu Faur<\/p>\n\n\n\n<p>Produc\u0103tori executivi: Dorian Stan, Raluca Hideg, Romi Carmazan<\/p>\n\n\n\n<p>Director de imagine: Rare\u0219 Dima<\/p>\n\n\n\n<p>Montaj: Sabin Filip<\/p>\n\n\n\n<p>Sunet: Ioan Iacoban<\/p>\n\n\n\n<p>Pictor costume: Daniela Diaconescu<\/p>\n\n\n\n<p>Machiaj: Andreea Popescu<\/p>\n\n\n\n<p>Scenografie: cu sus\u021binerea RoVillage, scenograf Nicu Resteanu<\/p>\n\n\n\n<p>CREDIT FOTO: Bianca Roiu<\/p>\n\n\n\n<p>Afi\u0219 realizat de Mihnea Tru\u0219c\u0103<\/p>\n\n\n\n<figure class=\"wp-block-image size-large\"><img loading=\"lazy\" decoding=\"async\" width=\"983\" height=\"1280\" src=\"https:\/\/urbeamea.ro\/albaiulia\/wp-content\/uploads\/2024\/01\/Afis-AvramIancu-normal-web-983x1280.png\" alt=\"\" class=\"wp-image-110117\" srcset=\"https:\/\/urbeamea.ro\/albaiulia\/wp-content\/uploads\/2024\/01\/Afis-AvramIancu-normal-web-983x1280.png 983w, https:\/\/urbeamea.ro\/albaiulia\/wp-content\/uploads\/2024\/01\/Afis-AvramIancu-normal-web-492x640.png 492w, https:\/\/urbeamea.ro\/albaiulia\/wp-content\/uploads\/2024\/01\/Afis-AvramIancu-normal-web-115x150.png 115w, https:\/\/urbeamea.ro\/albaiulia\/wp-content\/uploads\/2024\/01\/Afis-AvramIancu-normal-web-768x1000.png 768w, https:\/\/urbeamea.ro\/albaiulia\/wp-content\/uploads\/2024\/01\/Afis-AvramIancu-normal-web-1180x1536.png 1180w, https:\/\/urbeamea.ro\/albaiulia\/wp-content\/uploads\/2024\/01\/Afis-AvramIancu-normal-web.png 1229w\" sizes=\"auto, (max-width: 983px) 100vw, 983px\" \/><\/figure>\n","protected":false},"excerpt":{"rendered":"<p>Joi, 25 ianuarie 2024, \u00eencep\u00e2nd cu ora 17.00, \u00een sala de spectacole a Centrului Cultural \u201eLucian Blaga&#8221; din Sebe\u0219, va avea loc proiec\u021bia special\u0103 a celui mai recent film dedicat eroului Aveam Iancu. La eveniment vor fi prezen\u021bi membri ai echipei artistice \u0219i de produc\u021bie, al\u0103turi de Sandu Pop (alias V\u0103ru&#8217; S\u0103ndel), unul dintre produc\u0103torii &hellip;<\/p>\n","protected":false},"author":16,"featured_media":110121,"comment_status":"open","ping_status":"open","sticky":false,"template":"","format":"standard","meta":{"inline_featured_image":false,"footnotes":""},"categories":[28],"tags":[24955,17300],"class_list":["post-110116","post","type-post","status-publish","format-standard","has-post-thumbnail","hentry","category-cinema","tag-avram-iancu-impotriva-imperiului","tag-municipiul-sebes"],"yoast_head":"<!-- This site is optimized with the Yoast SEO plugin v27.4 - https:\/\/yoast.com\/product\/yoast-seo-wordpress\/ -->\n<title>25 ianuarie 2024: cel mai recent film dedicat lui Avram Iancu, proiec\u021bie special\u0103 la Sebe\u0219 - Revista Urbea Mea - Revista de Alba<\/title>\n<meta name=\"description\" content=\"Joi, 25 ianuarie 2024, \u00eencep\u00e2nd cu ora 17.00, \u00een sala de spectacole a Centrului Cultural \u201eLucian Blaga&quot; din Sebe\u0219, va avea loc proiec\u021bia special\u0103 a celui\" \/>\n<meta name=\"robots\" content=\"index, follow, max-snippet:-1, max-image-preview:large, max-video-preview:-1\" \/>\n<link rel=\"canonical\" href=\"https:\/\/urbeamea.ro\/albaiulia\/25-ianuarie-2024-cel-mai-recent-film-dedicat-lui-avram-iancu-proiectie-speciala-la-sebes\/\" \/>\n<meta name=\"twitter:card\" content=\"summary_large_image\" \/>\n<meta name=\"twitter:title\" content=\"25 ianuarie 2024: cel mai recent film dedicat lui Avram Iancu, proiec\u021bie special\u0103 la Sebe\u0219 - Revista Urbea Mea - Revista de Alba\" \/>\n<meta name=\"twitter:description\" content=\"Joi, 25 ianuarie 2024, \u00eencep\u00e2nd cu ora 17.00, \u00een sala de spectacole a Centrului Cultural \u201eLucian Blaga&quot; din Sebe\u0219, va avea loc proiec\u021bia special\u0103 a celui\" \/>\n<meta name=\"twitter:image\" content=\"https:\/\/urbeamea.ro\/albaiulia\/wp-content\/uploads\/2024\/01\/Avram-Iancu_rol-Horia-Fedorca_scena1.jpg\" \/>\n<meta name=\"twitter:creator\" content=\"@urbeameaweb\" \/>\n<meta name=\"twitter:site\" content=\"@urbeameaweb\" \/>\n<script type=\"application\/ld+json\" class=\"yoast-schema-graph\">{\"@context\":\"https:\\\/\\\/schema.org\",\"@graph\":[{\"@type\":\"Article\",\"@id\":\"https:\\\/\\\/urbeamea.ro\\\/albaiulia\\\/25-ianuarie-2024-cel-mai-recent-film-dedicat-lui-avram-iancu-proiectie-speciala-la-sebes\\\/#article\",\"isPartOf\":{\"@id\":\"https:\\\/\\\/urbeamea.ro\\\/albaiulia\\\/25-ianuarie-2024-cel-mai-recent-film-dedicat-lui-avram-iancu-proiectie-speciala-la-sebes\\\/\"},\"author\":{\"name\":\"Redac\u021bia UrbeaMea\",\"@id\":\"https:\\\/\\\/urbeamea.ro\\\/albaiulia\\\/#\\\/schema\\\/person\\\/272ae98052f8ee8980f59848df070247\"},\"headline\":\"25 ianuarie 2024: cel mai recent film dedicat lui Avram Iancu, proiec\u021bie special\u0103 la Sebe\u0219\",\"datePublished\":\"2024-01-14T14:09:05+00:00\",\"dateModified\":\"2024-01-18T09:33:28+00:00\",\"mainEntityOfPage\":{\"@id\":\"https:\\\/\\\/urbeamea.ro\\\/albaiulia\\\/25-ianuarie-2024-cel-mai-recent-film-dedicat-lui-avram-iancu-proiectie-speciala-la-sebes\\\/\"},\"wordCount\":1127,\"commentCount\":0,\"image\":{\"@id\":\"https:\\\/\\\/urbeamea.ro\\\/albaiulia\\\/25-ianuarie-2024-cel-mai-recent-film-dedicat-lui-avram-iancu-proiectie-speciala-la-sebes\\\/#primaryimage\"},\"thumbnailUrl\":\"https:\\\/\\\/urbeamea.ro\\\/albaiulia\\\/wp-content\\\/uploads\\\/2024\\\/01\\\/Avram-Iancu_rol-Horia-Fedorca_scena1.jpg\",\"keywords\":[\"avram iancu - impotriva imperiului\",\"municipiul sebes\"],\"articleSection\":[\"Cinema, Filme \u0219i seriale\"],\"inLanguage\":\"ro-RO\",\"potentialAction\":[{\"@type\":\"CommentAction\",\"name\":\"Comment\",\"target\":[\"https:\\\/\\\/urbeamea.ro\\\/albaiulia\\\/25-ianuarie-2024-cel-mai-recent-film-dedicat-lui-avram-iancu-proiectie-speciala-la-sebes\\\/#respond\"]}]},{\"@type\":\"WebPage\",\"@id\":\"https:\\\/\\\/urbeamea.ro\\\/albaiulia\\\/25-ianuarie-2024-cel-mai-recent-film-dedicat-lui-avram-iancu-proiectie-speciala-la-sebes\\\/\",\"url\":\"https:\\\/\\\/urbeamea.ro\\\/albaiulia\\\/25-ianuarie-2024-cel-mai-recent-film-dedicat-lui-avram-iancu-proiectie-speciala-la-sebes\\\/\",\"name\":\"25 ianuarie 2024: cel mai recent film dedicat lui Avram Iancu, proiec\u021bie special\u0103 la Sebe\u0219 - Revista Urbea Mea - Revista de Alba\",\"isPartOf\":{\"@id\":\"https:\\\/\\\/urbeamea.ro\\\/albaiulia\\\/#website\"},\"primaryImageOfPage\":{\"@id\":\"https:\\\/\\\/urbeamea.ro\\\/albaiulia\\\/25-ianuarie-2024-cel-mai-recent-film-dedicat-lui-avram-iancu-proiectie-speciala-la-sebes\\\/#primaryimage\"},\"image\":{\"@id\":\"https:\\\/\\\/urbeamea.ro\\\/albaiulia\\\/25-ianuarie-2024-cel-mai-recent-film-dedicat-lui-avram-iancu-proiectie-speciala-la-sebes\\\/#primaryimage\"},\"thumbnailUrl\":\"https:\\\/\\\/urbeamea.ro\\\/albaiulia\\\/wp-content\\\/uploads\\\/2024\\\/01\\\/Avram-Iancu_rol-Horia-Fedorca_scena1.jpg\",\"datePublished\":\"2024-01-14T14:09:05+00:00\",\"dateModified\":\"2024-01-18T09:33:28+00:00\",\"author\":{\"@id\":\"https:\\\/\\\/urbeamea.ro\\\/albaiulia\\\/#\\\/schema\\\/person\\\/272ae98052f8ee8980f59848df070247\"},\"description\":\"Joi, 25 ianuarie 2024, \u00eencep\u00e2nd cu ora 17.00, \u00een sala de spectacole a Centrului Cultural \u201eLucian Blaga\\\" din Sebe\u0219, va avea loc proiec\u021bia special\u0103 a celui\",\"breadcrumb\":{\"@id\":\"https:\\\/\\\/urbeamea.ro\\\/albaiulia\\\/25-ianuarie-2024-cel-mai-recent-film-dedicat-lui-avram-iancu-proiectie-speciala-la-sebes\\\/#breadcrumb\"},\"inLanguage\":\"ro-RO\",\"potentialAction\":[{\"@type\":\"ReadAction\",\"target\":[\"https:\\\/\\\/urbeamea.ro\\\/albaiulia\\\/25-ianuarie-2024-cel-mai-recent-film-dedicat-lui-avram-iancu-proiectie-speciala-la-sebes\\\/\"]}]},{\"@type\":\"ImageObject\",\"inLanguage\":\"ro-RO\",\"@id\":\"https:\\\/\\\/urbeamea.ro\\\/albaiulia\\\/25-ianuarie-2024-cel-mai-recent-film-dedicat-lui-avram-iancu-proiectie-speciala-la-sebes\\\/#primaryimage\",\"url\":\"https:\\\/\\\/urbeamea.ro\\\/albaiulia\\\/wp-content\\\/uploads\\\/2024\\\/01\\\/Avram-Iancu_rol-Horia-Fedorca_scena1.jpg\",\"contentUrl\":\"https:\\\/\\\/urbeamea.ro\\\/albaiulia\\\/wp-content\\\/uploads\\\/2024\\\/01\\\/Avram-Iancu_rol-Horia-Fedorca_scena1.jpg\",\"width\":1600,\"height\":900},{\"@type\":\"BreadcrumbList\",\"@id\":\"https:\\\/\\\/urbeamea.ro\\\/albaiulia\\\/25-ianuarie-2024-cel-mai-recent-film-dedicat-lui-avram-iancu-proiectie-speciala-la-sebes\\\/#breadcrumb\",\"itemListElement\":[{\"@type\":\"ListItem\",\"position\":1,\"name\":\"Prima pagin\u0103\",\"item\":\"https:\\\/\\\/urbeamea.ro\\\/albaiulia\\\/\"},{\"@type\":\"ListItem\",\"position\":2,\"name\":\"25 ianuarie 2024: cel mai recent film dedicat lui Avram Iancu, proiec\u021bie special\u0103 la Sebe\u0219\"}]},{\"@type\":\"WebSite\",\"@id\":\"https:\\\/\\\/urbeamea.ro\\\/albaiulia\\\/#website\",\"url\":\"https:\\\/\\\/urbeamea.ro\\\/albaiulia\\\/\",\"name\":\"Revista Urbea Mea, Stiri urbane\",\"description\":\"Evenimente \u0219i \u0219tiri din Alba Iulia, Sebe\u0219, Aiud, Blaj\",\"potentialAction\":[{\"@type\":\"SearchAction\",\"target\":{\"@type\":\"EntryPoint\",\"urlTemplate\":\"https:\\\/\\\/urbeamea.ro\\\/albaiulia\\\/?s={search_term_string}\"},\"query-input\":{\"@type\":\"PropertyValueSpecification\",\"valueRequired\":true,\"valueName\":\"search_term_string\"}}],\"inLanguage\":\"ro-RO\"},{\"@type\":\"Person\",\"@id\":\"https:\\\/\\\/urbeamea.ro\\\/albaiulia\\\/#\\\/schema\\\/person\\\/272ae98052f8ee8980f59848df070247\",\"name\":\"Redac\u021bia UrbeaMea\",\"image\":{\"@type\":\"ImageObject\",\"inLanguage\":\"ro-RO\",\"@id\":\"https:\\\/\\\/secure.gravatar.com\\\/avatar\\\/9ce5a9435071fa1037e8468053ead8e513dbbff59009d3069aadb85506d85a27?s=96&d=mm&r=g\",\"url\":\"https:\\\/\\\/secure.gravatar.com\\\/avatar\\\/9ce5a9435071fa1037e8468053ead8e513dbbff59009d3069aadb85506d85a27?s=96&d=mm&r=g\",\"contentUrl\":\"https:\\\/\\\/secure.gravatar.com\\\/avatar\\\/9ce5a9435071fa1037e8468053ead8e513dbbff59009d3069aadb85506d85a27?s=96&d=mm&r=g\",\"caption\":\"Redac\u021bia UrbeaMea\"},\"description\":\"contact@urbeamea.ro\",\"sameAs\":[\"https:\\\/\\\/www.urbeamea.ro\"],\"url\":\"https:\\\/\\\/urbeamea.ro\\\/albaiulia\\\/author\\\/redactia-urbeamea\\\/\"}]}<\/script>\n<!-- \/ Yoast SEO plugin. -->","yoast_head_json":{"title":"25 ianuarie 2024: cel mai recent film dedicat lui Avram Iancu, proiec\u021bie special\u0103 la Sebe\u0219 - Revista Urbea Mea - Revista de Alba","description":"Joi, 25 ianuarie 2024, \u00eencep\u00e2nd cu ora 17.00, \u00een sala de spectacole a Centrului Cultural \u201eLucian Blaga\" din Sebe\u0219, va avea loc proiec\u021bia special\u0103 a celui","robots":{"index":"index","follow":"follow","max-snippet":"max-snippet:-1","max-image-preview":"max-image-preview:large","max-video-preview":"max-video-preview:-1"},"canonical":"https:\/\/urbeamea.ro\/albaiulia\/25-ianuarie-2024-cel-mai-recent-film-dedicat-lui-avram-iancu-proiectie-speciala-la-sebes\/","twitter_card":"summary_large_image","twitter_title":"25 ianuarie 2024: cel mai recent film dedicat lui Avram Iancu, proiec\u021bie special\u0103 la Sebe\u0219 - Revista Urbea Mea - Revista de Alba","twitter_description":"Joi, 25 ianuarie 2024, \u00eencep\u00e2nd cu ora 17.00, \u00een sala de spectacole a Centrului Cultural \u201eLucian Blaga\" din Sebe\u0219, va avea loc proiec\u021bia special\u0103 a celui","twitter_image":"https:\/\/urbeamea.ro\/albaiulia\/wp-content\/uploads\/2024\/01\/Avram-Iancu_rol-Horia-Fedorca_scena1.jpg","twitter_creator":"@urbeameaweb","twitter_site":"@urbeameaweb","schema":{"@context":"https:\/\/schema.org","@graph":[{"@type":"Article","@id":"https:\/\/urbeamea.ro\/albaiulia\/25-ianuarie-2024-cel-mai-recent-film-dedicat-lui-avram-iancu-proiectie-speciala-la-sebes\/#article","isPartOf":{"@id":"https:\/\/urbeamea.ro\/albaiulia\/25-ianuarie-2024-cel-mai-recent-film-dedicat-lui-avram-iancu-proiectie-speciala-la-sebes\/"},"author":{"name":"Redac\u021bia UrbeaMea","@id":"https:\/\/urbeamea.ro\/albaiulia\/#\/schema\/person\/272ae98052f8ee8980f59848df070247"},"headline":"25 ianuarie 2024: cel mai recent film dedicat lui Avram Iancu, proiec\u021bie special\u0103 la Sebe\u0219","datePublished":"2024-01-14T14:09:05+00:00","dateModified":"2024-01-18T09:33:28+00:00","mainEntityOfPage":{"@id":"https:\/\/urbeamea.ro\/albaiulia\/25-ianuarie-2024-cel-mai-recent-film-dedicat-lui-avram-iancu-proiectie-speciala-la-sebes\/"},"wordCount":1127,"commentCount":0,"image":{"@id":"https:\/\/urbeamea.ro\/albaiulia\/25-ianuarie-2024-cel-mai-recent-film-dedicat-lui-avram-iancu-proiectie-speciala-la-sebes\/#primaryimage"},"thumbnailUrl":"https:\/\/urbeamea.ro\/albaiulia\/wp-content\/uploads\/2024\/01\/Avram-Iancu_rol-Horia-Fedorca_scena1.jpg","keywords":["avram iancu - impotriva imperiului","municipiul sebes"],"articleSection":["Cinema, Filme \u0219i seriale"],"inLanguage":"ro-RO","potentialAction":[{"@type":"CommentAction","name":"Comment","target":["https:\/\/urbeamea.ro\/albaiulia\/25-ianuarie-2024-cel-mai-recent-film-dedicat-lui-avram-iancu-proiectie-speciala-la-sebes\/#respond"]}]},{"@type":"WebPage","@id":"https:\/\/urbeamea.ro\/albaiulia\/25-ianuarie-2024-cel-mai-recent-film-dedicat-lui-avram-iancu-proiectie-speciala-la-sebes\/","url":"https:\/\/urbeamea.ro\/albaiulia\/25-ianuarie-2024-cel-mai-recent-film-dedicat-lui-avram-iancu-proiectie-speciala-la-sebes\/","name":"25 ianuarie 2024: cel mai recent film dedicat lui Avram Iancu, proiec\u021bie special\u0103 la Sebe\u0219 - Revista Urbea Mea - Revista de Alba","isPartOf":{"@id":"https:\/\/urbeamea.ro\/albaiulia\/#website"},"primaryImageOfPage":{"@id":"https:\/\/urbeamea.ro\/albaiulia\/25-ianuarie-2024-cel-mai-recent-film-dedicat-lui-avram-iancu-proiectie-speciala-la-sebes\/#primaryimage"},"image":{"@id":"https:\/\/urbeamea.ro\/albaiulia\/25-ianuarie-2024-cel-mai-recent-film-dedicat-lui-avram-iancu-proiectie-speciala-la-sebes\/#primaryimage"},"thumbnailUrl":"https:\/\/urbeamea.ro\/albaiulia\/wp-content\/uploads\/2024\/01\/Avram-Iancu_rol-Horia-Fedorca_scena1.jpg","datePublished":"2024-01-14T14:09:05+00:00","dateModified":"2024-01-18T09:33:28+00:00","author":{"@id":"https:\/\/urbeamea.ro\/albaiulia\/#\/schema\/person\/272ae98052f8ee8980f59848df070247"},"description":"Joi, 25 ianuarie 2024, \u00eencep\u00e2nd cu ora 17.00, \u00een sala de spectacole a Centrului Cultural \u201eLucian Blaga\" din Sebe\u0219, va avea loc proiec\u021bia special\u0103 a celui","breadcrumb":{"@id":"https:\/\/urbeamea.ro\/albaiulia\/25-ianuarie-2024-cel-mai-recent-film-dedicat-lui-avram-iancu-proiectie-speciala-la-sebes\/#breadcrumb"},"inLanguage":"ro-RO","potentialAction":[{"@type":"ReadAction","target":["https:\/\/urbeamea.ro\/albaiulia\/25-ianuarie-2024-cel-mai-recent-film-dedicat-lui-avram-iancu-proiectie-speciala-la-sebes\/"]}]},{"@type":"ImageObject","inLanguage":"ro-RO","@id":"https:\/\/urbeamea.ro\/albaiulia\/25-ianuarie-2024-cel-mai-recent-film-dedicat-lui-avram-iancu-proiectie-speciala-la-sebes\/#primaryimage","url":"https:\/\/urbeamea.ro\/albaiulia\/wp-content\/uploads\/2024\/01\/Avram-Iancu_rol-Horia-Fedorca_scena1.jpg","contentUrl":"https:\/\/urbeamea.ro\/albaiulia\/wp-content\/uploads\/2024\/01\/Avram-Iancu_rol-Horia-Fedorca_scena1.jpg","width":1600,"height":900},{"@type":"BreadcrumbList","@id":"https:\/\/urbeamea.ro\/albaiulia\/25-ianuarie-2024-cel-mai-recent-film-dedicat-lui-avram-iancu-proiectie-speciala-la-sebes\/#breadcrumb","itemListElement":[{"@type":"ListItem","position":1,"name":"Prima pagin\u0103","item":"https:\/\/urbeamea.ro\/albaiulia\/"},{"@type":"ListItem","position":2,"name":"25 ianuarie 2024: cel mai recent film dedicat lui Avram Iancu, proiec\u021bie special\u0103 la Sebe\u0219"}]},{"@type":"WebSite","@id":"https:\/\/urbeamea.ro\/albaiulia\/#website","url":"https:\/\/urbeamea.ro\/albaiulia\/","name":"Revista Urbea Mea, Stiri urbane","description":"Evenimente \u0219i \u0219tiri din Alba Iulia, Sebe\u0219, Aiud, Blaj","potentialAction":[{"@type":"SearchAction","target":{"@type":"EntryPoint","urlTemplate":"https:\/\/urbeamea.ro\/albaiulia\/?s={search_term_string}"},"query-input":{"@type":"PropertyValueSpecification","valueRequired":true,"valueName":"search_term_string"}}],"inLanguage":"ro-RO"},{"@type":"Person","@id":"https:\/\/urbeamea.ro\/albaiulia\/#\/schema\/person\/272ae98052f8ee8980f59848df070247","name":"Redac\u021bia UrbeaMea","image":{"@type":"ImageObject","inLanguage":"ro-RO","@id":"https:\/\/secure.gravatar.com\/avatar\/9ce5a9435071fa1037e8468053ead8e513dbbff59009d3069aadb85506d85a27?s=96&d=mm&r=g","url":"https:\/\/secure.gravatar.com\/avatar\/9ce5a9435071fa1037e8468053ead8e513dbbff59009d3069aadb85506d85a27?s=96&d=mm&r=g","contentUrl":"https:\/\/secure.gravatar.com\/avatar\/9ce5a9435071fa1037e8468053ead8e513dbbff59009d3069aadb85506d85a27?s=96&d=mm&r=g","caption":"Redac\u021bia UrbeaMea"},"description":"contact@urbeamea.ro","sameAs":["https:\/\/www.urbeamea.ro"],"url":"https:\/\/urbeamea.ro\/albaiulia\/author\/redactia-urbeamea\/"}]}},"_links":{"self":[{"href":"https:\/\/urbeamea.ro\/albaiulia\/wp-json\/wp\/v2\/posts\/110116","targetHints":{"allow":["GET"]}}],"collection":[{"href":"https:\/\/urbeamea.ro\/albaiulia\/wp-json\/wp\/v2\/posts"}],"about":[{"href":"https:\/\/urbeamea.ro\/albaiulia\/wp-json\/wp\/v2\/types\/post"}],"author":[{"embeddable":true,"href":"https:\/\/urbeamea.ro\/albaiulia\/wp-json\/wp\/v2\/users\/16"}],"replies":[{"embeddable":true,"href":"https:\/\/urbeamea.ro\/albaiulia\/wp-json\/wp\/v2\/comments?post=110116"}],"version-history":[{"count":2,"href":"https:\/\/urbeamea.ro\/albaiulia\/wp-json\/wp\/v2\/posts\/110116\/revisions"}],"predecessor-version":[{"id":110167,"href":"https:\/\/urbeamea.ro\/albaiulia\/wp-json\/wp\/v2\/posts\/110116\/revisions\/110167"}],"wp:featuredmedia":[{"embeddable":true,"href":"https:\/\/urbeamea.ro\/albaiulia\/wp-json\/wp\/v2\/media\/110121"}],"wp:attachment":[{"href":"https:\/\/urbeamea.ro\/albaiulia\/wp-json\/wp\/v2\/media?parent=110116"}],"wp:term":[{"taxonomy":"category","embeddable":true,"href":"https:\/\/urbeamea.ro\/albaiulia\/wp-json\/wp\/v2\/categories?post=110116"},{"taxonomy":"post_tag","embeddable":true,"href":"https:\/\/urbeamea.ro\/albaiulia\/wp-json\/wp\/v2\/tags?post=110116"}],"curies":[{"name":"wp","href":"https:\/\/api.w.org\/{rel}","templated":true}]}}