{"id":110135,"date":"2024-01-18T10:28:09","date_gmt":"2024-01-18T08:28:09","guid":{"rendered":"https:\/\/urbeamea.ro\/albaiulia\/?p=110135"},"modified":"2024-01-18T10:30:03","modified_gmt":"2024-01-18T08:30:03","slug":"dupa-5-ani-de-scoala-waldorf-in-alba-iulia-parintii-solicita-sprijin-pentru-continuitate","status":"publish","type":"post","link":"https:\/\/urbeamea.ro\/albaiulia\/dupa-5-ani-de-scoala-waldorf-in-alba-iulia-parintii-solicita-sprijin-pentru-continuitate\/","title":{"rendered":"Dup\u0103 5 ani de \u0218coal\u0103 Waldorf \u00een Alba Iulia, p\u0103rin\u021bii solicit\u0103 sprijin pentru continuitate"},"content":{"rendered":"\n<h2 class=\"wp-block-heading\"><strong>\u201eLucrul meu e terminat \u0219i bun, ce-am \u00eenv\u0103\u021bat s\u0103 se odihneasc\u0103 acum, s\u0103 creasc\u0103 \u0219i s\u0103 se-mplineasc\u0103, \u00een lume s\u0103-nfloreasc\u0103!\u201d<\/strong><\/h2>\n\n\n\n<p>\u201eToat\u0103 lumea scoate o foaie de h\u00e2rtie, acum!\u201d, \u201eStai jos, 4 (patru)! Adu carnetul!\u201d \u201eUnde se deschide catalogul, de acolo v\u0103 ascult ast\u0103zi!\u201d Iat\u0103 c\u00e2teva exclama\u021bii care mi-au marcat anii de \u0219coal\u0103, iar senza\u021bia de anxietate o simt \u0219i ast\u0103zi.<\/p>\n\n\n\n<p>\u00cemi amintesc chiar c\u0103 am luat 2 (doi) la desen, \u00een clasa a 2-a, pentru c\u0103 imaginea unui c\u00e2mp verde, deasupra c\u0103ruia zbura un stol de r\u00e2ndunele negre, pe un fundal albastru, desigur, nu a fost o compozi\u021bie apreciat\u0103 ca destul de elaborat\u0103 \u0219i corespunz\u0103toare, dat\u0103 fiind tema obligatorie: \u201eAmintiri din vacan\u021ba de var\u0103\u201d. Dar era o amintire, una foarte pre\u021bioas\u0103 pentru un copil crescut la bloc, \u00eentre betoane, sc\u0103pat \u201ela \u021bar\u0103\u201d, pe malul Siretului. V\u0103zusem toloaca \u00eentins\u0103 \u0219i verde p\u00e2n\u0103 departe, la linia orizontului, unul tot mai albastru cum ridicam privirea pe cer. Iar deasupra capului, un V mare de tipar, f\u0103cut din v-uri mici de tipar, care se deplasa uniform, un zbor de r\u00e2ndunele. Mi-a pl\u0103cut! Doamnei, nu. \u00cen urm\u0103torii ani de \u0219coal\u0103 primar\u0103 mi-a f\u0103cut tata toate desenele, am luat numai 10 (zece).<\/p>\n\n\n\n<p>\u00cen Rom\u00e2nia, exista \u00eenc\u0103 de atunci o alternativ\u0103 la sistemul clasic de \u00eenv\u0103\u021b\u0103m\u00e2nt, dar nu era disponibil\u0103 \u00een toate ora\u0219ele, cum nu este nici ast\u0103zi. Iar dup\u0103 mai bine de 30 de ani de la \u00eenfiin\u021barea primelor grupe \u0219i clase Waldorf \u00een \u021bara noastr\u0103, c\u0103ci despre acest sistem este vorba, lupta pentru a-\u0219i face loc \u00een \u00eenv\u0103\u021b\u0103m\u00e2ntul de mas\u0103 continu\u0103. Bine, nu \u00een ora\u0219e precum Timi\u0219oara, Ia\u0219i, Cluj-Napoca ori Bucure\u0219ti, unde elevii, dar mai ales p\u0103rin\u021bii, cei care iau decizia \u00een numele copiilor lor, au siguran\u021ba continuit\u0103\u021bii acestui sistem, pornind de la gr\u0103dini\u021b\u0103, p\u00e2n\u0103 la bacalaureat.<\/p>\n\n\n\n<figure class=\"wp-block-gallery has-nested-images columns-default is-cropped wp-block-gallery-1 is-layout-flex wp-block-gallery-is-layout-flex\">\n<figure class=\"wp-block-image size-large\"><a href=\"https:\/\/urbeamea.ro\/albaiulia\/wp-content\/uploads\/2024\/01\/3-2.jpg\"><img loading=\"lazy\" decoding=\"async\" width=\"768\" height=\"1024\" data-id=\"110163\" src=\"https:\/\/urbeamea.ro\/albaiulia\/wp-content\/uploads\/2024\/01\/3-2.jpg\" alt=\"\" class=\"wp-image-110163\" srcset=\"https:\/\/urbeamea.ro\/albaiulia\/wp-content\/uploads\/2024\/01\/3-2.jpg 768w, https:\/\/urbeamea.ro\/albaiulia\/wp-content\/uploads\/2024\/01\/3-2-480x640.jpg 480w, https:\/\/urbeamea.ro\/albaiulia\/wp-content\/uploads\/2024\/01\/3-2-113x150.jpg 113w\" sizes=\"auto, (max-width: 768px) 100vw, 768px\" \/><\/a><\/figure>\n\n\n\n<figure class=\"wp-block-image size-large\"><a href=\"https:\/\/urbeamea.ro\/albaiulia\/wp-content\/uploads\/2024\/01\/2-2.jpg\"><img loading=\"lazy\" decoding=\"async\" width=\"768\" height=\"1024\" data-id=\"110165\" src=\"https:\/\/urbeamea.ro\/albaiulia\/wp-content\/uploads\/2024\/01\/2-2.jpg\" alt=\"\" class=\"wp-image-110165\" srcset=\"https:\/\/urbeamea.ro\/albaiulia\/wp-content\/uploads\/2024\/01\/2-2.jpg 768w, https:\/\/urbeamea.ro\/albaiulia\/wp-content\/uploads\/2024\/01\/2-2-480x640.jpg 480w, https:\/\/urbeamea.ro\/albaiulia\/wp-content\/uploads\/2024\/01\/2-2-113x150.jpg 113w\" sizes=\"auto, (max-width: 768px) 100vw, 768px\" \/><\/a><\/figure>\n\n\n\n<figure class=\"wp-block-image size-large\"><a href=\"https:\/\/urbeamea.ro\/albaiulia\/wp-content\/uploads\/2024\/01\/7-1.jpg\"><img loading=\"lazy\" decoding=\"async\" width=\"768\" height=\"1024\" data-id=\"110159\" src=\"https:\/\/urbeamea.ro\/albaiulia\/wp-content\/uploads\/2024\/01\/7-1.jpg\" alt=\"\" class=\"wp-image-110159\" srcset=\"https:\/\/urbeamea.ro\/albaiulia\/wp-content\/uploads\/2024\/01\/7-1.jpg 768w, https:\/\/urbeamea.ro\/albaiulia\/wp-content\/uploads\/2024\/01\/7-1-480x640.jpg 480w, https:\/\/urbeamea.ro\/albaiulia\/wp-content\/uploads\/2024\/01\/7-1-113x150.jpg 113w\" sizes=\"auto, (max-width: 768px) 100vw, 768px\" \/><\/a><\/figure>\n\n\n\n<figure class=\"wp-block-image size-large\"><a href=\"https:\/\/urbeamea.ro\/albaiulia\/wp-content\/uploads\/2024\/01\/10-1.jpg\"><img loading=\"lazy\" decoding=\"async\" width=\"768\" height=\"1024\" data-id=\"110158\" src=\"https:\/\/urbeamea.ro\/albaiulia\/wp-content\/uploads\/2024\/01\/10-1.jpg\" alt=\"\" class=\"wp-image-110158\" srcset=\"https:\/\/urbeamea.ro\/albaiulia\/wp-content\/uploads\/2024\/01\/10-1.jpg 768w, https:\/\/urbeamea.ro\/albaiulia\/wp-content\/uploads\/2024\/01\/10-1-480x640.jpg 480w, https:\/\/urbeamea.ro\/albaiulia\/wp-content\/uploads\/2024\/01\/10-1-113x150.jpg 113w\" sizes=\"auto, (max-width: 768px) 100vw, 768px\" \/><\/a><\/figure>\n\n\n\n<figure class=\"wp-block-image size-large\"><a href=\"https:\/\/urbeamea.ro\/albaiulia\/wp-content\/uploads\/2024\/01\/9-1.jpg\"><img loading=\"lazy\" decoding=\"async\" width=\"768\" height=\"1024\" data-id=\"110157\" src=\"https:\/\/urbeamea.ro\/albaiulia\/wp-content\/uploads\/2024\/01\/9-1.jpg\" alt=\"\" class=\"wp-image-110157\" srcset=\"https:\/\/urbeamea.ro\/albaiulia\/wp-content\/uploads\/2024\/01\/9-1.jpg 768w, https:\/\/urbeamea.ro\/albaiulia\/wp-content\/uploads\/2024\/01\/9-1-480x640.jpg 480w, https:\/\/urbeamea.ro\/albaiulia\/wp-content\/uploads\/2024\/01\/9-1-113x150.jpg 113w\" sizes=\"auto, (max-width: 768px) 100vw, 768px\" \/><\/a><\/figure>\n\n\n\n<figure class=\"wp-block-image size-large\"><a href=\"https:\/\/urbeamea.ro\/albaiulia\/wp-content\/uploads\/2024\/01\/11-1.jpg\"><img loading=\"lazy\" decoding=\"async\" width=\"768\" height=\"1024\" data-id=\"110156\" src=\"https:\/\/urbeamea.ro\/albaiulia\/wp-content\/uploads\/2024\/01\/11-1.jpg\" alt=\"\" class=\"wp-image-110156\" srcset=\"https:\/\/urbeamea.ro\/albaiulia\/wp-content\/uploads\/2024\/01\/11-1.jpg 768w, https:\/\/urbeamea.ro\/albaiulia\/wp-content\/uploads\/2024\/01\/11-1-480x640.jpg 480w, https:\/\/urbeamea.ro\/albaiulia\/wp-content\/uploads\/2024\/01\/11-1-113x150.jpg 113w\" sizes=\"auto, (max-width: 768px) 100vw, 768px\" \/><\/a><\/figure>\n<\/figure>\n\n\n\n<h2 class=\"wp-block-heading\">Ce \u00eenseamn\u0103 sistemul Waldorf ?<\/h2>\n\n\n\n<p>Ini\u021biatorul a fost un filosof pe nume Rudolf Steiner, care a deschis prima \u0219coal\u0103 Waldorf, \u00een Germania, \u00een anul 1919, sprijinit financiar de Emil Molt, patronul fabricii de \u021bigarete Waldorf-Astoria, de unde denumirea de \u0218coal\u0103 Waldorf.<\/p>\n\n\n\n<p>O \u0219coal\u0103 f\u0103r\u0103 note, f\u0103r\u0103 manuale unice, \u00een care enciclopediile sunt auxiliarele preferate, iar desenul, limbile str\u0103ine, muzica, abilit\u0103\u021bile practice, matematica \u0219i limba rom\u00e2n\u0103 sunt materii cu drepturi egale.<\/p>\n\n\n\n<p>Pornind de la unicitatea fiec\u0103rui copil, se urm\u0103re\u0219te dezvoltarea armonioas\u0103 a acestuia pe trei direc\u021bii: minte, suflet \u0219i voin\u021b\u0103.<\/p>\n\n\n\n<p>O \u0219coal\u0103 \u00een care fiecare zi \u0219i aproape fiecare \u201eor\u0103 de curs\u201d \u00eencepe \u0219i se termin\u0103 cu un c\u00e2ntecel, ori cu o poezie, o zicere motiva\u021bional\u0103, precum cea din subtitlul acestui material. \u00cen care fiecare copil devine con\u0219tient de contextul socio-istoric \u00een care tr\u0103ie\u0219te, ancorat \u00een realitate, una pentru care se preg\u0103te\u0219te \u0219i practic, sprijinit de colegi \u0219i familie.<\/p>\n\n\n\n<p>\u00cen Alba Iulia, primele clase Waldorf au ap\u0103rut \u00een 2018, dar \u00eencep\u00e2nd de anul viitor, lumina se stinge pentru singura alternativ\u0103 gratuit\u0103 de \u0219colarizare disponibil\u0103 la noi. Liceului Tehnologic \u201eDorin Pavel\u201d&nbsp; din Alba Iulia nu a mai solicitat Inspectoratului \u0218colar Jude\u021bean Alba \u00eenfiin\u021barea clasei preg\u0103titoare, sens \u00een care, firava tradi\u021bie a \u0219colii Waldorf la Alba Iulia risc\u0103 s\u0103 se \u00eencheie \u00een urm\u0103torii 3 ani.<\/p>\n\n\n\n<p><strong>Alternativ\u0103 \u0219i nu concuren\u021b\u0103 pentru sistemul clasic de \u00eenv\u0103\u021b\u0103m\u00e2nt, \u0218coala Waldorf din Alba Iulia trebuie s\u0103 mearg\u0103 mai departe! De ce? Iat\u0103 parte dintre m\u0103rturiile p\u0103rin\u021bilor:<\/strong><strong><\/strong><\/p>\n\n\n\n<blockquote class=\"wp-block-quote is-layout-flow wp-block-quote-is-layout-flow\">\n<p>\u00a0\u201eSistemul Waldorf este o \u0219coal\u0103 extraordinar\u0103! Are cadre didactice calificate, pline de pasiune pentru meseria aleas\u0103.\u00a0 Copilul se dezvolt\u0103 \u00een ritmul s\u0103u unic. Metodele sunt moderne \u0219i axate pe nevoile copilului.\u201d <\/p>\n<cite>Bogdan Mihaela, p\u01cerinte<\/cite><\/blockquote>\n\n\n\n<blockquote class=\"wp-block-quote is-layout-flow wp-block-quote-is-layout-flow\">\n<p>\u201eAm ales Waldorf \u00eenc\u0103 din 2019, c\u00e2nd a \u00eenceput Marian gr\u0103dini\u021ba, \u0219i am continuat p\u00e2n\u0103 \u00een prezent cu to\u021bi 3 copiii. Deoarece ne dorim s\u0103 fie integra\u021bi \u00een colectivitate cu bl\u00e2nde\u021be, s\u0103 \u00eenve\u021be cu drag \u0219i cu pl\u0103cere \u0219i s\u0103 se dezvolte \u00eentr-un mediu pl\u0103cut, care s\u0103 pun\u0103 accent mai mult pe competen\u021b\u0103 dec\u00e2t pe concuren\u021b\u0103. Iar Waldorf \u00eenseamn\u0103 toate aceste lucruri la un loc. \u00cen prezent, Marian este clasa a 2-a, iar Maria \u0219i Anton sunt la gr\u0103dini\u021ba Waldorf. Sper s\u0103 aib\u0103 \u0219i ei posibilitatea s\u0103 continue cu \u0219coala primar\u0103 \u0219i chiar \u0219i cu gimnaziul, tot \u00een sistem Waldorf. Suntem mul\u021bumi\u021bi \u0219i ferici\u021bi c\u0103 avem \u0219ansa s\u0103 pun\u0103 bazele \u00eenv\u0103\u021b\u0103rii \u00een acest sistem. Am ales Waldorf deoarece am vrut altceva pentru copii, \u0219i este cea mai bun\u0103 alegere. V\u0103 mul\u021bumesc pentru tot ce face\u021bi cu \u0219i pentru copiii no\u0219tri.\u201d<\/p>\n<cite>Bucium-O\u021boiu Ana Maria, p\u01cerinte<\/cite><\/blockquote>\n\n\n\n<blockquote class=\"wp-block-quote is-layout-flow wp-block-quote-is-layout-flow\">\n<p>\u201eAm ales \u0218coala Waldorf fiindc\u0103 ne-am \u00eentors din Germania \u0219i \u0219tiam c\u0103 pentru Andreea adaptarea va fi mult mai u\u0219oar\u0103. \u00cenainte s\u0103 ne \u00eentoarcem, am vorbit cu diferite persoane at\u00e2t din \u021bar\u0103, c\u00e2t \u0219i din Germania, care au copii la \u0218coala Waldorf \u0219i to\u021bi erau mul\u021bumi\u021bi de modul de predare \u00een epoci, deoarece informa\u021bia se fixeaz\u0103 mult mai bine \u0219i copii sunt mai relaxa\u021bi. To\u021bi p\u0103rin\u021bii ne explicau cum copiii mergeau cu drag la \u0219coal\u0103 \u0219i ce rela\u021bii frumoase se creeaz\u0103 \u00eentre colegi, dar \u0219i p\u0103rin\u021bi.\u201d<\/p>\n<cite>Marc Ionela, p\u0103rinte<\/cite><\/blockquote>\n\n\n\n<blockquote class=\"wp-block-quote is-layout-flow wp-block-quote-is-layout-flow\">\n<p>\u201eAm ales Waldorf Alba Iulia \u00een urma vizion\u0103rii unui reportaj cu elevi \u0219i fo\u0219ti elevi ai \u0219colii Waldorf din Cluj. Nu \u0219tiam nimic despre ce \u00eenseamn\u0103 Waldorf. Am fost cucerit\u0103 de felul \u00een care povesteau acei copii despre \u0219coal\u0103, cu c\u00e2t\u0103 pasiune \u0219i entuziasm explicau cum \u00eenv\u0103\u021bau la matematic\u0103 \u0219i rom\u00e2n\u0103, prin alte tehnici dec\u00e2t \u0219tiam eu, r\u0103sfoiau caietele la \u0219tiin\u021be \u0219i la biologie, pe fiecare pagina era c\u00e2te un desen \u0219i apoi teoria. Copiii aceia erau \u00eendr\u0103gosti\u021bi de fiecare materie \u00een parte, am v\u0103zut \u00een ochii lor acel ceva pe care eu \u0219i colegii mei nu l-am avut, eu nu a\u0219 fi vorbit niciodat\u0103 a\u0219a despre o materie sau despre \u0219coal\u0103 \u00een general.<\/p>\n\n\n\n<p>Acei copii m-au f\u0103cut s\u0103-mi doresc ca \u0219i copiii mei s\u0103 vorbeasc\u0103 a\u0219a despre \u0219coal\u0103. \u0218i de ce am r\u0103mas la Waldorf, pentru c\u0103 \u00eenc\u0103 mai am speran\u021b\u0103 c\u0103 voi umple o mare cutie cu caiete frumos desenate \u0219i informa\u021bii c\u0103utate cu interes. \u00cemi mai doresc pentru copiii mei s\u0103 mearg\u0103, \u00een continuare, la \u0219coal\u0103 cu pl\u0103cere \u0219i dornici s\u0103 descopere multe lucruri frumoase \u0219i interesante&#8230;\u201d<\/p>\n<cite>Borzescu Simona, p\u0103rinte<\/cite><\/blockquote>\n\n\n\n<blockquote class=\"wp-block-quote is-layout-flow wp-block-quote-is-layout-flow\">\n<p>\u201eE\u00a0 <em>\u00a0altceva<\/em> \u2026. Asta \u00eemi spunea mie pentru \u00eenceput \u0219coala Waldorf, iar acest <em>altceva <\/em>ar suna cam a\u0219a: art\u0103, lucru manual, educarea voin\u021bei, \u0219coal\u0103 f\u0103r\u0103 manuale, libertate. Copiii se dezvolt\u0103 conform propriilor ritmuri naturale \u0219i se bucur\u0103 de copil\u0103rii pline \u0219i bogate, dob\u00e2ndind experien\u021bele de care au nevoie pentru a deveni adul\u021bi s\u0103n\u0103to\u0219i fizic, emo\u021bional \u0219i mental.\u201d<\/p>\n<cite>Arenda\u015f Cristian, p\u0103rinte<\/cite><\/blockquote>\n\n\n\n<blockquote class=\"wp-block-quote is-layout-flow wp-block-quote-is-layout-flow\">\n<p>\u201eRecunosc, nu \u0219tiam prea multe despre aceast\u0103 alternativ\u0103 \u2026dar \u0219tiam ca vreau altceva pentru feti\u021ba noastr\u0103. \u00cen \u0219coala Waldorf se simte conexiunea dintre \u00eenv\u0103\u021b\u0103toare, copil \u0219i p\u0103rinte. Am creat o comunitate frumoas\u0103 \u0219i \u00een fiecare zi \u00eenv\u0103\u021b\u0103m c\u00e2te ceva al\u0103turi de ei, la fiecare activitate ne punem \u0219i noi, adul\u021bii, \u00een postura copiilor,&nbsp; tr\u0103im al\u0103turi de ei fiecare activitate \u00een parte. A\u0219 putea spune c\u0103 la aceast\u0103 \u0219coal\u0103 \u0219i noi, adul\u021bii, ne tr\u0103im copil\u0103ria \u0219i avem voie s\u0103 ne juc\u0103m. Adun\u0103m momente pre\u021bioase al\u0103turi de ei, pe care le a\u0219ez\u0103m cu grij\u0103 \u00een sufletul nostru \u0219i al lor, iar sclipirea din ochii copiilor e de nedescris.<\/p>\n\n\n\n<p>\u0218i chiar dac\u0103 \u00eentr-un ora\u0219 ca al nostru e o adev\u0103rat\u0103 provocare s\u0103 creezi ceva frumos \u0219i s\u0103 schimbi perspective\u2026.\u021bin s\u0103 mul\u021bumesc celor care au crezut \u0219i celor care merg pe acela\u0219i drum al\u0103turi de noi.\u201d <\/p>\n<cite>Che\u015fche\u015f Cristina, p\u0103rinte<\/cite><\/blockquote>\n\n\n\n<blockquote class=\"wp-block-quote is-layout-flow wp-block-quote-is-layout-flow\">\n<p>\u201eSunt a\u0219a fericit\u0103 s\u0103 v\u0103d deja schimb\u0103ri \u00een Edi. E prima dat\u0103 de c\u00e2nd e el pe lume, c\u00e2nd ia din proprie ini\u021biativ\u0103 s\u0103 deseneze. \u0218i-a scris \u0219i cele dou\u0103 strofe, f\u0103r\u0103 sa comenteze \u0219i totul f\u0103cut cu \u00eenc\u00e2ntare. E o binecuv\u00e2ntare c\u0103 am ajuns la dumneavoastr\u0103!\u201d<\/p>\n<cite>Filip Lumini\u021ba, p\u0103rinte<\/cite><\/blockquote>\n\n\n\n<blockquote class=\"wp-block-quote is-layout-flow wp-block-quote-is-layout-flow\">\n<p>\u201eSimplu fapt c\u0103 am readus fata la Waldorf spune totul despre competen\u021bele voastre!\u201d <\/p>\n<cite>Neam\u021b Victor, p\u0103rinte<\/cite><\/blockquote>\n\n\n\n<blockquote class=\"wp-block-quote is-layout-flow wp-block-quote-is-layout-flow\">\n<p>\u201eDe ce am ales s\u0103 r\u0103m\u00e2n\u0103 la \u0218coala Waldorf? Motivele sunt infinite. Andreea a progresat foarte mult, suntem mul\u021bumi\u021bi de modul de predare, de rela\u021biile create cu colegii \u0219tiind c\u0103 unele dintre ele o s\u0103 dureze, probabil, foarte mul\u021bi ani. De Doamna \u00cenv\u0103\u021b\u0103toare, pe care Andreea o consider\u0103 ca o mam\u0103, \u0219tiind ca orice s-ar \u00eent\u00e2mpla poate vorbi cu d\u00e2nsa \u0219i de la care a \u00eenv\u0103\u021bat c\u0103 orice are o rezolvare. De modul ei de predare \u0219i de a \u00een\u021belege sentimentele fiec\u0103ruia dinte copii. De implicarea ei \u00een a face o clas\u0103 unit\u0103, at\u00e2t copiii, c\u00e2t \u0219i p\u0103rin\u021bii realiz\u00e2nd ateliere \u0219i ie\u0219iri in natur\u0103. \u0218tiu c\u0103 anii parcur\u0219i \u00een \u0218coala Waldorf \u0219i \u00cenv\u0103\u021b\u0103toarea vor avea o amprent\u0103 bun\u0103 asupra viitorului Andreei.\u201d<\/p>\n<cite>Marc Ionela, p\u0103rinte<\/cite><\/blockquote>\n\n\n\n<blockquote class=\"wp-block-quote is-layout-flow wp-block-quote-is-layout-flow\">\n<p>\u201e\u0218coala Waldorf este calea copiilor no\u0219tri. \u0218i m-am sim\u021bit d\u0103ruit\u0103 cu un dasc\u0103l pentru fiul meu, a\u0219a cum e\u0219ti tu, \u0219i am \u00eembr\u0103\u021bi\u0219at g\u00e2ndul acesta cu mult\u0103 recuno\u0219tin\u021b\u0103.<\/p>\n\n\n\n<p>Din toat\u0103 \u00eentrevederea a lipsit manifestarea g\u00e2ndului nostru, al p\u0103rin\u021bilor, de mul\u021bumire pentru tot ce faci cu copiii \u0219i \u00eendemnul de a ne r\u0103m\u00e2ne lumini\u021ba Waldorf pe calea pe care am pornit.<\/p>\n\n\n\n<p>V\u0103z\u00e2ndu-te la ateliere, la activit\u0103\u021bile extra curriculare, la&nbsp; lec\u021biile din gradina urban\u0103, \u00een sal\u0103 cu elevii \u0219i la \u00eentrevederile individuale, sunt \u00eencredin\u021bat\u0103 c\u0103 faci ceea ce \u00ee\u021bi este dat s\u0103 faci, tr\u0103indu-\u021bi menirea, \u00een armonie cu tine \u0219i cu cei din jur. \u0218i \u00eendr\u0103znesc s\u0103 cred c\u0103 tot ceea ce parcurge \u00een prezent \u0218coala Waldorf, cadrele didactice, copiii \u0219i p\u0103rin\u021bii sunt pentru cre\u0219terea noastr\u0103 frumoas\u0103, con\u0219tien\u021bi de darul primit, valoriz\u00e2nd fiecare experien\u021b\u0103 formatoare a copiilor no\u0219tri, ghida\u021bi de un \u00eenv\u0103\u021b\u0103tor devotat \u0219i h\u0103ruit.<\/p>\n\n\n\n<p>Va \u00eendemn pe fiecare s\u0103 r\u0103m\u00e2nem pe cale, cu n\u0103dejde \u0219i credin\u021b\u0103 c\u0103 soarele va r\u0103s\u0103ri din nou dup\u0103 furtun\u0103!\u201d<\/p>\n<cite>Cofan Sorina, p\u0103rinte<\/cite><\/blockquote>\n\n\n\n<figure class=\"wp-block-gallery has-nested-images columns-default is-cropped wp-block-gallery-2 is-layout-flex wp-block-gallery-is-layout-flex\">\n<figure class=\"wp-block-image size-large\"><a href=\"https:\/\/urbeamea.ro\/albaiulia\/wp-content\/uploads\/2024\/01\/4-2.jpg\"><img loading=\"lazy\" decoding=\"async\" width=\"768\" height=\"1024\" data-id=\"110164\" src=\"https:\/\/urbeamea.ro\/albaiulia\/wp-content\/uploads\/2024\/01\/4-2.jpg\" alt=\"\" class=\"wp-image-110164\" srcset=\"https:\/\/urbeamea.ro\/albaiulia\/wp-content\/uploads\/2024\/01\/4-2.jpg 768w, https:\/\/urbeamea.ro\/albaiulia\/wp-content\/uploads\/2024\/01\/4-2-480x640.jpg 480w, https:\/\/urbeamea.ro\/albaiulia\/wp-content\/uploads\/2024\/01\/4-2-113x150.jpg 113w\" sizes=\"auto, (max-width: 768px) 100vw, 768px\" \/><\/a><\/figure>\n\n\n\n<figure class=\"wp-block-image size-large\"><a href=\"https:\/\/urbeamea.ro\/albaiulia\/wp-content\/uploads\/2024\/01\/6-2.jpg\"><img loading=\"lazy\" decoding=\"async\" width=\"768\" height=\"1024\" data-id=\"110162\" src=\"https:\/\/urbeamea.ro\/albaiulia\/wp-content\/uploads\/2024\/01\/6-2.jpg\" alt=\"\" class=\"wp-image-110162\" srcset=\"https:\/\/urbeamea.ro\/albaiulia\/wp-content\/uploads\/2024\/01\/6-2.jpg 768w, https:\/\/urbeamea.ro\/albaiulia\/wp-content\/uploads\/2024\/01\/6-2-480x640.jpg 480w, https:\/\/urbeamea.ro\/albaiulia\/wp-content\/uploads\/2024\/01\/6-2-113x150.jpg 113w\" sizes=\"auto, (max-width: 768px) 100vw, 768px\" \/><\/a><\/figure>\n\n\n\n<figure class=\"wp-block-image size-large\"><a href=\"https:\/\/urbeamea.ro\/albaiulia\/wp-content\/uploads\/2024\/01\/5-2.jpg\"><img loading=\"lazy\" decoding=\"async\" width=\"1024\" height=\"768\" data-id=\"110161\" src=\"https:\/\/urbeamea.ro\/albaiulia\/wp-content\/uploads\/2024\/01\/5-2.jpg\" alt=\"\" class=\"wp-image-110161\" srcset=\"https:\/\/urbeamea.ro\/albaiulia\/wp-content\/uploads\/2024\/01\/5-2.jpg 1024w, https:\/\/urbeamea.ro\/albaiulia\/wp-content\/uploads\/2024\/01\/5-2-640x480.jpg 640w, https:\/\/urbeamea.ro\/albaiulia\/wp-content\/uploads\/2024\/01\/5-2-150x113.jpg 150w, https:\/\/urbeamea.ro\/albaiulia\/wp-content\/uploads\/2024\/01\/5-2-768x576.jpg 768w\" sizes=\"auto, (max-width: 1024px) 100vw, 1024px\" \/><\/a><\/figure>\n\n\n\n<figure class=\"wp-block-image size-large\"><a href=\"https:\/\/urbeamea.ro\/albaiulia\/wp-content\/uploads\/2024\/01\/8-1.jpg\"><img loading=\"lazy\" decoding=\"async\" width=\"768\" height=\"1024\" data-id=\"110160\" src=\"https:\/\/urbeamea.ro\/albaiulia\/wp-content\/uploads\/2024\/01\/8-1.jpg\" alt=\"\" class=\"wp-image-110160\" srcset=\"https:\/\/urbeamea.ro\/albaiulia\/wp-content\/uploads\/2024\/01\/8-1.jpg 768w, https:\/\/urbeamea.ro\/albaiulia\/wp-content\/uploads\/2024\/01\/8-1-480x640.jpg 480w, https:\/\/urbeamea.ro\/albaiulia\/wp-content\/uploads\/2024\/01\/8-1-113x150.jpg 113w\" sizes=\"auto, (max-width: 768px) 100vw, 768px\" \/><\/a><\/figure>\n\n\n\n<figure class=\"wp-block-image size-large\"><a href=\"https:\/\/urbeamea.ro\/albaiulia\/wp-content\/uploads\/2024\/01\/7-1.jpg\"><img loading=\"lazy\" decoding=\"async\" width=\"768\" height=\"1024\" data-id=\"110159\" src=\"https:\/\/urbeamea.ro\/albaiulia\/wp-content\/uploads\/2024\/01\/7-1.jpg\" alt=\"\" class=\"wp-image-110159\" srcset=\"https:\/\/urbeamea.ro\/albaiulia\/wp-content\/uploads\/2024\/01\/7-1.jpg 768w, https:\/\/urbeamea.ro\/albaiulia\/wp-content\/uploads\/2024\/01\/7-1-480x640.jpg 480w, https:\/\/urbeamea.ro\/albaiulia\/wp-content\/uploads\/2024\/01\/7-1-113x150.jpg 113w\" sizes=\"auto, (max-width: 768px) 100vw, 768px\" \/><\/a><\/figure>\n\n\n\n<figure class=\"wp-block-image size-large\"><a href=\"https:\/\/urbeamea.ro\/albaiulia\/wp-content\/uploads\/2024\/01\/10-1.jpg\"><img loading=\"lazy\" decoding=\"async\" width=\"768\" height=\"1024\" data-id=\"110158\" src=\"https:\/\/urbeamea.ro\/albaiulia\/wp-content\/uploads\/2024\/01\/10-1.jpg\" alt=\"\" class=\"wp-image-110158\" srcset=\"https:\/\/urbeamea.ro\/albaiulia\/wp-content\/uploads\/2024\/01\/10-1.jpg 768w, https:\/\/urbeamea.ro\/albaiulia\/wp-content\/uploads\/2024\/01\/10-1-480x640.jpg 480w, https:\/\/urbeamea.ro\/albaiulia\/wp-content\/uploads\/2024\/01\/10-1-113x150.jpg 113w\" sizes=\"auto, (max-width: 768px) 100vw, 768px\" \/><\/a><\/figure>\n\n\n\n<figure class=\"wp-block-image size-large\"><a href=\"https:\/\/urbeamea.ro\/albaiulia\/wp-content\/uploads\/2024\/01\/9-1.jpg\"><img loading=\"lazy\" decoding=\"async\" width=\"768\" height=\"1024\" data-id=\"110157\" src=\"https:\/\/urbeamea.ro\/albaiulia\/wp-content\/uploads\/2024\/01\/9-1.jpg\" alt=\"\" class=\"wp-image-110157\" srcset=\"https:\/\/urbeamea.ro\/albaiulia\/wp-content\/uploads\/2024\/01\/9-1.jpg 768w, https:\/\/urbeamea.ro\/albaiulia\/wp-content\/uploads\/2024\/01\/9-1-480x640.jpg 480w, https:\/\/urbeamea.ro\/albaiulia\/wp-content\/uploads\/2024\/01\/9-1-113x150.jpg 113w\" sizes=\"auto, (max-width: 768px) 100vw, 768px\" \/><\/a><\/figure>\n\n\n\n<figure class=\"wp-block-image size-large\"><a href=\"https:\/\/urbeamea.ro\/albaiulia\/wp-content\/uploads\/2024\/01\/13-1.jpg\"><img loading=\"lazy\" decoding=\"async\" width=\"768\" height=\"1024\" data-id=\"110155\" src=\"https:\/\/urbeamea.ro\/albaiulia\/wp-content\/uploads\/2024\/01\/13-1.jpg\" alt=\"\" class=\"wp-image-110155\" srcset=\"https:\/\/urbeamea.ro\/albaiulia\/wp-content\/uploads\/2024\/01\/13-1.jpg 768w, https:\/\/urbeamea.ro\/albaiulia\/wp-content\/uploads\/2024\/01\/13-1-480x640.jpg 480w, https:\/\/urbeamea.ro\/albaiulia\/wp-content\/uploads\/2024\/01\/13-1-113x150.jpg 113w\" sizes=\"auto, (max-width: 768px) 100vw, 768px\" \/><\/a><\/figure>\n\n\n\n<figure class=\"wp-block-image size-large\"><a href=\"https:\/\/urbeamea.ro\/albaiulia\/wp-content\/uploads\/2024\/01\/12-1.jpg\"><img loading=\"lazy\" decoding=\"async\" width=\"768\" height=\"1024\" data-id=\"110154\" src=\"https:\/\/urbeamea.ro\/albaiulia\/wp-content\/uploads\/2024\/01\/12-1.jpg\" alt=\"\" class=\"wp-image-110154\" srcset=\"https:\/\/urbeamea.ro\/albaiulia\/wp-content\/uploads\/2024\/01\/12-1.jpg 768w, https:\/\/urbeamea.ro\/albaiulia\/wp-content\/uploads\/2024\/01\/12-1-480x640.jpg 480w, https:\/\/urbeamea.ro\/albaiulia\/wp-content\/uploads\/2024\/01\/12-1-113x150.jpg 113w\" sizes=\"auto, (max-width: 768px) 100vw, 768px\" \/><\/a><\/figure>\n\n\n\n<figure class=\"wp-block-image size-large\"><a href=\"https:\/\/urbeamea.ro\/albaiulia\/wp-content\/uploads\/2024\/01\/1-2.jpg\"><img loading=\"lazy\" decoding=\"async\" width=\"768\" height=\"1024\" data-id=\"110136\" src=\"https:\/\/urbeamea.ro\/albaiulia\/wp-content\/uploads\/2024\/01\/1-2.jpg\" alt=\"\" class=\"wp-image-110136\" srcset=\"https:\/\/urbeamea.ro\/albaiulia\/wp-content\/uploads\/2024\/01\/1-2.jpg 768w, https:\/\/urbeamea.ro\/albaiulia\/wp-content\/uploads\/2024\/01\/1-2-480x640.jpg 480w, https:\/\/urbeamea.ro\/albaiulia\/wp-content\/uploads\/2024\/01\/1-2-113x150.jpg 113w\" sizes=\"auto, (max-width: 768px) 100vw, 768px\" \/><\/a><\/figure>\n\n\n\n<figure class=\"wp-block-image size-large\"><a href=\"https:\/\/urbeamea.ro\/albaiulia\/wp-content\/uploads\/2024\/01\/30-1.jpg\"><img loading=\"lazy\" decoding=\"async\" width=\"1024\" height=\"768\" data-id=\"110137\" src=\"https:\/\/urbeamea.ro\/albaiulia\/wp-content\/uploads\/2024\/01\/30-1.jpg\" alt=\"\" class=\"wp-image-110137\" srcset=\"https:\/\/urbeamea.ro\/albaiulia\/wp-content\/uploads\/2024\/01\/30-1.jpg 1024w, https:\/\/urbeamea.ro\/albaiulia\/wp-content\/uploads\/2024\/01\/30-1-640x480.jpg 640w, https:\/\/urbeamea.ro\/albaiulia\/wp-content\/uploads\/2024\/01\/30-1-150x113.jpg 150w, https:\/\/urbeamea.ro\/albaiulia\/wp-content\/uploads\/2024\/01\/30-1-768x576.jpg 768w\" sizes=\"auto, (max-width: 1024px) 100vw, 1024px\" \/><\/a><\/figure>\n\n\n\n<figure class=\"wp-block-image size-large\"><a href=\"https:\/\/urbeamea.ro\/albaiulia\/wp-content\/uploads\/2024\/01\/28-1.jpg\"><img loading=\"lazy\" decoding=\"async\" width=\"1024\" height=\"768\" data-id=\"110138\" src=\"https:\/\/urbeamea.ro\/albaiulia\/wp-content\/uploads\/2024\/01\/28-1.jpg\" alt=\"\" class=\"wp-image-110138\" srcset=\"https:\/\/urbeamea.ro\/albaiulia\/wp-content\/uploads\/2024\/01\/28-1.jpg 1024w, https:\/\/urbeamea.ro\/albaiulia\/wp-content\/uploads\/2024\/01\/28-1-640x480.jpg 640w, https:\/\/urbeamea.ro\/albaiulia\/wp-content\/uploads\/2024\/01\/28-1-150x113.jpg 150w, https:\/\/urbeamea.ro\/albaiulia\/wp-content\/uploads\/2024\/01\/28-1-768x576.jpg 768w\" sizes=\"auto, (max-width: 1024px) 100vw, 1024px\" \/><\/a><\/figure>\n\n\n\n<figure class=\"wp-block-image size-large\"><a href=\"https:\/\/urbeamea.ro\/albaiulia\/wp-content\/uploads\/2024\/01\/29-1.jpg\"><img loading=\"lazy\" decoding=\"async\" width=\"768\" height=\"1024\" data-id=\"110139\" src=\"https:\/\/urbeamea.ro\/albaiulia\/wp-content\/uploads\/2024\/01\/29-1.jpg\" alt=\"\" class=\"wp-image-110139\" srcset=\"https:\/\/urbeamea.ro\/albaiulia\/wp-content\/uploads\/2024\/01\/29-1.jpg 768w, https:\/\/urbeamea.ro\/albaiulia\/wp-content\/uploads\/2024\/01\/29-1-480x640.jpg 480w, https:\/\/urbeamea.ro\/albaiulia\/wp-content\/uploads\/2024\/01\/29-1-113x150.jpg 113w\" sizes=\"auto, (max-width: 768px) 100vw, 768px\" \/><\/a><\/figure>\n\n\n\n<figure class=\"wp-block-image size-large\"><a href=\"https:\/\/urbeamea.ro\/albaiulia\/wp-content\/uploads\/2024\/01\/27-1.jpg\"><img loading=\"lazy\" decoding=\"async\" width=\"1024\" height=\"768\" data-id=\"110140\" src=\"https:\/\/urbeamea.ro\/albaiulia\/wp-content\/uploads\/2024\/01\/27-1.jpg\" alt=\"\" class=\"wp-image-110140\" srcset=\"https:\/\/urbeamea.ro\/albaiulia\/wp-content\/uploads\/2024\/01\/27-1.jpg 1024w, https:\/\/urbeamea.ro\/albaiulia\/wp-content\/uploads\/2024\/01\/27-1-640x480.jpg 640w, https:\/\/urbeamea.ro\/albaiulia\/wp-content\/uploads\/2024\/01\/27-1-150x113.jpg 150w, https:\/\/urbeamea.ro\/albaiulia\/wp-content\/uploads\/2024\/01\/27-1-768x576.jpg 768w\" sizes=\"auto, (max-width: 1024px) 100vw, 1024px\" \/><\/a><\/figure>\n\n\n\n<figure class=\"wp-block-image size-large\"><a href=\"https:\/\/urbeamea.ro\/albaiulia\/wp-content\/uploads\/2024\/01\/24-1.jpg\"><img loading=\"lazy\" decoding=\"async\" width=\"768\" height=\"1024\" data-id=\"110141\" src=\"https:\/\/urbeamea.ro\/albaiulia\/wp-content\/uploads\/2024\/01\/24-1.jpg\" alt=\"\" class=\"wp-image-110141\" srcset=\"https:\/\/urbeamea.ro\/albaiulia\/wp-content\/uploads\/2024\/01\/24-1.jpg 768w, https:\/\/urbeamea.ro\/albaiulia\/wp-content\/uploads\/2024\/01\/24-1-480x640.jpg 480w, https:\/\/urbeamea.ro\/albaiulia\/wp-content\/uploads\/2024\/01\/24-1-113x150.jpg 113w\" sizes=\"auto, (max-width: 768px) 100vw, 768px\" \/><\/a><\/figure>\n\n\n\n<figure class=\"wp-block-image size-large\"><a href=\"https:\/\/urbeamea.ro\/albaiulia\/wp-content\/uploads\/2024\/01\/15-1.jpg\"><img loading=\"lazy\" decoding=\"async\" width=\"768\" height=\"1024\" data-id=\"110153\" src=\"https:\/\/urbeamea.ro\/albaiulia\/wp-content\/uploads\/2024\/01\/15-1.jpg\" alt=\"\" class=\"wp-image-110153\" srcset=\"https:\/\/urbeamea.ro\/albaiulia\/wp-content\/uploads\/2024\/01\/15-1.jpg 768w, https:\/\/urbeamea.ro\/albaiulia\/wp-content\/uploads\/2024\/01\/15-1-480x640.jpg 480w, https:\/\/urbeamea.ro\/albaiulia\/wp-content\/uploads\/2024\/01\/15-1-113x150.jpg 113w\" sizes=\"auto, (max-width: 768px) 100vw, 768px\" \/><\/a><\/figure>\n\n\n\n<figure class=\"wp-block-image size-large\"><a href=\"https:\/\/urbeamea.ro\/albaiulia\/wp-content\/uploads\/2024\/01\/14-1.jpg\"><img loading=\"lazy\" decoding=\"async\" width=\"576\" height=\"1024\" data-id=\"110152\" src=\"https:\/\/urbeamea.ro\/albaiulia\/wp-content\/uploads\/2024\/01\/14-1.jpg\" alt=\"\" class=\"wp-image-110152\" srcset=\"https:\/\/urbeamea.ro\/albaiulia\/wp-content\/uploads\/2024\/01\/14-1.jpg 576w, https:\/\/urbeamea.ro\/albaiulia\/wp-content\/uploads\/2024\/01\/14-1-360x640.jpg 360w, https:\/\/urbeamea.ro\/albaiulia\/wp-content\/uploads\/2024\/01\/14-1-84x150.jpg 84w\" sizes=\"auto, (max-width: 576px) 100vw, 576px\" \/><\/a><\/figure>\n\n\n\n<figure class=\"wp-block-image size-large\"><a href=\"https:\/\/urbeamea.ro\/albaiulia\/wp-content\/uploads\/2024\/01\/16-1.jpg\"><img loading=\"lazy\" decoding=\"async\" width=\"768\" height=\"1024\" data-id=\"110151\" src=\"https:\/\/urbeamea.ro\/albaiulia\/wp-content\/uploads\/2024\/01\/16-1.jpg\" alt=\"\" class=\"wp-image-110151\" srcset=\"https:\/\/urbeamea.ro\/albaiulia\/wp-content\/uploads\/2024\/01\/16-1.jpg 768w, https:\/\/urbeamea.ro\/albaiulia\/wp-content\/uploads\/2024\/01\/16-1-480x640.jpg 480w, https:\/\/urbeamea.ro\/albaiulia\/wp-content\/uploads\/2024\/01\/16-1-113x150.jpg 113w\" sizes=\"auto, (max-width: 768px) 100vw, 768px\" \/><\/a><\/figure>\n\n\n\n<figure class=\"wp-block-image size-large\"><a href=\"https:\/\/urbeamea.ro\/albaiulia\/wp-content\/uploads\/2024\/01\/21-1.jpg\"><img loading=\"lazy\" decoding=\"async\" width=\"768\" height=\"1024\" data-id=\"110150\" src=\"https:\/\/urbeamea.ro\/albaiulia\/wp-content\/uploads\/2024\/01\/21-1.jpg\" alt=\"\" class=\"wp-image-110150\" srcset=\"https:\/\/urbeamea.ro\/albaiulia\/wp-content\/uploads\/2024\/01\/21-1.jpg 768w, https:\/\/urbeamea.ro\/albaiulia\/wp-content\/uploads\/2024\/01\/21-1-480x640.jpg 480w, https:\/\/urbeamea.ro\/albaiulia\/wp-content\/uploads\/2024\/01\/21-1-113x150.jpg 113w\" sizes=\"auto, (max-width: 768px) 100vw, 768px\" \/><\/a><\/figure>\n\n\n\n<figure class=\"wp-block-image size-large\"><a href=\"https:\/\/urbeamea.ro\/albaiulia\/wp-content\/uploads\/2024\/01\/19-1.jpg\"><img loading=\"lazy\" decoding=\"async\" width=\"768\" height=\"1024\" data-id=\"110149\" src=\"https:\/\/urbeamea.ro\/albaiulia\/wp-content\/uploads\/2024\/01\/19-1.jpg\" alt=\"\" class=\"wp-image-110149\" srcset=\"https:\/\/urbeamea.ro\/albaiulia\/wp-content\/uploads\/2024\/01\/19-1.jpg 768w, https:\/\/urbeamea.ro\/albaiulia\/wp-content\/uploads\/2024\/01\/19-1-480x640.jpg 480w, https:\/\/urbeamea.ro\/albaiulia\/wp-content\/uploads\/2024\/01\/19-1-113x150.jpg 113w\" sizes=\"auto, (max-width: 768px) 100vw, 768px\" \/><\/a><\/figure>\n\n\n\n<figure class=\"wp-block-image size-large\"><a href=\"https:\/\/urbeamea.ro\/albaiulia\/wp-content\/uploads\/2024\/01\/18-1.jpg\"><img loading=\"lazy\" decoding=\"async\" width=\"576\" height=\"1024\" data-id=\"110148\" src=\"https:\/\/urbeamea.ro\/albaiulia\/wp-content\/uploads\/2024\/01\/18-1.jpg\" alt=\"\" class=\"wp-image-110148\" srcset=\"https:\/\/urbeamea.ro\/albaiulia\/wp-content\/uploads\/2024\/01\/18-1.jpg 576w, https:\/\/urbeamea.ro\/albaiulia\/wp-content\/uploads\/2024\/01\/18-1-360x640.jpg 360w, https:\/\/urbeamea.ro\/albaiulia\/wp-content\/uploads\/2024\/01\/18-1-84x150.jpg 84w\" sizes=\"auto, (max-width: 576px) 100vw, 576px\" \/><\/a><\/figure>\n\n\n\n<figure class=\"wp-block-image size-large\"><a href=\"https:\/\/urbeamea.ro\/albaiulia\/wp-content\/uploads\/2024\/01\/17-1.jpg\"><img loading=\"lazy\" decoding=\"async\" width=\"768\" height=\"1024\" data-id=\"110147\" src=\"https:\/\/urbeamea.ro\/albaiulia\/wp-content\/uploads\/2024\/01\/17-1.jpg\" alt=\"\" class=\"wp-image-110147\" srcset=\"https:\/\/urbeamea.ro\/albaiulia\/wp-content\/uploads\/2024\/01\/17-1.jpg 768w, https:\/\/urbeamea.ro\/albaiulia\/wp-content\/uploads\/2024\/01\/17-1-480x640.jpg 480w, https:\/\/urbeamea.ro\/albaiulia\/wp-content\/uploads\/2024\/01\/17-1-113x150.jpg 113w\" sizes=\"auto, (max-width: 768px) 100vw, 768px\" \/><\/a><\/figure>\n\n\n\n<figure class=\"wp-block-image size-large\"><a href=\"https:\/\/urbeamea.ro\/albaiulia\/wp-content\/uploads\/2024\/01\/23-1.jpg\"><img loading=\"lazy\" decoding=\"async\" width=\"768\" height=\"1024\" data-id=\"110146\" src=\"https:\/\/urbeamea.ro\/albaiulia\/wp-content\/uploads\/2024\/01\/23-1.jpg\" alt=\"\" class=\"wp-image-110146\" srcset=\"https:\/\/urbeamea.ro\/albaiulia\/wp-content\/uploads\/2024\/01\/23-1.jpg 768w, https:\/\/urbeamea.ro\/albaiulia\/wp-content\/uploads\/2024\/01\/23-1-480x640.jpg 480w, https:\/\/urbeamea.ro\/albaiulia\/wp-content\/uploads\/2024\/01\/23-1-113x150.jpg 113w\" sizes=\"auto, (max-width: 768px) 100vw, 768px\" \/><\/a><\/figure>\n\n\n\n<figure class=\"wp-block-image size-large\"><a href=\"https:\/\/urbeamea.ro\/albaiulia\/wp-content\/uploads\/2024\/01\/20-1.jpg\"><img loading=\"lazy\" decoding=\"async\" width=\"768\" height=\"1024\" data-id=\"110144\" src=\"https:\/\/urbeamea.ro\/albaiulia\/wp-content\/uploads\/2024\/01\/20-1.jpg\" alt=\"\" class=\"wp-image-110144\" srcset=\"https:\/\/urbeamea.ro\/albaiulia\/wp-content\/uploads\/2024\/01\/20-1.jpg 768w, https:\/\/urbeamea.ro\/albaiulia\/wp-content\/uploads\/2024\/01\/20-1-480x640.jpg 480w, https:\/\/urbeamea.ro\/albaiulia\/wp-content\/uploads\/2024\/01\/20-1-113x150.jpg 113w\" sizes=\"auto, (max-width: 768px) 100vw, 768px\" \/><\/a><\/figure>\n\n\n\n<figure class=\"wp-block-image size-large\"><a href=\"https:\/\/urbeamea.ro\/albaiulia\/wp-content\/uploads\/2024\/01\/26-1.jpg\"><img loading=\"lazy\" decoding=\"async\" width=\"768\" height=\"1024\" data-id=\"110143\" src=\"https:\/\/urbeamea.ro\/albaiulia\/wp-content\/uploads\/2024\/01\/26-1.jpg\" alt=\"\" class=\"wp-image-110143\" srcset=\"https:\/\/urbeamea.ro\/albaiulia\/wp-content\/uploads\/2024\/01\/26-1.jpg 768w, https:\/\/urbeamea.ro\/albaiulia\/wp-content\/uploads\/2024\/01\/26-1-480x640.jpg 480w, https:\/\/urbeamea.ro\/albaiulia\/wp-content\/uploads\/2024\/01\/26-1-113x150.jpg 113w\" sizes=\"auto, (max-width: 768px) 100vw, 768px\" \/><\/a><\/figure>\n\n\n\n<figure class=\"wp-block-image size-large\"><a href=\"https:\/\/urbeamea.ro\/albaiulia\/wp-content\/uploads\/2024\/01\/25-1.jpg\"><img loading=\"lazy\" decoding=\"async\" width=\"768\" height=\"1024\" data-id=\"110142\" src=\"https:\/\/urbeamea.ro\/albaiulia\/wp-content\/uploads\/2024\/01\/25-1.jpg\" alt=\"\" class=\"wp-image-110142\" srcset=\"https:\/\/urbeamea.ro\/albaiulia\/wp-content\/uploads\/2024\/01\/25-1.jpg 768w, https:\/\/urbeamea.ro\/albaiulia\/wp-content\/uploads\/2024\/01\/25-1-480x640.jpg 480w, https:\/\/urbeamea.ro\/albaiulia\/wp-content\/uploads\/2024\/01\/25-1-113x150.jpg 113w\" sizes=\"auto, (max-width: 768px) 100vw, 768px\" \/><\/a><\/figure>\n<\/figure>\n","protected":false},"excerpt":{"rendered":"<p>\u201eLucrul meu e terminat \u0219i bun, ce-am \u00eenv\u0103\u021bat s\u0103 se odihneasc\u0103 acum, s\u0103 creasc\u0103 \u0219i s\u0103 se-mplineasc\u0103, \u00een lume s\u0103-nfloreasc\u0103!\u201d \u201eToat\u0103 lumea scoate o foaie de h\u00e2rtie, acum!\u201d, \u201eStai jos, 4 (patru)! Adu carnetul!\u201d \u201eUnde se deschide catalogul, de acolo v\u0103 ascult ast\u0103zi!\u201d Iat\u0103 c\u00e2teva exclama\u021bii care mi-au marcat anii de \u0219coal\u0103, iar senza\u021bia de &hellip;<\/p>\n","protected":false},"author":27,"featured_media":110145,"comment_status":"open","ping_status":"open","sticky":false,"template":"","format":"standard","meta":{"inline_featured_image":false,"footnotes":""},"categories":[812],"tags":[24957,24956],"class_list":["post-110135","post","type-post","status-publish","format-standard","has-post-thumbnail","hentry","category-interviu","tag-scoala-waldorf","tag-waldorf"],"yoast_head":"<!-- This site is optimized with the Yoast SEO plugin v27.4 - https:\/\/yoast.com\/product\/yoast-seo-wordpress\/ -->\n<title>Dup\u0103 5 ani de \u0218coal\u0103 Waldorf \u00een Alba Iulia, p\u0103rin\u021bii solicit\u0103 sprijin pentru continuitate - Revista Urbea Mea - Revista de Alba<\/title>\n<meta name=\"description\" content=\"\u201eLucrul meu e terminat \u0219i bun, ce-am \u00eenv\u0103\u021bat s\u0103 se odihneasc\u0103 acum, s\u0103 creasc\u0103 \u0219i s\u0103 se-mplineasc\u0103, \u00een lume s\u0103-nfloreasc\u0103!\u201d \u201eToat\u0103 lumea scoate o foaie de\" \/>\n<meta name=\"robots\" content=\"index, follow, max-snippet:-1, max-image-preview:large, max-video-preview:-1\" \/>\n<link rel=\"canonical\" href=\"https:\/\/urbeamea.ro\/albaiulia\/dupa-5-ani-de-scoala-waldorf-in-alba-iulia-parintii-solicita-sprijin-pentru-continuitate\/\" \/>\n<meta name=\"twitter:card\" content=\"summary_large_image\" \/>\n<meta name=\"twitter:title\" content=\"Dup\u0103 5 ani de \u0218coal\u0103 Waldorf \u00een Alba Iulia, p\u0103rin\u021bii solicit\u0103 sprijin pentru continuitate - Revista Urbea Mea - Revista de Alba\" \/>\n<meta name=\"twitter:description\" content=\"\u201eLucrul meu e terminat \u0219i bun, ce-am \u00eenv\u0103\u021bat s\u0103 se odihneasc\u0103 acum, s\u0103 creasc\u0103 \u0219i s\u0103 se-mplineasc\u0103, \u00een lume s\u0103-nfloreasc\u0103!\u201d \u201eToat\u0103 lumea scoate o foaie de\" \/>\n<meta name=\"twitter:image\" content=\"https:\/\/urbeamea.ro\/albaiulia\/wp-content\/uploads\/2024\/01\/22-1-e1705566591175.jpg\" \/>\n<meta name=\"twitter:creator\" content=\"@urbeameaweb\" \/>\n<meta name=\"twitter:site\" content=\"@urbeameaweb\" \/>\n<script type=\"application\/ld+json\" class=\"yoast-schema-graph\">{\"@context\":\"https:\\\/\\\/schema.org\",\"@graph\":[{\"@type\":\"Article\",\"@id\":\"https:\\\/\\\/urbeamea.ro\\\/albaiulia\\\/dupa-5-ani-de-scoala-waldorf-in-alba-iulia-parintii-solicita-sprijin-pentru-continuitate\\\/#article\",\"isPartOf\":{\"@id\":\"https:\\\/\\\/urbeamea.ro\\\/albaiulia\\\/dupa-5-ani-de-scoala-waldorf-in-alba-iulia-parintii-solicita-sprijin-pentru-continuitate\\\/\"},\"author\":{\"name\":\"Stoia Daniela\",\"@id\":\"https:\\\/\\\/urbeamea.ro\\\/albaiulia\\\/#\\\/schema\\\/person\\\/91e3c5a380c685aef9f0295ef6449b3c\"},\"headline\":\"Dup\u0103 5 ani de \u0218coal\u0103 Waldorf \u00een Alba Iulia, p\u0103rin\u021bii solicit\u0103 sprijin pentru continuitate\",\"datePublished\":\"2024-01-18T08:28:09+00:00\",\"dateModified\":\"2024-01-18T08:30:03+00:00\",\"mainEntityOfPage\":{\"@id\":\"https:\\\/\\\/urbeamea.ro\\\/albaiulia\\\/dupa-5-ani-de-scoala-waldorf-in-alba-iulia-parintii-solicita-sprijin-pentru-continuitate\\\/\"},\"wordCount\":1794,\"commentCount\":0,\"image\":{\"@id\":\"https:\\\/\\\/urbeamea.ro\\\/albaiulia\\\/dupa-5-ani-de-scoala-waldorf-in-alba-iulia-parintii-solicita-sprijin-pentru-continuitate\\\/#primaryimage\"},\"thumbnailUrl\":\"https:\\\/\\\/urbeamea.ro\\\/albaiulia\\\/wp-content\\\/uploads\\\/2024\\\/01\\\/22-1-e1705566591175.jpg\",\"keywords\":[\"Scoala Waldorf\",\"Waldorf\"],\"articleSection\":[\"Interviuri\"],\"inLanguage\":\"ro-RO\",\"potentialAction\":[{\"@type\":\"CommentAction\",\"name\":\"Comment\",\"target\":[\"https:\\\/\\\/urbeamea.ro\\\/albaiulia\\\/dupa-5-ani-de-scoala-waldorf-in-alba-iulia-parintii-solicita-sprijin-pentru-continuitate\\\/#respond\"]}]},{\"@type\":\"WebPage\",\"@id\":\"https:\\\/\\\/urbeamea.ro\\\/albaiulia\\\/dupa-5-ani-de-scoala-waldorf-in-alba-iulia-parintii-solicita-sprijin-pentru-continuitate\\\/\",\"url\":\"https:\\\/\\\/urbeamea.ro\\\/albaiulia\\\/dupa-5-ani-de-scoala-waldorf-in-alba-iulia-parintii-solicita-sprijin-pentru-continuitate\\\/\",\"name\":\"Dup\u0103 5 ani de \u0218coal\u0103 Waldorf \u00een Alba Iulia, p\u0103rin\u021bii solicit\u0103 sprijin pentru continuitate - Revista Urbea Mea - Revista de Alba\",\"isPartOf\":{\"@id\":\"https:\\\/\\\/urbeamea.ro\\\/albaiulia\\\/#website\"},\"primaryImageOfPage\":{\"@id\":\"https:\\\/\\\/urbeamea.ro\\\/albaiulia\\\/dupa-5-ani-de-scoala-waldorf-in-alba-iulia-parintii-solicita-sprijin-pentru-continuitate\\\/#primaryimage\"},\"image\":{\"@id\":\"https:\\\/\\\/urbeamea.ro\\\/albaiulia\\\/dupa-5-ani-de-scoala-waldorf-in-alba-iulia-parintii-solicita-sprijin-pentru-continuitate\\\/#primaryimage\"},\"thumbnailUrl\":\"https:\\\/\\\/urbeamea.ro\\\/albaiulia\\\/wp-content\\\/uploads\\\/2024\\\/01\\\/22-1-e1705566591175.jpg\",\"datePublished\":\"2024-01-18T08:28:09+00:00\",\"dateModified\":\"2024-01-18T08:30:03+00:00\",\"author\":{\"@id\":\"https:\\\/\\\/urbeamea.ro\\\/albaiulia\\\/#\\\/schema\\\/person\\\/91e3c5a380c685aef9f0295ef6449b3c\"},\"description\":\"\u201eLucrul meu e terminat \u0219i bun, ce-am \u00eenv\u0103\u021bat s\u0103 se odihneasc\u0103 acum, s\u0103 creasc\u0103 \u0219i s\u0103 se-mplineasc\u0103, \u00een lume s\u0103-nfloreasc\u0103!\u201d \u201eToat\u0103 lumea scoate o foaie de\",\"breadcrumb\":{\"@id\":\"https:\\\/\\\/urbeamea.ro\\\/albaiulia\\\/dupa-5-ani-de-scoala-waldorf-in-alba-iulia-parintii-solicita-sprijin-pentru-continuitate\\\/#breadcrumb\"},\"inLanguage\":\"ro-RO\",\"potentialAction\":[{\"@type\":\"ReadAction\",\"target\":[\"https:\\\/\\\/urbeamea.ro\\\/albaiulia\\\/dupa-5-ani-de-scoala-waldorf-in-alba-iulia-parintii-solicita-sprijin-pentru-continuitate\\\/\"]}]},{\"@type\":\"ImageObject\",\"inLanguage\":\"ro-RO\",\"@id\":\"https:\\\/\\\/urbeamea.ro\\\/albaiulia\\\/dupa-5-ani-de-scoala-waldorf-in-alba-iulia-parintii-solicita-sprijin-pentru-continuitate\\\/#primaryimage\",\"url\":\"https:\\\/\\\/urbeamea.ro\\\/albaiulia\\\/wp-content\\\/uploads\\\/2024\\\/01\\\/22-1-e1705566591175.jpg\",\"contentUrl\":\"https:\\\/\\\/urbeamea.ro\\\/albaiulia\\\/wp-content\\\/uploads\\\/2024\\\/01\\\/22-1-e1705566591175.jpg\",\"width\":768,\"height\":769},{\"@type\":\"BreadcrumbList\",\"@id\":\"https:\\\/\\\/urbeamea.ro\\\/albaiulia\\\/dupa-5-ani-de-scoala-waldorf-in-alba-iulia-parintii-solicita-sprijin-pentru-continuitate\\\/#breadcrumb\",\"itemListElement\":[{\"@type\":\"ListItem\",\"position\":1,\"name\":\"Prima pagin\u0103\",\"item\":\"https:\\\/\\\/urbeamea.ro\\\/albaiulia\\\/\"},{\"@type\":\"ListItem\",\"position\":2,\"name\":\"Dup\u0103 5 ani de \u0218coal\u0103 Waldorf \u00een Alba Iulia, p\u0103rin\u021bii solicit\u0103 sprijin pentru continuitate\"}]},{\"@type\":\"WebSite\",\"@id\":\"https:\\\/\\\/urbeamea.ro\\\/albaiulia\\\/#website\",\"url\":\"https:\\\/\\\/urbeamea.ro\\\/albaiulia\\\/\",\"name\":\"Revista Urbea Mea, Stiri urbane\",\"description\":\"Evenimente \u0219i \u0219tiri din Alba Iulia, Sebe\u0219, Aiud, Blaj\",\"potentialAction\":[{\"@type\":\"SearchAction\",\"target\":{\"@type\":\"EntryPoint\",\"urlTemplate\":\"https:\\\/\\\/urbeamea.ro\\\/albaiulia\\\/?s={search_term_string}\"},\"query-input\":{\"@type\":\"PropertyValueSpecification\",\"valueRequired\":true,\"valueName\":\"search_term_string\"}}],\"inLanguage\":\"ro-RO\"},{\"@type\":\"Person\",\"@id\":\"https:\\\/\\\/urbeamea.ro\\\/albaiulia\\\/#\\\/schema\\\/person\\\/91e3c5a380c685aef9f0295ef6449b3c\",\"name\":\"Stoia Daniela\",\"image\":{\"@type\":\"ImageObject\",\"inLanguage\":\"ro-RO\",\"@id\":\"https:\\\/\\\/secure.gravatar.com\\\/avatar\\\/5aaf6eef20c2b497aa6b10eb1d0ea3e79b9229f0518d4c68b0fe81d133d3c8ca?s=96&d=mm&r=g\",\"url\":\"https:\\\/\\\/secure.gravatar.com\\\/avatar\\\/5aaf6eef20c2b497aa6b10eb1d0ea3e79b9229f0518d4c68b0fe81d133d3c8ca?s=96&d=mm&r=g\",\"contentUrl\":\"https:\\\/\\\/secure.gravatar.com\\\/avatar\\\/5aaf6eef20c2b497aa6b10eb1d0ea3e79b9229f0518d4c68b0fe81d133d3c8ca?s=96&d=mm&r=g\",\"caption\":\"Stoia Daniela\"},\"url\":\"https:\\\/\\\/urbeamea.ro\\\/albaiulia\\\/author\\\/daniela-stoia\\\/\"}]}<\/script>\n<!-- \/ Yoast SEO plugin. -->","yoast_head_json":{"title":"Dup\u0103 5 ani de \u0218coal\u0103 Waldorf \u00een Alba Iulia, p\u0103rin\u021bii solicit\u0103 sprijin pentru continuitate - Revista Urbea Mea - Revista de Alba","description":"\u201eLucrul meu e terminat \u0219i bun, ce-am \u00eenv\u0103\u021bat s\u0103 se odihneasc\u0103 acum, s\u0103 creasc\u0103 \u0219i s\u0103 se-mplineasc\u0103, \u00een lume s\u0103-nfloreasc\u0103!\u201d \u201eToat\u0103 lumea scoate o foaie de","robots":{"index":"index","follow":"follow","max-snippet":"max-snippet:-1","max-image-preview":"max-image-preview:large","max-video-preview":"max-video-preview:-1"},"canonical":"https:\/\/urbeamea.ro\/albaiulia\/dupa-5-ani-de-scoala-waldorf-in-alba-iulia-parintii-solicita-sprijin-pentru-continuitate\/","twitter_card":"summary_large_image","twitter_title":"Dup\u0103 5 ani de \u0218coal\u0103 Waldorf \u00een Alba Iulia, p\u0103rin\u021bii solicit\u0103 sprijin pentru continuitate - Revista Urbea Mea - Revista de Alba","twitter_description":"\u201eLucrul meu e terminat \u0219i bun, ce-am \u00eenv\u0103\u021bat s\u0103 se odihneasc\u0103 acum, s\u0103 creasc\u0103 \u0219i s\u0103 se-mplineasc\u0103, \u00een lume s\u0103-nfloreasc\u0103!\u201d \u201eToat\u0103 lumea scoate o foaie de","twitter_image":"https:\/\/urbeamea.ro\/albaiulia\/wp-content\/uploads\/2024\/01\/22-1-e1705566591175.jpg","twitter_creator":"@urbeameaweb","twitter_site":"@urbeameaweb","schema":{"@context":"https:\/\/schema.org","@graph":[{"@type":"Article","@id":"https:\/\/urbeamea.ro\/albaiulia\/dupa-5-ani-de-scoala-waldorf-in-alba-iulia-parintii-solicita-sprijin-pentru-continuitate\/#article","isPartOf":{"@id":"https:\/\/urbeamea.ro\/albaiulia\/dupa-5-ani-de-scoala-waldorf-in-alba-iulia-parintii-solicita-sprijin-pentru-continuitate\/"},"author":{"name":"Stoia Daniela","@id":"https:\/\/urbeamea.ro\/albaiulia\/#\/schema\/person\/91e3c5a380c685aef9f0295ef6449b3c"},"headline":"Dup\u0103 5 ani de \u0218coal\u0103 Waldorf \u00een Alba Iulia, p\u0103rin\u021bii solicit\u0103 sprijin pentru continuitate","datePublished":"2024-01-18T08:28:09+00:00","dateModified":"2024-01-18T08:30:03+00:00","mainEntityOfPage":{"@id":"https:\/\/urbeamea.ro\/albaiulia\/dupa-5-ani-de-scoala-waldorf-in-alba-iulia-parintii-solicita-sprijin-pentru-continuitate\/"},"wordCount":1794,"commentCount":0,"image":{"@id":"https:\/\/urbeamea.ro\/albaiulia\/dupa-5-ani-de-scoala-waldorf-in-alba-iulia-parintii-solicita-sprijin-pentru-continuitate\/#primaryimage"},"thumbnailUrl":"https:\/\/urbeamea.ro\/albaiulia\/wp-content\/uploads\/2024\/01\/22-1-e1705566591175.jpg","keywords":["Scoala Waldorf","Waldorf"],"articleSection":["Interviuri"],"inLanguage":"ro-RO","potentialAction":[{"@type":"CommentAction","name":"Comment","target":["https:\/\/urbeamea.ro\/albaiulia\/dupa-5-ani-de-scoala-waldorf-in-alba-iulia-parintii-solicita-sprijin-pentru-continuitate\/#respond"]}]},{"@type":"WebPage","@id":"https:\/\/urbeamea.ro\/albaiulia\/dupa-5-ani-de-scoala-waldorf-in-alba-iulia-parintii-solicita-sprijin-pentru-continuitate\/","url":"https:\/\/urbeamea.ro\/albaiulia\/dupa-5-ani-de-scoala-waldorf-in-alba-iulia-parintii-solicita-sprijin-pentru-continuitate\/","name":"Dup\u0103 5 ani de \u0218coal\u0103 Waldorf \u00een Alba Iulia, p\u0103rin\u021bii solicit\u0103 sprijin pentru continuitate - Revista Urbea Mea - Revista de Alba","isPartOf":{"@id":"https:\/\/urbeamea.ro\/albaiulia\/#website"},"primaryImageOfPage":{"@id":"https:\/\/urbeamea.ro\/albaiulia\/dupa-5-ani-de-scoala-waldorf-in-alba-iulia-parintii-solicita-sprijin-pentru-continuitate\/#primaryimage"},"image":{"@id":"https:\/\/urbeamea.ro\/albaiulia\/dupa-5-ani-de-scoala-waldorf-in-alba-iulia-parintii-solicita-sprijin-pentru-continuitate\/#primaryimage"},"thumbnailUrl":"https:\/\/urbeamea.ro\/albaiulia\/wp-content\/uploads\/2024\/01\/22-1-e1705566591175.jpg","datePublished":"2024-01-18T08:28:09+00:00","dateModified":"2024-01-18T08:30:03+00:00","author":{"@id":"https:\/\/urbeamea.ro\/albaiulia\/#\/schema\/person\/91e3c5a380c685aef9f0295ef6449b3c"},"description":"\u201eLucrul meu e terminat \u0219i bun, ce-am \u00eenv\u0103\u021bat s\u0103 se odihneasc\u0103 acum, s\u0103 creasc\u0103 \u0219i s\u0103 se-mplineasc\u0103, \u00een lume s\u0103-nfloreasc\u0103!\u201d \u201eToat\u0103 lumea scoate o foaie de","breadcrumb":{"@id":"https:\/\/urbeamea.ro\/albaiulia\/dupa-5-ani-de-scoala-waldorf-in-alba-iulia-parintii-solicita-sprijin-pentru-continuitate\/#breadcrumb"},"inLanguage":"ro-RO","potentialAction":[{"@type":"ReadAction","target":["https:\/\/urbeamea.ro\/albaiulia\/dupa-5-ani-de-scoala-waldorf-in-alba-iulia-parintii-solicita-sprijin-pentru-continuitate\/"]}]},{"@type":"ImageObject","inLanguage":"ro-RO","@id":"https:\/\/urbeamea.ro\/albaiulia\/dupa-5-ani-de-scoala-waldorf-in-alba-iulia-parintii-solicita-sprijin-pentru-continuitate\/#primaryimage","url":"https:\/\/urbeamea.ro\/albaiulia\/wp-content\/uploads\/2024\/01\/22-1-e1705566591175.jpg","contentUrl":"https:\/\/urbeamea.ro\/albaiulia\/wp-content\/uploads\/2024\/01\/22-1-e1705566591175.jpg","width":768,"height":769},{"@type":"BreadcrumbList","@id":"https:\/\/urbeamea.ro\/albaiulia\/dupa-5-ani-de-scoala-waldorf-in-alba-iulia-parintii-solicita-sprijin-pentru-continuitate\/#breadcrumb","itemListElement":[{"@type":"ListItem","position":1,"name":"Prima pagin\u0103","item":"https:\/\/urbeamea.ro\/albaiulia\/"},{"@type":"ListItem","position":2,"name":"Dup\u0103 5 ani de \u0218coal\u0103 Waldorf \u00een Alba Iulia, p\u0103rin\u021bii solicit\u0103 sprijin pentru continuitate"}]},{"@type":"WebSite","@id":"https:\/\/urbeamea.ro\/albaiulia\/#website","url":"https:\/\/urbeamea.ro\/albaiulia\/","name":"Revista Urbea Mea, Stiri urbane","description":"Evenimente \u0219i \u0219tiri din Alba Iulia, Sebe\u0219, Aiud, Blaj","potentialAction":[{"@type":"SearchAction","target":{"@type":"EntryPoint","urlTemplate":"https:\/\/urbeamea.ro\/albaiulia\/?s={search_term_string}"},"query-input":{"@type":"PropertyValueSpecification","valueRequired":true,"valueName":"search_term_string"}}],"inLanguage":"ro-RO"},{"@type":"Person","@id":"https:\/\/urbeamea.ro\/albaiulia\/#\/schema\/person\/91e3c5a380c685aef9f0295ef6449b3c","name":"Stoia Daniela","image":{"@type":"ImageObject","inLanguage":"ro-RO","@id":"https:\/\/secure.gravatar.com\/avatar\/5aaf6eef20c2b497aa6b10eb1d0ea3e79b9229f0518d4c68b0fe81d133d3c8ca?s=96&d=mm&r=g","url":"https:\/\/secure.gravatar.com\/avatar\/5aaf6eef20c2b497aa6b10eb1d0ea3e79b9229f0518d4c68b0fe81d133d3c8ca?s=96&d=mm&r=g","contentUrl":"https:\/\/secure.gravatar.com\/avatar\/5aaf6eef20c2b497aa6b10eb1d0ea3e79b9229f0518d4c68b0fe81d133d3c8ca?s=96&d=mm&r=g","caption":"Stoia Daniela"},"url":"https:\/\/urbeamea.ro\/albaiulia\/author\/daniela-stoia\/"}]}},"_links":{"self":[{"href":"https:\/\/urbeamea.ro\/albaiulia\/wp-json\/wp\/v2\/posts\/110135","targetHints":{"allow":["GET"]}}],"collection":[{"href":"https:\/\/urbeamea.ro\/albaiulia\/wp-json\/wp\/v2\/posts"}],"about":[{"href":"https:\/\/urbeamea.ro\/albaiulia\/wp-json\/wp\/v2\/types\/post"}],"author":[{"embeddable":true,"href":"https:\/\/urbeamea.ro\/albaiulia\/wp-json\/wp\/v2\/users\/27"}],"replies":[{"embeddable":true,"href":"https:\/\/urbeamea.ro\/albaiulia\/wp-json\/wp\/v2\/comments?post=110135"}],"version-history":[{"count":1,"href":"https:\/\/urbeamea.ro\/albaiulia\/wp-json\/wp\/v2\/posts\/110135\/revisions"}],"predecessor-version":[{"id":110166,"href":"https:\/\/urbeamea.ro\/albaiulia\/wp-json\/wp\/v2\/posts\/110135\/revisions\/110166"}],"wp:featuredmedia":[{"embeddable":true,"href":"https:\/\/urbeamea.ro\/albaiulia\/wp-json\/wp\/v2\/media\/110145"}],"wp:attachment":[{"href":"https:\/\/urbeamea.ro\/albaiulia\/wp-json\/wp\/v2\/media?parent=110135"}],"wp:term":[{"taxonomy":"category","embeddable":true,"href":"https:\/\/urbeamea.ro\/albaiulia\/wp-json\/wp\/v2\/categories?post=110135"},{"taxonomy":"post_tag","embeddable":true,"href":"https:\/\/urbeamea.ro\/albaiulia\/wp-json\/wp\/v2\/tags?post=110135"}],"curies":[{"name":"wp","href":"https:\/\/api.w.org\/{rel}","templated":true}]}}